{"id":871600,"date":"2019-06-15T16:54:14","date_gmt":"2019-06-15T15:54:14","guid":{"rendered":"https:\/\/www.pressenza.com\/?p=871600"},"modified":"2019-06-15T16:54:14","modified_gmt":"2019-06-15T15:54:14","slug":"un-derecho-no-es-negocio-sostiene-la-coalicion-por-una-comunicacion-democratica-cordoba-en-un-pronunciamiento","status":"publish","type":"post","link":"https:\/\/www.pressenza.com\/es\/2019\/06\/un-derecho-no-es-negocio-sostiene-la-coalicion-por-una-comunicacion-democratica-cordoba-en-un-pronunciamiento\/","title":{"rendered":"\u00abUn Derecho no es negocio\u00bb sostiene la Coalici\u00f3n por una Comunicaci\u00f3n Democr\u00e1tica C\u00f3rdoba en un pronunciamiento"},"content":{"rendered":"<h5><em>La Coalici\u00f3n por una Comunicaci\u00f3n Democr\u00e1tica C\u00f3rdoba se reuni\u00f3 este jueves 13 de junio y convoc\u00f3 a un foro plural para analizar la actual situaci\u00f3n de la democracia comunicacional. <\/em><\/h5>\n<p>Con la presencia de representantes e integrantes de Radio La Ronda-FARCO, Radio Sur-FARCO, Radio El Brote-FARCO, Colectivo M\u00e1s Democracia, Facultad de Ciencias de la Comunicaci\u00f3n &#8211; UNC, el Centro de Estudios Avanzados de la Facultad de Ciencias Sociales (CEA)- UNC, Radio La Ranchada-FARCO, Radio Villanos-FARCO, Pressenza Agencia Internacional de Noticias y el Dr. Miguel Rodr\u00edguez Villafa\u00f1e, entre otrxs, sesi\u00f3no la Coalici\u00f3n por una Comunicaci\u00f3n Democr\u00e1tica C\u00f3rdoba.<\/p>\n<p>Entre las decisiones tomada por los part\u00edcipes figura la convocatoria a un foro de di\u00e1logo para el d\u00eda 4 de julio a las 15.30 hs. en Cecopal. Av. Col\u00f3n 1141 bajo el t\u00edtulo \u00abUn derecho no es negocio. Coalici\u00f3n por una Comunicaci\u00f3n Democr\u00e1tica C\u00f3rdoba.\u00bb<\/p>\n<p>El foro tiene por objetivo intercambiar opiniones sobre la situaci\u00f3n de la democracia comunicacional en la coyuntura actual y elaborar un pronunciamiento a ser presentado en la reuni\u00f3n nacional de la CCD el pr\u00f3ximo 13 de julio.<\/p>\n<p>Al mismo se invitar\u00e1 a distintos actores y colectivos de la ciudadan\u00eda: movimiento cooperativo, legisladores, sectores sociales, pol\u00edticos, periodistas, comunicadores\/as, sindicatos, movimientos territoriales, estudiantiles, etc.<\/p>\n<p>La CCDC reafirma el derecho a la comunicaci\u00f3n y las pol\u00edticas p\u00fablicas en materia de derecho a la comunicaci\u00f3n logradas, de las cuales no debe\u00a0 haber retrocesos alguno. A su vez reclama el reconocimiento inmediato de las licencias en zonas de conflicto y las solicitadas en en el marco de la ley.<\/p>\n<p>La CCDC sostiene que la comunicaci\u00f3n es un derecho humano esencial que no puede ni debe ser relativizado. En Argentina se dieron pasos fundamentales en ese aspecto, de los que no cabe retroceder por el principio de progresividad, aplicable en materia de derechos humanos.<\/p>\n<p>Asimismo, reclama el deber del Estado de garantizar la democratizaci\u00f3n de la palabra desde una presencia federal\u00a0de las opiniones e ideas, que respete a la ciudadan\u00eda con sus propios tiempos y espacios. Precisa adem\u00e1s que debe ser preservado y defendido el derecho y legitimidad de las organizaciones libres del pueblo a la propiedad, y gesti\u00f3n de medios de comunicaci\u00f3n, consagrado en la Ley 26522 y en experiencias de comunicaci\u00f3n popular de m\u00e1s de 30 a\u00f1os de vigencia.<\/p>\n<p>Por \u00faltimo brega por el sentido federal en el proceso de democratizaci\u00f3n de la palabra y la comunicaci\u00f3n inclusiva con perspectiva de g\u00e9neros ante el nuevo panorama de producci\u00f3n, construcci\u00f3n, disputa de sentidos y\u00a0consumo en la nueva era digital.<\/p>\n<h5><em>\u00a0\u00a0<\/em><\/h5>\n","protected":false},"excerpt":{"rendered":"<p>La Coalici\u00f3n por una Comunicaci\u00f3n Democr\u00e1tica C\u00f3rdoba se reuni\u00f3 este jueves 13 de junio y convoc\u00f3 a un foro plural para analizar la actual situaci\u00f3n de la democracia comunicacional. Con la presencia de representantes e integrantes de Radio La Ronda-FARCO,&hellip;<\/p>\n","protected":false},"author":970,"featured_media":871602,"comment_status":"closed","ping_status":"closed","sticky":false,"template":"","format":"standard","meta":{"footnotes":""},"categories":[11389,75,79,67],"tags":[26091,23800,59796],"class_list":["post-871600","post","type-post","status-publish","format-standard","has-post-thumbnail","hentry","category-contenido-original","category-cultura-es","category-derechos-humanos","category-sudamerica","tag-coalicion-por-la-comunicacion-democratica","tag-comunicacion-democratica","tag-democratizacion-de-la-palabra"],"yoast_head":"<!-- This site is optimized with the Yoast SEO plugin v27.1.1 - https:\/\/yoast.com\/product\/yoast-seo-wordpress\/ -->\n<title>&quot;Un Derecho no es negocio&quot; sostiene la Coalici\u00f3n por una Comunicaci\u00f3n Democr\u00e1tica C\u00f3rdoba en un pronunciamiento<\/title>\n<meta name=\"description\" content=\"La Coalici\u00f3n por una Comunicaci\u00f3n Democr\u00e1tica C\u00f3rdoba se reuni\u00f3 este jueves 13 de junio y convoc\u00f3 a un foro plural para analizar la actual situaci\u00f3n de la\" \/>\n<meta name=\"robots\" content=\"index, follow, max-snippet:-1, max-image-preview:large, max-video-preview:-1\" \/>\n<link rel=\"canonical\" href=\"https:\/\/www.pressenza.com\/es\/2019\/06\/un-derecho-no-es-negocio-sostiene-la-coalicion-por-una-comunicacion-democratica-cordoba-en-un-pronunciamiento\/\" \/>\n<meta property=\"og:locale\" content=\"es_ES\" \/>\n<meta property=\"og:type\" content=\"article\" \/>\n<meta property=\"og:title\" content=\"&quot;Un Derecho no es negocio&quot; sostiene la Coalici\u00f3n por una Comunicaci\u00f3n Democr\u00e1tica C\u00f3rdoba en un pronunciamiento\" \/>\n<meta property=\"og:description\" content=\"La Coalici\u00f3n por una Comunicaci\u00f3n Democr\u00e1tica C\u00f3rdoba se reuni\u00f3 este jueves 13 de junio y convoc\u00f3 a un foro plural para analizar la actual situaci\u00f3n de la\" \/>\n<meta property=\"og:url\" content=\"https:\/\/www.pressenza.com\/es\/2019\/06\/un-derecho-no-es-negocio-sostiene-la-coalicion-por-una-comunicacion-democratica-cordoba-en-un-pronunciamiento\/\" \/>\n<meta property=\"og:site_name\" content=\"Pressenza\" \/>\n<meta property=\"article:publisher\" content=\"https:\/\/www.facebook.com\/PressenzaItalia\" \/>\n<meta property=\"article:author\" content=\"https:\/\/www.facebook.com\/javier.tolcachier?fref=ts\" \/>\n<meta property=\"article:published_time\" content=\"2019-06-15T15:54:14+00:00\" \/>\n<meta property=\"og:image\" content=\"https:\/\/www.pressenza.com\/wp-content\/uploads\/2019\/06\/CCDC\u00f3rdoba.jpg\" \/>\n\t<meta property=\"og:image:width\" content=\"1040\" \/>\n\t<meta property=\"og:image:height\" content=\"780\" \/>\n\t<meta property=\"og:image:type\" content=\"image\/jpeg\" \/>\n<meta name=\"author\" content=\"Javier Tolcachier\" \/>\n<meta name=\"twitter:card\" content=\"summary_large_image\" \/>\n<meta name=\"twitter:creator\" content=\"@jtolcachier\" \/>\n<meta name=\"twitter:site\" content=\"@PressenzaIPA\" \/>\n<meta name=\"twitter:label1\" content=\"Escrito por\" \/>\n\t<meta name=\"twitter:data1\" content=\"Javier Tolcachier\" \/>\n\t<meta name=\"twitter:label2\" content=\"Tiempo de lectura\" \/>\n\t<meta name=\"twitter:data2\" content=\"2 minutos\" \/>\n<script type=\"application\/ld+json\" class=\"yoast-schema-graph\">{\"@context\":\"https:\/\/schema.org\",\"@graph\":[{\"@type\":\"Article\",\"@id\":\"https:\/\/www.pressenza.com\/es\/2019\/06\/un-derecho-no-es-negocio-sostiene-la-coalicion-por-una-comunicacion-democratica-cordoba-en-un-pronunciamiento\/#article\",\"isPartOf\":{\"@id\":\"https:\/\/www.pressenza.com\/es\/2019\/06\/un-derecho-no-es-negocio-sostiene-la-coalicion-por-una-comunicacion-democratica-cordoba-en-un-pronunciamiento\/\"},\"author\":{\"name\":\"Javier Tolcachier\",\"@id\":\"https:\/\/www.pressenza.com\/es\/#\/schema\/person\/f353f6d4eed144101dedba60e6227564\"},\"headline\":\"\u00abUn Derecho no es negocio\u00bb sostiene la Coalici\u00f3n por una Comunicaci\u00f3n Democr\u00e1tica C\u00f3rdoba en un pronunciamiento\",\"datePublished\":\"2019-06-15T15:54:14+00:00\",\"mainEntityOfPage\":{\"@id\":\"https:\/\/www.pressenza.com\/es\/2019\/06\/un-derecho-no-es-negocio-sostiene-la-coalicion-por-una-comunicacion-democratica-cordoba-en-un-pronunciamiento\/\"},\"wordCount\":476,\"publisher\":{\"@id\":\"https:\/\/www.pressenza.com\/es\/#organization\"},\"image\":{\"@id\":\"https:\/\/www.pressenza.com\/es\/2019\/06\/un-derecho-no-es-negocio-sostiene-la-coalicion-por-una-comunicacion-democratica-cordoba-en-un-pronunciamiento\/#primaryimage\"},\"thumbnailUrl\":\"https:\/\/www.pressenza.com\/wp-content\/uploads\/2019\/06\/CCDC\u00f3rdoba.jpg\",\"keywords\":[\"Coalici\u00f3n por la Comunicaci\u00f3n Democr\u00e1tica\",\"Comunicaci\u00f3n democr\u00e1tica\",\"democratizaci\u00f3n de la palabra\"],\"articleSection\":[\"Contenido Original\",\"Cultura y Medios\",\"Derechos Humanos\",\"Sudam\u00e9rica\"],\"inLanguage\":\"es\"},{\"@type\":\"WebPage\",\"@id\":\"https:\/\/www.pressenza.com\/es\/2019\/06\/un-derecho-no-es-negocio-sostiene-la-coalicion-por-una-comunicacion-democratica-cordoba-en-un-pronunciamiento\/\",\"url\":\"https:\/\/www.pressenza.com\/es\/2019\/06\/un-derecho-no-es-negocio-sostiene-la-coalicion-por-una-comunicacion-democratica-cordoba-en-un-pronunciamiento\/\",\"name\":\"\\\"Un Derecho no es negocio\\\" sostiene la Coalici\u00f3n por una Comunicaci\u00f3n Democr\u00e1tica C\u00f3rdoba en un pronunciamiento\",\"isPartOf\":{\"@id\":\"https:\/\/www.pressenza.com\/es\/#website\"},\"primaryImageOfPage\":{\"@id\":\"https:\/\/www.pressenza.com\/es\/2019\/06\/un-derecho-no-es-negocio-sostiene-la-coalicion-por-una-comunicacion-democratica-cordoba-en-un-pronunciamiento\/#primaryimage\"},\"image\":{\"@id\":\"https:\/\/www.pressenza.com\/es\/2019\/06\/un-derecho-no-es-negocio-sostiene-la-coalicion-por-una-comunicacion-democratica-cordoba-en-un-pronunciamiento\/#primaryimage\"},\"thumbnailUrl\":\"https:\/\/www.pressenza.com\/wp-content\/uploads\/2019\/06\/CCDC\u00f3rdoba.jpg\",\"datePublished\":\"2019-06-15T15:54:14+00:00\",\"description\":\"La Coalici\u00f3n por una Comunicaci\u00f3n Democr\u00e1tica C\u00f3rdoba se reuni\u00f3 este jueves 13 de junio y convoc\u00f3 a un foro plural para analizar la actual situaci\u00f3n de la\",\"breadcrumb\":{\"@id\":\"https:\/\/www.pressenza.com\/es\/2019\/06\/un-derecho-no-es-negocio-sostiene-la-coalicion-por-una-comunicacion-democratica-cordoba-en-un-pronunciamiento\/#breadcrumb\"},\"inLanguage\":\"es\",\"potentialAction\":[{\"@type\":\"ReadAction\",\"target\":[\"https:\/\/www.pressenza.com\/es\/2019\/06\/un-derecho-no-es-negocio-sostiene-la-coalicion-por-una-comunicacion-democratica-cordoba-en-un-pronunciamiento\/\"]}]},{\"@type\":\"ImageObject\",\"inLanguage\":\"es\",\"@id\":\"https:\/\/www.pressenza.com\/es\/2019\/06\/un-derecho-no-es-negocio-sostiene-la-coalicion-por-una-comunicacion-democratica-cordoba-en-un-pronunciamiento\/#primaryimage\",\"url\":\"https:\/\/www.pressenza.com\/wp-content\/uploads\/2019\/06\/CCDC\u00f3rdoba.jpg\",\"contentUrl\":\"https:\/\/www.pressenza.com\/wp-content\/uploads\/2019\/06\/CCDC\u00f3rdoba.jpg\",\"width\":1040,\"height\":780},{\"@type\":\"BreadcrumbList\",\"@id\":\"https:\/\/www.pressenza.com\/es\/2019\/06\/un-derecho-no-es-negocio-sostiene-la-coalicion-por-una-comunicacion-democratica-cordoba-en-un-pronunciamiento\/#breadcrumb\",\"itemListElement\":[{\"@type\":\"ListItem\",\"position\":1,\"name\":\"Accueil\",\"item\":\"https:\/\/www.pressenza.com\/es\/\"},{\"@type\":\"ListItem\",\"position\":2,\"name\":\"\u00abUn Derecho no es negocio\u00bb sostiene la Coalici\u00f3n por una Comunicaci\u00f3n Democr\u00e1tica C\u00f3rdoba en un pronunciamiento\"}]},{\"@type\":\"WebSite\",\"@id\":\"https:\/\/www.pressenza.com\/es\/#website\",\"url\":\"https:\/\/www.pressenza.com\/es\/\",\"name\":\"Pressenza\",\"description\":\"International Press Agency\",\"publisher\":{\"@id\":\"https:\/\/www.pressenza.com\/es\/#organization\"},\"potentialAction\":[{\"@type\":\"SearchAction\",\"target\":{\"@type\":\"EntryPoint\",\"urlTemplate\":\"https:\/\/www.pressenza.com\/es\/?s={search_term_string}\"},\"query-input\":{\"@type\":\"PropertyValueSpecification\",\"valueRequired\":true,\"valueName\":\"search_term_string\"}}],\"inLanguage\":\"es\"},{\"@type\":\"Organization\",\"@id\":\"https:\/\/www.pressenza.com\/es\/#organization\",\"name\":\"Pressenza\",\"url\":\"https:\/\/www.pressenza.com\/es\/\",\"logo\":{\"@type\":\"ImageObject\",\"inLanguage\":\"es\",\"@id\":\"https:\/\/www.pressenza.com\/es\/#\/schema\/logo\/image\/\",\"url\":\"https:\/\/www.pressenza.com\/wp-content\/uploads\/2022\/10\/pressenza_logo_200x200.jpg\",\"contentUrl\":\"https:\/\/www.pressenza.com\/wp-content\/uploads\/2022\/10\/pressenza_logo_200x200.jpg\",\"width\":200,\"height\":200,\"caption\":\"Pressenza\"},\"image\":{\"@id\":\"https:\/\/www.pressenza.com\/es\/#\/schema\/logo\/image\/\"},\"sameAs\":[\"https:\/\/www.facebook.com\/PressenzaItalia\",\"https:\/\/x.com\/PressenzaIPA\"]},{\"@type\":\"Person\",\"@id\":\"https:\/\/www.pressenza.com\/es\/#\/schema\/person\/f353f6d4eed144101dedba60e6227564\",\"name\":\"Javier Tolcachier\",\"description\":\"Javier Tolcachier is a researcher from the World Centre of Humanist Studies, an organism of the Humanist Movement. Mail: javiertolcachier@disroot.org Twitter: @jtolcachier\",\"sameAs\":[\"https:\/\/www.facebook.com\/javier.tolcachier?fref=ts\",\"https:\/\/x.com\/jtolcachier\"],\"url\":\"https:\/\/www.pressenza.com\/es\/author\/javier-tolcachier\/\"}]}<\/script>\n<!-- \/ Yoast SEO plugin. -->","yoast_head_json":{"title":"\"Un Derecho no es negocio\" sostiene la Coalici\u00f3n por una Comunicaci\u00f3n Democr\u00e1tica C\u00f3rdoba en un pronunciamiento","description":"La Coalici\u00f3n por una Comunicaci\u00f3n Democr\u00e1tica C\u00f3rdoba se reuni\u00f3 este jueves 13 de junio y convoc\u00f3 a un foro plural para analizar la actual situaci\u00f3n de la","robots":{"index":"index","follow":"follow","max-snippet":"max-snippet:-1","max-image-preview":"max-image-preview:large","max-video-preview":"max-video-preview:-1"},"canonical":"https:\/\/www.pressenza.com\/es\/2019\/06\/un-derecho-no-es-negocio-sostiene-la-coalicion-por-una-comunicacion-democratica-cordoba-en-un-pronunciamiento\/","og_locale":"es_ES","og_type":"article","og_title":"\"Un Derecho no es negocio\" sostiene la Coalici\u00f3n por una Comunicaci\u00f3n Democr\u00e1tica C\u00f3rdoba en un pronunciamiento","og_description":"La Coalici\u00f3n por una Comunicaci\u00f3n Democr\u00e1tica C\u00f3rdoba se reuni\u00f3 este jueves 13 de junio y convoc\u00f3 a un foro plural para analizar la actual situaci\u00f3n de la","og_url":"https:\/\/www.pressenza.com\/es\/2019\/06\/un-derecho-no-es-negocio-sostiene-la-coalicion-por-una-comunicacion-democratica-cordoba-en-un-pronunciamiento\/","og_site_name":"Pressenza","article_publisher":"https:\/\/www.facebook.com\/PressenzaItalia","article_author":"https:\/\/www.facebook.com\/javier.tolcachier?fref=ts","article_published_time":"2019-06-15T15:54:14+00:00","og_image":[{"width":1040,"height":780,"url":"https:\/\/www.pressenza.com\/wp-content\/uploads\/2019\/06\/CCDC\u00f3rdoba.jpg","type":"image\/jpeg"}],"author":"Javier Tolcachier","twitter_card":"summary_large_image","twitter_creator":"@jtolcachier","twitter_site":"@PressenzaIPA","twitter_misc":{"Escrito por":"Javier Tolcachier","Tiempo de lectura":"2 minutos"},"schema":{"@context":"https:\/\/schema.org","@graph":[{"@type":"Article","@id":"https:\/\/www.pressenza.com\/es\/2019\/06\/un-derecho-no-es-negocio-sostiene-la-coalicion-por-una-comunicacion-democratica-cordoba-en-un-pronunciamiento\/#article","isPartOf":{"@id":"https:\/\/www.pressenza.com\/es\/2019\/06\/un-derecho-no-es-negocio-sostiene-la-coalicion-por-una-comunicacion-democratica-cordoba-en-un-pronunciamiento\/"},"author":{"name":"Javier Tolcachier","@id":"https:\/\/www.pressenza.com\/es\/#\/schema\/person\/f353f6d4eed144101dedba60e6227564"},"headline":"\u00abUn Derecho no es negocio\u00bb sostiene la Coalici\u00f3n por una Comunicaci\u00f3n Democr\u00e1tica C\u00f3rdoba en un pronunciamiento","datePublished":"2019-06-15T15:54:14+00:00","mainEntityOfPage":{"@id":"https:\/\/www.pressenza.com\/es\/2019\/06\/un-derecho-no-es-negocio-sostiene-la-coalicion-por-una-comunicacion-democratica-cordoba-en-un-pronunciamiento\/"},"wordCount":476,"publisher":{"@id":"https:\/\/www.pressenza.com\/es\/#organization"},"image":{"@id":"https:\/\/www.pressenza.com\/es\/2019\/06\/un-derecho-no-es-negocio-sostiene-la-coalicion-por-una-comunicacion-democratica-cordoba-en-un-pronunciamiento\/#primaryimage"},"thumbnailUrl":"https:\/\/www.pressenza.com\/wp-content\/uploads\/2019\/06\/CCDC\u00f3rdoba.jpg","keywords":["Coalici\u00f3n por la Comunicaci\u00f3n Democr\u00e1tica","Comunicaci\u00f3n democr\u00e1tica","democratizaci\u00f3n de la palabra"],"articleSection":["Contenido Original","Cultura y Medios","Derechos Humanos","Sudam\u00e9rica"],"inLanguage":"es"},{"@type":"WebPage","@id":"https:\/\/www.pressenza.com\/es\/2019\/06\/un-derecho-no-es-negocio-sostiene-la-coalicion-por-una-comunicacion-democratica-cordoba-en-un-pronunciamiento\/","url":"https:\/\/www.pressenza.com\/es\/2019\/06\/un-derecho-no-es-negocio-sostiene-la-coalicion-por-una-comunicacion-democratica-cordoba-en-un-pronunciamiento\/","name":"\"Un Derecho no es negocio\" sostiene la Coalici\u00f3n por una Comunicaci\u00f3n Democr\u00e1tica C\u00f3rdoba en un pronunciamiento","isPartOf":{"@id":"https:\/\/www.pressenza.com\/es\/#website"},"primaryImageOfPage":{"@id":"https:\/\/www.pressenza.com\/es\/2019\/06\/un-derecho-no-es-negocio-sostiene-la-coalicion-por-una-comunicacion-democratica-cordoba-en-un-pronunciamiento\/#primaryimage"},"image":{"@id":"https:\/\/www.pressenza.com\/es\/2019\/06\/un-derecho-no-es-negocio-sostiene-la-coalicion-por-una-comunicacion-democratica-cordoba-en-un-pronunciamiento\/#primaryimage"},"thumbnailUrl":"https:\/\/www.pressenza.com\/wp-content\/uploads\/2019\/06\/CCDC\u00f3rdoba.jpg","datePublished":"2019-06-15T15:54:14+00:00","description":"La Coalici\u00f3n por una Comunicaci\u00f3n Democr\u00e1tica C\u00f3rdoba se reuni\u00f3 este jueves 13 de junio y convoc\u00f3 a un foro plural para analizar la actual situaci\u00f3n de la","breadcrumb":{"@id":"https:\/\/www.pressenza.com\/es\/2019\/06\/un-derecho-no-es-negocio-sostiene-la-coalicion-por-una-comunicacion-democratica-cordoba-en-un-pronunciamiento\/#breadcrumb"},"inLanguage":"es","potentialAction":[{"@type":"ReadAction","target":["https:\/\/www.pressenza.com\/es\/2019\/06\/un-derecho-no-es-negocio-sostiene-la-coalicion-por-una-comunicacion-democratica-cordoba-en-un-pronunciamiento\/"]}]},{"@type":"ImageObject","inLanguage":"es","@id":"https:\/\/www.pressenza.com\/es\/2019\/06\/un-derecho-no-es-negocio-sostiene-la-coalicion-por-una-comunicacion-democratica-cordoba-en-un-pronunciamiento\/#primaryimage","url":"https:\/\/www.pressenza.com\/wp-content\/uploads\/2019\/06\/CCDC\u00f3rdoba.jpg","contentUrl":"https:\/\/www.pressenza.com\/wp-content\/uploads\/2019\/06\/CCDC\u00f3rdoba.jpg","width":1040,"height":780},{"@type":"BreadcrumbList","@id":"https:\/\/www.pressenza.com\/es\/2019\/06\/un-derecho-no-es-negocio-sostiene-la-coalicion-por-una-comunicacion-democratica-cordoba-en-un-pronunciamiento\/#breadcrumb","itemListElement":[{"@type":"ListItem","position":1,"name":"Accueil","item":"https:\/\/www.pressenza.com\/es\/"},{"@type":"ListItem","position":2,"name":"\u00abUn Derecho no es negocio\u00bb sostiene la Coalici\u00f3n por una Comunicaci\u00f3n Democr\u00e1tica C\u00f3rdoba en un pronunciamiento"}]},{"@type":"WebSite","@id":"https:\/\/www.pressenza.com\/es\/#website","url":"https:\/\/www.pressenza.com\/es\/","name":"Pressenza","description":"International Press Agency","publisher":{"@id":"https:\/\/www.pressenza.com\/es\/#organization"},"potentialAction":[{"@type":"SearchAction","target":{"@type":"EntryPoint","urlTemplate":"https:\/\/www.pressenza.com\/es\/?s={search_term_string}"},"query-input":{"@type":"PropertyValueSpecification","valueRequired":true,"valueName":"search_term_string"}}],"inLanguage":"es"},{"@type":"Organization","@id":"https:\/\/www.pressenza.com\/es\/#organization","name":"Pressenza","url":"https:\/\/www.pressenza.com\/es\/","logo":{"@type":"ImageObject","inLanguage":"es","@id":"https:\/\/www.pressenza.com\/es\/#\/schema\/logo\/image\/","url":"https:\/\/www.pressenza.com\/wp-content\/uploads\/2022\/10\/pressenza_logo_200x200.jpg","contentUrl":"https:\/\/www.pressenza.com\/wp-content\/uploads\/2022\/10\/pressenza_logo_200x200.jpg","width":200,"height":200,"caption":"Pressenza"},"image":{"@id":"https:\/\/www.pressenza.com\/es\/#\/schema\/logo\/image\/"},"sameAs":["https:\/\/www.facebook.com\/PressenzaItalia","https:\/\/x.com\/PressenzaIPA"]},{"@type":"Person","@id":"https:\/\/www.pressenza.com\/es\/#\/schema\/person\/f353f6d4eed144101dedba60e6227564","name":"Javier Tolcachier","description":"Javier Tolcachier is a researcher from the World Centre of Humanist Studies, an organism of the Humanist Movement. Mail: javiertolcachier@disroot.org Twitter: @jtolcachier","sameAs":["https:\/\/www.facebook.com\/javier.tolcachier?fref=ts","https:\/\/x.com\/jtolcachier"],"url":"https:\/\/www.pressenza.com\/es\/author\/javier-tolcachier\/"}]}},"place":"C\u00f3rdoba, Argentina","original_article_url":"","_links":{"self":[{"href":"https:\/\/www.pressenza.com\/es\/wp-json\/wp\/v2\/posts\/871600","targetHints":{"allow":["GET"]}}],"collection":[{"href":"https:\/\/www.pressenza.com\/es\/wp-json\/wp\/v2\/posts"}],"about":[{"href":"https:\/\/www.pressenza.com\/es\/wp-json\/wp\/v2\/types\/post"}],"author":[{"embeddable":true,"href":"https:\/\/www.pressenza.com\/es\/wp-json\/wp\/v2\/users\/970"}],"replies":[{"embeddable":true,"href":"https:\/\/www.pressenza.com\/es\/wp-json\/wp\/v2\/comments?post=871600"}],"version-history":[{"count":0,"href":"https:\/\/www.pressenza.com\/es\/wp-json\/wp\/v2\/posts\/871600\/revisions"}],"wp:featuredmedia":[{"embeddable":true,"href":"https:\/\/www.pressenza.com\/es\/wp-json\/wp\/v2\/media\/871602"}],"wp:attachment":[{"href":"https:\/\/www.pressenza.com\/es\/wp-json\/wp\/v2\/media?parent=871600"}],"wp:term":[{"taxonomy":"category","embeddable":true,"href":"https:\/\/www.pressenza.com\/es\/wp-json\/wp\/v2\/categories?post=871600"},{"taxonomy":"post_tag","embeddable":true,"href":"https:\/\/www.pressenza.com\/es\/wp-json\/wp\/v2\/tags?post=871600"}],"curies":[{"name":"wp","href":"https:\/\/api.w.org\/{rel}","templated":true}]}}