{"id":871345,"date":"2019-06-14T22:42:44","date_gmt":"2019-06-14T21:42:44","guid":{"rendered":"https:\/\/www.pressenza.com\/?p=871345"},"modified":"2019-06-19T20:16:34","modified_gmt":"2019-06-19T19:16:34","slug":"algunas-consecuencias-sicosociales-de-la-implantacion-de-una-renta-basica-universal","status":"publish","type":"post","link":"https:\/\/www.pressenza.com\/es\/2019\/06\/algunas-consecuencias-sicosociales-de-la-implantacion-de-una-renta-basica-universal\/","title":{"rendered":"Algunas consecuencias sicosociales de la implantaci\u00f3n de una renta b\u00e1sica universal"},"content":{"rendered":"<p>Con el t\u00edtulo <a href=\"http:\/\/perspectivesfromutopia.info\/\">Un D\u00eda de Perspectivas desde la Utop\u00eda<\/a>, Pressenza Nueva York ha celebrado los diez a\u00f1os de la Agencia en una <a href=\"https:\/\/www.pressenza.com\/fr\/2019\/06\/new-york-perspectives-du-monde-de-lutopie\/\">Jornada en la que se han desarrollado tres paneles: sobre riqueza \u2013en el que se ha hablado de renta b\u00e1sica universal e incondicional-, mujer y desarme<\/a>.<\/p>\n<p>Dentro del panel <strong>Renta B\u00e1sica Universal<\/strong>, hemos puesto contextos de nuestro posicionamiento como Agencia y explicado algunas de las posibles consecuencias de aplicarse una renta b\u00e1sica y la oportunidad hist\u00f3rica de ponerla en marcha. A continuaci\u00f3n, los comentarios presentados y sumados como base para el debate que tuvo lugar posteriormente.<\/p>\n<p><em>\u00bfPor qu\u00e9 Pressenza defiende estas causas, como una renta b\u00e1sica universal e incondicional, el desarme o los feminismos&#8230; causas, por cierto, entrelazadas entre s\u00ed?<\/em><\/p>\n<p><em>Partimos de que el periodismo es subjetivo y ello de modo inevitable. Desde esta afirmaci\u00f3n y aceptando la condici\u00f3n que se nos impone, hemos decidido hacer periodismo al servicio de la vida y la liberaci\u00f3n del ser humano, periodismo desde una mirada de paz y noviolencia, periodismo humanista que ponga su grano de arena para eliminar dolor y sufrimiento en las poblaciones.<\/em><\/p>\n<p><em>En este contexto, todo lo que vaya en la direcci\u00f3n de asegurar la subsistencia, nos parece fundamental. Y, desde ah\u00ed, es coherente defender medidas como la implantaci\u00f3n de una renta b\u00e1sica universal e incondicional para todas las personas.<\/em><\/p>\n<p><em>Hemos visto el documental <strong><a href=\"https:\/\/rbuinuestroderechoavivir.wordpress.com\/\">RBUI, nuestro derecho a vivir<\/a><\/strong> del director <strong>\u00c1lvaro Or\u00fas<\/strong>; <strong>Reto Thumiger<\/strong> ha contado la experiencia parecida puesta en marcha en Alemania y los beneficios de la misma; <a href=\"https:\/\/en.wikipedia.org\/wiki\/James_Felton_Keith\">\u00a0<strong>James Felton Keith<\/strong><\/a> ha hablado del valor que tenemos todos los seres humanos por el hecho de serlo y el derecho que nos ampara a que las grandes companys \u2013como Facebook, Google, etc.- nos devuelvan lo que nos deben -gran parte de los beneficios que se embolsan-, y c\u00f3mo un modo de pagar la deuda que han contra\u00eddo con todos los ciudadanos puede ser a trav\u00e9s de entregar a cada persona una renta b\u00e1sica de 1000 d\u00f3lares, medida que JFK defiende en su programa electoral como candidato al Congreso.<\/em><\/p>\n<p><em>Querr\u00edamos profundizar ahora en algunas de las <strong>consecuencias individuales y colectivas<\/strong> que podr\u00edamos experimentar <strong>si se implantara una renta b\u00e1sica universal<\/strong>. Aclaramos que estas anotaciones est\u00e1n rescatadas de los comentarios de personas que han sido beneficiadas por esta medida y tambi\u00e9n de personas, con las cuales hemos trabajado en talleres durante los \u00faltimos meses y a las cuales hemos pedido que imaginaran c\u00f3mo ser\u00eda su vida y la vida de sus seres queridos de tener asegurada la subsistencia.<\/em><\/p>\n<p><em>Aunque es dif\u00edcil comprender el alcance en el tiempo, entre las consecuencias individuales y sociales escuchadas, rescatamos las siguientes:<\/em><\/p>\n<ul>\n<li><em>Eliminaci\u00f3n de la pobreza y, como consecuencia, la aporofobia; eliminaci\u00f3n de la estigmatizaci\u00f3n y la criminalizaci\u00f3n que acompa\u00f1a a quien no cuenta con recursos materiales suficientes.<\/em><\/li>\n<li><em>El empoderamiento personal y tambi\u00e9n social de un sector cada vez m\u00e1s grande de la poblaci\u00f3n. Por ejemplo, la mujer y todos los sectores que se reconocen en un g\u00e9nero diferente a los tradicionales ver\u00edan notablemente mejorada su situaci\u00f3n.<\/em><\/li>\n<li><em>Descenso notable de enfermedades f\u00edsicas y mentales.<\/em><\/li>\n<li><em>Bajada de suicidios, relacionados claramente con la falta de recursos.<\/em><\/li>\n<li><em>Eliminaci\u00f3n de todos los temores asociados al presente y al futuro cuando no est\u00e1n asegurados comida, techo, etc.<\/em><\/li>\n<li><em>Tener la sensaci\u00f3n de que somos parte de la comunidad y que la comunidad nos protege. Esto rompe con la sensaci\u00f3n de soledad y tambi\u00e9n con el individualismo que tanto da\u00f1o nos ha tra\u00eddo.<\/em><\/li>\n<li><em>Como consecuencia de lo anterior, la enorme energ\u00eda que podr\u00eda liberarse nos permitir\u00eda:<\/em>\n<ul>\n<li><em>Ganar en libertad para decidir sobre la propia vida, desde la capacidad de negociar salarios hasta la liberaci\u00f3n de tiempo para dedicarse a lo que uno necesite.<\/em><\/li>\n<li><em>Acrecentar la justicia social como consecuencia de la redistribuci\u00f3n de la riqueza.<\/em><\/li>\n<li><em>Tener disponibilidad para cumplir las aspiraciones m\u00e1s profundas y queridas.<\/em><\/li>\n<li><em>Sacar lo mejor de cada persona y ponerlo al servicio de la comunidad.<\/em><\/li>\n<li><em>Tener m\u00e1s energ\u00eda para vivir en paz y poder conectar m\u00e1s f\u00e1cilmente con estados de inspiraci\u00f3n.<\/em><\/li>\n<li><em>Mirar al otro como un igual, con todo el derecho a subsistir por el hecho de ser persona, con la posibilidad de tener las mismas oportunidades que reclamamos para nosotros, ser\u00eda un enorme salto cualitativo hacia una sociedad m\u00e1s humana. Si somos capaces de pensar, sentir y actuar en esa direcci\u00f3n, estamos haciendo una revoluci\u00f3n interior que \u2013de un modo u otro- se va a proyectar a nivel social, estar\u00edamos poniendo en marcha una revoluci\u00f3n noviolenta.<\/em><\/li>\n<li><em>Una medida como la implantaci\u00f3n de una renta b\u00e1sica universal, incondicional, individual y suficiente pondr\u00eda la base material para poder construir una cultura solidaria y noviolenta, ayudar\u00eda a una reconciliaci\u00f3n personal y social, sentar\u00eda bases para construir una sociedad m\u00e1s despierta, m\u00e1s cr\u00edtica y autocr\u00edtica, m\u00e1s intencional.<\/em><\/li>\n<\/ul>\n<\/li>\n<\/ul>\n<p><em>Y cuando hablamos de todo esto, no s\u00f3lo nos referimos a las v\u00edctimas, tambi\u00e9n pensamos en los victimarios, porque tendr\u00edan la oportunidad de reparar el da\u00f1o que est\u00e1n infligiendo contra la inmensa mayor\u00eda de la poblaci\u00f3n, reconduciendo sus vidas, ganando con ello la sociedad entera.<\/em><\/p>\n<p><em>Sintetizando lo que hemos visto, podemos decir que estamos en un momento hist\u00f3rico en el que los grandes avances tecnol\u00f3gicos generan cada d\u00eda mayor riqueza, al tiempo que provocan mayor desempleo.<\/em><\/p>\n<p><em>Estos grandes avances que tanto preocupan, a los humanistas nos parece que constituyen una gran oportunidad para liberarnos de la esclavitud del empleo y reclamamos \u201c<strong>\u00a1<a href=\"https:\/\/www.elmayordelospoetas.net\/category\/movimiento-humanista\/que-trabajen-las-maquinas\/\">Qu\u00e9 trabajen las m\u00e1quinas<\/a>!<\/strong>\u201d, como afirmara el pensador <a href=\"http:\/\/www.silo.net\/es\">Mario Luis Rodr\u00edguez Cobos (Silo)<\/a>. El problema no es si hay trabajo o no, el tema es asegurar que toda la poblaci\u00f3n tiene cubierta la subsistencia.<\/em><\/p>\n<p><em>Y hoy esto es posible porque hay riqueza acumulada suficiente para que toda la poblaci\u00f3n a nivel mundial pueda vivir en condiciones de vida digna. Una riqueza que es fruto del trabajo de miles de generaciones y de la poblaci\u00f3n que habita hoy en todo el planeta (es f\u00e1cil comprender un ejemplo: los tel\u00e9fonos que tenemos todos en la mano funcionan gracias al colt\u00e1n que sale de \u00c1frica). La riqueza no es de unos pocos, ellos la acumulan en un af\u00e1n loco y ellos han de devolverla, como antes comentara JFK.<\/em><\/p>\n<p><em>Hoy es factible y, para ello, hemos de seguir difundiendo esta propuesta all\u00ed donde estemos, porque necesitamos poblaciones esclarecidas que elijan a pol\u00edticos valientes, dispuestos a poner en pr\u00e1ctica este derecho.<\/em><\/p>\n<p><em>Esperamos de ellos, no s\u00f3lo que defiendan una renta b\u00e1sica sino que lleven adelante las medidas necesarias para que sea una realidad. <\/em><\/p>\n<p><em>Estamos, como muchos reconocen, ante una crisis civilizatoria. Construyamos, entonces, una nueva civilizaci\u00f3n a la altura del ser humano.<br \/>\n<\/em><\/p>\n","protected":false},"excerpt":{"rendered":"<p>Con el t\u00edtulo Un D\u00eda de Perspectivas desde la Utop\u00eda, Pressenza Nueva York ha celebrado los diez a\u00f1os de la Agencia en una Jornada en la que se han desarrollado tres paneles: sobre riqueza \u2013en el que se ha hablado&hellip;<\/p>\n","protected":false},"author":1561,"featured_media":871356,"comment_status":"closed","ping_status":"closed","sticky":false,"template":"","format":"standard","meta":{"footnotes":""},"categories":[11389,79,39,1242,161],"tags":[51859,59771,34946,27673],"class_list":["post-871345","post","type-post","status-publish","format-standard","has-post-thumbnail","hentry","category-contenido-original","category-derechos-humanos","category-internacional","category-noviolencia-tema","category-opiniones","tag-10-anos-de-pressenza","tag-james-felton-keith","tag-renta-basica-universal-e-incondicional","tag-reto-thumiger"],"yoast_head":"<!-- This site is optimized with the Yoast SEO plugin v27.1.1 - https:\/\/yoast.com\/product\/yoast-seo-wordpress\/ -->\n<title>Algunas consecuencias sicosociales de la implantaci\u00f3n de una renta b\u00e1sica universal<\/title>\n<meta name=\"description\" content=\"Con el t\u00edtulo Un D\u00eda de Perspectivas desde la Utop\u00eda, Pressenza Nueva York ha celebrado los diez a\u00f1os de la Agencia en una Jornada en la que se han Consecuencias sicosociales de la implantaci\u00f3n de una renta b\u00e1sica universal. Reto Thumiger, James Felton Keith y Juana P\u00e9rez Montero intercambian sobre RBU en Nueva York en un panel organizado por @pressenza\" \/>\n<meta name=\"robots\" content=\"index, follow, max-snippet:-1, max-image-preview:large, max-video-preview:-1\" \/>\n<link rel=\"canonical\" href=\"https:\/\/www.pressenza.com\/es\/2019\/06\/algunas-consecuencias-sicosociales-de-la-implantacion-de-una-renta-basica-universal\/\" \/>\n<meta property=\"og:locale\" content=\"es_ES\" \/>\n<meta property=\"og:type\" content=\"article\" \/>\n<meta property=\"og:title\" content=\"Algunas consecuencias sicosociales de la implantaci\u00f3n de una renta b\u00e1sica universal\" \/>\n<meta property=\"og:description\" content=\"Con el t\u00edtulo Un D\u00eda de Perspectivas desde la Utop\u00eda, Pressenza Nueva York ha celebrado los diez a\u00f1os de la Agencia en una Jornada en la que se han Consecuencias sicosociales de la implantaci\u00f3n de una renta b\u00e1sica universal. Reto Thumiger, James Felton Keith y Juana P\u00e9rez Montero intercambian sobre RBU en Nueva York en un panel organizado por @pressenza\" \/>\n<meta property=\"og:url\" content=\"https:\/\/www.pressenza.com\/es\/2019\/06\/algunas-consecuencias-sicosociales-de-la-implantacion-de-una-renta-basica-universal\/\" \/>\n<meta property=\"og:site_name\" content=\"Pressenza\" \/>\n<meta property=\"article:publisher\" content=\"https:\/\/www.facebook.com\/PressenzaItalia\" \/>\n<meta property=\"article:published_time\" content=\"2019-06-14T21:42:44+00:00\" \/>\n<meta property=\"article:modified_time\" content=\"2019-06-19T19:16:34+00:00\" \/>\n<meta property=\"og:image\" content=\"https:\/\/www.pressenza.com\/wp-content\/uploads\/2019\/06\/Renta-B\u00e1sica-Universal_Nueva-York_Sabine-Schmitz.jpg\" \/>\n\t<meta property=\"og:image:width\" content=\"1280\" \/>\n\t<meta property=\"og:image:height\" content=\"720\" \/>\n\t<meta property=\"og:image:type\" content=\"image\/jpeg\" \/>\n<meta name=\"author\" content=\"Juana P\u00e9rez Montero\" \/>\n<meta name=\"twitter:card\" content=\"summary_large_image\" \/>\n<meta name=\"twitter:creator\" content=\"@PressenzaIPA\" \/>\n<meta name=\"twitter:site\" content=\"@PressenzaIPA\" \/>\n<meta name=\"twitter:label1\" content=\"Escrito por\" \/>\n\t<meta name=\"twitter:data1\" content=\"Juana P\u00e9rez Montero\" \/>\n\t<meta name=\"twitter:label2\" content=\"Tiempo de lectura\" \/>\n\t<meta name=\"twitter:data2\" content=\"6 minutos\" \/>\n<script type=\"application\/ld+json\" class=\"yoast-schema-graph\">{\"@context\":\"https:\/\/schema.org\",\"@graph\":[{\"@type\":\"Article\",\"@id\":\"https:\/\/www.pressenza.com\/es\/2019\/06\/algunas-consecuencias-sicosociales-de-la-implantacion-de-una-renta-basica-universal\/#article\",\"isPartOf\":{\"@id\":\"https:\/\/www.pressenza.com\/es\/2019\/06\/algunas-consecuencias-sicosociales-de-la-implantacion-de-una-renta-basica-universal\/\"},\"author\":{\"name\":\"Juana P\u00e9rez Montero\",\"@id\":\"https:\/\/www.pressenza.com\/es\/#\/schema\/person\/606cbea0307458f18c06dd6b1ec227ec\"},\"headline\":\"Algunas consecuencias sicosociales de la implantaci\u00f3n de una renta b\u00e1sica universal\",\"datePublished\":\"2019-06-14T21:42:44+00:00\",\"dateModified\":\"2019-06-19T19:16:34+00:00\",\"mainEntityOfPage\":{\"@id\":\"https:\/\/www.pressenza.com\/es\/2019\/06\/algunas-consecuencias-sicosociales-de-la-implantacion-de-una-renta-basica-universal\/\"},\"wordCount\":1201,\"publisher\":{\"@id\":\"https:\/\/www.pressenza.com\/es\/#organization\"},\"image\":{\"@id\":\"https:\/\/www.pressenza.com\/es\/2019\/06\/algunas-consecuencias-sicosociales-de-la-implantacion-de-una-renta-basica-universal\/#primaryimage\"},\"thumbnailUrl\":\"https:\/\/www.pressenza.com\/wp-content\/uploads\/2019\/06\/Renta-B\u00e1sica-Universal_Nueva-York_Sabine-Schmitz.jpg\",\"keywords\":[\"10 a\u00f1os de Pressenza\",\"James Felton Keith\",\"Renta B\u00e1sica Universal e Incondicional\",\"Reto Thumiger\"],\"articleSection\":[\"Contenido Original\",\"Derechos Humanos\",\"Internacional\",\"Noviolencia\",\"Opiniones\"],\"inLanguage\":\"es\"},{\"@type\":\"WebPage\",\"@id\":\"https:\/\/www.pressenza.com\/es\/2019\/06\/algunas-consecuencias-sicosociales-de-la-implantacion-de-una-renta-basica-universal\/\",\"url\":\"https:\/\/www.pressenza.com\/es\/2019\/06\/algunas-consecuencias-sicosociales-de-la-implantacion-de-una-renta-basica-universal\/\",\"name\":\"Algunas consecuencias sicosociales de la implantaci\u00f3n de una renta b\u00e1sica universal\",\"isPartOf\":{\"@id\":\"https:\/\/www.pressenza.com\/es\/#website\"},\"primaryImageOfPage\":{\"@id\":\"https:\/\/www.pressenza.com\/es\/2019\/06\/algunas-consecuencias-sicosociales-de-la-implantacion-de-una-renta-basica-universal\/#primaryimage\"},\"image\":{\"@id\":\"https:\/\/www.pressenza.com\/es\/2019\/06\/algunas-consecuencias-sicosociales-de-la-implantacion-de-una-renta-basica-universal\/#primaryimage\"},\"thumbnailUrl\":\"https:\/\/www.pressenza.com\/wp-content\/uploads\/2019\/06\/Renta-B\u00e1sica-Universal_Nueva-York_Sabine-Schmitz.jpg\",\"datePublished\":\"2019-06-14T21:42:44+00:00\",\"dateModified\":\"2019-06-19T19:16:34+00:00\",\"description\":\"Con el t\u00edtulo Un D\u00eda de Perspectivas desde la Utop\u00eda, Pressenza Nueva York ha celebrado los diez a\u00f1os de la Agencia en una Jornada en la que se han Consecuencias sicosociales de la implantaci\u00f3n de una renta b\u00e1sica universal. Reto Thumiger, James Felton Keith y Juana P\u00e9rez Montero intercambian sobre RBU en Nueva York en un panel organizado por @pressenza\",\"breadcrumb\":{\"@id\":\"https:\/\/www.pressenza.com\/es\/2019\/06\/algunas-consecuencias-sicosociales-de-la-implantacion-de-una-renta-basica-universal\/#breadcrumb\"},\"inLanguage\":\"es\",\"potentialAction\":[{\"@type\":\"ReadAction\",\"target\":[\"https:\/\/www.pressenza.com\/es\/2019\/06\/algunas-consecuencias-sicosociales-de-la-implantacion-de-una-renta-basica-universal\/\"]}]},{\"@type\":\"ImageObject\",\"inLanguage\":\"es\",\"@id\":\"https:\/\/www.pressenza.com\/es\/2019\/06\/algunas-consecuencias-sicosociales-de-la-implantacion-de-una-renta-basica-universal\/#primaryimage\",\"url\":\"https:\/\/www.pressenza.com\/wp-content\/uploads\/2019\/06\/Renta-B\u00e1sica-Universal_Nueva-York_Sabine-Schmitz.jpg\",\"contentUrl\":\"https:\/\/www.pressenza.com\/wp-content\/uploads\/2019\/06\/Renta-B\u00e1sica-Universal_Nueva-York_Sabine-Schmitz.jpg\",\"width\":1280,\"height\":720,\"caption\":\"Reto Thumiger, James Felton Keith, Juana P\u00e9rez Montero y Marta (a quien agradecemos la traducci\u00f3n)\"},{\"@type\":\"BreadcrumbList\",\"@id\":\"https:\/\/www.pressenza.com\/es\/2019\/06\/algunas-consecuencias-sicosociales-de-la-implantacion-de-una-renta-basica-universal\/#breadcrumb\",\"itemListElement\":[{\"@type\":\"ListItem\",\"position\":1,\"name\":\"Accueil\",\"item\":\"https:\/\/www.pressenza.com\/es\/\"},{\"@type\":\"ListItem\",\"position\":2,\"name\":\"Algunas consecuencias sicosociales de la implantaci\u00f3n de una renta b\u00e1sica universal\"}]},{\"@type\":\"WebSite\",\"@id\":\"https:\/\/www.pressenza.com\/es\/#website\",\"url\":\"https:\/\/www.pressenza.com\/es\/\",\"name\":\"Pressenza\",\"description\":\"International Press Agency\",\"publisher\":{\"@id\":\"https:\/\/www.pressenza.com\/es\/#organization\"},\"potentialAction\":[{\"@type\":\"SearchAction\",\"target\":{\"@type\":\"EntryPoint\",\"urlTemplate\":\"https:\/\/www.pressenza.com\/es\/?s={search_term_string}\"},\"query-input\":{\"@type\":\"PropertyValueSpecification\",\"valueRequired\":true,\"valueName\":\"search_term_string\"}}],\"inLanguage\":\"es\"},{\"@type\":\"Organization\",\"@id\":\"https:\/\/www.pressenza.com\/es\/#organization\",\"name\":\"Pressenza\",\"url\":\"https:\/\/www.pressenza.com\/es\/\",\"logo\":{\"@type\":\"ImageObject\",\"inLanguage\":\"es\",\"@id\":\"https:\/\/www.pressenza.com\/es\/#\/schema\/logo\/image\/\",\"url\":\"https:\/\/www.pressenza.com\/wp-content\/uploads\/2022\/10\/pressenza_logo_200x200.jpg\",\"contentUrl\":\"https:\/\/www.pressenza.com\/wp-content\/uploads\/2022\/10\/pressenza_logo_200x200.jpg\",\"width\":200,\"height\":200,\"caption\":\"Pressenza\"},\"image\":{\"@id\":\"https:\/\/www.pressenza.com\/es\/#\/schema\/logo\/image\/\"},\"sameAs\":[\"https:\/\/www.facebook.com\/PressenzaItalia\",\"https:\/\/x.com\/PressenzaIPA\"]},{\"@type\":\"Person\",\"@id\":\"https:\/\/www.pressenza.com\/es\/#\/schema\/person\/606cbea0307458f18c06dd6b1ec227ec\",\"name\":\"Juana P\u00e9rez Montero\",\"description\":\"Juana P\u00e9rez Montero es periodista y activista humanista.\",\"url\":\"https:\/\/www.pressenza.com\/es\/author\/juana-perez-montero\/\"}]}<\/script>\n<!-- \/ Yoast SEO plugin. -->","yoast_head_json":{"title":"Algunas consecuencias sicosociales de la implantaci\u00f3n de una renta b\u00e1sica universal","description":"Con el t\u00edtulo Un D\u00eda de Perspectivas desde la Utop\u00eda, Pressenza Nueva York ha celebrado los diez a\u00f1os de la Agencia en una Jornada en la que se han Consecuencias sicosociales de la implantaci\u00f3n de una renta b\u00e1sica universal. Reto Thumiger, James Felton Keith y Juana P\u00e9rez Montero intercambian sobre RBU en Nueva York en un panel organizado por @pressenza","robots":{"index":"index","follow":"follow","max-snippet":"max-snippet:-1","max-image-preview":"max-image-preview:large","max-video-preview":"max-video-preview:-1"},"canonical":"https:\/\/www.pressenza.com\/es\/2019\/06\/algunas-consecuencias-sicosociales-de-la-implantacion-de-una-renta-basica-universal\/","og_locale":"es_ES","og_type":"article","og_title":"Algunas consecuencias sicosociales de la implantaci\u00f3n de una renta b\u00e1sica universal","og_description":"Con el t\u00edtulo Un D\u00eda de Perspectivas desde la Utop\u00eda, Pressenza Nueva York ha celebrado los diez a\u00f1os de la Agencia en una Jornada en la que se han Consecuencias sicosociales de la implantaci\u00f3n de una renta b\u00e1sica universal. Reto Thumiger, James Felton Keith y Juana P\u00e9rez Montero intercambian sobre RBU en Nueva York en un panel organizado por @pressenza","og_url":"https:\/\/www.pressenza.com\/es\/2019\/06\/algunas-consecuencias-sicosociales-de-la-implantacion-de-una-renta-basica-universal\/","og_site_name":"Pressenza","article_publisher":"https:\/\/www.facebook.com\/PressenzaItalia","article_published_time":"2019-06-14T21:42:44+00:00","article_modified_time":"2019-06-19T19:16:34+00:00","og_image":[{"width":1280,"height":720,"url":"https:\/\/www.pressenza.com\/wp-content\/uploads\/2019\/06\/Renta-B\u00e1sica-Universal_Nueva-York_Sabine-Schmitz.jpg","type":"image\/jpeg"}],"author":"Juana P\u00e9rez Montero","twitter_card":"summary_large_image","twitter_creator":"@PressenzaIPA","twitter_site":"@PressenzaIPA","twitter_misc":{"Escrito por":"Juana P\u00e9rez Montero","Tiempo de lectura":"6 minutos"},"schema":{"@context":"https:\/\/schema.org","@graph":[{"@type":"Article","@id":"https:\/\/www.pressenza.com\/es\/2019\/06\/algunas-consecuencias-sicosociales-de-la-implantacion-de-una-renta-basica-universal\/#article","isPartOf":{"@id":"https:\/\/www.pressenza.com\/es\/2019\/06\/algunas-consecuencias-sicosociales-de-la-implantacion-de-una-renta-basica-universal\/"},"author":{"name":"Juana P\u00e9rez Montero","@id":"https:\/\/www.pressenza.com\/es\/#\/schema\/person\/606cbea0307458f18c06dd6b1ec227ec"},"headline":"Algunas consecuencias sicosociales de la implantaci\u00f3n de una renta b\u00e1sica universal","datePublished":"2019-06-14T21:42:44+00:00","dateModified":"2019-06-19T19:16:34+00:00","mainEntityOfPage":{"@id":"https:\/\/www.pressenza.com\/es\/2019\/06\/algunas-consecuencias-sicosociales-de-la-implantacion-de-una-renta-basica-universal\/"},"wordCount":1201,"publisher":{"@id":"https:\/\/www.pressenza.com\/es\/#organization"},"image":{"@id":"https:\/\/www.pressenza.com\/es\/2019\/06\/algunas-consecuencias-sicosociales-de-la-implantacion-de-una-renta-basica-universal\/#primaryimage"},"thumbnailUrl":"https:\/\/www.pressenza.com\/wp-content\/uploads\/2019\/06\/Renta-B\u00e1sica-Universal_Nueva-York_Sabine-Schmitz.jpg","keywords":["10 a\u00f1os de Pressenza","James Felton Keith","Renta B\u00e1sica Universal e Incondicional","Reto Thumiger"],"articleSection":["Contenido Original","Derechos Humanos","Internacional","Noviolencia","Opiniones"],"inLanguage":"es"},{"@type":"WebPage","@id":"https:\/\/www.pressenza.com\/es\/2019\/06\/algunas-consecuencias-sicosociales-de-la-implantacion-de-una-renta-basica-universal\/","url":"https:\/\/www.pressenza.com\/es\/2019\/06\/algunas-consecuencias-sicosociales-de-la-implantacion-de-una-renta-basica-universal\/","name":"Algunas consecuencias sicosociales de la implantaci\u00f3n de una renta b\u00e1sica universal","isPartOf":{"@id":"https:\/\/www.pressenza.com\/es\/#website"},"primaryImageOfPage":{"@id":"https:\/\/www.pressenza.com\/es\/2019\/06\/algunas-consecuencias-sicosociales-de-la-implantacion-de-una-renta-basica-universal\/#primaryimage"},"image":{"@id":"https:\/\/www.pressenza.com\/es\/2019\/06\/algunas-consecuencias-sicosociales-de-la-implantacion-de-una-renta-basica-universal\/#primaryimage"},"thumbnailUrl":"https:\/\/www.pressenza.com\/wp-content\/uploads\/2019\/06\/Renta-B\u00e1sica-Universal_Nueva-York_Sabine-Schmitz.jpg","datePublished":"2019-06-14T21:42:44+00:00","dateModified":"2019-06-19T19:16:34+00:00","description":"Con el t\u00edtulo Un D\u00eda de Perspectivas desde la Utop\u00eda, Pressenza Nueva York ha celebrado los diez a\u00f1os de la Agencia en una Jornada en la que se han Consecuencias sicosociales de la implantaci\u00f3n de una renta b\u00e1sica universal. Reto Thumiger, James Felton Keith y Juana P\u00e9rez Montero intercambian sobre RBU en Nueva York en un panel organizado por @pressenza","breadcrumb":{"@id":"https:\/\/www.pressenza.com\/es\/2019\/06\/algunas-consecuencias-sicosociales-de-la-implantacion-de-una-renta-basica-universal\/#breadcrumb"},"inLanguage":"es","potentialAction":[{"@type":"ReadAction","target":["https:\/\/www.pressenza.com\/es\/2019\/06\/algunas-consecuencias-sicosociales-de-la-implantacion-de-una-renta-basica-universal\/"]}]},{"@type":"ImageObject","inLanguage":"es","@id":"https:\/\/www.pressenza.com\/es\/2019\/06\/algunas-consecuencias-sicosociales-de-la-implantacion-de-una-renta-basica-universal\/#primaryimage","url":"https:\/\/www.pressenza.com\/wp-content\/uploads\/2019\/06\/Renta-B\u00e1sica-Universal_Nueva-York_Sabine-Schmitz.jpg","contentUrl":"https:\/\/www.pressenza.com\/wp-content\/uploads\/2019\/06\/Renta-B\u00e1sica-Universal_Nueva-York_Sabine-Schmitz.jpg","width":1280,"height":720,"caption":"Reto Thumiger, James Felton Keith, Juana P\u00e9rez Montero y Marta (a quien agradecemos la traducci\u00f3n)"},{"@type":"BreadcrumbList","@id":"https:\/\/www.pressenza.com\/es\/2019\/06\/algunas-consecuencias-sicosociales-de-la-implantacion-de-una-renta-basica-universal\/#breadcrumb","itemListElement":[{"@type":"ListItem","position":1,"name":"Accueil","item":"https:\/\/www.pressenza.com\/es\/"},{"@type":"ListItem","position":2,"name":"Algunas consecuencias sicosociales de la implantaci\u00f3n de una renta b\u00e1sica universal"}]},{"@type":"WebSite","@id":"https:\/\/www.pressenza.com\/es\/#website","url":"https:\/\/www.pressenza.com\/es\/","name":"Pressenza","description":"International Press Agency","publisher":{"@id":"https:\/\/www.pressenza.com\/es\/#organization"},"potentialAction":[{"@type":"SearchAction","target":{"@type":"EntryPoint","urlTemplate":"https:\/\/www.pressenza.com\/es\/?s={search_term_string}"},"query-input":{"@type":"PropertyValueSpecification","valueRequired":true,"valueName":"search_term_string"}}],"inLanguage":"es"},{"@type":"Organization","@id":"https:\/\/www.pressenza.com\/es\/#organization","name":"Pressenza","url":"https:\/\/www.pressenza.com\/es\/","logo":{"@type":"ImageObject","inLanguage":"es","@id":"https:\/\/www.pressenza.com\/es\/#\/schema\/logo\/image\/","url":"https:\/\/www.pressenza.com\/wp-content\/uploads\/2022\/10\/pressenza_logo_200x200.jpg","contentUrl":"https:\/\/www.pressenza.com\/wp-content\/uploads\/2022\/10\/pressenza_logo_200x200.jpg","width":200,"height":200,"caption":"Pressenza"},"image":{"@id":"https:\/\/www.pressenza.com\/es\/#\/schema\/logo\/image\/"},"sameAs":["https:\/\/www.facebook.com\/PressenzaItalia","https:\/\/x.com\/PressenzaIPA"]},{"@type":"Person","@id":"https:\/\/www.pressenza.com\/es\/#\/schema\/person\/606cbea0307458f18c06dd6b1ec227ec","name":"Juana P\u00e9rez Montero","description":"Juana P\u00e9rez Montero es periodista y activista humanista.","url":"https:\/\/www.pressenza.com\/es\/author\/juana-perez-montero\/"}]}},"place":"Nueva York","original_article_url":"","_links":{"self":[{"href":"https:\/\/www.pressenza.com\/es\/wp-json\/wp\/v2\/posts\/871345","targetHints":{"allow":["GET"]}}],"collection":[{"href":"https:\/\/www.pressenza.com\/es\/wp-json\/wp\/v2\/posts"}],"about":[{"href":"https:\/\/www.pressenza.com\/es\/wp-json\/wp\/v2\/types\/post"}],"author":[{"embeddable":true,"href":"https:\/\/www.pressenza.com\/es\/wp-json\/wp\/v2\/users\/1561"}],"replies":[{"embeddable":true,"href":"https:\/\/www.pressenza.com\/es\/wp-json\/wp\/v2\/comments?post=871345"}],"version-history":[{"count":0,"href":"https:\/\/www.pressenza.com\/es\/wp-json\/wp\/v2\/posts\/871345\/revisions"}],"wp:featuredmedia":[{"embeddable":true,"href":"https:\/\/www.pressenza.com\/es\/wp-json\/wp\/v2\/media\/871356"}],"wp:attachment":[{"href":"https:\/\/www.pressenza.com\/es\/wp-json\/wp\/v2\/media?parent=871345"}],"wp:term":[{"taxonomy":"category","embeddable":true,"href":"https:\/\/www.pressenza.com\/es\/wp-json\/wp\/v2\/categories?post=871345"},{"taxonomy":"post_tag","embeddable":true,"href":"https:\/\/www.pressenza.com\/es\/wp-json\/wp\/v2\/tags?post=871345"}],"curies":[{"name":"wp","href":"https:\/\/api.w.org\/{rel}","templated":true}]}}