{"id":871340,"date":"2019-06-14T21:41:14","date_gmt":"2019-06-14T20:41:14","guid":{"rendered":"https:\/\/www.pressenza.com\/?p=871340"},"modified":"2019-06-14T21:41:14","modified_gmt":"2019-06-14T20:41:14","slug":"premier-en-nueva-york-del-filme-el-principio-del-fin-de-las-armas-nucleares","status":"publish","type":"post","link":"https:\/\/www.pressenza.com\/es\/2019\/06\/premier-en-nueva-york-del-filme-el-principio-del-fin-de-las-armas-nucleares\/","title":{"rendered":"Premier en Nueva York del filme &#8216;El principio del fin de las armas nucleares&#8217;"},"content":{"rendered":"<p>Una idea que naci\u00f3 hace un a\u00f1o, grabar la historia del Tratado sobre la Prohibici\u00f3n de las Armas Nucleares, se convirti\u00f3 en realidad la semana pasada cuando tuvo lugar en Nueva York el estreno mundial de la pel\u00edcula \u2018El comienzo del fin de las armas nucleares\u2019 en el Village East Cinema.<\/p>\n<p>Una audiencia de alrededor de 70 personas, formada por activistas, periodistas y dos personas de la Misi\u00f3n Permanente de M\u00e9xico ante la ONU, \u00a0acogi\u00f3 con entusiasmo la pel\u00edcula que cuenta la historia de la bomba, el activismo antinuclear y el Tratado sobre la Prohibici\u00f3n de las Armas Nucleares en palabras de personas que han dedicado sus vidas a hacerlas ilegales. Termina con ejemplos de c\u00f3mo alguien puede involucrarse para marcar la diferencia y aumentar la estigmatizaci\u00f3n de las armas nucleares con el objetivo de que los gobiernos firmen y ratifiquen el Tratado lo antes posible.<\/p>\n<p>Las siguientes im\u00e1genes, tomadas por la fot\u00f3grafa francesa Brigitte Cano, capturan la atm\u00f3sfera.<\/p>\n<div class=\"post-gallery\">\n\t\t\t<figure class=\"post-gallery-item\">\n\t\t\t\t<img decoding=\"async\" src=\"https:\/\/www.pressenza.com\/wp-content\/uploads\/2019\/06\/DSC_6588-720x480.jpg\" loading=\"lazy\">\n\t\t\t\t<figcaption>\n\t\t\t\t\tGrabando reacciones despu\u00e9s de la premiere.\n\t\t\t\t<\/figcaption>\n\t\t\t<\/figure>\n\t\t\t<figure class=\"post-gallery-item\">\n\t\t\t\t<img decoding=\"async\" src=\"https:\/\/www.pressenza.com\/wp-content\/uploads\/2019\/06\/DSC_6578-720x480.jpg\" loading=\"lazy\">\n\t\t\t\t<figcaption>\n\t\t\t\t\tMaria Antonieta Jaquez from the Permanent Mission of Mexico to the UN in New York congratulates director, \u00c1lvaro Or\u00fas.\n\t\t\t\t<\/figcaption>\n\t\t\t<\/figure>\n\t\t\t<figure class=\"post-gallery-item\">\n\t\t\t\t<img decoding=\"async\" src=\"https:\/\/www.pressenza.com\/wp-content\/uploads\/2019\/06\/DSC_6573-720x480.jpg\" loading=\"lazy\">\n\t\t\t\t<figcaption>\n\t\t\t\t\t\n\t\t\t\t<\/figcaption>\n\t\t\t<\/figure>\n\t\t\t<figure class=\"post-gallery-item\">\n\t\t\t\t<img decoding=\"async\" src=\"https:\/\/www.pressenza.com\/wp-content\/uploads\/2019\/06\/DSC_6567-720x480.jpg\" loading=\"lazy\">\n\t\t\t\t<figcaption>\n\t\t\t\t\tDirector \u00c1lvaro Or\u00fas with Pressenza co-director, P\u00eda Figueroa\n\t\t\t\t<\/figcaption>\n\t\t\t<\/figure>\n\t\t\t<figure class=\"post-gallery-item\">\n\t\t\t\t<img decoding=\"async\" src=\"https:\/\/www.pressenza.com\/wp-content\/uploads\/2019\/06\/DSC_6547-720x480.jpg\" loading=\"lazy\">\n\t\t\t\t<figcaption>\n\t\t\t\t\tThe audience\n\t\t\t\t<\/figcaption>\n\t\t\t<\/figure>\n\t\t\t<figure class=\"post-gallery-item\">\n\t\t\t\t<img decoding=\"async\" src=\"https:\/\/www.pressenza.com\/wp-content\/uploads\/2019\/06\/DSC_6542-720x480.jpg\" loading=\"lazy\">\n\t\t\t\t<figcaption>\n\t\t\t\t\tDavid Andersson, Pressenza New York, our host for the evening.\n\t\t\t\t<\/figcaption>\n\t\t\t<\/figure>\n\t\t\t<figure class=\"post-gallery-item\">\n\t\t\t\t<img decoding=\"async\" src=\"https:\/\/www.pressenza.com\/wp-content\/uploads\/2019\/06\/DSC_6538-720x480.jpg\" loading=\"lazy\">\n\t\t\t\t<figcaption>\n\t\t\t\t\t\n\t\t\t\t<\/figcaption>\n\t\t\t<\/figure>\n\t\t\t<figure class=\"post-gallery-item\">\n\t\t\t\t<img decoding=\"async\" src=\"https:\/\/www.pressenza.com\/wp-content\/uploads\/2019\/06\/DSC_6534-720x480.jpg\" loading=\"lazy\">\n\t\t\t\t<figcaption>\n\t\t\t\t\tTaking questions from the audience\n\t\t\t\t<\/figcaption>\n\t\t\t<\/figure>\n\t\t\t<figure class=\"post-gallery-item\">\n\t\t\t\t<img decoding=\"async\" src=\"https:\/\/www.pressenza.com\/wp-content\/uploads\/2019\/06\/DSC_6521-720x480.jpg\" loading=\"lazy\">\n\t\t\t\t<figcaption>\n\t\t\t\t\tDirector \u00c1lvaro Or\u00fas\n\t\t\t\t<\/figcaption>\n\t\t\t<\/figure>\n\t\t\t<figure class=\"post-gallery-item\">\n\t\t\t\t<img decoding=\"async\" src=\"https:\/\/www.pressenza.com\/wp-content\/uploads\/2019\/06\/DSC_6499-720x480.jpg\" loading=\"lazy\">\n\t\t\t\t<figcaption>\n\t\t\t\t\tProducer Tony Robinson\n\t\t\t\t<\/figcaption>\n\t\t\t<\/figure>\n\t\t\t<figure class=\"post-gallery-item\">\n\t\t\t\t<img decoding=\"async\" src=\"https:\/\/www.pressenza.com\/wp-content\/uploads\/2019\/06\/DSC_6489-720x480.jpg\" loading=\"lazy\">\n\t\t\t\t<figcaption>\n\t\t\t\t\tThe Premiere is held within the framing of Pressenza's 10th birthday celebrations\n\t\t\t\t<\/figcaption>\n\t\t\t<\/figure>\n\t\t\t<figure class=\"post-gallery-item\">\n\t\t\t\t<img decoding=\"async\" src=\"https:\/\/www.pressenza.com\/wp-content\/uploads\/2019\/06\/DSC_6485-720x480.jpg\" loading=\"lazy\">\n\t\t\t\t<figcaption>\n\t\t\t\t\tAdmiring the poster\n\t\t\t\t<\/figcaption>\n\t\t\t<\/figure><\/div>\n","protected":false},"excerpt":{"rendered":"<p>Una idea que naci\u00f3 hace un a\u00f1o, grabar la historia del Tratado sobre la Prohibici\u00f3n de las Armas Nucleares, se convirti\u00f3 en realidad la semana pasada cuando tuvo lugar en Nueva York el estreno mundial de la pel\u00edcula \u2018El comienzo&hellip;<\/p>\n","protected":false},"author":6,"featured_media":871261,"comment_status":"closed","ping_status":"closed","sticky":false,"template":"","format":"standard","meta":{"footnotes":""},"categories":[11389,75,5667,39,1243],"tags":[30939,58792,44688],"class_list":["post-871340","post","type-post","status-publish","format-standard","has-post-thumbnail","hentry","category-contenido-original","category-cultura-es","category-foto-reportajes","category-internacional","category-paz-desarme","tag-alvaro-orus-es","tag-el-principio-del-fin-de-las-armas-nucleares","tag-tratado-de-prohibicion-de-las-armas-nucleares"],"yoast_head":"<!-- This site is optimized with the Yoast SEO plugin v27.1.1 - https:\/\/yoast.com\/product\/yoast-seo-wordpress\/ -->\n<title>Premier en Nueva York del filme &#039;El principio del fin de las armas nucleares&#039;<\/title>\n<meta name=\"description\" content=\"Una idea que naci\u00f3 hace un a\u00f1o, grabar la historia del Tratado sobre la Prohibici\u00f3n de las Armas Nucleares, se convirti\u00f3 en realidad la semana pasada Se ha estrenado en Nueva York el documental &#039;El principio del fin de las armas nucleares&#039;.\" \/>\n<meta name=\"robots\" content=\"index, follow, max-snippet:-1, max-image-preview:large, max-video-preview:-1\" \/>\n<link rel=\"canonical\" href=\"https:\/\/www.pressenza.com\/es\/2019\/06\/premier-en-nueva-york-del-filme-el-principio-del-fin-de-las-armas-nucleares\/\" \/>\n<meta property=\"og:locale\" content=\"es_ES\" \/>\n<meta property=\"og:type\" content=\"article\" \/>\n<meta property=\"og:title\" content=\"Premier en Nueva York del filme &#039;El principio del fin de las armas nucleares&#039;\" \/>\n<meta property=\"og:description\" content=\"Una idea que naci\u00f3 hace un a\u00f1o, grabar la historia del Tratado sobre la Prohibici\u00f3n de las Armas Nucleares, se convirti\u00f3 en realidad la semana pasada Se ha estrenado en Nueva York el documental &#039;El principio del fin de las armas nucleares&#039;.\" \/>\n<meta property=\"og:url\" content=\"https:\/\/www.pressenza.com\/es\/2019\/06\/premier-en-nueva-york-del-filme-el-principio-del-fin-de-las-armas-nucleares\/\" \/>\n<meta property=\"og:site_name\" content=\"Pressenza\" \/>\n<meta property=\"article:publisher\" content=\"https:\/\/www.facebook.com\/PressenzaItalia\" \/>\n<meta property=\"article:published_time\" content=\"2019-06-14T20:41:14+00:00\" \/>\n<meta property=\"og:image\" content=\"https:\/\/www.pressenza.com\/wp-content\/uploads\/2019\/06\/DSC_6601.jpg\" \/>\n\t<meta property=\"og:image:width\" content=\"2048\" \/>\n\t<meta property=\"og:image:height\" content=\"1365\" \/>\n\t<meta property=\"og:image:type\" content=\"image\/jpeg\" \/>\n<meta name=\"author\" content=\"Tony Robinson\" \/>\n<meta name=\"twitter:card\" content=\"summary_large_image\" \/>\n<meta name=\"twitter:creator\" content=\"@TonyRobinson6\" \/>\n<meta name=\"twitter:site\" content=\"@PressenzaIPA\" \/>\n<meta name=\"twitter:label1\" content=\"Escrito por\" \/>\n\t<meta name=\"twitter:data1\" content=\"Tony Robinson\" \/>\n\t<meta name=\"twitter:label2\" content=\"Tiempo de lectura\" \/>\n\t<meta name=\"twitter:data2\" content=\"1 minuto\" \/>\n<script type=\"application\/ld+json\" class=\"yoast-schema-graph\">{\"@context\":\"https:\/\/schema.org\",\"@graph\":[{\"@type\":\"Article\",\"@id\":\"https:\/\/www.pressenza.com\/es\/2019\/06\/premier-en-nueva-york-del-filme-el-principio-del-fin-de-las-armas-nucleares\/#article\",\"isPartOf\":{\"@id\":\"https:\/\/www.pressenza.com\/es\/2019\/06\/premier-en-nueva-york-del-filme-el-principio-del-fin-de-las-armas-nucleares\/\"},\"author\":{\"name\":\"Tony Robinson\",\"@id\":\"https:\/\/www.pressenza.com\/es\/#\/schema\/person\/a96a2ff6530dbb8bcf9ec001febc4af4\"},\"headline\":\"Premier en Nueva York del filme &#8216;El principio del fin de las armas nucleares&#8217;\",\"datePublished\":\"2019-06-14T20:41:14+00:00\",\"mainEntityOfPage\":{\"@id\":\"https:\/\/www.pressenza.com\/es\/2019\/06\/premier-en-nueva-york-del-filme-el-principio-del-fin-de-las-armas-nucleares\/\"},\"wordCount\":186,\"publisher\":{\"@id\":\"https:\/\/www.pressenza.com\/es\/#organization\"},\"image\":{\"@id\":\"https:\/\/www.pressenza.com\/es\/2019\/06\/premier-en-nueva-york-del-filme-el-principio-del-fin-de-las-armas-nucleares\/#primaryimage\"},\"thumbnailUrl\":\"https:\/\/www.pressenza.com\/wp-content\/uploads\/2019\/06\/DSC_6601.jpg\",\"keywords\":[\"\u00c1lvaro Or\u00fas\",\"El principio del fin de las armas nucleares\",\"Tratado de Prohibici\u00f3n de las Armas Nucleares\"],\"articleSection\":[\"Contenido Original\",\"Cultura y Medios\",\"Fotorreportajes\",\"Internacional\",\"Paz y Desarme\"],\"inLanguage\":\"es\"},{\"@type\":\"WebPage\",\"@id\":\"https:\/\/www.pressenza.com\/es\/2019\/06\/premier-en-nueva-york-del-filme-el-principio-del-fin-de-las-armas-nucleares\/\",\"url\":\"https:\/\/www.pressenza.com\/es\/2019\/06\/premier-en-nueva-york-del-filme-el-principio-del-fin-de-las-armas-nucleares\/\",\"name\":\"Premier en Nueva York del filme 'El principio del fin de las armas nucleares'\",\"isPartOf\":{\"@id\":\"https:\/\/www.pressenza.com\/es\/#website\"},\"primaryImageOfPage\":{\"@id\":\"https:\/\/www.pressenza.com\/es\/2019\/06\/premier-en-nueva-york-del-filme-el-principio-del-fin-de-las-armas-nucleares\/#primaryimage\"},\"image\":{\"@id\":\"https:\/\/www.pressenza.com\/es\/2019\/06\/premier-en-nueva-york-del-filme-el-principio-del-fin-de-las-armas-nucleares\/#primaryimage\"},\"thumbnailUrl\":\"https:\/\/www.pressenza.com\/wp-content\/uploads\/2019\/06\/DSC_6601.jpg\",\"datePublished\":\"2019-06-14T20:41:14+00:00\",\"description\":\"Una idea que naci\u00f3 hace un a\u00f1o, grabar la historia del Tratado sobre la Prohibici\u00f3n de las Armas Nucleares, se convirti\u00f3 en realidad la semana pasada Se ha estrenado en Nueva York el documental 'El principio del fin de las armas nucleares'.\",\"breadcrumb\":{\"@id\":\"https:\/\/www.pressenza.com\/es\/2019\/06\/premier-en-nueva-york-del-filme-el-principio-del-fin-de-las-armas-nucleares\/#breadcrumb\"},\"inLanguage\":\"es\",\"potentialAction\":[{\"@type\":\"ReadAction\",\"target\":[\"https:\/\/www.pressenza.com\/es\/2019\/06\/premier-en-nueva-york-del-filme-el-principio-del-fin-de-las-armas-nucleares\/\"]}]},{\"@type\":\"ImageObject\",\"inLanguage\":\"es\",\"@id\":\"https:\/\/www.pressenza.com\/es\/2019\/06\/premier-en-nueva-york-del-filme-el-principio-del-fin-de-las-armas-nucleares\/#primaryimage\",\"url\":\"https:\/\/www.pressenza.com\/wp-content\/uploads\/2019\/06\/DSC_6601.jpg\",\"contentUrl\":\"https:\/\/www.pressenza.com\/wp-content\/uploads\/2019\/06\/DSC_6601.jpg\",\"width\":2048,\"height\":1365,\"caption\":\"Village East Cinema, New York\"},{\"@type\":\"BreadcrumbList\",\"@id\":\"https:\/\/www.pressenza.com\/es\/2019\/06\/premier-en-nueva-york-del-filme-el-principio-del-fin-de-las-armas-nucleares\/#breadcrumb\",\"itemListElement\":[{\"@type\":\"ListItem\",\"position\":1,\"name\":\"Accueil\",\"item\":\"https:\/\/www.pressenza.com\/es\/\"},{\"@type\":\"ListItem\",\"position\":2,\"name\":\"Premier en Nueva York del filme &#8216;El principio del fin de las armas nucleares&#8217;\"}]},{\"@type\":\"WebSite\",\"@id\":\"https:\/\/www.pressenza.com\/es\/#website\",\"url\":\"https:\/\/www.pressenza.com\/es\/\",\"name\":\"Pressenza\",\"description\":\"International Press Agency\",\"publisher\":{\"@id\":\"https:\/\/www.pressenza.com\/es\/#organization\"},\"potentialAction\":[{\"@type\":\"SearchAction\",\"target\":{\"@type\":\"EntryPoint\",\"urlTemplate\":\"https:\/\/www.pressenza.com\/es\/?s={search_term_string}\"},\"query-input\":{\"@type\":\"PropertyValueSpecification\",\"valueRequired\":true,\"valueName\":\"search_term_string\"}}],\"inLanguage\":\"es\"},{\"@type\":\"Organization\",\"@id\":\"https:\/\/www.pressenza.com\/es\/#organization\",\"name\":\"Pressenza\",\"url\":\"https:\/\/www.pressenza.com\/es\/\",\"logo\":{\"@type\":\"ImageObject\",\"inLanguage\":\"es\",\"@id\":\"https:\/\/www.pressenza.com\/es\/#\/schema\/logo\/image\/\",\"url\":\"https:\/\/www.pressenza.com\/wp-content\/uploads\/2022\/10\/pressenza_logo_200x200.jpg\",\"contentUrl\":\"https:\/\/www.pressenza.com\/wp-content\/uploads\/2022\/10\/pressenza_logo_200x200.jpg\",\"width\":200,\"height\":200,\"caption\":\"Pressenza\"},\"image\":{\"@id\":\"https:\/\/www.pressenza.com\/es\/#\/schema\/logo\/image\/\"},\"sameAs\":[\"https:\/\/www.facebook.com\/PressenzaItalia\",\"https:\/\/x.com\/PressenzaIPA\"]},{\"@type\":\"Person\",\"@id\":\"https:\/\/www.pressenza.com\/es\/#\/schema\/person\/a96a2ff6530dbb8bcf9ec001febc4af4\",\"name\":\"Tony Robinson\",\"description\":\"Humanist Movement Activist, ex-Director of the Middle East Treaty Organization and coordinating committee member of Abolition 2000 - Global Network to Eliminate Nuclear Weapons, author of the book \\\"Coffee with Silo and the quest for meaning in life\\\" and producer of the film \\\"The Beginning of the End of Nuclear Weapons\\\".\",\"sameAs\":[\"https:\/\/x.com\/TonyRobinson6\"],\"url\":\"https:\/\/www.pressenza.com\/es\/author\/tony-robinson\/\"}]}<\/script>\n<!-- \/ Yoast SEO plugin. -->","yoast_head_json":{"title":"Premier en Nueva York del filme 'El principio del fin de las armas nucleares'","description":"Una idea que naci\u00f3 hace un a\u00f1o, grabar la historia del Tratado sobre la Prohibici\u00f3n de las Armas Nucleares, se convirti\u00f3 en realidad la semana pasada Se ha estrenado en Nueva York el documental 'El principio del fin de las armas nucleares'.","robots":{"index":"index","follow":"follow","max-snippet":"max-snippet:-1","max-image-preview":"max-image-preview:large","max-video-preview":"max-video-preview:-1"},"canonical":"https:\/\/www.pressenza.com\/es\/2019\/06\/premier-en-nueva-york-del-filme-el-principio-del-fin-de-las-armas-nucleares\/","og_locale":"es_ES","og_type":"article","og_title":"Premier en Nueva York del filme 'El principio del fin de las armas nucleares'","og_description":"Una idea que naci\u00f3 hace un a\u00f1o, grabar la historia del Tratado sobre la Prohibici\u00f3n de las Armas Nucleares, se convirti\u00f3 en realidad la semana pasada Se ha estrenado en Nueva York el documental 'El principio del fin de las armas nucleares'.","og_url":"https:\/\/www.pressenza.com\/es\/2019\/06\/premier-en-nueva-york-del-filme-el-principio-del-fin-de-las-armas-nucleares\/","og_site_name":"Pressenza","article_publisher":"https:\/\/www.facebook.com\/PressenzaItalia","article_published_time":"2019-06-14T20:41:14+00:00","og_image":[{"width":2048,"height":1365,"url":"https:\/\/www.pressenza.com\/wp-content\/uploads\/2019\/06\/DSC_6601.jpg","type":"image\/jpeg"}],"author":"Tony Robinson","twitter_card":"summary_large_image","twitter_creator":"@TonyRobinson6","twitter_site":"@PressenzaIPA","twitter_misc":{"Escrito por":"Tony Robinson","Tiempo de lectura":"1 minuto"},"schema":{"@context":"https:\/\/schema.org","@graph":[{"@type":"Article","@id":"https:\/\/www.pressenza.com\/es\/2019\/06\/premier-en-nueva-york-del-filme-el-principio-del-fin-de-las-armas-nucleares\/#article","isPartOf":{"@id":"https:\/\/www.pressenza.com\/es\/2019\/06\/premier-en-nueva-york-del-filme-el-principio-del-fin-de-las-armas-nucleares\/"},"author":{"name":"Tony Robinson","@id":"https:\/\/www.pressenza.com\/es\/#\/schema\/person\/a96a2ff6530dbb8bcf9ec001febc4af4"},"headline":"Premier en Nueva York del filme &#8216;El principio del fin de las armas nucleares&#8217;","datePublished":"2019-06-14T20:41:14+00:00","mainEntityOfPage":{"@id":"https:\/\/www.pressenza.com\/es\/2019\/06\/premier-en-nueva-york-del-filme-el-principio-del-fin-de-las-armas-nucleares\/"},"wordCount":186,"publisher":{"@id":"https:\/\/www.pressenza.com\/es\/#organization"},"image":{"@id":"https:\/\/www.pressenza.com\/es\/2019\/06\/premier-en-nueva-york-del-filme-el-principio-del-fin-de-las-armas-nucleares\/#primaryimage"},"thumbnailUrl":"https:\/\/www.pressenza.com\/wp-content\/uploads\/2019\/06\/DSC_6601.jpg","keywords":["\u00c1lvaro Or\u00fas","El principio del fin de las armas nucleares","Tratado de Prohibici\u00f3n de las Armas Nucleares"],"articleSection":["Contenido Original","Cultura y Medios","Fotorreportajes","Internacional","Paz y Desarme"],"inLanguage":"es"},{"@type":"WebPage","@id":"https:\/\/www.pressenza.com\/es\/2019\/06\/premier-en-nueva-york-del-filme-el-principio-del-fin-de-las-armas-nucleares\/","url":"https:\/\/www.pressenza.com\/es\/2019\/06\/premier-en-nueva-york-del-filme-el-principio-del-fin-de-las-armas-nucleares\/","name":"Premier en Nueva York del filme 'El principio del fin de las armas nucleares'","isPartOf":{"@id":"https:\/\/www.pressenza.com\/es\/#website"},"primaryImageOfPage":{"@id":"https:\/\/www.pressenza.com\/es\/2019\/06\/premier-en-nueva-york-del-filme-el-principio-del-fin-de-las-armas-nucleares\/#primaryimage"},"image":{"@id":"https:\/\/www.pressenza.com\/es\/2019\/06\/premier-en-nueva-york-del-filme-el-principio-del-fin-de-las-armas-nucleares\/#primaryimage"},"thumbnailUrl":"https:\/\/www.pressenza.com\/wp-content\/uploads\/2019\/06\/DSC_6601.jpg","datePublished":"2019-06-14T20:41:14+00:00","description":"Una idea que naci\u00f3 hace un a\u00f1o, grabar la historia del Tratado sobre la Prohibici\u00f3n de las Armas Nucleares, se convirti\u00f3 en realidad la semana pasada Se ha estrenado en Nueva York el documental 'El principio del fin de las armas nucleares'.","breadcrumb":{"@id":"https:\/\/www.pressenza.com\/es\/2019\/06\/premier-en-nueva-york-del-filme-el-principio-del-fin-de-las-armas-nucleares\/#breadcrumb"},"inLanguage":"es","potentialAction":[{"@type":"ReadAction","target":["https:\/\/www.pressenza.com\/es\/2019\/06\/premier-en-nueva-york-del-filme-el-principio-del-fin-de-las-armas-nucleares\/"]}]},{"@type":"ImageObject","inLanguage":"es","@id":"https:\/\/www.pressenza.com\/es\/2019\/06\/premier-en-nueva-york-del-filme-el-principio-del-fin-de-las-armas-nucleares\/#primaryimage","url":"https:\/\/www.pressenza.com\/wp-content\/uploads\/2019\/06\/DSC_6601.jpg","contentUrl":"https:\/\/www.pressenza.com\/wp-content\/uploads\/2019\/06\/DSC_6601.jpg","width":2048,"height":1365,"caption":"Village East Cinema, New York"},{"@type":"BreadcrumbList","@id":"https:\/\/www.pressenza.com\/es\/2019\/06\/premier-en-nueva-york-del-filme-el-principio-del-fin-de-las-armas-nucleares\/#breadcrumb","itemListElement":[{"@type":"ListItem","position":1,"name":"Accueil","item":"https:\/\/www.pressenza.com\/es\/"},{"@type":"ListItem","position":2,"name":"Premier en Nueva York del filme &#8216;El principio del fin de las armas nucleares&#8217;"}]},{"@type":"WebSite","@id":"https:\/\/www.pressenza.com\/es\/#website","url":"https:\/\/www.pressenza.com\/es\/","name":"Pressenza","description":"International Press Agency","publisher":{"@id":"https:\/\/www.pressenza.com\/es\/#organization"},"potentialAction":[{"@type":"SearchAction","target":{"@type":"EntryPoint","urlTemplate":"https:\/\/www.pressenza.com\/es\/?s={search_term_string}"},"query-input":{"@type":"PropertyValueSpecification","valueRequired":true,"valueName":"search_term_string"}}],"inLanguage":"es"},{"@type":"Organization","@id":"https:\/\/www.pressenza.com\/es\/#organization","name":"Pressenza","url":"https:\/\/www.pressenza.com\/es\/","logo":{"@type":"ImageObject","inLanguage":"es","@id":"https:\/\/www.pressenza.com\/es\/#\/schema\/logo\/image\/","url":"https:\/\/www.pressenza.com\/wp-content\/uploads\/2022\/10\/pressenza_logo_200x200.jpg","contentUrl":"https:\/\/www.pressenza.com\/wp-content\/uploads\/2022\/10\/pressenza_logo_200x200.jpg","width":200,"height":200,"caption":"Pressenza"},"image":{"@id":"https:\/\/www.pressenza.com\/es\/#\/schema\/logo\/image\/"},"sameAs":["https:\/\/www.facebook.com\/PressenzaItalia","https:\/\/x.com\/PressenzaIPA"]},{"@type":"Person","@id":"https:\/\/www.pressenza.com\/es\/#\/schema\/person\/a96a2ff6530dbb8bcf9ec001febc4af4","name":"Tony Robinson","description":"Humanist Movement Activist, ex-Director of the Middle East Treaty Organization and coordinating committee member of Abolition 2000 - Global Network to Eliminate Nuclear Weapons, author of the book \"Coffee with Silo and the quest for meaning in life\" and producer of the film \"The Beginning of the End of Nuclear Weapons\".","sameAs":["https:\/\/x.com\/TonyRobinson6"],"url":"https:\/\/www.pressenza.com\/es\/author\/tony-robinson\/"}]}},"place":"Nueva York","original_article_url":"","_links":{"self":[{"href":"https:\/\/www.pressenza.com\/es\/wp-json\/wp\/v2\/posts\/871340","targetHints":{"allow":["GET"]}}],"collection":[{"href":"https:\/\/www.pressenza.com\/es\/wp-json\/wp\/v2\/posts"}],"about":[{"href":"https:\/\/www.pressenza.com\/es\/wp-json\/wp\/v2\/types\/post"}],"author":[{"embeddable":true,"href":"https:\/\/www.pressenza.com\/es\/wp-json\/wp\/v2\/users\/6"}],"replies":[{"embeddable":true,"href":"https:\/\/www.pressenza.com\/es\/wp-json\/wp\/v2\/comments?post=871340"}],"version-history":[{"count":0,"href":"https:\/\/www.pressenza.com\/es\/wp-json\/wp\/v2\/posts\/871340\/revisions"}],"wp:featuredmedia":[{"embeddable":true,"href":"https:\/\/www.pressenza.com\/es\/wp-json\/wp\/v2\/media\/871261"}],"wp:attachment":[{"href":"https:\/\/www.pressenza.com\/es\/wp-json\/wp\/v2\/media?parent=871340"}],"wp:term":[{"taxonomy":"category","embeddable":true,"href":"https:\/\/www.pressenza.com\/es\/wp-json\/wp\/v2\/categories?post=871340"},{"taxonomy":"post_tag","embeddable":true,"href":"https:\/\/www.pressenza.com\/es\/wp-json\/wp\/v2\/tags?post=871340"}],"curies":[{"name":"wp","href":"https:\/\/api.w.org\/{rel}","templated":true}]}}