{"id":870,"date":"2009-08-08T00:00:00","date_gmt":"2009-08-08T00:00:00","guid":{"rendered":""},"modified":"2009-08-08T11:01:37","modified_gmt":"2009-08-08T11:01:37","slug":"siete-ciudades-recordaron-a-nagasaky-e-hiroshima-en-ecuador","status":"publish","type":"post","link":"https:\/\/www.pressenza.com\/es\/2009\/08\/siete-ciudades-recordaron-a-nagasaky-e-hiroshima-en-ecuador\/","title":{"rendered":"Siete ciudades recordaron a  Nagasaky e Hiroshima en Ecuador"},"content":{"rendered":"<p>Los Coros de la Unita y de la ESPE  fueron la nota central del evento en Quito, \u201cUn Canto por la Paz\u201d, realizado en la Plaza de la Culturas. La capital record\u00f3 as\u00ed  a las v\u00edctimas de las bombas at\u00f3micas lanzadas en Nagasaky e Hiroshima.<\/p>\n<p>Los distintos actos, organizados por los participantes de la Marcha Mundial por la Paz y la No violencia  contaron tambi\u00e9n con el testimonio de  ciudadanos colombianos refugiados. En Quito pronunci\u00f3 algunas palabras Jer\u00f3nimo Villarreal, Vocero del humanismo para el Ecuador,  qui\u00e9n  acentu\u00f3 la necesidad de avanzar hacia la cultura de la paz y la No violencia.<\/p>\n<p>Al finalizar los actos se lanzaron globos con la palabra PAZ y se repartieron grullas de origami, que simbolizan el crecimiento del n\u00famero de personas que anhelan dun mundo en paz.<\/p>\n","protected":false},"excerpt":{"rendered":"<p>En las ciudades de Guayaquil, Machala, Cuenca, Riobamba, Babahoyo y Manta  se realizaron diversos actos por la conmemoraci\u00f3n de las explosiones nucleares. En todos ellos se invit\u00f3 a la ciudadan\u00eda a  pedir  que nunca m\u00e1s la humanidad vuelva a sufrir las consecuencias las bombas nucleares y  tambi\u00e9n a participar activamente de la Marcha Mundial por la Paz y la No violencia.<\/p>\n","protected":false},"author":19,"featured_media":0,"comment_status":"closed","ping_status":"open","sticky":false,"template":"","format":"standard","meta":{"footnotes":""},"categories":[75,67],"tags":[],"class_list":["post-870","post","type-post","status-publish","format-standard","hentry","category-cultura-es","category-sudamerica"],"yoast_head":"<!-- This site is optimized with the Yoast SEO plugin v27.1.1 - https:\/\/yoast.com\/product\/yoast-seo-wordpress\/ -->\n<title>Siete ciudades recordaron a Nagasaky e Hiroshima en Ecuador<\/title>\n<meta name=\"description\" content=\"En las ciudades de Guayaquil, Machala, Cuenca, Riobamba, Babahoyo y Manta se realizaron diversos actos por la conmemoraci\u00f3n de las explosiones nucleares. En todos ellos se invit\u00f3 a la ciudadan\u00eda a pedir que nunca m\u00e1s la humanidad vuelva a sufrir las consecuencias las bombas nucleares y tambi\u00e9n a participar activamente de la Marcha Mundial por la Paz y la No violencia.\" \/>\n<meta name=\"robots\" content=\"index, follow, max-snippet:-1, max-image-preview:large, max-video-preview:-1\" \/>\n<link rel=\"canonical\" href=\"https:\/\/www.pressenza.com\/es\/2009\/08\/siete-ciudades-recordaron-a-nagasaky-e-hiroshima-en-ecuador\/\" \/>\n<meta property=\"og:locale\" content=\"es_ES\" \/>\n<meta property=\"og:type\" content=\"article\" \/>\n<meta property=\"og:title\" content=\"Siete ciudades recordaron a Nagasaky e Hiroshima en Ecuador\" \/>\n<meta property=\"og:description\" content=\"En las ciudades de Guayaquil, Machala, Cuenca, Riobamba, Babahoyo y Manta se realizaron diversos actos por la conmemoraci\u00f3n de las explosiones nucleares. En todos ellos se invit\u00f3 a la ciudadan\u00eda a pedir que nunca m\u00e1s la humanidad vuelva a sufrir las consecuencias las bombas nucleares y tambi\u00e9n a participar activamente de la Marcha Mundial por la Paz y la No violencia.\" \/>\n<meta property=\"og:url\" content=\"https:\/\/www.pressenza.com\/es\/2009\/08\/siete-ciudades-recordaron-a-nagasaky-e-hiroshima-en-ecuador\/\" \/>\n<meta property=\"og:site_name\" content=\"Pressenza\" \/>\n<meta property=\"article:publisher\" content=\"https:\/\/www.facebook.com\/PressenzaItalia\" \/>\n<meta property=\"article:author\" content=\"https:\/\/www.facebook.com\/pressenza\" \/>\n<meta property=\"article:published_time\" content=\"2009-08-08T00:00:00+00:00\" \/>\n<meta property=\"article:modified_time\" content=\"2009-08-08T11:01:37+00:00\" \/>\n<meta name=\"author\" content=\"Pressenza IPA\" \/>\n<meta name=\"twitter:card\" content=\"summary_large_image\" \/>\n<meta name=\"twitter:creator\" content=\"@PressenzaIPA\" \/>\n<meta name=\"twitter:site\" content=\"@PressenzaIPA\" \/>\n<meta name=\"twitter:label1\" content=\"Escrito por\" \/>\n\t<meta name=\"twitter:data1\" content=\"Pressenza IPA\" \/>\n\t<meta name=\"twitter:label2\" content=\"Tiempo de lectura\" \/>\n\t<meta name=\"twitter:data2\" content=\"1 minuto\" \/>\n<script type=\"application\/ld+json\" class=\"yoast-schema-graph\">{\"@context\":\"https:\/\/schema.org\",\"@graph\":[{\"@type\":\"Article\",\"@id\":\"https:\/\/www.pressenza.com\/es\/2009\/08\/siete-ciudades-recordaron-a-nagasaky-e-hiroshima-en-ecuador\/#article\",\"isPartOf\":{\"@id\":\"https:\/\/www.pressenza.com\/es\/2009\/08\/siete-ciudades-recordaron-a-nagasaky-e-hiroshima-en-ecuador\/\"},\"author\":{\"name\":\"Pressenza IPA\",\"@id\":\"https:\/\/www.pressenza.com\/es\/#\/schema\/person\/010e5d02bcf40965427a1289a4cc8d75\"},\"headline\":\"Siete ciudades recordaron a Nagasaky e Hiroshima en Ecuador\",\"datePublished\":\"2009-08-08T00:00:00+00:00\",\"dateModified\":\"2009-08-08T11:01:37+00:00\",\"mainEntityOfPage\":{\"@id\":\"https:\/\/www.pressenza.com\/es\/2009\/08\/siete-ciudades-recordaron-a-nagasaky-e-hiroshima-en-ecuador\/\"},\"wordCount\":147,\"publisher\":{\"@id\":\"https:\/\/www.pressenza.com\/es\/#organization\"},\"articleSection\":[\"Cultura y Medios\",\"Sudam\u00e9rica\"],\"inLanguage\":\"es\"},{\"@type\":\"WebPage\",\"@id\":\"https:\/\/www.pressenza.com\/es\/2009\/08\/siete-ciudades-recordaron-a-nagasaky-e-hiroshima-en-ecuador\/\",\"url\":\"https:\/\/www.pressenza.com\/es\/2009\/08\/siete-ciudades-recordaron-a-nagasaky-e-hiroshima-en-ecuador\/\",\"name\":\"Siete ciudades recordaron a Nagasaky e Hiroshima en Ecuador\",\"isPartOf\":{\"@id\":\"https:\/\/www.pressenza.com\/es\/#website\"},\"datePublished\":\"2009-08-08T00:00:00+00:00\",\"dateModified\":\"2009-08-08T11:01:37+00:00\",\"description\":\"En las ciudades de Guayaquil, Machala, Cuenca, Riobamba, Babahoyo y Manta se realizaron diversos actos por la conmemoraci\u00f3n de las explosiones nucleares. En todos ellos se invit\u00f3 a la ciudadan\u00eda a pedir que nunca m\u00e1s la humanidad vuelva a sufrir las consecuencias las bombas nucleares y tambi\u00e9n a participar activamente de la Marcha Mundial por la Paz y la No violencia.\",\"breadcrumb\":{\"@id\":\"https:\/\/www.pressenza.com\/es\/2009\/08\/siete-ciudades-recordaron-a-nagasaky-e-hiroshima-en-ecuador\/#breadcrumb\"},\"inLanguage\":\"es\",\"potentialAction\":[{\"@type\":\"ReadAction\",\"target\":[\"https:\/\/www.pressenza.com\/es\/2009\/08\/siete-ciudades-recordaron-a-nagasaky-e-hiroshima-en-ecuador\/\"]}]},{\"@type\":\"BreadcrumbList\",\"@id\":\"https:\/\/www.pressenza.com\/es\/2009\/08\/siete-ciudades-recordaron-a-nagasaky-e-hiroshima-en-ecuador\/#breadcrumb\",\"itemListElement\":[{\"@type\":\"ListItem\",\"position\":1,\"name\":\"Accueil\",\"item\":\"https:\/\/www.pressenza.com\/es\/\"},{\"@type\":\"ListItem\",\"position\":2,\"name\":\"Siete ciudades recordaron a Nagasaky e Hiroshima en Ecuador\"}]},{\"@type\":\"WebSite\",\"@id\":\"https:\/\/www.pressenza.com\/es\/#website\",\"url\":\"https:\/\/www.pressenza.com\/es\/\",\"name\":\"Pressenza\",\"description\":\"International Press Agency\",\"publisher\":{\"@id\":\"https:\/\/www.pressenza.com\/es\/#organization\"},\"potentialAction\":[{\"@type\":\"SearchAction\",\"target\":{\"@type\":\"EntryPoint\",\"urlTemplate\":\"https:\/\/www.pressenza.com\/es\/?s={search_term_string}\"},\"query-input\":{\"@type\":\"PropertyValueSpecification\",\"valueRequired\":true,\"valueName\":\"search_term_string\"}}],\"inLanguage\":\"es\"},{\"@type\":\"Organization\",\"@id\":\"https:\/\/www.pressenza.com\/es\/#organization\",\"name\":\"Pressenza\",\"url\":\"https:\/\/www.pressenza.com\/es\/\",\"logo\":{\"@type\":\"ImageObject\",\"inLanguage\":\"es\",\"@id\":\"https:\/\/www.pressenza.com\/es\/#\/schema\/logo\/image\/\",\"url\":\"https:\/\/www.pressenza.com\/wp-content\/uploads\/2022\/10\/pressenza_logo_200x200.jpg\",\"contentUrl\":\"https:\/\/www.pressenza.com\/wp-content\/uploads\/2022\/10\/pressenza_logo_200x200.jpg\",\"width\":200,\"height\":200,\"caption\":\"Pressenza\"},\"image\":{\"@id\":\"https:\/\/www.pressenza.com\/es\/#\/schema\/logo\/image\/\"},\"sameAs\":[\"https:\/\/www.facebook.com\/PressenzaItalia\",\"https:\/\/x.com\/PressenzaIPA\"]},{\"@type\":\"Person\",\"@id\":\"https:\/\/www.pressenza.com\/es\/#\/schema\/person\/010e5d02bcf40965427a1289a4cc8d75\",\"name\":\"Pressenza IPA\",\"description\":\"News from Pressenza IPA correspondents\",\"sameAs\":[\"https:\/\/www.facebook.com\/pressenza\",\"https:\/\/x.com\/PressenzaIPA\"],\"url\":\"https:\/\/www.pressenza.com\/es\/author\/pressenza-ipa\/\"}]}<\/script>\n<!-- \/ Yoast SEO plugin. -->","yoast_head_json":{"title":"Siete ciudades recordaron a Nagasaky e Hiroshima en Ecuador","description":"En las ciudades de Guayaquil, Machala, Cuenca, Riobamba, Babahoyo y Manta se realizaron diversos actos por la conmemoraci\u00f3n de las explosiones nucleares. En todos ellos se invit\u00f3 a la ciudadan\u00eda a pedir que nunca m\u00e1s la humanidad vuelva a sufrir las consecuencias las bombas nucleares y tambi\u00e9n a participar activamente de la Marcha Mundial por la Paz y la No violencia.","robots":{"index":"index","follow":"follow","max-snippet":"max-snippet:-1","max-image-preview":"max-image-preview:large","max-video-preview":"max-video-preview:-1"},"canonical":"https:\/\/www.pressenza.com\/es\/2009\/08\/siete-ciudades-recordaron-a-nagasaky-e-hiroshima-en-ecuador\/","og_locale":"es_ES","og_type":"article","og_title":"Siete ciudades recordaron a Nagasaky e Hiroshima en Ecuador","og_description":"En las ciudades de Guayaquil, Machala, Cuenca, Riobamba, Babahoyo y Manta se realizaron diversos actos por la conmemoraci\u00f3n de las explosiones nucleares. En todos ellos se invit\u00f3 a la ciudadan\u00eda a pedir que nunca m\u00e1s la humanidad vuelva a sufrir las consecuencias las bombas nucleares y tambi\u00e9n a participar activamente de la Marcha Mundial por la Paz y la No violencia.","og_url":"https:\/\/www.pressenza.com\/es\/2009\/08\/siete-ciudades-recordaron-a-nagasaky-e-hiroshima-en-ecuador\/","og_site_name":"Pressenza","article_publisher":"https:\/\/www.facebook.com\/PressenzaItalia","article_author":"https:\/\/www.facebook.com\/pressenza","article_published_time":"2009-08-08T00:00:00+00:00","article_modified_time":"2009-08-08T11:01:37+00:00","author":"Pressenza IPA","twitter_card":"summary_large_image","twitter_creator":"@PressenzaIPA","twitter_site":"@PressenzaIPA","twitter_misc":{"Escrito por":"Pressenza IPA","Tiempo de lectura":"1 minuto"},"schema":{"@context":"https:\/\/schema.org","@graph":[{"@type":"Article","@id":"https:\/\/www.pressenza.com\/es\/2009\/08\/siete-ciudades-recordaron-a-nagasaky-e-hiroshima-en-ecuador\/#article","isPartOf":{"@id":"https:\/\/www.pressenza.com\/es\/2009\/08\/siete-ciudades-recordaron-a-nagasaky-e-hiroshima-en-ecuador\/"},"author":{"name":"Pressenza IPA","@id":"https:\/\/www.pressenza.com\/es\/#\/schema\/person\/010e5d02bcf40965427a1289a4cc8d75"},"headline":"Siete ciudades recordaron a Nagasaky e Hiroshima en Ecuador","datePublished":"2009-08-08T00:00:00+00:00","dateModified":"2009-08-08T11:01:37+00:00","mainEntityOfPage":{"@id":"https:\/\/www.pressenza.com\/es\/2009\/08\/siete-ciudades-recordaron-a-nagasaky-e-hiroshima-en-ecuador\/"},"wordCount":147,"publisher":{"@id":"https:\/\/www.pressenza.com\/es\/#organization"},"articleSection":["Cultura y Medios","Sudam\u00e9rica"],"inLanguage":"es"},{"@type":"WebPage","@id":"https:\/\/www.pressenza.com\/es\/2009\/08\/siete-ciudades-recordaron-a-nagasaky-e-hiroshima-en-ecuador\/","url":"https:\/\/www.pressenza.com\/es\/2009\/08\/siete-ciudades-recordaron-a-nagasaky-e-hiroshima-en-ecuador\/","name":"Siete ciudades recordaron a Nagasaky e Hiroshima en Ecuador","isPartOf":{"@id":"https:\/\/www.pressenza.com\/es\/#website"},"datePublished":"2009-08-08T00:00:00+00:00","dateModified":"2009-08-08T11:01:37+00:00","description":"En las ciudades de Guayaquil, Machala, Cuenca, Riobamba, Babahoyo y Manta se realizaron diversos actos por la conmemoraci\u00f3n de las explosiones nucleares. En todos ellos se invit\u00f3 a la ciudadan\u00eda a pedir que nunca m\u00e1s la humanidad vuelva a sufrir las consecuencias las bombas nucleares y tambi\u00e9n a participar activamente de la Marcha Mundial por la Paz y la No violencia.","breadcrumb":{"@id":"https:\/\/www.pressenza.com\/es\/2009\/08\/siete-ciudades-recordaron-a-nagasaky-e-hiroshima-en-ecuador\/#breadcrumb"},"inLanguage":"es","potentialAction":[{"@type":"ReadAction","target":["https:\/\/www.pressenza.com\/es\/2009\/08\/siete-ciudades-recordaron-a-nagasaky-e-hiroshima-en-ecuador\/"]}]},{"@type":"BreadcrumbList","@id":"https:\/\/www.pressenza.com\/es\/2009\/08\/siete-ciudades-recordaron-a-nagasaky-e-hiroshima-en-ecuador\/#breadcrumb","itemListElement":[{"@type":"ListItem","position":1,"name":"Accueil","item":"https:\/\/www.pressenza.com\/es\/"},{"@type":"ListItem","position":2,"name":"Siete ciudades recordaron a Nagasaky e Hiroshima en Ecuador"}]},{"@type":"WebSite","@id":"https:\/\/www.pressenza.com\/es\/#website","url":"https:\/\/www.pressenza.com\/es\/","name":"Pressenza","description":"International Press Agency","publisher":{"@id":"https:\/\/www.pressenza.com\/es\/#organization"},"potentialAction":[{"@type":"SearchAction","target":{"@type":"EntryPoint","urlTemplate":"https:\/\/www.pressenza.com\/es\/?s={search_term_string}"},"query-input":{"@type":"PropertyValueSpecification","valueRequired":true,"valueName":"search_term_string"}}],"inLanguage":"es"},{"@type":"Organization","@id":"https:\/\/www.pressenza.com\/es\/#organization","name":"Pressenza","url":"https:\/\/www.pressenza.com\/es\/","logo":{"@type":"ImageObject","inLanguage":"es","@id":"https:\/\/www.pressenza.com\/es\/#\/schema\/logo\/image\/","url":"https:\/\/www.pressenza.com\/wp-content\/uploads\/2022\/10\/pressenza_logo_200x200.jpg","contentUrl":"https:\/\/www.pressenza.com\/wp-content\/uploads\/2022\/10\/pressenza_logo_200x200.jpg","width":200,"height":200,"caption":"Pressenza"},"image":{"@id":"https:\/\/www.pressenza.com\/es\/#\/schema\/logo\/image\/"},"sameAs":["https:\/\/www.facebook.com\/PressenzaItalia","https:\/\/x.com\/PressenzaIPA"]},{"@type":"Person","@id":"https:\/\/www.pressenza.com\/es\/#\/schema\/person\/010e5d02bcf40965427a1289a4cc8d75","name":"Pressenza IPA","description":"News from Pressenza IPA correspondents","sameAs":["https:\/\/www.facebook.com\/pressenza","https:\/\/x.com\/PressenzaIPA"],"url":"https:\/\/www.pressenza.com\/es\/author\/pressenza-ipa\/"}]}},"place":"Quito","original_article_url":"","_links":{"self":[{"href":"https:\/\/www.pressenza.com\/es\/wp-json\/wp\/v2\/posts\/870","targetHints":{"allow":["GET"]}}],"collection":[{"href":"https:\/\/www.pressenza.com\/es\/wp-json\/wp\/v2\/posts"}],"about":[{"href":"https:\/\/www.pressenza.com\/es\/wp-json\/wp\/v2\/types\/post"}],"author":[{"embeddable":true,"href":"https:\/\/www.pressenza.com\/es\/wp-json\/wp\/v2\/users\/19"}],"replies":[{"embeddable":true,"href":"https:\/\/www.pressenza.com\/es\/wp-json\/wp\/v2\/comments?post=870"}],"version-history":[{"count":0,"href":"https:\/\/www.pressenza.com\/es\/wp-json\/wp\/v2\/posts\/870\/revisions"}],"wp:attachment":[{"href":"https:\/\/www.pressenza.com\/es\/wp-json\/wp\/v2\/media?parent=870"}],"wp:term":[{"taxonomy":"category","embeddable":true,"href":"https:\/\/www.pressenza.com\/es\/wp-json\/wp\/v2\/categories?post=870"},{"taxonomy":"post_tag","embeddable":true,"href":"https:\/\/www.pressenza.com\/es\/wp-json\/wp\/v2\/tags?post=870"}],"curies":[{"name":"wp","href":"https:\/\/api.w.org\/{rel}","templated":true}]}}