{"id":86850,"date":"2014-01-28T00:30:40","date_gmt":"2014-01-28T00:30:40","guid":{"rendered":"http:\/\/www.pressenza.com\/?p=86850"},"modified":"2014-01-28T00:30:40","modified_gmt":"2014-01-28T00:30:40","slug":"obama-sera-recordado-como-el-presidente-que-resucito-la-guerra-fria","status":"publish","type":"post","link":"https:\/\/www.pressenza.com\/es\/2014\/01\/obama-sera-recordado-como-el-presidente-que-resucito-la-guerra-fria\/","title":{"rendered":"\u201cObama ser\u00e1 recordado como el presidente que resucit\u00f3 la Guerra Fr\u00eda\u201d"},"content":{"rendered":"<p style=\"text-align: justify;\"><strong>Estados Unidos intenta desatar una tercera guerra mundial con Rusia y China y solo sus propios aliados la podr\u00edan evitar, seg\u00fan opini\u00f3n del periodista y analista pol\u00edtico Paul Craig Roberts.<\/strong><\/p>\n<p style=\"text-align: justify;\"><strong>El cambio de la doctrina militar del pa\u00eds, elev\u00e1ndose el estatus de sus armas nucleares desde el de disuasi\u00f3n y represalia al de ataques preventivos, la construcci\u00f3n de bases antimisiles cerca de las fronteras rusas, as\u00ed como la militarizaci\u00f3n de las nuevas tecnolog\u00edas por parte de EE.UU. dejan claro al Gobierno ruso que Washington est\u00e1 preparando un primer ataque contra Rusia<\/strong>\u201c, cont\u00f3 el experto en un art\u00edculo publicado por el portal Global <strong>Research.<\/strong><\/p>\n<p style=\"text-align: justify;\"><strong>\u201cEs igual que si China declarara el golfo de M\u00e9xico una zona de inter\u00e9s para su seguridad<\/strong>\u201c, coment\u00f3 el experto, subsecretario del Tesoro del Gobierno de Ronald Reagan. EE.UU. declar\u00f3 la transferencia del foco estrat\u00e9gico a Asia, lo que supone que el 60% de la Armada estadounidense se desplace hacia la zona de influencia de China.<\/p>\n<p>Simult\u00e1neamente, <strong>Washington no escatima recursos<\/strong> para mantener bases navales y a\u00e9reas en las <strong>Filipinas, Corea del Sur, Vietnam, Australia y Tailandia.<\/strong><\/p>\n<p>Adem\u00e1s se ha alineado con los rivales de <strong>China<\/strong> en lo que se refiere a varias islas y zonas a\u00e9reas disputadas.<\/p>\n<p style=\"text-align: justify;\">\u201c<strong>La actitud militar agresiva de Washington hacia Rusia y China indica una extrema confianza en s\u00ed mismo, lo que habitualmente lleva a una guerra\u201d<\/strong>, recalc\u00f3 Roberts.<\/p>\n<p>A esto se suman sus insinuaciones sobre una amenaza potencial de que <strong>Ir\u00e1n<\/strong> obtenga armas nucleares y las afirmaciones de que un ataque preventivo es indispensable ahora mismo.<\/p>\n<p style=\"text-align: justify;\">Pese al cumplimiento por parte de Ir\u00e1n de las condiciones del acuerdo internacional destinado a resolver la crisis sobre el programa nuclear iran\u00ed, EE.UU. sigue agravando la situaci\u00f3n al aprobar nuevas sanciones contra la rep\u00fablica isl\u00e1mica.<\/p>\n<p style=\"text-align: justify;\"><strong>\u201cSi queda alguien para escribir la historia, el r\u00e9gimen de Obama ser\u00e1 recordado como r\u00e9gimen que resucit\u00f3 la Guerra Fr\u00eda, para cuya finalizaci\u00f3n se esforz\u00f3 tanto el expresidente Reagan, y la convirti\u00f3 en una guerra abierta<\/strong>\u201c, dijo Roberts.<\/p>\n<p style=\"text-align: justify;\">El analista subray\u00f3 que los ciudadanos estadounidenses tienen poca, si es que tienen realmente alguna, influencia sobre su Gobierno o comprensi\u00f3n de sus planes.<\/p>\n<p style=\"text-align: justify;\">\u201cAdem\u00e1s no existe una oposici\u00f3n organizada que podr\u00eda representar a los ciudadanos que quieran protestar contra la v\u00eda que conduce hacia una guerra mundial\u201d, afirm\u00f3. <strong>Por eso el analista basa su esperanza en los \u201ct\u00edteres\u201d europeos y asi\u00e1ticos de EE.UU., que se arriesgan sin ning\u00fan fin, excepto el de favorecer la hegemon\u00eda mundial de EE.UU.<\/strong><\/p>\n<p>Cree que <strong>Alemania<\/strong> podr\u00eda salvar al mundo de una guerra sirviendo, a la vez, a sus propios intereses.<\/p>\n<p style=\"text-align: justify;\">\u201c<strong>Lo \u00fanico que debe hacer Alemania es salir de la UE y de la OTAN. La alianza se desplomar\u00eda y su ca\u00edda acabar\u00eda con la ambici\u00f3n hegem\u00f3nica de Washington<\/strong>\u201c, explic\u00f3.<\/p>\n<p>Fuente: <a href=\"http:\/\/actualidad.rt.com\" target=\"_blank\">RT<\/a><\/p>\n","protected":false},"excerpt":{"rendered":"<p>Estados Unidos intenta desatar una tercera guerra mundial con Rusia y China y solo sus propios aliados la podr\u00edan evitar, seg\u00fan opini\u00f3n del periodista y analista pol\u00edtico Paul Craig Roberts. El cambio de la doctrina militar del pa\u00eds, elev\u00e1ndose el&hellip;<\/p>\n","protected":false},"author":616,"featured_media":86852,"comment_status":"closed","ping_status":"open","sticky":false,"template":"","format":"standard","meta":{"footnotes":""},"categories":[76,39,68,161],"tags":[694],"class_list":["post-86850","post","type-post","status-publish","format-standard","has-post-thumbnail","hentry","category-relaciones-exteriores","category-internacional","category-norteamerica","category-opiniones","tag-barack-obama-es"],"yoast_head":"<!-- This site is optimized with the Yoast SEO plugin v27.1.1 - https:\/\/yoast.com\/product\/yoast-seo-wordpress\/ -->\n<title>\u201cObama ser\u00e1 recordado como el presidente que resucit\u00f3 la Guerra Fr\u00eda\u201d<\/title>\n<meta name=\"description\" content=\"Estados Unidos intenta desatar una tercera guerra mundial con Rusia y China y solo sus propios aliados la podr\u00edan evitar, seg\u00fan opini\u00f3n del periodista y\" \/>\n<meta name=\"robots\" content=\"index, follow, max-snippet:-1, max-image-preview:large, max-video-preview:-1\" \/>\n<link rel=\"canonical\" href=\"https:\/\/www.pressenza.com\/es\/2014\/01\/obama-sera-recordado-como-el-presidente-que-resucito-la-guerra-fria\/\" \/>\n<meta property=\"og:locale\" content=\"es_ES\" \/>\n<meta property=\"og:type\" content=\"article\" \/>\n<meta property=\"og:title\" content=\"\u201cObama ser\u00e1 recordado como el presidente que resucit\u00f3 la Guerra Fr\u00eda\u201d\" \/>\n<meta property=\"og:description\" content=\"Estados Unidos intenta desatar una tercera guerra mundial con Rusia y China y solo sus propios aliados la podr\u00edan evitar, seg\u00fan opini\u00f3n del periodista y\" \/>\n<meta property=\"og:url\" content=\"https:\/\/www.pressenza.com\/es\/2014\/01\/obama-sera-recordado-como-el-presidente-que-resucito-la-guerra-fria\/\" \/>\n<meta property=\"og:site_name\" content=\"Pressenza\" \/>\n<meta property=\"article:publisher\" content=\"https:\/\/www.facebook.com\/PressenzaItalia\" \/>\n<meta property=\"article:published_time\" content=\"2014-01-28T00:30:40+00:00\" \/>\n<meta property=\"og:image\" content=\"https:\/\/www.pressenza.com\/wp-content\/uploads\/2014\/01\/Obama-preocupado.jpg\" \/>\n\t<meta property=\"og:image:width\" content=\"600\" \/>\n\t<meta property=\"og:image:height\" content=\"450\" \/>\n\t<meta property=\"og:image:type\" content=\"image\/jpeg\" \/>\n<meta name=\"author\" content=\"El Ciudadano\" \/>\n<meta name=\"twitter:card\" content=\"summary_large_image\" \/>\n<meta name=\"twitter:creator\" content=\"@PressenzaIPA\" \/>\n<meta name=\"twitter:site\" content=\"@PressenzaIPA\" \/>\n<meta name=\"twitter:label1\" content=\"Escrito por\" \/>\n\t<meta name=\"twitter:data1\" content=\"El Ciudadano\" \/>\n\t<meta name=\"twitter:label2\" content=\"Tiempo de lectura\" \/>\n\t<meta name=\"twitter:data2\" content=\"3 minutos\" \/>\n<script type=\"application\/ld+json\" class=\"yoast-schema-graph\">{\"@context\":\"https:\/\/schema.org\",\"@graph\":[{\"@type\":\"Article\",\"@id\":\"https:\/\/www.pressenza.com\/es\/2014\/01\/obama-sera-recordado-como-el-presidente-que-resucito-la-guerra-fria\/#article\",\"isPartOf\":{\"@id\":\"https:\/\/www.pressenza.com\/es\/2014\/01\/obama-sera-recordado-como-el-presidente-que-resucito-la-guerra-fria\/\"},\"author\":{\"name\":\"El Ciudadano\",\"@id\":\"https:\/\/www.pressenza.com\/es\/#\/schema\/person\/6522eecb4cd68e074b27e251e4b04ef8\"},\"headline\":\"\u201cObama ser\u00e1 recordado como el presidente que resucit\u00f3 la Guerra Fr\u00eda\u201d\",\"datePublished\":\"2014-01-28T00:30:40+00:00\",\"mainEntityOfPage\":{\"@id\":\"https:\/\/www.pressenza.com\/es\/2014\/01\/obama-sera-recordado-como-el-presidente-que-resucito-la-guerra-fria\/\"},\"wordCount\":516,\"publisher\":{\"@id\":\"https:\/\/www.pressenza.com\/es\/#organization\"},\"image\":{\"@id\":\"https:\/\/www.pressenza.com\/es\/2014\/01\/obama-sera-recordado-como-el-presidente-que-resucito-la-guerra-fria\/#primaryimage\"},\"thumbnailUrl\":\"https:\/\/www.pressenza.com\/wp-content\/uploads\/2014\/01\/Obama-preocupado.jpg\",\"keywords\":[\"Barack Obama\"],\"articleSection\":[\"Asuntos internacionales\",\"Internacional\",\"Norteam\u00e9rica\",\"Opiniones\"],\"inLanguage\":\"es\"},{\"@type\":\"WebPage\",\"@id\":\"https:\/\/www.pressenza.com\/es\/2014\/01\/obama-sera-recordado-como-el-presidente-que-resucito-la-guerra-fria\/\",\"url\":\"https:\/\/www.pressenza.com\/es\/2014\/01\/obama-sera-recordado-como-el-presidente-que-resucito-la-guerra-fria\/\",\"name\":\"\u201cObama ser\u00e1 recordado como el presidente que resucit\u00f3 la Guerra Fr\u00eda\u201d\",\"isPartOf\":{\"@id\":\"https:\/\/www.pressenza.com\/es\/#website\"},\"primaryImageOfPage\":{\"@id\":\"https:\/\/www.pressenza.com\/es\/2014\/01\/obama-sera-recordado-como-el-presidente-que-resucito-la-guerra-fria\/#primaryimage\"},\"image\":{\"@id\":\"https:\/\/www.pressenza.com\/es\/2014\/01\/obama-sera-recordado-como-el-presidente-que-resucito-la-guerra-fria\/#primaryimage\"},\"thumbnailUrl\":\"https:\/\/www.pressenza.com\/wp-content\/uploads\/2014\/01\/Obama-preocupado.jpg\",\"datePublished\":\"2014-01-28T00:30:40+00:00\",\"description\":\"Estados Unidos intenta desatar una tercera guerra mundial con Rusia y China y solo sus propios aliados la podr\u00edan evitar, seg\u00fan opini\u00f3n del periodista y\",\"breadcrumb\":{\"@id\":\"https:\/\/www.pressenza.com\/es\/2014\/01\/obama-sera-recordado-como-el-presidente-que-resucito-la-guerra-fria\/#breadcrumb\"},\"inLanguage\":\"es\",\"potentialAction\":[{\"@type\":\"ReadAction\",\"target\":[\"https:\/\/www.pressenza.com\/es\/2014\/01\/obama-sera-recordado-como-el-presidente-que-resucito-la-guerra-fria\/\"]}]},{\"@type\":\"ImageObject\",\"inLanguage\":\"es\",\"@id\":\"https:\/\/www.pressenza.com\/es\/2014\/01\/obama-sera-recordado-como-el-presidente-que-resucito-la-guerra-fria\/#primaryimage\",\"url\":\"https:\/\/www.pressenza.com\/wp-content\/uploads\/2014\/01\/Obama-preocupado.jpg\",\"contentUrl\":\"https:\/\/www.pressenza.com\/wp-content\/uploads\/2014\/01\/Obama-preocupado.jpg\",\"width\":600,\"height\":450},{\"@type\":\"BreadcrumbList\",\"@id\":\"https:\/\/www.pressenza.com\/es\/2014\/01\/obama-sera-recordado-como-el-presidente-que-resucito-la-guerra-fria\/#breadcrumb\",\"itemListElement\":[{\"@type\":\"ListItem\",\"position\":1,\"name\":\"Accueil\",\"item\":\"https:\/\/www.pressenza.com\/es\/\"},{\"@type\":\"ListItem\",\"position\":2,\"name\":\"\u201cObama ser\u00e1 recordado como el presidente que resucit\u00f3 la Guerra Fr\u00eda\u201d\"}]},{\"@type\":\"WebSite\",\"@id\":\"https:\/\/www.pressenza.com\/es\/#website\",\"url\":\"https:\/\/www.pressenza.com\/es\/\",\"name\":\"Pressenza\",\"description\":\"International Press Agency\",\"publisher\":{\"@id\":\"https:\/\/www.pressenza.com\/es\/#organization\"},\"potentialAction\":[{\"@type\":\"SearchAction\",\"target\":{\"@type\":\"EntryPoint\",\"urlTemplate\":\"https:\/\/www.pressenza.com\/es\/?s={search_term_string}\"},\"query-input\":{\"@type\":\"PropertyValueSpecification\",\"valueRequired\":true,\"valueName\":\"search_term_string\"}}],\"inLanguage\":\"es\"},{\"@type\":\"Organization\",\"@id\":\"https:\/\/www.pressenza.com\/es\/#organization\",\"name\":\"Pressenza\",\"url\":\"https:\/\/www.pressenza.com\/es\/\",\"logo\":{\"@type\":\"ImageObject\",\"inLanguage\":\"es\",\"@id\":\"https:\/\/www.pressenza.com\/es\/#\/schema\/logo\/image\/\",\"url\":\"https:\/\/www.pressenza.com\/wp-content\/uploads\/2022\/10\/pressenza_logo_200x200.jpg\",\"contentUrl\":\"https:\/\/www.pressenza.com\/wp-content\/uploads\/2022\/10\/pressenza_logo_200x200.jpg\",\"width\":200,\"height\":200,\"caption\":\"Pressenza\"},\"image\":{\"@id\":\"https:\/\/www.pressenza.com\/es\/#\/schema\/logo\/image\/\"},\"sameAs\":[\"https:\/\/www.facebook.com\/PressenzaItalia\",\"https:\/\/x.com\/PressenzaIPA\"]},{\"@type\":\"Person\",\"@id\":\"https:\/\/www.pressenza.com\/es\/#\/schema\/person\/6522eecb4cd68e074b27e251e4b04ef8\",\"name\":\"El Ciudadano\",\"description\":\"El Ciudadano es un medio de comunicaci\u00f3n de circulaci\u00f3n mensual en papel y de funcionamiento diario en la web. Forma parte de la Red de Medios de los Pueblos por lo que se declara como un medio del Tercer Sector para romper el cerco informativo. El Ciudadano es una publicaci\u00f3n que busca elevar desde lo local a lo global las demandas de la organizaci\u00f3n social chilena como tambi\u00e9n promover la acci\u00f3n directa de la ciudadan\u00eda por su derecho a autodeterminaci\u00f3n. elciudadano.cl\",\"url\":\"https:\/\/www.pressenza.com\/es\/author\/el-ciudadano\/\"}]}<\/script>\n<!-- \/ Yoast SEO plugin. -->","yoast_head_json":{"title":"\u201cObama ser\u00e1 recordado como el presidente que resucit\u00f3 la Guerra Fr\u00eda\u201d","description":"Estados Unidos intenta desatar una tercera guerra mundial con Rusia y China y solo sus propios aliados la podr\u00edan evitar, seg\u00fan opini\u00f3n del periodista y","robots":{"index":"index","follow":"follow","max-snippet":"max-snippet:-1","max-image-preview":"max-image-preview:large","max-video-preview":"max-video-preview:-1"},"canonical":"https:\/\/www.pressenza.com\/es\/2014\/01\/obama-sera-recordado-como-el-presidente-que-resucito-la-guerra-fria\/","og_locale":"es_ES","og_type":"article","og_title":"\u201cObama ser\u00e1 recordado como el presidente que resucit\u00f3 la Guerra Fr\u00eda\u201d","og_description":"Estados Unidos intenta desatar una tercera guerra mundial con Rusia y China y solo sus propios aliados la podr\u00edan evitar, seg\u00fan opini\u00f3n del periodista y","og_url":"https:\/\/www.pressenza.com\/es\/2014\/01\/obama-sera-recordado-como-el-presidente-que-resucito-la-guerra-fria\/","og_site_name":"Pressenza","article_publisher":"https:\/\/www.facebook.com\/PressenzaItalia","article_published_time":"2014-01-28T00:30:40+00:00","og_image":[{"width":600,"height":450,"url":"https:\/\/www.pressenza.com\/wp-content\/uploads\/2014\/01\/Obama-preocupado.jpg","type":"image\/jpeg"}],"author":"El Ciudadano","twitter_card":"summary_large_image","twitter_creator":"@PressenzaIPA","twitter_site":"@PressenzaIPA","twitter_misc":{"Escrito por":"El Ciudadano","Tiempo de lectura":"3 minutos"},"schema":{"@context":"https:\/\/schema.org","@graph":[{"@type":"Article","@id":"https:\/\/www.pressenza.com\/es\/2014\/01\/obama-sera-recordado-como-el-presidente-que-resucito-la-guerra-fria\/#article","isPartOf":{"@id":"https:\/\/www.pressenza.com\/es\/2014\/01\/obama-sera-recordado-como-el-presidente-que-resucito-la-guerra-fria\/"},"author":{"name":"El Ciudadano","@id":"https:\/\/www.pressenza.com\/es\/#\/schema\/person\/6522eecb4cd68e074b27e251e4b04ef8"},"headline":"\u201cObama ser\u00e1 recordado como el presidente que resucit\u00f3 la Guerra Fr\u00eda\u201d","datePublished":"2014-01-28T00:30:40+00:00","mainEntityOfPage":{"@id":"https:\/\/www.pressenza.com\/es\/2014\/01\/obama-sera-recordado-como-el-presidente-que-resucito-la-guerra-fria\/"},"wordCount":516,"publisher":{"@id":"https:\/\/www.pressenza.com\/es\/#organization"},"image":{"@id":"https:\/\/www.pressenza.com\/es\/2014\/01\/obama-sera-recordado-como-el-presidente-que-resucito-la-guerra-fria\/#primaryimage"},"thumbnailUrl":"https:\/\/www.pressenza.com\/wp-content\/uploads\/2014\/01\/Obama-preocupado.jpg","keywords":["Barack Obama"],"articleSection":["Asuntos internacionales","Internacional","Norteam\u00e9rica","Opiniones"],"inLanguage":"es"},{"@type":"WebPage","@id":"https:\/\/www.pressenza.com\/es\/2014\/01\/obama-sera-recordado-como-el-presidente-que-resucito-la-guerra-fria\/","url":"https:\/\/www.pressenza.com\/es\/2014\/01\/obama-sera-recordado-como-el-presidente-que-resucito-la-guerra-fria\/","name":"\u201cObama ser\u00e1 recordado como el presidente que resucit\u00f3 la Guerra Fr\u00eda\u201d","isPartOf":{"@id":"https:\/\/www.pressenza.com\/es\/#website"},"primaryImageOfPage":{"@id":"https:\/\/www.pressenza.com\/es\/2014\/01\/obama-sera-recordado-como-el-presidente-que-resucito-la-guerra-fria\/#primaryimage"},"image":{"@id":"https:\/\/www.pressenza.com\/es\/2014\/01\/obama-sera-recordado-como-el-presidente-que-resucito-la-guerra-fria\/#primaryimage"},"thumbnailUrl":"https:\/\/www.pressenza.com\/wp-content\/uploads\/2014\/01\/Obama-preocupado.jpg","datePublished":"2014-01-28T00:30:40+00:00","description":"Estados Unidos intenta desatar una tercera guerra mundial con Rusia y China y solo sus propios aliados la podr\u00edan evitar, seg\u00fan opini\u00f3n del periodista y","breadcrumb":{"@id":"https:\/\/www.pressenza.com\/es\/2014\/01\/obama-sera-recordado-como-el-presidente-que-resucito-la-guerra-fria\/#breadcrumb"},"inLanguage":"es","potentialAction":[{"@type":"ReadAction","target":["https:\/\/www.pressenza.com\/es\/2014\/01\/obama-sera-recordado-como-el-presidente-que-resucito-la-guerra-fria\/"]}]},{"@type":"ImageObject","inLanguage":"es","@id":"https:\/\/www.pressenza.com\/es\/2014\/01\/obama-sera-recordado-como-el-presidente-que-resucito-la-guerra-fria\/#primaryimage","url":"https:\/\/www.pressenza.com\/wp-content\/uploads\/2014\/01\/Obama-preocupado.jpg","contentUrl":"https:\/\/www.pressenza.com\/wp-content\/uploads\/2014\/01\/Obama-preocupado.jpg","width":600,"height":450},{"@type":"BreadcrumbList","@id":"https:\/\/www.pressenza.com\/es\/2014\/01\/obama-sera-recordado-como-el-presidente-que-resucito-la-guerra-fria\/#breadcrumb","itemListElement":[{"@type":"ListItem","position":1,"name":"Accueil","item":"https:\/\/www.pressenza.com\/es\/"},{"@type":"ListItem","position":2,"name":"\u201cObama ser\u00e1 recordado como el presidente que resucit\u00f3 la Guerra Fr\u00eda\u201d"}]},{"@type":"WebSite","@id":"https:\/\/www.pressenza.com\/es\/#website","url":"https:\/\/www.pressenza.com\/es\/","name":"Pressenza","description":"International Press Agency","publisher":{"@id":"https:\/\/www.pressenza.com\/es\/#organization"},"potentialAction":[{"@type":"SearchAction","target":{"@type":"EntryPoint","urlTemplate":"https:\/\/www.pressenza.com\/es\/?s={search_term_string}"},"query-input":{"@type":"PropertyValueSpecification","valueRequired":true,"valueName":"search_term_string"}}],"inLanguage":"es"},{"@type":"Organization","@id":"https:\/\/www.pressenza.com\/es\/#organization","name":"Pressenza","url":"https:\/\/www.pressenza.com\/es\/","logo":{"@type":"ImageObject","inLanguage":"es","@id":"https:\/\/www.pressenza.com\/es\/#\/schema\/logo\/image\/","url":"https:\/\/www.pressenza.com\/wp-content\/uploads\/2022\/10\/pressenza_logo_200x200.jpg","contentUrl":"https:\/\/www.pressenza.com\/wp-content\/uploads\/2022\/10\/pressenza_logo_200x200.jpg","width":200,"height":200,"caption":"Pressenza"},"image":{"@id":"https:\/\/www.pressenza.com\/es\/#\/schema\/logo\/image\/"},"sameAs":["https:\/\/www.facebook.com\/PressenzaItalia","https:\/\/x.com\/PressenzaIPA"]},{"@type":"Person","@id":"https:\/\/www.pressenza.com\/es\/#\/schema\/person\/6522eecb4cd68e074b27e251e4b04ef8","name":"El Ciudadano","description":"El Ciudadano es un medio de comunicaci\u00f3n de circulaci\u00f3n mensual en papel y de funcionamiento diario en la web. Forma parte de la Red de Medios de los Pueblos por lo que se declara como un medio del Tercer Sector para romper el cerco informativo. El Ciudadano es una publicaci\u00f3n que busca elevar desde lo local a lo global las demandas de la organizaci\u00f3n social chilena como tambi\u00e9n promover la acci\u00f3n directa de la ciudadan\u00eda por su derecho a autodeterminaci\u00f3n. elciudadano.cl","url":"https:\/\/www.pressenza.com\/es\/author\/el-ciudadano\/"}]}},"place":"USA","original_article_url":"","_links":{"self":[{"href":"https:\/\/www.pressenza.com\/es\/wp-json\/wp\/v2\/posts\/86850","targetHints":{"allow":["GET"]}}],"collection":[{"href":"https:\/\/www.pressenza.com\/es\/wp-json\/wp\/v2\/posts"}],"about":[{"href":"https:\/\/www.pressenza.com\/es\/wp-json\/wp\/v2\/types\/post"}],"author":[{"embeddable":true,"href":"https:\/\/www.pressenza.com\/es\/wp-json\/wp\/v2\/users\/616"}],"replies":[{"embeddable":true,"href":"https:\/\/www.pressenza.com\/es\/wp-json\/wp\/v2\/comments?post=86850"}],"version-history":[{"count":0,"href":"https:\/\/www.pressenza.com\/es\/wp-json\/wp\/v2\/posts\/86850\/revisions"}],"wp:featuredmedia":[{"embeddable":true,"href":"https:\/\/www.pressenza.com\/es\/wp-json\/wp\/v2\/media\/86852"}],"wp:attachment":[{"href":"https:\/\/www.pressenza.com\/es\/wp-json\/wp\/v2\/media?parent=86850"}],"wp:term":[{"taxonomy":"category","embeddable":true,"href":"https:\/\/www.pressenza.com\/es\/wp-json\/wp\/v2\/categories?post=86850"},{"taxonomy":"post_tag","embeddable":true,"href":"https:\/\/www.pressenza.com\/es\/wp-json\/wp\/v2\/tags?post=86850"}],"curies":[{"name":"wp","href":"https:\/\/api.w.org\/{rel}","templated":true}]}}