{"id":868331,"date":"2019-06-08T22:42:18","date_gmt":"2019-06-08T21:42:18","guid":{"rendered":"https:\/\/www.pressenza.com\/?p=868331"},"modified":"2019-06-08T22:42:18","modified_gmt":"2019-06-08T21:42:18","slug":"la-sociedad-civil-guineana-rechaza-el-control-del-estado","status":"publish","type":"post","link":"https:\/\/www.pressenza.com\/es\/2019\/06\/la-sociedad-civil-guineana-rechaza-el-control-del-estado\/","title":{"rendered":"\u00a1La sociedad civil guineana rechaza el control del Estado!"},"content":{"rendered":"<p>Por Samuel Demba Doulamou para\u00a0<a href=\"http:\/\/www.soleilfmguinee.net\/\">Soleilfmguinee.net<\/a><\/p>\n<p>Las asociaciones de la sociedad civil se oponen al proyecto de ley propuesto por el Estado, el cual ahora debe controlar todas las estructuras humanitarias en el territorio nacional. Durante una conferencia realizada el martes 28 de mayo en la casa de prensa de Kip Daadya, en la localidad de Ratoma, expresaron su indignaci\u00f3n por los art\u00edculos 10 y 58 del proyecto.<\/p>\n<p>Seg\u00fan este defensor de los derechos humanos, las disposiciones de esta ley ponen en tela de juicio la existencia y la libertad de las organizaciones de la sociedad civil en Guinea.<\/p>\n<p>El maestro Foromo Fr\u00e9d\u00e9ric Loua explica: \u00abEl art\u00edculo 10, por ejemplo, se refiere a una asociaci\u00f3n que, en su funcionamiento, socava la integridad o la estructura republicana, y consiste en excluir las asociaciones existentes en el medio, pero tambi\u00e9n las que agravan los delitos e incluso prev\u00e9n dos a\u00f1os de prisi\u00f3n para la asociaci\u00f3n que se constituya despu\u00e9s de que se haya adoptado una decisi\u00f3n administrativa de disoluci\u00f3n de esta\u00bb.<\/p>\n<p>Al dirigirse al Estado en su comunicado, el Sr. Foromo tuvo la amabilidad de llamar al orden al ejecutivo. \u00abLo que el estado puede esperar es solo un informe narrativo para ver exactamente lo que hacen. En cuanto a los informes financieros, somos responsables ante nuestros donantes. No le corresponde al Estado imponernos esto.<\/p>\n<p>Para el presidente de la CNOCS-DDG, es normal que el Estado asuma sus responsabilidades en cuanto al control que debe ejercerse sobre todas las actividades de estas asociaciones en el medio. El \u00fanico inconveniente para Salmana Diallo es que el Estado quiere impedirles que lleven a cabo libremente sus actividades.<\/p>\n<p>\u00abPero por qu\u00e9 el gabinete del Ministerio de Administraci\u00f3n Territorial se permite, a trav\u00e9s de su gabinete, crear asociaciones. Adem\u00e1s, cabe destacar si el Estado, en cuanto a la actividad con los donantes, favorece sus relaciones personales. Sin embargo, otros ni siquiera est\u00e1n en el campo. Y se les da papeles falsos.\u00bb<\/p>\n<p>Por \u00faltimo, el Sr. Fr\u00e9d\u00e9ric Loua expres\u00f3 su perplejidad en relaci\u00f3n con el art\u00edculo 58, que podr\u00eda derogar las asociaciones que operan en este \u00e1mbito si esta propuesta entrara en vigor.<\/p>\n<hr \/>\n<p><em>Traducci\u00f3n del franc\u00e9s por Rosal\u00eda Briones<\/em><\/p>\n","protected":false},"excerpt":{"rendered":"<p>Por Samuel Demba Doulamou para\u00a0Soleilfmguinee.net Las asociaciones de la sociedad civil se oponen al proyecto de ley propuesto por el Estado, el cual ahora debe controlar todas las estructuras humanitarias en el territorio nacional. Durante una conferencia realizada el martes&hellip;<\/p>\n","protected":false},"author":1644,"featured_media":866352,"comment_status":"closed","ping_status":"closed","sticky":false,"template":"","format":"standard","meta":{"footnotes":""},"categories":[64,11389,79],"tags":[441,12960,33435],"class_list":["post-868331","post","type-post","status-publish","format-standard","has-post-thumbnail","hentry","category-africa-es","category-contenido-original","category-derechos-humanos","tag-derechos-humanos","tag-guinea-es","tag-sociedad-civil"],"yoast_head":"<!-- This site is optimized with the Yoast SEO plugin v27.1.1 - https:\/\/yoast.com\/product\/yoast-seo-wordpress\/ -->\n<title>\u00a1La sociedad civil guineana rechaza el control del Estado!<\/title>\n<meta name=\"description\" content=\"Por Samuel Demba Doulamou para\u00a0Soleilfmguinee.net Las asociaciones de la sociedad civil se oponen al proyecto de ley propuesto por el Estado, el cual\" \/>\n<meta name=\"robots\" content=\"index, follow, max-snippet:-1, max-image-preview:large, max-video-preview:-1\" \/>\n<link rel=\"canonical\" href=\"https:\/\/www.pressenza.com\/es\/2019\/06\/la-sociedad-civil-guineana-rechaza-el-control-del-estado\/\" \/>\n<meta property=\"og:locale\" content=\"es_ES\" \/>\n<meta property=\"og:type\" content=\"article\" \/>\n<meta property=\"og:title\" content=\"\u00a1La sociedad civil guineana rechaza el control del Estado!\" \/>\n<meta property=\"og:description\" content=\"Por Samuel Demba Doulamou para\u00a0Soleilfmguinee.net Las asociaciones de la sociedad civil se oponen al proyecto de ley propuesto por el Estado, el cual\" \/>\n<meta property=\"og:url\" content=\"https:\/\/www.pressenza.com\/es\/2019\/06\/la-sociedad-civil-guineana-rechaza-el-control-del-estado\/\" \/>\n<meta property=\"og:site_name\" content=\"Pressenza\" \/>\n<meta property=\"article:publisher\" content=\"https:\/\/www.facebook.com\/PressenzaItalia\" \/>\n<meta property=\"article:published_time\" content=\"2019-06-08T21:42:18+00:00\" \/>\n<meta property=\"og:image\" content=\"https:\/\/www.pressenza.com\/wp-content\/uploads\/2019\/06\/societe-civile-guinee.jpg\" \/>\n\t<meta property=\"og:image:width\" content=\"960\" \/>\n\t<meta property=\"og:image:height\" content=\"568\" \/>\n\t<meta property=\"og:image:type\" content=\"image\/jpeg\" \/>\n<meta name=\"author\" content=\"Pressenza Conakry\" \/>\n<meta name=\"twitter:card\" content=\"summary_large_image\" \/>\n<meta name=\"twitter:creator\" content=\"@PressenzaIPA\" \/>\n<meta name=\"twitter:site\" content=\"@PressenzaIPA\" \/>\n<meta name=\"twitter:label1\" content=\"Escrito por\" \/>\n\t<meta name=\"twitter:data1\" content=\"Pressenza Conakry\" \/>\n\t<meta name=\"twitter:label2\" content=\"Tiempo de lectura\" \/>\n\t<meta name=\"twitter:data2\" content=\"2 minutos\" \/>\n<script type=\"application\/ld+json\" class=\"yoast-schema-graph\">{\"@context\":\"https:\/\/schema.org\",\"@graph\":[{\"@type\":\"Article\",\"@id\":\"https:\/\/www.pressenza.com\/es\/2019\/06\/la-sociedad-civil-guineana-rechaza-el-control-del-estado\/#article\",\"isPartOf\":{\"@id\":\"https:\/\/www.pressenza.com\/es\/2019\/06\/la-sociedad-civil-guineana-rechaza-el-control-del-estado\/\"},\"author\":{\"name\":\"Pressenza Conakry\",\"@id\":\"https:\/\/www.pressenza.com\/es\/#\/schema\/person\/1f2ea46c5b25cc1c1ffe2611a77d1b93\"},\"headline\":\"\u00a1La sociedad civil guineana rechaza el control del Estado!\",\"datePublished\":\"2019-06-08T21:42:18+00:00\",\"mainEntityOfPage\":{\"@id\":\"https:\/\/www.pressenza.com\/es\/2019\/06\/la-sociedad-civil-guineana-rechaza-el-control-del-estado\/\"},\"wordCount\":394,\"publisher\":{\"@id\":\"https:\/\/www.pressenza.com\/es\/#organization\"},\"image\":{\"@id\":\"https:\/\/www.pressenza.com\/es\/2019\/06\/la-sociedad-civil-guineana-rechaza-el-control-del-estado\/#primaryimage\"},\"thumbnailUrl\":\"https:\/\/www.pressenza.com\/wp-content\/uploads\/2019\/06\/societe-civile-guinee.jpg\",\"keywords\":[\"Derechos humanos\",\"Guinea\",\"sociedad civil\"],\"articleSection\":[\"Africa\",\"Contenido Original\",\"Derechos Humanos\"],\"inLanguage\":\"es\"},{\"@type\":\"WebPage\",\"@id\":\"https:\/\/www.pressenza.com\/es\/2019\/06\/la-sociedad-civil-guineana-rechaza-el-control-del-estado\/\",\"url\":\"https:\/\/www.pressenza.com\/es\/2019\/06\/la-sociedad-civil-guineana-rechaza-el-control-del-estado\/\",\"name\":\"\u00a1La sociedad civil guineana rechaza el control del Estado!\",\"isPartOf\":{\"@id\":\"https:\/\/www.pressenza.com\/es\/#website\"},\"primaryImageOfPage\":{\"@id\":\"https:\/\/www.pressenza.com\/es\/2019\/06\/la-sociedad-civil-guineana-rechaza-el-control-del-estado\/#primaryimage\"},\"image\":{\"@id\":\"https:\/\/www.pressenza.com\/es\/2019\/06\/la-sociedad-civil-guineana-rechaza-el-control-del-estado\/#primaryimage\"},\"thumbnailUrl\":\"https:\/\/www.pressenza.com\/wp-content\/uploads\/2019\/06\/societe-civile-guinee.jpg\",\"datePublished\":\"2019-06-08T21:42:18+00:00\",\"description\":\"Por Samuel Demba Doulamou para\u00a0Soleilfmguinee.net Las asociaciones de la sociedad civil se oponen al proyecto de ley propuesto por el Estado, el cual\",\"breadcrumb\":{\"@id\":\"https:\/\/www.pressenza.com\/es\/2019\/06\/la-sociedad-civil-guineana-rechaza-el-control-del-estado\/#breadcrumb\"},\"inLanguage\":\"es\",\"potentialAction\":[{\"@type\":\"ReadAction\",\"target\":[\"https:\/\/www.pressenza.com\/es\/2019\/06\/la-sociedad-civil-guineana-rechaza-el-control-del-estado\/\"]}]},{\"@type\":\"ImageObject\",\"inLanguage\":\"es\",\"@id\":\"https:\/\/www.pressenza.com\/es\/2019\/06\/la-sociedad-civil-guineana-rechaza-el-control-del-estado\/#primaryimage\",\"url\":\"https:\/\/www.pressenza.com\/wp-content\/uploads\/2019\/06\/societe-civile-guinee.jpg\",\"contentUrl\":\"https:\/\/www.pressenza.com\/wp-content\/uploads\/2019\/06\/societe-civile-guinee.jpg\",\"width\":960,\"height\":568,\"caption\":\"Les associations de la soci\u00e9t\u00e9 civile.\"},{\"@type\":\"BreadcrumbList\",\"@id\":\"https:\/\/www.pressenza.com\/es\/2019\/06\/la-sociedad-civil-guineana-rechaza-el-control-del-estado\/#breadcrumb\",\"itemListElement\":[{\"@type\":\"ListItem\",\"position\":1,\"name\":\"Accueil\",\"item\":\"https:\/\/www.pressenza.com\/es\/\"},{\"@type\":\"ListItem\",\"position\":2,\"name\":\"\u00a1La sociedad civil guineana rechaza el control del Estado!\"}]},{\"@type\":\"WebSite\",\"@id\":\"https:\/\/www.pressenza.com\/es\/#website\",\"url\":\"https:\/\/www.pressenza.com\/es\/\",\"name\":\"Pressenza\",\"description\":\"International Press Agency\",\"publisher\":{\"@id\":\"https:\/\/www.pressenza.com\/es\/#organization\"},\"potentialAction\":[{\"@type\":\"SearchAction\",\"target\":{\"@type\":\"EntryPoint\",\"urlTemplate\":\"https:\/\/www.pressenza.com\/es\/?s={search_term_string}\"},\"query-input\":{\"@type\":\"PropertyValueSpecification\",\"valueRequired\":true,\"valueName\":\"search_term_string\"}}],\"inLanguage\":\"es\"},{\"@type\":\"Organization\",\"@id\":\"https:\/\/www.pressenza.com\/es\/#organization\",\"name\":\"Pressenza\",\"url\":\"https:\/\/www.pressenza.com\/es\/\",\"logo\":{\"@type\":\"ImageObject\",\"inLanguage\":\"es\",\"@id\":\"https:\/\/www.pressenza.com\/es\/#\/schema\/logo\/image\/\",\"url\":\"https:\/\/www.pressenza.com\/wp-content\/uploads\/2022\/10\/pressenza_logo_200x200.jpg\",\"contentUrl\":\"https:\/\/www.pressenza.com\/wp-content\/uploads\/2022\/10\/pressenza_logo_200x200.jpg\",\"width\":200,\"height\":200,\"caption\":\"Pressenza\"},\"image\":{\"@id\":\"https:\/\/www.pressenza.com\/es\/#\/schema\/logo\/image\/\"},\"sameAs\":[\"https:\/\/www.facebook.com\/PressenzaItalia\",\"https:\/\/x.com\/PressenzaIPA\"]},{\"@type\":\"Person\",\"@id\":\"https:\/\/www.pressenza.com\/es\/#\/schema\/person\/1f2ea46c5b25cc1c1ffe2611a77d1b93\",\"name\":\"Pressenza Conakry\",\"description\":\"News from the Pressenza Bureau in Conakry, Guin\u00e9e\",\"url\":\"https:\/\/www.pressenza.com\/es\/author\/redaction-conakry\/\"}]}<\/script>\n<!-- \/ Yoast SEO plugin. -->","yoast_head_json":{"title":"\u00a1La sociedad civil guineana rechaza el control del Estado!","description":"Por Samuel Demba Doulamou para\u00a0Soleilfmguinee.net Las asociaciones de la sociedad civil se oponen al proyecto de ley propuesto por el Estado, el cual","robots":{"index":"index","follow":"follow","max-snippet":"max-snippet:-1","max-image-preview":"max-image-preview:large","max-video-preview":"max-video-preview:-1"},"canonical":"https:\/\/www.pressenza.com\/es\/2019\/06\/la-sociedad-civil-guineana-rechaza-el-control-del-estado\/","og_locale":"es_ES","og_type":"article","og_title":"\u00a1La sociedad civil guineana rechaza el control del Estado!","og_description":"Por Samuel Demba Doulamou para\u00a0Soleilfmguinee.net Las asociaciones de la sociedad civil se oponen al proyecto de ley propuesto por el Estado, el cual","og_url":"https:\/\/www.pressenza.com\/es\/2019\/06\/la-sociedad-civil-guineana-rechaza-el-control-del-estado\/","og_site_name":"Pressenza","article_publisher":"https:\/\/www.facebook.com\/PressenzaItalia","article_published_time":"2019-06-08T21:42:18+00:00","og_image":[{"width":960,"height":568,"url":"https:\/\/www.pressenza.com\/wp-content\/uploads\/2019\/06\/societe-civile-guinee.jpg","type":"image\/jpeg"}],"author":"Pressenza Conakry","twitter_card":"summary_large_image","twitter_creator":"@PressenzaIPA","twitter_site":"@PressenzaIPA","twitter_misc":{"Escrito por":"Pressenza Conakry","Tiempo de lectura":"2 minutos"},"schema":{"@context":"https:\/\/schema.org","@graph":[{"@type":"Article","@id":"https:\/\/www.pressenza.com\/es\/2019\/06\/la-sociedad-civil-guineana-rechaza-el-control-del-estado\/#article","isPartOf":{"@id":"https:\/\/www.pressenza.com\/es\/2019\/06\/la-sociedad-civil-guineana-rechaza-el-control-del-estado\/"},"author":{"name":"Pressenza Conakry","@id":"https:\/\/www.pressenza.com\/es\/#\/schema\/person\/1f2ea46c5b25cc1c1ffe2611a77d1b93"},"headline":"\u00a1La sociedad civil guineana rechaza el control del Estado!","datePublished":"2019-06-08T21:42:18+00:00","mainEntityOfPage":{"@id":"https:\/\/www.pressenza.com\/es\/2019\/06\/la-sociedad-civil-guineana-rechaza-el-control-del-estado\/"},"wordCount":394,"publisher":{"@id":"https:\/\/www.pressenza.com\/es\/#organization"},"image":{"@id":"https:\/\/www.pressenza.com\/es\/2019\/06\/la-sociedad-civil-guineana-rechaza-el-control-del-estado\/#primaryimage"},"thumbnailUrl":"https:\/\/www.pressenza.com\/wp-content\/uploads\/2019\/06\/societe-civile-guinee.jpg","keywords":["Derechos humanos","Guinea","sociedad civil"],"articleSection":["Africa","Contenido Original","Derechos Humanos"],"inLanguage":"es"},{"@type":"WebPage","@id":"https:\/\/www.pressenza.com\/es\/2019\/06\/la-sociedad-civil-guineana-rechaza-el-control-del-estado\/","url":"https:\/\/www.pressenza.com\/es\/2019\/06\/la-sociedad-civil-guineana-rechaza-el-control-del-estado\/","name":"\u00a1La sociedad civil guineana rechaza el control del Estado!","isPartOf":{"@id":"https:\/\/www.pressenza.com\/es\/#website"},"primaryImageOfPage":{"@id":"https:\/\/www.pressenza.com\/es\/2019\/06\/la-sociedad-civil-guineana-rechaza-el-control-del-estado\/#primaryimage"},"image":{"@id":"https:\/\/www.pressenza.com\/es\/2019\/06\/la-sociedad-civil-guineana-rechaza-el-control-del-estado\/#primaryimage"},"thumbnailUrl":"https:\/\/www.pressenza.com\/wp-content\/uploads\/2019\/06\/societe-civile-guinee.jpg","datePublished":"2019-06-08T21:42:18+00:00","description":"Por Samuel Demba Doulamou para\u00a0Soleilfmguinee.net Las asociaciones de la sociedad civil se oponen al proyecto de ley propuesto por el Estado, el cual","breadcrumb":{"@id":"https:\/\/www.pressenza.com\/es\/2019\/06\/la-sociedad-civil-guineana-rechaza-el-control-del-estado\/#breadcrumb"},"inLanguage":"es","potentialAction":[{"@type":"ReadAction","target":["https:\/\/www.pressenza.com\/es\/2019\/06\/la-sociedad-civil-guineana-rechaza-el-control-del-estado\/"]}]},{"@type":"ImageObject","inLanguage":"es","@id":"https:\/\/www.pressenza.com\/es\/2019\/06\/la-sociedad-civil-guineana-rechaza-el-control-del-estado\/#primaryimage","url":"https:\/\/www.pressenza.com\/wp-content\/uploads\/2019\/06\/societe-civile-guinee.jpg","contentUrl":"https:\/\/www.pressenza.com\/wp-content\/uploads\/2019\/06\/societe-civile-guinee.jpg","width":960,"height":568,"caption":"Les associations de la soci\u00e9t\u00e9 civile."},{"@type":"BreadcrumbList","@id":"https:\/\/www.pressenza.com\/es\/2019\/06\/la-sociedad-civil-guineana-rechaza-el-control-del-estado\/#breadcrumb","itemListElement":[{"@type":"ListItem","position":1,"name":"Accueil","item":"https:\/\/www.pressenza.com\/es\/"},{"@type":"ListItem","position":2,"name":"\u00a1La sociedad civil guineana rechaza el control del Estado!"}]},{"@type":"WebSite","@id":"https:\/\/www.pressenza.com\/es\/#website","url":"https:\/\/www.pressenza.com\/es\/","name":"Pressenza","description":"International Press Agency","publisher":{"@id":"https:\/\/www.pressenza.com\/es\/#organization"},"potentialAction":[{"@type":"SearchAction","target":{"@type":"EntryPoint","urlTemplate":"https:\/\/www.pressenza.com\/es\/?s={search_term_string}"},"query-input":{"@type":"PropertyValueSpecification","valueRequired":true,"valueName":"search_term_string"}}],"inLanguage":"es"},{"@type":"Organization","@id":"https:\/\/www.pressenza.com\/es\/#organization","name":"Pressenza","url":"https:\/\/www.pressenza.com\/es\/","logo":{"@type":"ImageObject","inLanguage":"es","@id":"https:\/\/www.pressenza.com\/es\/#\/schema\/logo\/image\/","url":"https:\/\/www.pressenza.com\/wp-content\/uploads\/2022\/10\/pressenza_logo_200x200.jpg","contentUrl":"https:\/\/www.pressenza.com\/wp-content\/uploads\/2022\/10\/pressenza_logo_200x200.jpg","width":200,"height":200,"caption":"Pressenza"},"image":{"@id":"https:\/\/www.pressenza.com\/es\/#\/schema\/logo\/image\/"},"sameAs":["https:\/\/www.facebook.com\/PressenzaItalia","https:\/\/x.com\/PressenzaIPA"]},{"@type":"Person","@id":"https:\/\/www.pressenza.com\/es\/#\/schema\/person\/1f2ea46c5b25cc1c1ffe2611a77d1b93","name":"Pressenza Conakry","description":"News from the Pressenza Bureau in Conakry, Guin\u00e9e","url":"https:\/\/www.pressenza.com\/es\/author\/redaction-conakry\/"}]}},"place":"","original_article_url":"https:\/\/soleilfmguinee.net\/26931-2\/","_links":{"self":[{"href":"https:\/\/www.pressenza.com\/es\/wp-json\/wp\/v2\/posts\/868331","targetHints":{"allow":["GET"]}}],"collection":[{"href":"https:\/\/www.pressenza.com\/es\/wp-json\/wp\/v2\/posts"}],"about":[{"href":"https:\/\/www.pressenza.com\/es\/wp-json\/wp\/v2\/types\/post"}],"author":[{"embeddable":true,"href":"https:\/\/www.pressenza.com\/es\/wp-json\/wp\/v2\/users\/1644"}],"replies":[{"embeddable":true,"href":"https:\/\/www.pressenza.com\/es\/wp-json\/wp\/v2\/comments?post=868331"}],"version-history":[{"count":0,"href":"https:\/\/www.pressenza.com\/es\/wp-json\/wp\/v2\/posts\/868331\/revisions"}],"wp:featuredmedia":[{"embeddable":true,"href":"https:\/\/www.pressenza.com\/es\/wp-json\/wp\/v2\/media\/866352"}],"wp:attachment":[{"href":"https:\/\/www.pressenza.com\/es\/wp-json\/wp\/v2\/media?parent=868331"}],"wp:term":[{"taxonomy":"category","embeddable":true,"href":"https:\/\/www.pressenza.com\/es\/wp-json\/wp\/v2\/categories?post=868331"},{"taxonomy":"post_tag","embeddable":true,"href":"https:\/\/www.pressenza.com\/es\/wp-json\/wp\/v2\/tags?post=868331"}],"curies":[{"name":"wp","href":"https:\/\/api.w.org\/{rel}","templated":true}]}}