{"id":867648,"date":"2019-06-06T17:47:33","date_gmt":"2019-06-06T16:47:33","guid":{"rendered":"https:\/\/www.pressenza.com\/?p=867648"},"modified":"2019-06-06T17:50:57","modified_gmt":"2019-06-06T16:50:57","slug":"un-compromiso-por-una-comunicacion-democratica-para-recorrer-la-argentina","status":"publish","type":"post","link":"https:\/\/www.pressenza.com\/es\/2019\/06\/un-compromiso-por-una-comunicacion-democratica-para-recorrer-la-argentina\/","title":{"rendered":"Un Compromiso por una Comunicaci\u00f3n Democr\u00e1tica para recorrer la Argentina"},"content":{"rendered":"<p>La presentaci\u00f3n se realiz\u00f3 como cierre del\u00a0<em>V Congreso de Comunicaci\u00f3n Popular de la Universidad de La Matanza<\/em>, que desde hace cinco a\u00f1os organiza esta instituci\u00f3n acad\u00e9mica con la\u00a0<em>Uni\u00f3n de Comunicadores Audiovisuales y Afines (UCAyA)<\/em>. Adem\u00e1s signific\u00f3 el relanzamiento de la\u00a0<em>Coalici\u00f3n por una Comunicaci\u00f3n Democr\u00e1tica<\/em>, espacio multisectorial desde el que se consensuaron en 2004 los<a href=\"http:\/\/farco.org.ar\/novedades\/4676-21-puntos-por-el-derecho-a-la-comunicacion\" target=\"_blank\" rel=\"noopener\">\u00a0\u201c<em>21 puntos<\/em>\u201d<\/a>\u00a0sobre los que se estructur\u00f3 la\u00a0<em>Ley de Servicios de Comunicaci\u00f3n Audiovisual 26.522<\/em>sancionada en 2009.<\/p>\n<p>El documento contiene una dura caracterizaci\u00f3n sobre la\u00a0<em>\u201cemergencia\u201d<\/em>\u00a0que atraviesan la Libertad de Expresi\u00f3n y el Derecho a la Comunicaci\u00f3n en el momento actual, y doce ejes sobre los cuales se considera necesario generar pol\u00edticas y normativas para revertirlo. Estos son:<em>\u00a0\u201cEmpleo y producci\u00f3n nacional\u201d; \u201cGobernanza federal y multisectorial\u201d; \u201cSoberan\u00eda en las comunicaciones\u201d; \u201cProducci\u00f3n nacional de Contenidos\u201d; \u201cProtecci\u00f3n de Pymes\u201d; \u201cFortalecimiento de medios comunitarios y cooperativos\u201d; \u201cFortalecimiento de medios de pueblos originarios\u201d; \u201cFortalecimiento de los medios p\u00fablicos\u201d; \u201cAccesibilidad universal a las Comunicaciones\u201d; \u201cPromoci\u00f3n de la Educaci\u00f3n en Comunicaci\u00f3n\u201d; \u201cEquidad de G\u00e9nero\u201d\u00a0<\/em>y<em>\u00a0\u201cDerechos de las Audiencias y usuarios\/as\u201d.<\/em><\/p>\n<p><em>\u201cLa diferencia con los 21 puntos promovidos en 2004 es que aquellos expresaban una s\u00edntesis ya lograda de consensos sobre los cu\u00e1les construir una ley, que era una deuda de la democracia\u201d,<\/em>\u00a0explic\u00f3\u00a0Pablo Antonini,\u00a0presidente del\u00a0<em>Foro Argentino de Radios Comunitarias (FARCO)<\/em>. \u201c<em>Esto en cambio es un disparador, una invitaci\u00f3n a comprometerse \u2013de ah\u00ed su denominaci\u00f3n- con un modelo de comunicaci\u00f3n democr\u00e1tica que puede traducirse en diferentes normativas, pol\u00edticas p\u00fablicas o iniciativas en general. Pero que tenga estos ejes, necesarios para garantizar el Derecho a la Comunicaci\u00f3n y la Libertad de Expresi\u00f3n, como piso de principios rectores\u201d.<\/em><\/p>\n<p>En la presentaci\u00f3n leyeron diferentes p\u00e1rrafos del Compromiso representantes del<em>\u00a0FARCO, UCAyA<\/em>, la\u00a0<em>Red de Carreras de Comunicaci\u00f3n (RedCom)<\/em>, la\u00a0<em>Confederaci\u00f3n de Trabajadores de la Educaci\u00f3n de la Rep\u00fablica Argentina (CTERA),<\/em>\u00a0la<em>\u00a0Coordinadora Nacional de Televisoras Alternativas (CONTA)<\/em>, la\u00a0<em>Asociaci\u00f3n de Radios Universitarias (ARUNA)<\/em>, el\u00a0<em>Sindicato de Prensa de Buenos Aires (SiPreBa)<\/em>, el<em>\u00a0Instituto Movilizador de Fondos Cooperativos (IMFC)<\/em>, la\u00a0<em>Confederaci\u00f3n Nacional de Docentes Universitarios (CONADU)<\/em>, l<em>a Asociaci\u00f3n Argentina de Teledifusoras Pymes y Comunitarias (AATECO),<\/em>\u00a0junto a referentes como el comunicador originario\u00a0Puma Katrileo\u00a0y la periodista\u00a0Nora Laf\u00f3n. Tambi\u00e9n se recibieron adhesiones desde el\u00a0<em>Sindicato Argentino de Televisi\u00f3n (SAT), FOETRA\u00a0<\/em>y la\u00a0<em>Confederaci\u00f3n de Trabajadores de la Econom\u00eda Popular (CTEP)<\/em>, entre otros.<\/p>\n<p><strong>Lectura colectiva del Documento\u00a0llamando al COMPROMISO CON EL PLURALISMO INFORMATIVO Y LA PRODUCCI\u00d3N NACIONAL<\/strong><\/p>\n<p><a href=\"https:\/\/www.facebook.com\/coalicionporunacomunicaciondemocratica\/videos\/193723391513024\/?t=0\">https:\/\/www.facebook.com\/coalicionporunacomunicaciondemocratica\/videos\/193723391513024\/?t=0<\/a><\/p>\n<p>&nbsp;<\/p>\n","protected":false},"excerpt":{"rendered":"<p>La presentaci\u00f3n se realiz\u00f3 como cierre del\u00a0V Congreso de Comunicaci\u00f3n Popular de la Universidad de La Matanza, que desde hace cinco a\u00f1os organiza esta instituci\u00f3n acad\u00e9mica con la\u00a0Uni\u00f3n de Comunicadores Audiovisuales y Afines (UCAyA). Adem\u00e1s signific\u00f3 el relanzamiento de la\u00a0Coalici\u00f3n&hellip;<\/p>\n","protected":false},"author":577,"featured_media":867650,"comment_status":"closed","ping_status":"closed","sticky":false,"template":"","format":"standard","meta":{"footnotes":""},"categories":[75,79,67,25678],"tags":[26,26091,4581,18168,59528],"class_list":["post-867648","post","type-post","status-publish","format-standard","has-post-thumbnail","hentry","category-cultura-es","category-derechos-humanos","category-sudamerica","category-video-es","tag-argentina","tag-coalicion-por-la-comunicacion-democratica","tag-comunicacion","tag-derecho-a-la-comunicacion","tag-unlam"],"yoast_head":"<!-- This site is optimized with the Yoast SEO plugin v27.1.1 - https:\/\/yoast.com\/product\/yoast-seo-wordpress\/ -->\n<title>Un Compromiso por una Comunicaci\u00f3n Democr\u00e1tica para recorrer la Argentina<\/title>\n<meta name=\"description\" content=\"La presentaci\u00f3n se realiz\u00f3 como cierre del\u00a0V Congreso de Comunicaci\u00f3n Popular de la Universidad de La Matanza, que desde hace cinco a\u00f1os organiza esta\" \/>\n<meta name=\"robots\" content=\"index, follow, max-snippet:-1, max-image-preview:large, max-video-preview:-1\" \/>\n<link rel=\"canonical\" href=\"https:\/\/www.pressenza.com\/es\/2019\/06\/un-compromiso-por-una-comunicacion-democratica-para-recorrer-la-argentina\/\" \/>\n<meta property=\"og:locale\" content=\"es_ES\" \/>\n<meta property=\"og:type\" content=\"article\" \/>\n<meta property=\"og:title\" content=\"Un Compromiso por una Comunicaci\u00f3n Democr\u00e1tica para recorrer la Argentina\" \/>\n<meta property=\"og:description\" content=\"La presentaci\u00f3n se realiz\u00f3 como cierre del\u00a0V Congreso de Comunicaci\u00f3n Popular de la Universidad de La Matanza, que desde hace cinco a\u00f1os organiza esta\" \/>\n<meta property=\"og:url\" content=\"https:\/\/www.pressenza.com\/es\/2019\/06\/un-compromiso-por-una-comunicacion-democratica-para-recorrer-la-argentina\/\" \/>\n<meta property=\"og:site_name\" content=\"Pressenza\" \/>\n<meta property=\"article:publisher\" content=\"https:\/\/www.facebook.com\/PressenzaItalia\" \/>\n<meta property=\"article:published_time\" content=\"2019-06-06T16:47:33+00:00\" \/>\n<meta property=\"article:modified_time\" content=\"2019-06-06T16:50:57+00:00\" \/>\n<meta property=\"og:image\" content=\"https:\/\/www.pressenza.com\/wp-content\/uploads\/2019\/06\/Coalicion-1.jpeg\" \/>\n\t<meta property=\"og:image:width\" content=\"1280\" \/>\n\t<meta property=\"og:image:height\" content=\"853\" \/>\n\t<meta property=\"og:image:type\" content=\"image\/jpeg\" \/>\n<meta name=\"author\" content=\"FARCO Foro Argentino de Radios Comunitarias\" \/>\n<meta name=\"twitter:card\" content=\"summary_large_image\" \/>\n<meta name=\"twitter:creator\" content=\"@PressenzaIPA\" \/>\n<meta name=\"twitter:site\" content=\"@PressenzaIPA\" \/>\n<meta name=\"twitter:label1\" content=\"Escrito por\" \/>\n\t<meta name=\"twitter:data1\" content=\"FARCO Foro Argentino de Radios Comunitarias\" \/>\n\t<meta name=\"twitter:label2\" content=\"Tiempo de lectura\" \/>\n\t<meta name=\"twitter:data2\" content=\"2 minutos\" \/>\n<script type=\"application\/ld+json\" class=\"yoast-schema-graph\">{\"@context\":\"https:\/\/schema.org\",\"@graph\":[{\"@type\":\"Article\",\"@id\":\"https:\/\/www.pressenza.com\/es\/2019\/06\/un-compromiso-por-una-comunicacion-democratica-para-recorrer-la-argentina\/#article\",\"isPartOf\":{\"@id\":\"https:\/\/www.pressenza.com\/es\/2019\/06\/un-compromiso-por-una-comunicacion-democratica-para-recorrer-la-argentina\/\"},\"author\":{\"name\":\"FARCO Foro Argentino de Radios Comunitarias\",\"@id\":\"https:\/\/www.pressenza.com\/es\/#\/schema\/person\/20869ee409603e5be876b3a9b1f9e8a3\"},\"headline\":\"Un Compromiso por una Comunicaci\u00f3n Democr\u00e1tica para recorrer la Argentina\",\"datePublished\":\"2019-06-06T16:47:33+00:00\",\"dateModified\":\"2019-06-06T16:50:57+00:00\",\"mainEntityOfPage\":{\"@id\":\"https:\/\/www.pressenza.com\/es\/2019\/06\/un-compromiso-por-una-comunicacion-democratica-para-recorrer-la-argentina\/\"},\"wordCount\":466,\"publisher\":{\"@id\":\"https:\/\/www.pressenza.com\/es\/#organization\"},\"image\":{\"@id\":\"https:\/\/www.pressenza.com\/es\/2019\/06\/un-compromiso-por-una-comunicacion-democratica-para-recorrer-la-argentina\/#primaryimage\"},\"thumbnailUrl\":\"https:\/\/www.pressenza.com\/wp-content\/uploads\/2019\/06\/Coalicion-1.jpeg\",\"keywords\":[\"Argentina\",\"Coalici\u00f3n por la Comunicaci\u00f3n Democr\u00e1tica\",\"comunicaci\u00f3n\",\"Derecho a la comunicaci\u00f3n\",\"UNLAM\"],\"articleSection\":[\"Cultura y Medios\",\"Derechos Humanos\",\"Sudam\u00e9rica\",\"Video\"],\"inLanguage\":\"es\"},{\"@type\":\"WebPage\",\"@id\":\"https:\/\/www.pressenza.com\/es\/2019\/06\/un-compromiso-por-una-comunicacion-democratica-para-recorrer-la-argentina\/\",\"url\":\"https:\/\/www.pressenza.com\/es\/2019\/06\/un-compromiso-por-una-comunicacion-democratica-para-recorrer-la-argentina\/\",\"name\":\"Un Compromiso por una Comunicaci\u00f3n Democr\u00e1tica para recorrer la Argentina\",\"isPartOf\":{\"@id\":\"https:\/\/www.pressenza.com\/es\/#website\"},\"primaryImageOfPage\":{\"@id\":\"https:\/\/www.pressenza.com\/es\/2019\/06\/un-compromiso-por-una-comunicacion-democratica-para-recorrer-la-argentina\/#primaryimage\"},\"image\":{\"@id\":\"https:\/\/www.pressenza.com\/es\/2019\/06\/un-compromiso-por-una-comunicacion-democratica-para-recorrer-la-argentina\/#primaryimage\"},\"thumbnailUrl\":\"https:\/\/www.pressenza.com\/wp-content\/uploads\/2019\/06\/Coalicion-1.jpeg\",\"datePublished\":\"2019-06-06T16:47:33+00:00\",\"dateModified\":\"2019-06-06T16:50:57+00:00\",\"description\":\"La presentaci\u00f3n se realiz\u00f3 como cierre del\u00a0V Congreso de Comunicaci\u00f3n Popular de la Universidad de La Matanza, que desde hace cinco a\u00f1os organiza esta\",\"breadcrumb\":{\"@id\":\"https:\/\/www.pressenza.com\/es\/2019\/06\/un-compromiso-por-una-comunicacion-democratica-para-recorrer-la-argentina\/#breadcrumb\"},\"inLanguage\":\"es\",\"potentialAction\":[{\"@type\":\"ReadAction\",\"target\":[\"https:\/\/www.pressenza.com\/es\/2019\/06\/un-compromiso-por-una-comunicacion-democratica-para-recorrer-la-argentina\/\"]}]},{\"@type\":\"ImageObject\",\"inLanguage\":\"es\",\"@id\":\"https:\/\/www.pressenza.com\/es\/2019\/06\/un-compromiso-por-una-comunicacion-democratica-para-recorrer-la-argentina\/#primaryimage\",\"url\":\"https:\/\/www.pressenza.com\/wp-content\/uploads\/2019\/06\/Coalicion-1.jpeg\",\"contentUrl\":\"https:\/\/www.pressenza.com\/wp-content\/uploads\/2019\/06\/Coalicion-1.jpeg\",\"width\":1280,\"height\":853},{\"@type\":\"BreadcrumbList\",\"@id\":\"https:\/\/www.pressenza.com\/es\/2019\/06\/un-compromiso-por-una-comunicacion-democratica-para-recorrer-la-argentina\/#breadcrumb\",\"itemListElement\":[{\"@type\":\"ListItem\",\"position\":1,\"name\":\"Accueil\",\"item\":\"https:\/\/www.pressenza.com\/es\/\"},{\"@type\":\"ListItem\",\"position\":2,\"name\":\"Un Compromiso por una Comunicaci\u00f3n Democr\u00e1tica para recorrer la Argentina\"}]},{\"@type\":\"WebSite\",\"@id\":\"https:\/\/www.pressenza.com\/es\/#website\",\"url\":\"https:\/\/www.pressenza.com\/es\/\",\"name\":\"Pressenza\",\"description\":\"International Press Agency\",\"publisher\":{\"@id\":\"https:\/\/www.pressenza.com\/es\/#organization\"},\"potentialAction\":[{\"@type\":\"SearchAction\",\"target\":{\"@type\":\"EntryPoint\",\"urlTemplate\":\"https:\/\/www.pressenza.com\/es\/?s={search_term_string}\"},\"query-input\":{\"@type\":\"PropertyValueSpecification\",\"valueRequired\":true,\"valueName\":\"search_term_string\"}}],\"inLanguage\":\"es\"},{\"@type\":\"Organization\",\"@id\":\"https:\/\/www.pressenza.com\/es\/#organization\",\"name\":\"Pressenza\",\"url\":\"https:\/\/www.pressenza.com\/es\/\",\"logo\":{\"@type\":\"ImageObject\",\"inLanguage\":\"es\",\"@id\":\"https:\/\/www.pressenza.com\/es\/#\/schema\/logo\/image\/\",\"url\":\"https:\/\/www.pressenza.com\/wp-content\/uploads\/2022\/10\/pressenza_logo_200x200.jpg\",\"contentUrl\":\"https:\/\/www.pressenza.com\/wp-content\/uploads\/2022\/10\/pressenza_logo_200x200.jpg\",\"width\":200,\"height\":200,\"caption\":\"Pressenza\"},\"image\":{\"@id\":\"https:\/\/www.pressenza.com\/es\/#\/schema\/logo\/image\/\"},\"sameAs\":[\"https:\/\/www.facebook.com\/PressenzaItalia\",\"https:\/\/x.com\/PressenzaIPA\"]},{\"@type\":\"Person\",\"@id\":\"https:\/\/www.pressenza.com\/es\/#\/schema\/person\/20869ee409603e5be876b3a9b1f9e8a3\",\"name\":\"FARCO Foro Argentino de Radios Comunitarias\",\"url\":\"https:\/\/www.pressenza.com\/es\/author\/farco-foro-argentino-de-radios-comunitarias\/\"}]}<\/script>\n<!-- \/ Yoast SEO plugin. -->","yoast_head_json":{"title":"Un Compromiso por una Comunicaci\u00f3n Democr\u00e1tica para recorrer la Argentina","description":"La presentaci\u00f3n se realiz\u00f3 como cierre del\u00a0V Congreso de Comunicaci\u00f3n Popular de la Universidad de La Matanza, que desde hace cinco a\u00f1os organiza esta","robots":{"index":"index","follow":"follow","max-snippet":"max-snippet:-1","max-image-preview":"max-image-preview:large","max-video-preview":"max-video-preview:-1"},"canonical":"https:\/\/www.pressenza.com\/es\/2019\/06\/un-compromiso-por-una-comunicacion-democratica-para-recorrer-la-argentina\/","og_locale":"es_ES","og_type":"article","og_title":"Un Compromiso por una Comunicaci\u00f3n Democr\u00e1tica para recorrer la Argentina","og_description":"La presentaci\u00f3n se realiz\u00f3 como cierre del\u00a0V Congreso de Comunicaci\u00f3n Popular de la Universidad de La Matanza, que desde hace cinco a\u00f1os organiza esta","og_url":"https:\/\/www.pressenza.com\/es\/2019\/06\/un-compromiso-por-una-comunicacion-democratica-para-recorrer-la-argentina\/","og_site_name":"Pressenza","article_publisher":"https:\/\/www.facebook.com\/PressenzaItalia","article_published_time":"2019-06-06T16:47:33+00:00","article_modified_time":"2019-06-06T16:50:57+00:00","og_image":[{"width":1280,"height":853,"url":"https:\/\/www.pressenza.com\/wp-content\/uploads\/2019\/06\/Coalicion-1.jpeg","type":"image\/jpeg"}],"author":"FARCO Foro Argentino de Radios Comunitarias","twitter_card":"summary_large_image","twitter_creator":"@PressenzaIPA","twitter_site":"@PressenzaIPA","twitter_misc":{"Escrito por":"FARCO Foro Argentino de Radios Comunitarias","Tiempo de lectura":"2 minutos"},"schema":{"@context":"https:\/\/schema.org","@graph":[{"@type":"Article","@id":"https:\/\/www.pressenza.com\/es\/2019\/06\/un-compromiso-por-una-comunicacion-democratica-para-recorrer-la-argentina\/#article","isPartOf":{"@id":"https:\/\/www.pressenza.com\/es\/2019\/06\/un-compromiso-por-una-comunicacion-democratica-para-recorrer-la-argentina\/"},"author":{"name":"FARCO Foro Argentino de Radios Comunitarias","@id":"https:\/\/www.pressenza.com\/es\/#\/schema\/person\/20869ee409603e5be876b3a9b1f9e8a3"},"headline":"Un Compromiso por una Comunicaci\u00f3n Democr\u00e1tica para recorrer la Argentina","datePublished":"2019-06-06T16:47:33+00:00","dateModified":"2019-06-06T16:50:57+00:00","mainEntityOfPage":{"@id":"https:\/\/www.pressenza.com\/es\/2019\/06\/un-compromiso-por-una-comunicacion-democratica-para-recorrer-la-argentina\/"},"wordCount":466,"publisher":{"@id":"https:\/\/www.pressenza.com\/es\/#organization"},"image":{"@id":"https:\/\/www.pressenza.com\/es\/2019\/06\/un-compromiso-por-una-comunicacion-democratica-para-recorrer-la-argentina\/#primaryimage"},"thumbnailUrl":"https:\/\/www.pressenza.com\/wp-content\/uploads\/2019\/06\/Coalicion-1.jpeg","keywords":["Argentina","Coalici\u00f3n por la Comunicaci\u00f3n Democr\u00e1tica","comunicaci\u00f3n","Derecho a la comunicaci\u00f3n","UNLAM"],"articleSection":["Cultura y Medios","Derechos Humanos","Sudam\u00e9rica","Video"],"inLanguage":"es"},{"@type":"WebPage","@id":"https:\/\/www.pressenza.com\/es\/2019\/06\/un-compromiso-por-una-comunicacion-democratica-para-recorrer-la-argentina\/","url":"https:\/\/www.pressenza.com\/es\/2019\/06\/un-compromiso-por-una-comunicacion-democratica-para-recorrer-la-argentina\/","name":"Un Compromiso por una Comunicaci\u00f3n Democr\u00e1tica para recorrer la Argentina","isPartOf":{"@id":"https:\/\/www.pressenza.com\/es\/#website"},"primaryImageOfPage":{"@id":"https:\/\/www.pressenza.com\/es\/2019\/06\/un-compromiso-por-una-comunicacion-democratica-para-recorrer-la-argentina\/#primaryimage"},"image":{"@id":"https:\/\/www.pressenza.com\/es\/2019\/06\/un-compromiso-por-una-comunicacion-democratica-para-recorrer-la-argentina\/#primaryimage"},"thumbnailUrl":"https:\/\/www.pressenza.com\/wp-content\/uploads\/2019\/06\/Coalicion-1.jpeg","datePublished":"2019-06-06T16:47:33+00:00","dateModified":"2019-06-06T16:50:57+00:00","description":"La presentaci\u00f3n se realiz\u00f3 como cierre del\u00a0V Congreso de Comunicaci\u00f3n Popular de la Universidad de La Matanza, que desde hace cinco a\u00f1os organiza esta","breadcrumb":{"@id":"https:\/\/www.pressenza.com\/es\/2019\/06\/un-compromiso-por-una-comunicacion-democratica-para-recorrer-la-argentina\/#breadcrumb"},"inLanguage":"es","potentialAction":[{"@type":"ReadAction","target":["https:\/\/www.pressenza.com\/es\/2019\/06\/un-compromiso-por-una-comunicacion-democratica-para-recorrer-la-argentina\/"]}]},{"@type":"ImageObject","inLanguage":"es","@id":"https:\/\/www.pressenza.com\/es\/2019\/06\/un-compromiso-por-una-comunicacion-democratica-para-recorrer-la-argentina\/#primaryimage","url":"https:\/\/www.pressenza.com\/wp-content\/uploads\/2019\/06\/Coalicion-1.jpeg","contentUrl":"https:\/\/www.pressenza.com\/wp-content\/uploads\/2019\/06\/Coalicion-1.jpeg","width":1280,"height":853},{"@type":"BreadcrumbList","@id":"https:\/\/www.pressenza.com\/es\/2019\/06\/un-compromiso-por-una-comunicacion-democratica-para-recorrer-la-argentina\/#breadcrumb","itemListElement":[{"@type":"ListItem","position":1,"name":"Accueil","item":"https:\/\/www.pressenza.com\/es\/"},{"@type":"ListItem","position":2,"name":"Un Compromiso por una Comunicaci\u00f3n Democr\u00e1tica para recorrer la Argentina"}]},{"@type":"WebSite","@id":"https:\/\/www.pressenza.com\/es\/#website","url":"https:\/\/www.pressenza.com\/es\/","name":"Pressenza","description":"International Press Agency","publisher":{"@id":"https:\/\/www.pressenza.com\/es\/#organization"},"potentialAction":[{"@type":"SearchAction","target":{"@type":"EntryPoint","urlTemplate":"https:\/\/www.pressenza.com\/es\/?s={search_term_string}"},"query-input":{"@type":"PropertyValueSpecification","valueRequired":true,"valueName":"search_term_string"}}],"inLanguage":"es"},{"@type":"Organization","@id":"https:\/\/www.pressenza.com\/es\/#organization","name":"Pressenza","url":"https:\/\/www.pressenza.com\/es\/","logo":{"@type":"ImageObject","inLanguage":"es","@id":"https:\/\/www.pressenza.com\/es\/#\/schema\/logo\/image\/","url":"https:\/\/www.pressenza.com\/wp-content\/uploads\/2022\/10\/pressenza_logo_200x200.jpg","contentUrl":"https:\/\/www.pressenza.com\/wp-content\/uploads\/2022\/10\/pressenza_logo_200x200.jpg","width":200,"height":200,"caption":"Pressenza"},"image":{"@id":"https:\/\/www.pressenza.com\/es\/#\/schema\/logo\/image\/"},"sameAs":["https:\/\/www.facebook.com\/PressenzaItalia","https:\/\/x.com\/PressenzaIPA"]},{"@type":"Person","@id":"https:\/\/www.pressenza.com\/es\/#\/schema\/person\/20869ee409603e5be876b3a9b1f9e8a3","name":"FARCO Foro Argentino de Radios Comunitarias","url":"https:\/\/www.pressenza.com\/es\/author\/farco-foro-argentino-de-radios-comunitarias\/"}]}},"place":"La Matanza, Argentina","original_article_url":"http:\/\/agencia.farco.org.ar\/noticias\/un-compromiso-por-una-comunicacion-democratica-para-recorrer-el-pais\/","_links":{"self":[{"href":"https:\/\/www.pressenza.com\/es\/wp-json\/wp\/v2\/posts\/867648","targetHints":{"allow":["GET"]}}],"collection":[{"href":"https:\/\/www.pressenza.com\/es\/wp-json\/wp\/v2\/posts"}],"about":[{"href":"https:\/\/www.pressenza.com\/es\/wp-json\/wp\/v2\/types\/post"}],"author":[{"embeddable":true,"href":"https:\/\/www.pressenza.com\/es\/wp-json\/wp\/v2\/users\/577"}],"replies":[{"embeddable":true,"href":"https:\/\/www.pressenza.com\/es\/wp-json\/wp\/v2\/comments?post=867648"}],"version-history":[{"count":0,"href":"https:\/\/www.pressenza.com\/es\/wp-json\/wp\/v2\/posts\/867648\/revisions"}],"wp:featuredmedia":[{"embeddable":true,"href":"https:\/\/www.pressenza.com\/es\/wp-json\/wp\/v2\/media\/867650"}],"wp:attachment":[{"href":"https:\/\/www.pressenza.com\/es\/wp-json\/wp\/v2\/media?parent=867648"}],"wp:term":[{"taxonomy":"category","embeddable":true,"href":"https:\/\/www.pressenza.com\/es\/wp-json\/wp\/v2\/categories?post=867648"},{"taxonomy":"post_tag","embeddable":true,"href":"https:\/\/www.pressenza.com\/es\/wp-json\/wp\/v2\/tags?post=867648"}],"curies":[{"name":"wp","href":"https:\/\/api.w.org\/{rel}","templated":true}]}}