{"id":8676,"date":"2012-04-03T00:00:00","date_gmt":"2012-04-03T00:00:00","guid":{"rendered":""},"modified":"2012-04-03T21:14:04","modified_gmt":"2012-04-03T21:14:04","slug":"vecinos-de-totoral-exigen-en-santiago-respeto-a-fallos-judiciales-contra-termoelectrica","status":"publish","type":"post","link":"https:\/\/www.pressenza.com\/es\/2012\/04\/vecinos-de-totoral-exigen-en-santiago-respeto-a-fallos-judiciales-contra-termoelectrica\/","title":{"rendered":"Vecinos de Totoral exigen en Santiago respeto a fallos judiciales contra Termoel\u00e9ctrica"},"content":{"rendered":"<p>M\u00e1s de 800 kil\u00f3metros recorri\u00f3 una delegaci\u00f3n de 45 representantes de organizaciones y comunidades de la regi\u00f3n de Atacama, para acompa\u00f1ar a la Junta de Vecinos de Totoral a la Corte Suprema de Santiago, donde solicitaron ser parte de los alegatos en el proceso de apelaci\u00f3n al fallo de la Corte de Apelaciones de Antofagasta, que fuera adverso a la instalaci\u00f3n de Termoel\u00e9ctrica Castilla. Las comunidades locales adem\u00e1s rechazaron la presi\u00f3n que est\u00e1 ejerciendo el Ministro de Econom\u00eda Pablo Longueira para que la Justicia chilena revierta la decision de sus corte regional.<\/p>\n<p>Entre lienzos, cantos y gritos la regi\u00f3n de Atacama se hizo presente frente a los Tribunales de Justicia el martes 3 de abril, para solicitar ser parte de los alegatos en el proceso de apelaci\u00f3n que lleva a cabo la empresa MPX, el Consejo de Defensa del Estado y la Comisi\u00f3n Regional de Medio Ambiente de Atacama, ante la Corte Suprema de Santiago, luego de que la Corte de Apelaciones de Antofagasta determinara que la autoridad hab\u00eda procedido de manera ilegal y arbitraria en la aprobaci\u00f3n de Termoel\u00e9ctrica Castilla, y que por lo tanto deb\u00edan revocarse los permisos indebidamente otorgados.<\/p>\n<p>Junto con hacerse parte en los alegatos, la comunidad solicit\u00f3 una medida precautoria, basada en la contundencia del fallo un\u00e1nime de la Corte de Apelaciones de Antofagasta, que busca la paralizaci\u00f3n de todas las obras y de todos los procedimientos que puedan consolidar el proyecto, en tanto dure el proceso de apelaci\u00f3n en la Corte Suprema. Raquel Araya, Presidenta de Junta de Vecinos de Totoral se\u00f1al\u00f3 escuetamente: \u00abQueremos que en Chile se respeten los fallos de la justicia\u00bb<\/p>\n<p>Por otra parte, recurrieron mediante una carta al presidente de la Corte Suprema, en la que manifestaron su malestar frente a declaraciones de prensa de diversas autoridades del poder ejecutivo, tendientes a \u201cpresionar indebidamente a nuestro m\u00e1ximo tribunal de justicia, trasgrediendo gravemente la independencia y separaci\u00f3n de los Poderes del Estado y, en particular, la del Poder Judicial.\u201d Esto en referencia a los dichos del Ministro de Econom\u00eda Pablo Longueira y del Ministro sub rogante de Energ\u00eda, ex gerente de Termoel\u00e9ctrica Guacolda, Sergio del Campo.<\/p>\n<p>Las comunidades, acompa\u00f1adas por diversas organizaciones de Santiago, transitaron luego a las dependencias del Ministerio de Econom\u00eda para entregar productos del pueblo de Totoral al ministro Longueira, luego de que el mismo se negara acceder a una audiencia solicitada con dos semanas de antelaci\u00f3n por la Junta de Vecinos de Totoral.<\/p>\n<p>LONGUEIRA CIERRA PUERTA A COMUNIDADES<br \/>\nConforme avanzaba la columna de lienzos y consignas por la Alameda rumbo al Ministerio, las mujeres del sindicato de buzos de Caldera hac\u00edan degustar a los transe\u00fantes aceitunas t\u00edpicas de la localidad, *\u201caceitunas de Totoral, desarrollo que no hace mal\u201d* se les escuchaba decir.<\/p>\n<p>En ese ambiente se lleg\u00f3 a Amun\u00e1tegui, a las oficinas de un Ministerio de Econom\u00eda completamente enrejado, y pudimos ver c\u00f3mo se bajaban las persianas en la cara de la gente que ven\u00eda viajando toda la noche para hacer valer sus leg\u00edtimas demandas de probidad funcionaria a la autoridad.<\/p>\n<p>Pese a las gestiones de Carabineros para permitir el acceso a la repartici\u00f3n p\u00fablica de la directiva de la Junta de Vecinos de Totoral, que llevaba en canastos de totora mermeladas, licores y otros productos de la zona, para dejar de regalo al se\u00f1or Longueira, la negativa del Ministro fue rotunda. En un gesto de gran torpeza pol\u00edtica, pero sobre todo de desenfadado desprecio a las comunidades, la delegaci\u00f3n de Totoral no fue atendida.<\/p>\n","protected":false},"excerpt":{"rendered":"<p>Raquel Araya, Presidenta de Junta de Vecinos de Totoral, que viajo junto a otras decenas de vecinos de la costa de Atacama exigi\u00f3 que en Chile se respeten los fallos de la Justicia, frente a las fuertes presiones que han realizados funcionarios de gobierno, especialmente el Ministro de Econom\u00eda, Pablo Longueira, que se neg\u00f3 a recibir a las comunidades locales<\/p>\n","protected":false},"author":514,"featured_media":0,"comment_status":"closed","ping_status":"open","sticky":false,"template":"","format":"standard","meta":{"footnotes":""},"categories":[78,67],"tags":[],"class_list":["post-8676","post","type-post","status-publish","format-standard","hentry","category-medio-ambiente-ecologia","category-sudamerica"],"yoast_head":"<!-- This site is optimized with the Yoast SEO plugin v27.1.1 - https:\/\/yoast.com\/product\/yoast-seo-wordpress\/ -->\n<title>Vecinos de Totoral exigen en Santiago respeto a fallos judiciales contra Termoel\u00e9ctrica<\/title>\n<meta name=\"description\" content=\"Raquel Araya, Presidenta de Junta de Vecinos de Totoral, que viajo junto a otras decenas de vecinos de la costa de Atacama exigi\u00f3 que en Chile se respeten los fallos de la Justicia, frente a las fuertes presiones que han realizados funcionarios de gobierno, especialmente el Ministro de Econom\u00eda, Pablo Longueira, que se neg\u00f3 a recibir a las comunidades locales\" \/>\n<meta name=\"robots\" content=\"index, follow, max-snippet:-1, max-image-preview:large, max-video-preview:-1\" \/>\n<link rel=\"canonical\" href=\"https:\/\/www.pressenza.com\/es\/2012\/04\/vecinos-de-totoral-exigen-en-santiago-respeto-a-fallos-judiciales-contra-termoelectrica\/\" \/>\n<meta property=\"og:locale\" content=\"es_ES\" \/>\n<meta property=\"og:type\" content=\"article\" \/>\n<meta property=\"og:title\" content=\"Vecinos de Totoral exigen en Santiago respeto a fallos judiciales contra Termoel\u00e9ctrica\" \/>\n<meta property=\"og:description\" content=\"Raquel Araya, Presidenta de Junta de Vecinos de Totoral, que viajo junto a otras decenas de vecinos de la costa de Atacama exigi\u00f3 que en Chile se respeten los fallos de la Justicia, frente a las fuertes presiones que han realizados funcionarios de gobierno, especialmente el Ministro de Econom\u00eda, Pablo Longueira, que se neg\u00f3 a recibir a las comunidades locales\" \/>\n<meta property=\"og:url\" content=\"https:\/\/www.pressenza.com\/es\/2012\/04\/vecinos-de-totoral-exigen-en-santiago-respeto-a-fallos-judiciales-contra-termoelectrica\/\" \/>\n<meta property=\"og:site_name\" content=\"Pressenza\" \/>\n<meta property=\"article:publisher\" content=\"https:\/\/www.facebook.com\/PressenzaItalia\" \/>\n<meta property=\"article:published_time\" content=\"2012-04-03T00:00:00+00:00\" \/>\n<meta property=\"article:modified_time\" content=\"2012-04-03T21:14:04+00:00\" \/>\n<meta name=\"author\" content=\"Radio del Mar\" \/>\n<meta name=\"twitter:card\" content=\"summary_large_image\" \/>\n<meta name=\"twitter:creator\" content=\"@PressenzaIPA\" \/>\n<meta name=\"twitter:site\" content=\"@PressenzaIPA\" \/>\n<meta name=\"twitter:label1\" content=\"Escrito por\" \/>\n\t<meta name=\"twitter:data1\" content=\"Radio del Mar\" \/>\n\t<meta name=\"twitter:label2\" content=\"Tiempo de lectura\" \/>\n\t<meta name=\"twitter:data2\" content=\"3 minutos\" \/>\n<script type=\"application\/ld+json\" class=\"yoast-schema-graph\">{\"@context\":\"https:\/\/schema.org\",\"@graph\":[{\"@type\":\"Article\",\"@id\":\"https:\/\/www.pressenza.com\/es\/2012\/04\/vecinos-de-totoral-exigen-en-santiago-respeto-a-fallos-judiciales-contra-termoelectrica\/#article\",\"isPartOf\":{\"@id\":\"https:\/\/www.pressenza.com\/es\/2012\/04\/vecinos-de-totoral-exigen-en-santiago-respeto-a-fallos-judiciales-contra-termoelectrica\/\"},\"author\":{\"name\":\"Radio del Mar\",\"@id\":\"https:\/\/www.pressenza.com\/es\/#\/schema\/person\/bed7440f299e1b177672cffe555f611b\"},\"headline\":\"Vecinos de Totoral exigen en Santiago respeto a fallos judiciales contra Termoel\u00e9ctrica\",\"datePublished\":\"2012-04-03T00:00:00+00:00\",\"dateModified\":\"2012-04-03T21:14:04+00:00\",\"mainEntityOfPage\":{\"@id\":\"https:\/\/www.pressenza.com\/es\/2012\/04\/vecinos-de-totoral-exigen-en-santiago-respeto-a-fallos-judiciales-contra-termoelectrica\/\"},\"wordCount\":631,\"publisher\":{\"@id\":\"https:\/\/www.pressenza.com\/es\/#organization\"},\"articleSection\":[\"Ecolog\u00eda y Medio Ambiente\",\"Sudam\u00e9rica\"],\"inLanguage\":\"es\"},{\"@type\":\"WebPage\",\"@id\":\"https:\/\/www.pressenza.com\/es\/2012\/04\/vecinos-de-totoral-exigen-en-santiago-respeto-a-fallos-judiciales-contra-termoelectrica\/\",\"url\":\"https:\/\/www.pressenza.com\/es\/2012\/04\/vecinos-de-totoral-exigen-en-santiago-respeto-a-fallos-judiciales-contra-termoelectrica\/\",\"name\":\"Vecinos de Totoral exigen en Santiago respeto a fallos judiciales contra Termoel\u00e9ctrica\",\"isPartOf\":{\"@id\":\"https:\/\/www.pressenza.com\/es\/#website\"},\"datePublished\":\"2012-04-03T00:00:00+00:00\",\"dateModified\":\"2012-04-03T21:14:04+00:00\",\"description\":\"Raquel Araya, Presidenta de Junta de Vecinos de Totoral, que viajo junto a otras decenas de vecinos de la costa de Atacama exigi\u00f3 que en Chile se respeten los fallos de la Justicia, frente a las fuertes presiones que han realizados funcionarios de gobierno, especialmente el Ministro de Econom\u00eda, Pablo Longueira, que se neg\u00f3 a recibir a las comunidades locales\",\"breadcrumb\":{\"@id\":\"https:\/\/www.pressenza.com\/es\/2012\/04\/vecinos-de-totoral-exigen-en-santiago-respeto-a-fallos-judiciales-contra-termoelectrica\/#breadcrumb\"},\"inLanguage\":\"es\",\"potentialAction\":[{\"@type\":\"ReadAction\",\"target\":[\"https:\/\/www.pressenza.com\/es\/2012\/04\/vecinos-de-totoral-exigen-en-santiago-respeto-a-fallos-judiciales-contra-termoelectrica\/\"]}]},{\"@type\":\"BreadcrumbList\",\"@id\":\"https:\/\/www.pressenza.com\/es\/2012\/04\/vecinos-de-totoral-exigen-en-santiago-respeto-a-fallos-judiciales-contra-termoelectrica\/#breadcrumb\",\"itemListElement\":[{\"@type\":\"ListItem\",\"position\":1,\"name\":\"Accueil\",\"item\":\"https:\/\/www.pressenza.com\/es\/\"},{\"@type\":\"ListItem\",\"position\":2,\"name\":\"Vecinos de Totoral exigen en Santiago respeto a fallos judiciales contra Termoel\u00e9ctrica\"}]},{\"@type\":\"WebSite\",\"@id\":\"https:\/\/www.pressenza.com\/es\/#website\",\"url\":\"https:\/\/www.pressenza.com\/es\/\",\"name\":\"Pressenza\",\"description\":\"International Press Agency\",\"publisher\":{\"@id\":\"https:\/\/www.pressenza.com\/es\/#organization\"},\"potentialAction\":[{\"@type\":\"SearchAction\",\"target\":{\"@type\":\"EntryPoint\",\"urlTemplate\":\"https:\/\/www.pressenza.com\/es\/?s={search_term_string}\"},\"query-input\":{\"@type\":\"PropertyValueSpecification\",\"valueRequired\":true,\"valueName\":\"search_term_string\"}}],\"inLanguage\":\"es\"},{\"@type\":\"Organization\",\"@id\":\"https:\/\/www.pressenza.com\/es\/#organization\",\"name\":\"Pressenza\",\"url\":\"https:\/\/www.pressenza.com\/es\/\",\"logo\":{\"@type\":\"ImageObject\",\"inLanguage\":\"es\",\"@id\":\"https:\/\/www.pressenza.com\/es\/#\/schema\/logo\/image\/\",\"url\":\"https:\/\/www.pressenza.com\/wp-content\/uploads\/2022\/10\/pressenza_logo_200x200.jpg\",\"contentUrl\":\"https:\/\/www.pressenza.com\/wp-content\/uploads\/2022\/10\/pressenza_logo_200x200.jpg\",\"width\":200,\"height\":200,\"caption\":\"Pressenza\"},\"image\":{\"@id\":\"https:\/\/www.pressenza.com\/es\/#\/schema\/logo\/image\/\"},\"sameAs\":[\"https:\/\/www.facebook.com\/PressenzaItalia\",\"https:\/\/x.com\/PressenzaIPA\"]},{\"@type\":\"Person\",\"@id\":\"https:\/\/www.pressenza.com\/es\/#\/schema\/person\/bed7440f299e1b177672cffe555f611b\",\"name\":\"Radio del Mar\",\"url\":\"https:\/\/www.pressenza.com\/es\/author\/radio-del-mar\/\"}]}<\/script>\n<!-- \/ Yoast SEO plugin. -->","yoast_head_json":{"title":"Vecinos de Totoral exigen en Santiago respeto a fallos judiciales contra Termoel\u00e9ctrica","description":"Raquel Araya, Presidenta de Junta de Vecinos de Totoral, que viajo junto a otras decenas de vecinos de la costa de Atacama exigi\u00f3 que en Chile se respeten los fallos de la Justicia, frente a las fuertes presiones que han realizados funcionarios de gobierno, especialmente el Ministro de Econom\u00eda, Pablo Longueira, que se neg\u00f3 a recibir a las comunidades locales","robots":{"index":"index","follow":"follow","max-snippet":"max-snippet:-1","max-image-preview":"max-image-preview:large","max-video-preview":"max-video-preview:-1"},"canonical":"https:\/\/www.pressenza.com\/es\/2012\/04\/vecinos-de-totoral-exigen-en-santiago-respeto-a-fallos-judiciales-contra-termoelectrica\/","og_locale":"es_ES","og_type":"article","og_title":"Vecinos de Totoral exigen en Santiago respeto a fallos judiciales contra Termoel\u00e9ctrica","og_description":"Raquel Araya, Presidenta de Junta de Vecinos de Totoral, que viajo junto a otras decenas de vecinos de la costa de Atacama exigi\u00f3 que en Chile se respeten los fallos de la Justicia, frente a las fuertes presiones que han realizados funcionarios de gobierno, especialmente el Ministro de Econom\u00eda, Pablo Longueira, que se neg\u00f3 a recibir a las comunidades locales","og_url":"https:\/\/www.pressenza.com\/es\/2012\/04\/vecinos-de-totoral-exigen-en-santiago-respeto-a-fallos-judiciales-contra-termoelectrica\/","og_site_name":"Pressenza","article_publisher":"https:\/\/www.facebook.com\/PressenzaItalia","article_published_time":"2012-04-03T00:00:00+00:00","article_modified_time":"2012-04-03T21:14:04+00:00","author":"Radio del Mar","twitter_card":"summary_large_image","twitter_creator":"@PressenzaIPA","twitter_site":"@PressenzaIPA","twitter_misc":{"Escrito por":"Radio del Mar","Tiempo de lectura":"3 minutos"},"schema":{"@context":"https:\/\/schema.org","@graph":[{"@type":"Article","@id":"https:\/\/www.pressenza.com\/es\/2012\/04\/vecinos-de-totoral-exigen-en-santiago-respeto-a-fallos-judiciales-contra-termoelectrica\/#article","isPartOf":{"@id":"https:\/\/www.pressenza.com\/es\/2012\/04\/vecinos-de-totoral-exigen-en-santiago-respeto-a-fallos-judiciales-contra-termoelectrica\/"},"author":{"name":"Radio del Mar","@id":"https:\/\/www.pressenza.com\/es\/#\/schema\/person\/bed7440f299e1b177672cffe555f611b"},"headline":"Vecinos de Totoral exigen en Santiago respeto a fallos judiciales contra Termoel\u00e9ctrica","datePublished":"2012-04-03T00:00:00+00:00","dateModified":"2012-04-03T21:14:04+00:00","mainEntityOfPage":{"@id":"https:\/\/www.pressenza.com\/es\/2012\/04\/vecinos-de-totoral-exigen-en-santiago-respeto-a-fallos-judiciales-contra-termoelectrica\/"},"wordCount":631,"publisher":{"@id":"https:\/\/www.pressenza.com\/es\/#organization"},"articleSection":["Ecolog\u00eda y Medio Ambiente","Sudam\u00e9rica"],"inLanguage":"es"},{"@type":"WebPage","@id":"https:\/\/www.pressenza.com\/es\/2012\/04\/vecinos-de-totoral-exigen-en-santiago-respeto-a-fallos-judiciales-contra-termoelectrica\/","url":"https:\/\/www.pressenza.com\/es\/2012\/04\/vecinos-de-totoral-exigen-en-santiago-respeto-a-fallos-judiciales-contra-termoelectrica\/","name":"Vecinos de Totoral exigen en Santiago respeto a fallos judiciales contra Termoel\u00e9ctrica","isPartOf":{"@id":"https:\/\/www.pressenza.com\/es\/#website"},"datePublished":"2012-04-03T00:00:00+00:00","dateModified":"2012-04-03T21:14:04+00:00","description":"Raquel Araya, Presidenta de Junta de Vecinos de Totoral, que viajo junto a otras decenas de vecinos de la costa de Atacama exigi\u00f3 que en Chile se respeten los fallos de la Justicia, frente a las fuertes presiones que han realizados funcionarios de gobierno, especialmente el Ministro de Econom\u00eda, Pablo Longueira, que se neg\u00f3 a recibir a las comunidades locales","breadcrumb":{"@id":"https:\/\/www.pressenza.com\/es\/2012\/04\/vecinos-de-totoral-exigen-en-santiago-respeto-a-fallos-judiciales-contra-termoelectrica\/#breadcrumb"},"inLanguage":"es","potentialAction":[{"@type":"ReadAction","target":["https:\/\/www.pressenza.com\/es\/2012\/04\/vecinos-de-totoral-exigen-en-santiago-respeto-a-fallos-judiciales-contra-termoelectrica\/"]}]},{"@type":"BreadcrumbList","@id":"https:\/\/www.pressenza.com\/es\/2012\/04\/vecinos-de-totoral-exigen-en-santiago-respeto-a-fallos-judiciales-contra-termoelectrica\/#breadcrumb","itemListElement":[{"@type":"ListItem","position":1,"name":"Accueil","item":"https:\/\/www.pressenza.com\/es\/"},{"@type":"ListItem","position":2,"name":"Vecinos de Totoral exigen en Santiago respeto a fallos judiciales contra Termoel\u00e9ctrica"}]},{"@type":"WebSite","@id":"https:\/\/www.pressenza.com\/es\/#website","url":"https:\/\/www.pressenza.com\/es\/","name":"Pressenza","description":"International Press Agency","publisher":{"@id":"https:\/\/www.pressenza.com\/es\/#organization"},"potentialAction":[{"@type":"SearchAction","target":{"@type":"EntryPoint","urlTemplate":"https:\/\/www.pressenza.com\/es\/?s={search_term_string}"},"query-input":{"@type":"PropertyValueSpecification","valueRequired":true,"valueName":"search_term_string"}}],"inLanguage":"es"},{"@type":"Organization","@id":"https:\/\/www.pressenza.com\/es\/#organization","name":"Pressenza","url":"https:\/\/www.pressenza.com\/es\/","logo":{"@type":"ImageObject","inLanguage":"es","@id":"https:\/\/www.pressenza.com\/es\/#\/schema\/logo\/image\/","url":"https:\/\/www.pressenza.com\/wp-content\/uploads\/2022\/10\/pressenza_logo_200x200.jpg","contentUrl":"https:\/\/www.pressenza.com\/wp-content\/uploads\/2022\/10\/pressenza_logo_200x200.jpg","width":200,"height":200,"caption":"Pressenza"},"image":{"@id":"https:\/\/www.pressenza.com\/es\/#\/schema\/logo\/image\/"},"sameAs":["https:\/\/www.facebook.com\/PressenzaItalia","https:\/\/x.com\/PressenzaIPA"]},{"@type":"Person","@id":"https:\/\/www.pressenza.com\/es\/#\/schema\/person\/bed7440f299e1b177672cffe555f611b","name":"Radio del Mar","url":"https:\/\/www.pressenza.com\/es\/author\/radio-del-mar\/"}]}},"place":"Santiago","original_article_url":"","_links":{"self":[{"href":"https:\/\/www.pressenza.com\/es\/wp-json\/wp\/v2\/posts\/8676","targetHints":{"allow":["GET"]}}],"collection":[{"href":"https:\/\/www.pressenza.com\/es\/wp-json\/wp\/v2\/posts"}],"about":[{"href":"https:\/\/www.pressenza.com\/es\/wp-json\/wp\/v2\/types\/post"}],"author":[{"embeddable":true,"href":"https:\/\/www.pressenza.com\/es\/wp-json\/wp\/v2\/users\/514"}],"replies":[{"embeddable":true,"href":"https:\/\/www.pressenza.com\/es\/wp-json\/wp\/v2\/comments?post=8676"}],"version-history":[{"count":0,"href":"https:\/\/www.pressenza.com\/es\/wp-json\/wp\/v2\/posts\/8676\/revisions"}],"wp:attachment":[{"href":"https:\/\/www.pressenza.com\/es\/wp-json\/wp\/v2\/media?parent=8676"}],"wp:term":[{"taxonomy":"category","embeddable":true,"href":"https:\/\/www.pressenza.com\/es\/wp-json\/wp\/v2\/categories?post=8676"},{"taxonomy":"post_tag","embeddable":true,"href":"https:\/\/www.pressenza.com\/es\/wp-json\/wp\/v2\/tags?post=8676"}],"curies":[{"name":"wp","href":"https:\/\/api.w.org\/{rel}","templated":true}]}}