{"id":8675,"date":"2012-04-03T00:00:00","date_gmt":"2012-04-03T00:00:00","guid":{"rendered":""},"modified":"2012-04-03T21:00:27","modified_gmt":"2012-04-03T21:00:27","slug":"testimonio-de-sacerdote-jesuita-en-allanamiento-a-comunidad-mapuche","status":"publish","type":"post","link":"https:\/\/www.pressenza.com\/es\/2012\/04\/testimonio-de-sacerdote-jesuita-en-allanamiento-a-comunidad-mapuche\/","title":{"rendered":"Testimonio de Sacerdote Jesuita en allanamiento a comunidad Mapuche"},"content":{"rendered":"<p>Hoy me toc\u00f3 estar en la comunidad Wente Wingkul Mapu, Chekenko, durante el allanamiento efectuado por carabineros. Pas\u00e9 la noche ah\u00ed visitando a unos pe\u00f1i que est\u00e1n en proceso de recuperaci\u00f3n territorial a varios fundos, uno de Mininco, otro de Arauco, otro de Caut\u00edn y otro de un particular, todos en territorio ancestral mapuche. Temprano en la ma\u00f1ana los pe\u00f1i partieron para Collipulli. Cuando llegaron los carabineros en muchas de las casas hab\u00eda puras mujeres y ni\u00f1os.<\/p>\n<p>Como a las 9 y media de la ma\u00f1ana lleg\u00f3 un contingente policial similar al que estuvo en noviembre, cuando se llevaron a dos j\u00f3venes. Hay hartas fotos de ese procedimiento de noviembre con los carabineros disparando, y un video de una lamgen que le dispararon en un seno. Hoy cont\u00e9 10 veh\u00edculos, era una tanqueta, un zorrillo, un bus blindado de carabineros y varias camionetas. Eran unos 50 efectivos de fuerzas especiales. Debo decir que no me toc\u00f3 ver ni escuchar disparos a m\u00ed hoy. Lo que yo vi fue en general tranquilo, pero me impresion\u00f3 tanto contingente policial. Hace poco rato supe que hab\u00eda un carabinero herido, debe haber sido algo muy circunstancial, porque no hubo un enfrentamiento grande. S\u00ed se ve\u00edan a lo lejos en el cerro 2 encapuchados, no m\u00e1s.<\/p>\n<p>Carabineros los grababan. Era muy lejos, no sabr\u00eda decir si ten\u00edan alg\u00fan arma o no. Ojal\u00e1 que no haya nada que lamentar. Uno piensa inmediatamente en su familia. No he sabido nada de que haya heridos en la comunidad. En la tarde voy a recorrer para tener m\u00e1s informaci\u00f3n.<\/p>\n<p>Estuve en el momento en que se llevaron detenida a una de las mujeres. Ella tiene unos 40 o 50 a\u00f1os, le dijeron que en su casa hab\u00edan encontrado un pasamonta\u00f1as y un cartucho de escopeta, y que por eso se iba detenida. Ella y las otras mujeres de la familia (no hab\u00eda ning\u00fan hombre en la casa) se mostraban muy extra\u00f1adas, porque dec\u00edan que ellas siempre hac\u00edan aseo y ordenaban todo en la casa y nunca hab\u00edan encontrado nada raro. Hab\u00eda muchos ni\u00f1os chicos mirando todo. La familia es evang\u00e9lica. Cuando las fuerzas especiales se fueron de su casa, un grupo de unas 5 mujeres se arrodillaron a orar, me pidieron que las acompa\u00f1ara tambi\u00e9n. \u201cT\u00fa, Se\u00f1or Dios, eres nuestro \u00fanico juez y nuestro \u00fanico abogado\u201d oraban en voz alta al modo que lo hacen los mapuche evang\u00e9licos.<\/p>\n<p>Se llevaron detenida a otra mujer m\u00e1s, con la acusaci\u00f3n de que en su casa hab\u00eda un arma hechiza seg\u00fan dicen. No tuve la oportunidad de ver eso. Eran muchos veh\u00edculos de carabineros que recorr\u00edan toda la comunidad.<\/p>\n<p>Cuando termin\u00f3 todo, nos vinimos a Collipulli con unos pe\u00f1i. Pero nos sorprendimos aqu\u00ed de saber que hab\u00edan detenido a otra persona m\u00e1s, un hombre joven que no estaba en la comunidad esta ma\u00f1ana. Es decir que el \u00fanico hombre fue detenido en Collipulli.<\/p>\n<p>Escuchamos por la radio que hab\u00eda un carabinero herido, incluso que ten\u00eda riesgo vital. Es algo lamentable. Ojal\u00e1 se recupere y no haya nada que lamentar. A carabineros los tiran al choque, al igual que los mapuche, en un conflicto que es de los grandes empresarios due\u00f1os de las forestales,que tienen usurpado este territorio desde la dictadura y se enriquecen con la producci\u00f3n forestal que reduce a los mapuche. Todos sabemos que \u00e9stas son sus tierras. Es mucha la gente que sufre en este conflicto, porque el gobierno de turno s\u00f3lo defiende la producci\u00f3n forestal, cueste lo que cueste, el negocio de los ricos el Estado lo cuida. La rabia es grande en las comunidades, ya son varios j\u00f3venes mapuche muertos, y las historias anteriores de montajes de carabineros provocan m\u00e1s rabia, pero ahora uno igual piensa que el carabinero tiene familia, al igual que los j\u00f3venes mapuche muertos, pues los muertos hasta ahora son todos mapuche.<\/p>\n<p>Ojal\u00e1 que en este nuevo hecho ocurrido en la comunidad Wente Wingkul Mapu, se pueda escuchar la versi\u00f3n de todos los involucrados, especialmente de todas las mujeres que estaban ah\u00ed protegiendo sus casas, y no s\u00f3lo la versi\u00f3n oficial.<\/p>\n<p>En esta comunidad, como contaba m\u00e1s arriba, hay dos j\u00f3venes presos hace 5 meses por el \u00faltimo allanamiento, a quienes pude visitar hace un par de d\u00edas en la c\u00e1rcel de Angol. Ese allanamiento en que se los llevaron fue en noviembre, y gracias a Dios hab\u00eda un periodista que grab\u00f3 todo, c\u00f3mo entraban carabineros disparando como si estuvieran en Afganistan, hiriendo a una mujer con un disparo en su seno. A los dos j\u00f3venes que quedaron presos en esa oportunidad, los llevaron al juzgado poco despu\u00e9s todo moretoneados, con la cara hinchada y toda la espalda y las piernas moradas. Dec\u00edan que el general Bezmalinovic los hab\u00eda pateado. Los acusaron de intento de homicidio al General Bezmalinovic, que hab\u00eda bajado desde un helic\u00f3potero. Gracias a Dios el no recibi\u00f3 ning\u00fan da\u00f1o. Lo que dice carabineros es que los mapuche trataron de disparar una pistola pero que se tranc\u00f3 y por eso no se dispar\u00f3. Ojal\u00e1 se haga una investigaci\u00f3n objetiva porque es algo muy raro. El juez se sorprendi\u00f3 de que el informe m\u00e9dico dijera \u201clesiones leves\u201d de los j\u00f3venes, porque estaban visiblemente moreteados. Los j\u00f3venes todav\u00eda est\u00e1n en prisi\u00f3n preventiva. Ya son 5 meses. Uno de ellos es hijo de una madre viuda que no tiene a nadie m\u00e1s. Son casi unos ni\u00f1itos esos dos. Ya ser\u00eda bueno que los juzgaran a ellos. Ojal\u00e1 no los tengan 3 a\u00f1os esperando juicios como a otros mapuches, porque son el sustento para sus familias.<\/p>\n<p>Ojal\u00e1 no sea malinterpretado este relato. No quiero decir que carabineros son culpables, aunque uno se pregunta para qu\u00e9 llegan as\u00ed tan masivamente. Uno entiende que son condiciones de tensi\u00f3n en las que ellos trabajan, y ser\u00eda terrible esto de que haya un carabinero herido. Los carabineros que yo vi eran m\u00e1s de 50, en 10 veh\u00edculos. Un operativo totalmente in\u00fatil en que quedaron detenidas 2 mujeres, adem\u00e1s del pe\u00f1i que detuvieron en Collipulli, es decir que \u00e9l no tiene nada que ver con el allanamiento o enfrentamiento. No debieran mandar carabineros sino mandar a alguien del gobierno para abrir una mesa de di\u00e1logo y devolver esas tierras para que haya paz.<\/p>\n<p>Es muy dif\u00edcil que en estas cosas se pueda saber la verdad de todo. Los mapuche quedan r\u00e1pidamente detenidos, pero las acusaciones que los mapuche hacen a carabineros quedan en la justicia militar, como los golpes que recibieron los chiquillos en noviembre, o como los asesinatos de otros j\u00f3venes mapuche durante los gobiernos de Bachelet y Lagos. Es de sentido com\u00fan que ese tribunal no es objetivo y hay que cambiar esa ley.<\/p>\n<p>Ya son muchas las irregularidades de carabineros en esta zona, las denuncias e investigaciones no llegan a puerto a trav\u00e9s de la justicia militar. Pero quiero recalcar que no creo que la culpa sea de carabineros. Es verdad que hay abusos de ellos, mucho m\u00e1s grandes que los que se vieron en Ays\u00e9n o en el movimiento estudiantil, pero este es un conflicto con las grandes forestales y el Estado.<\/p>\n<p>En total en la provincia del Malleco son 12 mil hect\u00e1reas las usurpadas, y este conflicto va a continuar a\u00f1o tras a\u00f1o. Ning\u00fan gobierno ha querido solucionarlo verdaderamente, quiz\u00e1 porque es mucho dinero el que involucra a las forestales Mininco y Arauco.<\/p>\n<p>Ojal\u00e1 ma\u00f1ana est\u00e9 todo tranquilo por estos lados, que carabineros y los mapuche puedan descansar tranquilos.<\/p>\n<p>Ma\u00f1ana empieza preparaci\u00f3n de juicio oral por ley antiterrorista a mapuches de las comunidades vecinas. En vez de solucionar un problema tan grande, se tira a carabineros, se criminaliza, se judicializa, y se tira la pelota para despu\u00e9s. Los ni\u00f1os que hoy ven todo esto van a seguir peleando por sus tierras. Esto no es terrorismo. Es un conflicto hist\u00f3rico que el Estado debe abordar con m\u00e1s seriedad. Esto es de nunca acabar y seguir\u00e1 creciendo hasta que haya un gobierno verdaderamente honesto y valiente para reconocer que las forestales deben salir de estas tierras que son de los mapuches. Eso es f\u00e1cil de entender, pero dif\u00edcil de hacer por la cantidad de dinero involucrada para las forestales Mininco y Arauco.<\/p>\n<p>El Testimonio es de Luis Garc\u00eda-Huidobro sj.<\/p>\n<p>*Fuente: http:\/\/www.radiodelmar.cl*<\/p>\n","protected":false},"excerpt":{"rendered":"<p>No debieran mandar carabineros sino mandar a alguien del gobierno para abrir una mesa de di\u00e1logo y devolver esas tierras para que haya paz.<br \/>\nEsto es de nunca acabar y seguir\u00e1 creciendo hasta que haya un gobierno verdaderamente honesto y valiente para reconocer que las forestales deben salir de estas tierras que son de los mapuches<\/p>\n","protected":false},"author":43,"featured_media":0,"comment_status":"closed","ping_status":"open","sticky":false,"template":"","format":"standard","meta":{"footnotes":""},"categories":[161,80,67],"tags":[],"class_list":["post-8675","post","type-post","status-publish","format-standard","hentry","category-opiniones","category-pueblos-originarios","category-sudamerica"],"yoast_head":"<!-- This site is optimized with the Yoast SEO plugin v27.1.1 - https:\/\/yoast.com\/product\/yoast-seo-wordpress\/ -->\n<title>Testimonio de Sacerdote Jesuita en allanamiento a comunidad Mapuche<\/title>\n<meta name=\"description\" content=\"No debieran mandar carabineros sino mandar a alguien del gobierno para abrir una mesa de di\u00e1logo y devolver esas tierras para que haya paz.   Esto es de nunca acabar y seguir\u00e1 creciendo hasta que haya un gobierno verdaderamente honesto y valiente para reconocer que las forestales deben salir de estas tierras que son de los mapuches\" \/>\n<meta name=\"robots\" content=\"index, follow, max-snippet:-1, max-image-preview:large, max-video-preview:-1\" \/>\n<link rel=\"canonical\" href=\"https:\/\/www.pressenza.com\/es\/2012\/04\/testimonio-de-sacerdote-jesuita-en-allanamiento-a-comunidad-mapuche\/\" \/>\n<meta property=\"og:locale\" content=\"es_ES\" \/>\n<meta property=\"og:type\" content=\"article\" \/>\n<meta property=\"og:title\" content=\"Testimonio de Sacerdote Jesuita en allanamiento a comunidad Mapuche\" \/>\n<meta property=\"og:description\" content=\"No debieran mandar carabineros sino mandar a alguien del gobierno para abrir una mesa de di\u00e1logo y devolver esas tierras para que haya paz.   Esto es de nunca acabar y seguir\u00e1 creciendo hasta que haya un gobierno verdaderamente honesto y valiente para reconocer que las forestales deben salir de estas tierras que son de los mapuches\" \/>\n<meta property=\"og:url\" content=\"https:\/\/www.pressenza.com\/es\/2012\/04\/testimonio-de-sacerdote-jesuita-en-allanamiento-a-comunidad-mapuche\/\" \/>\n<meta property=\"og:site_name\" content=\"Pressenza\" \/>\n<meta property=\"article:publisher\" content=\"https:\/\/www.facebook.com\/PressenzaItalia\" \/>\n<meta property=\"article:author\" content=\"https:\/\/www.facebook.com\/pressenza\" \/>\n<meta property=\"article:published_time\" content=\"2012-04-03T00:00:00+00:00\" \/>\n<meta property=\"article:modified_time\" content=\"2012-04-03T21:00:27+00:00\" \/>\n<meta name=\"author\" content=\"Redacci\u00f3n Chile\" \/>\n<meta name=\"twitter:card\" content=\"summary_large_image\" \/>\n<meta name=\"twitter:creator\" content=\"@pressenza\" \/>\n<meta name=\"twitter:site\" content=\"@PressenzaIPA\" \/>\n<meta name=\"twitter:label1\" content=\"Escrito por\" \/>\n\t<meta name=\"twitter:data1\" content=\"Redacci\u00f3n Chile\" \/>\n\t<meta name=\"twitter:label2\" content=\"Tiempo de lectura\" \/>\n\t<meta name=\"twitter:data2\" content=\"7 minutos\" \/>\n<script type=\"application\/ld+json\" class=\"yoast-schema-graph\">{\"@context\":\"https:\/\/schema.org\",\"@graph\":[{\"@type\":\"Article\",\"@id\":\"https:\/\/www.pressenza.com\/es\/2012\/04\/testimonio-de-sacerdote-jesuita-en-allanamiento-a-comunidad-mapuche\/#article\",\"isPartOf\":{\"@id\":\"https:\/\/www.pressenza.com\/es\/2012\/04\/testimonio-de-sacerdote-jesuita-en-allanamiento-a-comunidad-mapuche\/\"},\"author\":{\"name\":\"Redacci\u00f3n Chile\",\"@id\":\"https:\/\/www.pressenza.com\/es\/#\/schema\/person\/d7db40df35d6698ba69ba9ee260944ed\"},\"headline\":\"Testimonio de Sacerdote Jesuita en allanamiento a comunidad Mapuche\",\"datePublished\":\"2012-04-03T00:00:00+00:00\",\"dateModified\":\"2012-04-03T21:00:27+00:00\",\"mainEntityOfPage\":{\"@id\":\"https:\/\/www.pressenza.com\/es\/2012\/04\/testimonio-de-sacerdote-jesuita-en-allanamiento-a-comunidad-mapuche\/\"},\"wordCount\":1474,\"publisher\":{\"@id\":\"https:\/\/www.pressenza.com\/es\/#organization\"},\"articleSection\":[\"Opiniones\",\"Pueblos Originarios\",\"Sudam\u00e9rica\"],\"inLanguage\":\"es\"},{\"@type\":\"WebPage\",\"@id\":\"https:\/\/www.pressenza.com\/es\/2012\/04\/testimonio-de-sacerdote-jesuita-en-allanamiento-a-comunidad-mapuche\/\",\"url\":\"https:\/\/www.pressenza.com\/es\/2012\/04\/testimonio-de-sacerdote-jesuita-en-allanamiento-a-comunidad-mapuche\/\",\"name\":\"Testimonio de Sacerdote Jesuita en allanamiento a comunidad Mapuche\",\"isPartOf\":{\"@id\":\"https:\/\/www.pressenza.com\/es\/#website\"},\"datePublished\":\"2012-04-03T00:00:00+00:00\",\"dateModified\":\"2012-04-03T21:00:27+00:00\",\"description\":\"No debieran mandar carabineros sino mandar a alguien del gobierno para abrir una mesa de di\u00e1logo y devolver esas tierras para que haya paz. Esto es de nunca acabar y seguir\u00e1 creciendo hasta que haya un gobierno verdaderamente honesto y valiente para reconocer que las forestales deben salir de estas tierras que son de los mapuches\",\"breadcrumb\":{\"@id\":\"https:\/\/www.pressenza.com\/es\/2012\/04\/testimonio-de-sacerdote-jesuita-en-allanamiento-a-comunidad-mapuche\/#breadcrumb\"},\"inLanguage\":\"es\",\"potentialAction\":[{\"@type\":\"ReadAction\",\"target\":[\"https:\/\/www.pressenza.com\/es\/2012\/04\/testimonio-de-sacerdote-jesuita-en-allanamiento-a-comunidad-mapuche\/\"]}]},{\"@type\":\"BreadcrumbList\",\"@id\":\"https:\/\/www.pressenza.com\/es\/2012\/04\/testimonio-de-sacerdote-jesuita-en-allanamiento-a-comunidad-mapuche\/#breadcrumb\",\"itemListElement\":[{\"@type\":\"ListItem\",\"position\":1,\"name\":\"Accueil\",\"item\":\"https:\/\/www.pressenza.com\/es\/\"},{\"@type\":\"ListItem\",\"position\":2,\"name\":\"Testimonio de Sacerdote Jesuita en allanamiento a comunidad Mapuche\"}]},{\"@type\":\"WebSite\",\"@id\":\"https:\/\/www.pressenza.com\/es\/#website\",\"url\":\"https:\/\/www.pressenza.com\/es\/\",\"name\":\"Pressenza\",\"description\":\"International Press Agency\",\"publisher\":{\"@id\":\"https:\/\/www.pressenza.com\/es\/#organization\"},\"potentialAction\":[{\"@type\":\"SearchAction\",\"target\":{\"@type\":\"EntryPoint\",\"urlTemplate\":\"https:\/\/www.pressenza.com\/es\/?s={search_term_string}\"},\"query-input\":{\"@type\":\"PropertyValueSpecification\",\"valueRequired\":true,\"valueName\":\"search_term_string\"}}],\"inLanguage\":\"es\"},{\"@type\":\"Organization\",\"@id\":\"https:\/\/www.pressenza.com\/es\/#organization\",\"name\":\"Pressenza\",\"url\":\"https:\/\/www.pressenza.com\/es\/\",\"logo\":{\"@type\":\"ImageObject\",\"inLanguage\":\"es\",\"@id\":\"https:\/\/www.pressenza.com\/es\/#\/schema\/logo\/image\/\",\"url\":\"https:\/\/www.pressenza.com\/wp-content\/uploads\/2022\/10\/pressenza_logo_200x200.jpg\",\"contentUrl\":\"https:\/\/www.pressenza.com\/wp-content\/uploads\/2022\/10\/pressenza_logo_200x200.jpg\",\"width\":200,\"height\":200,\"caption\":\"Pressenza\"},\"image\":{\"@id\":\"https:\/\/www.pressenza.com\/es\/#\/schema\/logo\/image\/\"},\"sameAs\":[\"https:\/\/www.facebook.com\/PressenzaItalia\",\"https:\/\/x.com\/PressenzaIPA\"]},{\"@type\":\"Person\",\"@id\":\"https:\/\/www.pressenza.com\/es\/#\/schema\/person\/d7db40df35d6698ba69ba9ee260944ed\",\"name\":\"Redacci\u00f3n Chile\",\"description\":\"News from the Pressenza Bureau in Chile\",\"sameAs\":[\"https:\/\/www.facebook.com\/pressenza\",\"https:\/\/x.com\/pressenza\"],\"url\":\"https:\/\/www.pressenza.com\/es\/author\/redaccion-chile\/\"}]}<\/script>\n<!-- \/ Yoast SEO plugin. -->","yoast_head_json":{"title":"Testimonio de Sacerdote Jesuita en allanamiento a comunidad Mapuche","description":"No debieran mandar carabineros sino mandar a alguien del gobierno para abrir una mesa de di\u00e1logo y devolver esas tierras para que haya paz.   Esto es de nunca acabar y seguir\u00e1 creciendo hasta que haya un gobierno verdaderamente honesto y valiente para reconocer que las forestales deben salir de estas tierras que son de los mapuches","robots":{"index":"index","follow":"follow","max-snippet":"max-snippet:-1","max-image-preview":"max-image-preview:large","max-video-preview":"max-video-preview:-1"},"canonical":"https:\/\/www.pressenza.com\/es\/2012\/04\/testimonio-de-sacerdote-jesuita-en-allanamiento-a-comunidad-mapuche\/","og_locale":"es_ES","og_type":"article","og_title":"Testimonio de Sacerdote Jesuita en allanamiento a comunidad Mapuche","og_description":"No debieran mandar carabineros sino mandar a alguien del gobierno para abrir una mesa de di\u00e1logo y devolver esas tierras para que haya paz.   Esto es de nunca acabar y seguir\u00e1 creciendo hasta que haya un gobierno verdaderamente honesto y valiente para reconocer que las forestales deben salir de estas tierras que son de los mapuches","og_url":"https:\/\/www.pressenza.com\/es\/2012\/04\/testimonio-de-sacerdote-jesuita-en-allanamiento-a-comunidad-mapuche\/","og_site_name":"Pressenza","article_publisher":"https:\/\/www.facebook.com\/PressenzaItalia","article_author":"https:\/\/www.facebook.com\/pressenza","article_published_time":"2012-04-03T00:00:00+00:00","article_modified_time":"2012-04-03T21:00:27+00:00","author":"Redacci\u00f3n Chile","twitter_card":"summary_large_image","twitter_creator":"@pressenza","twitter_site":"@PressenzaIPA","twitter_misc":{"Escrito por":"Redacci\u00f3n Chile","Tiempo de lectura":"7 minutos"},"schema":{"@context":"https:\/\/schema.org","@graph":[{"@type":"Article","@id":"https:\/\/www.pressenza.com\/es\/2012\/04\/testimonio-de-sacerdote-jesuita-en-allanamiento-a-comunidad-mapuche\/#article","isPartOf":{"@id":"https:\/\/www.pressenza.com\/es\/2012\/04\/testimonio-de-sacerdote-jesuita-en-allanamiento-a-comunidad-mapuche\/"},"author":{"name":"Redacci\u00f3n Chile","@id":"https:\/\/www.pressenza.com\/es\/#\/schema\/person\/d7db40df35d6698ba69ba9ee260944ed"},"headline":"Testimonio de Sacerdote Jesuita en allanamiento a comunidad Mapuche","datePublished":"2012-04-03T00:00:00+00:00","dateModified":"2012-04-03T21:00:27+00:00","mainEntityOfPage":{"@id":"https:\/\/www.pressenza.com\/es\/2012\/04\/testimonio-de-sacerdote-jesuita-en-allanamiento-a-comunidad-mapuche\/"},"wordCount":1474,"publisher":{"@id":"https:\/\/www.pressenza.com\/es\/#organization"},"articleSection":["Opiniones","Pueblos Originarios","Sudam\u00e9rica"],"inLanguage":"es"},{"@type":"WebPage","@id":"https:\/\/www.pressenza.com\/es\/2012\/04\/testimonio-de-sacerdote-jesuita-en-allanamiento-a-comunidad-mapuche\/","url":"https:\/\/www.pressenza.com\/es\/2012\/04\/testimonio-de-sacerdote-jesuita-en-allanamiento-a-comunidad-mapuche\/","name":"Testimonio de Sacerdote Jesuita en allanamiento a comunidad Mapuche","isPartOf":{"@id":"https:\/\/www.pressenza.com\/es\/#website"},"datePublished":"2012-04-03T00:00:00+00:00","dateModified":"2012-04-03T21:00:27+00:00","description":"No debieran mandar carabineros sino mandar a alguien del gobierno para abrir una mesa de di\u00e1logo y devolver esas tierras para que haya paz. Esto es de nunca acabar y seguir\u00e1 creciendo hasta que haya un gobierno verdaderamente honesto y valiente para reconocer que las forestales deben salir de estas tierras que son de los mapuches","breadcrumb":{"@id":"https:\/\/www.pressenza.com\/es\/2012\/04\/testimonio-de-sacerdote-jesuita-en-allanamiento-a-comunidad-mapuche\/#breadcrumb"},"inLanguage":"es","potentialAction":[{"@type":"ReadAction","target":["https:\/\/www.pressenza.com\/es\/2012\/04\/testimonio-de-sacerdote-jesuita-en-allanamiento-a-comunidad-mapuche\/"]}]},{"@type":"BreadcrumbList","@id":"https:\/\/www.pressenza.com\/es\/2012\/04\/testimonio-de-sacerdote-jesuita-en-allanamiento-a-comunidad-mapuche\/#breadcrumb","itemListElement":[{"@type":"ListItem","position":1,"name":"Accueil","item":"https:\/\/www.pressenza.com\/es\/"},{"@type":"ListItem","position":2,"name":"Testimonio de Sacerdote Jesuita en allanamiento a comunidad Mapuche"}]},{"@type":"WebSite","@id":"https:\/\/www.pressenza.com\/es\/#website","url":"https:\/\/www.pressenza.com\/es\/","name":"Pressenza","description":"International Press Agency","publisher":{"@id":"https:\/\/www.pressenza.com\/es\/#organization"},"potentialAction":[{"@type":"SearchAction","target":{"@type":"EntryPoint","urlTemplate":"https:\/\/www.pressenza.com\/es\/?s={search_term_string}"},"query-input":{"@type":"PropertyValueSpecification","valueRequired":true,"valueName":"search_term_string"}}],"inLanguage":"es"},{"@type":"Organization","@id":"https:\/\/www.pressenza.com\/es\/#organization","name":"Pressenza","url":"https:\/\/www.pressenza.com\/es\/","logo":{"@type":"ImageObject","inLanguage":"es","@id":"https:\/\/www.pressenza.com\/es\/#\/schema\/logo\/image\/","url":"https:\/\/www.pressenza.com\/wp-content\/uploads\/2022\/10\/pressenza_logo_200x200.jpg","contentUrl":"https:\/\/www.pressenza.com\/wp-content\/uploads\/2022\/10\/pressenza_logo_200x200.jpg","width":200,"height":200,"caption":"Pressenza"},"image":{"@id":"https:\/\/www.pressenza.com\/es\/#\/schema\/logo\/image\/"},"sameAs":["https:\/\/www.facebook.com\/PressenzaItalia","https:\/\/x.com\/PressenzaIPA"]},{"@type":"Person","@id":"https:\/\/www.pressenza.com\/es\/#\/schema\/person\/d7db40df35d6698ba69ba9ee260944ed","name":"Redacci\u00f3n Chile","description":"News from the Pressenza Bureau in Chile","sameAs":["https:\/\/www.facebook.com\/pressenza","https:\/\/x.com\/pressenza"],"url":"https:\/\/www.pressenza.com\/es\/author\/redaccion-chile\/"}]}},"place":"Ercilla","original_article_url":"","_links":{"self":[{"href":"https:\/\/www.pressenza.com\/es\/wp-json\/wp\/v2\/posts\/8675","targetHints":{"allow":["GET"]}}],"collection":[{"href":"https:\/\/www.pressenza.com\/es\/wp-json\/wp\/v2\/posts"}],"about":[{"href":"https:\/\/www.pressenza.com\/es\/wp-json\/wp\/v2\/types\/post"}],"author":[{"embeddable":true,"href":"https:\/\/www.pressenza.com\/es\/wp-json\/wp\/v2\/users\/43"}],"replies":[{"embeddable":true,"href":"https:\/\/www.pressenza.com\/es\/wp-json\/wp\/v2\/comments?post=8675"}],"version-history":[{"count":0,"href":"https:\/\/www.pressenza.com\/es\/wp-json\/wp\/v2\/posts\/8675\/revisions"}],"wp:attachment":[{"href":"https:\/\/www.pressenza.com\/es\/wp-json\/wp\/v2\/media?parent=8675"}],"wp:term":[{"taxonomy":"category","embeddable":true,"href":"https:\/\/www.pressenza.com\/es\/wp-json\/wp\/v2\/categories?post=8675"},{"taxonomy":"post_tag","embeddable":true,"href":"https:\/\/www.pressenza.com\/es\/wp-json\/wp\/v2\/tags?post=8675"}],"curies":[{"name":"wp","href":"https:\/\/api.w.org\/{rel}","templated":true}]}}