{"id":867400,"date":"2019-06-06T01:39:57","date_gmt":"2019-06-06T00:39:57","guid":{"rendered":"https:\/\/www.pressenza.com\/?p=867400"},"modified":"2019-06-06T01:39:57","modified_gmt":"2019-06-06T00:39:57","slug":"rechazo-popular-a-la-visita-del-presidente-de-brasil-a-argentina-bolsonaro-tu-odio-no-es-bienvenido","status":"publish","type":"post","link":"https:\/\/www.pressenza.com\/es\/2019\/06\/rechazo-popular-a-la-visita-del-presidente-de-brasil-a-argentina-bolsonaro-tu-odio-no-es-bienvenido\/","title":{"rendered":"Rechazo popular a la visita del presidente de Brasil a Argentina: \u00abBolsonaro, tu odio no es bienvenido\u00bb"},"content":{"rendered":"<p><em>Movilizaci\u00f3n a Plaza de Mayo &#8211; Jueves 6\/6<\/em><\/p>\n<h4>Bolsonaro tu odio no es bienvenido ac\u00e1 .<\/h4>\n<p>Este jueves, 6 de junio, el presidente de Brasil Jair Bolsonaro llega en visita oficial a la Argentina y nos llena de verg\u00fcenza e indignaci\u00f3n. Es la primera vez que Bolsonaro visita el pa\u00eds y juntamente con el presidente argentino Mauricio Macri -uno de los pocos presidentes en el mundo que se har\u00eda una foto con \u00e9l- discutir\u00e1n una agenda bilateral que prev\u00e9 temas como la reestructuraci\u00f3n del MERCOSUR, Venezuela y las elecciones presidenciales en Argentina.<\/p>\n<p>Nos llena de verg\u00fcenza e indignaci\u00f3n no s\u00f3lo por el odio que manifiesta cuando habla sobre las mujeres, les afrodescendientes, las lesbianas, las tortas, las travas, los gays, los putos, las maricas, les cuerpes disidentes, les migrantes y al pueblo trabajador en general. Sino porque vemos que en la pr\u00e1ctica, su gobierno est\u00e1 llevando a nuestro pa\u00eds hermano al peor de los futuros posibles.<\/p>\n<p>Ajuste de la econom\u00eda, precarizaci\u00f3n del trabajo, la educaci\u00f3n, la salud, el saqueo de los recursos naturales por empresas privadas, exterminio de los pueblos originarios y de la poblaci\u00f3n negra, la violencia que desprende su gobierno negando los cr\u00edmenes de lesa humanidad de las dictaduras latinoamericanas, est\u00e1 poniendo en alarmante peligro la continuidad democr\u00e1tica de uno de los pa\u00edses con mayor peso en nuestra Am\u00e9rica Latina.<\/p>\n<p>En el marco de la visita de Bolsonaro, movimientos sociales, sindicatos, referentes, partidos pol\u00edticos y movimientos culturales se juntan y convocan a una jornada de resistencia en la Plaza de Mayo. En defensa de la soberan\u00eda, de la solidaridad latinoamericana, contra las pol\u00edticas neoliberales de Bolsonaro y Macri, y diciendo NO al autoritarismo, al militarismo y a las varias declaraciones racistas, machistas, homof\u00f3bicas y de apolog\u00eda a la tortura expresadas por ambos.<\/p>\n<p>Las actividades arrancan a las 15hs en la tradicional ronda de las Madres de la Plaza de Mayo, como todos los jueves. Y luego contin\u00faa a las 18hsi con un Encuentro art\u00edstico, cultural y pol\u00edtico convocado por m\u00e1s de 60 organizaciones.<\/p>\n<p>Invitan<\/p>\n<p>Agrupacion Xango<br \/>\nALBA Movimientos<br \/>\nAPDH La Matanza<br \/>\nAsamblea Argentina Mejor Sin TLC<br \/>\nAsamblea Popular Feminista<br \/>\nAsociaci\u00f3n Buena Memoria<br \/>\nAsociaci\u00f3n TeMA- Tertulia de Mujeres Afrolatinoamericanas<br \/>\nATE Capital<br \/>\nAttac Argentina<br \/>\nATTTA Red Nacional<br \/>\nCELS \u2013 Centro de Estudios Legales y Sociales<br \/>\nCineMigrante<br \/>\nColetivo Passarinho<br \/>\nColumna Orgullo en Lucha<br \/>\nComisi\u00f3n Organizadora del 8 de Noviembre<br \/>\nComit\u00e9 Internacional Lula Libre Zona Norte BsAs<br \/>\nCorriente Pol\u00edtica 17 de Agosto<br \/>\nCTA<br \/>\nCTA Aut\u00f3noma<br \/>\nEl Hormiguero<br \/>\nEmergentes<br \/>\nEstudiantes Migrantes Universidad de Buenos Aires<br \/>\nFederaci\u00f3n Argentina LGBT (FALGBT)<br \/>\nFederaci\u00f2n de Trabajadores \u00abPor la Econom\u00eda Social\u00bb Ltda<br \/>\nForo Permanente de Migrantes y Refugiados\/as Argentina<br \/>\nFrente Popular Dar\u00edo Santill\u00e1n<br \/>\nFrente de G\u00e9nero Proyecto Sur<br \/>\nFrente Trabajo y Dignidad Milagro Sala<br \/>\nFUBA Federaci\u00f3n Universitaria Buenos Aires<br \/>\nGrupo Etcetera \u2013 La Internacional Errorista<br \/>\nH.I.J.O.S Regional Capital<br \/>\nLa Boca Resiste Y Propone Lbrp<br \/>\nIntifada<br \/>\nLa C\u00e1mpora<br \/>\nLA FULANA<br \/>\nLa Garganta Poderosa<br \/>\nLa Simon Bolivar<br \/>\nMarea Ciudadana<br \/>\nMesa Nacional por la Igualdad y Contra la Discriminaci\u00f3n<br \/>\nMigrantesxMigrantes<br \/>\nMovimiento Evita<br \/>\nFrente Patria Grande<br \/>\nMultisectorial Antiextractivista<br \/>\nNi una menos<br \/>\nNuevo Encuentro Ciudad de Buenos Aires<br \/>\nNueva Mayor\u00eda \u2013 Plataforma Nacional<br \/>\nOLP \u2013 Organizaciones Libres del Pueblo<br \/>\nPartido Piquetero<br \/>\nRed de Migrantes y Refugiadxs en Argentina<br \/>\nREDH Cap\u00edtulo Argentino<br \/>\nResistiendo con Aguante \u2013 Prensa y Difusi\u00f3n RcA CABA<br \/>\nResumen Latinoamericano Contrainformaci\u00f3n<br \/>\nSeamos Libres CABA<br \/>\nSerigrafistas queer<br \/>\nUsina Cultural del Sur<\/p>\n","protected":false},"excerpt":{"rendered":"<p>Movilizaci\u00f3n a Plaza de Mayo &#8211; Jueves 6\/6 Bolsonaro tu odio no es bienvenido ac\u00e1 . Este jueves, 6 de junio, el presidente de Brasil Jair Bolsonaro llega en visita oficial a la Argentina y nos llena de verg\u00fcenza e&hellip;<\/p>\n","protected":false},"author":1426,"featured_media":867401,"comment_status":"closed","ping_status":"closed","sticky":false,"template":"","format":"standard","meta":{"footnotes":""},"categories":[74,67],"tags":[51308,59514,5379,18412,59515],"class_list":["post-867400","post","type-post","status-publish","format-standard","has-post-thumbnail","hentry","category-politica-es","category-sudamerica","tag-bolsonaro-es","tag-discurso-de-odio-es","tag-movilizacion","tag-movimientos-populares","tag-plaza-de-mayo-es"],"yoast_head":"<!-- This site is optimized with the Yoast SEO plugin v27.1.1 - https:\/\/yoast.com\/product\/yoast-seo-wordpress\/ -->\n<title>Rechazo popular a la visita del presidente de Brasil a Argentina: &quot;Bolsonaro, tu odio no es bienvenido&quot;<\/title>\n<meta name=\"description\" content=\"Movilizaci\u00f3n a Plaza de Mayo - Jueves 6\/6 Bolsonaro tu odio no es bienvenido ac\u00e1 . Este jueves, 6 de junio, el presidente de Brasil Jair Bolsonaro llega\" \/>\n<meta name=\"robots\" content=\"index, follow, max-snippet:-1, max-image-preview:large, max-video-preview:-1\" \/>\n<link rel=\"canonical\" href=\"https:\/\/www.pressenza.com\/es\/2019\/06\/rechazo-popular-a-la-visita-del-presidente-de-brasil-a-argentina-bolsonaro-tu-odio-no-es-bienvenido\/\" \/>\n<meta property=\"og:locale\" content=\"es_ES\" \/>\n<meta property=\"og:type\" content=\"article\" \/>\n<meta property=\"og:title\" content=\"Rechazo popular a la visita del presidente de Brasil a Argentina: &quot;Bolsonaro, tu odio no es bienvenido&quot;\" \/>\n<meta property=\"og:description\" content=\"Movilizaci\u00f3n a Plaza de Mayo - Jueves 6\/6 Bolsonaro tu odio no es bienvenido ac\u00e1 . Este jueves, 6 de junio, el presidente de Brasil Jair Bolsonaro llega\" \/>\n<meta property=\"og:url\" content=\"https:\/\/www.pressenza.com\/es\/2019\/06\/rechazo-popular-a-la-visita-del-presidente-de-brasil-a-argentina-bolsonaro-tu-odio-no-es-bienvenido\/\" \/>\n<meta property=\"og:site_name\" content=\"Pressenza\" \/>\n<meta property=\"article:publisher\" content=\"https:\/\/www.facebook.com\/PressenzaItalia\" \/>\n<meta property=\"article:published_time\" content=\"2019-06-06T00:39:57+00:00\" \/>\n<meta property=\"og:image\" content=\"https:\/\/www.pressenza.com\/wp-content\/uploads\/2019\/06\/bolso.jpeg\" \/>\n\t<meta property=\"og:image:width\" content=\"768\" \/>\n\t<meta property=\"og:image:height\" content=\"960\" \/>\n\t<meta property=\"og:image:type\" content=\"image\/jpeg\" \/>\n<meta name=\"author\" content=\"Resumen Latinoamericano\" \/>\n<meta name=\"twitter:card\" content=\"summary_large_image\" \/>\n<meta name=\"twitter:creator\" content=\"@PressenzaIPA\" \/>\n<meta name=\"twitter:site\" content=\"@PressenzaIPA\" \/>\n<meta name=\"twitter:label1\" content=\"Escrito por\" \/>\n\t<meta name=\"twitter:data1\" content=\"Resumen Latinoamericano\" \/>\n\t<meta name=\"twitter:label2\" content=\"Tiempo de lectura\" \/>\n\t<meta name=\"twitter:data2\" content=\"3 minutos\" \/>\n<script type=\"application\/ld+json\" class=\"yoast-schema-graph\">{\"@context\":\"https:\/\/schema.org\",\"@graph\":[{\"@type\":\"Article\",\"@id\":\"https:\/\/www.pressenza.com\/es\/2019\/06\/rechazo-popular-a-la-visita-del-presidente-de-brasil-a-argentina-bolsonaro-tu-odio-no-es-bienvenido\/#article\",\"isPartOf\":{\"@id\":\"https:\/\/www.pressenza.com\/es\/2019\/06\/rechazo-popular-a-la-visita-del-presidente-de-brasil-a-argentina-bolsonaro-tu-odio-no-es-bienvenido\/\"},\"author\":{\"name\":\"Resumen Latinoamericano\",\"@id\":\"https:\/\/www.pressenza.com\/es\/#\/schema\/person\/ebe4f9fd31c9645c4ebf98bf9c412e03\"},\"headline\":\"Rechazo popular a la visita del presidente de Brasil a Argentina: \u00abBolsonaro, tu odio no es bienvenido\u00bb\",\"datePublished\":\"2019-06-06T00:39:57+00:00\",\"mainEntityOfPage\":{\"@id\":\"https:\/\/www.pressenza.com\/es\/2019\/06\/rechazo-popular-a-la-visita-del-presidente-de-brasil-a-argentina-bolsonaro-tu-odio-no-es-bienvenido\/\"},\"wordCount\":607,\"publisher\":{\"@id\":\"https:\/\/www.pressenza.com\/es\/#organization\"},\"image\":{\"@id\":\"https:\/\/www.pressenza.com\/es\/2019\/06\/rechazo-popular-a-la-visita-del-presidente-de-brasil-a-argentina-bolsonaro-tu-odio-no-es-bienvenido\/#primaryimage\"},\"thumbnailUrl\":\"https:\/\/www.pressenza.com\/wp-content\/uploads\/2019\/06\/bolso.jpeg\",\"keywords\":[\"Bolsonaro\",\"Discurso de \u00d3dio\",\"movilizaci\u00f3n\",\"Movimientos populares\",\"Plaza de Mayo\"],\"articleSection\":[\"Pol\u00edtica\",\"Sudam\u00e9rica\"],\"inLanguage\":\"es\"},{\"@type\":\"WebPage\",\"@id\":\"https:\/\/www.pressenza.com\/es\/2019\/06\/rechazo-popular-a-la-visita-del-presidente-de-brasil-a-argentina-bolsonaro-tu-odio-no-es-bienvenido\/\",\"url\":\"https:\/\/www.pressenza.com\/es\/2019\/06\/rechazo-popular-a-la-visita-del-presidente-de-brasil-a-argentina-bolsonaro-tu-odio-no-es-bienvenido\/\",\"name\":\"Rechazo popular a la visita del presidente de Brasil a Argentina: \\\"Bolsonaro, tu odio no es bienvenido\\\"\",\"isPartOf\":{\"@id\":\"https:\/\/www.pressenza.com\/es\/#website\"},\"primaryImageOfPage\":{\"@id\":\"https:\/\/www.pressenza.com\/es\/2019\/06\/rechazo-popular-a-la-visita-del-presidente-de-brasil-a-argentina-bolsonaro-tu-odio-no-es-bienvenido\/#primaryimage\"},\"image\":{\"@id\":\"https:\/\/www.pressenza.com\/es\/2019\/06\/rechazo-popular-a-la-visita-del-presidente-de-brasil-a-argentina-bolsonaro-tu-odio-no-es-bienvenido\/#primaryimage\"},\"thumbnailUrl\":\"https:\/\/www.pressenza.com\/wp-content\/uploads\/2019\/06\/bolso.jpeg\",\"datePublished\":\"2019-06-06T00:39:57+00:00\",\"description\":\"Movilizaci\u00f3n a Plaza de Mayo - Jueves 6\/6 Bolsonaro tu odio no es bienvenido ac\u00e1 . Este jueves, 6 de junio, el presidente de Brasil Jair Bolsonaro llega\",\"breadcrumb\":{\"@id\":\"https:\/\/www.pressenza.com\/es\/2019\/06\/rechazo-popular-a-la-visita-del-presidente-de-brasil-a-argentina-bolsonaro-tu-odio-no-es-bienvenido\/#breadcrumb\"},\"inLanguage\":\"es\",\"potentialAction\":[{\"@type\":\"ReadAction\",\"target\":[\"https:\/\/www.pressenza.com\/es\/2019\/06\/rechazo-popular-a-la-visita-del-presidente-de-brasil-a-argentina-bolsonaro-tu-odio-no-es-bienvenido\/\"]}]},{\"@type\":\"ImageObject\",\"inLanguage\":\"es\",\"@id\":\"https:\/\/www.pressenza.com\/es\/2019\/06\/rechazo-popular-a-la-visita-del-presidente-de-brasil-a-argentina-bolsonaro-tu-odio-no-es-bienvenido\/#primaryimage\",\"url\":\"https:\/\/www.pressenza.com\/wp-content\/uploads\/2019\/06\/bolso.jpeg\",\"contentUrl\":\"https:\/\/www.pressenza.com\/wp-content\/uploads\/2019\/06\/bolso.jpeg\",\"width\":768,\"height\":960},{\"@type\":\"BreadcrumbList\",\"@id\":\"https:\/\/www.pressenza.com\/es\/2019\/06\/rechazo-popular-a-la-visita-del-presidente-de-brasil-a-argentina-bolsonaro-tu-odio-no-es-bienvenido\/#breadcrumb\",\"itemListElement\":[{\"@type\":\"ListItem\",\"position\":1,\"name\":\"Accueil\",\"item\":\"https:\/\/www.pressenza.com\/es\/\"},{\"@type\":\"ListItem\",\"position\":2,\"name\":\"Rechazo popular a la visita del presidente de Brasil a Argentina: \u00abBolsonaro, tu odio no es bienvenido\u00bb\"}]},{\"@type\":\"WebSite\",\"@id\":\"https:\/\/www.pressenza.com\/es\/#website\",\"url\":\"https:\/\/www.pressenza.com\/es\/\",\"name\":\"Pressenza\",\"description\":\"International Press Agency\",\"publisher\":{\"@id\":\"https:\/\/www.pressenza.com\/es\/#organization\"},\"potentialAction\":[{\"@type\":\"SearchAction\",\"target\":{\"@type\":\"EntryPoint\",\"urlTemplate\":\"https:\/\/www.pressenza.com\/es\/?s={search_term_string}\"},\"query-input\":{\"@type\":\"PropertyValueSpecification\",\"valueRequired\":true,\"valueName\":\"search_term_string\"}}],\"inLanguage\":\"es\"},{\"@type\":\"Organization\",\"@id\":\"https:\/\/www.pressenza.com\/es\/#organization\",\"name\":\"Pressenza\",\"url\":\"https:\/\/www.pressenza.com\/es\/\",\"logo\":{\"@type\":\"ImageObject\",\"inLanguage\":\"es\",\"@id\":\"https:\/\/www.pressenza.com\/es\/#\/schema\/logo\/image\/\",\"url\":\"https:\/\/www.pressenza.com\/wp-content\/uploads\/2022\/10\/pressenza_logo_200x200.jpg\",\"contentUrl\":\"https:\/\/www.pressenza.com\/wp-content\/uploads\/2022\/10\/pressenza_logo_200x200.jpg\",\"width\":200,\"height\":200,\"caption\":\"Pressenza\"},\"image\":{\"@id\":\"https:\/\/www.pressenza.com\/es\/#\/schema\/logo\/image\/\"},\"sameAs\":[\"https:\/\/www.facebook.com\/PressenzaItalia\",\"https:\/\/x.com\/PressenzaIPA\"]},{\"@type\":\"Person\",\"@id\":\"https:\/\/www.pressenza.com\/es\/#\/schema\/person\/ebe4f9fd31c9645c4ebf98bf9c412e03\",\"name\":\"Resumen Latinoamericano\",\"sameAs\":[\"http:\/\/www.resumenlatinoamericano.org\/\"],\"url\":\"https:\/\/www.pressenza.com\/es\/author\/resumen-latinoamericano\/\"}]}<\/script>\n<!-- \/ Yoast SEO plugin. -->","yoast_head_json":{"title":"Rechazo popular a la visita del presidente de Brasil a Argentina: \"Bolsonaro, tu odio no es bienvenido\"","description":"Movilizaci\u00f3n a Plaza de Mayo - Jueves 6\/6 Bolsonaro tu odio no es bienvenido ac\u00e1 . Este jueves, 6 de junio, el presidente de Brasil Jair Bolsonaro llega","robots":{"index":"index","follow":"follow","max-snippet":"max-snippet:-1","max-image-preview":"max-image-preview:large","max-video-preview":"max-video-preview:-1"},"canonical":"https:\/\/www.pressenza.com\/es\/2019\/06\/rechazo-popular-a-la-visita-del-presidente-de-brasil-a-argentina-bolsonaro-tu-odio-no-es-bienvenido\/","og_locale":"es_ES","og_type":"article","og_title":"Rechazo popular a la visita del presidente de Brasil a Argentina: \"Bolsonaro, tu odio no es bienvenido\"","og_description":"Movilizaci\u00f3n a Plaza de Mayo - Jueves 6\/6 Bolsonaro tu odio no es bienvenido ac\u00e1 . Este jueves, 6 de junio, el presidente de Brasil Jair Bolsonaro llega","og_url":"https:\/\/www.pressenza.com\/es\/2019\/06\/rechazo-popular-a-la-visita-del-presidente-de-brasil-a-argentina-bolsonaro-tu-odio-no-es-bienvenido\/","og_site_name":"Pressenza","article_publisher":"https:\/\/www.facebook.com\/PressenzaItalia","article_published_time":"2019-06-06T00:39:57+00:00","og_image":[{"width":768,"height":960,"url":"https:\/\/www.pressenza.com\/wp-content\/uploads\/2019\/06\/bolso.jpeg","type":"image\/jpeg"}],"author":"Resumen Latinoamericano","twitter_card":"summary_large_image","twitter_creator":"@PressenzaIPA","twitter_site":"@PressenzaIPA","twitter_misc":{"Escrito por":"Resumen Latinoamericano","Tiempo de lectura":"3 minutos"},"schema":{"@context":"https:\/\/schema.org","@graph":[{"@type":"Article","@id":"https:\/\/www.pressenza.com\/es\/2019\/06\/rechazo-popular-a-la-visita-del-presidente-de-brasil-a-argentina-bolsonaro-tu-odio-no-es-bienvenido\/#article","isPartOf":{"@id":"https:\/\/www.pressenza.com\/es\/2019\/06\/rechazo-popular-a-la-visita-del-presidente-de-brasil-a-argentina-bolsonaro-tu-odio-no-es-bienvenido\/"},"author":{"name":"Resumen Latinoamericano","@id":"https:\/\/www.pressenza.com\/es\/#\/schema\/person\/ebe4f9fd31c9645c4ebf98bf9c412e03"},"headline":"Rechazo popular a la visita del presidente de Brasil a Argentina: \u00abBolsonaro, tu odio no es bienvenido\u00bb","datePublished":"2019-06-06T00:39:57+00:00","mainEntityOfPage":{"@id":"https:\/\/www.pressenza.com\/es\/2019\/06\/rechazo-popular-a-la-visita-del-presidente-de-brasil-a-argentina-bolsonaro-tu-odio-no-es-bienvenido\/"},"wordCount":607,"publisher":{"@id":"https:\/\/www.pressenza.com\/es\/#organization"},"image":{"@id":"https:\/\/www.pressenza.com\/es\/2019\/06\/rechazo-popular-a-la-visita-del-presidente-de-brasil-a-argentina-bolsonaro-tu-odio-no-es-bienvenido\/#primaryimage"},"thumbnailUrl":"https:\/\/www.pressenza.com\/wp-content\/uploads\/2019\/06\/bolso.jpeg","keywords":["Bolsonaro","Discurso de \u00d3dio","movilizaci\u00f3n","Movimientos populares","Plaza de Mayo"],"articleSection":["Pol\u00edtica","Sudam\u00e9rica"],"inLanguage":"es"},{"@type":"WebPage","@id":"https:\/\/www.pressenza.com\/es\/2019\/06\/rechazo-popular-a-la-visita-del-presidente-de-brasil-a-argentina-bolsonaro-tu-odio-no-es-bienvenido\/","url":"https:\/\/www.pressenza.com\/es\/2019\/06\/rechazo-popular-a-la-visita-del-presidente-de-brasil-a-argentina-bolsonaro-tu-odio-no-es-bienvenido\/","name":"Rechazo popular a la visita del presidente de Brasil a Argentina: \"Bolsonaro, tu odio no es bienvenido\"","isPartOf":{"@id":"https:\/\/www.pressenza.com\/es\/#website"},"primaryImageOfPage":{"@id":"https:\/\/www.pressenza.com\/es\/2019\/06\/rechazo-popular-a-la-visita-del-presidente-de-brasil-a-argentina-bolsonaro-tu-odio-no-es-bienvenido\/#primaryimage"},"image":{"@id":"https:\/\/www.pressenza.com\/es\/2019\/06\/rechazo-popular-a-la-visita-del-presidente-de-brasil-a-argentina-bolsonaro-tu-odio-no-es-bienvenido\/#primaryimage"},"thumbnailUrl":"https:\/\/www.pressenza.com\/wp-content\/uploads\/2019\/06\/bolso.jpeg","datePublished":"2019-06-06T00:39:57+00:00","description":"Movilizaci\u00f3n a Plaza de Mayo - Jueves 6\/6 Bolsonaro tu odio no es bienvenido ac\u00e1 . Este jueves, 6 de junio, el presidente de Brasil Jair Bolsonaro llega","breadcrumb":{"@id":"https:\/\/www.pressenza.com\/es\/2019\/06\/rechazo-popular-a-la-visita-del-presidente-de-brasil-a-argentina-bolsonaro-tu-odio-no-es-bienvenido\/#breadcrumb"},"inLanguage":"es","potentialAction":[{"@type":"ReadAction","target":["https:\/\/www.pressenza.com\/es\/2019\/06\/rechazo-popular-a-la-visita-del-presidente-de-brasil-a-argentina-bolsonaro-tu-odio-no-es-bienvenido\/"]}]},{"@type":"ImageObject","inLanguage":"es","@id":"https:\/\/www.pressenza.com\/es\/2019\/06\/rechazo-popular-a-la-visita-del-presidente-de-brasil-a-argentina-bolsonaro-tu-odio-no-es-bienvenido\/#primaryimage","url":"https:\/\/www.pressenza.com\/wp-content\/uploads\/2019\/06\/bolso.jpeg","contentUrl":"https:\/\/www.pressenza.com\/wp-content\/uploads\/2019\/06\/bolso.jpeg","width":768,"height":960},{"@type":"BreadcrumbList","@id":"https:\/\/www.pressenza.com\/es\/2019\/06\/rechazo-popular-a-la-visita-del-presidente-de-brasil-a-argentina-bolsonaro-tu-odio-no-es-bienvenido\/#breadcrumb","itemListElement":[{"@type":"ListItem","position":1,"name":"Accueil","item":"https:\/\/www.pressenza.com\/es\/"},{"@type":"ListItem","position":2,"name":"Rechazo popular a la visita del presidente de Brasil a Argentina: \u00abBolsonaro, tu odio no es bienvenido\u00bb"}]},{"@type":"WebSite","@id":"https:\/\/www.pressenza.com\/es\/#website","url":"https:\/\/www.pressenza.com\/es\/","name":"Pressenza","description":"International Press Agency","publisher":{"@id":"https:\/\/www.pressenza.com\/es\/#organization"},"potentialAction":[{"@type":"SearchAction","target":{"@type":"EntryPoint","urlTemplate":"https:\/\/www.pressenza.com\/es\/?s={search_term_string}"},"query-input":{"@type":"PropertyValueSpecification","valueRequired":true,"valueName":"search_term_string"}}],"inLanguage":"es"},{"@type":"Organization","@id":"https:\/\/www.pressenza.com\/es\/#organization","name":"Pressenza","url":"https:\/\/www.pressenza.com\/es\/","logo":{"@type":"ImageObject","inLanguage":"es","@id":"https:\/\/www.pressenza.com\/es\/#\/schema\/logo\/image\/","url":"https:\/\/www.pressenza.com\/wp-content\/uploads\/2022\/10\/pressenza_logo_200x200.jpg","contentUrl":"https:\/\/www.pressenza.com\/wp-content\/uploads\/2022\/10\/pressenza_logo_200x200.jpg","width":200,"height":200,"caption":"Pressenza"},"image":{"@id":"https:\/\/www.pressenza.com\/es\/#\/schema\/logo\/image\/"},"sameAs":["https:\/\/www.facebook.com\/PressenzaItalia","https:\/\/x.com\/PressenzaIPA"]},{"@type":"Person","@id":"https:\/\/www.pressenza.com\/es\/#\/schema\/person\/ebe4f9fd31c9645c4ebf98bf9c412e03","name":"Resumen Latinoamericano","sameAs":["http:\/\/www.resumenlatinoamericano.org\/"],"url":"https:\/\/www.pressenza.com\/es\/author\/resumen-latinoamericano\/"}]}},"place":"Buenos Aires, Argentina","original_article_url":"http:\/\/www.resumenlatinoamericano.org\/2019\/06\/05\/argentina-llega-una-visita-indeseada-a-visitar-a-un-presidente-idem-bolsonaro-se-junta-con-macri-preparan-gran-protesta-en-plaza-de-mayo\/","_links":{"self":[{"href":"https:\/\/www.pressenza.com\/es\/wp-json\/wp\/v2\/posts\/867400","targetHints":{"allow":["GET"]}}],"collection":[{"href":"https:\/\/www.pressenza.com\/es\/wp-json\/wp\/v2\/posts"}],"about":[{"href":"https:\/\/www.pressenza.com\/es\/wp-json\/wp\/v2\/types\/post"}],"author":[{"embeddable":true,"href":"https:\/\/www.pressenza.com\/es\/wp-json\/wp\/v2\/users\/1426"}],"replies":[{"embeddable":true,"href":"https:\/\/www.pressenza.com\/es\/wp-json\/wp\/v2\/comments?post=867400"}],"version-history":[{"count":0,"href":"https:\/\/www.pressenza.com\/es\/wp-json\/wp\/v2\/posts\/867400\/revisions"}],"wp:featuredmedia":[{"embeddable":true,"href":"https:\/\/www.pressenza.com\/es\/wp-json\/wp\/v2\/media\/867401"}],"wp:attachment":[{"href":"https:\/\/www.pressenza.com\/es\/wp-json\/wp\/v2\/media?parent=867400"}],"wp:term":[{"taxonomy":"category","embeddable":true,"href":"https:\/\/www.pressenza.com\/es\/wp-json\/wp\/v2\/categories?post=867400"},{"taxonomy":"post_tag","embeddable":true,"href":"https:\/\/www.pressenza.com\/es\/wp-json\/wp\/v2\/tags?post=867400"}],"curies":[{"name":"wp","href":"https:\/\/api.w.org\/{rel}","templated":true}]}}