{"id":86435,"date":"2014-01-25T00:50:35","date_gmt":"2014-01-25T00:50:35","guid":{"rendered":"http:\/\/www.pressenza.com\/?p=86435"},"modified":"2014-01-25T13:03:29","modified_gmt":"2014-01-25T13:03:29","slug":"quien-defenderan-las-ff-aa-en-los-desbordes","status":"publish","type":"post","link":"https:\/\/www.pressenza.com\/es\/2014\/01\/quien-defenderan-las-ff-aa-en-los-desbordes\/","title":{"rendered":"\u00bfA quien defender\u00e1n las FF.AA. en los desbordes?"},"content":{"rendered":"<p><span style=\"font-size: 13px;\">\u00a0<\/span><span style=\"font-size: 13px;\">Esta crisis sist\u00e9mica que se va profundizando est\u00e1 llegando en algunos pa\u00edses a situaciones de estallido social. Sirvan de ejemplo\u00a0 los casos de Ucrania, Egipto, T\u00fanez, Grecia, Tailandia o Argentina, entre otros, o bien las situaciones l\u00edmite de Espa\u00f1a, Portugal, Chipre, Rusia\u2026 etc. Esto tambi\u00e9n toca a ciudades de la todopoderosa Alemania, que tuvo que decretar hace unos d\u00edas el estado de excepci\u00f3n en la ciudad de Hamburgo por la gravedad de las protestas. Protestas que comienzan a replicarse en otras ciudades alemanas como Berl\u00edn, Dresden, Frankfurt o Grottingen<\/span><a style=\"font-size: 13px;\" title=\"\" href=\"#_ftn1\">[1]<\/a><span style=\"font-size: 13px;\">.<\/span><\/p>\n<p>Los gobiernos represivos vienen prepar\u00e1ndose para tratar de ahogar esas manifestaciones, esos \u201cdes\u00f3rdenes\u201d que ellos mismos han provocado. Utilizan sus aparatos policiacos y sus fuerzas antidisturbios para controlar a las poblaciones cada vez mas indignadas con los recortes, la corrupci\u00f3n y la impunidad de los pol\u00edticos. Para \u00a0esos departamentos de seguridad no solo no hay recortes, sino que se incrementan las partidas presupuestarias en equipamiento\u00a0 y personal. En Espa\u00f1a el \u00a0en el gasto en material antidisturbios y protecci\u00f3n aument\u00f3 un 1.780% en 2013<a title=\"\" href=\"#_ftn2\">[2]<\/a>. Pero todos sabemos que el siguiente paso, cuando los desbordes se generalizan y la polic\u00eda no es suficiente, es \u00a0sacar al ej\u00e9rcito a la calle. Eso es lo que ha ocurrido hist\u00f3ricamente. \u00a0El caso m\u00e1s reciente lo tenemos en Egipto, donde las FF.AA. son el verdadero \u00e1rbitro de la situaci\u00f3n pol\u00edtica, por poner un ejemplo. Lo mismo se est\u00e1 viendo en Siria donde la situaci\u00f3n ha derivado en una guerra abierta en la que\u00a0 ya se han involucrando otros pa\u00edses interesados en sacar tajada de la situaci\u00f3n.<\/p>\n<p>En occidente se habla de que tenemos unas FF.AA. democr\u00e1ticas sometidas al poder pol\u00edtico, pero hace falta tener pocas luces para no ver algo perverso en la trenza banca-financieros-aparato militar\/industrial-multinacionales-ej\u00e9rcitos-gobiernos (<i>se puede invertir el orden de los elementos y no se altera el resultado<\/i>).<\/p>\n<p>Sin embargo no todo es uniforme, ya que en el seno de los ej\u00e9rcitos, en especial en los cuadros medios, tropa y algunos mandos, hay muy buenos profesionales que no participan de los beneficios cupulares. En muchos de ellos va creciendo la conciencia de que las poblaciones est\u00e1n recibiendo una agresi\u00f3n externa que pone en cuesti\u00f3n la estabilidad, la seguridad y la convivencia entre los ciudadanos. Antes hab\u00eda\u00a0 guerras de destrucci\u00f3n con armamentos y toda su parafernalia, pero ahora las\u00a0 guerras son econ\u00f3micas: guerras limpias, sin p\u00f3lvora, pero a veces m\u00e1s devastadoras de las otras, pues condenan al hambre y a la exclusi\u00f3n a millones de personas.<\/p>\n<p>La pregunta es: \u00bfQu\u00e9 ocurrir\u00e1 si gobiernos corruptos que son repudiados masivamente por las poblaciones pretender recurrir a los ej\u00e9rcitos para \u201cmantener el orden social? \u00bfA quien se deben las FF.AA.? \u00bfAl gobierno corrupto o a los ciudadanos?<\/p>\n<p>En su libro \u201cCartas a mis amigos\u201d, su autor Silo ya adelantaba el problema de las FF.AA. y el \u201cPoder pol\u00edtico respecto a su Legalidad y los l\u00edmites del poder vigente\u201d<a title=\"\" href=\"#_ftn3\">[3]<\/a> afirmando que cuando \u201c<b><i>el poder pol\u00edtico se ha constituido legalmente pero en su ejercicio se convierte en ilegal, habi\u00e9ndose agotado los recursos civiles para cambiar la situaci\u00f3n an\u00f3mala,\u00a0 en este caso, las fuerzas armadas tienen el deber de restablecer la legalidad interrumpida, lo que equivale a continuar los actos que por v\u00eda civil no han podido concluirse. En estas situaciones,\u00a0 el ej\u00e9rcito se debe a la legalidad y no al poder vigente\u201d.<\/i><\/b><\/p>\n<p>Viene al caso esta reflexi\u00f3n porque en la situaci\u00f3n de convulsi\u00f3n social en la que puede entrar \u00a0Espa\u00f1a el grupo de militares \u201cAnemoi\u201d, compuesto por miembros de las FF.AA. espa\u00f1olas, ha emitido un comunicado inusual, en el que toma claramente posici\u00f3n sobre estos temas afirmando su compromiso de posicionarse al lado de los ciudadanos. Dice cosas como esta: \u201cLas FAS est\u00e1n para defender la soberan\u00eda popular, nunca para condicionarla o doblegar su voluntad de cambio real. La criminalizaci\u00f3n de las leg\u00edtimas protestas populares y la intervenci\u00f3n represiva de las FAS son absolutamente inaceptables\u201d <a title=\"\" href=\"#_ftn4\">[4]<\/a><\/p>\n<p>En Espa\u00f1a ya han salido a las calles tomando posici\u00f3n sobre la grave situaci\u00f3n actual todo tipo de colectivos y sectores sociales, a excepci\u00f3n de la monarqu\u00eda y la Iglesia. Ahora tambi\u00e9n los militares\u2026 Algo muy particular est\u00e1 pasando por estas tierras\u2026 Suena a primavera\u2026<\/p>\n<p>&nbsp;<\/p>\n<p><em>Rafael de la Rubia es activista de MSGySV y del 15M<\/em><\/p>\n<p><i>Autor de los libros: <\/i><\/p>\n<p><i>Desarme y Reconciliaci\u00f3n, para un mundo sin guerras\u00a0 <\/i><\/p>\n<p><i>Hacia una rEvoluci\u00f3n mundial no violenta: del 15M al 15O <\/i><\/p>\n<p><i>(Bajar PDF gratis) http:\/\/haciaunarevolucionmundialnoviolenta15m.wordpress.com\/<\/i><\/p>\n<div><br clear=\"all\" \/><\/p>\n<hr align=\"left\" size=\"1\" width=\"33%\" \/>\n<div>\n<p><a title=\"\" href=\"#_ftnref1\">[1]<\/a> http:\/\/agenciaeternity.wordpress.com\/2014\/01\/09\/las-protestas-de-hamburgo-comienzan-a-tener-replicas-en-otras-ciudades-alemanas\/<\/p>\n<\/div>\n<div>\n<p><a title=\"\" href=\"#_ftnref2\">[2]<\/a> http:\/\/www.elmundo.es\/elmundo\/2012\/10\/30\/economia\/1351613307.html<\/p>\n<\/div>\n<div>\n<p><a title=\"\" href=\"#_ftnref3\">[3]<\/a> Silo. Cartas a mis amigos. 8\u00aa Carta. La legalidad y los l\u00edmites del poder vigente. Ver texto completo en\u00a0 http:\/\/www.elmayordelospoetas.net\/?p=10540<\/p>\n<\/div>\n<div>\n<p><a title=\"\" href=\"#_ftnref4\">[4]<\/a> Ver todo el documento de <b>Anemoi<\/b> en http:\/\/www.rebelion.org\/noticia.php?id=179199<\/p>\n<\/div>\n<\/div>\n","protected":false},"excerpt":{"rendered":"<p>\u00a0Esta crisis sist\u00e9mica que se va profundizando est\u00e1 llegando en algunos pa\u00edses a situaciones de estallido social. Sirvan de ejemplo\u00a0 los casos de Ucrania, Egipto, T\u00fanez, Grecia, Tailandia o Argentina, entre otros, o bien las situaciones l\u00edmite de Espa\u00f1a, Portugal,&hellip;<\/p>\n","protected":false},"author":42,"featured_media":86528,"comment_status":"closed","ping_status":"open","sticky":false,"template":"","format":"standard","meta":{"footnotes":""},"categories":[76,66,39,1242,161,1243,74],"tags":[704,355,1398,1303,984,526,3087,394,543],"class_list":["post-86435","post","type-post","status-publish","format-standard","has-post-thumbnail","hentry","category-relaciones-exteriores","category-europa-es","category-internacional","category-noviolencia-tema","category-opiniones","category-paz-desarme","category-politica-es","tag-15m-es","tag-crisis-es","tag-estado-espanol","tag-fuerzas-armadas","tag-indignados-es","tag-manifestacion","tag-mundo-sin-guerras-y-sin-violencia","tag-protestas-sociales","tag-silo-es"],"yoast_head":"<!-- This site is optimized with the Yoast SEO plugin v27.1.1 - https:\/\/yoast.com\/product\/yoast-seo-wordpress\/ -->\n<title>\u00bfA quien defender\u00e1n las FF.AA. en los desbordes?<\/title>\n<meta name=\"description\" content=\"\u00a0Esta crisis sist\u00e9mica que se va profundizando est\u00e1 llegando en algunos pa\u00edses a situaciones de estallido social. Sirvan de ejemplo\u00a0 los casos de Ucrania,\" \/>\n<meta name=\"robots\" content=\"index, follow, max-snippet:-1, max-image-preview:large, max-video-preview:-1\" \/>\n<link rel=\"canonical\" href=\"https:\/\/www.pressenza.com\/es\/2014\/01\/quien-defenderan-las-ff-aa-en-los-desbordes\/\" \/>\n<meta property=\"og:locale\" content=\"es_ES\" \/>\n<meta property=\"og:type\" content=\"article\" \/>\n<meta property=\"og:title\" content=\"\u00bfA quien defender\u00e1n las FF.AA. en los desbordes?\" \/>\n<meta property=\"og:description\" content=\"\u00a0Esta crisis sist\u00e9mica que se va profundizando est\u00e1 llegando en algunos pa\u00edses a situaciones de estallido social. Sirvan de ejemplo\u00a0 los casos de Ucrania,\" \/>\n<meta property=\"og:url\" content=\"https:\/\/www.pressenza.com\/es\/2014\/01\/quien-defenderan-las-ff-aa-en-los-desbordes\/\" \/>\n<meta property=\"og:site_name\" content=\"Pressenza\" \/>\n<meta property=\"article:publisher\" content=\"https:\/\/www.facebook.com\/PressenzaItalia\" \/>\n<meta property=\"article:published_time\" content=\"2014-01-25T00:50:35+00:00\" \/>\n<meta property=\"article:modified_time\" content=\"2014-01-25T13:03:29+00:00\" \/>\n<meta property=\"og:image\" content=\"https:\/\/www.pressenza.com\/wp-content\/uploads\/2014\/01\/Hamburgo-20140109-202749.jpg\" \/>\n\t<meta property=\"og:image:width\" content=\"457\" \/>\n\t<meta property=\"og:image:height\" content=\"282\" \/>\n\t<meta property=\"og:image:type\" content=\"image\/jpeg\" \/>\n<meta name=\"author\" content=\"Rafael De La Rubia\" \/>\n<meta name=\"twitter:card\" content=\"summary_large_image\" \/>\n<meta name=\"twitter:creator\" content=\"@raffka\" \/>\n<meta name=\"twitter:site\" content=\"@PressenzaIPA\" \/>\n<meta name=\"twitter:label1\" content=\"Escrito por\" \/>\n\t<meta name=\"twitter:data1\" content=\"Rafael De La Rubia\" \/>\n\t<meta name=\"twitter:label2\" content=\"Tiempo de lectura\" \/>\n\t<meta name=\"twitter:data2\" content=\"4 minutos\" \/>\n<script type=\"application\/ld+json\" class=\"yoast-schema-graph\">{\"@context\":\"https:\/\/schema.org\",\"@graph\":[{\"@type\":\"Article\",\"@id\":\"https:\/\/www.pressenza.com\/es\/2014\/01\/quien-defenderan-las-ff-aa-en-los-desbordes\/#article\",\"isPartOf\":{\"@id\":\"https:\/\/www.pressenza.com\/es\/2014\/01\/quien-defenderan-las-ff-aa-en-los-desbordes\/\"},\"author\":{\"name\":\"Rafael De La Rubia\",\"@id\":\"https:\/\/www.pressenza.com\/es\/#\/schema\/person\/f0a41b562e086ea0d8a8150002e7958e\"},\"headline\":\"\u00bfA quien defender\u00e1n las FF.AA. en los desbordes?\",\"datePublished\":\"2014-01-25T00:50:35+00:00\",\"dateModified\":\"2014-01-25T13:03:29+00:00\",\"mainEntityOfPage\":{\"@id\":\"https:\/\/www.pressenza.com\/es\/2014\/01\/quien-defenderan-las-ff-aa-en-los-desbordes\/\"},\"wordCount\":860,\"publisher\":{\"@id\":\"https:\/\/www.pressenza.com\/es\/#organization\"},\"image\":{\"@id\":\"https:\/\/www.pressenza.com\/es\/2014\/01\/quien-defenderan-las-ff-aa-en-los-desbordes\/#primaryimage\"},\"thumbnailUrl\":\"https:\/\/www.pressenza.com\/wp-content\/uploads\/2014\/01\/Hamburgo-20140109-202749.jpg\",\"keywords\":[\"15M\",\"crisis\",\"Estado espa\u00f1ol\",\"Fuerzas armadas\",\"indignados\",\"manifestaci\u00f3n\",\"Mundo sin Guerras y sin Violencia\",\"protestas sociales\",\"Silo\"],\"articleSection\":[\"Asuntos internacionales\",\"Europa\",\"Internacional\",\"Noviolencia\",\"Opiniones\",\"Paz y Desarme\",\"Pol\u00edtica\"],\"inLanguage\":\"es\"},{\"@type\":\"WebPage\",\"@id\":\"https:\/\/www.pressenza.com\/es\/2014\/01\/quien-defenderan-las-ff-aa-en-los-desbordes\/\",\"url\":\"https:\/\/www.pressenza.com\/es\/2014\/01\/quien-defenderan-las-ff-aa-en-los-desbordes\/\",\"name\":\"\u00bfA quien defender\u00e1n las FF.AA. en los desbordes?\",\"isPartOf\":{\"@id\":\"https:\/\/www.pressenza.com\/es\/#website\"},\"primaryImageOfPage\":{\"@id\":\"https:\/\/www.pressenza.com\/es\/2014\/01\/quien-defenderan-las-ff-aa-en-los-desbordes\/#primaryimage\"},\"image\":{\"@id\":\"https:\/\/www.pressenza.com\/es\/2014\/01\/quien-defenderan-las-ff-aa-en-los-desbordes\/#primaryimage\"},\"thumbnailUrl\":\"https:\/\/www.pressenza.com\/wp-content\/uploads\/2014\/01\/Hamburgo-20140109-202749.jpg\",\"datePublished\":\"2014-01-25T00:50:35+00:00\",\"dateModified\":\"2014-01-25T13:03:29+00:00\",\"description\":\"\u00a0Esta crisis sist\u00e9mica que se va profundizando est\u00e1 llegando en algunos pa\u00edses a situaciones de estallido social. Sirvan de ejemplo\u00a0 los casos de Ucrania,\",\"breadcrumb\":{\"@id\":\"https:\/\/www.pressenza.com\/es\/2014\/01\/quien-defenderan-las-ff-aa-en-los-desbordes\/#breadcrumb\"},\"inLanguage\":\"es\",\"potentialAction\":[{\"@type\":\"ReadAction\",\"target\":[\"https:\/\/www.pressenza.com\/es\/2014\/01\/quien-defenderan-las-ff-aa-en-los-desbordes\/\"]}]},{\"@type\":\"ImageObject\",\"inLanguage\":\"es\",\"@id\":\"https:\/\/www.pressenza.com\/es\/2014\/01\/quien-defenderan-las-ff-aa-en-los-desbordes\/#primaryimage\",\"url\":\"https:\/\/www.pressenza.com\/wp-content\/uploads\/2014\/01\/Hamburgo-20140109-202749.jpg\",\"contentUrl\":\"https:\/\/www.pressenza.com\/wp-content\/uploads\/2014\/01\/Hamburgo-20140109-202749.jpg\",\"width\":457,\"height\":282},{\"@type\":\"BreadcrumbList\",\"@id\":\"https:\/\/www.pressenza.com\/es\/2014\/01\/quien-defenderan-las-ff-aa-en-los-desbordes\/#breadcrumb\",\"itemListElement\":[{\"@type\":\"ListItem\",\"position\":1,\"name\":\"Accueil\",\"item\":\"https:\/\/www.pressenza.com\/es\/\"},{\"@type\":\"ListItem\",\"position\":2,\"name\":\"\u00bfA quien defender\u00e1n las FF.AA. en los desbordes?\"}]},{\"@type\":\"WebSite\",\"@id\":\"https:\/\/www.pressenza.com\/es\/#website\",\"url\":\"https:\/\/www.pressenza.com\/es\/\",\"name\":\"Pressenza\",\"description\":\"International Press Agency\",\"publisher\":{\"@id\":\"https:\/\/www.pressenza.com\/es\/#organization\"},\"potentialAction\":[{\"@type\":\"SearchAction\",\"target\":{\"@type\":\"EntryPoint\",\"urlTemplate\":\"https:\/\/www.pressenza.com\/es\/?s={search_term_string}\"},\"query-input\":{\"@type\":\"PropertyValueSpecification\",\"valueRequired\":true,\"valueName\":\"search_term_string\"}}],\"inLanguage\":\"es\"},{\"@type\":\"Organization\",\"@id\":\"https:\/\/www.pressenza.com\/es\/#organization\",\"name\":\"Pressenza\",\"url\":\"https:\/\/www.pressenza.com\/es\/\",\"logo\":{\"@type\":\"ImageObject\",\"inLanguage\":\"es\",\"@id\":\"https:\/\/www.pressenza.com\/es\/#\/schema\/logo\/image\/\",\"url\":\"https:\/\/www.pressenza.com\/wp-content\/uploads\/2022\/10\/pressenza_logo_200x200.jpg\",\"contentUrl\":\"https:\/\/www.pressenza.com\/wp-content\/uploads\/2022\/10\/pressenza_logo_200x200.jpg\",\"width\":200,\"height\":200,\"caption\":\"Pressenza\"},\"image\":{\"@id\":\"https:\/\/www.pressenza.com\/es\/#\/schema\/logo\/image\/\"},\"sameAs\":[\"https:\/\/www.facebook.com\/PressenzaItalia\",\"https:\/\/x.com\/PressenzaIPA\"]},{\"@type\":\"Person\",\"@id\":\"https:\/\/www.pressenza.com\/es\/#\/schema\/person\/f0a41b562e086ea0d8a8150002e7958e\",\"name\":\"Rafael De La Rubia\",\"description\":\"Spanish Humanist. Founder of the Organization World without Wars and Violence and spokesperson of the World March for Peace and Nonviolence theworldmarch.org\",\"sameAs\":[\"https:\/\/x.com\/raffka\"],\"url\":\"https:\/\/www.pressenza.com\/es\/author\/rafael-de-la-rubia\/\"}]}<\/script>\n<!-- \/ Yoast SEO plugin. -->","yoast_head_json":{"title":"\u00bfA quien defender\u00e1n las FF.AA. en los desbordes?","description":"\u00a0Esta crisis sist\u00e9mica que se va profundizando est\u00e1 llegando en algunos pa\u00edses a situaciones de estallido social. Sirvan de ejemplo\u00a0 los casos de Ucrania,","robots":{"index":"index","follow":"follow","max-snippet":"max-snippet:-1","max-image-preview":"max-image-preview:large","max-video-preview":"max-video-preview:-1"},"canonical":"https:\/\/www.pressenza.com\/es\/2014\/01\/quien-defenderan-las-ff-aa-en-los-desbordes\/","og_locale":"es_ES","og_type":"article","og_title":"\u00bfA quien defender\u00e1n las FF.AA. en los desbordes?","og_description":"\u00a0Esta crisis sist\u00e9mica que se va profundizando est\u00e1 llegando en algunos pa\u00edses a situaciones de estallido social. Sirvan de ejemplo\u00a0 los casos de Ucrania,","og_url":"https:\/\/www.pressenza.com\/es\/2014\/01\/quien-defenderan-las-ff-aa-en-los-desbordes\/","og_site_name":"Pressenza","article_publisher":"https:\/\/www.facebook.com\/PressenzaItalia","article_published_time":"2014-01-25T00:50:35+00:00","article_modified_time":"2014-01-25T13:03:29+00:00","og_image":[{"width":457,"height":282,"url":"https:\/\/www.pressenza.com\/wp-content\/uploads\/2014\/01\/Hamburgo-20140109-202749.jpg","type":"image\/jpeg"}],"author":"Rafael De La Rubia","twitter_card":"summary_large_image","twitter_creator":"@raffka","twitter_site":"@PressenzaIPA","twitter_misc":{"Escrito por":"Rafael De La Rubia","Tiempo de lectura":"4 minutos"},"schema":{"@context":"https:\/\/schema.org","@graph":[{"@type":"Article","@id":"https:\/\/www.pressenza.com\/es\/2014\/01\/quien-defenderan-las-ff-aa-en-los-desbordes\/#article","isPartOf":{"@id":"https:\/\/www.pressenza.com\/es\/2014\/01\/quien-defenderan-las-ff-aa-en-los-desbordes\/"},"author":{"name":"Rafael De La Rubia","@id":"https:\/\/www.pressenza.com\/es\/#\/schema\/person\/f0a41b562e086ea0d8a8150002e7958e"},"headline":"\u00bfA quien defender\u00e1n las FF.AA. en los desbordes?","datePublished":"2014-01-25T00:50:35+00:00","dateModified":"2014-01-25T13:03:29+00:00","mainEntityOfPage":{"@id":"https:\/\/www.pressenza.com\/es\/2014\/01\/quien-defenderan-las-ff-aa-en-los-desbordes\/"},"wordCount":860,"publisher":{"@id":"https:\/\/www.pressenza.com\/es\/#organization"},"image":{"@id":"https:\/\/www.pressenza.com\/es\/2014\/01\/quien-defenderan-las-ff-aa-en-los-desbordes\/#primaryimage"},"thumbnailUrl":"https:\/\/www.pressenza.com\/wp-content\/uploads\/2014\/01\/Hamburgo-20140109-202749.jpg","keywords":["15M","crisis","Estado espa\u00f1ol","Fuerzas armadas","indignados","manifestaci\u00f3n","Mundo sin Guerras y sin Violencia","protestas sociales","Silo"],"articleSection":["Asuntos internacionales","Europa","Internacional","Noviolencia","Opiniones","Paz y Desarme","Pol\u00edtica"],"inLanguage":"es"},{"@type":"WebPage","@id":"https:\/\/www.pressenza.com\/es\/2014\/01\/quien-defenderan-las-ff-aa-en-los-desbordes\/","url":"https:\/\/www.pressenza.com\/es\/2014\/01\/quien-defenderan-las-ff-aa-en-los-desbordes\/","name":"\u00bfA quien defender\u00e1n las FF.AA. en los desbordes?","isPartOf":{"@id":"https:\/\/www.pressenza.com\/es\/#website"},"primaryImageOfPage":{"@id":"https:\/\/www.pressenza.com\/es\/2014\/01\/quien-defenderan-las-ff-aa-en-los-desbordes\/#primaryimage"},"image":{"@id":"https:\/\/www.pressenza.com\/es\/2014\/01\/quien-defenderan-las-ff-aa-en-los-desbordes\/#primaryimage"},"thumbnailUrl":"https:\/\/www.pressenza.com\/wp-content\/uploads\/2014\/01\/Hamburgo-20140109-202749.jpg","datePublished":"2014-01-25T00:50:35+00:00","dateModified":"2014-01-25T13:03:29+00:00","description":"\u00a0Esta crisis sist\u00e9mica que se va profundizando est\u00e1 llegando en algunos pa\u00edses a situaciones de estallido social. Sirvan de ejemplo\u00a0 los casos de Ucrania,","breadcrumb":{"@id":"https:\/\/www.pressenza.com\/es\/2014\/01\/quien-defenderan-las-ff-aa-en-los-desbordes\/#breadcrumb"},"inLanguage":"es","potentialAction":[{"@type":"ReadAction","target":["https:\/\/www.pressenza.com\/es\/2014\/01\/quien-defenderan-las-ff-aa-en-los-desbordes\/"]}]},{"@type":"ImageObject","inLanguage":"es","@id":"https:\/\/www.pressenza.com\/es\/2014\/01\/quien-defenderan-las-ff-aa-en-los-desbordes\/#primaryimage","url":"https:\/\/www.pressenza.com\/wp-content\/uploads\/2014\/01\/Hamburgo-20140109-202749.jpg","contentUrl":"https:\/\/www.pressenza.com\/wp-content\/uploads\/2014\/01\/Hamburgo-20140109-202749.jpg","width":457,"height":282},{"@type":"BreadcrumbList","@id":"https:\/\/www.pressenza.com\/es\/2014\/01\/quien-defenderan-las-ff-aa-en-los-desbordes\/#breadcrumb","itemListElement":[{"@type":"ListItem","position":1,"name":"Accueil","item":"https:\/\/www.pressenza.com\/es\/"},{"@type":"ListItem","position":2,"name":"\u00bfA quien defender\u00e1n las FF.AA. en los desbordes?"}]},{"@type":"WebSite","@id":"https:\/\/www.pressenza.com\/es\/#website","url":"https:\/\/www.pressenza.com\/es\/","name":"Pressenza","description":"International Press Agency","publisher":{"@id":"https:\/\/www.pressenza.com\/es\/#organization"},"potentialAction":[{"@type":"SearchAction","target":{"@type":"EntryPoint","urlTemplate":"https:\/\/www.pressenza.com\/es\/?s={search_term_string}"},"query-input":{"@type":"PropertyValueSpecification","valueRequired":true,"valueName":"search_term_string"}}],"inLanguage":"es"},{"@type":"Organization","@id":"https:\/\/www.pressenza.com\/es\/#organization","name":"Pressenza","url":"https:\/\/www.pressenza.com\/es\/","logo":{"@type":"ImageObject","inLanguage":"es","@id":"https:\/\/www.pressenza.com\/es\/#\/schema\/logo\/image\/","url":"https:\/\/www.pressenza.com\/wp-content\/uploads\/2022\/10\/pressenza_logo_200x200.jpg","contentUrl":"https:\/\/www.pressenza.com\/wp-content\/uploads\/2022\/10\/pressenza_logo_200x200.jpg","width":200,"height":200,"caption":"Pressenza"},"image":{"@id":"https:\/\/www.pressenza.com\/es\/#\/schema\/logo\/image\/"},"sameAs":["https:\/\/www.facebook.com\/PressenzaItalia","https:\/\/x.com\/PressenzaIPA"]},{"@type":"Person","@id":"https:\/\/www.pressenza.com\/es\/#\/schema\/person\/f0a41b562e086ea0d8a8150002e7958e","name":"Rafael De La Rubia","description":"Spanish Humanist. Founder of the Organization World without Wars and Violence and spokesperson of the World March for Peace and Nonviolence theworldmarch.org","sameAs":["https:\/\/x.com\/raffka"],"url":"https:\/\/www.pressenza.com\/es\/author\/rafael-de-la-rubia\/"}]}},"place":"","original_article_url":"","_links":{"self":[{"href":"https:\/\/www.pressenza.com\/es\/wp-json\/wp\/v2\/posts\/86435","targetHints":{"allow":["GET"]}}],"collection":[{"href":"https:\/\/www.pressenza.com\/es\/wp-json\/wp\/v2\/posts"}],"about":[{"href":"https:\/\/www.pressenza.com\/es\/wp-json\/wp\/v2\/types\/post"}],"author":[{"embeddable":true,"href":"https:\/\/www.pressenza.com\/es\/wp-json\/wp\/v2\/users\/42"}],"replies":[{"embeddable":true,"href":"https:\/\/www.pressenza.com\/es\/wp-json\/wp\/v2\/comments?post=86435"}],"version-history":[{"count":0,"href":"https:\/\/www.pressenza.com\/es\/wp-json\/wp\/v2\/posts\/86435\/revisions"}],"wp:featuredmedia":[{"embeddable":true,"href":"https:\/\/www.pressenza.com\/es\/wp-json\/wp\/v2\/media\/86528"}],"wp:attachment":[{"href":"https:\/\/www.pressenza.com\/es\/wp-json\/wp\/v2\/media?parent=86435"}],"wp:term":[{"taxonomy":"category","embeddable":true,"href":"https:\/\/www.pressenza.com\/es\/wp-json\/wp\/v2\/categories?post=86435"},{"taxonomy":"post_tag","embeddable":true,"href":"https:\/\/www.pressenza.com\/es\/wp-json\/wp\/v2\/tags?post=86435"}],"curies":[{"name":"wp","href":"https:\/\/api.w.org\/{rel}","templated":true}]}}