{"id":861101,"date":"2019-05-25T13:55:36","date_gmt":"2019-05-25T12:55:36","guid":{"rendered":"https:\/\/www.pressenza.com\/?p=861101"},"modified":"2019-05-25T13:55:36","modified_gmt":"2019-05-25T12:55:36","slug":"chile-entrevista-a-mario-aguilar-presidente-del-colegio-de-profesores","status":"publish","type":"post","link":"https:\/\/www.pressenza.com\/es\/2019\/05\/chile-entrevista-a-mario-aguilar-presidente-del-colegio-de-profesores\/","title":{"rendered":"Chile: entrevista a Mario Aguilar, Presidente del Colegio de Profesores"},"content":{"rendered":"<p>Publicamos ac\u00e1 la entrevista que recientemente le hiciera un medio televisivo al referente de los profesores chilenos, dada la profundidad con la que enfoca los diversos problemas de la educaci\u00f3n en el pa\u00eds, que por lo dem\u00e1s se arrastran desde hace d\u00e9cadas y que hacen al modo de pensar, de concebir lo que llamamos educaci\u00f3n.<\/p>\n<p><iframe loading=\"lazy\" title=\"PRESIDENTE DEL COLEGIO DE PROFESORES CONTRA ALESSANDRI POR REVISI\u00d3N DE MOCHILAS: &quot;DEBIERA RENUNCIAR&quot;\" width=\"500\" height=\"281\" src=\"https:\/\/www.youtube.com\/embed\/ZT_ytQSL8_g?feature=oembed\" frameborder=\"0\" allow=\"accelerometer; autoplay; clipboard-write; encrypted-media; gyroscope; picture-in-picture; web-share\" referrerpolicy=\"strict-origin-when-cross-origin\" allowfullscreen><\/iframe><\/p>\n","protected":false},"excerpt":{"rendered":"<p>Publicamos ac\u00e1 la entrevista que recientemente le hiciera un medio televisivo al referente de los profesores chilenos, dada la profundidad con la que enfoca los diversos problemas de la educaci\u00f3n en el pa\u00eds, que por lo dem\u00e1s se arrastran desde&hellip;<\/p>\n","protected":false},"author":43,"featured_media":861103,"comment_status":"closed","ping_status":"closed","sticky":false,"template":"","format":"standard","meta":{"footnotes":""},"categories":[1230,155,67],"tags":[29,31339,393,59090,7784],"class_list":["post-861101","post","type-post","status-publish","format-standard","has-post-thumbnail","hentry","category-educacion-tema","category-entrevistas","category-sudamerica","tag-chile","tag-colegio-de-profesores-de-chile","tag-educacion","tag-instituto-nacional","tag-mario-aguilar"],"yoast_head":"<!-- This site is optimized with the Yoast SEO plugin v27.1.1 - https:\/\/yoast.com\/product\/yoast-seo-wordpress\/ -->\n<title>Chile: entrevista a Mario Aguilar, Presidente del Colegio de Profesores<\/title>\n<meta name=\"description\" content=\"Chile, MArio Aguilar, Presidente del Colegio de Profesores\" \/>\n<meta name=\"robots\" content=\"index, follow, max-snippet:-1, max-image-preview:large, max-video-preview:-1\" \/>\n<link rel=\"canonical\" href=\"https:\/\/www.pressenza.com\/es\/2019\/05\/chile-entrevista-a-mario-aguilar-presidente-del-colegio-de-profesores\/\" \/>\n<meta property=\"og:locale\" content=\"es_ES\" \/>\n<meta property=\"og:type\" content=\"article\" \/>\n<meta property=\"og:title\" content=\"Chile: entrevista a Mario Aguilar, Presidente del Colegio de Profesores\" \/>\n<meta property=\"og:description\" content=\"Chile, MArio Aguilar, Presidente del Colegio de Profesores\" \/>\n<meta property=\"og:url\" content=\"https:\/\/www.pressenza.com\/es\/2019\/05\/chile-entrevista-a-mario-aguilar-presidente-del-colegio-de-profesores\/\" \/>\n<meta property=\"og:site_name\" content=\"Pressenza\" \/>\n<meta property=\"article:publisher\" content=\"https:\/\/www.facebook.com\/PressenzaItalia\" \/>\n<meta property=\"article:author\" content=\"https:\/\/www.facebook.com\/pressenza\" \/>\n<meta property=\"article:published_time\" content=\"2019-05-25T12:55:36+00:00\" \/>\n<meta property=\"og:image\" content=\"https:\/\/www.pressenza.com\/wp-content\/uploads\/2019\/05\/MG_0066_2592x1728.jpg\" \/>\n\t<meta property=\"og:image:width\" content=\"2048\" \/>\n\t<meta property=\"og:image:height\" content=\"1365\" \/>\n\t<meta property=\"og:image:type\" content=\"image\/jpeg\" \/>\n<meta name=\"author\" content=\"Redacci\u00f3n Chile\" \/>\n<meta name=\"twitter:card\" content=\"summary_large_image\" \/>\n<meta name=\"twitter:creator\" content=\"@pressenza\" \/>\n<meta name=\"twitter:site\" content=\"@PressenzaIPA\" \/>\n<meta name=\"twitter:label1\" content=\"Escrito por\" \/>\n\t<meta name=\"twitter:data1\" content=\"Redacci\u00f3n Chile\" \/>\n<script type=\"application\/ld+json\" class=\"yoast-schema-graph\">{\"@context\":\"https:\/\/schema.org\",\"@graph\":[{\"@type\":\"Article\",\"@id\":\"https:\/\/www.pressenza.com\/es\/2019\/05\/chile-entrevista-a-mario-aguilar-presidente-del-colegio-de-profesores\/#article\",\"isPartOf\":{\"@id\":\"https:\/\/www.pressenza.com\/es\/2019\/05\/chile-entrevista-a-mario-aguilar-presidente-del-colegio-de-profesores\/\"},\"author\":{\"name\":\"Redacci\u00f3n Chile\",\"@id\":\"https:\/\/www.pressenza.com\/es\/#\/schema\/person\/d7db40df35d6698ba69ba9ee260944ed\"},\"headline\":\"Chile: entrevista a Mario Aguilar, Presidente del Colegio de Profesores\",\"datePublished\":\"2019-05-25T12:55:36+00:00\",\"mainEntityOfPage\":{\"@id\":\"https:\/\/www.pressenza.com\/es\/2019\/05\/chile-entrevista-a-mario-aguilar-presidente-del-colegio-de-profesores\/\"},\"wordCount\":76,\"publisher\":{\"@id\":\"https:\/\/www.pressenza.com\/es\/#organization\"},\"image\":{\"@id\":\"https:\/\/www.pressenza.com\/es\/2019\/05\/chile-entrevista-a-mario-aguilar-presidente-del-colegio-de-profesores\/#primaryimage\"},\"thumbnailUrl\":\"https:\/\/www.pressenza.com\/wp-content\/uploads\/2019\/05\/MG_0066_2592x1728.jpg\",\"keywords\":[\"Chile\",\"Colegio de Profesores de Chile\",\"Educaci\u00f3n\",\"Instituto Nacional\",\"Mario Aguilar\"],\"articleSection\":[\"Educaci\u00f3n\",\"Entrevistas\",\"Sudam\u00e9rica\"],\"inLanguage\":\"es\"},{\"@type\":\"WebPage\",\"@id\":\"https:\/\/www.pressenza.com\/es\/2019\/05\/chile-entrevista-a-mario-aguilar-presidente-del-colegio-de-profesores\/\",\"url\":\"https:\/\/www.pressenza.com\/es\/2019\/05\/chile-entrevista-a-mario-aguilar-presidente-del-colegio-de-profesores\/\",\"name\":\"Chile: entrevista a Mario Aguilar, Presidente del Colegio de Profesores\",\"isPartOf\":{\"@id\":\"https:\/\/www.pressenza.com\/es\/#website\"},\"primaryImageOfPage\":{\"@id\":\"https:\/\/www.pressenza.com\/es\/2019\/05\/chile-entrevista-a-mario-aguilar-presidente-del-colegio-de-profesores\/#primaryimage\"},\"image\":{\"@id\":\"https:\/\/www.pressenza.com\/es\/2019\/05\/chile-entrevista-a-mario-aguilar-presidente-del-colegio-de-profesores\/#primaryimage\"},\"thumbnailUrl\":\"https:\/\/www.pressenza.com\/wp-content\/uploads\/2019\/05\/MG_0066_2592x1728.jpg\",\"datePublished\":\"2019-05-25T12:55:36+00:00\",\"description\":\"Chile, MArio Aguilar, Presidente del Colegio de Profesores\",\"breadcrumb\":{\"@id\":\"https:\/\/www.pressenza.com\/es\/2019\/05\/chile-entrevista-a-mario-aguilar-presidente-del-colegio-de-profesores\/#breadcrumb\"},\"inLanguage\":\"es\",\"potentialAction\":[{\"@type\":\"ReadAction\",\"target\":[\"https:\/\/www.pressenza.com\/es\/2019\/05\/chile-entrevista-a-mario-aguilar-presidente-del-colegio-de-profesores\/\"]}]},{\"@type\":\"ImageObject\",\"inLanguage\":\"es\",\"@id\":\"https:\/\/www.pressenza.com\/es\/2019\/05\/chile-entrevista-a-mario-aguilar-presidente-del-colegio-de-profesores\/#primaryimage\",\"url\":\"https:\/\/www.pressenza.com\/wp-content\/uploads\/2019\/05\/MG_0066_2592x1728.jpg\",\"contentUrl\":\"https:\/\/www.pressenza.com\/wp-content\/uploads\/2019\/05\/MG_0066_2592x1728.jpg\",\"width\":2048,\"height\":1365},{\"@type\":\"BreadcrumbList\",\"@id\":\"https:\/\/www.pressenza.com\/es\/2019\/05\/chile-entrevista-a-mario-aguilar-presidente-del-colegio-de-profesores\/#breadcrumb\",\"itemListElement\":[{\"@type\":\"ListItem\",\"position\":1,\"name\":\"Accueil\",\"item\":\"https:\/\/www.pressenza.com\/es\/\"},{\"@type\":\"ListItem\",\"position\":2,\"name\":\"Chile: entrevista a Mario Aguilar, Presidente del Colegio de Profesores\"}]},{\"@type\":\"WebSite\",\"@id\":\"https:\/\/www.pressenza.com\/es\/#website\",\"url\":\"https:\/\/www.pressenza.com\/es\/\",\"name\":\"Pressenza\",\"description\":\"International Press Agency\",\"publisher\":{\"@id\":\"https:\/\/www.pressenza.com\/es\/#organization\"},\"potentialAction\":[{\"@type\":\"SearchAction\",\"target\":{\"@type\":\"EntryPoint\",\"urlTemplate\":\"https:\/\/www.pressenza.com\/es\/?s={search_term_string}\"},\"query-input\":{\"@type\":\"PropertyValueSpecification\",\"valueRequired\":true,\"valueName\":\"search_term_string\"}}],\"inLanguage\":\"es\"},{\"@type\":\"Organization\",\"@id\":\"https:\/\/www.pressenza.com\/es\/#organization\",\"name\":\"Pressenza\",\"url\":\"https:\/\/www.pressenza.com\/es\/\",\"logo\":{\"@type\":\"ImageObject\",\"inLanguage\":\"es\",\"@id\":\"https:\/\/www.pressenza.com\/es\/#\/schema\/logo\/image\/\",\"url\":\"https:\/\/www.pressenza.com\/wp-content\/uploads\/2022\/10\/pressenza_logo_200x200.jpg\",\"contentUrl\":\"https:\/\/www.pressenza.com\/wp-content\/uploads\/2022\/10\/pressenza_logo_200x200.jpg\",\"width\":200,\"height\":200,\"caption\":\"Pressenza\"},\"image\":{\"@id\":\"https:\/\/www.pressenza.com\/es\/#\/schema\/logo\/image\/\"},\"sameAs\":[\"https:\/\/www.facebook.com\/PressenzaItalia\",\"https:\/\/x.com\/PressenzaIPA\"]},{\"@type\":\"Person\",\"@id\":\"https:\/\/www.pressenza.com\/es\/#\/schema\/person\/d7db40df35d6698ba69ba9ee260944ed\",\"name\":\"Redacci\u00f3n Chile\",\"description\":\"News from the Pressenza Bureau in Chile\",\"sameAs\":[\"https:\/\/www.facebook.com\/pressenza\",\"https:\/\/x.com\/pressenza\"],\"url\":\"https:\/\/www.pressenza.com\/es\/author\/redaccion-chile\/\"}]}<\/script>\n<!-- \/ Yoast SEO plugin. -->","yoast_head_json":{"title":"Chile: entrevista a Mario Aguilar, Presidente del Colegio de Profesores","description":"Chile, MArio Aguilar, Presidente del Colegio de Profesores","robots":{"index":"index","follow":"follow","max-snippet":"max-snippet:-1","max-image-preview":"max-image-preview:large","max-video-preview":"max-video-preview:-1"},"canonical":"https:\/\/www.pressenza.com\/es\/2019\/05\/chile-entrevista-a-mario-aguilar-presidente-del-colegio-de-profesores\/","og_locale":"es_ES","og_type":"article","og_title":"Chile: entrevista a Mario Aguilar, Presidente del Colegio de Profesores","og_description":"Chile, MArio Aguilar, Presidente del Colegio de Profesores","og_url":"https:\/\/www.pressenza.com\/es\/2019\/05\/chile-entrevista-a-mario-aguilar-presidente-del-colegio-de-profesores\/","og_site_name":"Pressenza","article_publisher":"https:\/\/www.facebook.com\/PressenzaItalia","article_author":"https:\/\/www.facebook.com\/pressenza","article_published_time":"2019-05-25T12:55:36+00:00","og_image":[{"width":2048,"height":1365,"url":"https:\/\/www.pressenza.com\/wp-content\/uploads\/2019\/05\/MG_0066_2592x1728.jpg","type":"image\/jpeg"}],"author":"Redacci\u00f3n Chile","twitter_card":"summary_large_image","twitter_creator":"@pressenza","twitter_site":"@PressenzaIPA","twitter_misc":{"Escrito por":"Redacci\u00f3n Chile"},"schema":{"@context":"https:\/\/schema.org","@graph":[{"@type":"Article","@id":"https:\/\/www.pressenza.com\/es\/2019\/05\/chile-entrevista-a-mario-aguilar-presidente-del-colegio-de-profesores\/#article","isPartOf":{"@id":"https:\/\/www.pressenza.com\/es\/2019\/05\/chile-entrevista-a-mario-aguilar-presidente-del-colegio-de-profesores\/"},"author":{"name":"Redacci\u00f3n Chile","@id":"https:\/\/www.pressenza.com\/es\/#\/schema\/person\/d7db40df35d6698ba69ba9ee260944ed"},"headline":"Chile: entrevista a Mario Aguilar, Presidente del Colegio de Profesores","datePublished":"2019-05-25T12:55:36+00:00","mainEntityOfPage":{"@id":"https:\/\/www.pressenza.com\/es\/2019\/05\/chile-entrevista-a-mario-aguilar-presidente-del-colegio-de-profesores\/"},"wordCount":76,"publisher":{"@id":"https:\/\/www.pressenza.com\/es\/#organization"},"image":{"@id":"https:\/\/www.pressenza.com\/es\/2019\/05\/chile-entrevista-a-mario-aguilar-presidente-del-colegio-de-profesores\/#primaryimage"},"thumbnailUrl":"https:\/\/www.pressenza.com\/wp-content\/uploads\/2019\/05\/MG_0066_2592x1728.jpg","keywords":["Chile","Colegio de Profesores de Chile","Educaci\u00f3n","Instituto Nacional","Mario Aguilar"],"articleSection":["Educaci\u00f3n","Entrevistas","Sudam\u00e9rica"],"inLanguage":"es"},{"@type":"WebPage","@id":"https:\/\/www.pressenza.com\/es\/2019\/05\/chile-entrevista-a-mario-aguilar-presidente-del-colegio-de-profesores\/","url":"https:\/\/www.pressenza.com\/es\/2019\/05\/chile-entrevista-a-mario-aguilar-presidente-del-colegio-de-profesores\/","name":"Chile: entrevista a Mario Aguilar, Presidente del Colegio de Profesores","isPartOf":{"@id":"https:\/\/www.pressenza.com\/es\/#website"},"primaryImageOfPage":{"@id":"https:\/\/www.pressenza.com\/es\/2019\/05\/chile-entrevista-a-mario-aguilar-presidente-del-colegio-de-profesores\/#primaryimage"},"image":{"@id":"https:\/\/www.pressenza.com\/es\/2019\/05\/chile-entrevista-a-mario-aguilar-presidente-del-colegio-de-profesores\/#primaryimage"},"thumbnailUrl":"https:\/\/www.pressenza.com\/wp-content\/uploads\/2019\/05\/MG_0066_2592x1728.jpg","datePublished":"2019-05-25T12:55:36+00:00","description":"Chile, MArio Aguilar, Presidente del Colegio de Profesores","breadcrumb":{"@id":"https:\/\/www.pressenza.com\/es\/2019\/05\/chile-entrevista-a-mario-aguilar-presidente-del-colegio-de-profesores\/#breadcrumb"},"inLanguage":"es","potentialAction":[{"@type":"ReadAction","target":["https:\/\/www.pressenza.com\/es\/2019\/05\/chile-entrevista-a-mario-aguilar-presidente-del-colegio-de-profesores\/"]}]},{"@type":"ImageObject","inLanguage":"es","@id":"https:\/\/www.pressenza.com\/es\/2019\/05\/chile-entrevista-a-mario-aguilar-presidente-del-colegio-de-profesores\/#primaryimage","url":"https:\/\/www.pressenza.com\/wp-content\/uploads\/2019\/05\/MG_0066_2592x1728.jpg","contentUrl":"https:\/\/www.pressenza.com\/wp-content\/uploads\/2019\/05\/MG_0066_2592x1728.jpg","width":2048,"height":1365},{"@type":"BreadcrumbList","@id":"https:\/\/www.pressenza.com\/es\/2019\/05\/chile-entrevista-a-mario-aguilar-presidente-del-colegio-de-profesores\/#breadcrumb","itemListElement":[{"@type":"ListItem","position":1,"name":"Accueil","item":"https:\/\/www.pressenza.com\/es\/"},{"@type":"ListItem","position":2,"name":"Chile: entrevista a Mario Aguilar, Presidente del Colegio de Profesores"}]},{"@type":"WebSite","@id":"https:\/\/www.pressenza.com\/es\/#website","url":"https:\/\/www.pressenza.com\/es\/","name":"Pressenza","description":"International Press Agency","publisher":{"@id":"https:\/\/www.pressenza.com\/es\/#organization"},"potentialAction":[{"@type":"SearchAction","target":{"@type":"EntryPoint","urlTemplate":"https:\/\/www.pressenza.com\/es\/?s={search_term_string}"},"query-input":{"@type":"PropertyValueSpecification","valueRequired":true,"valueName":"search_term_string"}}],"inLanguage":"es"},{"@type":"Organization","@id":"https:\/\/www.pressenza.com\/es\/#organization","name":"Pressenza","url":"https:\/\/www.pressenza.com\/es\/","logo":{"@type":"ImageObject","inLanguage":"es","@id":"https:\/\/www.pressenza.com\/es\/#\/schema\/logo\/image\/","url":"https:\/\/www.pressenza.com\/wp-content\/uploads\/2022\/10\/pressenza_logo_200x200.jpg","contentUrl":"https:\/\/www.pressenza.com\/wp-content\/uploads\/2022\/10\/pressenza_logo_200x200.jpg","width":200,"height":200,"caption":"Pressenza"},"image":{"@id":"https:\/\/www.pressenza.com\/es\/#\/schema\/logo\/image\/"},"sameAs":["https:\/\/www.facebook.com\/PressenzaItalia","https:\/\/x.com\/PressenzaIPA"]},{"@type":"Person","@id":"https:\/\/www.pressenza.com\/es\/#\/schema\/person\/d7db40df35d6698ba69ba9ee260944ed","name":"Redacci\u00f3n Chile","description":"News from the Pressenza Bureau in Chile","sameAs":["https:\/\/www.facebook.com\/pressenza","https:\/\/x.com\/pressenza"],"url":"https:\/\/www.pressenza.com\/es\/author\/redaccion-chile\/"}]}},"place":"Santiago de Chile","original_article_url":"","_links":{"self":[{"href":"https:\/\/www.pressenza.com\/es\/wp-json\/wp\/v2\/posts\/861101","targetHints":{"allow":["GET"]}}],"collection":[{"href":"https:\/\/www.pressenza.com\/es\/wp-json\/wp\/v2\/posts"}],"about":[{"href":"https:\/\/www.pressenza.com\/es\/wp-json\/wp\/v2\/types\/post"}],"author":[{"embeddable":true,"href":"https:\/\/www.pressenza.com\/es\/wp-json\/wp\/v2\/users\/43"}],"replies":[{"embeddable":true,"href":"https:\/\/www.pressenza.com\/es\/wp-json\/wp\/v2\/comments?post=861101"}],"version-history":[{"count":0,"href":"https:\/\/www.pressenza.com\/es\/wp-json\/wp\/v2\/posts\/861101\/revisions"}],"wp:featuredmedia":[{"embeddable":true,"href":"https:\/\/www.pressenza.com\/es\/wp-json\/wp\/v2\/media\/861103"}],"wp:attachment":[{"href":"https:\/\/www.pressenza.com\/es\/wp-json\/wp\/v2\/media?parent=861101"}],"wp:term":[{"taxonomy":"category","embeddable":true,"href":"https:\/\/www.pressenza.com\/es\/wp-json\/wp\/v2\/categories?post=861101"},{"taxonomy":"post_tag","embeddable":true,"href":"https:\/\/www.pressenza.com\/es\/wp-json\/wp\/v2\/tags?post=861101"}],"curies":[{"name":"wp","href":"https:\/\/api.w.org\/{rel}","templated":true}]}}