{"id":858488,"date":"2019-05-21T18:51:11","date_gmt":"2019-05-21T17:51:11","guid":{"rendered":"https:\/\/www.pressenza.com\/?p=858488"},"modified":"2019-05-21T18:51:11","modified_gmt":"2019-05-21T17:51:11","slug":"milan-gran-participacion-en-la-ronda-por-silvia","status":"publish","type":"post","link":"https:\/\/www.pressenza.com\/es\/2019\/05\/milan-gran-participacion-en-la-ronda-por-silvia\/","title":{"rendered":"Mil\u00e1n, gran participaci\u00f3n en la \u00abronda por Silvia\u00bb"},"content":{"rendered":"<p>La \u00abronda por Silvia\u00bb tuvo lugar ayer por la tarde en su barrio, en el Trotter Park, donde asisti\u00f3 a la escuela y donde creci\u00f3 en un ambiente multicultural quiz\u00e1s decisivo para su compromiso en \u00c1frica.\u00a0 A pesar del mal tiempo, al evento asistieron cientos de personas, amigos cercanos, representantes de la escuela y de todas las asociaciones del barrio, que quisieron recordar a Silvia y su compromiso con los m\u00e1s humildes.<\/p>\n<p>Los organizadores han pedido al Ayuntamiento de Mil\u00e1n que vuelva a hacer o\u00edr su voz para instar al m\u00e1ximo compromiso de las instituciones centrales y para pedir al Gobierno italiano que informe sobre la situaci\u00f3n de Silvia Romano. Se ha hecho un llamamiento al Presidente de la Rep\u00fablica, Sergio Mattarella, para que siga ejerciendo, con la constancia y sensibilidad demostradas hasta ahora, su papel de est\u00edmulo para que nada quede sin resolver a fin de devolver a Silvia Romano a sus seres queridos.<\/p>\n<p>Silvia fue secuestrada en noviembre de 2018 en Kenia, donde fue en nombre de la asociaci\u00f3n Africa <em>Milele<\/em> para ayudar a los ni\u00f1os de una peque\u00f1a aldea. Desde entonces, no hay noticias seguras, se han difundido rumores sobre su muerte, pero no hay confirmaci\u00f3n oficial. El teatro <em>Officina<\/em> cerr\u00f3 el evento con el espect\u00e1culo <em>\u00abE sia pace nel mondo\u00bb <\/em>(Y que haya paz en el mundo), que incluye una lectura sobre la Paz y la No Violencia con textos de Gandhi, Marthin Luter King, el Papa Juan XXXIII y el Papa Francisco.<\/p>\n<p><img loading=\"lazy\" decoding=\"async\" class=\"aligncenter wp-image-857078 size-full\" src=\"https:\/\/www.pressenza.com\/wp-content\/uploads\/2019\/05\/EventoSilvia3.jpg\" alt=\"\" width=\"1805\" height=\"510\" srcset=\"https:\/\/www.pressenza.com\/wp-content\/uploads\/2019\/05\/EventoSilvia3.jpg 1805w, https:\/\/www.pressenza.com\/wp-content\/uploads\/2019\/05\/EventoSilvia3-300x85.jpg 300w, https:\/\/www.pressenza.com\/wp-content\/uploads\/2019\/05\/EventoSilvia3-768x217.jpg 768w, https:\/\/www.pressenza.com\/wp-content\/uploads\/2019\/05\/EventoSilvia3-720x203.jpg 720w\" sizes=\"auto, (max-width: 1805px) 100vw, 1805px\" \/><\/p>\n<p><img loading=\"lazy\" decoding=\"async\" class=\"aligncenter wp-image-857087 size-full\" src=\"https:\/\/www.pressenza.com\/wp-content\/uploads\/2019\/05\/EventoSilvia5.jpg\" alt=\"\" width=\"1316\" height=\"640\" srcset=\"https:\/\/www.pressenza.com\/wp-content\/uploads\/2019\/05\/EventoSilvia5.jpg 1316w, https:\/\/www.pressenza.com\/wp-content\/uploads\/2019\/05\/EventoSilvia5-300x146.jpg 300w, https:\/\/www.pressenza.com\/wp-content\/uploads\/2019\/05\/EventoSilvia5-768x373.jpg 768w, https:\/\/www.pressenza.com\/wp-content\/uploads\/2019\/05\/EventoSilvia5-720x350.jpg 720w\" sizes=\"auto, (max-width: 1316px) 100vw, 1316px\" \/><\/p>\n<p><img loading=\"lazy\" decoding=\"async\" class=\"aligncenter wp-image-857096 size-full\" src=\"https:\/\/www.pressenza.com\/wp-content\/uploads\/2019\/05\/EventoSilvia7.jpg\" alt=\"\" width=\"1280\" height=\"960\" srcset=\"https:\/\/www.pressenza.com\/wp-content\/uploads\/2019\/05\/EventoSilvia7.jpg 1280w, https:\/\/www.pressenza.com\/wp-content\/uploads\/2019\/05\/EventoSilvia7-300x225.jpg 300w, https:\/\/www.pressenza.com\/wp-content\/uploads\/2019\/05\/EventoSilvia7-768x576.jpg 768w, https:\/\/www.pressenza.com\/wp-content\/uploads\/2019\/05\/EventoSilvia7-720x540.jpg 720w\" sizes=\"auto, (max-width: 1280px) 100vw, 1280px\" \/><\/p>\n<p><img loading=\"lazy\" decoding=\"async\" class=\"aligncenter wp-image-857105 size-full\" src=\"https:\/\/www.pressenza.com\/wp-content\/uploads\/2019\/05\/EventoSilvia9.jpg\" alt=\"\" width=\"850\" height=\"571\" srcset=\"https:\/\/www.pressenza.com\/wp-content\/uploads\/2019\/05\/EventoSilvia9.jpg 850w, https:\/\/www.pressenza.com\/wp-content\/uploads\/2019\/05\/EventoSilvia9-300x202.jpg 300w, https:\/\/www.pressenza.com\/wp-content\/uploads\/2019\/05\/EventoSilvia9-768x516.jpg 768w, https:\/\/www.pressenza.com\/wp-content\/uploads\/2019\/05\/EventoSilvia9-720x484.jpg 720w\" sizes=\"auto, (max-width: 850px) 100vw, 850px\" \/><\/p>\n<hr \/>\n<p><em>Traducido del italiano por Estefany Zaldumbide<\/em><\/p>\n","protected":false},"excerpt":{"rendered":"<p>La \u00abronda por Silvia\u00bb tuvo lugar ayer por la tarde en su barrio, en el Trotter Park, donde asisti\u00f3 a la escuela y donde creci\u00f3 en un ambiente multicultural quiz\u00e1s decisivo para su compromiso en \u00c1frica.\u00a0 A pesar del mal&hellip;<\/p>\n","protected":false},"author":941,"featured_media":857077,"comment_status":"closed","ping_status":"closed","sticky":false,"template":"","format":"standard","meta":{"footnotes":""},"categories":[64,11389,66,5667,46976],"tags":[58915,16147,58916],"class_list":["post-858488","post","type-post","status-publish","format-standard","has-post-thumbnail","hentry","category-africa-es","category-contenido-original","category-europa-es","category-foto-reportajes","category-jovenes","tag-corro-por-silvia","tag-kenia-es","tag-secuestro-de-silvia-romano"],"yoast_head":"<!-- This site is optimized with the Yoast SEO plugin v27.1.1 - https:\/\/yoast.com\/product\/yoast-seo-wordpress\/ -->\n<title>Mil\u00e1n, gran participaci\u00f3n en la \u00abronda por Silvia\u00bb<\/title>\n<meta name=\"description\" content=\"La \u00abronda por Silvia\u00bb tuvo lugar ayer por la tarde en su barrio, en el Trotter Park, donde asisti\u00f3 a la escuela y donde creci\u00f3 en un ambiente\" \/>\n<meta name=\"robots\" content=\"index, follow, max-snippet:-1, max-image-preview:large, max-video-preview:-1\" \/>\n<link rel=\"canonical\" href=\"https:\/\/www.pressenza.com\/es\/2019\/05\/milan-gran-participacion-en-la-ronda-por-silvia\/\" \/>\n<meta property=\"og:locale\" content=\"es_ES\" \/>\n<meta property=\"og:type\" content=\"article\" \/>\n<meta property=\"og:title\" content=\"Mil\u00e1n, gran participaci\u00f3n en la \u00abronda por Silvia\u00bb\" \/>\n<meta property=\"og:description\" content=\"La \u00abronda por Silvia\u00bb tuvo lugar ayer por la tarde en su barrio, en el Trotter Park, donde asisti\u00f3 a la escuela y donde creci\u00f3 en un ambiente\" \/>\n<meta property=\"og:url\" content=\"https:\/\/www.pressenza.com\/es\/2019\/05\/milan-gran-participacion-en-la-ronda-por-silvia\/\" \/>\n<meta property=\"og:site_name\" content=\"Pressenza\" \/>\n<meta property=\"article:publisher\" content=\"https:\/\/www.facebook.com\/PressenzaItalia\" \/>\n<meta property=\"article:published_time\" content=\"2019-05-21T17:51:11+00:00\" \/>\n<meta property=\"og:image\" content=\"https:\/\/www.pressenza.com\/wp-content\/uploads\/2019\/05\/striscione-Silvia-libera.jpg\" \/>\n\t<meta property=\"og:image:width\" content=\"1280\" \/>\n\t<meta property=\"og:image:height\" content=\"960\" \/>\n\t<meta property=\"og:image:type\" content=\"image\/jpeg\" \/>\n<meta name=\"author\" content=\"Antonella Freggiaro\" \/>\n<meta name=\"twitter:card\" content=\"summary_large_image\" \/>\n<meta name=\"twitter:creator\" content=\"@PressenzaIPA\" \/>\n<meta name=\"twitter:site\" content=\"@PressenzaIPA\" \/>\n<meta name=\"twitter:label1\" content=\"Escrito por\" \/>\n\t<meta name=\"twitter:data1\" content=\"Antonella Freggiaro\" \/>\n\t<meta name=\"twitter:label2\" content=\"Tiempo de lectura\" \/>\n\t<meta name=\"twitter:data2\" content=\"1 minuto\" \/>\n<script type=\"application\/ld+json\" class=\"yoast-schema-graph\">{\"@context\":\"https:\/\/schema.org\",\"@graph\":[{\"@type\":\"Article\",\"@id\":\"https:\/\/www.pressenza.com\/es\/2019\/05\/milan-gran-participacion-en-la-ronda-por-silvia\/#article\",\"isPartOf\":{\"@id\":\"https:\/\/www.pressenza.com\/es\/2019\/05\/milan-gran-participacion-en-la-ronda-por-silvia\/\"},\"author\":{\"name\":\"Antonella Freggiaro\",\"@id\":\"https:\/\/www.pressenza.com\/es\/#\/schema\/person\/3e5837299c96e9fe8354a3f2dcd7d89f\"},\"headline\":\"Mil\u00e1n, gran participaci\u00f3n en la \u00abronda por Silvia\u00bb\",\"datePublished\":\"2019-05-21T17:51:11+00:00\",\"mainEntityOfPage\":{\"@id\":\"https:\/\/www.pressenza.com\/es\/2019\/05\/milan-gran-participacion-en-la-ronda-por-silvia\/\"},\"wordCount\":275,\"publisher\":{\"@id\":\"https:\/\/www.pressenza.com\/es\/#organization\"},\"image\":{\"@id\":\"https:\/\/www.pressenza.com\/es\/2019\/05\/milan-gran-participacion-en-la-ronda-por-silvia\/#primaryimage\"},\"thumbnailUrl\":\"https:\/\/www.pressenza.com\/wp-content\/uploads\/2019\/05\/striscione-Silvia-libera.jpg\",\"keywords\":[\"corro por Silvia\",\"Kenia\",\"secuestro de Silvia Romano\"],\"articleSection\":[\"Africa\",\"Contenido Original\",\"Europa\",\"Fotorreportajes\",\"J\u00f3venes\"],\"inLanguage\":\"es\"},{\"@type\":\"WebPage\",\"@id\":\"https:\/\/www.pressenza.com\/es\/2019\/05\/milan-gran-participacion-en-la-ronda-por-silvia\/\",\"url\":\"https:\/\/www.pressenza.com\/es\/2019\/05\/milan-gran-participacion-en-la-ronda-por-silvia\/\",\"name\":\"Mil\u00e1n, gran participaci\u00f3n en la \u00abronda por Silvia\u00bb\",\"isPartOf\":{\"@id\":\"https:\/\/www.pressenza.com\/es\/#website\"},\"primaryImageOfPage\":{\"@id\":\"https:\/\/www.pressenza.com\/es\/2019\/05\/milan-gran-participacion-en-la-ronda-por-silvia\/#primaryimage\"},\"image\":{\"@id\":\"https:\/\/www.pressenza.com\/es\/2019\/05\/milan-gran-participacion-en-la-ronda-por-silvia\/#primaryimage\"},\"thumbnailUrl\":\"https:\/\/www.pressenza.com\/wp-content\/uploads\/2019\/05\/striscione-Silvia-libera.jpg\",\"datePublished\":\"2019-05-21T17:51:11+00:00\",\"description\":\"La \u00abronda por Silvia\u00bb tuvo lugar ayer por la tarde en su barrio, en el Trotter Park, donde asisti\u00f3 a la escuela y donde creci\u00f3 en un ambiente\",\"breadcrumb\":{\"@id\":\"https:\/\/www.pressenza.com\/es\/2019\/05\/milan-gran-participacion-en-la-ronda-por-silvia\/#breadcrumb\"},\"inLanguage\":\"es\",\"potentialAction\":[{\"@type\":\"ReadAction\",\"target\":[\"https:\/\/www.pressenza.com\/es\/2019\/05\/milan-gran-participacion-en-la-ronda-por-silvia\/\"]}]},{\"@type\":\"ImageObject\",\"inLanguage\":\"es\",\"@id\":\"https:\/\/www.pressenza.com\/es\/2019\/05\/milan-gran-participacion-en-la-ronda-por-silvia\/#primaryimage\",\"url\":\"https:\/\/www.pressenza.com\/wp-content\/uploads\/2019\/05\/striscione-Silvia-libera.jpg\",\"contentUrl\":\"https:\/\/www.pressenza.com\/wp-content\/uploads\/2019\/05\/striscione-Silvia-libera.jpg\",\"width\":1280,\"height\":960},{\"@type\":\"BreadcrumbList\",\"@id\":\"https:\/\/www.pressenza.com\/es\/2019\/05\/milan-gran-participacion-en-la-ronda-por-silvia\/#breadcrumb\",\"itemListElement\":[{\"@type\":\"ListItem\",\"position\":1,\"name\":\"Accueil\",\"item\":\"https:\/\/www.pressenza.com\/es\/\"},{\"@type\":\"ListItem\",\"position\":2,\"name\":\"Mil\u00e1n, gran participaci\u00f3n en la \u00abronda por Silvia\u00bb\"}]},{\"@type\":\"WebSite\",\"@id\":\"https:\/\/www.pressenza.com\/es\/#website\",\"url\":\"https:\/\/www.pressenza.com\/es\/\",\"name\":\"Pressenza\",\"description\":\"International Press Agency\",\"publisher\":{\"@id\":\"https:\/\/www.pressenza.com\/es\/#organization\"},\"potentialAction\":[{\"@type\":\"SearchAction\",\"target\":{\"@type\":\"EntryPoint\",\"urlTemplate\":\"https:\/\/www.pressenza.com\/es\/?s={search_term_string}\"},\"query-input\":{\"@type\":\"PropertyValueSpecification\",\"valueRequired\":true,\"valueName\":\"search_term_string\"}}],\"inLanguage\":\"es\"},{\"@type\":\"Organization\",\"@id\":\"https:\/\/www.pressenza.com\/es\/#organization\",\"name\":\"Pressenza\",\"url\":\"https:\/\/www.pressenza.com\/es\/\",\"logo\":{\"@type\":\"ImageObject\",\"inLanguage\":\"es\",\"@id\":\"https:\/\/www.pressenza.com\/es\/#\/schema\/logo\/image\/\",\"url\":\"https:\/\/www.pressenza.com\/wp-content\/uploads\/2022\/10\/pressenza_logo_200x200.jpg\",\"contentUrl\":\"https:\/\/www.pressenza.com\/wp-content\/uploads\/2022\/10\/pressenza_logo_200x200.jpg\",\"width\":200,\"height\":200,\"caption\":\"Pressenza\"},\"image\":{\"@id\":\"https:\/\/www.pressenza.com\/es\/#\/schema\/logo\/image\/\"},\"sameAs\":[\"https:\/\/www.facebook.com\/PressenzaItalia\",\"https:\/\/x.com\/PressenzaIPA\"]},{\"@type\":\"Person\",\"@id\":\"https:\/\/www.pressenza.com\/es\/#\/schema\/person\/3e5837299c96e9fe8354a3f2dcd7d89f\",\"name\":\"Antonella Freggiaro\",\"description\":\"Antonella Freggiaro, presidente dell'associazione Abarek\u00e0-Nandree, \u00e8 impegnata da anni in Mali in progetti nel campo dell'educazione, della nonviolenza e della sanit\u00e0.\",\"url\":\"https:\/\/www.pressenza.com\/es\/author\/antonella-freggiaro\/\"}]}<\/script>\n<!-- \/ Yoast SEO plugin. -->","yoast_head_json":{"title":"Mil\u00e1n, gran participaci\u00f3n en la \u00abronda por Silvia\u00bb","description":"La \u00abronda por Silvia\u00bb tuvo lugar ayer por la tarde en su barrio, en el Trotter Park, donde asisti\u00f3 a la escuela y donde creci\u00f3 en un ambiente","robots":{"index":"index","follow":"follow","max-snippet":"max-snippet:-1","max-image-preview":"max-image-preview:large","max-video-preview":"max-video-preview:-1"},"canonical":"https:\/\/www.pressenza.com\/es\/2019\/05\/milan-gran-participacion-en-la-ronda-por-silvia\/","og_locale":"es_ES","og_type":"article","og_title":"Mil\u00e1n, gran participaci\u00f3n en la \u00abronda por Silvia\u00bb","og_description":"La \u00abronda por Silvia\u00bb tuvo lugar ayer por la tarde en su barrio, en el Trotter Park, donde asisti\u00f3 a la escuela y donde creci\u00f3 en un ambiente","og_url":"https:\/\/www.pressenza.com\/es\/2019\/05\/milan-gran-participacion-en-la-ronda-por-silvia\/","og_site_name":"Pressenza","article_publisher":"https:\/\/www.facebook.com\/PressenzaItalia","article_published_time":"2019-05-21T17:51:11+00:00","og_image":[{"width":1280,"height":960,"url":"https:\/\/www.pressenza.com\/wp-content\/uploads\/2019\/05\/striscione-Silvia-libera.jpg","type":"image\/jpeg"}],"author":"Antonella Freggiaro","twitter_card":"summary_large_image","twitter_creator":"@PressenzaIPA","twitter_site":"@PressenzaIPA","twitter_misc":{"Escrito por":"Antonella Freggiaro","Tiempo de lectura":"1 minuto"},"schema":{"@context":"https:\/\/schema.org","@graph":[{"@type":"Article","@id":"https:\/\/www.pressenza.com\/es\/2019\/05\/milan-gran-participacion-en-la-ronda-por-silvia\/#article","isPartOf":{"@id":"https:\/\/www.pressenza.com\/es\/2019\/05\/milan-gran-participacion-en-la-ronda-por-silvia\/"},"author":{"name":"Antonella Freggiaro","@id":"https:\/\/www.pressenza.com\/es\/#\/schema\/person\/3e5837299c96e9fe8354a3f2dcd7d89f"},"headline":"Mil\u00e1n, gran participaci\u00f3n en la \u00abronda por Silvia\u00bb","datePublished":"2019-05-21T17:51:11+00:00","mainEntityOfPage":{"@id":"https:\/\/www.pressenza.com\/es\/2019\/05\/milan-gran-participacion-en-la-ronda-por-silvia\/"},"wordCount":275,"publisher":{"@id":"https:\/\/www.pressenza.com\/es\/#organization"},"image":{"@id":"https:\/\/www.pressenza.com\/es\/2019\/05\/milan-gran-participacion-en-la-ronda-por-silvia\/#primaryimage"},"thumbnailUrl":"https:\/\/www.pressenza.com\/wp-content\/uploads\/2019\/05\/striscione-Silvia-libera.jpg","keywords":["corro por Silvia","Kenia","secuestro de Silvia Romano"],"articleSection":["Africa","Contenido Original","Europa","Fotorreportajes","J\u00f3venes"],"inLanguage":"es"},{"@type":"WebPage","@id":"https:\/\/www.pressenza.com\/es\/2019\/05\/milan-gran-participacion-en-la-ronda-por-silvia\/","url":"https:\/\/www.pressenza.com\/es\/2019\/05\/milan-gran-participacion-en-la-ronda-por-silvia\/","name":"Mil\u00e1n, gran participaci\u00f3n en la \u00abronda por Silvia\u00bb","isPartOf":{"@id":"https:\/\/www.pressenza.com\/es\/#website"},"primaryImageOfPage":{"@id":"https:\/\/www.pressenza.com\/es\/2019\/05\/milan-gran-participacion-en-la-ronda-por-silvia\/#primaryimage"},"image":{"@id":"https:\/\/www.pressenza.com\/es\/2019\/05\/milan-gran-participacion-en-la-ronda-por-silvia\/#primaryimage"},"thumbnailUrl":"https:\/\/www.pressenza.com\/wp-content\/uploads\/2019\/05\/striscione-Silvia-libera.jpg","datePublished":"2019-05-21T17:51:11+00:00","description":"La \u00abronda por Silvia\u00bb tuvo lugar ayer por la tarde en su barrio, en el Trotter Park, donde asisti\u00f3 a la escuela y donde creci\u00f3 en un ambiente","breadcrumb":{"@id":"https:\/\/www.pressenza.com\/es\/2019\/05\/milan-gran-participacion-en-la-ronda-por-silvia\/#breadcrumb"},"inLanguage":"es","potentialAction":[{"@type":"ReadAction","target":["https:\/\/www.pressenza.com\/es\/2019\/05\/milan-gran-participacion-en-la-ronda-por-silvia\/"]}]},{"@type":"ImageObject","inLanguage":"es","@id":"https:\/\/www.pressenza.com\/es\/2019\/05\/milan-gran-participacion-en-la-ronda-por-silvia\/#primaryimage","url":"https:\/\/www.pressenza.com\/wp-content\/uploads\/2019\/05\/striscione-Silvia-libera.jpg","contentUrl":"https:\/\/www.pressenza.com\/wp-content\/uploads\/2019\/05\/striscione-Silvia-libera.jpg","width":1280,"height":960},{"@type":"BreadcrumbList","@id":"https:\/\/www.pressenza.com\/es\/2019\/05\/milan-gran-participacion-en-la-ronda-por-silvia\/#breadcrumb","itemListElement":[{"@type":"ListItem","position":1,"name":"Accueil","item":"https:\/\/www.pressenza.com\/es\/"},{"@type":"ListItem","position":2,"name":"Mil\u00e1n, gran participaci\u00f3n en la \u00abronda por Silvia\u00bb"}]},{"@type":"WebSite","@id":"https:\/\/www.pressenza.com\/es\/#website","url":"https:\/\/www.pressenza.com\/es\/","name":"Pressenza","description":"International Press Agency","publisher":{"@id":"https:\/\/www.pressenza.com\/es\/#organization"},"potentialAction":[{"@type":"SearchAction","target":{"@type":"EntryPoint","urlTemplate":"https:\/\/www.pressenza.com\/es\/?s={search_term_string}"},"query-input":{"@type":"PropertyValueSpecification","valueRequired":true,"valueName":"search_term_string"}}],"inLanguage":"es"},{"@type":"Organization","@id":"https:\/\/www.pressenza.com\/es\/#organization","name":"Pressenza","url":"https:\/\/www.pressenza.com\/es\/","logo":{"@type":"ImageObject","inLanguage":"es","@id":"https:\/\/www.pressenza.com\/es\/#\/schema\/logo\/image\/","url":"https:\/\/www.pressenza.com\/wp-content\/uploads\/2022\/10\/pressenza_logo_200x200.jpg","contentUrl":"https:\/\/www.pressenza.com\/wp-content\/uploads\/2022\/10\/pressenza_logo_200x200.jpg","width":200,"height":200,"caption":"Pressenza"},"image":{"@id":"https:\/\/www.pressenza.com\/es\/#\/schema\/logo\/image\/"},"sameAs":["https:\/\/www.facebook.com\/PressenzaItalia","https:\/\/x.com\/PressenzaIPA"]},{"@type":"Person","@id":"https:\/\/www.pressenza.com\/es\/#\/schema\/person\/3e5837299c96e9fe8354a3f2dcd7d89f","name":"Antonella Freggiaro","description":"Antonella Freggiaro, presidente dell'associazione Abarek\u00e0-Nandree, \u00e8 impegnata da anni in Mali in progetti nel campo dell'educazione, della nonviolenza e della sanit\u00e0.","url":"https:\/\/www.pressenza.com\/es\/author\/antonella-freggiaro\/"}]}},"place":"Mil\u00e1n","original_article_url":"","_links":{"self":[{"href":"https:\/\/www.pressenza.com\/es\/wp-json\/wp\/v2\/posts\/858488","targetHints":{"allow":["GET"]}}],"collection":[{"href":"https:\/\/www.pressenza.com\/es\/wp-json\/wp\/v2\/posts"}],"about":[{"href":"https:\/\/www.pressenza.com\/es\/wp-json\/wp\/v2\/types\/post"}],"author":[{"embeddable":true,"href":"https:\/\/www.pressenza.com\/es\/wp-json\/wp\/v2\/users\/941"}],"replies":[{"embeddable":true,"href":"https:\/\/www.pressenza.com\/es\/wp-json\/wp\/v2\/comments?post=858488"}],"version-history":[{"count":0,"href":"https:\/\/www.pressenza.com\/es\/wp-json\/wp\/v2\/posts\/858488\/revisions"}],"wp:featuredmedia":[{"embeddable":true,"href":"https:\/\/www.pressenza.com\/es\/wp-json\/wp\/v2\/media\/857077"}],"wp:attachment":[{"href":"https:\/\/www.pressenza.com\/es\/wp-json\/wp\/v2\/media?parent=858488"}],"wp:term":[{"taxonomy":"category","embeddable":true,"href":"https:\/\/www.pressenza.com\/es\/wp-json\/wp\/v2\/categories?post=858488"},{"taxonomy":"post_tag","embeddable":true,"href":"https:\/\/www.pressenza.com\/es\/wp-json\/wp\/v2\/tags?post=858488"}],"curies":[{"name":"wp","href":"https:\/\/api.w.org\/{rel}","templated":true}]}}