{"id":857237,"date":"2019-05-20T02:11:44","date_gmt":"2019-05-20T01:11:44","guid":{"rendered":"https:\/\/www.pressenza.com\/?p=857237"},"modified":"2019-05-20T02:11:44","modified_gmt":"2019-05-20T01:11:44","slug":"acceso-a-la-informacion-para-los-ciudadanos-entrevista-con-patrick-maupin-greenpeace","status":"publish","type":"post","link":"https:\/\/www.pressenza.com\/es\/2019\/05\/acceso-a-la-informacion-para-los-ciudadanos-entrevista-con-patrick-maupin-greenpeace\/","title":{"rendered":"Acceso a la informaci\u00f3n para los ciudadanos: entrevista con Patrick Maupin, Greenpeace"},"content":{"rendered":"<blockquote><p>El s\u00e1bado 27 de abril, Pressenza Franc\u00f3fona organiz\u00f3 un acto en Burdeos, en el cine Utop\u00eda, para celebrar los 10 a\u00f1os de existencia de la agencia, con la proyecci\u00f3n de la pel\u00edcula \u00abMeeting Snowden\u00bb de Flore Vasseur.<\/p>\n<p>Despu\u00e9s del debate, entrevistamos a Patrick MAUPIN, representante de Greenpeace en Burdeos.<\/p><\/blockquote>\n<p><iframe loading=\"lazy\" title=\"Interview Patrick Maupin\" width=\"500\" height=\"281\" src=\"https:\/\/www.youtube.com\/embed\/pkw6url73no?feature=oembed\" frameborder=\"0\" allow=\"accelerometer; autoplay; clipboard-write; encrypted-media; gyroscope; picture-in-picture; web-share\" referrerpolicy=\"strict-origin-when-cross-origin\" allowfullscreen><\/iframe><\/p>\n<p><strong>Jean-Marc DUNET\u00a0<\/strong>: Los asuntos de hoy en d\u00eda son el derecho a ser informado, la libertad de informaci\u00f3n, los denunciantes de irregularidades, la democracia; \u00bfcu\u00e1les son los v\u00ednculos entre todos estos asuntos?<\/p>\n<p><strong>Patrick MAUPIN<\/strong>\u00a0: Har\u00e9 una conexi\u00f3n muy cercana: Greenpeace es una asociaci\u00f3n de protecci\u00f3n del medio ambiente, pero fue particularmente creada en relaci\u00f3n con los ensayos nucleares atmosf\u00e9ricos americanos, que representaban un gran peligro para toda la humanidad. Por supuesto, podemos pensar que el gobierno estadounidense de la \u00e9poca, y creo que esto no ha cambiado demasiado con el actual gobierno estadounidense, pretend\u00eda proteger a los ciudadanos de cualquier pensamiento cr\u00edtico sobre el uso de armas nucleares. Creo que este es el acto fundacional de Greenpeace.<\/p>\n<p>En Francia, con respecto a la misma cuesti\u00f3n nuclear, que no es solo la cuesti\u00f3n popularizada por Greenpeace, sino tambi\u00e9n la cuesti\u00f3n de las armas nucleares, se produjo el ataque que el gobierno franc\u00e9s orden\u00f3 contra Greenpeace en el barco Rainbow Warrior, lo que provoc\u00f3 la muerte de un activista llamado Fernando Pereira. As\u00ed que yo dir\u00eda que, en efecto, esta idea de que hay temas que no son accesibles al derecho a la informaci\u00f3n, todo porque hay una raz\u00f3n estatal superior que ha decidido que deber\u00eda ser confidencial, es completamente inaceptable para nosotros, en esencia.<\/p>\n<p>Despu\u00e9s de esto, es evidente que el acceso a la informaci\u00f3n es un derecho esencial del que debe gozar el ciudadano y que debe ser objeto de una serie de disposiciones que le permitan ejercerlo.<\/p>\n<p>Tambi\u00e9n me refer\u00eda a c\u00f3mo Greenpeace intenta acceder a fuentes de informaci\u00f3n, y mostr\u00e9 el informe del Instituto de Protecci\u00f3n Radiol\u00f3gica y Seguridad Nuclear, en donde vemos que las empresas privadas, en este caso EDF y Orano, se permiten, bajo el secreto industrial comercial, ocultar p\u00e1ginas enteras de un informe realizado por una instituci\u00f3n p\u00fablica estatal. Esto ofende la visi\u00f3n que podemos y tenemos que tener de c\u00f3mo el Estado y las empresas permiten o no el acceso de los ciudadanos a la informaci\u00f3n. Esto sigue siendo la base de la democracia.<\/p>\n<p><strong>JM D.<\/strong>\u00a0: Esta cuesti\u00f3n nuclear es reveladora en relaci\u00f3n con la libertad de informaci\u00f3n, es un tema sobre el que sentimos muy fuertemente el peso del Estado, de los grandes medios de comunicaci\u00f3n nacionales para difundir informaci\u00f3n sesgada, y no dejar la posibilidad de otros puntos de vista.<\/p>\n<p><strong>P.M.<\/strong>\u00a0: S\u00ed, claramente. Tambi\u00e9n hay otros temas, por ejemplo, una campa\u00f1a sobre el cultivo de OMG en Europa en la que vemos a las personas con las que ha trabajado Greenpeace, los cosechadores de OMG. Vemos c\u00f3mo el Estado (y tambi\u00e9n a nivel europeo) ha reducido dr\u00e1sticamente la informaci\u00f3n que se ha difundido con una sucesi\u00f3n de niveles de informaci\u00f3n, con tales restricciones que apenas es necesario que el ciudadano deposite su carn\u00e9 de identidad en la prefectura para justificar que s\u00ed, que ped\u00eda ver d\u00f3nde posiblemente hab\u00eda parcelas que consist\u00edan en plantaciones de OMG. Realmente tenemos una democracia restringida.<\/p>\n<p>Todav\u00eda hago la conexi\u00f3n entre cortarle la cabeza al rey en 1792: en la actualidad todav\u00eda tenemos una forma de monarqu\u00eda republicana. Aunque a\u00fan podamos decir que estamos en democracia, podemos ver todas las leyes que se han aprobado en los \u00faltimos a\u00f1os que restringen el acceso de los ciudadanos a la informaci\u00f3n y tambi\u00e9n su derecho a expresarse.<\/p>\n<p><strong>JM D.<\/strong>\u00a0: \u00bfCree que las nuevas tecnolog\u00edas de la informaci\u00f3n facilitan las cosas, en t\u00e9rminos de comunicaci\u00f3n de la informaci\u00f3n, o no?<\/p>\n<p><strong>P.M.<\/strong>\u00a0: La transmisi\u00f3n de informaci\u00f3n, por supuesto, Greenpeace la utiliza: la red de Internet, las redes sociales. Pero m\u00e1s all\u00e1 de eso, lo importante es la posibilidad de tener informaci\u00f3n con una fuente confiable y argumentada. Como dijo Fran\u00e7ois Pellegrini, es tanto la cura como el veneno. Dado que son tantas las cosas que circulan en estas redes sociales y que son m\u00e1s bien una cuesti\u00f3n de empuje y emoci\u00f3n que causa que los ciudadanos, aunque utilicen este medio, deban hacer un esfuerzo personal e individual para tratar de evitar dicha informaci\u00f3n tal y como les sucede a ellos y ser capaces de utilizar su sentido cr\u00edtico para saber si se trata de informaci\u00f3n que deben tener en cuenta o verificar con otras fuentes de informaci\u00f3n a las que tengan acceso.<\/p>\n<p><em>Agradecemos a Patrick Maupin por su participaci\u00f3n en el debate y en esta entrevista.<\/em><\/p>\n<hr \/>\n<p><em>Traducci\u00f3n del franc\u00e9s por Rosal\u00eda Briones<\/em><\/p>\n","protected":false},"excerpt":{"rendered":"<p>El s\u00e1bado 27 de abril, Pressenza Franc\u00f3fona organiz\u00f3 un acto en Burdeos, en el cine Utop\u00eda, para celebrar los 10 a\u00f1os de existencia de la agencia, con la proyecci\u00f3n de la pel\u00edcula \u00abMeeting Snowden\u00bb de Flore Vasseur. Despu\u00e9s del debate,&hellip;<\/p>\n","protected":false},"author":926,"featured_media":857205,"comment_status":"closed","ping_status":"closed","sticky":false,"template":"","format":"standard","meta":{"footnotes":""},"categories":[11389,79,155,25678],"tags":[58742,57343,58843],"class_list":["post-857237","post","type-post","status-publish","format-standard","has-post-thumbnail","hentry","category-contenido-original","category-derechos-humanos","category-entrevistas","category-video-es","tag-encuentro-con-snowden","tag-greenpeace-es","tag-patrick-maupin-es"],"yoast_head":"<!-- This site is optimized with the Yoast SEO plugin v27.1.1 - https:\/\/yoast.com\/product\/yoast-seo-wordpress\/ -->\n<title>Acceso a la informaci\u00f3n para los ciudadanos: entrevista con Patrick Maupin, Greenpeace<\/title>\n<meta name=\"description\" content=\"El s\u00e1bado 27 de abril, Pressenza Franc\u00f3fona organiz\u00f3 un acto en Burdeos, en el cine Utop\u00eda, para celebrar los 10 a\u00f1os de existencia de la agencia, con la\" \/>\n<meta name=\"robots\" content=\"index, follow, max-snippet:-1, max-image-preview:large, max-video-preview:-1\" \/>\n<link rel=\"canonical\" href=\"https:\/\/www.pressenza.com\/es\/2019\/05\/acceso-a-la-informacion-para-los-ciudadanos-entrevista-con-patrick-maupin-greenpeace\/\" \/>\n<meta property=\"og:locale\" content=\"es_ES\" \/>\n<meta property=\"og:type\" content=\"article\" \/>\n<meta property=\"og:title\" content=\"Acceso a la informaci\u00f3n para los ciudadanos: entrevista con Patrick Maupin, Greenpeace\" \/>\n<meta property=\"og:description\" content=\"El s\u00e1bado 27 de abril, Pressenza Franc\u00f3fona organiz\u00f3 un acto en Burdeos, en el cine Utop\u00eda, para celebrar los 10 a\u00f1os de existencia de la agencia, con la\" \/>\n<meta property=\"og:url\" content=\"https:\/\/www.pressenza.com\/es\/2019\/05\/acceso-a-la-informacion-para-los-ciudadanos-entrevista-con-patrick-maupin-greenpeace\/\" \/>\n<meta property=\"og:site_name\" content=\"Pressenza\" \/>\n<meta property=\"article:publisher\" content=\"https:\/\/www.facebook.com\/PressenzaItalia\" \/>\n<meta property=\"article:published_time\" content=\"2019-05-20T01:11:44+00:00\" \/>\n<meta property=\"og:image\" content=\"https:\/\/www.pressenza.com\/wp-content\/uploads\/2019\/05\/patrick-maupin-greenpeace.jpg\" \/>\n\t<meta property=\"og:image:width\" content=\"750\" \/>\n\t<meta property=\"og:image:height\" content=\"415\" \/>\n\t<meta property=\"og:image:type\" content=\"image\/jpeg\" \/>\n<meta name=\"author\" content=\"R\u00e9daction France\" \/>\n<meta name=\"twitter:card\" content=\"summary_large_image\" \/>\n<meta name=\"twitter:creator\" content=\"@PressenzaIPA\" \/>\n<meta name=\"twitter:site\" content=\"@PressenzaIPA\" \/>\n<meta name=\"twitter:label1\" content=\"Escrito por\" \/>\n\t<meta name=\"twitter:data1\" content=\"R\u00e9daction France\" \/>\n\t<meta name=\"twitter:label2\" content=\"Tiempo de lectura\" \/>\n\t<meta name=\"twitter:data2\" content=\"4 minutos\" \/>\n<script type=\"application\/ld+json\" class=\"yoast-schema-graph\">{\"@context\":\"https:\/\/schema.org\",\"@graph\":[{\"@type\":\"Article\",\"@id\":\"https:\/\/www.pressenza.com\/es\/2019\/05\/acceso-a-la-informacion-para-los-ciudadanos-entrevista-con-patrick-maupin-greenpeace\/#article\",\"isPartOf\":{\"@id\":\"https:\/\/www.pressenza.com\/es\/2019\/05\/acceso-a-la-informacion-para-los-ciudadanos-entrevista-con-patrick-maupin-greenpeace\/\"},\"author\":{\"name\":\"R\u00e9daction France\",\"@id\":\"https:\/\/www.pressenza.com\/es\/#\/schema\/person\/3c9fe6670cc2cffbd37562f87b98e869\"},\"headline\":\"Acceso a la informaci\u00f3n para los ciudadanos: entrevista con Patrick Maupin, Greenpeace\",\"datePublished\":\"2019-05-20T01:11:44+00:00\",\"mainEntityOfPage\":{\"@id\":\"https:\/\/www.pressenza.com\/es\/2019\/05\/acceso-a-la-informacion-para-los-ciudadanos-entrevista-con-patrick-maupin-greenpeace\/\"},\"wordCount\":876,\"publisher\":{\"@id\":\"https:\/\/www.pressenza.com\/es\/#organization\"},\"image\":{\"@id\":\"https:\/\/www.pressenza.com\/es\/2019\/05\/acceso-a-la-informacion-para-los-ciudadanos-entrevista-con-patrick-maupin-greenpeace\/#primaryimage\"},\"thumbnailUrl\":\"https:\/\/www.pressenza.com\/wp-content\/uploads\/2019\/05\/patrick-maupin-greenpeace.jpg\",\"keywords\":[\"Encuentro con Snowden\",\"Greenpeace\",\"Patrick Maupin\"],\"articleSection\":[\"Contenido Original\",\"Derechos Humanos\",\"Entrevistas\",\"Video\"],\"inLanguage\":\"es\"},{\"@type\":\"WebPage\",\"@id\":\"https:\/\/www.pressenza.com\/es\/2019\/05\/acceso-a-la-informacion-para-los-ciudadanos-entrevista-con-patrick-maupin-greenpeace\/\",\"url\":\"https:\/\/www.pressenza.com\/es\/2019\/05\/acceso-a-la-informacion-para-los-ciudadanos-entrevista-con-patrick-maupin-greenpeace\/\",\"name\":\"Acceso a la informaci\u00f3n para los ciudadanos: entrevista con Patrick Maupin, Greenpeace\",\"isPartOf\":{\"@id\":\"https:\/\/www.pressenza.com\/es\/#website\"},\"primaryImageOfPage\":{\"@id\":\"https:\/\/www.pressenza.com\/es\/2019\/05\/acceso-a-la-informacion-para-los-ciudadanos-entrevista-con-patrick-maupin-greenpeace\/#primaryimage\"},\"image\":{\"@id\":\"https:\/\/www.pressenza.com\/es\/2019\/05\/acceso-a-la-informacion-para-los-ciudadanos-entrevista-con-patrick-maupin-greenpeace\/#primaryimage\"},\"thumbnailUrl\":\"https:\/\/www.pressenza.com\/wp-content\/uploads\/2019\/05\/patrick-maupin-greenpeace.jpg\",\"datePublished\":\"2019-05-20T01:11:44+00:00\",\"description\":\"El s\u00e1bado 27 de abril, Pressenza Franc\u00f3fona organiz\u00f3 un acto en Burdeos, en el cine Utop\u00eda, para celebrar los 10 a\u00f1os de existencia de la agencia, con la\",\"breadcrumb\":{\"@id\":\"https:\/\/www.pressenza.com\/es\/2019\/05\/acceso-a-la-informacion-para-los-ciudadanos-entrevista-con-patrick-maupin-greenpeace\/#breadcrumb\"},\"inLanguage\":\"es\",\"potentialAction\":[{\"@type\":\"ReadAction\",\"target\":[\"https:\/\/www.pressenza.com\/es\/2019\/05\/acceso-a-la-informacion-para-los-ciudadanos-entrevista-con-patrick-maupin-greenpeace\/\"]}]},{\"@type\":\"ImageObject\",\"inLanguage\":\"es\",\"@id\":\"https:\/\/www.pressenza.com\/es\/2019\/05\/acceso-a-la-informacion-para-los-ciudadanos-entrevista-con-patrick-maupin-greenpeace\/#primaryimage\",\"url\":\"https:\/\/www.pressenza.com\/wp-content\/uploads\/2019\/05\/patrick-maupin-greenpeace.jpg\",\"contentUrl\":\"https:\/\/www.pressenza.com\/wp-content\/uploads\/2019\/05\/patrick-maupin-greenpeace.jpg\",\"width\":750,\"height\":415},{\"@type\":\"BreadcrumbList\",\"@id\":\"https:\/\/www.pressenza.com\/es\/2019\/05\/acceso-a-la-informacion-para-los-ciudadanos-entrevista-con-patrick-maupin-greenpeace\/#breadcrumb\",\"itemListElement\":[{\"@type\":\"ListItem\",\"position\":1,\"name\":\"Accueil\",\"item\":\"https:\/\/www.pressenza.com\/es\/\"},{\"@type\":\"ListItem\",\"position\":2,\"name\":\"Acceso a la informaci\u00f3n para los ciudadanos: entrevista con Patrick Maupin, Greenpeace\"}]},{\"@type\":\"WebSite\",\"@id\":\"https:\/\/www.pressenza.com\/es\/#website\",\"url\":\"https:\/\/www.pressenza.com\/es\/\",\"name\":\"Pressenza\",\"description\":\"International Press Agency\",\"publisher\":{\"@id\":\"https:\/\/www.pressenza.com\/es\/#organization\"},\"potentialAction\":[{\"@type\":\"SearchAction\",\"target\":{\"@type\":\"EntryPoint\",\"urlTemplate\":\"https:\/\/www.pressenza.com\/es\/?s={search_term_string}\"},\"query-input\":{\"@type\":\"PropertyValueSpecification\",\"valueRequired\":true,\"valueName\":\"search_term_string\"}}],\"inLanguage\":\"es\"},{\"@type\":\"Organization\",\"@id\":\"https:\/\/www.pressenza.com\/es\/#organization\",\"name\":\"Pressenza\",\"url\":\"https:\/\/www.pressenza.com\/es\/\",\"logo\":{\"@type\":\"ImageObject\",\"inLanguage\":\"es\",\"@id\":\"https:\/\/www.pressenza.com\/es\/#\/schema\/logo\/image\/\",\"url\":\"https:\/\/www.pressenza.com\/wp-content\/uploads\/2022\/10\/pressenza_logo_200x200.jpg\",\"contentUrl\":\"https:\/\/www.pressenza.com\/wp-content\/uploads\/2022\/10\/pressenza_logo_200x200.jpg\",\"width\":200,\"height\":200,\"caption\":\"Pressenza\"},\"image\":{\"@id\":\"https:\/\/www.pressenza.com\/es\/#\/schema\/logo\/image\/\"},\"sameAs\":[\"https:\/\/www.facebook.com\/PressenzaItalia\",\"https:\/\/x.com\/PressenzaIPA\"]},{\"@type\":\"Person\",\"@id\":\"https:\/\/www.pressenza.com\/es\/#\/schema\/person\/3c9fe6670cc2cffbd37562f87b98e869\",\"name\":\"R\u00e9daction France\",\"description\":\"News published by the Pressenza bureau in France\",\"sameAs\":[\"http:\/\/www.pressenza.com\/fr\"],\"url\":\"https:\/\/www.pressenza.com\/es\/author\/redactionfrance\/\"}]}<\/script>\n<!-- \/ Yoast SEO plugin. -->","yoast_head_json":{"title":"Acceso a la informaci\u00f3n para los ciudadanos: entrevista con Patrick Maupin, Greenpeace","description":"El s\u00e1bado 27 de abril, Pressenza Franc\u00f3fona organiz\u00f3 un acto en Burdeos, en el cine Utop\u00eda, para celebrar los 10 a\u00f1os de existencia de la agencia, con la","robots":{"index":"index","follow":"follow","max-snippet":"max-snippet:-1","max-image-preview":"max-image-preview:large","max-video-preview":"max-video-preview:-1"},"canonical":"https:\/\/www.pressenza.com\/es\/2019\/05\/acceso-a-la-informacion-para-los-ciudadanos-entrevista-con-patrick-maupin-greenpeace\/","og_locale":"es_ES","og_type":"article","og_title":"Acceso a la informaci\u00f3n para los ciudadanos: entrevista con Patrick Maupin, Greenpeace","og_description":"El s\u00e1bado 27 de abril, Pressenza Franc\u00f3fona organiz\u00f3 un acto en Burdeos, en el cine Utop\u00eda, para celebrar los 10 a\u00f1os de existencia de la agencia, con la","og_url":"https:\/\/www.pressenza.com\/es\/2019\/05\/acceso-a-la-informacion-para-los-ciudadanos-entrevista-con-patrick-maupin-greenpeace\/","og_site_name":"Pressenza","article_publisher":"https:\/\/www.facebook.com\/PressenzaItalia","article_published_time":"2019-05-20T01:11:44+00:00","og_image":[{"width":750,"height":415,"url":"https:\/\/www.pressenza.com\/wp-content\/uploads\/2019\/05\/patrick-maupin-greenpeace.jpg","type":"image\/jpeg"}],"author":"R\u00e9daction France","twitter_card":"summary_large_image","twitter_creator":"@PressenzaIPA","twitter_site":"@PressenzaIPA","twitter_misc":{"Escrito por":"R\u00e9daction France","Tiempo de lectura":"4 minutos"},"schema":{"@context":"https:\/\/schema.org","@graph":[{"@type":"Article","@id":"https:\/\/www.pressenza.com\/es\/2019\/05\/acceso-a-la-informacion-para-los-ciudadanos-entrevista-con-patrick-maupin-greenpeace\/#article","isPartOf":{"@id":"https:\/\/www.pressenza.com\/es\/2019\/05\/acceso-a-la-informacion-para-los-ciudadanos-entrevista-con-patrick-maupin-greenpeace\/"},"author":{"name":"R\u00e9daction France","@id":"https:\/\/www.pressenza.com\/es\/#\/schema\/person\/3c9fe6670cc2cffbd37562f87b98e869"},"headline":"Acceso a la informaci\u00f3n para los ciudadanos: entrevista con Patrick Maupin, Greenpeace","datePublished":"2019-05-20T01:11:44+00:00","mainEntityOfPage":{"@id":"https:\/\/www.pressenza.com\/es\/2019\/05\/acceso-a-la-informacion-para-los-ciudadanos-entrevista-con-patrick-maupin-greenpeace\/"},"wordCount":876,"publisher":{"@id":"https:\/\/www.pressenza.com\/es\/#organization"},"image":{"@id":"https:\/\/www.pressenza.com\/es\/2019\/05\/acceso-a-la-informacion-para-los-ciudadanos-entrevista-con-patrick-maupin-greenpeace\/#primaryimage"},"thumbnailUrl":"https:\/\/www.pressenza.com\/wp-content\/uploads\/2019\/05\/patrick-maupin-greenpeace.jpg","keywords":["Encuentro con Snowden","Greenpeace","Patrick Maupin"],"articleSection":["Contenido Original","Derechos Humanos","Entrevistas","Video"],"inLanguage":"es"},{"@type":"WebPage","@id":"https:\/\/www.pressenza.com\/es\/2019\/05\/acceso-a-la-informacion-para-los-ciudadanos-entrevista-con-patrick-maupin-greenpeace\/","url":"https:\/\/www.pressenza.com\/es\/2019\/05\/acceso-a-la-informacion-para-los-ciudadanos-entrevista-con-patrick-maupin-greenpeace\/","name":"Acceso a la informaci\u00f3n para los ciudadanos: entrevista con Patrick Maupin, Greenpeace","isPartOf":{"@id":"https:\/\/www.pressenza.com\/es\/#website"},"primaryImageOfPage":{"@id":"https:\/\/www.pressenza.com\/es\/2019\/05\/acceso-a-la-informacion-para-los-ciudadanos-entrevista-con-patrick-maupin-greenpeace\/#primaryimage"},"image":{"@id":"https:\/\/www.pressenza.com\/es\/2019\/05\/acceso-a-la-informacion-para-los-ciudadanos-entrevista-con-patrick-maupin-greenpeace\/#primaryimage"},"thumbnailUrl":"https:\/\/www.pressenza.com\/wp-content\/uploads\/2019\/05\/patrick-maupin-greenpeace.jpg","datePublished":"2019-05-20T01:11:44+00:00","description":"El s\u00e1bado 27 de abril, Pressenza Franc\u00f3fona organiz\u00f3 un acto en Burdeos, en el cine Utop\u00eda, para celebrar los 10 a\u00f1os de existencia de la agencia, con la","breadcrumb":{"@id":"https:\/\/www.pressenza.com\/es\/2019\/05\/acceso-a-la-informacion-para-los-ciudadanos-entrevista-con-patrick-maupin-greenpeace\/#breadcrumb"},"inLanguage":"es","potentialAction":[{"@type":"ReadAction","target":["https:\/\/www.pressenza.com\/es\/2019\/05\/acceso-a-la-informacion-para-los-ciudadanos-entrevista-con-patrick-maupin-greenpeace\/"]}]},{"@type":"ImageObject","inLanguage":"es","@id":"https:\/\/www.pressenza.com\/es\/2019\/05\/acceso-a-la-informacion-para-los-ciudadanos-entrevista-con-patrick-maupin-greenpeace\/#primaryimage","url":"https:\/\/www.pressenza.com\/wp-content\/uploads\/2019\/05\/patrick-maupin-greenpeace.jpg","contentUrl":"https:\/\/www.pressenza.com\/wp-content\/uploads\/2019\/05\/patrick-maupin-greenpeace.jpg","width":750,"height":415},{"@type":"BreadcrumbList","@id":"https:\/\/www.pressenza.com\/es\/2019\/05\/acceso-a-la-informacion-para-los-ciudadanos-entrevista-con-patrick-maupin-greenpeace\/#breadcrumb","itemListElement":[{"@type":"ListItem","position":1,"name":"Accueil","item":"https:\/\/www.pressenza.com\/es\/"},{"@type":"ListItem","position":2,"name":"Acceso a la informaci\u00f3n para los ciudadanos: entrevista con Patrick Maupin, Greenpeace"}]},{"@type":"WebSite","@id":"https:\/\/www.pressenza.com\/es\/#website","url":"https:\/\/www.pressenza.com\/es\/","name":"Pressenza","description":"International Press Agency","publisher":{"@id":"https:\/\/www.pressenza.com\/es\/#organization"},"potentialAction":[{"@type":"SearchAction","target":{"@type":"EntryPoint","urlTemplate":"https:\/\/www.pressenza.com\/es\/?s={search_term_string}"},"query-input":{"@type":"PropertyValueSpecification","valueRequired":true,"valueName":"search_term_string"}}],"inLanguage":"es"},{"@type":"Organization","@id":"https:\/\/www.pressenza.com\/es\/#organization","name":"Pressenza","url":"https:\/\/www.pressenza.com\/es\/","logo":{"@type":"ImageObject","inLanguage":"es","@id":"https:\/\/www.pressenza.com\/es\/#\/schema\/logo\/image\/","url":"https:\/\/www.pressenza.com\/wp-content\/uploads\/2022\/10\/pressenza_logo_200x200.jpg","contentUrl":"https:\/\/www.pressenza.com\/wp-content\/uploads\/2022\/10\/pressenza_logo_200x200.jpg","width":200,"height":200,"caption":"Pressenza"},"image":{"@id":"https:\/\/www.pressenza.com\/es\/#\/schema\/logo\/image\/"},"sameAs":["https:\/\/www.facebook.com\/PressenzaItalia","https:\/\/x.com\/PressenzaIPA"]},{"@type":"Person","@id":"https:\/\/www.pressenza.com\/es\/#\/schema\/person\/3c9fe6670cc2cffbd37562f87b98e869","name":"R\u00e9daction France","description":"News published by the Pressenza bureau in France","sameAs":["http:\/\/www.pressenza.com\/fr"],"url":"https:\/\/www.pressenza.com\/es\/author\/redactionfrance\/"}]}},"place":"Burdeos, Francia","original_article_url":"","_links":{"self":[{"href":"https:\/\/www.pressenza.com\/es\/wp-json\/wp\/v2\/posts\/857237","targetHints":{"allow":["GET"]}}],"collection":[{"href":"https:\/\/www.pressenza.com\/es\/wp-json\/wp\/v2\/posts"}],"about":[{"href":"https:\/\/www.pressenza.com\/es\/wp-json\/wp\/v2\/types\/post"}],"author":[{"embeddable":true,"href":"https:\/\/www.pressenza.com\/es\/wp-json\/wp\/v2\/users\/926"}],"replies":[{"embeddable":true,"href":"https:\/\/www.pressenza.com\/es\/wp-json\/wp\/v2\/comments?post=857237"}],"version-history":[{"count":0,"href":"https:\/\/www.pressenza.com\/es\/wp-json\/wp\/v2\/posts\/857237\/revisions"}],"wp:featuredmedia":[{"embeddable":true,"href":"https:\/\/www.pressenza.com\/es\/wp-json\/wp\/v2\/media\/857205"}],"wp:attachment":[{"href":"https:\/\/www.pressenza.com\/es\/wp-json\/wp\/v2\/media?parent=857237"}],"wp:term":[{"taxonomy":"category","embeddable":true,"href":"https:\/\/www.pressenza.com\/es\/wp-json\/wp\/v2\/categories?post=857237"},{"taxonomy":"post_tag","embeddable":true,"href":"https:\/\/www.pressenza.com\/es\/wp-json\/wp\/v2\/tags?post=857237"}],"curies":[{"name":"wp","href":"https:\/\/api.w.org\/{rel}","templated":true}]}}