{"id":855972,"date":"2019-05-17T02:44:58","date_gmt":"2019-05-17T01:44:58","guid":{"rendered":"https:\/\/www.pressenza.com\/?p=855972"},"modified":"2019-05-17T02:46:22","modified_gmt":"2019-05-17T01:46:22","slug":"masiva-movilizacion-en-sao-paulo-brasil-en-apoyo-a-la-huelga-nacional-de-la-educacion","status":"publish","type":"post","link":"https:\/\/www.pressenza.com\/es\/2019\/05\/masiva-movilizacion-en-sao-paulo-brasil-en-apoyo-a-la-huelga-nacional-de-la-educacion\/","title":{"rendered":"Masiva movilizaci\u00f3n en Sao Paulo, Brasil, en apoyo a la Huelga Nacional de la Educaci\u00f3n"},"content":{"rendered":"<p><em><strong>Fotos de Marco Su\u00e1rez<\/strong><\/em><\/p>\n<p><em>Manifestaci\u00f3n de profesores, alumnos y profesionales en varias ciudades de Brasil en apoyo a la Huelga Nacional de la Educaci\u00f3n. El acto en la avenida Paulista reuni\u00f3 ayer a m\u00e1s de 250 mil personas en la ciudad de Sao Paulo.<\/em><\/p>\n<p><img loading=\"lazy\" decoding=\"async\" class=\"alignleft size-large wp-image-855983\" src=\"https:\/\/www.pressenza.com\/wp-content\/uploads\/2019\/05\/Marco-Suarez-Marcha-SP-Greve-1-720x480.jpeg\" alt=\"\" width=\"720\" height=\"480\" srcset=\"https:\/\/www.pressenza.com\/wp-content\/uploads\/2019\/05\/Marco-Suarez-Marcha-SP-Greve-1-720x480.jpeg 720w, https:\/\/www.pressenza.com\/wp-content\/uploads\/2019\/05\/Marco-Suarez-Marcha-SP-Greve-1-300x200.jpeg 300w, https:\/\/www.pressenza.com\/wp-content\/uploads\/2019\/05\/Marco-Suarez-Marcha-SP-Greve-1-768x512.jpeg 768w, https:\/\/www.pressenza.com\/wp-content\/uploads\/2019\/05\/Marco-Suarez-Marcha-SP-Greve-1.jpeg 1280w\" sizes=\"auto, (max-width: 720px) 100vw, 720px\" \/> <img loading=\"lazy\" decoding=\"async\" class=\"alignleft size-large wp-image-855992\" src=\"https:\/\/www.pressenza.com\/wp-content\/uploads\/2019\/05\/Marco-Suarez-Marcha-SP-greve-2-720x480.jpeg\" alt=\"\" width=\"720\" height=\"480\" srcset=\"https:\/\/www.pressenza.com\/wp-content\/uploads\/2019\/05\/Marco-Suarez-Marcha-SP-greve-2-720x480.jpeg 720w, https:\/\/www.pressenza.com\/wp-content\/uploads\/2019\/05\/Marco-Suarez-Marcha-SP-greve-2-300x200.jpeg 300w, https:\/\/www.pressenza.com\/wp-content\/uploads\/2019\/05\/Marco-Suarez-Marcha-SP-greve-2-768x512.jpeg 768w, https:\/\/www.pressenza.com\/wp-content\/uploads\/2019\/05\/Marco-Suarez-Marcha-SP-greve-2.jpeg 1280w\" sizes=\"auto, (max-width: 720px) 100vw, 720px\" \/> <img loading=\"lazy\" decoding=\"async\" class=\"alignleft size-large wp-image-856001\" src=\"https:\/\/www.pressenza.com\/wp-content\/uploads\/2019\/05\/Marco-Suarez-Marcha-SP-greve-3-720x480.jpeg\" alt=\"\" width=\"720\" height=\"480\" srcset=\"https:\/\/www.pressenza.com\/wp-content\/uploads\/2019\/05\/Marco-Suarez-Marcha-SP-greve-3-720x480.jpeg 720w, https:\/\/www.pressenza.com\/wp-content\/uploads\/2019\/05\/Marco-Suarez-Marcha-SP-greve-3-300x200.jpeg 300w, https:\/\/www.pressenza.com\/wp-content\/uploads\/2019\/05\/Marco-Suarez-Marcha-SP-greve-3-768x512.jpeg 768w, https:\/\/www.pressenza.com\/wp-content\/uploads\/2019\/05\/Marco-Suarez-Marcha-SP-greve-3.jpeg 1280w\" sizes=\"auto, (max-width: 720px) 100vw, 720px\" \/> <img loading=\"lazy\" decoding=\"async\" class=\"alignleft size-large wp-image-856010\" src=\"https:\/\/www.pressenza.com\/wp-content\/uploads\/2019\/05\/Marco-Suarez-Marcha-SP-Greve-4-720x480.jpeg\" alt=\"\" width=\"720\" height=\"480\" srcset=\"https:\/\/www.pressenza.com\/wp-content\/uploads\/2019\/05\/Marco-Suarez-Marcha-SP-Greve-4-720x480.jpeg 720w, https:\/\/www.pressenza.com\/wp-content\/uploads\/2019\/05\/Marco-Suarez-Marcha-SP-Greve-4-300x200.jpeg 300w, https:\/\/www.pressenza.com\/wp-content\/uploads\/2019\/05\/Marco-Suarez-Marcha-SP-Greve-4-768x512.jpeg 768w, https:\/\/www.pressenza.com\/wp-content\/uploads\/2019\/05\/Marco-Suarez-Marcha-SP-Greve-4.jpeg 1280w\" sizes=\"auto, (max-width: 720px) 100vw, 720px\" \/><\/p>\n","protected":false},"excerpt":{"rendered":"<p>Fotos de Marco Su\u00e1rez Manifestaci\u00f3n de profesores, alumnos y profesionales en varias ciudades de Brasil en apoyo a la Huelga Nacional de la Educaci\u00f3n. El acto en la avenida Paulista reuni\u00f3 ayer a m\u00e1s de 250 mil personas en la&hellip;<\/p>\n","protected":false},"author":44,"featured_media":856019,"comment_status":"closed","ping_status":"closed","sticky":false,"template":"","format":"standard","meta":{"footnotes":""},"categories":[11389,1230,5667,67],"tags":[2749,393,1510,25779],"class_list":["post-855972","post","type-post","status-publish","format-standard","has-post-thumbnail","hentry","category-contenido-original","category-educacion-tema","category-foto-reportajes","category-sudamerica","tag-brasil-es","tag-educacion","tag-huelga-general","tag-protesta-social"],"yoast_head":"<!-- This site is optimized with the Yoast SEO plugin v27.1.1 - https:\/\/yoast.com\/product\/yoast-seo-wordpress\/ -->\n<title>Masiva movilizaci\u00f3n en Sao Paulo, Brasil, en apoyo a la Huelga Nacional de la Educaci\u00f3n<\/title>\n<meta name=\"description\" content=\"Fotos de Marco Su\u00e1rez Manifestaci\u00f3n de profesores, alumnos y profesionales en varias ciudades de Brasil en apoyo a la Huelga Nacional de la Educaci\u00f3n. El\" \/>\n<meta name=\"robots\" content=\"index, follow, max-snippet:-1, max-image-preview:large, max-video-preview:-1\" \/>\n<link rel=\"canonical\" href=\"https:\/\/www.pressenza.com\/es\/2019\/05\/masiva-movilizacion-en-sao-paulo-brasil-en-apoyo-a-la-huelga-nacional-de-la-educacion\/\" \/>\n<meta property=\"og:locale\" content=\"es_ES\" \/>\n<meta property=\"og:type\" content=\"article\" \/>\n<meta property=\"og:title\" content=\"Masiva movilizaci\u00f3n en Sao Paulo, Brasil, en apoyo a la Huelga Nacional de la Educaci\u00f3n\" \/>\n<meta property=\"og:description\" content=\"Fotos de Marco Su\u00e1rez Manifestaci\u00f3n de profesores, alumnos y profesionales en varias ciudades de Brasil en apoyo a la Huelga Nacional de la Educaci\u00f3n. El\" \/>\n<meta property=\"og:url\" content=\"https:\/\/www.pressenza.com\/es\/2019\/05\/masiva-movilizacion-en-sao-paulo-brasil-en-apoyo-a-la-huelga-nacional-de-la-educacion\/\" \/>\n<meta property=\"og:site_name\" content=\"Pressenza\" \/>\n<meta property=\"article:publisher\" content=\"https:\/\/www.facebook.com\/PressenzaItalia\" \/>\n<meta property=\"article:author\" content=\"https:\/\/www.facebook.com\/PressenzaPortugues\" \/>\n<meta property=\"article:published_time\" content=\"2019-05-17T01:44:58+00:00\" \/>\n<meta property=\"article:modified_time\" content=\"2019-05-17T01:46:22+00:00\" \/>\n<meta property=\"og:image\" content=\"https:\/\/www.pressenza.com\/wp-content\/uploads\/2019\/05\/Marco-Suarez-Marcha-SP-Greve.jpeg\" \/>\n\t<meta property=\"og:image:width\" content=\"1280\" \/>\n\t<meta property=\"og:image:height\" content=\"853\" \/>\n\t<meta property=\"og:image:type\" content=\"image\/jpeg\" \/>\n<meta name=\"author\" content=\"Reda\u00e7\u00e3o S\u00e3o Paulo\" \/>\n<meta name=\"twitter:card\" content=\"summary_large_image\" \/>\n<meta name=\"twitter:creator\" content=\"@pressenza_pt\" \/>\n<meta name=\"twitter:site\" content=\"@PressenzaIPA\" \/>\n<meta name=\"twitter:label1\" content=\"Escrito por\" \/>\n\t<meta name=\"twitter:data1\" content=\"Reda\u00e7\u00e3o S\u00e3o Paulo\" \/>\n<script type=\"application\/ld+json\" class=\"yoast-schema-graph\">{\"@context\":\"https:\/\/schema.org\",\"@graph\":[{\"@type\":\"Article\",\"@id\":\"https:\/\/www.pressenza.com\/es\/2019\/05\/masiva-movilizacion-en-sao-paulo-brasil-en-apoyo-a-la-huelga-nacional-de-la-educacion\/#article\",\"isPartOf\":{\"@id\":\"https:\/\/www.pressenza.com\/es\/2019\/05\/masiva-movilizacion-en-sao-paulo-brasil-en-apoyo-a-la-huelga-nacional-de-la-educacion\/\"},\"author\":{\"name\":\"Reda\u00e7\u00e3o S\u00e3o Paulo\",\"@id\":\"https:\/\/www.pressenza.com\/es\/#\/schema\/person\/d171826afb7693cfc394da95892bfd93\"},\"headline\":\"Masiva movilizaci\u00f3n en Sao Paulo, Brasil, en apoyo a la Huelga Nacional de la Educaci\u00f3n\",\"datePublished\":\"2019-05-17T01:44:58+00:00\",\"dateModified\":\"2019-05-17T01:46:22+00:00\",\"mainEntityOfPage\":{\"@id\":\"https:\/\/www.pressenza.com\/es\/2019\/05\/masiva-movilizacion-en-sao-paulo-brasil-en-apoyo-a-la-huelga-nacional-de-la-educacion\/\"},\"wordCount\":64,\"publisher\":{\"@id\":\"https:\/\/www.pressenza.com\/es\/#organization\"},\"image\":{\"@id\":\"https:\/\/www.pressenza.com\/es\/2019\/05\/masiva-movilizacion-en-sao-paulo-brasil-en-apoyo-a-la-huelga-nacional-de-la-educacion\/#primaryimage\"},\"thumbnailUrl\":\"https:\/\/www.pressenza.com\/wp-content\/uploads\/2019\/05\/Marco-Suarez-Marcha-SP-Greve.jpeg\",\"keywords\":[\"Brasil\",\"Educaci\u00f3n\",\"huelga general\",\"protesta social\"],\"articleSection\":[\"Contenido Original\",\"Educaci\u00f3n\",\"Fotorreportajes\",\"Sudam\u00e9rica\"],\"inLanguage\":\"es\"},{\"@type\":\"WebPage\",\"@id\":\"https:\/\/www.pressenza.com\/es\/2019\/05\/masiva-movilizacion-en-sao-paulo-brasil-en-apoyo-a-la-huelga-nacional-de-la-educacion\/\",\"url\":\"https:\/\/www.pressenza.com\/es\/2019\/05\/masiva-movilizacion-en-sao-paulo-brasil-en-apoyo-a-la-huelga-nacional-de-la-educacion\/\",\"name\":\"Masiva movilizaci\u00f3n en Sao Paulo, Brasil, en apoyo a la Huelga Nacional de la Educaci\u00f3n\",\"isPartOf\":{\"@id\":\"https:\/\/www.pressenza.com\/es\/#website\"},\"primaryImageOfPage\":{\"@id\":\"https:\/\/www.pressenza.com\/es\/2019\/05\/masiva-movilizacion-en-sao-paulo-brasil-en-apoyo-a-la-huelga-nacional-de-la-educacion\/#primaryimage\"},\"image\":{\"@id\":\"https:\/\/www.pressenza.com\/es\/2019\/05\/masiva-movilizacion-en-sao-paulo-brasil-en-apoyo-a-la-huelga-nacional-de-la-educacion\/#primaryimage\"},\"thumbnailUrl\":\"https:\/\/www.pressenza.com\/wp-content\/uploads\/2019\/05\/Marco-Suarez-Marcha-SP-Greve.jpeg\",\"datePublished\":\"2019-05-17T01:44:58+00:00\",\"dateModified\":\"2019-05-17T01:46:22+00:00\",\"description\":\"Fotos de Marco Su\u00e1rez Manifestaci\u00f3n de profesores, alumnos y profesionales en varias ciudades de Brasil en apoyo a la Huelga Nacional de la Educaci\u00f3n. El\",\"breadcrumb\":{\"@id\":\"https:\/\/www.pressenza.com\/es\/2019\/05\/masiva-movilizacion-en-sao-paulo-brasil-en-apoyo-a-la-huelga-nacional-de-la-educacion\/#breadcrumb\"},\"inLanguage\":\"es\",\"potentialAction\":[{\"@type\":\"ReadAction\",\"target\":[\"https:\/\/www.pressenza.com\/es\/2019\/05\/masiva-movilizacion-en-sao-paulo-brasil-en-apoyo-a-la-huelga-nacional-de-la-educacion\/\"]}]},{\"@type\":\"ImageObject\",\"inLanguage\":\"es\",\"@id\":\"https:\/\/www.pressenza.com\/es\/2019\/05\/masiva-movilizacion-en-sao-paulo-brasil-en-apoyo-a-la-huelga-nacional-de-la-educacion\/#primaryimage\",\"url\":\"https:\/\/www.pressenza.com\/wp-content\/uploads\/2019\/05\/Marco-Suarez-Marcha-SP-Greve.jpeg\",\"contentUrl\":\"https:\/\/www.pressenza.com\/wp-content\/uploads\/2019\/05\/Marco-Suarez-Marcha-SP-Greve.jpeg\",\"width\":1280,\"height\":853},{\"@type\":\"BreadcrumbList\",\"@id\":\"https:\/\/www.pressenza.com\/es\/2019\/05\/masiva-movilizacion-en-sao-paulo-brasil-en-apoyo-a-la-huelga-nacional-de-la-educacion\/#breadcrumb\",\"itemListElement\":[{\"@type\":\"ListItem\",\"position\":1,\"name\":\"Accueil\",\"item\":\"https:\/\/www.pressenza.com\/es\/\"},{\"@type\":\"ListItem\",\"position\":2,\"name\":\"Masiva movilizaci\u00f3n en Sao Paulo, Brasil, en apoyo a la Huelga Nacional de la Educaci\u00f3n\"}]},{\"@type\":\"WebSite\",\"@id\":\"https:\/\/www.pressenza.com\/es\/#website\",\"url\":\"https:\/\/www.pressenza.com\/es\/\",\"name\":\"Pressenza\",\"description\":\"International Press Agency\",\"publisher\":{\"@id\":\"https:\/\/www.pressenza.com\/es\/#organization\"},\"potentialAction\":[{\"@type\":\"SearchAction\",\"target\":{\"@type\":\"EntryPoint\",\"urlTemplate\":\"https:\/\/www.pressenza.com\/es\/?s={search_term_string}\"},\"query-input\":{\"@type\":\"PropertyValueSpecification\",\"valueRequired\":true,\"valueName\":\"search_term_string\"}}],\"inLanguage\":\"es\"},{\"@type\":\"Organization\",\"@id\":\"https:\/\/www.pressenza.com\/es\/#organization\",\"name\":\"Pressenza\",\"url\":\"https:\/\/www.pressenza.com\/es\/\",\"logo\":{\"@type\":\"ImageObject\",\"inLanguage\":\"es\",\"@id\":\"https:\/\/www.pressenza.com\/es\/#\/schema\/logo\/image\/\",\"url\":\"https:\/\/www.pressenza.com\/wp-content\/uploads\/2022\/10\/pressenza_logo_200x200.jpg\",\"contentUrl\":\"https:\/\/www.pressenza.com\/wp-content\/uploads\/2022\/10\/pressenza_logo_200x200.jpg\",\"width\":200,\"height\":200,\"caption\":\"Pressenza\"},\"image\":{\"@id\":\"https:\/\/www.pressenza.com\/es\/#\/schema\/logo\/image\/\"},\"sameAs\":[\"https:\/\/www.facebook.com\/PressenzaItalia\",\"https:\/\/x.com\/PressenzaIPA\"]},{\"@type\":\"Person\",\"@id\":\"https:\/\/www.pressenza.com\/es\/#\/schema\/person\/d171826afb7693cfc394da95892bfd93\",\"name\":\"Reda\u00e7\u00e3o S\u00e3o Paulo\",\"description\":\"News from the Pressenza bureau in Sao Paulo, Brazil\",\"sameAs\":[\"https:\/\/www.facebook.com\/PressenzaPortugues\",\"https:\/\/x.com\/pressenza_pt\"],\"url\":\"https:\/\/www.pressenza.com\/es\/author\/redaccao-sao-paulo\/\"}]}<\/script>\n<!-- \/ Yoast SEO plugin. -->","yoast_head_json":{"title":"Masiva movilizaci\u00f3n en Sao Paulo, Brasil, en apoyo a la Huelga Nacional de la Educaci\u00f3n","description":"Fotos de Marco Su\u00e1rez Manifestaci\u00f3n de profesores, alumnos y profesionales en varias ciudades de Brasil en apoyo a la Huelga Nacional de la Educaci\u00f3n. El","robots":{"index":"index","follow":"follow","max-snippet":"max-snippet:-1","max-image-preview":"max-image-preview:large","max-video-preview":"max-video-preview:-1"},"canonical":"https:\/\/www.pressenza.com\/es\/2019\/05\/masiva-movilizacion-en-sao-paulo-brasil-en-apoyo-a-la-huelga-nacional-de-la-educacion\/","og_locale":"es_ES","og_type":"article","og_title":"Masiva movilizaci\u00f3n en Sao Paulo, Brasil, en apoyo a la Huelga Nacional de la Educaci\u00f3n","og_description":"Fotos de Marco Su\u00e1rez Manifestaci\u00f3n de profesores, alumnos y profesionales en varias ciudades de Brasil en apoyo a la Huelga Nacional de la Educaci\u00f3n. El","og_url":"https:\/\/www.pressenza.com\/es\/2019\/05\/masiva-movilizacion-en-sao-paulo-brasil-en-apoyo-a-la-huelga-nacional-de-la-educacion\/","og_site_name":"Pressenza","article_publisher":"https:\/\/www.facebook.com\/PressenzaItalia","article_author":"https:\/\/www.facebook.com\/PressenzaPortugues","article_published_time":"2019-05-17T01:44:58+00:00","article_modified_time":"2019-05-17T01:46:22+00:00","og_image":[{"width":1280,"height":853,"url":"https:\/\/www.pressenza.com\/wp-content\/uploads\/2019\/05\/Marco-Suarez-Marcha-SP-Greve.jpeg","type":"image\/jpeg"}],"author":"Reda\u00e7\u00e3o S\u00e3o Paulo","twitter_card":"summary_large_image","twitter_creator":"@pressenza_pt","twitter_site":"@PressenzaIPA","twitter_misc":{"Escrito por":"Reda\u00e7\u00e3o S\u00e3o Paulo"},"schema":{"@context":"https:\/\/schema.org","@graph":[{"@type":"Article","@id":"https:\/\/www.pressenza.com\/es\/2019\/05\/masiva-movilizacion-en-sao-paulo-brasil-en-apoyo-a-la-huelga-nacional-de-la-educacion\/#article","isPartOf":{"@id":"https:\/\/www.pressenza.com\/es\/2019\/05\/masiva-movilizacion-en-sao-paulo-brasil-en-apoyo-a-la-huelga-nacional-de-la-educacion\/"},"author":{"name":"Reda\u00e7\u00e3o S\u00e3o Paulo","@id":"https:\/\/www.pressenza.com\/es\/#\/schema\/person\/d171826afb7693cfc394da95892bfd93"},"headline":"Masiva movilizaci\u00f3n en Sao Paulo, Brasil, en apoyo a la Huelga Nacional de la Educaci\u00f3n","datePublished":"2019-05-17T01:44:58+00:00","dateModified":"2019-05-17T01:46:22+00:00","mainEntityOfPage":{"@id":"https:\/\/www.pressenza.com\/es\/2019\/05\/masiva-movilizacion-en-sao-paulo-brasil-en-apoyo-a-la-huelga-nacional-de-la-educacion\/"},"wordCount":64,"publisher":{"@id":"https:\/\/www.pressenza.com\/es\/#organization"},"image":{"@id":"https:\/\/www.pressenza.com\/es\/2019\/05\/masiva-movilizacion-en-sao-paulo-brasil-en-apoyo-a-la-huelga-nacional-de-la-educacion\/#primaryimage"},"thumbnailUrl":"https:\/\/www.pressenza.com\/wp-content\/uploads\/2019\/05\/Marco-Suarez-Marcha-SP-Greve.jpeg","keywords":["Brasil","Educaci\u00f3n","huelga general","protesta social"],"articleSection":["Contenido Original","Educaci\u00f3n","Fotorreportajes","Sudam\u00e9rica"],"inLanguage":"es"},{"@type":"WebPage","@id":"https:\/\/www.pressenza.com\/es\/2019\/05\/masiva-movilizacion-en-sao-paulo-brasil-en-apoyo-a-la-huelga-nacional-de-la-educacion\/","url":"https:\/\/www.pressenza.com\/es\/2019\/05\/masiva-movilizacion-en-sao-paulo-brasil-en-apoyo-a-la-huelga-nacional-de-la-educacion\/","name":"Masiva movilizaci\u00f3n en Sao Paulo, Brasil, en apoyo a la Huelga Nacional de la Educaci\u00f3n","isPartOf":{"@id":"https:\/\/www.pressenza.com\/es\/#website"},"primaryImageOfPage":{"@id":"https:\/\/www.pressenza.com\/es\/2019\/05\/masiva-movilizacion-en-sao-paulo-brasil-en-apoyo-a-la-huelga-nacional-de-la-educacion\/#primaryimage"},"image":{"@id":"https:\/\/www.pressenza.com\/es\/2019\/05\/masiva-movilizacion-en-sao-paulo-brasil-en-apoyo-a-la-huelga-nacional-de-la-educacion\/#primaryimage"},"thumbnailUrl":"https:\/\/www.pressenza.com\/wp-content\/uploads\/2019\/05\/Marco-Suarez-Marcha-SP-Greve.jpeg","datePublished":"2019-05-17T01:44:58+00:00","dateModified":"2019-05-17T01:46:22+00:00","description":"Fotos de Marco Su\u00e1rez Manifestaci\u00f3n de profesores, alumnos y profesionales en varias ciudades de Brasil en apoyo a la Huelga Nacional de la Educaci\u00f3n. El","breadcrumb":{"@id":"https:\/\/www.pressenza.com\/es\/2019\/05\/masiva-movilizacion-en-sao-paulo-brasil-en-apoyo-a-la-huelga-nacional-de-la-educacion\/#breadcrumb"},"inLanguage":"es","potentialAction":[{"@type":"ReadAction","target":["https:\/\/www.pressenza.com\/es\/2019\/05\/masiva-movilizacion-en-sao-paulo-brasil-en-apoyo-a-la-huelga-nacional-de-la-educacion\/"]}]},{"@type":"ImageObject","inLanguage":"es","@id":"https:\/\/www.pressenza.com\/es\/2019\/05\/masiva-movilizacion-en-sao-paulo-brasil-en-apoyo-a-la-huelga-nacional-de-la-educacion\/#primaryimage","url":"https:\/\/www.pressenza.com\/wp-content\/uploads\/2019\/05\/Marco-Suarez-Marcha-SP-Greve.jpeg","contentUrl":"https:\/\/www.pressenza.com\/wp-content\/uploads\/2019\/05\/Marco-Suarez-Marcha-SP-Greve.jpeg","width":1280,"height":853},{"@type":"BreadcrumbList","@id":"https:\/\/www.pressenza.com\/es\/2019\/05\/masiva-movilizacion-en-sao-paulo-brasil-en-apoyo-a-la-huelga-nacional-de-la-educacion\/#breadcrumb","itemListElement":[{"@type":"ListItem","position":1,"name":"Accueil","item":"https:\/\/www.pressenza.com\/es\/"},{"@type":"ListItem","position":2,"name":"Masiva movilizaci\u00f3n en Sao Paulo, Brasil, en apoyo a la Huelga Nacional de la Educaci\u00f3n"}]},{"@type":"WebSite","@id":"https:\/\/www.pressenza.com\/es\/#website","url":"https:\/\/www.pressenza.com\/es\/","name":"Pressenza","description":"International Press Agency","publisher":{"@id":"https:\/\/www.pressenza.com\/es\/#organization"},"potentialAction":[{"@type":"SearchAction","target":{"@type":"EntryPoint","urlTemplate":"https:\/\/www.pressenza.com\/es\/?s={search_term_string}"},"query-input":{"@type":"PropertyValueSpecification","valueRequired":true,"valueName":"search_term_string"}}],"inLanguage":"es"},{"@type":"Organization","@id":"https:\/\/www.pressenza.com\/es\/#organization","name":"Pressenza","url":"https:\/\/www.pressenza.com\/es\/","logo":{"@type":"ImageObject","inLanguage":"es","@id":"https:\/\/www.pressenza.com\/es\/#\/schema\/logo\/image\/","url":"https:\/\/www.pressenza.com\/wp-content\/uploads\/2022\/10\/pressenza_logo_200x200.jpg","contentUrl":"https:\/\/www.pressenza.com\/wp-content\/uploads\/2022\/10\/pressenza_logo_200x200.jpg","width":200,"height":200,"caption":"Pressenza"},"image":{"@id":"https:\/\/www.pressenza.com\/es\/#\/schema\/logo\/image\/"},"sameAs":["https:\/\/www.facebook.com\/PressenzaItalia","https:\/\/x.com\/PressenzaIPA"]},{"@type":"Person","@id":"https:\/\/www.pressenza.com\/es\/#\/schema\/person\/d171826afb7693cfc394da95892bfd93","name":"Reda\u00e7\u00e3o S\u00e3o Paulo","description":"News from the Pressenza bureau in Sao Paulo, Brazil","sameAs":["https:\/\/www.facebook.com\/PressenzaPortugues","https:\/\/x.com\/pressenza_pt"],"url":"https:\/\/www.pressenza.com\/es\/author\/redaccao-sao-paulo\/"}]}},"place":"Sao Paulo, Brasil","original_article_url":"","_links":{"self":[{"href":"https:\/\/www.pressenza.com\/es\/wp-json\/wp\/v2\/posts\/855972","targetHints":{"allow":["GET"]}}],"collection":[{"href":"https:\/\/www.pressenza.com\/es\/wp-json\/wp\/v2\/posts"}],"about":[{"href":"https:\/\/www.pressenza.com\/es\/wp-json\/wp\/v2\/types\/post"}],"author":[{"embeddable":true,"href":"https:\/\/www.pressenza.com\/es\/wp-json\/wp\/v2\/users\/44"}],"replies":[{"embeddable":true,"href":"https:\/\/www.pressenza.com\/es\/wp-json\/wp\/v2\/comments?post=855972"}],"version-history":[{"count":0,"href":"https:\/\/www.pressenza.com\/es\/wp-json\/wp\/v2\/posts\/855972\/revisions"}],"wp:featuredmedia":[{"embeddable":true,"href":"https:\/\/www.pressenza.com\/es\/wp-json\/wp\/v2\/media\/856019"}],"wp:attachment":[{"href":"https:\/\/www.pressenza.com\/es\/wp-json\/wp\/v2\/media?parent=855972"}],"wp:term":[{"taxonomy":"category","embeddable":true,"href":"https:\/\/www.pressenza.com\/es\/wp-json\/wp\/v2\/categories?post=855972"},{"taxonomy":"post_tag","embeddable":true,"href":"https:\/\/www.pressenza.com\/es\/wp-json\/wp\/v2\/tags?post=855972"}],"curies":[{"name":"wp","href":"https:\/\/api.w.org\/{rel}","templated":true}]}}