{"id":855944,"date":"2019-05-17T01:54:53","date_gmt":"2019-05-17T00:54:53","guid":{"rendered":"https:\/\/www.pressenza.com\/?p=855944"},"modified":"2019-05-17T01:54:53","modified_gmt":"2019-05-17T00:54:53","slug":"estamos-en-una-fase-de-inflexibilidad-los-fermentos-del-cambio-buscan-expresarse-francois-pellegrini","status":"publish","type":"post","link":"https:\/\/www.pressenza.com\/es\/2019\/05\/estamos-en-una-fase-de-inflexibilidad-los-fermentos-del-cambio-buscan-expresarse-francois-pellegrini\/","title":{"rendered":"\u00abEstamos en una fase de inflexibilidad, los fermentos del cambio buscan expresarse\u00bb, Fran\u00e7ois Pellegrini"},"content":{"rendered":"<blockquote><p>El s\u00e1bado 27 de abril, Pressenza Franc\u00f3fona organiz\u00f3 un acto en Burdeos, en el cine Utop\u00eda, para celebrar el d\u00e9cimo aniversario de la agencia.<\/p>\n<p>Tras la proyecci\u00f3n de la pel\u00edcula de Flore Vasseur \u00abMeeting Snowden\u00bb y un debate, entrevistamos a Fran\u00e7ois PELLEGRINI, profesor de la Universidad de Burdeos.<\/p><\/blockquote>\n<p><iframe loading=\"lazy\" title=\"Interview Franc\u0327ois Pellegrini\" width=\"500\" height=\"281\" src=\"https:\/\/www.youtube.com\/embed\/FaKM2fRp5BI?feature=oembed\" frameborder=\"0\" allow=\"accelerometer; autoplay; clipboard-write; encrypted-media; gyroscope; picture-in-picture; web-share\" referrerpolicy=\"strict-origin-when-cross-origin\" allowfullscreen><\/iframe><\/p>\n<p><strong>Jean-Marc DUNET<\/strong>\u00a0: Acabamos de ver la pel\u00edcula \u00abMeeting Snowden\u00bb, hay muchos elementos en esta pel\u00edcula: la libertad de prensa, la libertad de los medios de comunicaci\u00f3n, la libertad de informar, el derecho a saber, personas que denuncian irregularidades, la democracia; \u00bfc\u00f3mo se relacionan estos elementos?<\/p>\n<p><strong>Fran\u00e7ois PELLEGRINI\u00a0<\/strong>: Creo que est\u00e1n \u00edntimamente ligados. En primer lugar, me gustar\u00eda decir que es realmente una pel\u00edcula muy bella, porque es al mismo tiempo una pel\u00edcula de car\u00e1cter \u00edntimo, que abre ventanas a todo el mundo. Y la conversaci\u00f3n final de Snowden, donde habla de lo que significa ser humano, es tambi\u00e9n un momento culminante y reconfortante. Como se ha dicho durante el debate, se trata de una pel\u00edcula que revela cosas preocupantes, pero que tambi\u00e9n da esperanza porque, en efecto, cualquier persona, cualquier ser humano, en cualquier momento dado puede decir: no, no me gusta el mundo en el que vivimos y as\u00ed que voy a actuar, sin ninguna garant\u00eda de \u00e9xito, sencillamente porque para m\u00ed, el no actuar es m\u00e1s horrible que el actuar.<\/p>\n<p>&nbsp;<\/p>\n<p><strong>JMD<\/strong>\u00a0: Se dec\u00eda que las cosas est\u00e1n evolucionando r\u00e1pidamente, que lo que est\u00e1 sucediendo ahora no era previsible hace unos a\u00f1os. \u00bfPodr\u00eda discernir una tendencia que brinde esperanza?<\/p>\n<p><strong>FP<\/strong>\u00a0: No s\u00e9 si estamos en esta din\u00e1mica de esperanza hoy en d\u00eda. Lo que puedo decir es que nos encontramos en una situaci\u00f3n cr\u00edtica con un endurecimiento de las estructuras existentes y una tendencia a un control generalizado. Y cada vez que se ha visto en la historia, ha sido porque la voluntad de cambiar estaba sobre la mesa. Una sociedad evoluciona por naturaleza, esto tambi\u00e9n se dice en el documental, la vida es din\u00e1mica y por lo tanto cualquier sociedad evoluciona; una sociedad que busca no evolucionar es una sociedad que se condena a s\u00ed misma. Finalmente, lo que se aprecia en el documental es que estamos en una fase de inflexibilidad, y que los fermentos del cambio buscan expresarse. Lo que se necesita es que esto no se haga de manera excesiva mediante la violencia.<\/p>\n<p><strong>JMD<\/strong>\u00a0: \u00bfY ves esto a escala mundial?<\/p>\n<p><strong>FP<\/strong>\u00a0: S\u00ed, por supuesto. Hemos podido hablar de la primavera \u00e1rabe, podemos ver lo que est\u00e1 ocurriendo en Argelia, cada vez que finalmente el ser humano se enfrenta a las mismas necesidades y a las mismas din\u00e1micas sociales. As\u00ed que s\u00ed, esto es evidente, ahora que estamos en un mundo cada vez m\u00e1s conectado, es f\u00e1cil para la gente ver lo que est\u00e1 sucediendo en otros lugares. Esto requiere el acceso a las redes digitales y debe garantizarse. Sin embargo, la informaci\u00f3n encuentra una forma de fluir y en alg\u00fan momento puede extenderse de manera positiva y hacer que la gente decida tomar medidas, ya que era esa la peque\u00f1a chispa que les faltaba.<\/p>\n<p>&nbsp;<\/p>\n<p><em>Agradecemos a Fran\u00e7ois Pellegrini por su participaci\u00f3n en el debate y en esta entrevista.<\/em><\/p>\n<hr \/>\n<p><em>Traducci\u00f3n del franc\u00e9s por Rosal\u00eda Briones<\/em><\/p>\n","protected":false},"excerpt":{"rendered":"<p>El s\u00e1bado 27 de abril, Pressenza Franc\u00f3fona organiz\u00f3 un acto en Burdeos, en el cine Utop\u00eda, para celebrar el d\u00e9cimo aniversario de la agencia. Tras la proyecci\u00f3n de la pel\u00edcula de Flore Vasseur \u00abMeeting Snowden\u00bb y un debate, entrevistamos a&hellip;<\/p>\n","protected":false},"author":926,"featured_media":854715,"comment_status":"closed","ping_status":"closed","sticky":false,"template":"","format":"standard","meta":{"footnotes":""},"categories":[11389,79,155,25678],"tags":[58742,58743],"class_list":["post-855944","post","type-post","status-publish","format-standard","has-post-thumbnail","hentry","category-contenido-original","category-derechos-humanos","category-entrevistas","category-video-es","tag-encuentro-con-snowden","tag-francois-pellegrini-es"],"yoast_head":"<!-- This site is optimized with the Yoast SEO plugin v27.1.1 - https:\/\/yoast.com\/product\/yoast-seo-wordpress\/ -->\n<title>&quot;Estamos en una fase de inflexibilidad, los fermentos del cambio buscan expresarse&quot;, Fran\u00e7ois Pellegrini<\/title>\n<meta name=\"description\" content=\"El s\u00e1bado 27 de abril, Pressenza Franc\u00f3fona organiz\u00f3 un acto en Burdeos, en el cine Utop\u00eda, para celebrar el d\u00e9cimo aniversario de la agencia. Tras la\" \/>\n<meta name=\"robots\" content=\"index, follow, max-snippet:-1, max-image-preview:large, max-video-preview:-1\" \/>\n<link rel=\"canonical\" href=\"https:\/\/www.pressenza.com\/es\/2019\/05\/estamos-en-una-fase-de-inflexibilidad-los-fermentos-del-cambio-buscan-expresarse-francois-pellegrini\/\" \/>\n<meta property=\"og:locale\" content=\"es_ES\" \/>\n<meta property=\"og:type\" content=\"article\" \/>\n<meta property=\"og:title\" content=\"&quot;Estamos en una fase de inflexibilidad, los fermentos del cambio buscan expresarse&quot;, Fran\u00e7ois Pellegrini\" \/>\n<meta property=\"og:description\" content=\"El s\u00e1bado 27 de abril, Pressenza Franc\u00f3fona organiz\u00f3 un acto en Burdeos, en el cine Utop\u00eda, para celebrar el d\u00e9cimo aniversario de la agencia. Tras la\" \/>\n<meta property=\"og:url\" content=\"https:\/\/www.pressenza.com\/es\/2019\/05\/estamos-en-una-fase-de-inflexibilidad-los-fermentos-del-cambio-buscan-expresarse-francois-pellegrini\/\" \/>\n<meta property=\"og:site_name\" content=\"Pressenza\" \/>\n<meta property=\"article:publisher\" content=\"https:\/\/www.facebook.com\/PressenzaItalia\" \/>\n<meta property=\"article:published_time\" content=\"2019-05-17T00:54:53+00:00\" \/>\n<meta property=\"og:image\" content=\"https:\/\/www.pressenza.com\/wp-content\/uploads\/2019\/05\/Pressenza10ans-Bordeaux-FrancoisPellegrini.jpg\" \/>\n\t<meta property=\"og:image:width\" content=\"1244\" \/>\n\t<meta property=\"og:image:height\" content=\"658\" \/>\n\t<meta property=\"og:image:type\" content=\"image\/jpeg\" \/>\n<meta name=\"author\" content=\"R\u00e9daction France\" \/>\n<meta name=\"twitter:card\" content=\"summary_large_image\" \/>\n<meta name=\"twitter:creator\" content=\"@PressenzaIPA\" \/>\n<meta name=\"twitter:site\" content=\"@PressenzaIPA\" \/>\n<meta name=\"twitter:label1\" content=\"Escrito por\" \/>\n\t<meta name=\"twitter:data1\" content=\"R\u00e9daction France\" \/>\n\t<meta name=\"twitter:label2\" content=\"Tiempo de lectura\" \/>\n\t<meta name=\"twitter:data2\" content=\"3 minutos\" \/>\n<script type=\"application\/ld+json\" class=\"yoast-schema-graph\">{\"@context\":\"https:\/\/schema.org\",\"@graph\":[{\"@type\":\"Article\",\"@id\":\"https:\/\/www.pressenza.com\/es\/2019\/05\/estamos-en-una-fase-de-inflexibilidad-los-fermentos-del-cambio-buscan-expresarse-francois-pellegrini\/#article\",\"isPartOf\":{\"@id\":\"https:\/\/www.pressenza.com\/es\/2019\/05\/estamos-en-una-fase-de-inflexibilidad-los-fermentos-del-cambio-buscan-expresarse-francois-pellegrini\/\"},\"author\":{\"name\":\"R\u00e9daction France\",\"@id\":\"https:\/\/www.pressenza.com\/es\/#\/schema\/person\/3c9fe6670cc2cffbd37562f87b98e869\"},\"headline\":\"\u00abEstamos en una fase de inflexibilidad, los fermentos del cambio buscan expresarse\u00bb, Fran\u00e7ois Pellegrini\",\"datePublished\":\"2019-05-17T00:54:53+00:00\",\"mainEntityOfPage\":{\"@id\":\"https:\/\/www.pressenza.com\/es\/2019\/05\/estamos-en-una-fase-de-inflexibilidad-los-fermentos-del-cambio-buscan-expresarse-francois-pellegrini\/\"},\"wordCount\":596,\"publisher\":{\"@id\":\"https:\/\/www.pressenza.com\/es\/#organization\"},\"image\":{\"@id\":\"https:\/\/www.pressenza.com\/es\/2019\/05\/estamos-en-una-fase-de-inflexibilidad-los-fermentos-del-cambio-buscan-expresarse-francois-pellegrini\/#primaryimage\"},\"thumbnailUrl\":\"https:\/\/www.pressenza.com\/wp-content\/uploads\/2019\/05\/Pressenza10ans-Bordeaux-FrancoisPellegrini.jpg\",\"keywords\":[\"Encuentro con Snowden\",\"Fran\u00e7ois Pellegrini\"],\"articleSection\":[\"Contenido Original\",\"Derechos Humanos\",\"Entrevistas\",\"Video\"],\"inLanguage\":\"es\"},{\"@type\":\"WebPage\",\"@id\":\"https:\/\/www.pressenza.com\/es\/2019\/05\/estamos-en-una-fase-de-inflexibilidad-los-fermentos-del-cambio-buscan-expresarse-francois-pellegrini\/\",\"url\":\"https:\/\/www.pressenza.com\/es\/2019\/05\/estamos-en-una-fase-de-inflexibilidad-los-fermentos-del-cambio-buscan-expresarse-francois-pellegrini\/\",\"name\":\"\\\"Estamos en una fase de inflexibilidad, los fermentos del cambio buscan expresarse\\\", Fran\u00e7ois Pellegrini\",\"isPartOf\":{\"@id\":\"https:\/\/www.pressenza.com\/es\/#website\"},\"primaryImageOfPage\":{\"@id\":\"https:\/\/www.pressenza.com\/es\/2019\/05\/estamos-en-una-fase-de-inflexibilidad-los-fermentos-del-cambio-buscan-expresarse-francois-pellegrini\/#primaryimage\"},\"image\":{\"@id\":\"https:\/\/www.pressenza.com\/es\/2019\/05\/estamos-en-una-fase-de-inflexibilidad-los-fermentos-del-cambio-buscan-expresarse-francois-pellegrini\/#primaryimage\"},\"thumbnailUrl\":\"https:\/\/www.pressenza.com\/wp-content\/uploads\/2019\/05\/Pressenza10ans-Bordeaux-FrancoisPellegrini.jpg\",\"datePublished\":\"2019-05-17T00:54:53+00:00\",\"description\":\"El s\u00e1bado 27 de abril, Pressenza Franc\u00f3fona organiz\u00f3 un acto en Burdeos, en el cine Utop\u00eda, para celebrar el d\u00e9cimo aniversario de la agencia. Tras la\",\"breadcrumb\":{\"@id\":\"https:\/\/www.pressenza.com\/es\/2019\/05\/estamos-en-una-fase-de-inflexibilidad-los-fermentos-del-cambio-buscan-expresarse-francois-pellegrini\/#breadcrumb\"},\"inLanguage\":\"es\",\"potentialAction\":[{\"@type\":\"ReadAction\",\"target\":[\"https:\/\/www.pressenza.com\/es\/2019\/05\/estamos-en-una-fase-de-inflexibilidad-los-fermentos-del-cambio-buscan-expresarse-francois-pellegrini\/\"]}]},{\"@type\":\"ImageObject\",\"inLanguage\":\"es\",\"@id\":\"https:\/\/www.pressenza.com\/es\/2019\/05\/estamos-en-una-fase-de-inflexibilidad-los-fermentos-del-cambio-buscan-expresarse-francois-pellegrini\/#primaryimage\",\"url\":\"https:\/\/www.pressenza.com\/wp-content\/uploads\/2019\/05\/Pressenza10ans-Bordeaux-FrancoisPellegrini.jpg\",\"contentUrl\":\"https:\/\/www.pressenza.com\/wp-content\/uploads\/2019\/05\/Pressenza10ans-Bordeaux-FrancoisPellegrini.jpg\",\"width\":1244,\"height\":658},{\"@type\":\"BreadcrumbList\",\"@id\":\"https:\/\/www.pressenza.com\/es\/2019\/05\/estamos-en-una-fase-de-inflexibilidad-los-fermentos-del-cambio-buscan-expresarse-francois-pellegrini\/#breadcrumb\",\"itemListElement\":[{\"@type\":\"ListItem\",\"position\":1,\"name\":\"Accueil\",\"item\":\"https:\/\/www.pressenza.com\/es\/\"},{\"@type\":\"ListItem\",\"position\":2,\"name\":\"\u00abEstamos en una fase de inflexibilidad, los fermentos del cambio buscan expresarse\u00bb, Fran\u00e7ois Pellegrini\"}]},{\"@type\":\"WebSite\",\"@id\":\"https:\/\/www.pressenza.com\/es\/#website\",\"url\":\"https:\/\/www.pressenza.com\/es\/\",\"name\":\"Pressenza\",\"description\":\"International Press Agency\",\"publisher\":{\"@id\":\"https:\/\/www.pressenza.com\/es\/#organization\"},\"potentialAction\":[{\"@type\":\"SearchAction\",\"target\":{\"@type\":\"EntryPoint\",\"urlTemplate\":\"https:\/\/www.pressenza.com\/es\/?s={search_term_string}\"},\"query-input\":{\"@type\":\"PropertyValueSpecification\",\"valueRequired\":true,\"valueName\":\"search_term_string\"}}],\"inLanguage\":\"es\"},{\"@type\":\"Organization\",\"@id\":\"https:\/\/www.pressenza.com\/es\/#organization\",\"name\":\"Pressenza\",\"url\":\"https:\/\/www.pressenza.com\/es\/\",\"logo\":{\"@type\":\"ImageObject\",\"inLanguage\":\"es\",\"@id\":\"https:\/\/www.pressenza.com\/es\/#\/schema\/logo\/image\/\",\"url\":\"https:\/\/www.pressenza.com\/wp-content\/uploads\/2022\/10\/pressenza_logo_200x200.jpg\",\"contentUrl\":\"https:\/\/www.pressenza.com\/wp-content\/uploads\/2022\/10\/pressenza_logo_200x200.jpg\",\"width\":200,\"height\":200,\"caption\":\"Pressenza\"},\"image\":{\"@id\":\"https:\/\/www.pressenza.com\/es\/#\/schema\/logo\/image\/\"},\"sameAs\":[\"https:\/\/www.facebook.com\/PressenzaItalia\",\"https:\/\/x.com\/PressenzaIPA\"]},{\"@type\":\"Person\",\"@id\":\"https:\/\/www.pressenza.com\/es\/#\/schema\/person\/3c9fe6670cc2cffbd37562f87b98e869\",\"name\":\"R\u00e9daction France\",\"description\":\"News published by the Pressenza bureau in France\",\"sameAs\":[\"http:\/\/www.pressenza.com\/fr\"],\"url\":\"https:\/\/www.pressenza.com\/es\/author\/redactionfrance\/\"}]}<\/script>\n<!-- \/ Yoast SEO plugin. -->","yoast_head_json":{"title":"\"Estamos en una fase de inflexibilidad, los fermentos del cambio buscan expresarse\", Fran\u00e7ois Pellegrini","description":"El s\u00e1bado 27 de abril, Pressenza Franc\u00f3fona organiz\u00f3 un acto en Burdeos, en el cine Utop\u00eda, para celebrar el d\u00e9cimo aniversario de la agencia. Tras la","robots":{"index":"index","follow":"follow","max-snippet":"max-snippet:-1","max-image-preview":"max-image-preview:large","max-video-preview":"max-video-preview:-1"},"canonical":"https:\/\/www.pressenza.com\/es\/2019\/05\/estamos-en-una-fase-de-inflexibilidad-los-fermentos-del-cambio-buscan-expresarse-francois-pellegrini\/","og_locale":"es_ES","og_type":"article","og_title":"\"Estamos en una fase de inflexibilidad, los fermentos del cambio buscan expresarse\", Fran\u00e7ois Pellegrini","og_description":"El s\u00e1bado 27 de abril, Pressenza Franc\u00f3fona organiz\u00f3 un acto en Burdeos, en el cine Utop\u00eda, para celebrar el d\u00e9cimo aniversario de la agencia. Tras la","og_url":"https:\/\/www.pressenza.com\/es\/2019\/05\/estamos-en-una-fase-de-inflexibilidad-los-fermentos-del-cambio-buscan-expresarse-francois-pellegrini\/","og_site_name":"Pressenza","article_publisher":"https:\/\/www.facebook.com\/PressenzaItalia","article_published_time":"2019-05-17T00:54:53+00:00","og_image":[{"width":1244,"height":658,"url":"https:\/\/www.pressenza.com\/wp-content\/uploads\/2019\/05\/Pressenza10ans-Bordeaux-FrancoisPellegrini.jpg","type":"image\/jpeg"}],"author":"R\u00e9daction France","twitter_card":"summary_large_image","twitter_creator":"@PressenzaIPA","twitter_site":"@PressenzaIPA","twitter_misc":{"Escrito por":"R\u00e9daction France","Tiempo de lectura":"3 minutos"},"schema":{"@context":"https:\/\/schema.org","@graph":[{"@type":"Article","@id":"https:\/\/www.pressenza.com\/es\/2019\/05\/estamos-en-una-fase-de-inflexibilidad-los-fermentos-del-cambio-buscan-expresarse-francois-pellegrini\/#article","isPartOf":{"@id":"https:\/\/www.pressenza.com\/es\/2019\/05\/estamos-en-una-fase-de-inflexibilidad-los-fermentos-del-cambio-buscan-expresarse-francois-pellegrini\/"},"author":{"name":"R\u00e9daction France","@id":"https:\/\/www.pressenza.com\/es\/#\/schema\/person\/3c9fe6670cc2cffbd37562f87b98e869"},"headline":"\u00abEstamos en una fase de inflexibilidad, los fermentos del cambio buscan expresarse\u00bb, Fran\u00e7ois Pellegrini","datePublished":"2019-05-17T00:54:53+00:00","mainEntityOfPage":{"@id":"https:\/\/www.pressenza.com\/es\/2019\/05\/estamos-en-una-fase-de-inflexibilidad-los-fermentos-del-cambio-buscan-expresarse-francois-pellegrini\/"},"wordCount":596,"publisher":{"@id":"https:\/\/www.pressenza.com\/es\/#organization"},"image":{"@id":"https:\/\/www.pressenza.com\/es\/2019\/05\/estamos-en-una-fase-de-inflexibilidad-los-fermentos-del-cambio-buscan-expresarse-francois-pellegrini\/#primaryimage"},"thumbnailUrl":"https:\/\/www.pressenza.com\/wp-content\/uploads\/2019\/05\/Pressenza10ans-Bordeaux-FrancoisPellegrini.jpg","keywords":["Encuentro con Snowden","Fran\u00e7ois Pellegrini"],"articleSection":["Contenido Original","Derechos Humanos","Entrevistas","Video"],"inLanguage":"es"},{"@type":"WebPage","@id":"https:\/\/www.pressenza.com\/es\/2019\/05\/estamos-en-una-fase-de-inflexibilidad-los-fermentos-del-cambio-buscan-expresarse-francois-pellegrini\/","url":"https:\/\/www.pressenza.com\/es\/2019\/05\/estamos-en-una-fase-de-inflexibilidad-los-fermentos-del-cambio-buscan-expresarse-francois-pellegrini\/","name":"\"Estamos en una fase de inflexibilidad, los fermentos del cambio buscan expresarse\", Fran\u00e7ois Pellegrini","isPartOf":{"@id":"https:\/\/www.pressenza.com\/es\/#website"},"primaryImageOfPage":{"@id":"https:\/\/www.pressenza.com\/es\/2019\/05\/estamos-en-una-fase-de-inflexibilidad-los-fermentos-del-cambio-buscan-expresarse-francois-pellegrini\/#primaryimage"},"image":{"@id":"https:\/\/www.pressenza.com\/es\/2019\/05\/estamos-en-una-fase-de-inflexibilidad-los-fermentos-del-cambio-buscan-expresarse-francois-pellegrini\/#primaryimage"},"thumbnailUrl":"https:\/\/www.pressenza.com\/wp-content\/uploads\/2019\/05\/Pressenza10ans-Bordeaux-FrancoisPellegrini.jpg","datePublished":"2019-05-17T00:54:53+00:00","description":"El s\u00e1bado 27 de abril, Pressenza Franc\u00f3fona organiz\u00f3 un acto en Burdeos, en el cine Utop\u00eda, para celebrar el d\u00e9cimo aniversario de la agencia. Tras la","breadcrumb":{"@id":"https:\/\/www.pressenza.com\/es\/2019\/05\/estamos-en-una-fase-de-inflexibilidad-los-fermentos-del-cambio-buscan-expresarse-francois-pellegrini\/#breadcrumb"},"inLanguage":"es","potentialAction":[{"@type":"ReadAction","target":["https:\/\/www.pressenza.com\/es\/2019\/05\/estamos-en-una-fase-de-inflexibilidad-los-fermentos-del-cambio-buscan-expresarse-francois-pellegrini\/"]}]},{"@type":"ImageObject","inLanguage":"es","@id":"https:\/\/www.pressenza.com\/es\/2019\/05\/estamos-en-una-fase-de-inflexibilidad-los-fermentos-del-cambio-buscan-expresarse-francois-pellegrini\/#primaryimage","url":"https:\/\/www.pressenza.com\/wp-content\/uploads\/2019\/05\/Pressenza10ans-Bordeaux-FrancoisPellegrini.jpg","contentUrl":"https:\/\/www.pressenza.com\/wp-content\/uploads\/2019\/05\/Pressenza10ans-Bordeaux-FrancoisPellegrini.jpg","width":1244,"height":658},{"@type":"BreadcrumbList","@id":"https:\/\/www.pressenza.com\/es\/2019\/05\/estamos-en-una-fase-de-inflexibilidad-los-fermentos-del-cambio-buscan-expresarse-francois-pellegrini\/#breadcrumb","itemListElement":[{"@type":"ListItem","position":1,"name":"Accueil","item":"https:\/\/www.pressenza.com\/es\/"},{"@type":"ListItem","position":2,"name":"\u00abEstamos en una fase de inflexibilidad, los fermentos del cambio buscan expresarse\u00bb, Fran\u00e7ois Pellegrini"}]},{"@type":"WebSite","@id":"https:\/\/www.pressenza.com\/es\/#website","url":"https:\/\/www.pressenza.com\/es\/","name":"Pressenza","description":"International Press Agency","publisher":{"@id":"https:\/\/www.pressenza.com\/es\/#organization"},"potentialAction":[{"@type":"SearchAction","target":{"@type":"EntryPoint","urlTemplate":"https:\/\/www.pressenza.com\/es\/?s={search_term_string}"},"query-input":{"@type":"PropertyValueSpecification","valueRequired":true,"valueName":"search_term_string"}}],"inLanguage":"es"},{"@type":"Organization","@id":"https:\/\/www.pressenza.com\/es\/#organization","name":"Pressenza","url":"https:\/\/www.pressenza.com\/es\/","logo":{"@type":"ImageObject","inLanguage":"es","@id":"https:\/\/www.pressenza.com\/es\/#\/schema\/logo\/image\/","url":"https:\/\/www.pressenza.com\/wp-content\/uploads\/2022\/10\/pressenza_logo_200x200.jpg","contentUrl":"https:\/\/www.pressenza.com\/wp-content\/uploads\/2022\/10\/pressenza_logo_200x200.jpg","width":200,"height":200,"caption":"Pressenza"},"image":{"@id":"https:\/\/www.pressenza.com\/es\/#\/schema\/logo\/image\/"},"sameAs":["https:\/\/www.facebook.com\/PressenzaItalia","https:\/\/x.com\/PressenzaIPA"]},{"@type":"Person","@id":"https:\/\/www.pressenza.com\/es\/#\/schema\/person\/3c9fe6670cc2cffbd37562f87b98e869","name":"R\u00e9daction France","description":"News published by the Pressenza bureau in France","sameAs":["http:\/\/www.pressenza.com\/fr"],"url":"https:\/\/www.pressenza.com\/es\/author\/redactionfrance\/"}]}},"place":"Burdeos, Francia","original_article_url":"","_links":{"self":[{"href":"https:\/\/www.pressenza.com\/es\/wp-json\/wp\/v2\/posts\/855944","targetHints":{"allow":["GET"]}}],"collection":[{"href":"https:\/\/www.pressenza.com\/es\/wp-json\/wp\/v2\/posts"}],"about":[{"href":"https:\/\/www.pressenza.com\/es\/wp-json\/wp\/v2\/types\/post"}],"author":[{"embeddable":true,"href":"https:\/\/www.pressenza.com\/es\/wp-json\/wp\/v2\/users\/926"}],"replies":[{"embeddable":true,"href":"https:\/\/www.pressenza.com\/es\/wp-json\/wp\/v2\/comments?post=855944"}],"version-history":[{"count":0,"href":"https:\/\/www.pressenza.com\/es\/wp-json\/wp\/v2\/posts\/855944\/revisions"}],"wp:featuredmedia":[{"embeddable":true,"href":"https:\/\/www.pressenza.com\/es\/wp-json\/wp\/v2\/media\/854715"}],"wp:attachment":[{"href":"https:\/\/www.pressenza.com\/es\/wp-json\/wp\/v2\/media?parent=855944"}],"wp:term":[{"taxonomy":"category","embeddable":true,"href":"https:\/\/www.pressenza.com\/es\/wp-json\/wp\/v2\/categories?post=855944"},{"taxonomy":"post_tag","embeddable":true,"href":"https:\/\/www.pressenza.com\/es\/wp-json\/wp\/v2\/tags?post=855944"}],"curies":[{"name":"wp","href":"https:\/\/api.w.org\/{rel}","templated":true}]}}