{"id":855473,"date":"2019-05-16T00:52:43","date_gmt":"2019-05-15T23:52:43","guid":{"rendered":"https:\/\/www.pressenza.com\/?p=855473"},"modified":"2019-05-16T00:52:43","modified_gmt":"2019-05-15T23:52:43","slug":"seminario-internacional-america-latina-en-el-dilema-de-la-integracion-y-la-desintegracion","status":"publish","type":"post","link":"https:\/\/www.pressenza.com\/es\/2019\/05\/seminario-internacional-america-latina-en-el-dilema-de-la-integracion-y-la-desintegracion\/","title":{"rendered":"Seminario Internacional: Am\u00e9rica Latina en el dilema de la Integraci\u00f3n y la desintegraci\u00f3n"},"content":{"rendered":"<p>En las instalaciones de la Biblioteca de la Universidad Central del Ecuador, tendr\u00e1 lugar este jueves 16 de Mayo el seminario internacional AM\u00c9RICA LATINA EN EL DILEMA HIST\u00d3RICO DE LA INTEGRACI\u00d3N Y LA DESINTEGRACI\u00d3N<\/p>\n<p>La actividad, organizada por la\u00a0Red de Intelectuales y Artistas en Defensa de la Humanidad \u2013 Ecuador, el Foro de Comunicaci\u00f3n para la Integraci\u00f3n de Nuestramerica y la\u00a0 Cordinadora por la Paz, la Soberan\u00eda, la Integraci\u00f3n y la No Injerencia, comenzar\u00e1 a las 9 hs. (hora Ecuador) en el auditorio Master de la biblioteca.<\/p>\n<p>Podr\u00e1n adem\u00e1s seguirse las incidencias del evento v\u00eda Facebook live, a trav\u00e9s del siguiente\u00a0<a href=\"https:\/\/www.facebook.com\/Coordinadora-Nacional-X-la-Pazla-soberan%C3%ACa-y-la-No-injerencia-2231066407220976\/\">enlace.<\/a><\/p>\n<p>A continuaci\u00f3n el programa completo de la jornada<\/p>\n<p>Introducci\u00f3n y moderaci\u00f3n:<\/p>\n<p>Ricardo S\u00e1nchez, Universidad Central del Ecuador<\/p>\n<p>Irene Le\u00f3n, Red de Intelectuales y Artistas en Defensa de la Humanidad<\/p>\n<p><img loading=\"lazy\" decoding=\"async\" class=\"aligncenter size-full wp-image-855485\" src=\"https:\/\/www.pressenza.com\/wp-content\/uploads\/2019\/05\/semi2.jpeg\" alt=\"\" width=\"769\" height=\"575\" srcset=\"https:\/\/www.pressenza.com\/wp-content\/uploads\/2019\/05\/semi2.jpeg 769w, https:\/\/www.pressenza.com\/wp-content\/uploads\/2019\/05\/semi2-300x224.jpeg 300w, https:\/\/www.pressenza.com\/wp-content\/uploads\/2019\/05\/semi2-768x574.jpeg 768w, https:\/\/www.pressenza.com\/wp-content\/uploads\/2019\/05\/semi2-720x538.jpeg 720w\" sizes=\"auto, (max-width: 769px) 100vw, 769px\" \/><\/p>\n<p>9.00 h<strong> &#8211; <\/strong><em>Modulo I: EL MARCO GEOPOL\u00cdTICO DE LA REGI\u00d3N Y LA INTEGRACI\u00d3N<\/em><\/p>\n<p>\u2022 El an\u00e1lisis geopol\u00edtico de la regi\u00f3n. Pedro Sassone, Soci\u00f3logo y diplom\u00e1tico, Venezuela<\/p>\n<p>\u2022 Geopol\u00edtica y soberan\u00eda comunicacional, Sally Burch, Directora ALAI \/ Foro para una internet ciudadana, UK\/Ecuador<\/p>\n<p>\u2022 Integraci\u00f3n y desintegraci\u00f3n, un dilema geopol\u00edtico y su prospectiva. Lourdes Regueiro. Economista. Centro de Investigaciones de Pol\u00edtica Internacional \u2013CIPI-, Cuba<\/p>\n<p>\u2022 Comentarista: Magdalena Le\u00f3n T., Economista, Red de Mujeres Transformando la Econom\u00eda, Ecuador<\/p>\n<p><img loading=\"lazy\" decoding=\"async\" class=\"aligncenter size-full wp-image-855494\" src=\"https:\/\/www.pressenza.com\/wp-content\/uploads\/2019\/05\/semi3.jpeg\" alt=\"\" width=\"770\" height=\"510\" srcset=\"https:\/\/www.pressenza.com\/wp-content\/uploads\/2019\/05\/semi3.jpeg 770w, https:\/\/www.pressenza.com\/wp-content\/uploads\/2019\/05\/semi3-300x199.jpeg 300w, https:\/\/www.pressenza.com\/wp-content\/uploads\/2019\/05\/semi3-768x509.jpeg 768w, https:\/\/www.pressenza.com\/wp-content\/uploads\/2019\/05\/semi3-720x477.jpeg 720w\" sizes=\"auto, (max-width: 770px) 100vw, 770px\" \/><\/p>\n<p>11h30<strong> &#8211; <\/strong><em>MODULO II: EL CAMINO HIST\u00d3RICO DE LA INTEGRACI\u00d3N\u00a0<\/em><\/p>\n<p>\u2022 Las rutas de la integraci\u00f3n. Judith Valencia, Economista, Venezuela<\/p>\n<p>\u2022 Vigencia de la nueva arquitectura financiera para la integraci\u00f3n. Pedro P\u00e1ez. Economista, Instituto de investigaciones Econ\u00f3mica, Pontificia Universidad Cat\u00f3lica del Ecuador.<\/p>\n<p>\u2022 Comentarista. Miguel Ruiz, Soci\u00f3logo, Universidad Central del Ecuador<\/p>\n<p>14h30 &#8211; <em>MODULO III. PERSPECTIVAS DEL PROCESO DE INTEGRACI\u00d3N\u00a0<\/em><\/p>\n<p>\u2022 UNASUR, logros alcanzados y el reto de reinventarse. Elvis Urbina, Diplom\u00e1tico, Venezuela.<\/p>\n<p>\u2022 Retos comunicacionales de la integraci\u00f3n soberana. Javier Tolcachier, Argentina, Centro Mundial de Estudios Humanistas<\/p>\n<p>\u2022 La diplomacia de los pueblos en la integraci\u00f3n regional. Manuel Bertoldi, Universidad Nacional de la Plata, Argentina<\/p>\n<p>\u2022 Comentarista. David Ch\u00e1vez, Soci\u00f3logo, Universidad Central del Ecuador<\/p>\n","protected":false},"excerpt":{"rendered":"<p>En las instalaciones de la Biblioteca de la Universidad Central del Ecuador, tendr\u00e1 lugar este jueves 16 de Mayo el seminario internacional AM\u00c9RICA LATINA EN EL DILEMA HIST\u00d3RICO DE LA INTEGRACI\u00d3N Y LA DESINTEGRACI\u00d3N La actividad, organizada por la\u00a0Red de&hellip;<\/p>\n","protected":false},"author":1338,"featured_media":855503,"comment_status":"closed","ping_status":"closed","sticky":false,"template":"","format":"standard","meta":{"footnotes":""},"categories":[69,11389,75,74,67],"tags":[20547,20867],"class_list":["post-855473","post","type-post","status-publish","format-standard","has-post-thumbnail","hentry","category-america-central","category-contenido-original","category-cultura-es","category-politica-es","category-sudamerica","tag-america-latina-y-el-caribe","tag-integracion-regional"],"yoast_head":"<!-- This site is optimized with the Yoast SEO plugin v27.1.1 - https:\/\/yoast.com\/product\/yoast-seo-wordpress\/ -->\n<title>Seminario Internacional: Am\u00e9rica Latina en el dilema de la Integraci\u00f3n y la desintegraci\u00f3n<\/title>\n<meta name=\"description\" content=\"En las instalaciones de la Biblioteca de la Universidad Central del Ecuador, tendr\u00e1 lugar este jueves 16 de Mayo el seminario internacional AM\u00c9RICA LATINA\" \/>\n<meta name=\"robots\" content=\"index, follow, max-snippet:-1, max-image-preview:large, max-video-preview:-1\" \/>\n<link rel=\"canonical\" href=\"https:\/\/www.pressenza.com\/es\/2019\/05\/seminario-internacional-america-latina-en-el-dilema-de-la-integracion-y-la-desintegracion\/\" \/>\n<meta property=\"og:locale\" content=\"es_ES\" \/>\n<meta property=\"og:type\" content=\"article\" \/>\n<meta property=\"og:title\" content=\"Seminario Internacional: Am\u00e9rica Latina en el dilema de la Integraci\u00f3n y la desintegraci\u00f3n\" \/>\n<meta property=\"og:description\" content=\"En las instalaciones de la Biblioteca de la Universidad Central del Ecuador, tendr\u00e1 lugar este jueves 16 de Mayo el seminario internacional AM\u00c9RICA LATINA\" \/>\n<meta property=\"og:url\" content=\"https:\/\/www.pressenza.com\/es\/2019\/05\/seminario-internacional-america-latina-en-el-dilema-de-la-integracion-y-la-desintegracion\/\" \/>\n<meta property=\"og:site_name\" content=\"Pressenza\" \/>\n<meta property=\"article:publisher\" content=\"https:\/\/www.facebook.com\/PressenzaItalia\" \/>\n<meta property=\"article:published_time\" content=\"2019-05-15T23:52:43+00:00\" \/>\n<meta property=\"og:image\" content=\"https:\/\/www.pressenza.com\/wp-content\/uploads\/2019\/05\/semi1.jpeg\" \/>\n\t<meta property=\"og:image:width\" content=\"800\" \/>\n\t<meta property=\"og:image:height\" content=\"800\" \/>\n\t<meta property=\"og:image:type\" content=\"image\/jpeg\" \/>\n<meta name=\"author\" content=\"Foro de Comunicaci\u00f3n para la Integracion de NuestrAm\u00e9rica (FCINA)\" \/>\n<meta name=\"twitter:card\" content=\"summary_large_image\" \/>\n<meta name=\"twitter:creator\" content=\"@PressenzaIPA\" \/>\n<meta name=\"twitter:site\" content=\"@PressenzaIPA\" \/>\n<meta name=\"twitter:label1\" content=\"Escrito por\" \/>\n\t<meta name=\"twitter:data1\" content=\"Foro de Comunicaci\u00f3n para la Integracion de NuestrAm\u00e9rica (FCINA)\" \/>\n\t<meta name=\"twitter:label2\" content=\"Tiempo de lectura\" \/>\n\t<meta name=\"twitter:data2\" content=\"2 minutos\" \/>\n<script type=\"application\/ld+json\" class=\"yoast-schema-graph\">{\"@context\":\"https:\/\/schema.org\",\"@graph\":[{\"@type\":\"Article\",\"@id\":\"https:\/\/www.pressenza.com\/es\/2019\/05\/seminario-internacional-america-latina-en-el-dilema-de-la-integracion-y-la-desintegracion\/#article\",\"isPartOf\":{\"@id\":\"https:\/\/www.pressenza.com\/es\/2019\/05\/seminario-internacional-america-latina-en-el-dilema-de-la-integracion-y-la-desintegracion\/\"},\"author\":{\"name\":\"Foro de Comunicaci\u00f3n para la Integracion de NuestrAm\u00e9rica (FCINA)\",\"@id\":\"https:\/\/www.pressenza.com\/es\/#\/schema\/person\/bee2dba4625fd34d557d703cfd75f339\"},\"headline\":\"Seminario Internacional: Am\u00e9rica Latina en el dilema de la Integraci\u00f3n y la desintegraci\u00f3n\",\"datePublished\":\"2019-05-15T23:52:43+00:00\",\"mainEntityOfPage\":{\"@id\":\"https:\/\/www.pressenza.com\/es\/2019\/05\/seminario-internacional-america-latina-en-el-dilema-de-la-integracion-y-la-desintegracion\/\"},\"wordCount\":372,\"publisher\":{\"@id\":\"https:\/\/www.pressenza.com\/es\/#organization\"},\"image\":{\"@id\":\"https:\/\/www.pressenza.com\/es\/2019\/05\/seminario-internacional-america-latina-en-el-dilema-de-la-integracion-y-la-desintegracion\/#primaryimage\"},\"thumbnailUrl\":\"https:\/\/www.pressenza.com\/wp-content\/uploads\/2019\/05\/semi1.jpeg\",\"keywords\":[\"Am\u00e9rica Latina y el Caribe\",\"integraci\u00f3n regional\"],\"articleSection\":[\"Am\u00e9rica Central\",\"Contenido Original\",\"Cultura y Medios\",\"Pol\u00edtica\",\"Sudam\u00e9rica\"],\"inLanguage\":\"es\"},{\"@type\":\"WebPage\",\"@id\":\"https:\/\/www.pressenza.com\/es\/2019\/05\/seminario-internacional-america-latina-en-el-dilema-de-la-integracion-y-la-desintegracion\/\",\"url\":\"https:\/\/www.pressenza.com\/es\/2019\/05\/seminario-internacional-america-latina-en-el-dilema-de-la-integracion-y-la-desintegracion\/\",\"name\":\"Seminario Internacional: Am\u00e9rica Latina en el dilema de la Integraci\u00f3n y la desintegraci\u00f3n\",\"isPartOf\":{\"@id\":\"https:\/\/www.pressenza.com\/es\/#website\"},\"primaryImageOfPage\":{\"@id\":\"https:\/\/www.pressenza.com\/es\/2019\/05\/seminario-internacional-america-latina-en-el-dilema-de-la-integracion-y-la-desintegracion\/#primaryimage\"},\"image\":{\"@id\":\"https:\/\/www.pressenza.com\/es\/2019\/05\/seminario-internacional-america-latina-en-el-dilema-de-la-integracion-y-la-desintegracion\/#primaryimage\"},\"thumbnailUrl\":\"https:\/\/www.pressenza.com\/wp-content\/uploads\/2019\/05\/semi1.jpeg\",\"datePublished\":\"2019-05-15T23:52:43+00:00\",\"description\":\"En las instalaciones de la Biblioteca de la Universidad Central del Ecuador, tendr\u00e1 lugar este jueves 16 de Mayo el seminario internacional AM\u00c9RICA LATINA\",\"breadcrumb\":{\"@id\":\"https:\/\/www.pressenza.com\/es\/2019\/05\/seminario-internacional-america-latina-en-el-dilema-de-la-integracion-y-la-desintegracion\/#breadcrumb\"},\"inLanguage\":\"es\",\"potentialAction\":[{\"@type\":\"ReadAction\",\"target\":[\"https:\/\/www.pressenza.com\/es\/2019\/05\/seminario-internacional-america-latina-en-el-dilema-de-la-integracion-y-la-desintegracion\/\"]}]},{\"@type\":\"ImageObject\",\"inLanguage\":\"es\",\"@id\":\"https:\/\/www.pressenza.com\/es\/2019\/05\/seminario-internacional-america-latina-en-el-dilema-de-la-integracion-y-la-desintegracion\/#primaryimage\",\"url\":\"https:\/\/www.pressenza.com\/wp-content\/uploads\/2019\/05\/semi1.jpeg\",\"contentUrl\":\"https:\/\/www.pressenza.com\/wp-content\/uploads\/2019\/05\/semi1.jpeg\",\"width\":800,\"height\":800},{\"@type\":\"BreadcrumbList\",\"@id\":\"https:\/\/www.pressenza.com\/es\/2019\/05\/seminario-internacional-america-latina-en-el-dilema-de-la-integracion-y-la-desintegracion\/#breadcrumb\",\"itemListElement\":[{\"@type\":\"ListItem\",\"position\":1,\"name\":\"Accueil\",\"item\":\"https:\/\/www.pressenza.com\/es\/\"},{\"@type\":\"ListItem\",\"position\":2,\"name\":\"Seminario Internacional: Am\u00e9rica Latina en el dilema de la Integraci\u00f3n y la desintegraci\u00f3n\"}]},{\"@type\":\"WebSite\",\"@id\":\"https:\/\/www.pressenza.com\/es\/#website\",\"url\":\"https:\/\/www.pressenza.com\/es\/\",\"name\":\"Pressenza\",\"description\":\"International Press Agency\",\"publisher\":{\"@id\":\"https:\/\/www.pressenza.com\/es\/#organization\"},\"potentialAction\":[{\"@type\":\"SearchAction\",\"target\":{\"@type\":\"EntryPoint\",\"urlTemplate\":\"https:\/\/www.pressenza.com\/es\/?s={search_term_string}\"},\"query-input\":{\"@type\":\"PropertyValueSpecification\",\"valueRequired\":true,\"valueName\":\"search_term_string\"}}],\"inLanguage\":\"es\"},{\"@type\":\"Organization\",\"@id\":\"https:\/\/www.pressenza.com\/es\/#organization\",\"name\":\"Pressenza\",\"url\":\"https:\/\/www.pressenza.com\/es\/\",\"logo\":{\"@type\":\"ImageObject\",\"inLanguage\":\"es\",\"@id\":\"https:\/\/www.pressenza.com\/es\/#\/schema\/logo\/image\/\",\"url\":\"https:\/\/www.pressenza.com\/wp-content\/uploads\/2022\/10\/pressenza_logo_200x200.jpg\",\"contentUrl\":\"https:\/\/www.pressenza.com\/wp-content\/uploads\/2022\/10\/pressenza_logo_200x200.jpg\",\"width\":200,\"height\":200,\"caption\":\"Pressenza\"},\"image\":{\"@id\":\"https:\/\/www.pressenza.com\/es\/#\/schema\/logo\/image\/\"},\"sameAs\":[\"https:\/\/www.facebook.com\/PressenzaItalia\",\"https:\/\/x.com\/PressenzaIPA\"]},{\"@type\":\"Person\",\"@id\":\"https:\/\/www.pressenza.com\/es\/#\/schema\/person\/bee2dba4625fd34d557d703cfd75f339\",\"name\":\"Foro de Comunicaci\u00f3n para la Integracion de NuestrAm\u00e9rica (FCINA)\",\"url\":\"https:\/\/www.pressenza.com\/es\/author\/fcina\/\"}]}<\/script>\n<!-- \/ Yoast SEO plugin. -->","yoast_head_json":{"title":"Seminario Internacional: Am\u00e9rica Latina en el dilema de la Integraci\u00f3n y la desintegraci\u00f3n","description":"En las instalaciones de la Biblioteca de la Universidad Central del Ecuador, tendr\u00e1 lugar este jueves 16 de Mayo el seminario internacional AM\u00c9RICA LATINA","robots":{"index":"index","follow":"follow","max-snippet":"max-snippet:-1","max-image-preview":"max-image-preview:large","max-video-preview":"max-video-preview:-1"},"canonical":"https:\/\/www.pressenza.com\/es\/2019\/05\/seminario-internacional-america-latina-en-el-dilema-de-la-integracion-y-la-desintegracion\/","og_locale":"es_ES","og_type":"article","og_title":"Seminario Internacional: Am\u00e9rica Latina en el dilema de la Integraci\u00f3n y la desintegraci\u00f3n","og_description":"En las instalaciones de la Biblioteca de la Universidad Central del Ecuador, tendr\u00e1 lugar este jueves 16 de Mayo el seminario internacional AM\u00c9RICA LATINA","og_url":"https:\/\/www.pressenza.com\/es\/2019\/05\/seminario-internacional-america-latina-en-el-dilema-de-la-integracion-y-la-desintegracion\/","og_site_name":"Pressenza","article_publisher":"https:\/\/www.facebook.com\/PressenzaItalia","article_published_time":"2019-05-15T23:52:43+00:00","og_image":[{"width":800,"height":800,"url":"https:\/\/www.pressenza.com\/wp-content\/uploads\/2019\/05\/semi1.jpeg","type":"image\/jpeg"}],"author":"Foro de Comunicaci\u00f3n para la Integracion de NuestrAm\u00e9rica (FCINA)","twitter_card":"summary_large_image","twitter_creator":"@PressenzaIPA","twitter_site":"@PressenzaIPA","twitter_misc":{"Escrito por":"Foro de Comunicaci\u00f3n para la Integracion de NuestrAm\u00e9rica (FCINA)","Tiempo de lectura":"2 minutos"},"schema":{"@context":"https:\/\/schema.org","@graph":[{"@type":"Article","@id":"https:\/\/www.pressenza.com\/es\/2019\/05\/seminario-internacional-america-latina-en-el-dilema-de-la-integracion-y-la-desintegracion\/#article","isPartOf":{"@id":"https:\/\/www.pressenza.com\/es\/2019\/05\/seminario-internacional-america-latina-en-el-dilema-de-la-integracion-y-la-desintegracion\/"},"author":{"name":"Foro de Comunicaci\u00f3n para la Integracion de NuestrAm\u00e9rica (FCINA)","@id":"https:\/\/www.pressenza.com\/es\/#\/schema\/person\/bee2dba4625fd34d557d703cfd75f339"},"headline":"Seminario Internacional: Am\u00e9rica Latina en el dilema de la Integraci\u00f3n y la desintegraci\u00f3n","datePublished":"2019-05-15T23:52:43+00:00","mainEntityOfPage":{"@id":"https:\/\/www.pressenza.com\/es\/2019\/05\/seminario-internacional-america-latina-en-el-dilema-de-la-integracion-y-la-desintegracion\/"},"wordCount":372,"publisher":{"@id":"https:\/\/www.pressenza.com\/es\/#organization"},"image":{"@id":"https:\/\/www.pressenza.com\/es\/2019\/05\/seminario-internacional-america-latina-en-el-dilema-de-la-integracion-y-la-desintegracion\/#primaryimage"},"thumbnailUrl":"https:\/\/www.pressenza.com\/wp-content\/uploads\/2019\/05\/semi1.jpeg","keywords":["Am\u00e9rica Latina y el Caribe","integraci\u00f3n regional"],"articleSection":["Am\u00e9rica Central","Contenido Original","Cultura y Medios","Pol\u00edtica","Sudam\u00e9rica"],"inLanguage":"es"},{"@type":"WebPage","@id":"https:\/\/www.pressenza.com\/es\/2019\/05\/seminario-internacional-america-latina-en-el-dilema-de-la-integracion-y-la-desintegracion\/","url":"https:\/\/www.pressenza.com\/es\/2019\/05\/seminario-internacional-america-latina-en-el-dilema-de-la-integracion-y-la-desintegracion\/","name":"Seminario Internacional: Am\u00e9rica Latina en el dilema de la Integraci\u00f3n y la desintegraci\u00f3n","isPartOf":{"@id":"https:\/\/www.pressenza.com\/es\/#website"},"primaryImageOfPage":{"@id":"https:\/\/www.pressenza.com\/es\/2019\/05\/seminario-internacional-america-latina-en-el-dilema-de-la-integracion-y-la-desintegracion\/#primaryimage"},"image":{"@id":"https:\/\/www.pressenza.com\/es\/2019\/05\/seminario-internacional-america-latina-en-el-dilema-de-la-integracion-y-la-desintegracion\/#primaryimage"},"thumbnailUrl":"https:\/\/www.pressenza.com\/wp-content\/uploads\/2019\/05\/semi1.jpeg","datePublished":"2019-05-15T23:52:43+00:00","description":"En las instalaciones de la Biblioteca de la Universidad Central del Ecuador, tendr\u00e1 lugar este jueves 16 de Mayo el seminario internacional AM\u00c9RICA LATINA","breadcrumb":{"@id":"https:\/\/www.pressenza.com\/es\/2019\/05\/seminario-internacional-america-latina-en-el-dilema-de-la-integracion-y-la-desintegracion\/#breadcrumb"},"inLanguage":"es","potentialAction":[{"@type":"ReadAction","target":["https:\/\/www.pressenza.com\/es\/2019\/05\/seminario-internacional-america-latina-en-el-dilema-de-la-integracion-y-la-desintegracion\/"]}]},{"@type":"ImageObject","inLanguage":"es","@id":"https:\/\/www.pressenza.com\/es\/2019\/05\/seminario-internacional-america-latina-en-el-dilema-de-la-integracion-y-la-desintegracion\/#primaryimage","url":"https:\/\/www.pressenza.com\/wp-content\/uploads\/2019\/05\/semi1.jpeg","contentUrl":"https:\/\/www.pressenza.com\/wp-content\/uploads\/2019\/05\/semi1.jpeg","width":800,"height":800},{"@type":"BreadcrumbList","@id":"https:\/\/www.pressenza.com\/es\/2019\/05\/seminario-internacional-america-latina-en-el-dilema-de-la-integracion-y-la-desintegracion\/#breadcrumb","itemListElement":[{"@type":"ListItem","position":1,"name":"Accueil","item":"https:\/\/www.pressenza.com\/es\/"},{"@type":"ListItem","position":2,"name":"Seminario Internacional: Am\u00e9rica Latina en el dilema de la Integraci\u00f3n y la desintegraci\u00f3n"}]},{"@type":"WebSite","@id":"https:\/\/www.pressenza.com\/es\/#website","url":"https:\/\/www.pressenza.com\/es\/","name":"Pressenza","description":"International Press Agency","publisher":{"@id":"https:\/\/www.pressenza.com\/es\/#organization"},"potentialAction":[{"@type":"SearchAction","target":{"@type":"EntryPoint","urlTemplate":"https:\/\/www.pressenza.com\/es\/?s={search_term_string}"},"query-input":{"@type":"PropertyValueSpecification","valueRequired":true,"valueName":"search_term_string"}}],"inLanguage":"es"},{"@type":"Organization","@id":"https:\/\/www.pressenza.com\/es\/#organization","name":"Pressenza","url":"https:\/\/www.pressenza.com\/es\/","logo":{"@type":"ImageObject","inLanguage":"es","@id":"https:\/\/www.pressenza.com\/es\/#\/schema\/logo\/image\/","url":"https:\/\/www.pressenza.com\/wp-content\/uploads\/2022\/10\/pressenza_logo_200x200.jpg","contentUrl":"https:\/\/www.pressenza.com\/wp-content\/uploads\/2022\/10\/pressenza_logo_200x200.jpg","width":200,"height":200,"caption":"Pressenza"},"image":{"@id":"https:\/\/www.pressenza.com\/es\/#\/schema\/logo\/image\/"},"sameAs":["https:\/\/www.facebook.com\/PressenzaItalia","https:\/\/x.com\/PressenzaIPA"]},{"@type":"Person","@id":"https:\/\/www.pressenza.com\/es\/#\/schema\/person\/bee2dba4625fd34d557d703cfd75f339","name":"Foro de Comunicaci\u00f3n para la Integracion de NuestrAm\u00e9rica (FCINA)","url":"https:\/\/www.pressenza.com\/es\/author\/fcina\/"}]}},"place":"Quito, Ecuador","original_article_url":"","_links":{"self":[{"href":"https:\/\/www.pressenza.com\/es\/wp-json\/wp\/v2\/posts\/855473","targetHints":{"allow":["GET"]}}],"collection":[{"href":"https:\/\/www.pressenza.com\/es\/wp-json\/wp\/v2\/posts"}],"about":[{"href":"https:\/\/www.pressenza.com\/es\/wp-json\/wp\/v2\/types\/post"}],"author":[{"embeddable":true,"href":"https:\/\/www.pressenza.com\/es\/wp-json\/wp\/v2\/users\/1338"}],"replies":[{"embeddable":true,"href":"https:\/\/www.pressenza.com\/es\/wp-json\/wp\/v2\/comments?post=855473"}],"version-history":[{"count":0,"href":"https:\/\/www.pressenza.com\/es\/wp-json\/wp\/v2\/posts\/855473\/revisions"}],"wp:featuredmedia":[{"embeddable":true,"href":"https:\/\/www.pressenza.com\/es\/wp-json\/wp\/v2\/media\/855503"}],"wp:attachment":[{"href":"https:\/\/www.pressenza.com\/es\/wp-json\/wp\/v2\/media?parent=855473"}],"wp:term":[{"taxonomy":"category","embeddable":true,"href":"https:\/\/www.pressenza.com\/es\/wp-json\/wp\/v2\/categories?post=855473"},{"taxonomy":"post_tag","embeddable":true,"href":"https:\/\/www.pressenza.com\/es\/wp-json\/wp\/v2\/tags?post=855473"}],"curies":[{"name":"wp","href":"https:\/\/api.w.org\/{rel}","templated":true}]}}