{"id":8535,"date":"2012-03-20T00:00:00","date_gmt":"2012-03-20T00:00:00","guid":{"rendered":""},"modified":"2012-03-20T18:18:19","modified_gmt":"2012-03-20T18:18:19","slug":"seminario-sobre-espiritualidad-contemporanea-en-universidad-de-haifa","status":"publish","type":"post","link":"https:\/\/www.pressenza.com\/es\/2012\/03\/seminario-sobre-espiritualidad-contemporanea-en-universidad-de-haifa\/","title":{"rendered":"Seminario sobre espiritualidad contempor\u00e1nea en Universidad de Haifa"},"content":{"rendered":"<p>Nos llam\u00f3 la atenci\u00f3n que la irrupci\u00f3n de una nueva espiritualidad, anunciada por Silo ya en 1999<br \/>\ndesde el Parque de Estudios y Reflexi\u00f3n de Punta de Vacas, fuera detectada en una universidad de<br \/>\nIsrael.<\/p>\n<p>Israel y todo el Medio Oriente est\u00e1n azotados por la espiritualidad del dogmatismo y de la<br \/>\nintolerancia de los grupos religiosos, que contamina a toda la sociedad. La no separaci\u00f3n<br \/>\nentre religi\u00f3n y estado y la primac\u00eda cada vez mayor de los fundamentalismos al interior de las<br \/>\nreligiones, afectan todas las \u00e1reas de la sociedad y tienen temblando al mundo entero con sus<br \/>\namenazas y su violencia. En este ambiente, el intento de la Universidad de Haifa nos pareci\u00f3 un<br \/>\noasis que deb\u00edamos visitar.<\/p>\n<p>Esta conferencia se hac\u00eda m\u00faltiples preguntas: \u00bfRequiere el nuevo humanismo de una<br \/>\nespiritualidad? \u00bfPuede la psicolog\u00eda apoyarse en procedimientos de escuelas espirituales para el<br \/>\ndesarrollo y la felicidad del ser humano? \u00bfLa medicina tendr\u00eda que aceptar dentro de sus estudios<br \/>\nlas medicinas alternativas? \u00bfPor qu\u00e9 los sistemas de creencias no son considerados como parte<br \/>\ndel conocimiento humano y estudiados a nivel acad\u00e9mico? Esas y muchas otras interrogantes<br \/>\ndieron lugar a m\u00e1s de 80 ponencias, talleres, conferencias y debates de temas vinculados con la<br \/>\nespiritualidad.<\/p>\n<p>Frente a los temas tratados y al enfoque dado decimos que no solemos darnos cuenta que detr\u00e1s<br \/>\nde nuestra ciencia, historia, sicolog\u00eda, econom\u00eda , sociolog\u00eda, antropolog\u00eda y otras \u00e1reas del saber<br \/>\nest\u00e1 operando un sistema de creencias y una espiritualidad que da direcci\u00f3n y sentido a esa<br \/>\nmisma ciencia. El descubrimiento de hace pocas d\u00e9cadas de que el ser humano existe ha puesto<br \/>\nen crisis el m\u00e9todo cient\u00edfico. La existencia del ser humano puede parecer algo obvio, pero su<br \/>\nreconocimiento como un ser no natural, intencional, poseedor de libertad es bastante reciente.<br \/>\nHace solo muy poco tiempo que conocemos la intencionalidad de la conciencia humana y c\u00f3mo<br \/>\nproyecta su interioridad hacia el mundo externo, el mundo de los otros.<\/p>\n<p>Hoy no es posible hacer ciencia sin considerar al observador, su intenci\u00f3n y su punto de vista. La<br \/>\nperspectiva del cient\u00edfico que hace y construye ciencia, es decir, la inclusi\u00f3n de la subjetividad,<br \/>\nes lo que esta favoreciendo el desarrollo de la nueva ciencia. Desde la fenomenolog\u00eda a la f\u00edsica<br \/>\ncu\u00e1ntica, la estructura ser humano-mundo permite comprender que la mirada humana no es algo<br \/>\nque entorpece el m\u00e9todo cient\u00edfico, sino una componente fundamental del mismo. Si las llamadas<br \/>\nciencias exactas tuvieron que tomar en cuenta la mirada del observador para la comprensi\u00f3n de<br \/>\nlos fen\u00f3menos cu\u00e1nticos, las ciencias sociales tender\u00e1n a seguir esa misma ruta comprobando la<br \/>\nimposibilidad de abstraerse de la subjetividad.<\/p>\n<p>En el Seminario asistimos a los esfuerzos de la Psicolog\u00eda para apoyarse en experiencias de<br \/>\ncorrientes espirituales como el budismo y la kabala para acceder a una experiencia de silencio<br \/>\nque luego en su reinterpretaci\u00f3n puede cumplir funciones terap\u00e9uticas. Tambi\u00e9n se observaron<br \/>\nlos esfuerzos del humanismo para comprender lo sagrado no s\u00f3lo desde una religiosidad, sino<br \/>\ntambi\u00e9n desde la irreligiosidad y el ate\u00edsmo sin necesidad de aceptar instituciones y dioses.<\/p>\n<p>Llamaron la atenci\u00f3n los esfuerzos para resolver el conflicto entre las tradiciones culturales que<br \/>\nviolentan o discriminan a seres humanos de otras culturas o incluso a gente de su propia cultura,<br \/>\ndesde un humanismo que se proclama respetuoso de la diversidad. Sab\u00edamos que cuando hablan<br \/>\nde este nuevo humanismo todav\u00eda se refieren a los ambientes europeos y no se han estudiado<br \/>\nlos aportes surgidos desde Latinoam\u00e9rica y en particular las contribuciones hechas por Silo en la<br \/>\nconcepci\u00f3n de ser humano, conciencia y el humanismo universalista.<\/p>\n<p>La tesis que estaba en el trasfondo del seminario y que expres\u00f3 su organizadora en el plenario<br \/>\nes que el desarrollo espiritual es el que puede dar un nuevo impulso a la ciencia y reorientarla<br \/>\nhacia el beneficio y felicidad de la humanidad. \u00bfSer\u00e1 comprendida e incorporada esta tesis por la<br \/>\nAcademia?<\/p>\n","protected":false},"excerpt":{"rendered":"<p>Durante la visita a Israel de amigos de Europa y Latinoam\u00e9rica para difundir el Mensaje de Silo y el<br \/>\nHumanismo Universalista, tuvimos la oportunidad de asistir a la Cuarta Conferencia para el Estudio<br \/>\nde la Espiritualidad Contempor\u00e1nea (ICSCS) en la Universidad de Haifa. Fuimos invitados por la directora del departamento de educaci\u00f3n Ofra Mayseless.<\/p>\n","protected":false},"author":158,"featured_media":0,"comment_status":"closed","ping_status":"open","sticky":false,"template":"","format":"standard","meta":{"footnotes":""},"categories":[75,39,71],"tags":[],"class_list":["post-8535","post","type-post","status-publish","format-standard","hentry","category-cultura-es","category-internacional","category-medio-oriente-es"],"yoast_head":"<!-- This site is optimized with the Yoast SEO plugin v27.1.1 - https:\/\/yoast.com\/product\/yoast-seo-wordpress\/ -->\n<title>Seminario sobre espiritualidad contempor\u00e1nea en Universidad de Haifa<\/title>\n<meta name=\"description\" content=\"Durante la visita a Israel de amigos de Europa y Latinoam\u00e9rica para difundir el Mensaje de Silo y el Humanismo Universalista, tuvimos la oportunidad de asistir a la Cuarta Conferencia para el Estudio de la Espiritualidad Contempor\u00e1nea (ICSCS) en la Universidad de Haifa. Fuimos invitados por la directora del departamento de educaci\u00f3n Ofra Mayseless.\" \/>\n<meta name=\"robots\" content=\"index, follow, max-snippet:-1, max-image-preview:large, max-video-preview:-1\" \/>\n<link rel=\"canonical\" href=\"https:\/\/www.pressenza.com\/es\/2012\/03\/seminario-sobre-espiritualidad-contemporanea-en-universidad-de-haifa\/\" \/>\n<meta property=\"og:locale\" content=\"es_ES\" \/>\n<meta property=\"og:type\" content=\"article\" \/>\n<meta property=\"og:title\" content=\"Seminario sobre espiritualidad contempor\u00e1nea en Universidad de Haifa\" \/>\n<meta property=\"og:description\" content=\"Durante la visita a Israel de amigos de Europa y Latinoam\u00e9rica para difundir el Mensaje de Silo y el Humanismo Universalista, tuvimos la oportunidad de asistir a la Cuarta Conferencia para el Estudio de la Espiritualidad Contempor\u00e1nea (ICSCS) en la Universidad de Haifa. Fuimos invitados por la directora del departamento de educaci\u00f3n Ofra Mayseless.\" \/>\n<meta property=\"og:url\" content=\"https:\/\/www.pressenza.com\/es\/2012\/03\/seminario-sobre-espiritualidad-contemporanea-en-universidad-de-haifa\/\" \/>\n<meta property=\"og:site_name\" content=\"Pressenza\" \/>\n<meta property=\"article:publisher\" content=\"https:\/\/www.facebook.com\/PressenzaItalia\" \/>\n<meta property=\"article:published_time\" content=\"2012-03-20T00:00:00+00:00\" \/>\n<meta property=\"article:modified_time\" content=\"2012-03-20T18:18:19+00:00\" \/>\n<meta name=\"author\" content=\"Dario Ergas\" \/>\n<meta name=\"twitter:card\" content=\"summary_large_image\" \/>\n<meta name=\"twitter:creator\" content=\"@PressenzaIPA\" \/>\n<meta name=\"twitter:site\" content=\"@PressenzaIPA\" \/>\n<meta name=\"twitter:label1\" content=\"Escrito por\" \/>\n\t<meta name=\"twitter:data1\" content=\"Dario Ergas\" \/>\n\t<meta name=\"twitter:label2\" content=\"Tiempo de lectura\" \/>\n\t<meta name=\"twitter:data2\" content=\"3 minutos\" \/>\n<script type=\"application\/ld+json\" class=\"yoast-schema-graph\">{\"@context\":\"https:\/\/schema.org\",\"@graph\":[{\"@type\":\"Article\",\"@id\":\"https:\/\/www.pressenza.com\/es\/2012\/03\/seminario-sobre-espiritualidad-contemporanea-en-universidad-de-haifa\/#article\",\"isPartOf\":{\"@id\":\"https:\/\/www.pressenza.com\/es\/2012\/03\/seminario-sobre-espiritualidad-contemporanea-en-universidad-de-haifa\/\"},\"author\":{\"name\":\"Dario Ergas\",\"@id\":\"https:\/\/www.pressenza.com\/es\/#\/schema\/person\/013a6f4184d7d6b40c45d8c010f9cc98\"},\"headline\":\"Seminario sobre espiritualidad contempor\u00e1nea en Universidad de Haifa\",\"datePublished\":\"2012-03-20T00:00:00+00:00\",\"dateModified\":\"2012-03-20T18:18:19+00:00\",\"mainEntityOfPage\":{\"@id\":\"https:\/\/www.pressenza.com\/es\/2012\/03\/seminario-sobre-espiritualidad-contemporanea-en-universidad-de-haifa\/\"},\"wordCount\":696,\"publisher\":{\"@id\":\"https:\/\/www.pressenza.com\/es\/#organization\"},\"articleSection\":[\"Cultura y Medios\",\"Internacional\",\"Medio Oriente\"],\"inLanguage\":\"es\"},{\"@type\":\"WebPage\",\"@id\":\"https:\/\/www.pressenza.com\/es\/2012\/03\/seminario-sobre-espiritualidad-contemporanea-en-universidad-de-haifa\/\",\"url\":\"https:\/\/www.pressenza.com\/es\/2012\/03\/seminario-sobre-espiritualidad-contemporanea-en-universidad-de-haifa\/\",\"name\":\"Seminario sobre espiritualidad contempor\u00e1nea en Universidad de Haifa\",\"isPartOf\":{\"@id\":\"https:\/\/www.pressenza.com\/es\/#website\"},\"datePublished\":\"2012-03-20T00:00:00+00:00\",\"dateModified\":\"2012-03-20T18:18:19+00:00\",\"description\":\"Durante la visita a Israel de amigos de Europa y Latinoam\u00e9rica para difundir el Mensaje de Silo y el Humanismo Universalista, tuvimos la oportunidad de asistir a la Cuarta Conferencia para el Estudio de la Espiritualidad Contempor\u00e1nea (ICSCS) en la Universidad de Haifa. Fuimos invitados por la directora del departamento de educaci\u00f3n Ofra Mayseless.\",\"breadcrumb\":{\"@id\":\"https:\/\/www.pressenza.com\/es\/2012\/03\/seminario-sobre-espiritualidad-contemporanea-en-universidad-de-haifa\/#breadcrumb\"},\"inLanguage\":\"es\",\"potentialAction\":[{\"@type\":\"ReadAction\",\"target\":[\"https:\/\/www.pressenza.com\/es\/2012\/03\/seminario-sobre-espiritualidad-contemporanea-en-universidad-de-haifa\/\"]}]},{\"@type\":\"BreadcrumbList\",\"@id\":\"https:\/\/www.pressenza.com\/es\/2012\/03\/seminario-sobre-espiritualidad-contemporanea-en-universidad-de-haifa\/#breadcrumb\",\"itemListElement\":[{\"@type\":\"ListItem\",\"position\":1,\"name\":\"Accueil\",\"item\":\"https:\/\/www.pressenza.com\/es\/\"},{\"@type\":\"ListItem\",\"position\":2,\"name\":\"Seminario sobre espiritualidad contempor\u00e1nea en Universidad de Haifa\"}]},{\"@type\":\"WebSite\",\"@id\":\"https:\/\/www.pressenza.com\/es\/#website\",\"url\":\"https:\/\/www.pressenza.com\/es\/\",\"name\":\"Pressenza\",\"description\":\"International Press Agency\",\"publisher\":{\"@id\":\"https:\/\/www.pressenza.com\/es\/#organization\"},\"potentialAction\":[{\"@type\":\"SearchAction\",\"target\":{\"@type\":\"EntryPoint\",\"urlTemplate\":\"https:\/\/www.pressenza.com\/es\/?s={search_term_string}\"},\"query-input\":{\"@type\":\"PropertyValueSpecification\",\"valueRequired\":true,\"valueName\":\"search_term_string\"}}],\"inLanguage\":\"es\"},{\"@type\":\"Organization\",\"@id\":\"https:\/\/www.pressenza.com\/es\/#organization\",\"name\":\"Pressenza\",\"url\":\"https:\/\/www.pressenza.com\/es\/\",\"logo\":{\"@type\":\"ImageObject\",\"inLanguage\":\"es\",\"@id\":\"https:\/\/www.pressenza.com\/es\/#\/schema\/logo\/image\/\",\"url\":\"https:\/\/www.pressenza.com\/wp-content\/uploads\/2022\/10\/pressenza_logo_200x200.jpg\",\"contentUrl\":\"https:\/\/www.pressenza.com\/wp-content\/uploads\/2022\/10\/pressenza_logo_200x200.jpg\",\"width\":200,\"height\":200,\"caption\":\"Pressenza\"},\"image\":{\"@id\":\"https:\/\/www.pressenza.com\/es\/#\/schema\/logo\/image\/\"},\"sameAs\":[\"https:\/\/www.facebook.com\/PressenzaItalia\",\"https:\/\/x.com\/PressenzaIPA\"]},{\"@type\":\"Person\",\"@id\":\"https:\/\/www.pressenza.com\/es\/#\/schema\/person\/013a6f4184d7d6b40c45d8c010f9cc98\",\"name\":\"Dario Ergas\",\"description\":\"Author and researcher from Punta de Vacas Park of Study and Reflection. Participates in communities of Silo's Message. www.darioergas.org\",\"url\":\"https:\/\/www.pressenza.com\/es\/author\/dario-ergas\/\"}]}<\/script>\n<!-- \/ Yoast SEO plugin. -->","yoast_head_json":{"title":"Seminario sobre espiritualidad contempor\u00e1nea en Universidad de Haifa","description":"Durante la visita a Israel de amigos de Europa y Latinoam\u00e9rica para difundir el Mensaje de Silo y el Humanismo Universalista, tuvimos la oportunidad de asistir a la Cuarta Conferencia para el Estudio de la Espiritualidad Contempor\u00e1nea (ICSCS) en la Universidad de Haifa. Fuimos invitados por la directora del departamento de educaci\u00f3n Ofra Mayseless.","robots":{"index":"index","follow":"follow","max-snippet":"max-snippet:-1","max-image-preview":"max-image-preview:large","max-video-preview":"max-video-preview:-1"},"canonical":"https:\/\/www.pressenza.com\/es\/2012\/03\/seminario-sobre-espiritualidad-contemporanea-en-universidad-de-haifa\/","og_locale":"es_ES","og_type":"article","og_title":"Seminario sobre espiritualidad contempor\u00e1nea en Universidad de Haifa","og_description":"Durante la visita a Israel de amigos de Europa y Latinoam\u00e9rica para difundir el Mensaje de Silo y el Humanismo Universalista, tuvimos la oportunidad de asistir a la Cuarta Conferencia para el Estudio de la Espiritualidad Contempor\u00e1nea (ICSCS) en la Universidad de Haifa. Fuimos invitados por la directora del departamento de educaci\u00f3n Ofra Mayseless.","og_url":"https:\/\/www.pressenza.com\/es\/2012\/03\/seminario-sobre-espiritualidad-contemporanea-en-universidad-de-haifa\/","og_site_name":"Pressenza","article_publisher":"https:\/\/www.facebook.com\/PressenzaItalia","article_published_time":"2012-03-20T00:00:00+00:00","article_modified_time":"2012-03-20T18:18:19+00:00","author":"Dario Ergas","twitter_card":"summary_large_image","twitter_creator":"@PressenzaIPA","twitter_site":"@PressenzaIPA","twitter_misc":{"Escrito por":"Dario Ergas","Tiempo de lectura":"3 minutos"},"schema":{"@context":"https:\/\/schema.org","@graph":[{"@type":"Article","@id":"https:\/\/www.pressenza.com\/es\/2012\/03\/seminario-sobre-espiritualidad-contemporanea-en-universidad-de-haifa\/#article","isPartOf":{"@id":"https:\/\/www.pressenza.com\/es\/2012\/03\/seminario-sobre-espiritualidad-contemporanea-en-universidad-de-haifa\/"},"author":{"name":"Dario Ergas","@id":"https:\/\/www.pressenza.com\/es\/#\/schema\/person\/013a6f4184d7d6b40c45d8c010f9cc98"},"headline":"Seminario sobre espiritualidad contempor\u00e1nea en Universidad de Haifa","datePublished":"2012-03-20T00:00:00+00:00","dateModified":"2012-03-20T18:18:19+00:00","mainEntityOfPage":{"@id":"https:\/\/www.pressenza.com\/es\/2012\/03\/seminario-sobre-espiritualidad-contemporanea-en-universidad-de-haifa\/"},"wordCount":696,"publisher":{"@id":"https:\/\/www.pressenza.com\/es\/#organization"},"articleSection":["Cultura y Medios","Internacional","Medio Oriente"],"inLanguage":"es"},{"@type":"WebPage","@id":"https:\/\/www.pressenza.com\/es\/2012\/03\/seminario-sobre-espiritualidad-contemporanea-en-universidad-de-haifa\/","url":"https:\/\/www.pressenza.com\/es\/2012\/03\/seminario-sobre-espiritualidad-contemporanea-en-universidad-de-haifa\/","name":"Seminario sobre espiritualidad contempor\u00e1nea en Universidad de Haifa","isPartOf":{"@id":"https:\/\/www.pressenza.com\/es\/#website"},"datePublished":"2012-03-20T00:00:00+00:00","dateModified":"2012-03-20T18:18:19+00:00","description":"Durante la visita a Israel de amigos de Europa y Latinoam\u00e9rica para difundir el Mensaje de Silo y el Humanismo Universalista, tuvimos la oportunidad de asistir a la Cuarta Conferencia para el Estudio de la Espiritualidad Contempor\u00e1nea (ICSCS) en la Universidad de Haifa. Fuimos invitados por la directora del departamento de educaci\u00f3n Ofra Mayseless.","breadcrumb":{"@id":"https:\/\/www.pressenza.com\/es\/2012\/03\/seminario-sobre-espiritualidad-contemporanea-en-universidad-de-haifa\/#breadcrumb"},"inLanguage":"es","potentialAction":[{"@type":"ReadAction","target":["https:\/\/www.pressenza.com\/es\/2012\/03\/seminario-sobre-espiritualidad-contemporanea-en-universidad-de-haifa\/"]}]},{"@type":"BreadcrumbList","@id":"https:\/\/www.pressenza.com\/es\/2012\/03\/seminario-sobre-espiritualidad-contemporanea-en-universidad-de-haifa\/#breadcrumb","itemListElement":[{"@type":"ListItem","position":1,"name":"Accueil","item":"https:\/\/www.pressenza.com\/es\/"},{"@type":"ListItem","position":2,"name":"Seminario sobre espiritualidad contempor\u00e1nea en Universidad de Haifa"}]},{"@type":"WebSite","@id":"https:\/\/www.pressenza.com\/es\/#website","url":"https:\/\/www.pressenza.com\/es\/","name":"Pressenza","description":"International Press Agency","publisher":{"@id":"https:\/\/www.pressenza.com\/es\/#organization"},"potentialAction":[{"@type":"SearchAction","target":{"@type":"EntryPoint","urlTemplate":"https:\/\/www.pressenza.com\/es\/?s={search_term_string}"},"query-input":{"@type":"PropertyValueSpecification","valueRequired":true,"valueName":"search_term_string"}}],"inLanguage":"es"},{"@type":"Organization","@id":"https:\/\/www.pressenza.com\/es\/#organization","name":"Pressenza","url":"https:\/\/www.pressenza.com\/es\/","logo":{"@type":"ImageObject","inLanguage":"es","@id":"https:\/\/www.pressenza.com\/es\/#\/schema\/logo\/image\/","url":"https:\/\/www.pressenza.com\/wp-content\/uploads\/2022\/10\/pressenza_logo_200x200.jpg","contentUrl":"https:\/\/www.pressenza.com\/wp-content\/uploads\/2022\/10\/pressenza_logo_200x200.jpg","width":200,"height":200,"caption":"Pressenza"},"image":{"@id":"https:\/\/www.pressenza.com\/es\/#\/schema\/logo\/image\/"},"sameAs":["https:\/\/www.facebook.com\/PressenzaItalia","https:\/\/x.com\/PressenzaIPA"]},{"@type":"Person","@id":"https:\/\/www.pressenza.com\/es\/#\/schema\/person\/013a6f4184d7d6b40c45d8c010f9cc98","name":"Dario Ergas","description":"Author and researcher from Punta de Vacas Park of Study and Reflection. Participates in communities of Silo's Message. www.darioergas.org","url":"https:\/\/www.pressenza.com\/es\/author\/dario-ergas\/"}]}},"place":"Jerusalem","original_article_url":"","_links":{"self":[{"href":"https:\/\/www.pressenza.com\/es\/wp-json\/wp\/v2\/posts\/8535","targetHints":{"allow":["GET"]}}],"collection":[{"href":"https:\/\/www.pressenza.com\/es\/wp-json\/wp\/v2\/posts"}],"about":[{"href":"https:\/\/www.pressenza.com\/es\/wp-json\/wp\/v2\/types\/post"}],"author":[{"embeddable":true,"href":"https:\/\/www.pressenza.com\/es\/wp-json\/wp\/v2\/users\/158"}],"replies":[{"embeddable":true,"href":"https:\/\/www.pressenza.com\/es\/wp-json\/wp\/v2\/comments?post=8535"}],"version-history":[{"count":0,"href":"https:\/\/www.pressenza.com\/es\/wp-json\/wp\/v2\/posts\/8535\/revisions"}],"wp:attachment":[{"href":"https:\/\/www.pressenza.com\/es\/wp-json\/wp\/v2\/media?parent=8535"}],"wp:term":[{"taxonomy":"category","embeddable":true,"href":"https:\/\/www.pressenza.com\/es\/wp-json\/wp\/v2\/categories?post=8535"},{"taxonomy":"post_tag","embeddable":true,"href":"https:\/\/www.pressenza.com\/es\/wp-json\/wp\/v2\/tags?post=8535"}],"curies":[{"name":"wp","href":"https:\/\/api.w.org\/{rel}","templated":true}]}}