{"id":853249,"date":"2019-05-09T19:54:49","date_gmt":"2019-05-09T18:54:49","guid":{"rendered":"https:\/\/www.pressenza.com\/?p=853249"},"modified":"2019-05-09T19:54:49","modified_gmt":"2019-05-09T18:54:49","slug":"la-copehu-lanza-guia-para-la-paz-y-la-noviolencia-desde-una-metodologia-experiencial","status":"publish","type":"post","link":"https:\/\/www.pressenza.com\/es\/2019\/05\/la-copehu-lanza-guia-para-la-paz-y-la-noviolencia-desde-una-metodologia-experiencial\/","title":{"rendered":"La COPEHU lanza Gu\u00eda para la paz y la noviolencia desde una metodolog\u00eda experiencial"},"content":{"rendered":"<p>El pasado 2 de mayo en la ciudad de Mendoza, Argentina, la Corriente Pedag\u00f3gica Humanista Universalista \u2013 COPEHU, junto con la IES de Formaci\u00f3n Docente \u201cTomas Godoy Cruz\u201d, organizaron la presentaci\u00f3n &#8211; taller del libro <em>Gu\u00eda para la paz y la noviolencia, desde la metodolog\u00eda experiencial, <\/em>escrita por los educadores humanistas Jaqueline Mera, Roc\u00edo Vila y Stefano Colonna, miembros impulsores de la COPEHU Per\u00fa. La publicaci\u00f3n prologada por la representante de Unesco en Per\u00fa est\u00e1 dirigida a comunidades de aprendizaje, formales y no formales, que buscan construir \u00e1mbitos donde se habiliten la experiencia de la paz y la noviolencia para que se instalen como estilo de vida.<\/p>\n<p>El material se basa en un trabajo de campo de seis a\u00f1os realizado en diversas escuelas p\u00fablicas de Lima por el equipo de la COPEHU Per\u00fa. Esta gu\u00eda de trabajo est\u00e1 planteada para educadores y estudiantes de todos los niveles de la educaci\u00f3n b\u00e1sica regular y consta de 11 encuentros experienciales (vivenciales). Los temas abordados contemplan pr\u00e1cticas de relajaci\u00f3n, contacto con la fuerza interna, el enfoque de las virtudes, la reconciliaci\u00f3n interna, la experiencia de paz, la afectividad, la vocaci\u00f3n, los personajes de la noviolencia, entre otros.<\/p>\n<p>Actualmente la gu\u00eda se encuentra en preventa. Para m\u00e1s informaci\u00f3n contactarse por correo electr\u00f3nico a <a href=\"mailto:copehu.peru@gmail.com\">copehu.peru@gmail.com<\/a> o al fan page de <a href=\"http:\/\/www.facebook.com\/CopehuPeru\/\">www.facebook.com\/CopehuPeru\/<\/a><\/p>\n<p><em>Fotograf\u00edas por Maribel Nu\u00f1ez:<\/em><\/p>\n<div class=\"post-gallery\">\n\t\t\t<figure class=\"post-gallery-item\">\n\t\t\t\t<img decoding=\"async\" src=\"https:\/\/www.pressenza.com\/wp-content\/uploads\/2019\/05\/58790284_10216322946698940_5287999675121532928_o-720x404.jpg\" loading=\"lazy\">\n\t\t\t\t<figcaption>\n\t\t\t\t\t\n\t\t\t\t<\/figcaption>\n\t\t\t<\/figure>\n\t\t\t<figure class=\"post-gallery-item\">\n\t\t\t\t<img decoding=\"async\" src=\"https:\/\/www.pressenza.com\/wp-content\/uploads\/2019\/05\/59079083_10216322970219528_2439847724015681536_o-720x404.jpg\" loading=\"lazy\">\n\t\t\t\t<figcaption>\n\t\t\t\t\t\n\t\t\t\t<\/figcaption>\n\t\t\t<\/figure>\n\t\t\t<figure class=\"post-gallery-item\">\n\t\t\t\t<img decoding=\"async\" src=\"https:\/\/www.pressenza.com\/wp-content\/uploads\/2019\/05\/59138338_10216322994820143_7217458254756970496_o-720x404.jpg\" loading=\"lazy\">\n\t\t\t\t<figcaption>\n\t\t\t\t\t\n\t\t\t\t<\/figcaption>\n\t\t\t<\/figure>\n\t\t\t<figure class=\"post-gallery-item\">\n\t\t\t\t<img decoding=\"async\" src=\"https:\/\/www.pressenza.com\/wp-content\/uploads\/2019\/05\/59285407_10216322967579462_8202892136652210176_o-720x404.jpg\" loading=\"lazy\">\n\t\t\t\t<figcaption>\n\t\t\t\t\t\n\t\t\t\t<\/figcaption>\n\t\t\t<\/figure>\n\t\t\t<figure class=\"post-gallery-item\">\n\t\t\t\t<img decoding=\"async\" src=\"https:\/\/www.pressenza.com\/wp-content\/uploads\/2019\/05\/59295097_10216322945178902_6348191899504869376_o-720x404.jpg\" loading=\"lazy\">\n\t\t\t\t<figcaption>\n\t\t\t\t\t\n\t\t\t\t<\/figcaption>\n\t\t\t<\/figure>\n\t\t\t<figure class=\"post-gallery-item\">\n\t\t\t\t<img decoding=\"async\" src=\"https:\/\/www.pressenza.com\/wp-content\/uploads\/2019\/05\/59339767_10216322969139501_8455892085780774912_o-720x404.jpg\" loading=\"lazy\">\n\t\t\t\t<figcaption>\n\t\t\t\t\t\n\t\t\t\t<\/figcaption>\n\t\t\t<\/figure>\n\t\t\t<figure class=\"post-gallery-item\">\n\t\t\t\t<img decoding=\"async\" src=\"https:\/\/www.pressenza.com\/wp-content\/uploads\/2019\/05\/59345372_10216322968419483_4530790442551214080_o-720x404.jpg\" loading=\"lazy\">\n\t\t\t\t<figcaption>\n\t\t\t\t\t\n\t\t\t\t<\/figcaption>\n\t\t\t<\/figure>\n\t\t\t<figure class=\"post-gallery-item\">\n\t\t\t\t<img decoding=\"async\" src=\"https:\/\/www.pressenza.com\/wp-content\/uploads\/2019\/05\/59439704_10216323098982747_2818822001693556736_o.jpg\" loading=\"lazy\">\n\t\t\t\t<figcaption>\n\t\t\t\t\t\n\t\t\t\t<\/figcaption>\n\t\t\t<\/figure>\n\t\t\t<figure class=\"post-gallery-item\">\n\t\t\t\t<img decoding=\"async\" src=\"https:\/\/www.pressenza.com\/wp-content\/uploads\/2019\/05\/59463175_10216322947978972_7514252129976975360_o-720x404.jpg\" loading=\"lazy\">\n\t\t\t\t<figcaption>\n\t\t\t\t\t\n\t\t\t\t<\/figcaption>\n\t\t\t<\/figure>\n\t\t\t<figure class=\"post-gallery-item\">\n\t\t\t\t<img decoding=\"async\" src=\"https:\/\/www.pressenza.com\/wp-content\/uploads\/2019\/05\/59533110_10216322986579937_2761414880404701184_o-720x404.jpg\" loading=\"lazy\">\n\t\t\t\t<figcaption>\n\t\t\t\t\t\n\t\t\t\t<\/figcaption>\n\t\t\t<\/figure><\/div>\n","protected":false},"excerpt":{"rendered":"<p>El pasado 2 de mayo en la ciudad de Mendoza, Argentina, la Corriente Pedag\u00f3gica Humanista Universalista \u2013 COPEHU, junto con la IES de Formaci\u00f3n Docente \u201cTomas Godoy Cruz\u201d, organizaron la presentaci\u00f3n &#8211; taller del libro Gu\u00eda para la paz y&hellip;<\/p>\n","protected":false},"author":1046,"featured_media":853250,"comment_status":"closed","ping_status":"closed","sticky":false,"template":"","format":"standard","meta":{"footnotes":""},"categories":[11389,1230,1242,67],"tags":[1428,393,58554,383],"class_list":["post-853249","post","type-post","status-publish","format-standard","has-post-thumbnail","hentry","category-contenido-original","category-educacion-tema","category-noviolencia-tema","category-sudamerica","tag-copehu","tag-educacion","tag-guia-para-la-paz-y-la-noviolencia","tag-noviolencia"],"yoast_head":"<!-- This site is optimized with the Yoast SEO plugin v27.1.1 - https:\/\/yoast.com\/product\/yoast-seo-wordpress\/ -->\n<title>La COPEHU lanza Gu\u00eda para la paz y la noviolencia desde una metodolog\u00eda experiencial<\/title>\n<meta name=\"description\" content=\"El pasado 2 de mayo en la ciudad de Mendoza, Argentina, la Corriente Pedag\u00f3gica Humanista Universalista \u2013 COPEHU, junto con la IES de Formaci\u00f3n Docente\" \/>\n<meta name=\"robots\" content=\"index, follow, max-snippet:-1, max-image-preview:large, max-video-preview:-1\" \/>\n<link rel=\"canonical\" href=\"https:\/\/www.pressenza.com\/es\/2019\/05\/la-copehu-lanza-guia-para-la-paz-y-la-noviolencia-desde-una-metodologia-experiencial\/\" \/>\n<meta property=\"og:locale\" content=\"es_ES\" \/>\n<meta property=\"og:type\" content=\"article\" \/>\n<meta property=\"og:title\" content=\"La COPEHU lanza Gu\u00eda para la paz y la noviolencia desde una metodolog\u00eda experiencial\" \/>\n<meta property=\"og:description\" content=\"El pasado 2 de mayo en la ciudad de Mendoza, Argentina, la Corriente Pedag\u00f3gica Humanista Universalista \u2013 COPEHU, junto con la IES de Formaci\u00f3n Docente\" \/>\n<meta property=\"og:url\" content=\"https:\/\/www.pressenza.com\/es\/2019\/05\/la-copehu-lanza-guia-para-la-paz-y-la-noviolencia-desde-una-metodologia-experiencial\/\" \/>\n<meta property=\"og:site_name\" content=\"Pressenza\" \/>\n<meta property=\"article:publisher\" content=\"https:\/\/www.facebook.com\/PressenzaItalia\" \/>\n<meta property=\"article:author\" content=\"https:\/\/www.facebook.com\/Copehu\/\" \/>\n<meta property=\"article:published_time\" content=\"2019-05-09T18:54:49+00:00\" \/>\n<meta property=\"og:image\" content=\"https:\/\/www.pressenza.com\/wp-content\/uploads\/2019\/05\/59285371_10216322994300130_4297022888822702080_o.jpg\" \/>\n\t<meta property=\"og:image:width\" content=\"800\" \/>\n\t<meta property=\"og:image:height\" content=\"449\" \/>\n\t<meta property=\"og:image:type\" content=\"image\/jpeg\" \/>\n<meta name=\"author\" content=\"COPEHU\" \/>\n<meta name=\"twitter:card\" content=\"summary_large_image\" \/>\n<meta name=\"twitter:creator\" content=\"@COPEHU1\" \/>\n<meta name=\"twitter:site\" content=\"@PressenzaIPA\" \/>\n<meta name=\"twitter:label1\" content=\"Escrito por\" \/>\n\t<meta name=\"twitter:data1\" content=\"COPEHU\" \/>\n\t<meta name=\"twitter:label2\" content=\"Tiempo de lectura\" \/>\n\t<meta name=\"twitter:data2\" content=\"1 minuto\" \/>\n<script type=\"application\/ld+json\" class=\"yoast-schema-graph\">{\"@context\":\"https:\/\/schema.org\",\"@graph\":[{\"@type\":\"Article\",\"@id\":\"https:\/\/www.pressenza.com\/es\/2019\/05\/la-copehu-lanza-guia-para-la-paz-y-la-noviolencia-desde-una-metodologia-experiencial\/#article\",\"isPartOf\":{\"@id\":\"https:\/\/www.pressenza.com\/es\/2019\/05\/la-copehu-lanza-guia-para-la-paz-y-la-noviolencia-desde-una-metodologia-experiencial\/\"},\"author\":{\"name\":\"COPEHU\",\"@id\":\"https:\/\/www.pressenza.com\/es\/#\/schema\/person\/385bea3cd2facc332ff1bd91c50d777a\"},\"headline\":\"La COPEHU lanza Gu\u00eda para la paz y la noviolencia desde una metodolog\u00eda experiencial\",\"datePublished\":\"2019-05-09T18:54:49+00:00\",\"mainEntityOfPage\":{\"@id\":\"https:\/\/www.pressenza.com\/es\/2019\/05\/la-copehu-lanza-guia-para-la-paz-y-la-noviolencia-desde-una-metodologia-experiencial\/\"},\"wordCount\":268,\"publisher\":{\"@id\":\"https:\/\/www.pressenza.com\/es\/#organization\"},\"image\":{\"@id\":\"https:\/\/www.pressenza.com\/es\/2019\/05\/la-copehu-lanza-guia-para-la-paz-y-la-noviolencia-desde-una-metodologia-experiencial\/#primaryimage\"},\"thumbnailUrl\":\"https:\/\/www.pressenza.com\/wp-content\/uploads\/2019\/05\/59285371_10216322994300130_4297022888822702080_o.jpg\",\"keywords\":[\"COPEHU\",\"Educaci\u00f3n\",\"Gu\u00eda para la paz y la noviolencia\",\"Noviolencia\"],\"articleSection\":[\"Contenido Original\",\"Educaci\u00f3n\",\"Noviolencia\",\"Sudam\u00e9rica\"],\"inLanguage\":\"es\"},{\"@type\":\"WebPage\",\"@id\":\"https:\/\/www.pressenza.com\/es\/2019\/05\/la-copehu-lanza-guia-para-la-paz-y-la-noviolencia-desde-una-metodologia-experiencial\/\",\"url\":\"https:\/\/www.pressenza.com\/es\/2019\/05\/la-copehu-lanza-guia-para-la-paz-y-la-noviolencia-desde-una-metodologia-experiencial\/\",\"name\":\"La COPEHU lanza Gu\u00eda para la paz y la noviolencia desde una metodolog\u00eda experiencial\",\"isPartOf\":{\"@id\":\"https:\/\/www.pressenza.com\/es\/#website\"},\"primaryImageOfPage\":{\"@id\":\"https:\/\/www.pressenza.com\/es\/2019\/05\/la-copehu-lanza-guia-para-la-paz-y-la-noviolencia-desde-una-metodologia-experiencial\/#primaryimage\"},\"image\":{\"@id\":\"https:\/\/www.pressenza.com\/es\/2019\/05\/la-copehu-lanza-guia-para-la-paz-y-la-noviolencia-desde-una-metodologia-experiencial\/#primaryimage\"},\"thumbnailUrl\":\"https:\/\/www.pressenza.com\/wp-content\/uploads\/2019\/05\/59285371_10216322994300130_4297022888822702080_o.jpg\",\"datePublished\":\"2019-05-09T18:54:49+00:00\",\"description\":\"El pasado 2 de mayo en la ciudad de Mendoza, Argentina, la Corriente Pedag\u00f3gica Humanista Universalista \u2013 COPEHU, junto con la IES de Formaci\u00f3n Docente\",\"breadcrumb\":{\"@id\":\"https:\/\/www.pressenza.com\/es\/2019\/05\/la-copehu-lanza-guia-para-la-paz-y-la-noviolencia-desde-una-metodologia-experiencial\/#breadcrumb\"},\"inLanguage\":\"es\",\"potentialAction\":[{\"@type\":\"ReadAction\",\"target\":[\"https:\/\/www.pressenza.com\/es\/2019\/05\/la-copehu-lanza-guia-para-la-paz-y-la-noviolencia-desde-una-metodologia-experiencial\/\"]}]},{\"@type\":\"ImageObject\",\"inLanguage\":\"es\",\"@id\":\"https:\/\/www.pressenza.com\/es\/2019\/05\/la-copehu-lanza-guia-para-la-paz-y-la-noviolencia-desde-una-metodologia-experiencial\/#primaryimage\",\"url\":\"https:\/\/www.pressenza.com\/wp-content\/uploads\/2019\/05\/59285371_10216322994300130_4297022888822702080_o.jpg\",\"contentUrl\":\"https:\/\/www.pressenza.com\/wp-content\/uploads\/2019\/05\/59285371_10216322994300130_4297022888822702080_o.jpg\",\"width\":800,\"height\":449},{\"@type\":\"BreadcrumbList\",\"@id\":\"https:\/\/www.pressenza.com\/es\/2019\/05\/la-copehu-lanza-guia-para-la-paz-y-la-noviolencia-desde-una-metodologia-experiencial\/#breadcrumb\",\"itemListElement\":[{\"@type\":\"ListItem\",\"position\":1,\"name\":\"Accueil\",\"item\":\"https:\/\/www.pressenza.com\/es\/\"},{\"@type\":\"ListItem\",\"position\":2,\"name\":\"La COPEHU lanza Gu\u00eda para la paz y la noviolencia desde una metodolog\u00eda experiencial\"}]},{\"@type\":\"WebSite\",\"@id\":\"https:\/\/www.pressenza.com\/es\/#website\",\"url\":\"https:\/\/www.pressenza.com\/es\/\",\"name\":\"Pressenza\",\"description\":\"International Press Agency\",\"publisher\":{\"@id\":\"https:\/\/www.pressenza.com\/es\/#organization\"},\"potentialAction\":[{\"@type\":\"SearchAction\",\"target\":{\"@type\":\"EntryPoint\",\"urlTemplate\":\"https:\/\/www.pressenza.com\/es\/?s={search_term_string}\"},\"query-input\":{\"@type\":\"PropertyValueSpecification\",\"valueRequired\":true,\"valueName\":\"search_term_string\"}}],\"inLanguage\":\"es\"},{\"@type\":\"Organization\",\"@id\":\"https:\/\/www.pressenza.com\/es\/#organization\",\"name\":\"Pressenza\",\"url\":\"https:\/\/www.pressenza.com\/es\/\",\"logo\":{\"@type\":\"ImageObject\",\"inLanguage\":\"es\",\"@id\":\"https:\/\/www.pressenza.com\/es\/#\/schema\/logo\/image\/\",\"url\":\"https:\/\/www.pressenza.com\/wp-content\/uploads\/2022\/10\/pressenza_logo_200x200.jpg\",\"contentUrl\":\"https:\/\/www.pressenza.com\/wp-content\/uploads\/2022\/10\/pressenza_logo_200x200.jpg\",\"width\":200,\"height\":200,\"caption\":\"Pressenza\"},\"image\":{\"@id\":\"https:\/\/www.pressenza.com\/es\/#\/schema\/logo\/image\/\"},\"sameAs\":[\"https:\/\/www.facebook.com\/PressenzaItalia\",\"https:\/\/x.com\/PressenzaIPA\"]},{\"@type\":\"Person\",\"@id\":\"https:\/\/www.pressenza.com\/es\/#\/schema\/person\/385bea3cd2facc332ff1bd91c50d777a\",\"name\":\"COPEHU\",\"description\":\"Corriente Pedagogica Humanista Universalista - Courant Pedagogique Humaniste Universaliste - Corrente Pedagogica Umanista Universalista - Universalist Humanist Pedagogical Current www.copehu.net\",\"sameAs\":[\"https:\/\/www.copehu.org\/\",\"https:\/\/www.facebook.com\/Copehu\/\",\"https:\/\/x.com\/COPEHU1\"],\"url\":\"https:\/\/www.pressenza.com\/es\/author\/copehu\/\"}]}<\/script>\n<!-- \/ Yoast SEO plugin. -->","yoast_head_json":{"title":"La COPEHU lanza Gu\u00eda para la paz y la noviolencia desde una metodolog\u00eda experiencial","description":"El pasado 2 de mayo en la ciudad de Mendoza, Argentina, la Corriente Pedag\u00f3gica Humanista Universalista \u2013 COPEHU, junto con la IES de Formaci\u00f3n Docente","robots":{"index":"index","follow":"follow","max-snippet":"max-snippet:-1","max-image-preview":"max-image-preview:large","max-video-preview":"max-video-preview:-1"},"canonical":"https:\/\/www.pressenza.com\/es\/2019\/05\/la-copehu-lanza-guia-para-la-paz-y-la-noviolencia-desde-una-metodologia-experiencial\/","og_locale":"es_ES","og_type":"article","og_title":"La COPEHU lanza Gu\u00eda para la paz y la noviolencia desde una metodolog\u00eda experiencial","og_description":"El pasado 2 de mayo en la ciudad de Mendoza, Argentina, la Corriente Pedag\u00f3gica Humanista Universalista \u2013 COPEHU, junto con la IES de Formaci\u00f3n Docente","og_url":"https:\/\/www.pressenza.com\/es\/2019\/05\/la-copehu-lanza-guia-para-la-paz-y-la-noviolencia-desde-una-metodologia-experiencial\/","og_site_name":"Pressenza","article_publisher":"https:\/\/www.facebook.com\/PressenzaItalia","article_author":"https:\/\/www.facebook.com\/Copehu\/","article_published_time":"2019-05-09T18:54:49+00:00","og_image":[{"width":800,"height":449,"url":"https:\/\/www.pressenza.com\/wp-content\/uploads\/2019\/05\/59285371_10216322994300130_4297022888822702080_o.jpg","type":"image\/jpeg"}],"author":"COPEHU","twitter_card":"summary_large_image","twitter_creator":"@COPEHU1","twitter_site":"@PressenzaIPA","twitter_misc":{"Escrito por":"COPEHU","Tiempo de lectura":"1 minuto"},"schema":{"@context":"https:\/\/schema.org","@graph":[{"@type":"Article","@id":"https:\/\/www.pressenza.com\/es\/2019\/05\/la-copehu-lanza-guia-para-la-paz-y-la-noviolencia-desde-una-metodologia-experiencial\/#article","isPartOf":{"@id":"https:\/\/www.pressenza.com\/es\/2019\/05\/la-copehu-lanza-guia-para-la-paz-y-la-noviolencia-desde-una-metodologia-experiencial\/"},"author":{"name":"COPEHU","@id":"https:\/\/www.pressenza.com\/es\/#\/schema\/person\/385bea3cd2facc332ff1bd91c50d777a"},"headline":"La COPEHU lanza Gu\u00eda para la paz y la noviolencia desde una metodolog\u00eda experiencial","datePublished":"2019-05-09T18:54:49+00:00","mainEntityOfPage":{"@id":"https:\/\/www.pressenza.com\/es\/2019\/05\/la-copehu-lanza-guia-para-la-paz-y-la-noviolencia-desde-una-metodologia-experiencial\/"},"wordCount":268,"publisher":{"@id":"https:\/\/www.pressenza.com\/es\/#organization"},"image":{"@id":"https:\/\/www.pressenza.com\/es\/2019\/05\/la-copehu-lanza-guia-para-la-paz-y-la-noviolencia-desde-una-metodologia-experiencial\/#primaryimage"},"thumbnailUrl":"https:\/\/www.pressenza.com\/wp-content\/uploads\/2019\/05\/59285371_10216322994300130_4297022888822702080_o.jpg","keywords":["COPEHU","Educaci\u00f3n","Gu\u00eda para la paz y la noviolencia","Noviolencia"],"articleSection":["Contenido Original","Educaci\u00f3n","Noviolencia","Sudam\u00e9rica"],"inLanguage":"es"},{"@type":"WebPage","@id":"https:\/\/www.pressenza.com\/es\/2019\/05\/la-copehu-lanza-guia-para-la-paz-y-la-noviolencia-desde-una-metodologia-experiencial\/","url":"https:\/\/www.pressenza.com\/es\/2019\/05\/la-copehu-lanza-guia-para-la-paz-y-la-noviolencia-desde-una-metodologia-experiencial\/","name":"La COPEHU lanza Gu\u00eda para la paz y la noviolencia desde una metodolog\u00eda experiencial","isPartOf":{"@id":"https:\/\/www.pressenza.com\/es\/#website"},"primaryImageOfPage":{"@id":"https:\/\/www.pressenza.com\/es\/2019\/05\/la-copehu-lanza-guia-para-la-paz-y-la-noviolencia-desde-una-metodologia-experiencial\/#primaryimage"},"image":{"@id":"https:\/\/www.pressenza.com\/es\/2019\/05\/la-copehu-lanza-guia-para-la-paz-y-la-noviolencia-desde-una-metodologia-experiencial\/#primaryimage"},"thumbnailUrl":"https:\/\/www.pressenza.com\/wp-content\/uploads\/2019\/05\/59285371_10216322994300130_4297022888822702080_o.jpg","datePublished":"2019-05-09T18:54:49+00:00","description":"El pasado 2 de mayo en la ciudad de Mendoza, Argentina, la Corriente Pedag\u00f3gica Humanista Universalista \u2013 COPEHU, junto con la IES de Formaci\u00f3n Docente","breadcrumb":{"@id":"https:\/\/www.pressenza.com\/es\/2019\/05\/la-copehu-lanza-guia-para-la-paz-y-la-noviolencia-desde-una-metodologia-experiencial\/#breadcrumb"},"inLanguage":"es","potentialAction":[{"@type":"ReadAction","target":["https:\/\/www.pressenza.com\/es\/2019\/05\/la-copehu-lanza-guia-para-la-paz-y-la-noviolencia-desde-una-metodologia-experiencial\/"]}]},{"@type":"ImageObject","inLanguage":"es","@id":"https:\/\/www.pressenza.com\/es\/2019\/05\/la-copehu-lanza-guia-para-la-paz-y-la-noviolencia-desde-una-metodologia-experiencial\/#primaryimage","url":"https:\/\/www.pressenza.com\/wp-content\/uploads\/2019\/05\/59285371_10216322994300130_4297022888822702080_o.jpg","contentUrl":"https:\/\/www.pressenza.com\/wp-content\/uploads\/2019\/05\/59285371_10216322994300130_4297022888822702080_o.jpg","width":800,"height":449},{"@type":"BreadcrumbList","@id":"https:\/\/www.pressenza.com\/es\/2019\/05\/la-copehu-lanza-guia-para-la-paz-y-la-noviolencia-desde-una-metodologia-experiencial\/#breadcrumb","itemListElement":[{"@type":"ListItem","position":1,"name":"Accueil","item":"https:\/\/www.pressenza.com\/es\/"},{"@type":"ListItem","position":2,"name":"La COPEHU lanza Gu\u00eda para la paz y la noviolencia desde una metodolog\u00eda experiencial"}]},{"@type":"WebSite","@id":"https:\/\/www.pressenza.com\/es\/#website","url":"https:\/\/www.pressenza.com\/es\/","name":"Pressenza","description":"International Press Agency","publisher":{"@id":"https:\/\/www.pressenza.com\/es\/#organization"},"potentialAction":[{"@type":"SearchAction","target":{"@type":"EntryPoint","urlTemplate":"https:\/\/www.pressenza.com\/es\/?s={search_term_string}"},"query-input":{"@type":"PropertyValueSpecification","valueRequired":true,"valueName":"search_term_string"}}],"inLanguage":"es"},{"@type":"Organization","@id":"https:\/\/www.pressenza.com\/es\/#organization","name":"Pressenza","url":"https:\/\/www.pressenza.com\/es\/","logo":{"@type":"ImageObject","inLanguage":"es","@id":"https:\/\/www.pressenza.com\/es\/#\/schema\/logo\/image\/","url":"https:\/\/www.pressenza.com\/wp-content\/uploads\/2022\/10\/pressenza_logo_200x200.jpg","contentUrl":"https:\/\/www.pressenza.com\/wp-content\/uploads\/2022\/10\/pressenza_logo_200x200.jpg","width":200,"height":200,"caption":"Pressenza"},"image":{"@id":"https:\/\/www.pressenza.com\/es\/#\/schema\/logo\/image\/"},"sameAs":["https:\/\/www.facebook.com\/PressenzaItalia","https:\/\/x.com\/PressenzaIPA"]},{"@type":"Person","@id":"https:\/\/www.pressenza.com\/es\/#\/schema\/person\/385bea3cd2facc332ff1bd91c50d777a","name":"COPEHU","description":"Corriente Pedagogica Humanista Universalista - Courant Pedagogique Humaniste Universaliste - Corrente Pedagogica Umanista Universalista - Universalist Humanist Pedagogical Current www.copehu.net","sameAs":["https:\/\/www.copehu.org\/","https:\/\/www.facebook.com\/Copehu\/","https:\/\/x.com\/COPEHU1"],"url":"https:\/\/www.pressenza.com\/es\/author\/copehu\/"}]}},"place":"Mendoza, Argentina - Corriente Pedag\u00f3gica Humanista Universalista","original_article_url":"","_links":{"self":[{"href":"https:\/\/www.pressenza.com\/es\/wp-json\/wp\/v2\/posts\/853249","targetHints":{"allow":["GET"]}}],"collection":[{"href":"https:\/\/www.pressenza.com\/es\/wp-json\/wp\/v2\/posts"}],"about":[{"href":"https:\/\/www.pressenza.com\/es\/wp-json\/wp\/v2\/types\/post"}],"author":[{"embeddable":true,"href":"https:\/\/www.pressenza.com\/es\/wp-json\/wp\/v2\/users\/1046"}],"replies":[{"embeddable":true,"href":"https:\/\/www.pressenza.com\/es\/wp-json\/wp\/v2\/comments?post=853249"}],"version-history":[{"count":0,"href":"https:\/\/www.pressenza.com\/es\/wp-json\/wp\/v2\/posts\/853249\/revisions"}],"wp:featuredmedia":[{"embeddable":true,"href":"https:\/\/www.pressenza.com\/es\/wp-json\/wp\/v2\/media\/853250"}],"wp:attachment":[{"href":"https:\/\/www.pressenza.com\/es\/wp-json\/wp\/v2\/media?parent=853249"}],"wp:term":[{"taxonomy":"category","embeddable":true,"href":"https:\/\/www.pressenza.com\/es\/wp-json\/wp\/v2\/categories?post=853249"},{"taxonomy":"post_tag","embeddable":true,"href":"https:\/\/www.pressenza.com\/es\/wp-json\/wp\/v2\/tags?post=853249"}],"curies":[{"name":"wp","href":"https:\/\/api.w.org\/{rel}","templated":true}]}}