{"id":852321,"date":"2019-05-05T23:04:28","date_gmt":"2019-05-05T22:04:28","guid":{"rendered":"https:\/\/www.pressenza.com\/?p=852321"},"modified":"2019-05-05T23:05:54","modified_gmt":"2019-05-05T22:05:54","slug":"un-mundo-mas-humano-no-lo-van-a-construir-los-psicopatas-egoistas-que-hoy-nos-dirigen-antonio-rebolledo","status":"publish","type":"post","link":"https:\/\/www.pressenza.com\/es\/2019\/05\/un-mundo-mas-humano-no-lo-van-a-construir-los-psicopatas-egoistas-que-hoy-nos-dirigen-antonio-rebolledo\/","title":{"rendered":"\u00abUn mundo m\u00e1s humano no lo van a construir los psic\u00f3patas ego\u00edstas que hoy nos dirigen\u00bb, Antonio Rebolledo"},"content":{"rendered":"<p>Entrevistamos a Antonio Rebolledo, ingeniero chileno, ya que nos llam\u00f3 la atenci\u00f3n su nuevo rol de coordinador de la Red de Psicolog\u00eda Humanista en el marco del pr\u00f3ximo Foro Humanista Latinoamericano que tendr\u00e1 lugar en la Biblioteca de Santiago los d\u00edas 10, 11 y 12 de mayo pr\u00f3ximo. Quisimos que nos comentara cu\u00e1les son los objetivos de esta Red que cuenta, por lo dem\u00e1s, con numerosos inscriptos.<\/p>\n<p><strong>Antonio Rebolledo: <\/strong>El principal objetivo de la Red de Psicolog\u00eda Humanista es poner en contacto a personas (no solo psic\u00f3logos) y organizaciones interesadas en contribuir con estudios y herramientas para el equilibrio y desarrollo de la conciencia humana.<\/p>\n<p><strong>Pressenza: \u00bf<\/strong><strong>En qu\u00e9 sentido el encuentro presencial en Santiago podr\u00e1 poner en marcha un tipo de trabajo sostenido en el tiempo, m\u00e1s all\u00e1 del evento mismo?<\/strong><\/p>\n<p><strong>AR: <\/strong>El s\u00e1bado 11 de Mayo, a las 10:00 horas, nos reuniremos presencialmente por primera vez con amigos de Chile, Argentina, Per\u00fa y Brasil. En ese encuentro vamos a constituir formalmente la Red Latinoamericana de Psicolog\u00eda Humanista. Entre todos definiremos sus objetivos, formas de trabajo e intercambio. Con esta metodolog\u00eda colaborativa de trabajo, esperamos que cada miembro se motive a entregar lo mejor de s\u00ed y que entre todos podamos ayudarnos a desarrollar la Red en cada uno de nuestros pa\u00edses.<\/p>\n<p><strong>Pressenza:\u00a0\u00bfCu\u00e1les ves tu que pueden ser los objetivos a largo plazo que se demarquen en este encuentro?<\/strong><\/p>\n<p><strong>AR: <\/strong>Creo que ser\u00eda muy \u00fatil que esta Red pudiera influir en los gobiernos, instituciones y personas en Latinoam\u00e9rica para instalar Centros de Psicolog\u00eda Humanista que entreguen herramientas a la poblaci\u00f3n, para fortalecerse como seres humanos y mejorar el entorno social en que viven.<\/p>\n<div dir=\"auto\">En este sentido, la Red de Psicolog\u00eda Humanista propone el desarrollo simult\u00e1neo del individuo y la sociedad, como \u00fanica forma de lograr el equilibrio y desarrollo de la mente.<\/div>\n<div dir=\"auto\">\n<p><strong><strong>Pressenza:<\/strong>\u00a0\u00bfQu\u00e9 les dir\u00edas a quienes est\u00e1n pensando en participar de este Foro Humanista Latinoamericano a realizarse en Santiago?<\/strong><\/p>\n<\/div>\n<div dir=\"auto\">\n<p><strong>AR: <\/strong>Que un mundo m\u00e1s humano no lo van a construir los psic\u00f3patas ego\u00edstas que dirigen las grandes empresas y a los pa\u00edses como si fueran tales. Un mundo m\u00e1s humano lo van a construir personas solidarias, emp\u00e1ticas, alegres y optimistas. Sumarse a cualquiera de las Redes del Foro es una forma de empezar a construirlo.<\/p>\n<div dir=\"auto\"><\/div>\n<\/div>\n<div dir=\"auto\"><\/div>\n<div dir=\"auto\"><\/div>\n","protected":false},"excerpt":{"rendered":"<p>Entrevistamos a Antonio Rebolledo, ingeniero chileno, ya que nos llam\u00f3 la atenci\u00f3n su nuevo rol de coordinador de la Red de Psicolog\u00eda Humanista en el marco del pr\u00f3ximo Foro Humanista Latinoamericano que tendr\u00e1 lugar en la Biblioteca de Santiago los&hellip;<\/p>\n","protected":false},"author":22,"featured_media":852322,"comment_status":"closed","ping_status":"closed","sticky":false,"template":"","format":"standard","meta":{"footnotes":""},"categories":[11389,155,1240,67],"tags":[58450,29,57136,30380],"class_list":["post-852321","post","type-post","status-publish","format-standard","has-post-thumbnail","hentry","category-contenido-original","category-entrevistas","category-humanismo-espiritualidad","category-sudamerica","tag-antonio-rebolledo","tag-chile","tag-fhl2019","tag-psicologia-humanista"],"yoast_head":"<!-- This site is optimized with the Yoast SEO plugin v27.1.1 - https:\/\/yoast.com\/product\/yoast-seo-wordpress\/ -->\n<title>&quot;Un mundo m\u00e1s humano no lo van a construir los psic\u00f3patas ego\u00edstas que hoy nos dirigen&quot;, Antonio Rebolledo<\/title>\n<meta name=\"description\" content=\"Foro Humanista Latinoamericano, Red de Psicolog\u00eda Humanista, 10, 11 y 12 de mayo, Santiago de Chile\" \/>\n<meta name=\"robots\" content=\"index, follow, max-snippet:-1, max-image-preview:large, max-video-preview:-1\" \/>\n<link rel=\"canonical\" href=\"https:\/\/www.pressenza.com\/es\/2019\/05\/un-mundo-mas-humano-no-lo-van-a-construir-los-psicopatas-egoistas-que-hoy-nos-dirigen-antonio-rebolledo\/\" \/>\n<meta property=\"og:locale\" content=\"es_ES\" \/>\n<meta property=\"og:type\" content=\"article\" \/>\n<meta property=\"og:title\" content=\"&quot;Un mundo m\u00e1s humano no lo van a construir los psic\u00f3patas ego\u00edstas que hoy nos dirigen&quot;, Antonio Rebolledo\" \/>\n<meta property=\"og:description\" content=\"Foro Humanista Latinoamericano, Red de Psicolog\u00eda Humanista, 10, 11 y 12 de mayo, Santiago de Chile\" \/>\n<meta property=\"og:url\" content=\"https:\/\/www.pressenza.com\/es\/2019\/05\/un-mundo-mas-humano-no-lo-van-a-construir-los-psicopatas-egoistas-que-hoy-nos-dirigen-antonio-rebolledo\/\" \/>\n<meta property=\"og:site_name\" content=\"Pressenza\" \/>\n<meta property=\"article:publisher\" content=\"https:\/\/www.facebook.com\/PressenzaItalia\" \/>\n<meta property=\"article:author\" content=\"https:\/\/www.facebook.com\/pia.figueroa?ref=tn_tnmn\" \/>\n<meta property=\"article:published_time\" content=\"2019-05-05T22:04:28+00:00\" \/>\n<meta property=\"article:modified_time\" content=\"2019-05-05T22:05:54+00:00\" \/>\n<meta property=\"og:image\" content=\"https:\/\/www.pressenza.com\/wp-content\/uploads\/2019\/05\/20190505_011226.jpg\" \/>\n\t<meta property=\"og:image:width\" content=\"1920\" \/>\n\t<meta property=\"og:image:height\" content=\"1173\" \/>\n\t<meta property=\"og:image:type\" content=\"image\/jpeg\" \/>\n<meta name=\"author\" content=\"P\u00eda Figueroa\" \/>\n<meta name=\"twitter:card\" content=\"summary_large_image\" \/>\n<meta name=\"twitter:creator\" content=\"@piafigueroa\" \/>\n<meta name=\"twitter:site\" content=\"@PressenzaIPA\" \/>\n<meta name=\"twitter:label1\" content=\"Escrito por\" \/>\n\t<meta name=\"twitter:data1\" content=\"P\u00eda Figueroa\" \/>\n\t<meta name=\"twitter:label2\" content=\"Tiempo de lectura\" \/>\n\t<meta name=\"twitter:data2\" content=\"2 minutos\" \/>\n<script type=\"application\/ld+json\" class=\"yoast-schema-graph\">{\"@context\":\"https:\/\/schema.org\",\"@graph\":[{\"@type\":\"Article\",\"@id\":\"https:\/\/www.pressenza.com\/es\/2019\/05\/un-mundo-mas-humano-no-lo-van-a-construir-los-psicopatas-egoistas-que-hoy-nos-dirigen-antonio-rebolledo\/#article\",\"isPartOf\":{\"@id\":\"https:\/\/www.pressenza.com\/es\/2019\/05\/un-mundo-mas-humano-no-lo-van-a-construir-los-psicopatas-egoistas-que-hoy-nos-dirigen-antonio-rebolledo\/\"},\"author\":{\"name\":\"P\u00eda Figueroa\",\"@id\":\"https:\/\/www.pressenza.com\/es\/#\/schema\/person\/8bb53ec73ef39ceec36ca0128a0ccd41\"},\"headline\":\"\u00abUn mundo m\u00e1s humano no lo van a construir los psic\u00f3patas ego\u00edstas que hoy nos dirigen\u00bb, Antonio Rebolledo\",\"datePublished\":\"2019-05-05T22:04:28+00:00\",\"dateModified\":\"2019-05-05T22:05:54+00:00\",\"mainEntityOfPage\":{\"@id\":\"https:\/\/www.pressenza.com\/es\/2019\/05\/un-mundo-mas-humano-no-lo-van-a-construir-los-psicopatas-egoistas-que-hoy-nos-dirigen-antonio-rebolledo\/\"},\"wordCount\":423,\"publisher\":{\"@id\":\"https:\/\/www.pressenza.com\/es\/#organization\"},\"image\":{\"@id\":\"https:\/\/www.pressenza.com\/es\/2019\/05\/un-mundo-mas-humano-no-lo-van-a-construir-los-psicopatas-egoistas-que-hoy-nos-dirigen-antonio-rebolledo\/#primaryimage\"},\"thumbnailUrl\":\"https:\/\/www.pressenza.com\/wp-content\/uploads\/2019\/05\/20190505_011226.jpg\",\"keywords\":[\"Antonio Rebolledo\",\"Chile\",\"FHL2019\",\"psicologia humanista\"],\"articleSection\":[\"Contenido Original\",\"Entrevistas\",\"Humanismo y Espiritualidad\",\"Sudam\u00e9rica\"],\"inLanguage\":\"es\"},{\"@type\":\"WebPage\",\"@id\":\"https:\/\/www.pressenza.com\/es\/2019\/05\/un-mundo-mas-humano-no-lo-van-a-construir-los-psicopatas-egoistas-que-hoy-nos-dirigen-antonio-rebolledo\/\",\"url\":\"https:\/\/www.pressenza.com\/es\/2019\/05\/un-mundo-mas-humano-no-lo-van-a-construir-los-psicopatas-egoistas-que-hoy-nos-dirigen-antonio-rebolledo\/\",\"name\":\"\\\"Un mundo m\u00e1s humano no lo van a construir los psic\u00f3patas ego\u00edstas que hoy nos dirigen\\\", Antonio Rebolledo\",\"isPartOf\":{\"@id\":\"https:\/\/www.pressenza.com\/es\/#website\"},\"primaryImageOfPage\":{\"@id\":\"https:\/\/www.pressenza.com\/es\/2019\/05\/un-mundo-mas-humano-no-lo-van-a-construir-los-psicopatas-egoistas-que-hoy-nos-dirigen-antonio-rebolledo\/#primaryimage\"},\"image\":{\"@id\":\"https:\/\/www.pressenza.com\/es\/2019\/05\/un-mundo-mas-humano-no-lo-van-a-construir-los-psicopatas-egoistas-que-hoy-nos-dirigen-antonio-rebolledo\/#primaryimage\"},\"thumbnailUrl\":\"https:\/\/www.pressenza.com\/wp-content\/uploads\/2019\/05\/20190505_011226.jpg\",\"datePublished\":\"2019-05-05T22:04:28+00:00\",\"dateModified\":\"2019-05-05T22:05:54+00:00\",\"description\":\"Foro Humanista Latinoamericano, Red de Psicolog\u00eda Humanista, 10, 11 y 12 de mayo, Santiago de Chile\",\"breadcrumb\":{\"@id\":\"https:\/\/www.pressenza.com\/es\/2019\/05\/un-mundo-mas-humano-no-lo-van-a-construir-los-psicopatas-egoistas-que-hoy-nos-dirigen-antonio-rebolledo\/#breadcrumb\"},\"inLanguage\":\"es\",\"potentialAction\":[{\"@type\":\"ReadAction\",\"target\":[\"https:\/\/www.pressenza.com\/es\/2019\/05\/un-mundo-mas-humano-no-lo-van-a-construir-los-psicopatas-egoistas-que-hoy-nos-dirigen-antonio-rebolledo\/\"]}]},{\"@type\":\"ImageObject\",\"inLanguage\":\"es\",\"@id\":\"https:\/\/www.pressenza.com\/es\/2019\/05\/un-mundo-mas-humano-no-lo-van-a-construir-los-psicopatas-egoistas-que-hoy-nos-dirigen-antonio-rebolledo\/#primaryimage\",\"url\":\"https:\/\/www.pressenza.com\/wp-content\/uploads\/2019\/05\/20190505_011226.jpg\",\"contentUrl\":\"https:\/\/www.pressenza.com\/wp-content\/uploads\/2019\/05\/20190505_011226.jpg\",\"width\":1920,\"height\":1173},{\"@type\":\"BreadcrumbList\",\"@id\":\"https:\/\/www.pressenza.com\/es\/2019\/05\/un-mundo-mas-humano-no-lo-van-a-construir-los-psicopatas-egoistas-que-hoy-nos-dirigen-antonio-rebolledo\/#breadcrumb\",\"itemListElement\":[{\"@type\":\"ListItem\",\"position\":1,\"name\":\"Accueil\",\"item\":\"https:\/\/www.pressenza.com\/es\/\"},{\"@type\":\"ListItem\",\"position\":2,\"name\":\"\u00abUn mundo m\u00e1s humano no lo van a construir los psic\u00f3patas ego\u00edstas que hoy nos dirigen\u00bb, Antonio Rebolledo\"}]},{\"@type\":\"WebSite\",\"@id\":\"https:\/\/www.pressenza.com\/es\/#website\",\"url\":\"https:\/\/www.pressenza.com\/es\/\",\"name\":\"Pressenza\",\"description\":\"International Press Agency\",\"publisher\":{\"@id\":\"https:\/\/www.pressenza.com\/es\/#organization\"},\"potentialAction\":[{\"@type\":\"SearchAction\",\"target\":{\"@type\":\"EntryPoint\",\"urlTemplate\":\"https:\/\/www.pressenza.com\/es\/?s={search_term_string}\"},\"query-input\":{\"@type\":\"PropertyValueSpecification\",\"valueRequired\":true,\"valueName\":\"search_term_string\"}}],\"inLanguage\":\"es\"},{\"@type\":\"Organization\",\"@id\":\"https:\/\/www.pressenza.com\/es\/#organization\",\"name\":\"Pressenza\",\"url\":\"https:\/\/www.pressenza.com\/es\/\",\"logo\":{\"@type\":\"ImageObject\",\"inLanguage\":\"es\",\"@id\":\"https:\/\/www.pressenza.com\/es\/#\/schema\/logo\/image\/\",\"url\":\"https:\/\/www.pressenza.com\/wp-content\/uploads\/2022\/10\/pressenza_logo_200x200.jpg\",\"contentUrl\":\"https:\/\/www.pressenza.com\/wp-content\/uploads\/2022\/10\/pressenza_logo_200x200.jpg\",\"width\":200,\"height\":200,\"caption\":\"Pressenza\"},\"image\":{\"@id\":\"https:\/\/www.pressenza.com\/es\/#\/schema\/logo\/image\/\"},\"sameAs\":[\"https:\/\/www.facebook.com\/PressenzaItalia\",\"https:\/\/x.com\/PressenzaIPA\"]},{\"@type\":\"Person\",\"@id\":\"https:\/\/www.pressenza.com\/es\/#\/schema\/person\/8bb53ec73ef39ceec36ca0128a0ccd41\",\"name\":\"P\u00eda Figueroa\",\"description\":\"Founder of Pressenza, life-long humanist, author of several monographs and books.\",\"sameAs\":[\"https:\/\/www.facebook.com\/pia.figueroa?ref=tn_tnmn\",\"https:\/\/x.com\/piafigueroa\"],\"url\":\"https:\/\/www.pressenza.com\/es\/author\/pia-figueroa\/\"}]}<\/script>\n<!-- \/ Yoast SEO plugin. -->","yoast_head_json":{"title":"\"Un mundo m\u00e1s humano no lo van a construir los psic\u00f3patas ego\u00edstas que hoy nos dirigen\", Antonio Rebolledo","description":"Foro Humanista Latinoamericano, Red de Psicolog\u00eda Humanista, 10, 11 y 12 de mayo, Santiago de Chile","robots":{"index":"index","follow":"follow","max-snippet":"max-snippet:-1","max-image-preview":"max-image-preview:large","max-video-preview":"max-video-preview:-1"},"canonical":"https:\/\/www.pressenza.com\/es\/2019\/05\/un-mundo-mas-humano-no-lo-van-a-construir-los-psicopatas-egoistas-que-hoy-nos-dirigen-antonio-rebolledo\/","og_locale":"es_ES","og_type":"article","og_title":"\"Un mundo m\u00e1s humano no lo van a construir los psic\u00f3patas ego\u00edstas que hoy nos dirigen\", Antonio Rebolledo","og_description":"Foro Humanista Latinoamericano, Red de Psicolog\u00eda Humanista, 10, 11 y 12 de mayo, Santiago de Chile","og_url":"https:\/\/www.pressenza.com\/es\/2019\/05\/un-mundo-mas-humano-no-lo-van-a-construir-los-psicopatas-egoistas-que-hoy-nos-dirigen-antonio-rebolledo\/","og_site_name":"Pressenza","article_publisher":"https:\/\/www.facebook.com\/PressenzaItalia","article_author":"https:\/\/www.facebook.com\/pia.figueroa?ref=tn_tnmn","article_published_time":"2019-05-05T22:04:28+00:00","article_modified_time":"2019-05-05T22:05:54+00:00","og_image":[{"width":1920,"height":1173,"url":"https:\/\/www.pressenza.com\/wp-content\/uploads\/2019\/05\/20190505_011226.jpg","type":"image\/jpeg"}],"author":"P\u00eda Figueroa","twitter_card":"summary_large_image","twitter_creator":"@piafigueroa","twitter_site":"@PressenzaIPA","twitter_misc":{"Escrito por":"P\u00eda Figueroa","Tiempo de lectura":"2 minutos"},"schema":{"@context":"https:\/\/schema.org","@graph":[{"@type":"Article","@id":"https:\/\/www.pressenza.com\/es\/2019\/05\/un-mundo-mas-humano-no-lo-van-a-construir-los-psicopatas-egoistas-que-hoy-nos-dirigen-antonio-rebolledo\/#article","isPartOf":{"@id":"https:\/\/www.pressenza.com\/es\/2019\/05\/un-mundo-mas-humano-no-lo-van-a-construir-los-psicopatas-egoistas-que-hoy-nos-dirigen-antonio-rebolledo\/"},"author":{"name":"P\u00eda Figueroa","@id":"https:\/\/www.pressenza.com\/es\/#\/schema\/person\/8bb53ec73ef39ceec36ca0128a0ccd41"},"headline":"\u00abUn mundo m\u00e1s humano no lo van a construir los psic\u00f3patas ego\u00edstas que hoy nos dirigen\u00bb, Antonio Rebolledo","datePublished":"2019-05-05T22:04:28+00:00","dateModified":"2019-05-05T22:05:54+00:00","mainEntityOfPage":{"@id":"https:\/\/www.pressenza.com\/es\/2019\/05\/un-mundo-mas-humano-no-lo-van-a-construir-los-psicopatas-egoistas-que-hoy-nos-dirigen-antonio-rebolledo\/"},"wordCount":423,"publisher":{"@id":"https:\/\/www.pressenza.com\/es\/#organization"},"image":{"@id":"https:\/\/www.pressenza.com\/es\/2019\/05\/un-mundo-mas-humano-no-lo-van-a-construir-los-psicopatas-egoistas-que-hoy-nos-dirigen-antonio-rebolledo\/#primaryimage"},"thumbnailUrl":"https:\/\/www.pressenza.com\/wp-content\/uploads\/2019\/05\/20190505_011226.jpg","keywords":["Antonio Rebolledo","Chile","FHL2019","psicologia humanista"],"articleSection":["Contenido Original","Entrevistas","Humanismo y Espiritualidad","Sudam\u00e9rica"],"inLanguage":"es"},{"@type":"WebPage","@id":"https:\/\/www.pressenza.com\/es\/2019\/05\/un-mundo-mas-humano-no-lo-van-a-construir-los-psicopatas-egoistas-que-hoy-nos-dirigen-antonio-rebolledo\/","url":"https:\/\/www.pressenza.com\/es\/2019\/05\/un-mundo-mas-humano-no-lo-van-a-construir-los-psicopatas-egoistas-que-hoy-nos-dirigen-antonio-rebolledo\/","name":"\"Un mundo m\u00e1s humano no lo van a construir los psic\u00f3patas ego\u00edstas que hoy nos dirigen\", Antonio Rebolledo","isPartOf":{"@id":"https:\/\/www.pressenza.com\/es\/#website"},"primaryImageOfPage":{"@id":"https:\/\/www.pressenza.com\/es\/2019\/05\/un-mundo-mas-humano-no-lo-van-a-construir-los-psicopatas-egoistas-que-hoy-nos-dirigen-antonio-rebolledo\/#primaryimage"},"image":{"@id":"https:\/\/www.pressenza.com\/es\/2019\/05\/un-mundo-mas-humano-no-lo-van-a-construir-los-psicopatas-egoistas-que-hoy-nos-dirigen-antonio-rebolledo\/#primaryimage"},"thumbnailUrl":"https:\/\/www.pressenza.com\/wp-content\/uploads\/2019\/05\/20190505_011226.jpg","datePublished":"2019-05-05T22:04:28+00:00","dateModified":"2019-05-05T22:05:54+00:00","description":"Foro Humanista Latinoamericano, Red de Psicolog\u00eda Humanista, 10, 11 y 12 de mayo, Santiago de Chile","breadcrumb":{"@id":"https:\/\/www.pressenza.com\/es\/2019\/05\/un-mundo-mas-humano-no-lo-van-a-construir-los-psicopatas-egoistas-que-hoy-nos-dirigen-antonio-rebolledo\/#breadcrumb"},"inLanguage":"es","potentialAction":[{"@type":"ReadAction","target":["https:\/\/www.pressenza.com\/es\/2019\/05\/un-mundo-mas-humano-no-lo-van-a-construir-los-psicopatas-egoistas-que-hoy-nos-dirigen-antonio-rebolledo\/"]}]},{"@type":"ImageObject","inLanguage":"es","@id":"https:\/\/www.pressenza.com\/es\/2019\/05\/un-mundo-mas-humano-no-lo-van-a-construir-los-psicopatas-egoistas-que-hoy-nos-dirigen-antonio-rebolledo\/#primaryimage","url":"https:\/\/www.pressenza.com\/wp-content\/uploads\/2019\/05\/20190505_011226.jpg","contentUrl":"https:\/\/www.pressenza.com\/wp-content\/uploads\/2019\/05\/20190505_011226.jpg","width":1920,"height":1173},{"@type":"BreadcrumbList","@id":"https:\/\/www.pressenza.com\/es\/2019\/05\/un-mundo-mas-humano-no-lo-van-a-construir-los-psicopatas-egoistas-que-hoy-nos-dirigen-antonio-rebolledo\/#breadcrumb","itemListElement":[{"@type":"ListItem","position":1,"name":"Accueil","item":"https:\/\/www.pressenza.com\/es\/"},{"@type":"ListItem","position":2,"name":"\u00abUn mundo m\u00e1s humano no lo van a construir los psic\u00f3patas ego\u00edstas que hoy nos dirigen\u00bb, Antonio Rebolledo"}]},{"@type":"WebSite","@id":"https:\/\/www.pressenza.com\/es\/#website","url":"https:\/\/www.pressenza.com\/es\/","name":"Pressenza","description":"International Press Agency","publisher":{"@id":"https:\/\/www.pressenza.com\/es\/#organization"},"potentialAction":[{"@type":"SearchAction","target":{"@type":"EntryPoint","urlTemplate":"https:\/\/www.pressenza.com\/es\/?s={search_term_string}"},"query-input":{"@type":"PropertyValueSpecification","valueRequired":true,"valueName":"search_term_string"}}],"inLanguage":"es"},{"@type":"Organization","@id":"https:\/\/www.pressenza.com\/es\/#organization","name":"Pressenza","url":"https:\/\/www.pressenza.com\/es\/","logo":{"@type":"ImageObject","inLanguage":"es","@id":"https:\/\/www.pressenza.com\/es\/#\/schema\/logo\/image\/","url":"https:\/\/www.pressenza.com\/wp-content\/uploads\/2022\/10\/pressenza_logo_200x200.jpg","contentUrl":"https:\/\/www.pressenza.com\/wp-content\/uploads\/2022\/10\/pressenza_logo_200x200.jpg","width":200,"height":200,"caption":"Pressenza"},"image":{"@id":"https:\/\/www.pressenza.com\/es\/#\/schema\/logo\/image\/"},"sameAs":["https:\/\/www.facebook.com\/PressenzaItalia","https:\/\/x.com\/PressenzaIPA"]},{"@type":"Person","@id":"https:\/\/www.pressenza.com\/es\/#\/schema\/person\/8bb53ec73ef39ceec36ca0128a0ccd41","name":"P\u00eda Figueroa","description":"Founder of Pressenza, life-long humanist, author of several monographs and books.","sameAs":["https:\/\/www.facebook.com\/pia.figueroa?ref=tn_tnmn","https:\/\/x.com\/piafigueroa"],"url":"https:\/\/www.pressenza.com\/es\/author\/pia-figueroa\/"}]}},"place":"Santiago de Chile","original_article_url":"","_links":{"self":[{"href":"https:\/\/www.pressenza.com\/es\/wp-json\/wp\/v2\/posts\/852321","targetHints":{"allow":["GET"]}}],"collection":[{"href":"https:\/\/www.pressenza.com\/es\/wp-json\/wp\/v2\/posts"}],"about":[{"href":"https:\/\/www.pressenza.com\/es\/wp-json\/wp\/v2\/types\/post"}],"author":[{"embeddable":true,"href":"https:\/\/www.pressenza.com\/es\/wp-json\/wp\/v2\/users\/22"}],"replies":[{"embeddable":true,"href":"https:\/\/www.pressenza.com\/es\/wp-json\/wp\/v2\/comments?post=852321"}],"version-history":[{"count":0,"href":"https:\/\/www.pressenza.com\/es\/wp-json\/wp\/v2\/posts\/852321\/revisions"}],"wp:featuredmedia":[{"embeddable":true,"href":"https:\/\/www.pressenza.com\/es\/wp-json\/wp\/v2\/media\/852322"}],"wp:attachment":[{"href":"https:\/\/www.pressenza.com\/es\/wp-json\/wp\/v2\/media?parent=852321"}],"wp:term":[{"taxonomy":"category","embeddable":true,"href":"https:\/\/www.pressenza.com\/es\/wp-json\/wp\/v2\/categories?post=852321"},{"taxonomy":"post_tag","embeddable":true,"href":"https:\/\/www.pressenza.com\/es\/wp-json\/wp\/v2\/tags?post=852321"}],"curies":[{"name":"wp","href":"https:\/\/api.w.org\/{rel}","templated":true}]}}