{"id":852286,"date":"2019-05-05T21:31:14","date_gmt":"2019-05-05T20:31:14","guid":{"rendered":"https:\/\/www.pressenza.com\/?p=852286"},"modified":"2019-05-05T21:31:14","modified_gmt":"2019-05-05T20:31:14","slug":"demolicion-del-sistema-ambiental-en-brasil-ya-enfrenta-reacciones","status":"publish","type":"post","link":"https:\/\/www.pressenza.com\/es\/2019\/05\/demolicion-del-sistema-ambiental-en-brasil-ya-enfrenta-reacciones\/","title":{"rendered":"Demolici\u00f3n del sistema ambiental en Brasil ya enfrenta reacciones"},"content":{"rendered":"<p>Por\u00a0<a title=\"Art\u00edculos de Mario Osava\" href=\"http:\/\/www.ipsnoticias.net\/author\/mario-osava\/\">Mario Osava<\/a><\/p>\n<p><span class=\"meta_origin\">R\u00cdO DE JANEIRO, 3 may 2019 (IPS)\u00a0<\/span>&#8211; El gobierno de extrema derecha aceler\u00f3 en abril la demolici\u00f3n del sistema de gesti\u00f3n y protecci\u00f3n ambiental, desarticulando sus propios \u00f3rganos del sector y despertando alarmadas reacciones internas e internacionales.<span id=\"more-140364\"><\/span><\/p>\n<p>\u201cLo m\u00e1s grave est\u00e1 por venir, es el desmantelamiento de reglas ambientales, como la reserva legal\u201d, advirti\u00f3 a IPS en una entrbista Paulo Barreto, investigador asociado del\u00a0<a href=\"https:\/\/imazon.org.br\/\">Instituto del Hombre y el Medio Ambiente del Amazoni<\/a>a (Imazon), en referencia a la parte que cada propiedad rural debe mantener preservada por ley.<\/p>\n<p>Esa reserva alcanza 80 por ciento en la regi\u00f3n forestal amaz\u00f3nica, baja a 35 por ciento en el Cerrado (la sabana brasile\u00f1a), el segundo mayor bioma del pa\u00eds, y a 20 por ciento en otras ecorregiones.<\/p>\n<p>Esa exigencia, implantada por el actual C\u00f3digo Forestal, vigente desde 1934 pero var\u00edas veces actualizado, tuvo los porcentajes de preservaci\u00f3n fijados en 1965 y confirmados en una revisi\u00f3n de la ley en 2012. A la reserva legal se suman las \u00e1reas de preservaci\u00f3n permanentes, como las ribere\u00f1as y las monta\u00f1osas.<\/p>\n<p>Un proyecto de ley presentado por el senador Flavio Bolsonaro, hijo del presidente Jair Bolsonaro, que pretende revocar la reserva legal, arguyendo que se trata de restablecer el pleno \u201cderecho constitucional de propiedad\u201d y eliminar un obst\u00e1culo al desarrollo.<\/p>\n<p>La propuesta, enviada al Senado el 16 de abril y que tiene al senador Marcio Bittar como coautor, sostiene que la medida destrabar\u00eda el aprovechamiento potencial de 15 billones (millones de millones) de d\u00f3lares en recursos minerales y energ\u00e9ticos, ocho billones de d\u00f3lares en biodiversidad y de inmensas \u00e1reas de expansi\u00f3n agr\u00edcola.<\/p>\n<p>\u201cSi se aprueba, la situaci\u00f3n queda muy fea\u201d, reconoci\u00f3 Barreto.<\/p>\n<p>Pero es poco probable que una medida tan radical, que echar\u00eda por tierra todo el esfuerzo de muchas d\u00e9cadas para evitar mayores da\u00f1os a la naturaleza. En Brasil el bioma Mata (bosque) Atl\u00e1ntica perdi\u00f3 m\u00e1s de 90 por ciento de sus bosques originales y la Amazonia cerca de 20 por ciento.<\/p>\n<p>\u201cEs hora de implementar, no de modificar\u201d el C\u00f3digo Forestal, reaccion\u00f3 la\u00a0<a href=\"http:\/\/www.coalizaobr.com.br\/home\/\">Coalici\u00f3n Brasil Clima, Forestas y Agricultura<\/a>, un movimiento que congrega 194 empresas, asociaciones empresariales, organizaciones no gubernamentales (ONG) y centros de investigaci\u00f3n.<\/p>\n<p>La actual versi\u00f3n del C\u00f3digo, aprobada en 2012 tras cinco a\u00f1os de debates, \u201ces el primer paso para fortalecer la producci\u00f3n agropecuaria y a la vez la conservaci\u00f3n ambiental\u201d, beneficiando al sector agr\u00edcola, cuya \u201cproductividad es muy dependiente de las condiciones clim\u00e1ticas\u201d, manifest\u00f3 la Coalici\u00f3n.<\/p>\n<p>De ese grupo forman parte la estadounidense\u00a0<a href=\"https:\/\/www.cargill.com.br\/\">Cargil<\/a>\u00a0y la brasile\u00f1a\u00a0<a href=\"https:\/\/www.amaggi.com.br\/\">Amaggi<\/a>, dos de las corporaciones transnacionales que dominan el comercio agr\u00edcola mundial, junto con la\u00a0<a href=\"http:\/\/www.abag.com.br\/\">Asociaci\u00f3n Brasile\u00f1a del Agronegocio<\/a>\u00a0y la\u00a0<a href=\"http:\/\/www.abcz.org.br\/)\">Asociaci\u00f3n de Criadores de Ganado Zeb\u00fa<\/a>.<\/p>\n<p>\u201cEs tan agresiva la acci\u00f3n del gobierno contra el medio ambiente que encendi\u00f3 la se\u00f1al de alerta\u201d, no solo en Brasil, observ\u00f3 Barreto.<\/p>\n<p>Antes de su toma de posesi\u00f3n el 1 de enero, Bolsonaro hab\u00eda anunciado su intenci\u00f3n de abolir el\u00a0<a href=\"http:\/\/www.mma.gov.br\/\">Ministerio de Medio Ambiente<\/a>. No lo hizo, pero redujo sus funciones, transfiriendo el Servicio Forestal y la gesti\u00f3n de recursos h\u00eddricos a otros ministerios, adem\u00e1s de eliminar los \u00f3rganos internos que se ocupaban de cambio clim\u00e1tico y desertificaci\u00f3n.<\/p>\n<div id=\"attachment_140366\" class=\"wp-caption aligncenter\">\n<div class=\"wp-caption alignnone\"><img loading=\"lazy\" decoding=\"async\" src=\"http:\/\/cdn.ipsnoticias.net\/wp-content\/uploads\/2019\/05\/fcpzzb_abr_270320193554.jpg\" alt=\"El ministro de Medio Ambiente de Brasil, Ricardo Salles, durante una reuni\u00c3\u00b3n con la Comisi\u00c3\u00b3n de Ambiente del Senado para explicar sus planes. Allegado a los intereses de la gran agricultura y la expansi\u00c3\u00b3n ganadera en la Amazonia, su prioridad son los temas urbanos, como saneamiento y contaminaci\u00c3\u00b3n del aire. Sus primeras medidas apuntan al desmantelamiento del sistema de gesti\u00c3\u00b3n y protecci\u00c3\u00b3n ambiental. Cr\u00c3\u00a9dito: Fabio Rodrigues Pozzebom\/Ag\u00c3\u00aancia Brasil\" width=\"630\" height=\"420\" \/><p class=\"wp-caption-text\">El ministro de Medio Ambiente de Brasil, Ricardo Salles, durante una reuni\u00f3n con la Comisi\u00f3n de Ambiente del Senado para explicar sus planes. Allegado a los intereses de la gran agricultura y la expansi\u00f3n ganadera en la Amazonia, su prioridad son los temas urbanos, como saneamiento y contaminaci\u00f3n del aire. Sus primeras medidas apuntan al desmantelamiento del sistema de gesti\u00f3n y protecci\u00f3n ambiental. Cr\u00e9dito: Fabio Rodrigues Pozzebom\/Ag\u00eancia Brasil<\/p><\/div>\n<\/div>\n<p>En cambio, el\u00a0<a href=\"http:\/\/www.agricultura.gov.br\/\">Ministerio de Agricultura<\/a>\u00a0ampli\u00f3 sus poderes con los temas forestales y la demarcaci\u00f3n de tierras ind\u00edgenas, aunque sus intereses productivos se opongan a las nuevas funciones. El negocio agropecuario protege el ambiente, arguy\u00f3 el presidente, ignorando la deforestaci\u00f3n promovida por el sector, especialmente de la ganader\u00eda.<\/p>\n<p>Los denominados \u201cruralistas\u201d, representantes del gran agronegocio que tienen una fuerte bancada en el parlamento, fueron importantes para el triunfo electoral de Bolsonaro. Cuentan, en consecuencia, con un poder avasallador en el gobierno.<\/p>\n<p>El ministro de Medio Ambiente, Ricardo Salles, un aliado incondicional de los ruralistas, decapit\u00f3 las principales agencias ejecutoras de pol\u00edticas ambientales.<\/p>\n<p>El 28 de febrero despidi\u00f3 a los superintendentes del\u00a0<a href=\"https:\/\/www.ibama.gov.br\/\">Instituto Brasile\u00f1o de Medio Ambiente<\/a>\u00a0(Ibama), \u00f3rgano de regulaci\u00f3n e inspecci\u00f3n en 21 de los 27 estados del pa\u00eds. Dos meses despu\u00e9s no hay sustitutos.<\/p>\n<p>Adem\u00e1s, Salles orden\u00f3 el 26 de abril un recorte de 24 por ciento en el presupuesto de Ibama, ya afectado por grave carencia de recursos humanos y financieros, rebajando su capacidad de evaluar grandes proyectos que exigen licencia ambiental.<\/p>\n<p>Dirigentes del\u00a0<a href=\"http:\/\/www.icmbio.gov.br\/portal\/\">Instituto Chico Mendes de Conservaci\u00f3n de la Biodiversidad<\/a>\u00a0(ICMBio), que gestiona 334 unidades de conservaci\u00f3n y 14 centros de investigaci\u00f3n, renunciaron por discrepar sobre las medidas del ministro y sus amenazas contra funcionarios.<\/p>\n<p>Para reemplazarlos, Salles design\u00f3 a cuatro polic\u00edas militares del \u00e1rea ambiental del estado de S\u00e3o Paulo, con experiencia limitada y dudosa calificaci\u00f3n para los nuevos desaf\u00edos.<\/p>\n<p>Militarizar la administraci\u00f3n p\u00fablica es una orientaci\u00f3n de Bolsonaro para varios ministerios, desde educaci\u00f3n a infraestructura, energ\u00eda e incluso turismo.<\/p>\n<p>\u201cLimpiar\u201d el Ibama y el ICMBio es la tarea de Salles, dijo el 29 de abril presidente en Agrishow, una feria de tecnolog\u00eda agr\u00edcola, en Ribeir\u00e3o Preto, un polo azucarero a 310 kil\u00f3metros de S\u00e3o Paulo.<\/p>\n<p>All\u00ed celebr\u00f3 con los agricultores la armon\u00eda entre los ministros de Medio Ambiente y Agricultura, y reiter\u00f3 su aversi\u00f3n a los \u00f3rganos ambientales, por ser una \u201cindustria de multas\u201d y estar dominados por activistas radicales.<\/p>\n<p>Toda esa presi\u00f3n antiambientalista dentro del gobierno a\u00fan no se reflej\u00f3 en el aumento de la deforestaci\u00f3n amaz\u00f3nica porque hubo mucha lluvia en los primeros meses del a\u00f1o en la regi\u00f3n, lo que dificult\u00f3 la depredaci\u00f3n. \u201cPero la tendencia futura preocupa\u201d, lament\u00f3 Barreto.<\/p>\n<p>\u201cEs un tiro en el pie, adem\u00e1s del impacto ecol\u00f3gico, se da\u00f1a la salud, con problemas respiratorios\u201d, debido al humo de los incendios, y otras enfermedades, acot\u00f3 el investigador de Imazon, una organizaci\u00f3n no gubernamental que monitorea la deforestaci\u00f3n amaz\u00f3nica con celeridad.<\/p>\n<p>Contraponer preservaci\u00f3n forestal al desarrollo tampoco es buena opci\u00f3n. Hay estudios que han confirmado que se puede producir m\u00e1s, sin deforestar, y que una ganader\u00eda sustentable genera trabajadores m\u00e1s satisfechos y con mejores sueldos, arguy\u00f3.<\/p>\n<p>Esa realidad la reconoce un sector \u201cmoderno\u201d de los agricultores, pero hay otros con \u201cideas atrasadas que estorban y confunden todo\u201d y se alinean con el gobierno, que \u201cno logra comprender la Amazonia\u201d en su papel clim\u00e1tico y menos a\u00fan en su \u201cdimensi\u00f3n simb\u00f3lica\u201d, seg\u00fan Barreto.<\/p>\n<p>La ofensiva gubernamental contra el ambientalismo parece \u201corquestada con ataques a la ciencia, la prensa\u201d y otras \u00e1reas, evalu\u00f3. La ense\u00f1anza de filosof\u00eda y sociolog\u00eda tambi\u00e9n es rechazada. Se debe priorizar \u201cveterinaria, ingenier\u00eda y medicina\u201d, asignaturas de \u201cretribuci\u00f3n inmediata a los contribuyentes\u201d, seg\u00fan Bolsonaro.<\/p>\n<p>Las reacciones comenzaron a surgir en el exterior, \u00a0como\u00a0<a href=\"https:\/\/science.sciencemag.org\/content\/364\/6438\/341.1\">la carta de 602 cient\u00edficos<\/a>\u00a0pidiendo que la Uni\u00f3n Europea condicione la importaci\u00f3n de productos brasile\u00f1os al respeto de compromisos ambientales y de derechos ind\u00edgenas.<\/p>\n<p>El\u00a0<a href=\"https:\/\/www.amnh.org\/\">Museo de Historia Natural de Nueva York<\/a>\u00a0se neg\u00f3 a acoger un acto en que el presidente brasile\u00f1o, seria homenajeado por la C\u00e1mara de Comercio Brasil-Estados Unidos como uno de los personajes del a\u00f1o.<\/p>\n<p>Dentro de Brasil, por ahora la resistencia consiste en una labor de comunicaci\u00f3n, de \u201cinformaci\u00f3n b\u00e1sica\u201d sobre cuestiones ambientales, clim\u00e1ticas y sus efectos econ\u00f3micos, \u201cempezando casi de cero\u201d, plantea Barreto.<\/p>\n<p>Lo decisivo, probablemente, ser\u00e1 una reacci\u00f3n del sector privado, ya que \u201ceste gobierno no escucha a las ONG\u201d, concluy\u00f3.<\/p>\n","protected":false},"excerpt":{"rendered":"<p>Por\u00a0Mario Osava R\u00cdO DE JANEIRO, 3 may 2019 (IPS)\u00a0&#8211; El gobierno de extrema derecha aceler\u00f3 en abril la demolici\u00f3n del sistema de gesti\u00f3n y protecci\u00f3n ambiental, desarticulando sus propios \u00f3rganos del sector y despertando alarmadas reacciones internas e internacionales. \u201cLo&hellip;<\/p>\n","protected":false},"author":250,"featured_media":852287,"comment_status":"closed","ping_status":"closed","sticky":false,"template":"","format":"standard","meta":{"footnotes":""},"categories":[78,74,67],"tags":[57657,47056,58447,2749,16257,8880,58444,54082,58445,54889,39621,58446,17342],"class_list":["post-852286","post","type-post","status-publish","format-standard","has-post-thumbnail","hentry","category-medio-ambiente-ecologia","category-politica-es","category-sudamerica","tag-agronegocio-es-2","tag-amazonia-es","tag-ambiente-es","tag-brasil-es","tag-deforestacion","tag-extrema-derecha","tag-ganaderia","tag-indigenas-es","tag-instituto-chico-mendes-de-conservacion-de-la-biodiversidad","tag-jair-bolsonaro-es","tag-ministerio-de-agricultura","tag-ministerio-de-medio-ambiente","tag-ruralistas"],"yoast_head":"<!-- This site is optimized with the Yoast SEO plugin v27.1.1 - https:\/\/yoast.com\/product\/yoast-seo-wordpress\/ -->\n<title>Demolici\u00f3n del sistema ambiental en Brasil ya enfrenta reacciones<\/title>\n<meta name=\"description\" content=\"Por\u00a0Mario Osava R\u00cdO DE JANEIRO, 3 may 2019 (IPS)\u00a0- El gobierno de extrema derecha aceler\u00f3 en abril la demolici\u00f3n del sistema de gesti\u00f3n y protecci\u00f3n\" \/>\n<meta name=\"robots\" content=\"index, follow, max-snippet:-1, max-image-preview:large, max-video-preview:-1\" \/>\n<link rel=\"canonical\" href=\"https:\/\/www.pressenza.com\/es\/2019\/05\/demolicion-del-sistema-ambiental-en-brasil-ya-enfrenta-reacciones\/\" \/>\n<meta property=\"og:locale\" content=\"es_ES\" \/>\n<meta property=\"og:type\" content=\"article\" \/>\n<meta property=\"og:title\" content=\"Demolici\u00f3n del sistema ambiental en Brasil ya enfrenta reacciones\" \/>\n<meta property=\"og:description\" content=\"Por\u00a0Mario Osava R\u00cdO DE JANEIRO, 3 may 2019 (IPS)\u00a0- El gobierno de extrema derecha aceler\u00f3 en abril la demolici\u00f3n del sistema de gesti\u00f3n y protecci\u00f3n\" \/>\n<meta property=\"og:url\" content=\"https:\/\/www.pressenza.com\/es\/2019\/05\/demolicion-del-sistema-ambiental-en-brasil-ya-enfrenta-reacciones\/\" \/>\n<meta property=\"og:site_name\" content=\"Pressenza\" \/>\n<meta property=\"article:publisher\" content=\"https:\/\/www.facebook.com\/PressenzaItalia\" \/>\n<meta property=\"article:author\" content=\"https:\/\/www.facebook.com\/IDN.GoingDeeper\/\" \/>\n<meta property=\"article:published_time\" content=\"2019-05-05T20:31:14+00:00\" \/>\n<meta property=\"og:image\" content=\"https:\/\/www.pressenza.com\/wp-content\/uploads\/2019\/05\/floresta_02-min-629x419.jpg\" \/>\n\t<meta property=\"og:image:width\" content=\"800\" \/>\n\t<meta property=\"og:image:height\" content=\"532\" \/>\n\t<meta property=\"og:image:type\" content=\"image\/jpeg\" \/>\n<meta name=\"author\" content=\"IDN InDepthNews\" \/>\n<meta name=\"twitter:card\" content=\"summary_large_image\" \/>\n<meta name=\"twitter:creator\" content=\"@InDepthNews\" \/>\n<meta name=\"twitter:site\" content=\"@PressenzaIPA\" \/>\n<meta name=\"twitter:label1\" content=\"Escrito por\" \/>\n\t<meta name=\"twitter:data1\" content=\"IDN InDepthNews\" \/>\n\t<meta name=\"twitter:label2\" content=\"Tiempo de lectura\" \/>\n\t<meta name=\"twitter:data2\" content=\"7 minutos\" \/>\n<script type=\"application\/ld+json\" class=\"yoast-schema-graph\">{\"@context\":\"https:\/\/schema.org\",\"@graph\":[{\"@type\":\"Article\",\"@id\":\"https:\/\/www.pressenza.com\/es\/2019\/05\/demolicion-del-sistema-ambiental-en-brasil-ya-enfrenta-reacciones\/#article\",\"isPartOf\":{\"@id\":\"https:\/\/www.pressenza.com\/es\/2019\/05\/demolicion-del-sistema-ambiental-en-brasil-ya-enfrenta-reacciones\/\"},\"author\":{\"name\":\"IDN InDepthNews\",\"@id\":\"https:\/\/www.pressenza.com\/es\/#\/schema\/person\/5a31973b72996cda6bbf4acf686fabcc\"},\"headline\":\"Demolici\u00f3n del sistema ambiental en Brasil ya enfrenta reacciones\",\"datePublished\":\"2019-05-05T20:31:14+00:00\",\"mainEntityOfPage\":{\"@id\":\"https:\/\/www.pressenza.com\/es\/2019\/05\/demolicion-del-sistema-ambiental-en-brasil-ya-enfrenta-reacciones\/\"},\"wordCount\":1379,\"publisher\":{\"@id\":\"https:\/\/www.pressenza.com\/es\/#organization\"},\"image\":{\"@id\":\"https:\/\/www.pressenza.com\/es\/2019\/05\/demolicion-del-sistema-ambiental-en-brasil-ya-enfrenta-reacciones\/#primaryimage\"},\"thumbnailUrl\":\"https:\/\/www.pressenza.com\/wp-content\/uploads\/2019\/05\/floresta_02-min-629x419.jpg\",\"keywords\":[\"agronegocio\",\"Amazonia\",\"ambiente\",\"Brasil\",\"deforestaci\u00f3n\",\"extrema derecha\",\"ganader\u00eda\",\"indigenas\",\"Instituto Chico Mendes de Conservaci\u00f3n de la Biodiversidad\",\"Jair Bolsonaro\",\"Ministerio de Agricultura\",\"Ministerio de Medio Ambiente\",\"Ruralistas\"],\"articleSection\":[\"Ecolog\u00eda y Medio Ambiente\",\"Pol\u00edtica\",\"Sudam\u00e9rica\"],\"inLanguage\":\"es\"},{\"@type\":\"WebPage\",\"@id\":\"https:\/\/www.pressenza.com\/es\/2019\/05\/demolicion-del-sistema-ambiental-en-brasil-ya-enfrenta-reacciones\/\",\"url\":\"https:\/\/www.pressenza.com\/es\/2019\/05\/demolicion-del-sistema-ambiental-en-brasil-ya-enfrenta-reacciones\/\",\"name\":\"Demolici\u00f3n del sistema ambiental en Brasil ya enfrenta reacciones\",\"isPartOf\":{\"@id\":\"https:\/\/www.pressenza.com\/es\/#website\"},\"primaryImageOfPage\":{\"@id\":\"https:\/\/www.pressenza.com\/es\/2019\/05\/demolicion-del-sistema-ambiental-en-brasil-ya-enfrenta-reacciones\/#primaryimage\"},\"image\":{\"@id\":\"https:\/\/www.pressenza.com\/es\/2019\/05\/demolicion-del-sistema-ambiental-en-brasil-ya-enfrenta-reacciones\/#primaryimage\"},\"thumbnailUrl\":\"https:\/\/www.pressenza.com\/wp-content\/uploads\/2019\/05\/floresta_02-min-629x419.jpg\",\"datePublished\":\"2019-05-05T20:31:14+00:00\",\"description\":\"Por\u00a0Mario Osava R\u00cdO DE JANEIRO, 3 may 2019 (IPS)\u00a0- El gobierno de extrema derecha aceler\u00f3 en abril la demolici\u00f3n del sistema de gesti\u00f3n y protecci\u00f3n\",\"breadcrumb\":{\"@id\":\"https:\/\/www.pressenza.com\/es\/2019\/05\/demolicion-del-sistema-ambiental-en-brasil-ya-enfrenta-reacciones\/#breadcrumb\"},\"inLanguage\":\"es\",\"potentialAction\":[{\"@type\":\"ReadAction\",\"target\":[\"https:\/\/www.pressenza.com\/es\/2019\/05\/demolicion-del-sistema-ambiental-en-brasil-ya-enfrenta-reacciones\/\"]}]},{\"@type\":\"ImageObject\",\"inLanguage\":\"es\",\"@id\":\"https:\/\/www.pressenza.com\/es\/2019\/05\/demolicion-del-sistema-ambiental-en-brasil-ya-enfrenta-reacciones\/#primaryimage\",\"url\":\"https:\/\/www.pressenza.com\/wp-content\/uploads\/2019\/05\/floresta_02-min-629x419.jpg\",\"contentUrl\":\"https:\/\/www.pressenza.com\/wp-content\/uploads\/2019\/05\/floresta_02-min-629x419.jpg\",\"width\":800,\"height\":532},{\"@type\":\"BreadcrumbList\",\"@id\":\"https:\/\/www.pressenza.com\/es\/2019\/05\/demolicion-del-sistema-ambiental-en-brasil-ya-enfrenta-reacciones\/#breadcrumb\",\"itemListElement\":[{\"@type\":\"ListItem\",\"position\":1,\"name\":\"Accueil\",\"item\":\"https:\/\/www.pressenza.com\/es\/\"},{\"@type\":\"ListItem\",\"position\":2,\"name\":\"Demolici\u00f3n del sistema ambiental en Brasil ya enfrenta reacciones\"}]},{\"@type\":\"WebSite\",\"@id\":\"https:\/\/www.pressenza.com\/es\/#website\",\"url\":\"https:\/\/www.pressenza.com\/es\/\",\"name\":\"Pressenza\",\"description\":\"International Press Agency\",\"publisher\":{\"@id\":\"https:\/\/www.pressenza.com\/es\/#organization\"},\"potentialAction\":[{\"@type\":\"SearchAction\",\"target\":{\"@type\":\"EntryPoint\",\"urlTemplate\":\"https:\/\/www.pressenza.com\/es\/?s={search_term_string}\"},\"query-input\":{\"@type\":\"PropertyValueSpecification\",\"valueRequired\":true,\"valueName\":\"search_term_string\"}}],\"inLanguage\":\"es\"},{\"@type\":\"Organization\",\"@id\":\"https:\/\/www.pressenza.com\/es\/#organization\",\"name\":\"Pressenza\",\"url\":\"https:\/\/www.pressenza.com\/es\/\",\"logo\":{\"@type\":\"ImageObject\",\"inLanguage\":\"es\",\"@id\":\"https:\/\/www.pressenza.com\/es\/#\/schema\/logo\/image\/\",\"url\":\"https:\/\/www.pressenza.com\/wp-content\/uploads\/2022\/10\/pressenza_logo_200x200.jpg\",\"contentUrl\":\"https:\/\/www.pressenza.com\/wp-content\/uploads\/2022\/10\/pressenza_logo_200x200.jpg\",\"width\":200,\"height\":200,\"caption\":\"Pressenza\"},\"image\":{\"@id\":\"https:\/\/www.pressenza.com\/es\/#\/schema\/logo\/image\/\"},\"sameAs\":[\"https:\/\/www.facebook.com\/PressenzaItalia\",\"https:\/\/x.com\/PressenzaIPA\"]},{\"@type\":\"Person\",\"@id\":\"https:\/\/www.pressenza.com\/es\/#\/schema\/person\/5a31973b72996cda6bbf4acf686fabcc\",\"name\":\"IDN InDepthNews\",\"description\":\"IDN-InDepthNews serves as flagship of the International Press Syndicate (INPS) and its partner, the Global Cooperation Council. The INPS Group respects and values race, gender, nationality and cultural differences. www.indepthnews.net\",\"sameAs\":[\"https:\/\/www.facebook.com\/IDN.GoingDeeper\/\",\"https:\/\/x.com\/InDepthNews\"],\"url\":\"https:\/\/www.pressenza.com\/es\/author\/idn\/\"}]}<\/script>\n<!-- \/ Yoast SEO plugin. -->","yoast_head_json":{"title":"Demolici\u00f3n del sistema ambiental en Brasil ya enfrenta reacciones","description":"Por\u00a0Mario Osava R\u00cdO DE JANEIRO, 3 may 2019 (IPS)\u00a0- El gobierno de extrema derecha aceler\u00f3 en abril la demolici\u00f3n del sistema de gesti\u00f3n y protecci\u00f3n","robots":{"index":"index","follow":"follow","max-snippet":"max-snippet:-1","max-image-preview":"max-image-preview:large","max-video-preview":"max-video-preview:-1"},"canonical":"https:\/\/www.pressenza.com\/es\/2019\/05\/demolicion-del-sistema-ambiental-en-brasil-ya-enfrenta-reacciones\/","og_locale":"es_ES","og_type":"article","og_title":"Demolici\u00f3n del sistema ambiental en Brasil ya enfrenta reacciones","og_description":"Por\u00a0Mario Osava R\u00cdO DE JANEIRO, 3 may 2019 (IPS)\u00a0- El gobierno de extrema derecha aceler\u00f3 en abril la demolici\u00f3n del sistema de gesti\u00f3n y protecci\u00f3n","og_url":"https:\/\/www.pressenza.com\/es\/2019\/05\/demolicion-del-sistema-ambiental-en-brasil-ya-enfrenta-reacciones\/","og_site_name":"Pressenza","article_publisher":"https:\/\/www.facebook.com\/PressenzaItalia","article_author":"https:\/\/www.facebook.com\/IDN.GoingDeeper\/","article_published_time":"2019-05-05T20:31:14+00:00","og_image":[{"width":800,"height":532,"url":"https:\/\/www.pressenza.com\/wp-content\/uploads\/2019\/05\/floresta_02-min-629x419.jpg","type":"image\/jpeg"}],"author":"IDN InDepthNews","twitter_card":"summary_large_image","twitter_creator":"@InDepthNews","twitter_site":"@PressenzaIPA","twitter_misc":{"Escrito por":"IDN InDepthNews","Tiempo de lectura":"7 minutos"},"schema":{"@context":"https:\/\/schema.org","@graph":[{"@type":"Article","@id":"https:\/\/www.pressenza.com\/es\/2019\/05\/demolicion-del-sistema-ambiental-en-brasil-ya-enfrenta-reacciones\/#article","isPartOf":{"@id":"https:\/\/www.pressenza.com\/es\/2019\/05\/demolicion-del-sistema-ambiental-en-brasil-ya-enfrenta-reacciones\/"},"author":{"name":"IDN InDepthNews","@id":"https:\/\/www.pressenza.com\/es\/#\/schema\/person\/5a31973b72996cda6bbf4acf686fabcc"},"headline":"Demolici\u00f3n del sistema ambiental en Brasil ya enfrenta reacciones","datePublished":"2019-05-05T20:31:14+00:00","mainEntityOfPage":{"@id":"https:\/\/www.pressenza.com\/es\/2019\/05\/demolicion-del-sistema-ambiental-en-brasil-ya-enfrenta-reacciones\/"},"wordCount":1379,"publisher":{"@id":"https:\/\/www.pressenza.com\/es\/#organization"},"image":{"@id":"https:\/\/www.pressenza.com\/es\/2019\/05\/demolicion-del-sistema-ambiental-en-brasil-ya-enfrenta-reacciones\/#primaryimage"},"thumbnailUrl":"https:\/\/www.pressenza.com\/wp-content\/uploads\/2019\/05\/floresta_02-min-629x419.jpg","keywords":["agronegocio","Amazonia","ambiente","Brasil","deforestaci\u00f3n","extrema derecha","ganader\u00eda","indigenas","Instituto Chico Mendes de Conservaci\u00f3n de la Biodiversidad","Jair Bolsonaro","Ministerio de Agricultura","Ministerio de Medio Ambiente","Ruralistas"],"articleSection":["Ecolog\u00eda y Medio Ambiente","Pol\u00edtica","Sudam\u00e9rica"],"inLanguage":"es"},{"@type":"WebPage","@id":"https:\/\/www.pressenza.com\/es\/2019\/05\/demolicion-del-sistema-ambiental-en-brasil-ya-enfrenta-reacciones\/","url":"https:\/\/www.pressenza.com\/es\/2019\/05\/demolicion-del-sistema-ambiental-en-brasil-ya-enfrenta-reacciones\/","name":"Demolici\u00f3n del sistema ambiental en Brasil ya enfrenta reacciones","isPartOf":{"@id":"https:\/\/www.pressenza.com\/es\/#website"},"primaryImageOfPage":{"@id":"https:\/\/www.pressenza.com\/es\/2019\/05\/demolicion-del-sistema-ambiental-en-brasil-ya-enfrenta-reacciones\/#primaryimage"},"image":{"@id":"https:\/\/www.pressenza.com\/es\/2019\/05\/demolicion-del-sistema-ambiental-en-brasil-ya-enfrenta-reacciones\/#primaryimage"},"thumbnailUrl":"https:\/\/www.pressenza.com\/wp-content\/uploads\/2019\/05\/floresta_02-min-629x419.jpg","datePublished":"2019-05-05T20:31:14+00:00","description":"Por\u00a0Mario Osava R\u00cdO DE JANEIRO, 3 may 2019 (IPS)\u00a0- El gobierno de extrema derecha aceler\u00f3 en abril la demolici\u00f3n del sistema de gesti\u00f3n y protecci\u00f3n","breadcrumb":{"@id":"https:\/\/www.pressenza.com\/es\/2019\/05\/demolicion-del-sistema-ambiental-en-brasil-ya-enfrenta-reacciones\/#breadcrumb"},"inLanguage":"es","potentialAction":[{"@type":"ReadAction","target":["https:\/\/www.pressenza.com\/es\/2019\/05\/demolicion-del-sistema-ambiental-en-brasil-ya-enfrenta-reacciones\/"]}]},{"@type":"ImageObject","inLanguage":"es","@id":"https:\/\/www.pressenza.com\/es\/2019\/05\/demolicion-del-sistema-ambiental-en-brasil-ya-enfrenta-reacciones\/#primaryimage","url":"https:\/\/www.pressenza.com\/wp-content\/uploads\/2019\/05\/floresta_02-min-629x419.jpg","contentUrl":"https:\/\/www.pressenza.com\/wp-content\/uploads\/2019\/05\/floresta_02-min-629x419.jpg","width":800,"height":532},{"@type":"BreadcrumbList","@id":"https:\/\/www.pressenza.com\/es\/2019\/05\/demolicion-del-sistema-ambiental-en-brasil-ya-enfrenta-reacciones\/#breadcrumb","itemListElement":[{"@type":"ListItem","position":1,"name":"Accueil","item":"https:\/\/www.pressenza.com\/es\/"},{"@type":"ListItem","position":2,"name":"Demolici\u00f3n del sistema ambiental en Brasil ya enfrenta reacciones"}]},{"@type":"WebSite","@id":"https:\/\/www.pressenza.com\/es\/#website","url":"https:\/\/www.pressenza.com\/es\/","name":"Pressenza","description":"International Press Agency","publisher":{"@id":"https:\/\/www.pressenza.com\/es\/#organization"},"potentialAction":[{"@type":"SearchAction","target":{"@type":"EntryPoint","urlTemplate":"https:\/\/www.pressenza.com\/es\/?s={search_term_string}"},"query-input":{"@type":"PropertyValueSpecification","valueRequired":true,"valueName":"search_term_string"}}],"inLanguage":"es"},{"@type":"Organization","@id":"https:\/\/www.pressenza.com\/es\/#organization","name":"Pressenza","url":"https:\/\/www.pressenza.com\/es\/","logo":{"@type":"ImageObject","inLanguage":"es","@id":"https:\/\/www.pressenza.com\/es\/#\/schema\/logo\/image\/","url":"https:\/\/www.pressenza.com\/wp-content\/uploads\/2022\/10\/pressenza_logo_200x200.jpg","contentUrl":"https:\/\/www.pressenza.com\/wp-content\/uploads\/2022\/10\/pressenza_logo_200x200.jpg","width":200,"height":200,"caption":"Pressenza"},"image":{"@id":"https:\/\/www.pressenza.com\/es\/#\/schema\/logo\/image\/"},"sameAs":["https:\/\/www.facebook.com\/PressenzaItalia","https:\/\/x.com\/PressenzaIPA"]},{"@type":"Person","@id":"https:\/\/www.pressenza.com\/es\/#\/schema\/person\/5a31973b72996cda6bbf4acf686fabcc","name":"IDN InDepthNews","description":"IDN-InDepthNews serves as flagship of the International Press Syndicate (INPS) and its partner, the Global Cooperation Council. The INPS Group respects and values race, gender, nationality and cultural differences. www.indepthnews.net","sameAs":["https:\/\/www.facebook.com\/IDN.GoingDeeper\/","https:\/\/x.com\/InDepthNews"],"url":"https:\/\/www.pressenza.com\/es\/author\/idn\/"}]}},"place":"R\u00edo de Janeiro, Brasil","original_article_url":"http:\/\/www.ipsnoticias.net\/2019\/05\/demolicion-del-sistema-ambiental-brasil-ya-enfrenta-reacciones\/","_links":{"self":[{"href":"https:\/\/www.pressenza.com\/es\/wp-json\/wp\/v2\/posts\/852286","targetHints":{"allow":["GET"]}}],"collection":[{"href":"https:\/\/www.pressenza.com\/es\/wp-json\/wp\/v2\/posts"}],"about":[{"href":"https:\/\/www.pressenza.com\/es\/wp-json\/wp\/v2\/types\/post"}],"author":[{"embeddable":true,"href":"https:\/\/www.pressenza.com\/es\/wp-json\/wp\/v2\/users\/250"}],"replies":[{"embeddable":true,"href":"https:\/\/www.pressenza.com\/es\/wp-json\/wp\/v2\/comments?post=852286"}],"version-history":[{"count":0,"href":"https:\/\/www.pressenza.com\/es\/wp-json\/wp\/v2\/posts\/852286\/revisions"}],"wp:featuredmedia":[{"embeddable":true,"href":"https:\/\/www.pressenza.com\/es\/wp-json\/wp\/v2\/media\/852287"}],"wp:attachment":[{"href":"https:\/\/www.pressenza.com\/es\/wp-json\/wp\/v2\/media?parent=852286"}],"wp:term":[{"taxonomy":"category","embeddable":true,"href":"https:\/\/www.pressenza.com\/es\/wp-json\/wp\/v2\/categories?post=852286"},{"taxonomy":"post_tag","embeddable":true,"href":"https:\/\/www.pressenza.com\/es\/wp-json\/wp\/v2\/tags?post=852286"}],"curies":[{"name":"wp","href":"https:\/\/api.w.org\/{rel}","templated":true}]}}