{"id":851,"date":"2009-08-06T00:00:00","date_gmt":"2009-08-06T00:00:00","guid":{"rendered":""},"modified":"2009-08-06T18:22:03","modified_gmt":"2009-08-06T18:22:03","slug":"carta-abierta-a-barack-obama","status":"publish","type":"post","link":"https:\/\/www.pressenza.com\/es\/2009\/08\/carta-abierta-a-barack-obama\/","title":{"rendered":"Carta abierta a Barack Obama"},"content":{"rendered":"<p>Se\u00f1or<br \/>\nBARACK OBAMA<br \/>\nPresidente de los Estados Unidos de Am\u00e9rica<br \/>\nPresente<\/p>\n<p>Se\u00f1or Presidente:<\/p>\n<p>Hoy, jueves 06 de agosto, se conmemora el aniversario de unos de los hechos m\u00e1s horrorosos que registra la historia humana, el bombardeo nuclear que su pa\u00eds realiz\u00f3 sobre las ciudades japonesas de Hiroshima y Nagasaki entre el 06 y 09 de Agosto de 1945, por orden del Presidente Harry Truman. M\u00e1s de 300.000 personas murieron por causa directa de ese demencial ataque, otros miles murieron en a\u00f1os y hasta d\u00e9cadas posteriores por secuelas del bombardeo y hasta el d\u00eda de hoy se registran efectos de la radioactividad que contamin\u00f3 la zona. <\/p>\n<p>Ciertamente no necesitamos argumentarle en detalle c\u00f3mo desde entonces hasta hoy el arsenal nuclear del planeta se ha multiplicado de manera alarmante, siendo su pa\u00eds el principal responsable de esa descontrolada proliferaci\u00f3n. Solo queremos recordar que el poder nuclear existente y activo al d\u00eda de hoy permite hacer explotar al planeta completo 25 veces. Esta irracional cifra da cuenta de la absurda y demencial situaci\u00f3n actual y evidencia el peligro real y concreto en que esta involucrada la especia humana al momento. <\/p>\n<p>Su llegada a la Presidencia de los EEUU, ha significado una ventana de esperanza que se ha abierto para mucha gente en el planeta, no solo por el importante simbolismo de ser usted representante de sectores sociales y culturales que hasta hace poco viv\u00edan en fuerte discriminaci\u00f3n y segregaci\u00f3n, sino tambi\u00e9n por su discurso renovador y pacificador que ha llevado adelante. Espec\u00edficamente en el tema nuclear, que representa nuestra central preocupaci\u00f3n hoy, es evidente que en el breve tiempo de su mandato se han percibido se\u00f1ales alentadoras, comenzando por la disposici\u00f3n a iniciar conversaciones con Rusia para detener la carrera armamentista nuclear, cosa que valoramos en todo lo que esto significa  e involucra. <\/p>\n<p>Sin embargo, en esta fecha de conmemoraci\u00f3n tr\u00e1gica y vergonzosa, creemos que usted puede dar un paso a\u00fan m\u00e1s audaz y que puede abrir el futuro a toda la humanidad. Por medio de la presente le pedimos que en su calidad de Presidente de los Estados Unidos anuncie a su pueblo y a todos los pueblos del mundo que su pa\u00eds renuncia al uso del armamento nuclear como modo de resoluci\u00f3n de conflictos. Esa ser\u00eda con certeza,  una se\u00f1al muy poderosa que contribuir\u00eda  sin lugar a dudas a construir una nueva era en la historia humana. Creemos que usted tiene la grandeza de esp\u00edritu y la altura de visi\u00f3n como para estar en condiciones de dar ese hist\u00f3rico paso.<\/p>\n<p>Estimado Presidente Obama, muchas personas en todo el mundo siguen con atenci\u00f3n y esperanza su acciones. Por eso hoy, en esta conmemoraci\u00f3n triste, le hacemos llegar nuestra confianza y pedimos para que la paz, la fuerza y la alegr\u00eda iluminen sus decisiones.<\/p>\n<p>Le saludan muy afectuosamente<\/p>\n<p>Mundo Sin Guerras<br \/>\nRepresentante en Francia, Sr. \u00c9ric Bastin<\/p>\n","protected":false},"excerpt":{"rendered":"<p>Por medio de la presente le pedimos, que en su calidad de Presidente de los Estados Unidos, anuncie a su pueblo y a todos los pueblos del mundo que su pa\u00eds renuncia al uso del armamento nuclear como modo de resoluci\u00f3n de conflictos. Esa ser\u00eda con certeza,  una se\u00f1al muy poderosa que contribuir\u00eda  sin lugar a dudas a construir una nueva era en la historia humana. <\/p>\n","protected":false},"author":19,"featured_media":0,"comment_status":"closed","ping_status":"open","sticky":false,"template":"","format":"standard","meta":{"footnotes":""},"categories":[149,66,39,74],"tags":[],"class_list":["post-851","post","type-post","status-publish","format-standard","hentry","category-comunicados-de-prensa","category-europa-es","category-internacional","category-politica-es"],"yoast_head":"<!-- This site is optimized with the Yoast SEO plugin v27.1.1 - https:\/\/yoast.com\/product\/yoast-seo-wordpress\/ -->\n<title>Carta abierta a Barack Obama<\/title>\n<meta name=\"description\" content=\"Por medio de la presente le pedimos, que en su calidad de Presidente de los Estados Unidos, anuncie a su pueblo y a todos los pueblos del mundo que su pa\u00eds renuncia al uso del armamento nuclear como modo de resoluci\u00f3n de conflictos. Esa ser\u00eda con certeza, una se\u00f1al muy poderosa que contribuir\u00eda sin lugar a dudas a construir una nueva era en la historia humana.\" \/>\n<meta name=\"robots\" content=\"index, follow, max-snippet:-1, max-image-preview:large, max-video-preview:-1\" \/>\n<link rel=\"canonical\" href=\"https:\/\/www.pressenza.com\/es\/2009\/08\/carta-abierta-a-barack-obama\/\" \/>\n<meta property=\"og:locale\" content=\"es_ES\" \/>\n<meta property=\"og:type\" content=\"article\" \/>\n<meta property=\"og:title\" content=\"Carta abierta a Barack Obama\" \/>\n<meta property=\"og:description\" content=\"Por medio de la presente le pedimos, que en su calidad de Presidente de los Estados Unidos, anuncie a su pueblo y a todos los pueblos del mundo que su pa\u00eds renuncia al uso del armamento nuclear como modo de resoluci\u00f3n de conflictos. Esa ser\u00eda con certeza, una se\u00f1al muy poderosa que contribuir\u00eda sin lugar a dudas a construir una nueva era en la historia humana.\" \/>\n<meta property=\"og:url\" content=\"https:\/\/www.pressenza.com\/es\/2009\/08\/carta-abierta-a-barack-obama\/\" \/>\n<meta property=\"og:site_name\" content=\"Pressenza\" \/>\n<meta property=\"article:publisher\" content=\"https:\/\/www.facebook.com\/PressenzaItalia\" \/>\n<meta property=\"article:author\" content=\"https:\/\/www.facebook.com\/pressenza\" \/>\n<meta property=\"article:published_time\" content=\"2009-08-06T00:00:00+00:00\" \/>\n<meta property=\"article:modified_time\" content=\"2009-08-06T18:22:03+00:00\" \/>\n<meta name=\"author\" content=\"Pressenza IPA\" \/>\n<meta name=\"twitter:card\" content=\"summary_large_image\" \/>\n<meta name=\"twitter:creator\" content=\"@PressenzaIPA\" \/>\n<meta name=\"twitter:site\" content=\"@PressenzaIPA\" \/>\n<meta name=\"twitter:label1\" content=\"Escrito por\" \/>\n\t<meta name=\"twitter:data1\" content=\"Pressenza IPA\" \/>\n\t<meta name=\"twitter:label2\" content=\"Tiempo de lectura\" \/>\n\t<meta name=\"twitter:data2\" content=\"3 minutos\" \/>\n<script type=\"application\/ld+json\" class=\"yoast-schema-graph\">{\"@context\":\"https:\/\/schema.org\",\"@graph\":[{\"@type\":\"Article\",\"@id\":\"https:\/\/www.pressenza.com\/es\/2009\/08\/carta-abierta-a-barack-obama\/#article\",\"isPartOf\":{\"@id\":\"https:\/\/www.pressenza.com\/es\/2009\/08\/carta-abierta-a-barack-obama\/\"},\"author\":{\"name\":\"Pressenza IPA\",\"@id\":\"https:\/\/www.pressenza.com\/es\/#\/schema\/person\/010e5d02bcf40965427a1289a4cc8d75\"},\"headline\":\"Carta abierta a Barack Obama\",\"datePublished\":\"2009-08-06T00:00:00+00:00\",\"dateModified\":\"2009-08-06T18:22:03+00:00\",\"mainEntityOfPage\":{\"@id\":\"https:\/\/www.pressenza.com\/es\/2009\/08\/carta-abierta-a-barack-obama\/\"},\"wordCount\":510,\"publisher\":{\"@id\":\"https:\/\/www.pressenza.com\/es\/#organization\"},\"articleSection\":[\"Comunicados de Prensa\",\"Europa\",\"Internacional\",\"Pol\u00edtica\"],\"inLanguage\":\"es\"},{\"@type\":\"WebPage\",\"@id\":\"https:\/\/www.pressenza.com\/es\/2009\/08\/carta-abierta-a-barack-obama\/\",\"url\":\"https:\/\/www.pressenza.com\/es\/2009\/08\/carta-abierta-a-barack-obama\/\",\"name\":\"Carta abierta a Barack Obama\",\"isPartOf\":{\"@id\":\"https:\/\/www.pressenza.com\/es\/#website\"},\"datePublished\":\"2009-08-06T00:00:00+00:00\",\"dateModified\":\"2009-08-06T18:22:03+00:00\",\"description\":\"Por medio de la presente le pedimos, que en su calidad de Presidente de los Estados Unidos, anuncie a su pueblo y a todos los pueblos del mundo que su pa\u00eds renuncia al uso del armamento nuclear como modo de resoluci\u00f3n de conflictos. Esa ser\u00eda con certeza, una se\u00f1al muy poderosa que contribuir\u00eda sin lugar a dudas a construir una nueva era en la historia humana.\",\"breadcrumb\":{\"@id\":\"https:\/\/www.pressenza.com\/es\/2009\/08\/carta-abierta-a-barack-obama\/#breadcrumb\"},\"inLanguage\":\"es\",\"potentialAction\":[{\"@type\":\"ReadAction\",\"target\":[\"https:\/\/www.pressenza.com\/es\/2009\/08\/carta-abierta-a-barack-obama\/\"]}]},{\"@type\":\"BreadcrumbList\",\"@id\":\"https:\/\/www.pressenza.com\/es\/2009\/08\/carta-abierta-a-barack-obama\/#breadcrumb\",\"itemListElement\":[{\"@type\":\"ListItem\",\"position\":1,\"name\":\"Accueil\",\"item\":\"https:\/\/www.pressenza.com\/es\/\"},{\"@type\":\"ListItem\",\"position\":2,\"name\":\"Carta abierta a Barack Obama\"}]},{\"@type\":\"WebSite\",\"@id\":\"https:\/\/www.pressenza.com\/es\/#website\",\"url\":\"https:\/\/www.pressenza.com\/es\/\",\"name\":\"Pressenza\",\"description\":\"International Press Agency\",\"publisher\":{\"@id\":\"https:\/\/www.pressenza.com\/es\/#organization\"},\"potentialAction\":[{\"@type\":\"SearchAction\",\"target\":{\"@type\":\"EntryPoint\",\"urlTemplate\":\"https:\/\/www.pressenza.com\/es\/?s={search_term_string}\"},\"query-input\":{\"@type\":\"PropertyValueSpecification\",\"valueRequired\":true,\"valueName\":\"search_term_string\"}}],\"inLanguage\":\"es\"},{\"@type\":\"Organization\",\"@id\":\"https:\/\/www.pressenza.com\/es\/#organization\",\"name\":\"Pressenza\",\"url\":\"https:\/\/www.pressenza.com\/es\/\",\"logo\":{\"@type\":\"ImageObject\",\"inLanguage\":\"es\",\"@id\":\"https:\/\/www.pressenza.com\/es\/#\/schema\/logo\/image\/\",\"url\":\"https:\/\/www.pressenza.com\/wp-content\/uploads\/2022\/10\/pressenza_logo_200x200.jpg\",\"contentUrl\":\"https:\/\/www.pressenza.com\/wp-content\/uploads\/2022\/10\/pressenza_logo_200x200.jpg\",\"width\":200,\"height\":200,\"caption\":\"Pressenza\"},\"image\":{\"@id\":\"https:\/\/www.pressenza.com\/es\/#\/schema\/logo\/image\/\"},\"sameAs\":[\"https:\/\/www.facebook.com\/PressenzaItalia\",\"https:\/\/x.com\/PressenzaIPA\"]},{\"@type\":\"Person\",\"@id\":\"https:\/\/www.pressenza.com\/es\/#\/schema\/person\/010e5d02bcf40965427a1289a4cc8d75\",\"name\":\"Pressenza IPA\",\"description\":\"News from Pressenza IPA correspondents\",\"sameAs\":[\"https:\/\/www.facebook.com\/pressenza\",\"https:\/\/x.com\/PressenzaIPA\"],\"url\":\"https:\/\/www.pressenza.com\/es\/author\/pressenza-ipa\/\"}]}<\/script>\n<!-- \/ Yoast SEO plugin. -->","yoast_head_json":{"title":"Carta abierta a Barack Obama","description":"Por medio de la presente le pedimos, que en su calidad de Presidente de los Estados Unidos, anuncie a su pueblo y a todos los pueblos del mundo que su pa\u00eds renuncia al uso del armamento nuclear como modo de resoluci\u00f3n de conflictos. Esa ser\u00eda con certeza, una se\u00f1al muy poderosa que contribuir\u00eda sin lugar a dudas a construir una nueva era en la historia humana.","robots":{"index":"index","follow":"follow","max-snippet":"max-snippet:-1","max-image-preview":"max-image-preview:large","max-video-preview":"max-video-preview:-1"},"canonical":"https:\/\/www.pressenza.com\/es\/2009\/08\/carta-abierta-a-barack-obama\/","og_locale":"es_ES","og_type":"article","og_title":"Carta abierta a Barack Obama","og_description":"Por medio de la presente le pedimos, que en su calidad de Presidente de los Estados Unidos, anuncie a su pueblo y a todos los pueblos del mundo que su pa\u00eds renuncia al uso del armamento nuclear como modo de resoluci\u00f3n de conflictos. Esa ser\u00eda con certeza, una se\u00f1al muy poderosa que contribuir\u00eda sin lugar a dudas a construir una nueva era en la historia humana.","og_url":"https:\/\/www.pressenza.com\/es\/2009\/08\/carta-abierta-a-barack-obama\/","og_site_name":"Pressenza","article_publisher":"https:\/\/www.facebook.com\/PressenzaItalia","article_author":"https:\/\/www.facebook.com\/pressenza","article_published_time":"2009-08-06T00:00:00+00:00","article_modified_time":"2009-08-06T18:22:03+00:00","author":"Pressenza IPA","twitter_card":"summary_large_image","twitter_creator":"@PressenzaIPA","twitter_site":"@PressenzaIPA","twitter_misc":{"Escrito por":"Pressenza IPA","Tiempo de lectura":"3 minutos"},"schema":{"@context":"https:\/\/schema.org","@graph":[{"@type":"Article","@id":"https:\/\/www.pressenza.com\/es\/2009\/08\/carta-abierta-a-barack-obama\/#article","isPartOf":{"@id":"https:\/\/www.pressenza.com\/es\/2009\/08\/carta-abierta-a-barack-obama\/"},"author":{"name":"Pressenza IPA","@id":"https:\/\/www.pressenza.com\/es\/#\/schema\/person\/010e5d02bcf40965427a1289a4cc8d75"},"headline":"Carta abierta a Barack Obama","datePublished":"2009-08-06T00:00:00+00:00","dateModified":"2009-08-06T18:22:03+00:00","mainEntityOfPage":{"@id":"https:\/\/www.pressenza.com\/es\/2009\/08\/carta-abierta-a-barack-obama\/"},"wordCount":510,"publisher":{"@id":"https:\/\/www.pressenza.com\/es\/#organization"},"articleSection":["Comunicados de Prensa","Europa","Internacional","Pol\u00edtica"],"inLanguage":"es"},{"@type":"WebPage","@id":"https:\/\/www.pressenza.com\/es\/2009\/08\/carta-abierta-a-barack-obama\/","url":"https:\/\/www.pressenza.com\/es\/2009\/08\/carta-abierta-a-barack-obama\/","name":"Carta abierta a Barack Obama","isPartOf":{"@id":"https:\/\/www.pressenza.com\/es\/#website"},"datePublished":"2009-08-06T00:00:00+00:00","dateModified":"2009-08-06T18:22:03+00:00","description":"Por medio de la presente le pedimos, que en su calidad de Presidente de los Estados Unidos, anuncie a su pueblo y a todos los pueblos del mundo que su pa\u00eds renuncia al uso del armamento nuclear como modo de resoluci\u00f3n de conflictos. Esa ser\u00eda con certeza, una se\u00f1al muy poderosa que contribuir\u00eda sin lugar a dudas a construir una nueva era en la historia humana.","breadcrumb":{"@id":"https:\/\/www.pressenza.com\/es\/2009\/08\/carta-abierta-a-barack-obama\/#breadcrumb"},"inLanguage":"es","potentialAction":[{"@type":"ReadAction","target":["https:\/\/www.pressenza.com\/es\/2009\/08\/carta-abierta-a-barack-obama\/"]}]},{"@type":"BreadcrumbList","@id":"https:\/\/www.pressenza.com\/es\/2009\/08\/carta-abierta-a-barack-obama\/#breadcrumb","itemListElement":[{"@type":"ListItem","position":1,"name":"Accueil","item":"https:\/\/www.pressenza.com\/es\/"},{"@type":"ListItem","position":2,"name":"Carta abierta a Barack Obama"}]},{"@type":"WebSite","@id":"https:\/\/www.pressenza.com\/es\/#website","url":"https:\/\/www.pressenza.com\/es\/","name":"Pressenza","description":"International Press Agency","publisher":{"@id":"https:\/\/www.pressenza.com\/es\/#organization"},"potentialAction":[{"@type":"SearchAction","target":{"@type":"EntryPoint","urlTemplate":"https:\/\/www.pressenza.com\/es\/?s={search_term_string}"},"query-input":{"@type":"PropertyValueSpecification","valueRequired":true,"valueName":"search_term_string"}}],"inLanguage":"es"},{"@type":"Organization","@id":"https:\/\/www.pressenza.com\/es\/#organization","name":"Pressenza","url":"https:\/\/www.pressenza.com\/es\/","logo":{"@type":"ImageObject","inLanguage":"es","@id":"https:\/\/www.pressenza.com\/es\/#\/schema\/logo\/image\/","url":"https:\/\/www.pressenza.com\/wp-content\/uploads\/2022\/10\/pressenza_logo_200x200.jpg","contentUrl":"https:\/\/www.pressenza.com\/wp-content\/uploads\/2022\/10\/pressenza_logo_200x200.jpg","width":200,"height":200,"caption":"Pressenza"},"image":{"@id":"https:\/\/www.pressenza.com\/es\/#\/schema\/logo\/image\/"},"sameAs":["https:\/\/www.facebook.com\/PressenzaItalia","https:\/\/x.com\/PressenzaIPA"]},{"@type":"Person","@id":"https:\/\/www.pressenza.com\/es\/#\/schema\/person\/010e5d02bcf40965427a1289a4cc8d75","name":"Pressenza IPA","description":"News from Pressenza IPA correspondents","sameAs":["https:\/\/www.facebook.com\/pressenza","https:\/\/x.com\/PressenzaIPA"],"url":"https:\/\/www.pressenza.com\/es\/author\/pressenza-ipa\/"}]}},"place":"Paris","original_article_url":"","_links":{"self":[{"href":"https:\/\/www.pressenza.com\/es\/wp-json\/wp\/v2\/posts\/851","targetHints":{"allow":["GET"]}}],"collection":[{"href":"https:\/\/www.pressenza.com\/es\/wp-json\/wp\/v2\/posts"}],"about":[{"href":"https:\/\/www.pressenza.com\/es\/wp-json\/wp\/v2\/types\/post"}],"author":[{"embeddable":true,"href":"https:\/\/www.pressenza.com\/es\/wp-json\/wp\/v2\/users\/19"}],"replies":[{"embeddable":true,"href":"https:\/\/www.pressenza.com\/es\/wp-json\/wp\/v2\/comments?post=851"}],"version-history":[{"count":0,"href":"https:\/\/www.pressenza.com\/es\/wp-json\/wp\/v2\/posts\/851\/revisions"}],"wp:attachment":[{"href":"https:\/\/www.pressenza.com\/es\/wp-json\/wp\/v2\/media?parent=851"}],"wp:term":[{"taxonomy":"category","embeddable":true,"href":"https:\/\/www.pressenza.com\/es\/wp-json\/wp\/v2\/categories?post=851"},{"taxonomy":"post_tag","embeddable":true,"href":"https:\/\/www.pressenza.com\/es\/wp-json\/wp\/v2\/tags?post=851"}],"curies":[{"name":"wp","href":"https:\/\/api.w.org\/{rel}","templated":true}]}}