{"id":850166,"date":"2019-05-03T19:09:37","date_gmt":"2019-05-03T18:09:37","guid":{"rendered":"https:\/\/www.pressenza.com\/?p=850166"},"modified":"2019-05-03T19:09:37","modified_gmt":"2019-05-03T18:09:37","slug":"las-cifras-de-armamento-del-sipri-confirman-la-nueva-carrera-armamentista","status":"publish","type":"post","link":"https:\/\/www.pressenza.com\/es\/2019\/05\/las-cifras-de-armamento-del-sipri-confirman-la-nueva-carrera-armamentista\/","title":{"rendered":"Las cifras de armamento del SIPRI confirman la nueva carrera armamentista"},"content":{"rendered":"<p><strong>La Oficina Internacional de la Paz present\u00f3 y coment\u00f3 hoy las cifras de armamento del <a href=\"https:\/\/www.sipri.org\/\">SIPRI<\/a> 2018 en una conferencia de prensa en Berl\u00edn.<\/strong><\/p>\n<p>Lamentablemente, las cifras de armas presentadas no son en absoluto sorprendentes, por lo tanto, no son menos escandalosas. El gasto ha alcanzado un nuevo nivel r\u00e9cord desde que el SIPRI comenz\u00f3 a recopilar los datos en 1988, dejando claro una vez m\u00e1s que el mundo est\u00e1 en una carrera armamentista y que no se est\u00e1n abordando las cuestiones mundiales. \u00abLos militares en particular son una de las causas del cambio clim\u00e1tico. Los militares destruyen el medio ambiente, no lo salvan; los militares destruyen la vida humana y no la protegen.\u201d Este es el comentario de Lucas Wirl, representante de <a href=\"https:\/\/www.ipb.org\/\">IPB<\/a> e <a href=\"https:\/\/www.ialana.de\/\">IALANA<\/a>.<\/p>\n<p><img loading=\"lazy\" decoding=\"async\" class=\"aligncenter wp-image-848247\" src=\"https:\/\/www.pressenza.com\/wp-content\/uploads\/2019\/04\/Sipri_Ruestungsausgaben_2018-720x443.jpg\" alt=\"SIPRI R\u00fcstungszahlen best\u00e4tigen das neue Wettr\u00fcsten\" width=\"762\" height=\"469\" srcset=\"https:\/\/www.pressenza.com\/wp-content\/uploads\/2019\/04\/Sipri_Ruestungsausgaben_2018-720x443.jpg 720w, https:\/\/www.pressenza.com\/wp-content\/uploads\/2019\/04\/Sipri_Ruestungsausgaben_2018-300x184.jpg 300w, https:\/\/www.pressenza.com\/wp-content\/uploads\/2019\/04\/Sipri_Ruestungsausgaben_2018.jpg 750w\" sizes=\"auto, (max-width: 762px) 100vw, 762px\" \/><\/p>\n<p>La espiral de armas es impulsada por las principales potencias econ\u00f3micas del mundo y los Estados de la OTAN. La OTAN representa el 53% del gasto militar de este a\u00f1o. Los Estados Unidos lidera (36%), seguidos por China (14%), Arabia Saudita e India (3,7% cada uno) y Francia (3,5%). El gasto en defensa de Rusia est\u00e1 cayendo por tercera vez consecutiva y se est\u00e1 desplazando hasta el puesto 6 detr\u00e1s de Francia, tras un aumento del 1,8%, Alemania se encuentra ahora en el puesto 8.<\/p>\n<p><strong>1,6 billones de euros para armamento<\/strong><\/p>\n<p><a href=\"https:\/\/neu-alexander.de\/\">Alexander Neu MdB DIE LINKEN<\/a>, miembro del comit\u00e9 de defensa, trata de situar las figuras en un contexto hist\u00f3rico: \u00abEn los a\u00f1os 90, tras el final de la Guerra Fr\u00eda, surgi\u00f3 un mundo unipolar con el claro dominio de Occidente. Desde hace algunos a\u00f1os estamos experimentando un cambio de tendencia. El orden mundial unipolar ha llegado a su fin y nos encontramos en una fase intermedia hacia un mundo multipolar, donde hay nuevos actores adem\u00e1s de los Estados Unidos. Entre ellos figuran China, la Federaci\u00f3n de Rusia en lo que respecta al componente militar y, de ser necesario, la Uni\u00f3n Europea dirigida por Alemania y Francia\u00bb.<\/p>\n<div id=\"attachment_848125\" class=\"wp-caption aligncenter\"><img loading=\"lazy\" decoding=\"async\" aria-describedby=\"caption-attachment-848125\" class=\"wp-image-848125 \" src=\"https:\/\/www.pressenza.com\/wp-content\/uploads\/2019\/04\/SIPRI-Ruestungszahlen-Pressekonferenz-IPB_2-720x478.jpg\" alt=\"\" width=\"753\" height=\"500\" srcset=\"https:\/\/www.pressenza.com\/wp-content\/uploads\/2019\/04\/SIPRI-Ruestungszahlen-Pressekonferenz-IPB_2-720x478.jpg 720w, https:\/\/www.pressenza.com\/wp-content\/uploads\/2019\/04\/SIPRI-Ruestungszahlen-Pressekonferenz-IPB_2-300x199.jpg 300w, https:\/\/www.pressenza.com\/wp-content\/uploads\/2019\/04\/SIPRI-Ruestungszahlen-Pressekonferenz-IPB_2-768x510.jpg 768w, https:\/\/www.pressenza.com\/wp-content\/uploads\/2019\/04\/SIPRI-Ruestungszahlen-Pressekonferenz-IPB_2.jpg 2048w\" sizes=\"auto, (max-width: 753px) 100vw, 753px\" \/><p id=\"caption-attachment-848125\" class=\"wp-caption-text\">Alexander Neu MdB, DIE LINKEN (Fotograf\u00eda de Reto Thumiger, Pressenza)<\/p><\/div>\n<p>Seg\u00fan Neu, todav\u00eda no est\u00e1 claro si la Uni\u00f3n Europea puede convertirse en un actor en el \u00e1mbito de la pol\u00edtica exterior y de seguridad. Sin embargo, la creciente militarizaci\u00f3n de la Uni\u00f3n es claramente un intento de desempe\u00f1ar ese papel.<\/p>\n<p><strong>De 193 estados, Alemania ocupa el octavo lugar en gastos militares.<\/strong><\/p>\n<p>Michael M\u00fcller, miembro del parlamento por <em><a href=\"https:\/\/www.naturfreunde.de\/\">NaturFreunde Deutschlands<\/a><\/em>, se\u00f1ala el doble desaf\u00edo.<\/p>\n<p>La reca\u00edda en una comprensi\u00f3n excluyente y confrontacional de la pol\u00edtica se basa en la suposici\u00f3n completamente ilusoria de que todav\u00eda se puede vivir en oasis verdes protegidos de paz y prosperidad en el futuro, en un mundo que se fusiona r\u00e1pidamente.<\/p>\n<p>Es precisamente el crecimiento conjunto del mundo lo que requiere una forma diferente de asociaci\u00f3n y cooperaci\u00f3n. La cuesti\u00f3n del cambio clim\u00e1tico se est\u00e1 volviendo muy clara. Un calentamiento de 2\u00b0 en lugar de 1,5\u00b0 sumir\u00eda a 400 millones de personas en una crisis de hambre y pondr\u00eda a 80 millones frente a una escasez total de agua.<\/p>\n<p><strong>Vivimos al borde de la paz.<\/strong><\/p>\n<p>M\u00fcller advierte de los dos mayores peligros que amenazan a la humanidad ante el armamento nuclear y el cambio clim\u00e1tico. Esta reorganizaci\u00f3n del mundo se caracteriza, en un lado, por una militarizaci\u00f3n de la pol\u00edtica de poder y, por otro, por una total negligencia en la provisi\u00f3n futura y la prevenci\u00f3n de crisis.<\/p>\n<div id=\"attachment_848135\" class=\"wp-caption aligncenter\"><img loading=\"lazy\" decoding=\"async\" aria-describedby=\"caption-attachment-848135\" class=\"wp-image-848135 size-large\" src=\"https:\/\/www.pressenza.com\/wp-content\/uploads\/2019\/04\/SIPRI-Ruestungszahlen-Pressekonferenz-IPB_3-720x478.jpg\" alt=\"SIPRI R\u00fcstungszahlen best\u00e4tigen das neue Wettr\u00fcsten\" width=\"720\" height=\"478\" srcset=\"https:\/\/www.pressenza.com\/wp-content\/uploads\/2019\/04\/SIPRI-Ruestungszahlen-Pressekonferenz-IPB_3-720x478.jpg 720w, https:\/\/www.pressenza.com\/wp-content\/uploads\/2019\/04\/SIPRI-Ruestungszahlen-Pressekonferenz-IPB_3-300x199.jpg 300w, https:\/\/www.pressenza.com\/wp-content\/uploads\/2019\/04\/SIPRI-Ruestungszahlen-Pressekonferenz-IPB_3-768x510.jpg 768w, https:\/\/www.pressenza.com\/wp-content\/uploads\/2019\/04\/SIPRI-Ruestungszahlen-Pressekonferenz-IPB_3.jpg 2048w\" sizes=\"auto, (max-width: 720px) 100vw, 720px\" \/><p id=\"caption-attachment-848135\" class=\"wp-caption-text\">Michael M\u00fcller, Delegado de <em>NaturFreunde Deutschlands<\/em> (Fotograf\u00eda de Reto Thumiger, Pressenza)<\/p><\/div>\n<p>\u00abEsta armadura es un intento de salvar algo que est\u00e1 en declive, algo que no se puede salvar en forma. Tal y como se supone que debe ser el mundo, hay que presentarlo a nivel nacional y, por lo tanto, abogamos por el desarme en lugar de por el rearme.\u201d<\/p>\n<p><strong>Mientras tanto, el armamento es el segundo presupuesto departamental m\u00e1s grande.<\/strong><\/p>\n<p>Con el uso actual del dinero, ya se podr\u00eda hablar claramente de un abuso del dinero de los impuestos para armamento. Seg\u00fan Alexander Neu, los pol\u00edticos responsables ya temen un resurgimiento del movimiento por la paz y una resonancia p\u00fablica. \u00abEl pueblo debe moverse en este pa\u00eds y debe hacerse fuerte para una reorientaci\u00f3n de los medios a favor de los rangos sociales y el medio ambiente\u00bb, apel\u00f3 el diputado federal al fin.<\/p>\n<hr \/>\n<p><em>Traducci\u00f3n del alem\u00e1n por Sof\u00eda Guevara<\/em><\/p>\n","protected":false},"excerpt":{"rendered":"<p>La Oficina Internacional de la Paz present\u00f3 y coment\u00f3 hoy las cifras de armamento del SIPRI 2018 en una conferencia de prensa en Berl\u00edn. Lamentablemente, las cifras de armas presentadas no son en absoluto sorprendentes, por lo tanto, no son&hellip;<\/p>\n","protected":false},"author":1089,"featured_media":848113,"comment_status":"closed","ping_status":"closed","sticky":false,"template":"","format":"standard","meta":{"footnotes":""},"categories":[11389,39,1243],"tags":[19665,29004,58381,58382,58383,58198,58384],"class_list":["post-850166","post","type-post","status-publish","format-standard","has-post-thumbnail","hentry","category-contenido-original","category-internacional","category-paz-desarme","tag-armamento","tag-carrera-armamentista","tag-desmantelamiento-en-lugar-de-rearme","tag-ganancias-de-guerra","tag-ipb-es","tag-sipri-es","tag-stockholm-international-peace-reserach-institute-es"],"yoast_head":"<!-- This site is optimized with the Yoast SEO plugin v27.1.1 - https:\/\/yoast.com\/product\/yoast-seo-wordpress\/ -->\n<title>Las cifras de armamento del SIPRI confirman la nueva carrera armamentista<\/title>\n<meta name=\"description\" content=\"La Oficina Internacional de la Paz present\u00f3 y coment\u00f3 hoy las cifras de armamento del SIPRI 2018 en una conferencia de prensa en Berl\u00edn. Lamentablemente,\" \/>\n<meta name=\"robots\" content=\"index, follow, max-snippet:-1, max-image-preview:large, max-video-preview:-1\" \/>\n<link rel=\"canonical\" href=\"https:\/\/www.pressenza.com\/es\/2019\/05\/las-cifras-de-armamento-del-sipri-confirman-la-nueva-carrera-armamentista\/\" \/>\n<meta property=\"og:locale\" content=\"es_ES\" \/>\n<meta property=\"og:type\" content=\"article\" \/>\n<meta property=\"og:title\" content=\"Las cifras de armamento del SIPRI confirman la nueva carrera armamentista\" \/>\n<meta property=\"og:description\" content=\"La Oficina Internacional de la Paz present\u00f3 y coment\u00f3 hoy las cifras de armamento del SIPRI 2018 en una conferencia de prensa en Berl\u00edn. Lamentablemente,\" \/>\n<meta property=\"og:url\" content=\"https:\/\/www.pressenza.com\/es\/2019\/05\/las-cifras-de-armamento-del-sipri-confirman-la-nueva-carrera-armamentista\/\" \/>\n<meta property=\"og:site_name\" content=\"Pressenza\" \/>\n<meta property=\"article:publisher\" content=\"https:\/\/www.facebook.com\/PressenzaItalia\" \/>\n<meta property=\"article:author\" content=\"https:\/\/www.facebook.com\/rthumiger\" \/>\n<meta property=\"article:published_time\" content=\"2019-05-03T18:09:37+00:00\" \/>\n<meta property=\"og:image\" content=\"https:\/\/www.pressenza.com\/wp-content\/uploads\/2019\/04\/SIPRI-Ruestungszahlen-Pressekonferenz-IPB_1.jpg\" \/>\n\t<meta property=\"og:image:width\" content=\"750\" \/>\n\t<meta property=\"og:image:height\" content=\"415\" \/>\n\t<meta property=\"og:image:type\" content=\"image\/jpeg\" \/>\n<meta name=\"author\" content=\"Reto Thumiger\" \/>\n<meta name=\"twitter:card\" content=\"summary_large_image\" \/>\n<meta name=\"twitter:creator\" content=\"@pressenza_ger\" \/>\n<meta name=\"twitter:site\" content=\"@PressenzaIPA\" \/>\n<meta name=\"twitter:label1\" content=\"Escrito por\" \/>\n\t<meta name=\"twitter:data1\" content=\"Reto Thumiger\" \/>\n\t<meta name=\"twitter:label2\" content=\"Tiempo de lectura\" \/>\n\t<meta name=\"twitter:data2\" content=\"4 minutos\" \/>\n<script type=\"application\/ld+json\" class=\"yoast-schema-graph\">{\"@context\":\"https:\/\/schema.org\",\"@graph\":[{\"@type\":\"Article\",\"@id\":\"https:\/\/www.pressenza.com\/es\/2019\/05\/las-cifras-de-armamento-del-sipri-confirman-la-nueva-carrera-armamentista\/#article\",\"isPartOf\":{\"@id\":\"https:\/\/www.pressenza.com\/es\/2019\/05\/las-cifras-de-armamento-del-sipri-confirman-la-nueva-carrera-armamentista\/\"},\"author\":{\"name\":\"Reto Thumiger\",\"@id\":\"https:\/\/www.pressenza.com\/es\/#\/schema\/person\/e233667f8b5764bd84b766de5286a5fa\"},\"headline\":\"Las cifras de armamento del SIPRI confirman la nueva carrera armamentista\",\"datePublished\":\"2019-05-03T18:09:37+00:00\",\"mainEntityOfPage\":{\"@id\":\"https:\/\/www.pressenza.com\/es\/2019\/05\/las-cifras-de-armamento-del-sipri-confirman-la-nueva-carrera-armamentista\/\"},\"wordCount\":772,\"publisher\":{\"@id\":\"https:\/\/www.pressenza.com\/es\/#organization\"},\"image\":{\"@id\":\"https:\/\/www.pressenza.com\/es\/2019\/05\/las-cifras-de-armamento-del-sipri-confirman-la-nueva-carrera-armamentista\/#primaryimage\"},\"thumbnailUrl\":\"https:\/\/www.pressenza.com\/wp-content\/uploads\/2019\/04\/SIPRI-Ruestungszahlen-Pressekonferenz-IPB_1.jpg\",\"keywords\":[\"armamento\",\"carrera armamentista\",\"Desmantelamiento en lugar de rearme\",\"ganancias de guerra\",\"IPB\",\"SIPRI\",\"Stockholm International Peace Reserach Institute\"],\"articleSection\":[\"Contenido Original\",\"Internacional\",\"Paz y Desarme\"],\"inLanguage\":\"es\"},{\"@type\":\"WebPage\",\"@id\":\"https:\/\/www.pressenza.com\/es\/2019\/05\/las-cifras-de-armamento-del-sipri-confirman-la-nueva-carrera-armamentista\/\",\"url\":\"https:\/\/www.pressenza.com\/es\/2019\/05\/las-cifras-de-armamento-del-sipri-confirman-la-nueva-carrera-armamentista\/\",\"name\":\"Las cifras de armamento del SIPRI confirman la nueva carrera armamentista\",\"isPartOf\":{\"@id\":\"https:\/\/www.pressenza.com\/es\/#website\"},\"primaryImageOfPage\":{\"@id\":\"https:\/\/www.pressenza.com\/es\/2019\/05\/las-cifras-de-armamento-del-sipri-confirman-la-nueva-carrera-armamentista\/#primaryimage\"},\"image\":{\"@id\":\"https:\/\/www.pressenza.com\/es\/2019\/05\/las-cifras-de-armamento-del-sipri-confirman-la-nueva-carrera-armamentista\/#primaryimage\"},\"thumbnailUrl\":\"https:\/\/www.pressenza.com\/wp-content\/uploads\/2019\/04\/SIPRI-Ruestungszahlen-Pressekonferenz-IPB_1.jpg\",\"datePublished\":\"2019-05-03T18:09:37+00:00\",\"description\":\"La Oficina Internacional de la Paz present\u00f3 y coment\u00f3 hoy las cifras de armamento del SIPRI 2018 en una conferencia de prensa en Berl\u00edn. Lamentablemente,\",\"breadcrumb\":{\"@id\":\"https:\/\/www.pressenza.com\/es\/2019\/05\/las-cifras-de-armamento-del-sipri-confirman-la-nueva-carrera-armamentista\/#breadcrumb\"},\"inLanguage\":\"es\",\"potentialAction\":[{\"@type\":\"ReadAction\",\"target\":[\"https:\/\/www.pressenza.com\/es\/2019\/05\/las-cifras-de-armamento-del-sipri-confirman-la-nueva-carrera-armamentista\/\"]}]},{\"@type\":\"ImageObject\",\"inLanguage\":\"es\",\"@id\":\"https:\/\/www.pressenza.com\/es\/2019\/05\/las-cifras-de-armamento-del-sipri-confirman-la-nueva-carrera-armamentista\/#primaryimage\",\"url\":\"https:\/\/www.pressenza.com\/wp-content\/uploads\/2019\/04\/SIPRI-Ruestungszahlen-Pressekonferenz-IPB_1.jpg\",\"contentUrl\":\"https:\/\/www.pressenza.com\/wp-content\/uploads\/2019\/04\/SIPRI-Ruestungszahlen-Pressekonferenz-IPB_1.jpg\",\"width\":750,\"height\":415,\"caption\":\"SIPRI R\u00fcstungszahlen best\u00e4tigen das neue Wettr\u00fcsten\"},{\"@type\":\"BreadcrumbList\",\"@id\":\"https:\/\/www.pressenza.com\/es\/2019\/05\/las-cifras-de-armamento-del-sipri-confirman-la-nueva-carrera-armamentista\/#breadcrumb\",\"itemListElement\":[{\"@type\":\"ListItem\",\"position\":1,\"name\":\"Accueil\",\"item\":\"https:\/\/www.pressenza.com\/es\/\"},{\"@type\":\"ListItem\",\"position\":2,\"name\":\"Las cifras de armamento del SIPRI confirman la nueva carrera armamentista\"}]},{\"@type\":\"WebSite\",\"@id\":\"https:\/\/www.pressenza.com\/es\/#website\",\"url\":\"https:\/\/www.pressenza.com\/es\/\",\"name\":\"Pressenza\",\"description\":\"International Press Agency\",\"publisher\":{\"@id\":\"https:\/\/www.pressenza.com\/es\/#organization\"},\"potentialAction\":[{\"@type\":\"SearchAction\",\"target\":{\"@type\":\"EntryPoint\",\"urlTemplate\":\"https:\/\/www.pressenza.com\/es\/?s={search_term_string}\"},\"query-input\":{\"@type\":\"PropertyValueSpecification\",\"valueRequired\":true,\"valueName\":\"search_term_string\"}}],\"inLanguage\":\"es\"},{\"@type\":\"Organization\",\"@id\":\"https:\/\/www.pressenza.com\/es\/#organization\",\"name\":\"Pressenza\",\"url\":\"https:\/\/www.pressenza.com\/es\/\",\"logo\":{\"@type\":\"ImageObject\",\"inLanguage\":\"es\",\"@id\":\"https:\/\/www.pressenza.com\/es\/#\/schema\/logo\/image\/\",\"url\":\"https:\/\/www.pressenza.com\/wp-content\/uploads\/2022\/10\/pressenza_logo_200x200.jpg\",\"contentUrl\":\"https:\/\/www.pressenza.com\/wp-content\/uploads\/2022\/10\/pressenza_logo_200x200.jpg\",\"width\":200,\"height\":200,\"caption\":\"Pressenza\"},\"image\":{\"@id\":\"https:\/\/www.pressenza.com\/es\/#\/schema\/logo\/image\/\"},\"sameAs\":[\"https:\/\/www.facebook.com\/PressenzaItalia\",\"https:\/\/x.com\/PressenzaIPA\"]},{\"@type\":\"Person\",\"@id\":\"https:\/\/www.pressenza.com\/es\/#\/schema\/person\/e233667f8b5764bd84b766de5286a5fa\",\"name\":\"Reto Thumiger\",\"description\":\"The Swiss-born business administrator has been an activist for the New Humanism for over 25 years. He is committed to the promotion of cultural diversity, equal rights and the creation of equal opportunities for all people. He is committed to an internal and external revolution based on active non-violence. Through his voluntary work at Pressenza, he endeavours to contribute to overcoming violence through journalism that focuses on peace and non-violence.\",\"sameAs\":[\"http:\/\/www.pressenza.com\/de\",\"https:\/\/www.facebook.com\/rthumiger\",\"https:\/\/x.com\/pressenza_ger\"],\"url\":\"https:\/\/www.pressenza.com\/es\/author\/reto-thumiger\/\"}]}<\/script>\n<!-- \/ Yoast SEO plugin. -->","yoast_head_json":{"title":"Las cifras de armamento del SIPRI confirman la nueva carrera armamentista","description":"La Oficina Internacional de la Paz present\u00f3 y coment\u00f3 hoy las cifras de armamento del SIPRI 2018 en una conferencia de prensa en Berl\u00edn. Lamentablemente,","robots":{"index":"index","follow":"follow","max-snippet":"max-snippet:-1","max-image-preview":"max-image-preview:large","max-video-preview":"max-video-preview:-1"},"canonical":"https:\/\/www.pressenza.com\/es\/2019\/05\/las-cifras-de-armamento-del-sipri-confirman-la-nueva-carrera-armamentista\/","og_locale":"es_ES","og_type":"article","og_title":"Las cifras de armamento del SIPRI confirman la nueva carrera armamentista","og_description":"La Oficina Internacional de la Paz present\u00f3 y coment\u00f3 hoy las cifras de armamento del SIPRI 2018 en una conferencia de prensa en Berl\u00edn. Lamentablemente,","og_url":"https:\/\/www.pressenza.com\/es\/2019\/05\/las-cifras-de-armamento-del-sipri-confirman-la-nueva-carrera-armamentista\/","og_site_name":"Pressenza","article_publisher":"https:\/\/www.facebook.com\/PressenzaItalia","article_author":"https:\/\/www.facebook.com\/rthumiger","article_published_time":"2019-05-03T18:09:37+00:00","og_image":[{"width":750,"height":415,"url":"https:\/\/www.pressenza.com\/wp-content\/uploads\/2019\/04\/SIPRI-Ruestungszahlen-Pressekonferenz-IPB_1.jpg","type":"image\/jpeg"}],"author":"Reto Thumiger","twitter_card":"summary_large_image","twitter_creator":"@pressenza_ger","twitter_site":"@PressenzaIPA","twitter_misc":{"Escrito por":"Reto Thumiger","Tiempo de lectura":"4 minutos"},"schema":{"@context":"https:\/\/schema.org","@graph":[{"@type":"Article","@id":"https:\/\/www.pressenza.com\/es\/2019\/05\/las-cifras-de-armamento-del-sipri-confirman-la-nueva-carrera-armamentista\/#article","isPartOf":{"@id":"https:\/\/www.pressenza.com\/es\/2019\/05\/las-cifras-de-armamento-del-sipri-confirman-la-nueva-carrera-armamentista\/"},"author":{"name":"Reto Thumiger","@id":"https:\/\/www.pressenza.com\/es\/#\/schema\/person\/e233667f8b5764bd84b766de5286a5fa"},"headline":"Las cifras de armamento del SIPRI confirman la nueva carrera armamentista","datePublished":"2019-05-03T18:09:37+00:00","mainEntityOfPage":{"@id":"https:\/\/www.pressenza.com\/es\/2019\/05\/las-cifras-de-armamento-del-sipri-confirman-la-nueva-carrera-armamentista\/"},"wordCount":772,"publisher":{"@id":"https:\/\/www.pressenza.com\/es\/#organization"},"image":{"@id":"https:\/\/www.pressenza.com\/es\/2019\/05\/las-cifras-de-armamento-del-sipri-confirman-la-nueva-carrera-armamentista\/#primaryimage"},"thumbnailUrl":"https:\/\/www.pressenza.com\/wp-content\/uploads\/2019\/04\/SIPRI-Ruestungszahlen-Pressekonferenz-IPB_1.jpg","keywords":["armamento","carrera armamentista","Desmantelamiento en lugar de rearme","ganancias de guerra","IPB","SIPRI","Stockholm International Peace Reserach Institute"],"articleSection":["Contenido Original","Internacional","Paz y Desarme"],"inLanguage":"es"},{"@type":"WebPage","@id":"https:\/\/www.pressenza.com\/es\/2019\/05\/las-cifras-de-armamento-del-sipri-confirman-la-nueva-carrera-armamentista\/","url":"https:\/\/www.pressenza.com\/es\/2019\/05\/las-cifras-de-armamento-del-sipri-confirman-la-nueva-carrera-armamentista\/","name":"Las cifras de armamento del SIPRI confirman la nueva carrera armamentista","isPartOf":{"@id":"https:\/\/www.pressenza.com\/es\/#website"},"primaryImageOfPage":{"@id":"https:\/\/www.pressenza.com\/es\/2019\/05\/las-cifras-de-armamento-del-sipri-confirman-la-nueva-carrera-armamentista\/#primaryimage"},"image":{"@id":"https:\/\/www.pressenza.com\/es\/2019\/05\/las-cifras-de-armamento-del-sipri-confirman-la-nueva-carrera-armamentista\/#primaryimage"},"thumbnailUrl":"https:\/\/www.pressenza.com\/wp-content\/uploads\/2019\/04\/SIPRI-Ruestungszahlen-Pressekonferenz-IPB_1.jpg","datePublished":"2019-05-03T18:09:37+00:00","description":"La Oficina Internacional de la Paz present\u00f3 y coment\u00f3 hoy las cifras de armamento del SIPRI 2018 en una conferencia de prensa en Berl\u00edn. Lamentablemente,","breadcrumb":{"@id":"https:\/\/www.pressenza.com\/es\/2019\/05\/las-cifras-de-armamento-del-sipri-confirman-la-nueva-carrera-armamentista\/#breadcrumb"},"inLanguage":"es","potentialAction":[{"@type":"ReadAction","target":["https:\/\/www.pressenza.com\/es\/2019\/05\/las-cifras-de-armamento-del-sipri-confirman-la-nueva-carrera-armamentista\/"]}]},{"@type":"ImageObject","inLanguage":"es","@id":"https:\/\/www.pressenza.com\/es\/2019\/05\/las-cifras-de-armamento-del-sipri-confirman-la-nueva-carrera-armamentista\/#primaryimage","url":"https:\/\/www.pressenza.com\/wp-content\/uploads\/2019\/04\/SIPRI-Ruestungszahlen-Pressekonferenz-IPB_1.jpg","contentUrl":"https:\/\/www.pressenza.com\/wp-content\/uploads\/2019\/04\/SIPRI-Ruestungszahlen-Pressekonferenz-IPB_1.jpg","width":750,"height":415,"caption":"SIPRI R\u00fcstungszahlen best\u00e4tigen das neue Wettr\u00fcsten"},{"@type":"BreadcrumbList","@id":"https:\/\/www.pressenza.com\/es\/2019\/05\/las-cifras-de-armamento-del-sipri-confirman-la-nueva-carrera-armamentista\/#breadcrumb","itemListElement":[{"@type":"ListItem","position":1,"name":"Accueil","item":"https:\/\/www.pressenza.com\/es\/"},{"@type":"ListItem","position":2,"name":"Las cifras de armamento del SIPRI confirman la nueva carrera armamentista"}]},{"@type":"WebSite","@id":"https:\/\/www.pressenza.com\/es\/#website","url":"https:\/\/www.pressenza.com\/es\/","name":"Pressenza","description":"International Press Agency","publisher":{"@id":"https:\/\/www.pressenza.com\/es\/#organization"},"potentialAction":[{"@type":"SearchAction","target":{"@type":"EntryPoint","urlTemplate":"https:\/\/www.pressenza.com\/es\/?s={search_term_string}"},"query-input":{"@type":"PropertyValueSpecification","valueRequired":true,"valueName":"search_term_string"}}],"inLanguage":"es"},{"@type":"Organization","@id":"https:\/\/www.pressenza.com\/es\/#organization","name":"Pressenza","url":"https:\/\/www.pressenza.com\/es\/","logo":{"@type":"ImageObject","inLanguage":"es","@id":"https:\/\/www.pressenza.com\/es\/#\/schema\/logo\/image\/","url":"https:\/\/www.pressenza.com\/wp-content\/uploads\/2022\/10\/pressenza_logo_200x200.jpg","contentUrl":"https:\/\/www.pressenza.com\/wp-content\/uploads\/2022\/10\/pressenza_logo_200x200.jpg","width":200,"height":200,"caption":"Pressenza"},"image":{"@id":"https:\/\/www.pressenza.com\/es\/#\/schema\/logo\/image\/"},"sameAs":["https:\/\/www.facebook.com\/PressenzaItalia","https:\/\/x.com\/PressenzaIPA"]},{"@type":"Person","@id":"https:\/\/www.pressenza.com\/es\/#\/schema\/person\/e233667f8b5764bd84b766de5286a5fa","name":"Reto Thumiger","description":"The Swiss-born business administrator has been an activist for the New Humanism for over 25 years. He is committed to the promotion of cultural diversity, equal rights and the creation of equal opportunities for all people. He is committed to an internal and external revolution based on active non-violence. Through his voluntary work at Pressenza, he endeavours to contribute to overcoming violence through journalism that focuses on peace and non-violence.","sameAs":["http:\/\/www.pressenza.com\/de","https:\/\/www.facebook.com\/rthumiger","https:\/\/x.com\/pressenza_ger"],"url":"https:\/\/www.pressenza.com\/es\/author\/reto-thumiger\/"}]}},"place":"Berl\u00edn","original_article_url":"","_links":{"self":[{"href":"https:\/\/www.pressenza.com\/es\/wp-json\/wp\/v2\/posts\/850166","targetHints":{"allow":["GET"]}}],"collection":[{"href":"https:\/\/www.pressenza.com\/es\/wp-json\/wp\/v2\/posts"}],"about":[{"href":"https:\/\/www.pressenza.com\/es\/wp-json\/wp\/v2\/types\/post"}],"author":[{"embeddable":true,"href":"https:\/\/www.pressenza.com\/es\/wp-json\/wp\/v2\/users\/1089"}],"replies":[{"embeddable":true,"href":"https:\/\/www.pressenza.com\/es\/wp-json\/wp\/v2\/comments?post=850166"}],"version-history":[{"count":0,"href":"https:\/\/www.pressenza.com\/es\/wp-json\/wp\/v2\/posts\/850166\/revisions"}],"wp:featuredmedia":[{"embeddable":true,"href":"https:\/\/www.pressenza.com\/es\/wp-json\/wp\/v2\/media\/848113"}],"wp:attachment":[{"href":"https:\/\/www.pressenza.com\/es\/wp-json\/wp\/v2\/media?parent=850166"}],"wp:term":[{"taxonomy":"category","embeddable":true,"href":"https:\/\/www.pressenza.com\/es\/wp-json\/wp\/v2\/categories?post=850166"},{"taxonomy":"post_tag","embeddable":true,"href":"https:\/\/www.pressenza.com\/es\/wp-json\/wp\/v2\/tags?post=850166"}],"curies":[{"name":"wp","href":"https:\/\/api.w.org\/{rel}","templated":true}]}}