{"id":849353,"date":"2019-05-02T04:55:16","date_gmt":"2019-05-02T03:55:16","guid":{"rendered":"https:\/\/www.pressenza.com\/?p=849353"},"modified":"2019-05-02T04:57:30","modified_gmt":"2019-05-02T03:57:30","slug":"una-mirada-sobre-el-dia-del-trabajo-en-quito","status":"publish","type":"post","link":"https:\/\/www.pressenza.com\/es\/2019\/05\/una-mirada-sobre-el-dia-del-trabajo-en-quito\/","title":{"rendered":"Una mirada sobre el D\u00eda del Trabajo en Quito"},"content":{"rendered":"<p>Cientos y cientos de personas marcharon hoy en Quito para celebrar el 1ero. de mayo, d\u00eda del trabajo.<\/p>\n<p><iframe loading=\"lazy\" title=\"Marcha 1ro de Mayo. Quito\" width=\"500\" height=\"281\" src=\"https:\/\/www.youtube.com\/embed\/g4N8cRqatJw?feature=oembed\" frameborder=\"0\" allow=\"accelerometer; autoplay; clipboard-write; encrypted-media; gyroscope; picture-in-picture; web-share\" referrerpolicy=\"strict-origin-when-cross-origin\" allowfullscreen><\/iframe><\/p>\n<p>A lo largo de la jornada una marcha que copaba las calles se dispers\u00f3 al llegar al punto de encuentro de la tradicional Plaza de San Francisco. M\u00e1s all\u00e1 de las consignas, muchas de ellas repetitivas a lo largo de los a\u00f1os, se pudo percibir una b\u00fasqueda permanente por la no renuncia a derechos adquiridos.<\/p>\n<p><img loading=\"lazy\" decoding=\"async\" class=\"aligncenter size-large wp-image-849525\" src=\"https:\/\/www.pressenza.com\/wp-content\/uploads\/2019\/05\/1-de-Mayo03-720x540.jpg\" alt=\"\" width=\"720\" height=\"540\" srcset=\"https:\/\/www.pressenza.com\/wp-content\/uploads\/2019\/05\/1-de-Mayo03-720x540.jpg 720w, https:\/\/www.pressenza.com\/wp-content\/uploads\/2019\/05\/1-de-Mayo03-300x225.jpg 300w, https:\/\/www.pressenza.com\/wp-content\/uploads\/2019\/05\/1-de-Mayo03-768x576.jpg 768w, https:\/\/www.pressenza.com\/wp-content\/uploads\/2019\/05\/1-de-Mayo03.jpg 1200w\" sizes=\"auto, (max-width: 720px) 100vw, 720px\" \/><\/p>\n<p><img loading=\"lazy\" decoding=\"async\" class=\"aligncenter size-large wp-image-849489\" src=\"https:\/\/www.pressenza.com\/wp-content\/uploads\/2019\/05\/1-de-Mayo05-720x540.jpg\" alt=\"\" width=\"720\" height=\"540\" srcset=\"https:\/\/www.pressenza.com\/wp-content\/uploads\/2019\/05\/1-de-Mayo05-720x540.jpg 720w, https:\/\/www.pressenza.com\/wp-content\/uploads\/2019\/05\/1-de-Mayo05-300x225.jpg 300w, https:\/\/www.pressenza.com\/wp-content\/uploads\/2019\/05\/1-de-Mayo05-768x576.jpg 768w, https:\/\/www.pressenza.com\/wp-content\/uploads\/2019\/05\/1-de-Mayo05.jpg 1200w\" sizes=\"auto, (max-width: 720px) 100vw, 720px\" \/><\/p>\n<p><img loading=\"lazy\" decoding=\"async\" class=\"aligncenter size-large wp-image-849471\" src=\"https:\/\/www.pressenza.com\/wp-content\/uploads\/2019\/05\/1-de-Mayo07-720x540.jpg\" alt=\"\" width=\"720\" height=\"540\" srcset=\"https:\/\/www.pressenza.com\/wp-content\/uploads\/2019\/05\/1-de-Mayo07-720x540.jpg 720w, https:\/\/www.pressenza.com\/wp-content\/uploads\/2019\/05\/1-de-Mayo07-300x225.jpg 300w, https:\/\/www.pressenza.com\/wp-content\/uploads\/2019\/05\/1-de-Mayo07-768x576.jpg 768w, https:\/\/www.pressenza.com\/wp-content\/uploads\/2019\/05\/1-de-Mayo07.jpg 1200w\" sizes=\"auto, (max-width: 720px) 100vw, 720px\" \/><\/p>\n<p><img loading=\"lazy\" decoding=\"async\" class=\"aligncenter size-large wp-image-849354\" src=\"https:\/\/www.pressenza.com\/wp-content\/uploads\/2019\/05\/1-de-Mayo17-720x540.jpg\" alt=\"\" width=\"720\" height=\"540\" srcset=\"https:\/\/www.pressenza.com\/wp-content\/uploads\/2019\/05\/1-de-Mayo17-720x540.jpg 720w, https:\/\/www.pressenza.com\/wp-content\/uploads\/2019\/05\/1-de-Mayo17-300x225.jpg 300w, https:\/\/www.pressenza.com\/wp-content\/uploads\/2019\/05\/1-de-Mayo17-768x576.jpg 768w, https:\/\/www.pressenza.com\/wp-content\/uploads\/2019\/05\/1-de-Mayo17.jpg 1200w\" sizes=\"auto, (max-width: 720px) 100vw, 720px\" \/><\/p>\n<p><img loading=\"lazy\" decoding=\"async\" class=\"aligncenter size-large wp-image-849363\" src=\"https:\/\/www.pressenza.com\/wp-content\/uploads\/2019\/05\/1-de-Mayo16-720x540.jpg\" alt=\"\" width=\"720\" height=\"540\" srcset=\"https:\/\/www.pressenza.com\/wp-content\/uploads\/2019\/05\/1-de-Mayo16-720x540.jpg 720w, https:\/\/www.pressenza.com\/wp-content\/uploads\/2019\/05\/1-de-Mayo16-300x225.jpg 300w, https:\/\/www.pressenza.com\/wp-content\/uploads\/2019\/05\/1-de-Mayo16-768x576.jpg 768w, https:\/\/www.pressenza.com\/wp-content\/uploads\/2019\/05\/1-de-Mayo16.jpg 1200w\" sizes=\"auto, (max-width: 720px) 100vw, 720px\" \/><\/p>\n<p><img loading=\"lazy\" decoding=\"async\" class=\"aligncenter size-large wp-image-849372\" src=\"https:\/\/www.pressenza.com\/wp-content\/uploads\/2019\/05\/1-de-Mayo15-720x540.jpg\" alt=\"\" width=\"720\" height=\"540\" srcset=\"https:\/\/www.pressenza.com\/wp-content\/uploads\/2019\/05\/1-de-Mayo15-720x540.jpg 720w, https:\/\/www.pressenza.com\/wp-content\/uploads\/2019\/05\/1-de-Mayo15-300x225.jpg 300w, https:\/\/www.pressenza.com\/wp-content\/uploads\/2019\/05\/1-de-Mayo15-768x576.jpg 768w, https:\/\/www.pressenza.com\/wp-content\/uploads\/2019\/05\/1-de-Mayo15.jpg 1200w\" sizes=\"auto, (max-width: 720px) 100vw, 720px\" \/><\/p>\n<p><img loading=\"lazy\" decoding=\"async\" class=\"aligncenter size-large wp-image-849381\" src=\"https:\/\/www.pressenza.com\/wp-content\/uploads\/2019\/05\/1-de-Mayo14-720x540.jpg\" alt=\"\" width=\"720\" height=\"540\" srcset=\"https:\/\/www.pressenza.com\/wp-content\/uploads\/2019\/05\/1-de-Mayo14-720x540.jpg 720w, https:\/\/www.pressenza.com\/wp-content\/uploads\/2019\/05\/1-de-Mayo14-300x225.jpg 300w, https:\/\/www.pressenza.com\/wp-content\/uploads\/2019\/05\/1-de-Mayo14-768x576.jpg 768w, https:\/\/www.pressenza.com\/wp-content\/uploads\/2019\/05\/1-de-Mayo14.jpg 1200w\" sizes=\"auto, (max-width: 720px) 100vw, 720px\" \/><\/p>\n<p><img loading=\"lazy\" decoding=\"async\" class=\"aligncenter size-large wp-image-849399\" src=\"https:\/\/www.pressenza.com\/wp-content\/uploads\/2019\/05\/1-de-Mayo13-720x540.jpg\" alt=\"\" width=\"720\" height=\"540\" srcset=\"https:\/\/www.pressenza.com\/wp-content\/uploads\/2019\/05\/1-de-Mayo13-720x540.jpg 720w, https:\/\/www.pressenza.com\/wp-content\/uploads\/2019\/05\/1-de-Mayo13-300x225.jpg 300w, https:\/\/www.pressenza.com\/wp-content\/uploads\/2019\/05\/1-de-Mayo13-768x576.jpg 768w, https:\/\/www.pressenza.com\/wp-content\/uploads\/2019\/05\/1-de-Mayo13.jpg 1200w\" sizes=\"auto, (max-width: 720px) 100vw, 720px\" \/><\/p>\n<p><img loading=\"lazy\" decoding=\"async\" class=\"aligncenter size-large wp-image-849408\" src=\"https:\/\/www.pressenza.com\/wp-content\/uploads\/2019\/05\/1-de-Mayo12-720x540.jpg\" alt=\"\" width=\"720\" height=\"540\" srcset=\"https:\/\/www.pressenza.com\/wp-content\/uploads\/2019\/05\/1-de-Mayo12-720x540.jpg 720w, https:\/\/www.pressenza.com\/wp-content\/uploads\/2019\/05\/1-de-Mayo12-300x225.jpg 300w, https:\/\/www.pressenza.com\/wp-content\/uploads\/2019\/05\/1-de-Mayo12-768x576.jpg 768w, https:\/\/www.pressenza.com\/wp-content\/uploads\/2019\/05\/1-de-Mayo12.jpg 1200w\" sizes=\"auto, (max-width: 720px) 100vw, 720px\" \/><\/p>\n<p><img loading=\"lazy\" decoding=\"async\" class=\"aligncenter size-large wp-image-849417\" src=\"https:\/\/www.pressenza.com\/wp-content\/uploads\/2019\/05\/1-de-Mayo11-720x540.jpg\" alt=\"\" width=\"720\" height=\"540\" srcset=\"https:\/\/www.pressenza.com\/wp-content\/uploads\/2019\/05\/1-de-Mayo11-720x540.jpg 720w, https:\/\/www.pressenza.com\/wp-content\/uploads\/2019\/05\/1-de-Mayo11-300x225.jpg 300w, https:\/\/www.pressenza.com\/wp-content\/uploads\/2019\/05\/1-de-Mayo11-768x576.jpg 768w, https:\/\/www.pressenza.com\/wp-content\/uploads\/2019\/05\/1-de-Mayo11.jpg 1200w\" sizes=\"auto, (max-width: 720px) 100vw, 720px\" \/><\/p>\n<p><img loading=\"lazy\" decoding=\"async\" class=\"aligncenter size-large wp-image-849426\" src=\"https:\/\/www.pressenza.com\/wp-content\/uploads\/2019\/05\/1-de-Mayo10-720x540.jpg\" alt=\"\" width=\"720\" height=\"540\" srcset=\"https:\/\/www.pressenza.com\/wp-content\/uploads\/2019\/05\/1-de-Mayo10-720x540.jpg 720w, https:\/\/www.pressenza.com\/wp-content\/uploads\/2019\/05\/1-de-Mayo10-300x225.jpg 300w, https:\/\/www.pressenza.com\/wp-content\/uploads\/2019\/05\/1-de-Mayo10-768x576.jpg 768w, https:\/\/www.pressenza.com\/wp-content\/uploads\/2019\/05\/1-de-Mayo10.jpg 1200w\" sizes=\"auto, (max-width: 720px) 100vw, 720px\" \/><\/p>\n<p><img loading=\"lazy\" decoding=\"async\" class=\"aligncenter size-large wp-image-849435\" src=\"https:\/\/www.pressenza.com\/wp-content\/uploads\/2019\/05\/1-de-Mayo09-720x540.jpg\" alt=\"\" width=\"720\" height=\"540\" srcset=\"https:\/\/www.pressenza.com\/wp-content\/uploads\/2019\/05\/1-de-Mayo09-720x540.jpg 720w, https:\/\/www.pressenza.com\/wp-content\/uploads\/2019\/05\/1-de-Mayo09-300x225.jpg 300w, https:\/\/www.pressenza.com\/wp-content\/uploads\/2019\/05\/1-de-Mayo09-768x576.jpg 768w, https:\/\/www.pressenza.com\/wp-content\/uploads\/2019\/05\/1-de-Mayo09.jpg 1200w\" sizes=\"auto, (max-width: 720px) 100vw, 720px\" \/><\/p>\n<p><img loading=\"lazy\" decoding=\"async\" class=\"aligncenter size-large wp-image-849444\" src=\"https:\/\/www.pressenza.com\/wp-content\/uploads\/2019\/05\/IMG_2162-720x540.jpg\" alt=\"\" width=\"720\" height=\"540\" srcset=\"https:\/\/www.pressenza.com\/wp-content\/uploads\/2019\/05\/IMG_2162-720x540.jpg 720w, https:\/\/www.pressenza.com\/wp-content\/uploads\/2019\/05\/IMG_2162-300x225.jpg 300w, https:\/\/www.pressenza.com\/wp-content\/uploads\/2019\/05\/IMG_2162-768x576.jpg 768w, https:\/\/www.pressenza.com\/wp-content\/uploads\/2019\/05\/IMG_2162.jpg 2048w\" sizes=\"auto, (max-width: 720px) 100vw, 720px\" \/><\/p>\n<p><img loading=\"lazy\" decoding=\"async\" class=\"aligncenter size-large wp-image-849453\" src=\"https:\/\/www.pressenza.com\/wp-content\/uploads\/2019\/05\/IMG_4381-720x480.jpg\" alt=\"\" width=\"720\" height=\"480\" srcset=\"https:\/\/www.pressenza.com\/wp-content\/uploads\/2019\/05\/IMG_4381-720x480.jpg 720w, https:\/\/www.pressenza.com\/wp-content\/uploads\/2019\/05\/IMG_4381-300x200.jpg 300w, https:\/\/www.pressenza.com\/wp-content\/uploads\/2019\/05\/IMG_4381-768x512.jpg 768w, https:\/\/www.pressenza.com\/wp-content\/uploads\/2019\/05\/IMG_4381.jpg 2048w\" sizes=\"auto, (max-width: 720px) 100vw, 720px\" \/><\/p>\n<p><img loading=\"lazy\" decoding=\"async\" class=\"aligncenter size-large wp-image-849462\" src=\"https:\/\/www.pressenza.com\/wp-content\/uploads\/2019\/05\/1-de-Mayo08-720x540.jpg\" alt=\"\" width=\"720\" height=\"540\" srcset=\"https:\/\/www.pressenza.com\/wp-content\/uploads\/2019\/05\/1-de-Mayo08-720x540.jpg 720w, https:\/\/www.pressenza.com\/wp-content\/uploads\/2019\/05\/1-de-Mayo08-300x225.jpg 300w, https:\/\/www.pressenza.com\/wp-content\/uploads\/2019\/05\/1-de-Mayo08-768x576.jpg 768w, https:\/\/www.pressenza.com\/wp-content\/uploads\/2019\/05\/1-de-Mayo08.jpg 1200w\" sizes=\"auto, (max-width: 720px) 100vw, 720px\" \/><\/p>\n<p><img loading=\"lazy\" decoding=\"async\" class=\"aligncenter size-large wp-image-849480\" src=\"https:\/\/www.pressenza.com\/wp-content\/uploads\/2019\/05\/1-de-Mayo06-720x540.jpg\" alt=\"\" width=\"720\" height=\"540\" srcset=\"https:\/\/www.pressenza.com\/wp-content\/uploads\/2019\/05\/1-de-Mayo06-720x540.jpg 720w, https:\/\/www.pressenza.com\/wp-content\/uploads\/2019\/05\/1-de-Mayo06-300x225.jpg 300w, https:\/\/www.pressenza.com\/wp-content\/uploads\/2019\/05\/1-de-Mayo06-768x576.jpg 768w, https:\/\/www.pressenza.com\/wp-content\/uploads\/2019\/05\/1-de-Mayo06.jpg 1200w\" sizes=\"auto, (max-width: 720px) 100vw, 720px\" \/><\/p>\n<p><img loading=\"lazy\" decoding=\"async\" class=\"aligncenter size-large wp-image-849498\" src=\"https:\/\/www.pressenza.com\/wp-content\/uploads\/2019\/05\/IMG_2123-720x540.jpg\" alt=\"\" width=\"720\" height=\"540\" srcset=\"https:\/\/www.pressenza.com\/wp-content\/uploads\/2019\/05\/IMG_2123-720x540.jpg 720w, https:\/\/www.pressenza.com\/wp-content\/uploads\/2019\/05\/IMG_2123-300x225.jpg 300w, https:\/\/www.pressenza.com\/wp-content\/uploads\/2019\/05\/IMG_2123-768x576.jpg 768w, https:\/\/www.pressenza.com\/wp-content\/uploads\/2019\/05\/IMG_2123.jpg 2048w\" sizes=\"auto, (max-width: 720px) 100vw, 720px\" \/><\/p>\n<p><img loading=\"lazy\" decoding=\"async\" class=\"aligncenter size-large wp-image-849516\" src=\"https:\/\/www.pressenza.com\/wp-content\/uploads\/2019\/05\/1-de-Mayo04-720x540.jpg\" alt=\"\" width=\"720\" height=\"540\" srcset=\"https:\/\/www.pressenza.com\/wp-content\/uploads\/2019\/05\/1-de-Mayo04-720x540.jpg 720w, https:\/\/www.pressenza.com\/wp-content\/uploads\/2019\/05\/1-de-Mayo04-300x225.jpg 300w, https:\/\/www.pressenza.com\/wp-content\/uploads\/2019\/05\/1-de-Mayo04-768x576.jpg 768w, https:\/\/www.pressenza.com\/wp-content\/uploads\/2019\/05\/1-de-Mayo04.jpg 1200w\" sizes=\"auto, (max-width: 720px) 100vw, 720px\" \/><\/p>\n<p><img loading=\"lazy\" decoding=\"async\" class=\"aligncenter size-large wp-image-849390\" src=\"https:\/\/www.pressenza.com\/wp-content\/uploads\/2019\/05\/IMG_2185-720x540.jpg\" alt=\"\" width=\"720\" height=\"540\" srcset=\"https:\/\/www.pressenza.com\/wp-content\/uploads\/2019\/05\/IMG_2185-720x540.jpg 720w, https:\/\/www.pressenza.com\/wp-content\/uploads\/2019\/05\/IMG_2185-300x225.jpg 300w, https:\/\/www.pressenza.com\/wp-content\/uploads\/2019\/05\/IMG_2185-768x576.jpg 768w, https:\/\/www.pressenza.com\/wp-content\/uploads\/2019\/05\/IMG_2185.jpg 2048w\" sizes=\"auto, (max-width: 720px) 100vw, 720px\" \/><\/p>\n","protected":false},"excerpt":{"rendered":"<p>Cientos y cientos de personas marcharon hoy en Quito para celebrar el 1ero. de mayo, d\u00eda del trabajo. A lo largo de la jornada una marcha que copaba las calles se dispers\u00f3 al llegar al punto de encuentro de la&hellip;<\/p>\n","protected":false},"author":487,"featured_media":849507,"comment_status":"closed","ping_status":"closed","sticky":false,"template":"","format":"standard","meta":{"footnotes":""},"categories":[76,11389,79,81,5667,74,67],"tags":[45717],"class_list":["post-849353","post","type-post","status-publish","format-standard","has-post-thumbnail","hentry","category-relaciones-exteriores","category-contenido-original","category-derechos-humanos","category-economia-es","category-foto-reportajes","category-politica-es","category-sudamerica","tag-dia-del-trabajo"],"yoast_head":"<!-- This site is optimized with the Yoast SEO plugin v27.1.1 - https:\/\/yoast.com\/product\/yoast-seo-wordpress\/ -->\n<title>Una mirada sobre el D\u00eda del Trabajo en Quito<\/title>\n<meta name=\"description\" content=\"Cientos y cientos de personas marcharon hoy en Quito para celebrar el 1ero. de mayo, d\u00eda del trabajo. A lo largo de la jornada una marcha que copaba las\" \/>\n<meta name=\"robots\" content=\"index, follow, max-snippet:-1, max-image-preview:large, max-video-preview:-1\" \/>\n<link rel=\"canonical\" href=\"https:\/\/www.pressenza.com\/es\/2019\/05\/una-mirada-sobre-el-dia-del-trabajo-en-quito\/\" \/>\n<meta property=\"og:locale\" content=\"es_ES\" \/>\n<meta property=\"og:type\" content=\"article\" \/>\n<meta property=\"og:title\" content=\"Una mirada sobre el D\u00eda del Trabajo en Quito\" \/>\n<meta property=\"og:description\" content=\"Cientos y cientos de personas marcharon hoy en Quito para celebrar el 1ero. de mayo, d\u00eda del trabajo. A lo largo de la jornada una marcha que copaba las\" \/>\n<meta property=\"og:url\" content=\"https:\/\/www.pressenza.com\/es\/2019\/05\/una-mirada-sobre-el-dia-del-trabajo-en-quito\/\" \/>\n<meta property=\"og:site_name\" content=\"Pressenza\" \/>\n<meta property=\"article:publisher\" content=\"https:\/\/www.facebook.com\/PressenzaItalia\" \/>\n<meta property=\"article:published_time\" content=\"2019-05-02T03:55:16+00:00\" \/>\n<meta property=\"article:modified_time\" content=\"2019-05-02T03:57:30+00:00\" \/>\n<meta property=\"og:image\" content=\"https:\/\/www.pressenza.com\/wp-content\/uploads\/2019\/05\/IMG_2117.jpg\" \/>\n\t<meta property=\"og:image:width\" content=\"2048\" \/>\n\t<meta property=\"og:image:height\" content=\"1536\" \/>\n\t<meta property=\"og:image:type\" content=\"image\/jpeg\" \/>\n<meta name=\"author\" content=\"Walker Vizcarra\" \/>\n<meta name=\"twitter:card\" content=\"summary_large_image\" \/>\n<meta name=\"twitter:creator\" content=\"@PressenzaIPA\" \/>\n<meta name=\"twitter:site\" content=\"@PressenzaIPA\" \/>\n<meta name=\"twitter:label1\" content=\"Escrito por\" \/>\n\t<meta name=\"twitter:data1\" content=\"Walker Vizcarra\" \/>\n<script type=\"application\/ld+json\" class=\"yoast-schema-graph\">{\"@context\":\"https:\/\/schema.org\",\"@graph\":[{\"@type\":\"Article\",\"@id\":\"https:\/\/www.pressenza.com\/es\/2019\/05\/una-mirada-sobre-el-dia-del-trabajo-en-quito\/#article\",\"isPartOf\":{\"@id\":\"https:\/\/www.pressenza.com\/es\/2019\/05\/una-mirada-sobre-el-dia-del-trabajo-en-quito\/\"},\"author\":{\"name\":\"Walker Vizcarra\",\"@id\":\"https:\/\/www.pressenza.com\/es\/#\/schema\/person\/304df3c2fe6309c2051fa9253134e415\"},\"headline\":\"Una mirada sobre el D\u00eda del Trabajo en Quito\",\"datePublished\":\"2019-05-02T03:55:16+00:00\",\"dateModified\":\"2019-05-02T03:57:30+00:00\",\"mainEntityOfPage\":{\"@id\":\"https:\/\/www.pressenza.com\/es\/2019\/05\/una-mirada-sobre-el-dia-del-trabajo-en-quito\/\"},\"wordCount\":101,\"publisher\":{\"@id\":\"https:\/\/www.pressenza.com\/es\/#organization\"},\"image\":{\"@id\":\"https:\/\/www.pressenza.com\/es\/2019\/05\/una-mirada-sobre-el-dia-del-trabajo-en-quito\/#primaryimage\"},\"thumbnailUrl\":\"https:\/\/www.pressenza.com\/wp-content\/uploads\/2019\/05\/IMG_2117.jpg\",\"keywords\":[\"D\u00eda del Trabajo\"],\"articleSection\":[\"Asuntos internacionales\",\"Contenido Original\",\"Derechos Humanos\",\"Econom\u00eda\",\"Fotorreportajes\",\"Pol\u00edtica\",\"Sudam\u00e9rica\"],\"inLanguage\":\"es\"},{\"@type\":\"WebPage\",\"@id\":\"https:\/\/www.pressenza.com\/es\/2019\/05\/una-mirada-sobre-el-dia-del-trabajo-en-quito\/\",\"url\":\"https:\/\/www.pressenza.com\/es\/2019\/05\/una-mirada-sobre-el-dia-del-trabajo-en-quito\/\",\"name\":\"Una mirada sobre el D\u00eda del Trabajo en Quito\",\"isPartOf\":{\"@id\":\"https:\/\/www.pressenza.com\/es\/#website\"},\"primaryImageOfPage\":{\"@id\":\"https:\/\/www.pressenza.com\/es\/2019\/05\/una-mirada-sobre-el-dia-del-trabajo-en-quito\/#primaryimage\"},\"image\":{\"@id\":\"https:\/\/www.pressenza.com\/es\/2019\/05\/una-mirada-sobre-el-dia-del-trabajo-en-quito\/#primaryimage\"},\"thumbnailUrl\":\"https:\/\/www.pressenza.com\/wp-content\/uploads\/2019\/05\/IMG_2117.jpg\",\"datePublished\":\"2019-05-02T03:55:16+00:00\",\"dateModified\":\"2019-05-02T03:57:30+00:00\",\"description\":\"Cientos y cientos de personas marcharon hoy en Quito para celebrar el 1ero. de mayo, d\u00eda del trabajo. A lo largo de la jornada una marcha que copaba las\",\"breadcrumb\":{\"@id\":\"https:\/\/www.pressenza.com\/es\/2019\/05\/una-mirada-sobre-el-dia-del-trabajo-en-quito\/#breadcrumb\"},\"inLanguage\":\"es\",\"potentialAction\":[{\"@type\":\"ReadAction\",\"target\":[\"https:\/\/www.pressenza.com\/es\/2019\/05\/una-mirada-sobre-el-dia-del-trabajo-en-quito\/\"]}]},{\"@type\":\"ImageObject\",\"inLanguage\":\"es\",\"@id\":\"https:\/\/www.pressenza.com\/es\/2019\/05\/una-mirada-sobre-el-dia-del-trabajo-en-quito\/#primaryimage\",\"url\":\"https:\/\/www.pressenza.com\/wp-content\/uploads\/2019\/05\/IMG_2117.jpg\",\"contentUrl\":\"https:\/\/www.pressenza.com\/wp-content\/uploads\/2019\/05\/IMG_2117.jpg\",\"width\":2048,\"height\":1536,\"caption\":\"Observando la marcha desde lejos\"},{\"@type\":\"BreadcrumbList\",\"@id\":\"https:\/\/www.pressenza.com\/es\/2019\/05\/una-mirada-sobre-el-dia-del-trabajo-en-quito\/#breadcrumb\",\"itemListElement\":[{\"@type\":\"ListItem\",\"position\":1,\"name\":\"Accueil\",\"item\":\"https:\/\/www.pressenza.com\/es\/\"},{\"@type\":\"ListItem\",\"position\":2,\"name\":\"Una mirada sobre el D\u00eda del Trabajo en Quito\"}]},{\"@type\":\"WebSite\",\"@id\":\"https:\/\/www.pressenza.com\/es\/#website\",\"url\":\"https:\/\/www.pressenza.com\/es\/\",\"name\":\"Pressenza\",\"description\":\"International Press Agency\",\"publisher\":{\"@id\":\"https:\/\/www.pressenza.com\/es\/#organization\"},\"potentialAction\":[{\"@type\":\"SearchAction\",\"target\":{\"@type\":\"EntryPoint\",\"urlTemplate\":\"https:\/\/www.pressenza.com\/es\/?s={search_term_string}\"},\"query-input\":{\"@type\":\"PropertyValueSpecification\",\"valueRequired\":true,\"valueName\":\"search_term_string\"}}],\"inLanguage\":\"es\"},{\"@type\":\"Organization\",\"@id\":\"https:\/\/www.pressenza.com\/es\/#organization\",\"name\":\"Pressenza\",\"url\":\"https:\/\/www.pressenza.com\/es\/\",\"logo\":{\"@type\":\"ImageObject\",\"inLanguage\":\"es\",\"@id\":\"https:\/\/www.pressenza.com\/es\/#\/schema\/logo\/image\/\",\"url\":\"https:\/\/www.pressenza.com\/wp-content\/uploads\/2022\/10\/pressenza_logo_200x200.jpg\",\"contentUrl\":\"https:\/\/www.pressenza.com\/wp-content\/uploads\/2022\/10\/pressenza_logo_200x200.jpg\",\"width\":200,\"height\":200,\"caption\":\"Pressenza\"},\"image\":{\"@id\":\"https:\/\/www.pressenza.com\/es\/#\/schema\/logo\/image\/\"},\"sameAs\":[\"https:\/\/www.facebook.com\/PressenzaItalia\",\"https:\/\/x.com\/PressenzaIPA\"]},{\"@type\":\"Person\",\"@id\":\"https:\/\/www.pressenza.com\/es\/#\/schema\/person\/304df3c2fe6309c2051fa9253134e415\",\"name\":\"Walker Vizcarra\",\"description\":\"Ecuadorian, photographer and nonviolence activist! https:\/\/www.instagram.com\/walker.vizcarra\/\",\"url\":\"https:\/\/www.pressenza.com\/es\/author\/walker-vizcarra\/\"}]}<\/script>\n<!-- \/ Yoast SEO plugin. -->","yoast_head_json":{"title":"Una mirada sobre el D\u00eda del Trabajo en Quito","description":"Cientos y cientos de personas marcharon hoy en Quito para celebrar el 1ero. de mayo, d\u00eda del trabajo. A lo largo de la jornada una marcha que copaba las","robots":{"index":"index","follow":"follow","max-snippet":"max-snippet:-1","max-image-preview":"max-image-preview:large","max-video-preview":"max-video-preview:-1"},"canonical":"https:\/\/www.pressenza.com\/es\/2019\/05\/una-mirada-sobre-el-dia-del-trabajo-en-quito\/","og_locale":"es_ES","og_type":"article","og_title":"Una mirada sobre el D\u00eda del Trabajo en Quito","og_description":"Cientos y cientos de personas marcharon hoy en Quito para celebrar el 1ero. de mayo, d\u00eda del trabajo. A lo largo de la jornada una marcha que copaba las","og_url":"https:\/\/www.pressenza.com\/es\/2019\/05\/una-mirada-sobre-el-dia-del-trabajo-en-quito\/","og_site_name":"Pressenza","article_publisher":"https:\/\/www.facebook.com\/PressenzaItalia","article_published_time":"2019-05-02T03:55:16+00:00","article_modified_time":"2019-05-02T03:57:30+00:00","og_image":[{"width":2048,"height":1536,"url":"https:\/\/www.pressenza.com\/wp-content\/uploads\/2019\/05\/IMG_2117.jpg","type":"image\/jpeg"}],"author":"Walker Vizcarra","twitter_card":"summary_large_image","twitter_creator":"@PressenzaIPA","twitter_site":"@PressenzaIPA","twitter_misc":{"Escrito por":"Walker Vizcarra"},"schema":{"@context":"https:\/\/schema.org","@graph":[{"@type":"Article","@id":"https:\/\/www.pressenza.com\/es\/2019\/05\/una-mirada-sobre-el-dia-del-trabajo-en-quito\/#article","isPartOf":{"@id":"https:\/\/www.pressenza.com\/es\/2019\/05\/una-mirada-sobre-el-dia-del-trabajo-en-quito\/"},"author":{"name":"Walker Vizcarra","@id":"https:\/\/www.pressenza.com\/es\/#\/schema\/person\/304df3c2fe6309c2051fa9253134e415"},"headline":"Una mirada sobre el D\u00eda del Trabajo en Quito","datePublished":"2019-05-02T03:55:16+00:00","dateModified":"2019-05-02T03:57:30+00:00","mainEntityOfPage":{"@id":"https:\/\/www.pressenza.com\/es\/2019\/05\/una-mirada-sobre-el-dia-del-trabajo-en-quito\/"},"wordCount":101,"publisher":{"@id":"https:\/\/www.pressenza.com\/es\/#organization"},"image":{"@id":"https:\/\/www.pressenza.com\/es\/2019\/05\/una-mirada-sobre-el-dia-del-trabajo-en-quito\/#primaryimage"},"thumbnailUrl":"https:\/\/www.pressenza.com\/wp-content\/uploads\/2019\/05\/IMG_2117.jpg","keywords":["D\u00eda del Trabajo"],"articleSection":["Asuntos internacionales","Contenido Original","Derechos Humanos","Econom\u00eda","Fotorreportajes","Pol\u00edtica","Sudam\u00e9rica"],"inLanguage":"es"},{"@type":"WebPage","@id":"https:\/\/www.pressenza.com\/es\/2019\/05\/una-mirada-sobre-el-dia-del-trabajo-en-quito\/","url":"https:\/\/www.pressenza.com\/es\/2019\/05\/una-mirada-sobre-el-dia-del-trabajo-en-quito\/","name":"Una mirada sobre el D\u00eda del Trabajo en Quito","isPartOf":{"@id":"https:\/\/www.pressenza.com\/es\/#website"},"primaryImageOfPage":{"@id":"https:\/\/www.pressenza.com\/es\/2019\/05\/una-mirada-sobre-el-dia-del-trabajo-en-quito\/#primaryimage"},"image":{"@id":"https:\/\/www.pressenza.com\/es\/2019\/05\/una-mirada-sobre-el-dia-del-trabajo-en-quito\/#primaryimage"},"thumbnailUrl":"https:\/\/www.pressenza.com\/wp-content\/uploads\/2019\/05\/IMG_2117.jpg","datePublished":"2019-05-02T03:55:16+00:00","dateModified":"2019-05-02T03:57:30+00:00","description":"Cientos y cientos de personas marcharon hoy en Quito para celebrar el 1ero. de mayo, d\u00eda del trabajo. A lo largo de la jornada una marcha que copaba las","breadcrumb":{"@id":"https:\/\/www.pressenza.com\/es\/2019\/05\/una-mirada-sobre-el-dia-del-trabajo-en-quito\/#breadcrumb"},"inLanguage":"es","potentialAction":[{"@type":"ReadAction","target":["https:\/\/www.pressenza.com\/es\/2019\/05\/una-mirada-sobre-el-dia-del-trabajo-en-quito\/"]}]},{"@type":"ImageObject","inLanguage":"es","@id":"https:\/\/www.pressenza.com\/es\/2019\/05\/una-mirada-sobre-el-dia-del-trabajo-en-quito\/#primaryimage","url":"https:\/\/www.pressenza.com\/wp-content\/uploads\/2019\/05\/IMG_2117.jpg","contentUrl":"https:\/\/www.pressenza.com\/wp-content\/uploads\/2019\/05\/IMG_2117.jpg","width":2048,"height":1536,"caption":"Observando la marcha desde lejos"},{"@type":"BreadcrumbList","@id":"https:\/\/www.pressenza.com\/es\/2019\/05\/una-mirada-sobre-el-dia-del-trabajo-en-quito\/#breadcrumb","itemListElement":[{"@type":"ListItem","position":1,"name":"Accueil","item":"https:\/\/www.pressenza.com\/es\/"},{"@type":"ListItem","position":2,"name":"Una mirada sobre el D\u00eda del Trabajo en Quito"}]},{"@type":"WebSite","@id":"https:\/\/www.pressenza.com\/es\/#website","url":"https:\/\/www.pressenza.com\/es\/","name":"Pressenza","description":"International Press Agency","publisher":{"@id":"https:\/\/www.pressenza.com\/es\/#organization"},"potentialAction":[{"@type":"SearchAction","target":{"@type":"EntryPoint","urlTemplate":"https:\/\/www.pressenza.com\/es\/?s={search_term_string}"},"query-input":{"@type":"PropertyValueSpecification","valueRequired":true,"valueName":"search_term_string"}}],"inLanguage":"es"},{"@type":"Organization","@id":"https:\/\/www.pressenza.com\/es\/#organization","name":"Pressenza","url":"https:\/\/www.pressenza.com\/es\/","logo":{"@type":"ImageObject","inLanguage":"es","@id":"https:\/\/www.pressenza.com\/es\/#\/schema\/logo\/image\/","url":"https:\/\/www.pressenza.com\/wp-content\/uploads\/2022\/10\/pressenza_logo_200x200.jpg","contentUrl":"https:\/\/www.pressenza.com\/wp-content\/uploads\/2022\/10\/pressenza_logo_200x200.jpg","width":200,"height":200,"caption":"Pressenza"},"image":{"@id":"https:\/\/www.pressenza.com\/es\/#\/schema\/logo\/image\/"},"sameAs":["https:\/\/www.facebook.com\/PressenzaItalia","https:\/\/x.com\/PressenzaIPA"]},{"@type":"Person","@id":"https:\/\/www.pressenza.com\/es\/#\/schema\/person\/304df3c2fe6309c2051fa9253134e415","name":"Walker Vizcarra","description":"Ecuadorian, photographer and nonviolence activist! https:\/\/www.instagram.com\/walker.vizcarra\/","url":"https:\/\/www.pressenza.com\/es\/author\/walker-vizcarra\/"}]}},"place":"Quito, Ecuador","original_article_url":"","_links":{"self":[{"href":"https:\/\/www.pressenza.com\/es\/wp-json\/wp\/v2\/posts\/849353","targetHints":{"allow":["GET"]}}],"collection":[{"href":"https:\/\/www.pressenza.com\/es\/wp-json\/wp\/v2\/posts"}],"about":[{"href":"https:\/\/www.pressenza.com\/es\/wp-json\/wp\/v2\/types\/post"}],"author":[{"embeddable":true,"href":"https:\/\/www.pressenza.com\/es\/wp-json\/wp\/v2\/users\/487"}],"replies":[{"embeddable":true,"href":"https:\/\/www.pressenza.com\/es\/wp-json\/wp\/v2\/comments?post=849353"}],"version-history":[{"count":0,"href":"https:\/\/www.pressenza.com\/es\/wp-json\/wp\/v2\/posts\/849353\/revisions"}],"wp:featuredmedia":[{"embeddable":true,"href":"https:\/\/www.pressenza.com\/es\/wp-json\/wp\/v2\/media\/849507"}],"wp:attachment":[{"href":"https:\/\/www.pressenza.com\/es\/wp-json\/wp\/v2\/media?parent=849353"}],"wp:term":[{"taxonomy":"category","embeddable":true,"href":"https:\/\/www.pressenza.com\/es\/wp-json\/wp\/v2\/categories?post=849353"},{"taxonomy":"post_tag","embeddable":true,"href":"https:\/\/www.pressenza.com\/es\/wp-json\/wp\/v2\/tags?post=849353"}],"curies":[{"name":"wp","href":"https:\/\/api.w.org\/{rel}","templated":true}]}}