{"id":848,"date":"2009-08-06T00:00:00","date_gmt":"2009-08-06T00:00:00","guid":{"rendered":""},"modified":"2009-09-18T07:20:06","modified_gmt":"2009-09-18T07:20:06","slug":"la-mm-corona-el-ararat","status":"publish","type":"post","link":"https:\/\/www.pressenza.com\/es\/2009\/08\/la-mm-corona-el-ararat\/","title":{"rendered":"La MM corona el Ararat"},"content":{"rendered":"<p>Hoy d\u0131a 6 de agosto en recuerdo del desastre nuclear de H\u0131rosh\u0131ma y Nagasaki, un equ\u0131po de la MM compuesto por turcos y espa\u00f1oles ha alcanzado la c\u0131ma del Monte Ararat. <\/p>\n<p>En este lugar de fuerte significado espiritual, se han lanzado al viento las mismas palabras le\u00eddas en Hiroshima y en cientos de lugares por miembros de la Marcha Mundial. Palabras que a m\u00e1s de cinco mil metros de altura, sobre una cima que domina el paisaje, han adquirido car\u00e1cter de compromiso personal, como se expresa en el texto \u201cEl horror de Hiroshima y Nagasaki no ha quedado atr\u00e1s en la historia. Las im\u00e1genes del dolor y de la absurda muerte siguen vivas en nuestra conciencia pero al mismo tiempo alimentan nuestra profunda aspiraci\u00f3n por un mundo donde nunca m\u00e1s sea posible esta atrocidad&#8230; La Marcha Mundial por la Paz y la No Violencia es un llamado a la conciencia personal de cada uno de nosotros, es la voz que tenemos que levantar todos juntos, es una propuesta moral y es lo que necesitamos hacer en este momento dif\u00edcil por el que atravesamos\u201d.<\/p>\n<p>\u00c9ste ha sido el objetivo de esta aventura: llamar la atenci\u00f3n sobre la urgente necesidad de desarme nuclear, al tiempo que ha anticipado las acciones que se llevar\u00e1n a cabo en Turqu\u00eda en los pr\u00f3ximos meses y, especialmente, en la segunda quincena de octubre;  momento en el que la Marcha Mundial pasar\u00e1 por el pa\u00eds euroasi\u00e1tico.<\/p>\n","protected":false},"excerpt":{"rendered":"<p>En el aniversario del lanzamiento de la bomba nuclear sobre las ciudades de Hiroshima y Nagasaki, una expedici\u00f3n de espa\u00f1oles y turcos ha coronado la cima del m\u00edtico Monte Ararat para \u201cdignificar la memoria de las v\u00edctimas de aquel desastre y fortalecer un movimiento mundial, abierto y diverso, que rechace toda forma de<br \/>\nviolencia y afirme al ser humano como m\u00e1ximo valor\u201d<\/p>\n","protected":false},"author":19,"featured_media":0,"comment_status":"closed","ping_status":"open","sticky":false,"template":"","format":"standard","meta":{"footnotes":""},"categories":[75,39,71],"tags":[],"class_list":["post-848","post","type-post","status-publish","format-standard","hentry","category-cultura-es","category-internacional","category-medio-oriente-es"],"yoast_head":"<!-- This site is optimized with the Yoast SEO plugin v27.1.1 - https:\/\/yoast.com\/product\/yoast-seo-wordpress\/ -->\n<title>La MM corona el Ararat<\/title>\n<meta name=\"description\" content=\"En el aniversario del lanzamiento de la bomba nuclear sobre las ciudades de Hiroshima y Nagasaki, una expedici\u00f3n de espa\u00f1oles y turcos ha coronado la cima del m\u00edtico Monte Ararat para \u201cdignificar la memoria de las v\u00edctimas de aquel desastre y fortalecer un movimiento mundial, abierto y diverso, que rechace toda forma de violencia y afirme al ser humano como m\u00e1ximo valor\u201d\" \/>\n<meta name=\"robots\" content=\"index, follow, max-snippet:-1, max-image-preview:large, max-video-preview:-1\" \/>\n<link rel=\"canonical\" href=\"https:\/\/www.pressenza.com\/es\/2009\/08\/la-mm-corona-el-ararat\/\" \/>\n<meta property=\"og:locale\" content=\"es_ES\" \/>\n<meta property=\"og:type\" content=\"article\" \/>\n<meta property=\"og:title\" content=\"La MM corona el Ararat\" \/>\n<meta property=\"og:description\" content=\"En el aniversario del lanzamiento de la bomba nuclear sobre las ciudades de Hiroshima y Nagasaki, una expedici\u00f3n de espa\u00f1oles y turcos ha coronado la cima del m\u00edtico Monte Ararat para \u201cdignificar la memoria de las v\u00edctimas de aquel desastre y fortalecer un movimiento mundial, abierto y diverso, que rechace toda forma de violencia y afirme al ser humano como m\u00e1ximo valor\u201d\" \/>\n<meta property=\"og:url\" content=\"https:\/\/www.pressenza.com\/es\/2009\/08\/la-mm-corona-el-ararat\/\" \/>\n<meta property=\"og:site_name\" content=\"Pressenza\" \/>\n<meta property=\"article:publisher\" content=\"https:\/\/www.facebook.com\/PressenzaItalia\" \/>\n<meta property=\"article:author\" content=\"https:\/\/www.facebook.com\/pressenza\" \/>\n<meta property=\"article:published_time\" content=\"2009-08-06T00:00:00+00:00\" \/>\n<meta property=\"article:modified_time\" content=\"2009-09-18T07:20:06+00:00\" \/>\n<meta name=\"author\" content=\"Pressenza IPA\" \/>\n<meta name=\"twitter:card\" content=\"summary_large_image\" \/>\n<meta name=\"twitter:creator\" content=\"@PressenzaIPA\" \/>\n<meta name=\"twitter:site\" content=\"@PressenzaIPA\" \/>\n<meta name=\"twitter:label1\" content=\"Escrito por\" \/>\n\t<meta name=\"twitter:data1\" content=\"Pressenza IPA\" \/>\n\t<meta name=\"twitter:label2\" content=\"Tiempo de lectura\" \/>\n\t<meta name=\"twitter:data2\" content=\"1 minuto\" \/>\n<script type=\"application\/ld+json\" class=\"yoast-schema-graph\">{\"@context\":\"https:\/\/schema.org\",\"@graph\":[{\"@type\":\"Article\",\"@id\":\"https:\/\/www.pressenza.com\/es\/2009\/08\/la-mm-corona-el-ararat\/#article\",\"isPartOf\":{\"@id\":\"https:\/\/www.pressenza.com\/es\/2009\/08\/la-mm-corona-el-ararat\/\"},\"author\":{\"name\":\"Pressenza IPA\",\"@id\":\"https:\/\/www.pressenza.com\/es\/#\/schema\/person\/010e5d02bcf40965427a1289a4cc8d75\"},\"headline\":\"La MM corona el Ararat\",\"datePublished\":\"2009-08-06T00:00:00+00:00\",\"dateModified\":\"2009-09-18T07:20:06+00:00\",\"mainEntityOfPage\":{\"@id\":\"https:\/\/www.pressenza.com\/es\/2009\/08\/la-mm-corona-el-ararat\/\"},\"wordCount\":263,\"publisher\":{\"@id\":\"https:\/\/www.pressenza.com\/es\/#organization\"},\"articleSection\":[\"Cultura y Medios\",\"Internacional\",\"Medio Oriente\"],\"inLanguage\":\"es\"},{\"@type\":\"WebPage\",\"@id\":\"https:\/\/www.pressenza.com\/es\/2009\/08\/la-mm-corona-el-ararat\/\",\"url\":\"https:\/\/www.pressenza.com\/es\/2009\/08\/la-mm-corona-el-ararat\/\",\"name\":\"La MM corona el Ararat\",\"isPartOf\":{\"@id\":\"https:\/\/www.pressenza.com\/es\/#website\"},\"datePublished\":\"2009-08-06T00:00:00+00:00\",\"dateModified\":\"2009-09-18T07:20:06+00:00\",\"description\":\"En el aniversario del lanzamiento de la bomba nuclear sobre las ciudades de Hiroshima y Nagasaki, una expedici\u00f3n de espa\u00f1oles y turcos ha coronado la cima del m\u00edtico Monte Ararat para \u201cdignificar la memoria de las v\u00edctimas de aquel desastre y fortalecer un movimiento mundial, abierto y diverso, que rechace toda forma de violencia y afirme al ser humano como m\u00e1ximo valor\u201d\",\"breadcrumb\":{\"@id\":\"https:\/\/www.pressenza.com\/es\/2009\/08\/la-mm-corona-el-ararat\/#breadcrumb\"},\"inLanguage\":\"es\",\"potentialAction\":[{\"@type\":\"ReadAction\",\"target\":[\"https:\/\/www.pressenza.com\/es\/2009\/08\/la-mm-corona-el-ararat\/\"]}]},{\"@type\":\"BreadcrumbList\",\"@id\":\"https:\/\/www.pressenza.com\/es\/2009\/08\/la-mm-corona-el-ararat\/#breadcrumb\",\"itemListElement\":[{\"@type\":\"ListItem\",\"position\":1,\"name\":\"Accueil\",\"item\":\"https:\/\/www.pressenza.com\/es\/\"},{\"@type\":\"ListItem\",\"position\":2,\"name\":\"La MM corona el Ararat\"}]},{\"@type\":\"WebSite\",\"@id\":\"https:\/\/www.pressenza.com\/es\/#website\",\"url\":\"https:\/\/www.pressenza.com\/es\/\",\"name\":\"Pressenza\",\"description\":\"International Press Agency\",\"publisher\":{\"@id\":\"https:\/\/www.pressenza.com\/es\/#organization\"},\"potentialAction\":[{\"@type\":\"SearchAction\",\"target\":{\"@type\":\"EntryPoint\",\"urlTemplate\":\"https:\/\/www.pressenza.com\/es\/?s={search_term_string}\"},\"query-input\":{\"@type\":\"PropertyValueSpecification\",\"valueRequired\":true,\"valueName\":\"search_term_string\"}}],\"inLanguage\":\"es\"},{\"@type\":\"Organization\",\"@id\":\"https:\/\/www.pressenza.com\/es\/#organization\",\"name\":\"Pressenza\",\"url\":\"https:\/\/www.pressenza.com\/es\/\",\"logo\":{\"@type\":\"ImageObject\",\"inLanguage\":\"es\",\"@id\":\"https:\/\/www.pressenza.com\/es\/#\/schema\/logo\/image\/\",\"url\":\"https:\/\/www.pressenza.com\/wp-content\/uploads\/2022\/10\/pressenza_logo_200x200.jpg\",\"contentUrl\":\"https:\/\/www.pressenza.com\/wp-content\/uploads\/2022\/10\/pressenza_logo_200x200.jpg\",\"width\":200,\"height\":200,\"caption\":\"Pressenza\"},\"image\":{\"@id\":\"https:\/\/www.pressenza.com\/es\/#\/schema\/logo\/image\/\"},\"sameAs\":[\"https:\/\/www.facebook.com\/PressenzaItalia\",\"https:\/\/x.com\/PressenzaIPA\"]},{\"@type\":\"Person\",\"@id\":\"https:\/\/www.pressenza.com\/es\/#\/schema\/person\/010e5d02bcf40965427a1289a4cc8d75\",\"name\":\"Pressenza IPA\",\"description\":\"News from Pressenza IPA correspondents\",\"sameAs\":[\"https:\/\/www.facebook.com\/pressenza\",\"https:\/\/x.com\/PressenzaIPA\"],\"url\":\"https:\/\/www.pressenza.com\/es\/author\/pressenza-ipa\/\"}]}<\/script>\n<!-- \/ Yoast SEO plugin. -->","yoast_head_json":{"title":"La MM corona el Ararat","description":"En el aniversario del lanzamiento de la bomba nuclear sobre las ciudades de Hiroshima y Nagasaki, una expedici\u00f3n de espa\u00f1oles y turcos ha coronado la cima del m\u00edtico Monte Ararat para \u201cdignificar la memoria de las v\u00edctimas de aquel desastre y fortalecer un movimiento mundial, abierto y diverso, que rechace toda forma de violencia y afirme al ser humano como m\u00e1ximo valor\u201d","robots":{"index":"index","follow":"follow","max-snippet":"max-snippet:-1","max-image-preview":"max-image-preview:large","max-video-preview":"max-video-preview:-1"},"canonical":"https:\/\/www.pressenza.com\/es\/2009\/08\/la-mm-corona-el-ararat\/","og_locale":"es_ES","og_type":"article","og_title":"La MM corona el Ararat","og_description":"En el aniversario del lanzamiento de la bomba nuclear sobre las ciudades de Hiroshima y Nagasaki, una expedici\u00f3n de espa\u00f1oles y turcos ha coronado la cima del m\u00edtico Monte Ararat para \u201cdignificar la memoria de las v\u00edctimas de aquel desastre y fortalecer un movimiento mundial, abierto y diverso, que rechace toda forma de violencia y afirme al ser humano como m\u00e1ximo valor\u201d","og_url":"https:\/\/www.pressenza.com\/es\/2009\/08\/la-mm-corona-el-ararat\/","og_site_name":"Pressenza","article_publisher":"https:\/\/www.facebook.com\/PressenzaItalia","article_author":"https:\/\/www.facebook.com\/pressenza","article_published_time":"2009-08-06T00:00:00+00:00","article_modified_time":"2009-09-18T07:20:06+00:00","author":"Pressenza IPA","twitter_card":"summary_large_image","twitter_creator":"@PressenzaIPA","twitter_site":"@PressenzaIPA","twitter_misc":{"Escrito por":"Pressenza IPA","Tiempo de lectura":"1 minuto"},"schema":{"@context":"https:\/\/schema.org","@graph":[{"@type":"Article","@id":"https:\/\/www.pressenza.com\/es\/2009\/08\/la-mm-corona-el-ararat\/#article","isPartOf":{"@id":"https:\/\/www.pressenza.com\/es\/2009\/08\/la-mm-corona-el-ararat\/"},"author":{"name":"Pressenza IPA","@id":"https:\/\/www.pressenza.com\/es\/#\/schema\/person\/010e5d02bcf40965427a1289a4cc8d75"},"headline":"La MM corona el Ararat","datePublished":"2009-08-06T00:00:00+00:00","dateModified":"2009-09-18T07:20:06+00:00","mainEntityOfPage":{"@id":"https:\/\/www.pressenza.com\/es\/2009\/08\/la-mm-corona-el-ararat\/"},"wordCount":263,"publisher":{"@id":"https:\/\/www.pressenza.com\/es\/#organization"},"articleSection":["Cultura y Medios","Internacional","Medio Oriente"],"inLanguage":"es"},{"@type":"WebPage","@id":"https:\/\/www.pressenza.com\/es\/2009\/08\/la-mm-corona-el-ararat\/","url":"https:\/\/www.pressenza.com\/es\/2009\/08\/la-mm-corona-el-ararat\/","name":"La MM corona el Ararat","isPartOf":{"@id":"https:\/\/www.pressenza.com\/es\/#website"},"datePublished":"2009-08-06T00:00:00+00:00","dateModified":"2009-09-18T07:20:06+00:00","description":"En el aniversario del lanzamiento de la bomba nuclear sobre las ciudades de Hiroshima y Nagasaki, una expedici\u00f3n de espa\u00f1oles y turcos ha coronado la cima del m\u00edtico Monte Ararat para \u201cdignificar la memoria de las v\u00edctimas de aquel desastre y fortalecer un movimiento mundial, abierto y diverso, que rechace toda forma de violencia y afirme al ser humano como m\u00e1ximo valor\u201d","breadcrumb":{"@id":"https:\/\/www.pressenza.com\/es\/2009\/08\/la-mm-corona-el-ararat\/#breadcrumb"},"inLanguage":"es","potentialAction":[{"@type":"ReadAction","target":["https:\/\/www.pressenza.com\/es\/2009\/08\/la-mm-corona-el-ararat\/"]}]},{"@type":"BreadcrumbList","@id":"https:\/\/www.pressenza.com\/es\/2009\/08\/la-mm-corona-el-ararat\/#breadcrumb","itemListElement":[{"@type":"ListItem","position":1,"name":"Accueil","item":"https:\/\/www.pressenza.com\/es\/"},{"@type":"ListItem","position":2,"name":"La MM corona el Ararat"}]},{"@type":"WebSite","@id":"https:\/\/www.pressenza.com\/es\/#website","url":"https:\/\/www.pressenza.com\/es\/","name":"Pressenza","description":"International Press Agency","publisher":{"@id":"https:\/\/www.pressenza.com\/es\/#organization"},"potentialAction":[{"@type":"SearchAction","target":{"@type":"EntryPoint","urlTemplate":"https:\/\/www.pressenza.com\/es\/?s={search_term_string}"},"query-input":{"@type":"PropertyValueSpecification","valueRequired":true,"valueName":"search_term_string"}}],"inLanguage":"es"},{"@type":"Organization","@id":"https:\/\/www.pressenza.com\/es\/#organization","name":"Pressenza","url":"https:\/\/www.pressenza.com\/es\/","logo":{"@type":"ImageObject","inLanguage":"es","@id":"https:\/\/www.pressenza.com\/es\/#\/schema\/logo\/image\/","url":"https:\/\/www.pressenza.com\/wp-content\/uploads\/2022\/10\/pressenza_logo_200x200.jpg","contentUrl":"https:\/\/www.pressenza.com\/wp-content\/uploads\/2022\/10\/pressenza_logo_200x200.jpg","width":200,"height":200,"caption":"Pressenza"},"image":{"@id":"https:\/\/www.pressenza.com\/es\/#\/schema\/logo\/image\/"},"sameAs":["https:\/\/www.facebook.com\/PressenzaItalia","https:\/\/x.com\/PressenzaIPA"]},{"@type":"Person","@id":"https:\/\/www.pressenza.com\/es\/#\/schema\/person\/010e5d02bcf40965427a1289a4cc8d75","name":"Pressenza IPA","description":"News from Pressenza IPA correspondents","sameAs":["https:\/\/www.facebook.com\/pressenza","https:\/\/x.com\/PressenzaIPA"],"url":"https:\/\/www.pressenza.com\/es\/author\/pressenza-ipa\/"}]}},"place":"Ankara","original_article_url":"","_links":{"self":[{"href":"https:\/\/www.pressenza.com\/es\/wp-json\/wp\/v2\/posts\/848","targetHints":{"allow":["GET"]}}],"collection":[{"href":"https:\/\/www.pressenza.com\/es\/wp-json\/wp\/v2\/posts"}],"about":[{"href":"https:\/\/www.pressenza.com\/es\/wp-json\/wp\/v2\/types\/post"}],"author":[{"embeddable":true,"href":"https:\/\/www.pressenza.com\/es\/wp-json\/wp\/v2\/users\/19"}],"replies":[{"embeddable":true,"href":"https:\/\/www.pressenza.com\/es\/wp-json\/wp\/v2\/comments?post=848"}],"version-history":[{"count":0,"href":"https:\/\/www.pressenza.com\/es\/wp-json\/wp\/v2\/posts\/848\/revisions"}],"wp:attachment":[{"href":"https:\/\/www.pressenza.com\/es\/wp-json\/wp\/v2\/media?parent=848"}],"wp:term":[{"taxonomy":"category","embeddable":true,"href":"https:\/\/www.pressenza.com\/es\/wp-json\/wp\/v2\/categories?post=848"},{"taxonomy":"post_tag","embeddable":true,"href":"https:\/\/www.pressenza.com\/es\/wp-json\/wp\/v2\/tags?post=848"}],"curies":[{"name":"wp","href":"https:\/\/api.w.org\/{rel}","templated":true}]}}