{"id":847600,"date":"2019-04-28T22:52:34","date_gmt":"2019-04-28T21:52:34","guid":{"rendered":"https:\/\/www.pressenza.com\/?p=847600"},"modified":"2019-04-30T11:34:05","modified_gmt":"2019-04-30T10:34:05","slug":"elecciones-generales-en-espana-gran-movilizacion-frente-a-al-discurso-del-odio","status":"publish","type":"post","link":"https:\/\/www.pressenza.com\/es\/2019\/04\/elecciones-generales-en-espana-gran-movilizacion-frente-a-al-discurso-del-odio\/","title":{"rendered":"Elecciones generales en Espa\u00f1a: \u00abGran movilizaci\u00f3n frente al discurso del odio\u00bb"},"content":{"rendered":"<h2>Contundentes resultados electorales frente a los ensue\u00f1os delirantes del neofascismo.<\/h2>\n<p><strong>La\u00a0participaci\u00f3n en las\u00a0elecciones generales del 28 de abril\u00a0ha superado el 75% en toda Espa\u00f1a, casi 9 puntos m\u00e1s que en las elecciones del 2016. El incremento ha sido a\u00fan m\u00e1s destacado en Catalunya, por encima del 76%.<\/strong><\/p>\n<p>El PSOE gana las elecciones generales. \u00a0El partido de Pedro S\u00e1nchez obtiene el 29% de los votos y\u00a0123 diputados. Con ese resultado, los socialistas tienen al alcance de su mano mantenerse en el Gobierno con un pacto que sume a Unidas Podemos\u00a0y a los nacionalistas catalanes y vascos.<\/p>\n<p>El Partido Popular se hunde con su candidato Pablo Casado, patrocinado por el expresidente Aznar. Son los peores resultados de PP desde que existe ese partido. Respecto a 2016 deja de ser el partido m\u00e1s votado, y pasa de tener 137 esca\u00f1os a cosechar solo 66.<\/p>\n<p>Los resultados arrojan una fragmentaci\u00f3n total en la derecha. Ciudadanos sube hasta los 57 diputados frente a los\u00a032 que ten\u00eda hasta ahora y Vox logra 24. Vox, la ultraderecha populista y franquista, irrumpe, pero sin opciones para formar una coalici\u00f3n de derechas que pudiera gobernar.<\/p>\n<p>Los discursos crispados, violentos, xen\u00f3fobos y machistas han sido persistentes en la campa\u00f1a electoral por parte de la derecha. Ya lo ven\u00edan siendo antes de la campa\u00f1a, en un enfrentamiento especialmente \u00e1cido contra Catalunya. Pero no es posible afirmar un claro rechazo a este discurso, pues el partido C\u2019s de Albert Ribera ha crecido, logrando ser tercera fuerza.<\/p>\n<p>La formaci\u00f3n de Pablo Iglesias, junto a las confluencias, ha obtenido 42 esca\u00f1os frente a los 71 -con la suma de Comprom\u00eds- que consigui\u00f3 en 2016.<\/p>\n<p>En cuanto a los independentistas catalanes, ERC cosecha 15 diputados y Junts per Catalunya 7. El PNV consigue 6 esca\u00f1os y EH Bildu se lleva 5.<\/p>\n<p>En referencia a los pactos para lograr la mayor\u00eda absoluta y conformar el gobierno muchos temen que pudiera producirse un pacto entre PSOE y C\u2019s, pacto que ha sido llamado \u201cel pacto del IBEX 35\u201d, por su clara connotaci\u00f3n pragm\u00e1tica en favor del neoliberalismo. Este pacto dar\u00eda la espalda a Podemos y a los independentistas, cuyos resultados han sido espectaculares en Catalunya y el Pa\u00eds Vasco.<\/p>\n<p>\u00abCon Ribera NO!\u00bb aclaman cientos de personas frente a la sede del PSOE, en medio del discurso del ganador Pedro S\u00e1nchez, para la sorpresa del mismo, que se ha visto obligado a decir que no pactar\u00e1 con C&#8217;s.<\/p>\n<p>La pregunta subyacente de fondo es si la vieja Espa\u00f1a persistir\u00e1 en su visi\u00f3n ficticia y delirante del norte de la pen\u00ednsula, donde los partidos espa\u00f1olistas obtienen resultados residuales cada vez m\u00e1s acusados.<\/p>\n","protected":false},"excerpt":{"rendered":"<p>Contundentes resultados electorales frente a los ensue\u00f1os delirantes del neofascismo. La\u00a0participaci\u00f3n en las\u00a0elecciones generales del 28 de abril\u00a0ha superado el 75% en toda Espa\u00f1a, casi 9 puntos m\u00e1s que en las elecciones del 2016. El incremento ha sido a\u00fan m\u00e1s&hellip;<\/p>\n","protected":false},"author":451,"featured_media":847668,"comment_status":"closed","ping_status":"closed","sticky":false,"template":"","format":"standard","meta":{"footnotes":""},"categories":[149,11389,66,74],"tags":[55212,58188,20225,55182,10274,10642,1390],"class_list":["post-847600","post","type-post","status-publish","format-standard","has-post-thumbnail","hentry","category-comunicados-de-prensa","category-contenido-original","category-europa-es","category-politica-es","tag-28abril","tag-eleccionesespana","tag-elecciones-generales","tag-erc","tag-fascismo-es","tag-podemos","tag-psoe"],"yoast_head":"<!-- This site is optimized with the Yoast SEO plugin v27.1.1 - https:\/\/yoast.com\/product\/yoast-seo-wordpress\/ -->\n<title>Elecciones generales en Espa\u00f1a: &quot;Gran movilizaci\u00f3n frente al discurso del odio&quot;<\/title>\n<meta name=\"description\" content=\"Contundentes resultados electorales frente a los ensue\u00f1os delirantes del neofascismo. La\u00a0participaci\u00f3n en las\u00a0elecciones generales del 28 de abril\u00a0ha\" \/>\n<meta name=\"robots\" content=\"index, follow, max-snippet:-1, max-image-preview:large, max-video-preview:-1\" \/>\n<link rel=\"canonical\" href=\"https:\/\/www.pressenza.com\/es\/2019\/04\/elecciones-generales-en-espana-gran-movilizacion-frente-a-al-discurso-del-odio\/\" \/>\n<meta property=\"og:locale\" content=\"es_ES\" \/>\n<meta property=\"og:type\" content=\"article\" \/>\n<meta property=\"og:title\" content=\"Elecciones generales en Espa\u00f1a: &quot;Gran movilizaci\u00f3n frente al discurso del odio&quot;\" \/>\n<meta property=\"og:description\" content=\"Contundentes resultados electorales frente a los ensue\u00f1os delirantes del neofascismo. La\u00a0participaci\u00f3n en las\u00a0elecciones generales del 28 de abril\u00a0ha\" \/>\n<meta property=\"og:url\" content=\"https:\/\/www.pressenza.com\/es\/2019\/04\/elecciones-generales-en-espana-gran-movilizacion-frente-a-al-discurso-del-odio\/\" \/>\n<meta property=\"og:site_name\" content=\"Pressenza\" \/>\n<meta property=\"article:publisher\" content=\"https:\/\/www.facebook.com\/PressenzaItalia\" \/>\n<meta property=\"article:author\" content=\"https:\/\/m.facebook.com\/javier.belda\" \/>\n<meta property=\"article:published_time\" content=\"2019-04-28T21:52:34+00:00\" \/>\n<meta property=\"article:modified_time\" content=\"2019-04-30T10:34:05+00:00\" \/>\n<meta property=\"og:image\" content=\"https:\/\/www.pressenza.com\/wp-content\/uploads\/2019\/04\/2019-e.jpg\" \/>\n\t<meta property=\"og:image:width\" content=\"1029\" \/>\n\t<meta property=\"og:image:height\" content=\"668\" \/>\n\t<meta property=\"og:image:type\" content=\"image\/jpeg\" \/>\n<meta name=\"author\" content=\"Javier Belda\" \/>\n<meta name=\"twitter:card\" content=\"summary_large_image\" \/>\n<meta name=\"twitter:creator\" content=\"@Xavib1\" \/>\n<meta name=\"twitter:site\" content=\"@PressenzaIPA\" \/>\n<meta name=\"twitter:label1\" content=\"Escrito por\" \/>\n\t<meta name=\"twitter:data1\" content=\"Javier Belda\" \/>\n\t<meta name=\"twitter:label2\" content=\"Tiempo de lectura\" \/>\n\t<meta name=\"twitter:data2\" content=\"2 minutos\" \/>\n<script type=\"application\/ld+json\" class=\"yoast-schema-graph\">{\"@context\":\"https:\/\/schema.org\",\"@graph\":[{\"@type\":\"Article\",\"@id\":\"https:\/\/www.pressenza.com\/es\/2019\/04\/elecciones-generales-en-espana-gran-movilizacion-frente-a-al-discurso-del-odio\/#article\",\"isPartOf\":{\"@id\":\"https:\/\/www.pressenza.com\/es\/2019\/04\/elecciones-generales-en-espana-gran-movilizacion-frente-a-al-discurso-del-odio\/\"},\"author\":{\"name\":\"Javier Belda\",\"@id\":\"https:\/\/www.pressenza.com\/es\/#\/schema\/person\/fe7403675617ebaa73624ab374ec64a0\"},\"headline\":\"Elecciones generales en Espa\u00f1a: \u00abGran movilizaci\u00f3n frente al discurso del odio\u00bb\",\"datePublished\":\"2019-04-28T21:52:34+00:00\",\"dateModified\":\"2019-04-30T10:34:05+00:00\",\"mainEntityOfPage\":{\"@id\":\"https:\/\/www.pressenza.com\/es\/2019\/04\/elecciones-generales-en-espana-gran-movilizacion-frente-a-al-discurso-del-odio\/\"},\"wordCount\":465,\"publisher\":{\"@id\":\"https:\/\/www.pressenza.com\/es\/#organization\"},\"image\":{\"@id\":\"https:\/\/www.pressenza.com\/es\/2019\/04\/elecciones-generales-en-espana-gran-movilizacion-frente-a-al-discurso-del-odio\/#primaryimage\"},\"thumbnailUrl\":\"https:\/\/www.pressenza.com\/wp-content\/uploads\/2019\/04\/2019-e.jpg\",\"keywords\":[\"#28abril\",\"#EleccionesEspa\u00f1a\",\"Elecciones generales\",\"ERC\",\"fascismo\",\"Podemos\",\"PSOE\"],\"articleSection\":[\"Comunicados de Prensa\",\"Contenido Original\",\"Europa\",\"Pol\u00edtica\"],\"inLanguage\":\"es\"},{\"@type\":\"WebPage\",\"@id\":\"https:\/\/www.pressenza.com\/es\/2019\/04\/elecciones-generales-en-espana-gran-movilizacion-frente-a-al-discurso-del-odio\/\",\"url\":\"https:\/\/www.pressenza.com\/es\/2019\/04\/elecciones-generales-en-espana-gran-movilizacion-frente-a-al-discurso-del-odio\/\",\"name\":\"Elecciones generales en Espa\u00f1a: \\\"Gran movilizaci\u00f3n frente al discurso del odio\\\"\",\"isPartOf\":{\"@id\":\"https:\/\/www.pressenza.com\/es\/#website\"},\"primaryImageOfPage\":{\"@id\":\"https:\/\/www.pressenza.com\/es\/2019\/04\/elecciones-generales-en-espana-gran-movilizacion-frente-a-al-discurso-del-odio\/#primaryimage\"},\"image\":{\"@id\":\"https:\/\/www.pressenza.com\/es\/2019\/04\/elecciones-generales-en-espana-gran-movilizacion-frente-a-al-discurso-del-odio\/#primaryimage\"},\"thumbnailUrl\":\"https:\/\/www.pressenza.com\/wp-content\/uploads\/2019\/04\/2019-e.jpg\",\"datePublished\":\"2019-04-28T21:52:34+00:00\",\"dateModified\":\"2019-04-30T10:34:05+00:00\",\"description\":\"Contundentes resultados electorales frente a los ensue\u00f1os delirantes del neofascismo. La\u00a0participaci\u00f3n en las\u00a0elecciones generales del 28 de abril\u00a0ha\",\"breadcrumb\":{\"@id\":\"https:\/\/www.pressenza.com\/es\/2019\/04\/elecciones-generales-en-espana-gran-movilizacion-frente-a-al-discurso-del-odio\/#breadcrumb\"},\"inLanguage\":\"es\",\"potentialAction\":[{\"@type\":\"ReadAction\",\"target\":[\"https:\/\/www.pressenza.com\/es\/2019\/04\/elecciones-generales-en-espana-gran-movilizacion-frente-a-al-discurso-del-odio\/\"]}]},{\"@type\":\"ImageObject\",\"inLanguage\":\"es\",\"@id\":\"https:\/\/www.pressenza.com\/es\/2019\/04\/elecciones-generales-en-espana-gran-movilizacion-frente-a-al-discurso-del-odio\/#primaryimage\",\"url\":\"https:\/\/www.pressenza.com\/wp-content\/uploads\/2019\/04\/2019-e.jpg\",\"contentUrl\":\"https:\/\/www.pressenza.com\/wp-content\/uploads\/2019\/04\/2019-e.jpg\",\"width\":1029,\"height\":668},{\"@type\":\"BreadcrumbList\",\"@id\":\"https:\/\/www.pressenza.com\/es\/2019\/04\/elecciones-generales-en-espana-gran-movilizacion-frente-a-al-discurso-del-odio\/#breadcrumb\",\"itemListElement\":[{\"@type\":\"ListItem\",\"position\":1,\"name\":\"Accueil\",\"item\":\"https:\/\/www.pressenza.com\/es\/\"},{\"@type\":\"ListItem\",\"position\":2,\"name\":\"Elecciones generales en Espa\u00f1a: \u00abGran movilizaci\u00f3n frente al discurso del odio\u00bb\"}]},{\"@type\":\"WebSite\",\"@id\":\"https:\/\/www.pressenza.com\/es\/#website\",\"url\":\"https:\/\/www.pressenza.com\/es\/\",\"name\":\"Pressenza\",\"description\":\"International Press Agency\",\"publisher\":{\"@id\":\"https:\/\/www.pressenza.com\/es\/#organization\"},\"potentialAction\":[{\"@type\":\"SearchAction\",\"target\":{\"@type\":\"EntryPoint\",\"urlTemplate\":\"https:\/\/www.pressenza.com\/es\/?s={search_term_string}\"},\"query-input\":{\"@type\":\"PropertyValueSpecification\",\"valueRequired\":true,\"valueName\":\"search_term_string\"}}],\"inLanguage\":\"es\"},{\"@type\":\"Organization\",\"@id\":\"https:\/\/www.pressenza.com\/es\/#organization\",\"name\":\"Pressenza\",\"url\":\"https:\/\/www.pressenza.com\/es\/\",\"logo\":{\"@type\":\"ImageObject\",\"inLanguage\":\"es\",\"@id\":\"https:\/\/www.pressenza.com\/es\/#\/schema\/logo\/image\/\",\"url\":\"https:\/\/www.pressenza.com\/wp-content\/uploads\/2022\/10\/pressenza_logo_200x200.jpg\",\"contentUrl\":\"https:\/\/www.pressenza.com\/wp-content\/uploads\/2022\/10\/pressenza_logo_200x200.jpg\",\"width\":200,\"height\":200,\"caption\":\"Pressenza\"},\"image\":{\"@id\":\"https:\/\/www.pressenza.com\/es\/#\/schema\/logo\/image\/\"},\"sameAs\":[\"https:\/\/www.facebook.com\/PressenzaItalia\",\"https:\/\/x.com\/PressenzaIPA\"]},{\"@type\":\"Person\",\"@id\":\"https:\/\/www.pressenza.com\/es\/#\/schema\/person\/fe7403675617ebaa73624ab374ec64a0\",\"name\":\"Javier Belda\",\"description\":\"He has participated in the New Universalist Humanism since 1989, promoting activities in the fields of journalism and global politics. Member of the World Center of Humanist Studies. Redaction Team of Barcelona in Pressenza IPA. Contact: xavibelda1@gmail.com\",\"sameAs\":[\"http:\/\/eltelondefondo.wordpress.com\/\",\"https:\/\/m.facebook.com\/javier.belda\",\"https:\/\/x.com\/Xavib1\"],\"url\":\"https:\/\/www.pressenza.com\/es\/author\/javier-belda\/\"}]}<\/script>\n<!-- \/ Yoast SEO plugin. -->","yoast_head_json":{"title":"Elecciones generales en Espa\u00f1a: \"Gran movilizaci\u00f3n frente al discurso del odio\"","description":"Contundentes resultados electorales frente a los ensue\u00f1os delirantes del neofascismo. La\u00a0participaci\u00f3n en las\u00a0elecciones generales del 28 de abril\u00a0ha","robots":{"index":"index","follow":"follow","max-snippet":"max-snippet:-1","max-image-preview":"max-image-preview:large","max-video-preview":"max-video-preview:-1"},"canonical":"https:\/\/www.pressenza.com\/es\/2019\/04\/elecciones-generales-en-espana-gran-movilizacion-frente-a-al-discurso-del-odio\/","og_locale":"es_ES","og_type":"article","og_title":"Elecciones generales en Espa\u00f1a: \"Gran movilizaci\u00f3n frente al discurso del odio\"","og_description":"Contundentes resultados electorales frente a los ensue\u00f1os delirantes del neofascismo. La\u00a0participaci\u00f3n en las\u00a0elecciones generales del 28 de abril\u00a0ha","og_url":"https:\/\/www.pressenza.com\/es\/2019\/04\/elecciones-generales-en-espana-gran-movilizacion-frente-a-al-discurso-del-odio\/","og_site_name":"Pressenza","article_publisher":"https:\/\/www.facebook.com\/PressenzaItalia","article_author":"https:\/\/m.facebook.com\/javier.belda","article_published_time":"2019-04-28T21:52:34+00:00","article_modified_time":"2019-04-30T10:34:05+00:00","og_image":[{"width":1029,"height":668,"url":"https:\/\/www.pressenza.com\/wp-content\/uploads\/2019\/04\/2019-e.jpg","type":"image\/jpeg"}],"author":"Javier Belda","twitter_card":"summary_large_image","twitter_creator":"@Xavib1","twitter_site":"@PressenzaIPA","twitter_misc":{"Escrito por":"Javier Belda","Tiempo de lectura":"2 minutos"},"schema":{"@context":"https:\/\/schema.org","@graph":[{"@type":"Article","@id":"https:\/\/www.pressenza.com\/es\/2019\/04\/elecciones-generales-en-espana-gran-movilizacion-frente-a-al-discurso-del-odio\/#article","isPartOf":{"@id":"https:\/\/www.pressenza.com\/es\/2019\/04\/elecciones-generales-en-espana-gran-movilizacion-frente-a-al-discurso-del-odio\/"},"author":{"name":"Javier Belda","@id":"https:\/\/www.pressenza.com\/es\/#\/schema\/person\/fe7403675617ebaa73624ab374ec64a0"},"headline":"Elecciones generales en Espa\u00f1a: \u00abGran movilizaci\u00f3n frente al discurso del odio\u00bb","datePublished":"2019-04-28T21:52:34+00:00","dateModified":"2019-04-30T10:34:05+00:00","mainEntityOfPage":{"@id":"https:\/\/www.pressenza.com\/es\/2019\/04\/elecciones-generales-en-espana-gran-movilizacion-frente-a-al-discurso-del-odio\/"},"wordCount":465,"publisher":{"@id":"https:\/\/www.pressenza.com\/es\/#organization"},"image":{"@id":"https:\/\/www.pressenza.com\/es\/2019\/04\/elecciones-generales-en-espana-gran-movilizacion-frente-a-al-discurso-del-odio\/#primaryimage"},"thumbnailUrl":"https:\/\/www.pressenza.com\/wp-content\/uploads\/2019\/04\/2019-e.jpg","keywords":["#28abril","#EleccionesEspa\u00f1a","Elecciones generales","ERC","fascismo","Podemos","PSOE"],"articleSection":["Comunicados de Prensa","Contenido Original","Europa","Pol\u00edtica"],"inLanguage":"es"},{"@type":"WebPage","@id":"https:\/\/www.pressenza.com\/es\/2019\/04\/elecciones-generales-en-espana-gran-movilizacion-frente-a-al-discurso-del-odio\/","url":"https:\/\/www.pressenza.com\/es\/2019\/04\/elecciones-generales-en-espana-gran-movilizacion-frente-a-al-discurso-del-odio\/","name":"Elecciones generales en Espa\u00f1a: \"Gran movilizaci\u00f3n frente al discurso del odio\"","isPartOf":{"@id":"https:\/\/www.pressenza.com\/es\/#website"},"primaryImageOfPage":{"@id":"https:\/\/www.pressenza.com\/es\/2019\/04\/elecciones-generales-en-espana-gran-movilizacion-frente-a-al-discurso-del-odio\/#primaryimage"},"image":{"@id":"https:\/\/www.pressenza.com\/es\/2019\/04\/elecciones-generales-en-espana-gran-movilizacion-frente-a-al-discurso-del-odio\/#primaryimage"},"thumbnailUrl":"https:\/\/www.pressenza.com\/wp-content\/uploads\/2019\/04\/2019-e.jpg","datePublished":"2019-04-28T21:52:34+00:00","dateModified":"2019-04-30T10:34:05+00:00","description":"Contundentes resultados electorales frente a los ensue\u00f1os delirantes del neofascismo. La\u00a0participaci\u00f3n en las\u00a0elecciones generales del 28 de abril\u00a0ha","breadcrumb":{"@id":"https:\/\/www.pressenza.com\/es\/2019\/04\/elecciones-generales-en-espana-gran-movilizacion-frente-a-al-discurso-del-odio\/#breadcrumb"},"inLanguage":"es","potentialAction":[{"@type":"ReadAction","target":["https:\/\/www.pressenza.com\/es\/2019\/04\/elecciones-generales-en-espana-gran-movilizacion-frente-a-al-discurso-del-odio\/"]}]},{"@type":"ImageObject","inLanguage":"es","@id":"https:\/\/www.pressenza.com\/es\/2019\/04\/elecciones-generales-en-espana-gran-movilizacion-frente-a-al-discurso-del-odio\/#primaryimage","url":"https:\/\/www.pressenza.com\/wp-content\/uploads\/2019\/04\/2019-e.jpg","contentUrl":"https:\/\/www.pressenza.com\/wp-content\/uploads\/2019\/04\/2019-e.jpg","width":1029,"height":668},{"@type":"BreadcrumbList","@id":"https:\/\/www.pressenza.com\/es\/2019\/04\/elecciones-generales-en-espana-gran-movilizacion-frente-a-al-discurso-del-odio\/#breadcrumb","itemListElement":[{"@type":"ListItem","position":1,"name":"Accueil","item":"https:\/\/www.pressenza.com\/es\/"},{"@type":"ListItem","position":2,"name":"Elecciones generales en Espa\u00f1a: \u00abGran movilizaci\u00f3n frente al discurso del odio\u00bb"}]},{"@type":"WebSite","@id":"https:\/\/www.pressenza.com\/es\/#website","url":"https:\/\/www.pressenza.com\/es\/","name":"Pressenza","description":"International Press Agency","publisher":{"@id":"https:\/\/www.pressenza.com\/es\/#organization"},"potentialAction":[{"@type":"SearchAction","target":{"@type":"EntryPoint","urlTemplate":"https:\/\/www.pressenza.com\/es\/?s={search_term_string}"},"query-input":{"@type":"PropertyValueSpecification","valueRequired":true,"valueName":"search_term_string"}}],"inLanguage":"es"},{"@type":"Organization","@id":"https:\/\/www.pressenza.com\/es\/#organization","name":"Pressenza","url":"https:\/\/www.pressenza.com\/es\/","logo":{"@type":"ImageObject","inLanguage":"es","@id":"https:\/\/www.pressenza.com\/es\/#\/schema\/logo\/image\/","url":"https:\/\/www.pressenza.com\/wp-content\/uploads\/2022\/10\/pressenza_logo_200x200.jpg","contentUrl":"https:\/\/www.pressenza.com\/wp-content\/uploads\/2022\/10\/pressenza_logo_200x200.jpg","width":200,"height":200,"caption":"Pressenza"},"image":{"@id":"https:\/\/www.pressenza.com\/es\/#\/schema\/logo\/image\/"},"sameAs":["https:\/\/www.facebook.com\/PressenzaItalia","https:\/\/x.com\/PressenzaIPA"]},{"@type":"Person","@id":"https:\/\/www.pressenza.com\/es\/#\/schema\/person\/fe7403675617ebaa73624ab374ec64a0","name":"Javier Belda","description":"He has participated in the New Universalist Humanism since 1989, promoting activities in the fields of journalism and global politics. Member of the World Center of Humanist Studies. Redaction Team of Barcelona in Pressenza IPA. Contact: xavibelda1@gmail.com","sameAs":["http:\/\/eltelondefondo.wordpress.com\/","https:\/\/m.facebook.com\/javier.belda","https:\/\/x.com\/Xavib1"],"url":"https:\/\/www.pressenza.com\/es\/author\/javier-belda\/"}]}},"place":"Espa\u00f1a","original_article_url":"","_links":{"self":[{"href":"https:\/\/www.pressenza.com\/es\/wp-json\/wp\/v2\/posts\/847600","targetHints":{"allow":["GET"]}}],"collection":[{"href":"https:\/\/www.pressenza.com\/es\/wp-json\/wp\/v2\/posts"}],"about":[{"href":"https:\/\/www.pressenza.com\/es\/wp-json\/wp\/v2\/types\/post"}],"author":[{"embeddable":true,"href":"https:\/\/www.pressenza.com\/es\/wp-json\/wp\/v2\/users\/451"}],"replies":[{"embeddable":true,"href":"https:\/\/www.pressenza.com\/es\/wp-json\/wp\/v2\/comments?post=847600"}],"version-history":[{"count":0,"href":"https:\/\/www.pressenza.com\/es\/wp-json\/wp\/v2\/posts\/847600\/revisions"}],"wp:featuredmedia":[{"embeddable":true,"href":"https:\/\/www.pressenza.com\/es\/wp-json\/wp\/v2\/media\/847668"}],"wp:attachment":[{"href":"https:\/\/www.pressenza.com\/es\/wp-json\/wp\/v2\/media?parent=847600"}],"wp:term":[{"taxonomy":"category","embeddable":true,"href":"https:\/\/www.pressenza.com\/es\/wp-json\/wp\/v2\/categories?post=847600"},{"taxonomy":"post_tag","embeddable":true,"href":"https:\/\/www.pressenza.com\/es\/wp-json\/wp\/v2\/tags?post=847600"}],"curies":[{"name":"wp","href":"https:\/\/api.w.org\/{rel}","templated":true}]}}