{"id":847203,"date":"2019-04-28T04:38:48","date_gmt":"2019-04-28T03:38:48","guid":{"rendered":"https:\/\/www.pressenza.com\/?p=847203"},"modified":"2019-04-28T04:38:48","modified_gmt":"2019-04-28T03:38:48","slug":"conversatorio-con-jennifer-pedraza-lider-estudiantil-colombiana-en-new-york","status":"publish","type":"post","link":"https:\/\/www.pressenza.com\/es\/2019\/04\/conversatorio-con-jennifer-pedraza-lider-estudiantil-colombiana-en-new-york\/","title":{"rendered":"Conversatorio con Jennifer Pedraza, lider estudiantil Colombiana en New York"},"content":{"rendered":"<blockquote><p>\u201dEn Colombia, es a punta de paros que hemos tumbado las reformas neoliberales\u201c<\/p><\/blockquote>\n<p><strong>LITERALMENTE, EN UNA TEMPESTAD, SE CAEN LOS TECHOS DE LAS UNIVERSIDADES P\u00daBLICAS.<\/strong><\/p>\n<blockquote>\n<p style=\"text-align: left;\">\u201cPara nosotros sentar al gobierno fue una victoria, porque la actitud que ha tenido el gobierno frente a los paros, ha sido la misma que aplic\u00f3 a los estudiantes y a la minga ind\u00edgena, una posici\u00f3n de no escuchar sus reclamos, de deslegitimarlos como actores de interlocuci\u00f3n, la educaci\u00f3n superior como un derecho, no como un privilegio\u201d Jennifer Pedraza<\/p>\n<\/blockquote>\n<p><em>Jennifer Pedraza Sandoval, estudiante en la Maestr\u00eda en Ciencias Econ\u00f3mica de la Universidad Nacional de Colombia, la m\u00e1s importante del pa\u00eds adem\u00e1s es Miembro del Comit\u00e9 Ejecutivo Nacional de la Asociaci\u00f3n Colombiana de Representantes Estudiantiles de la Educaci\u00f3n Superior (ACREES), y representante estudiantil ante el Consejo Nacional de Educaci\u00f3n Superior (CESU). Delegada en la Mesa de Negociaci\u00f3n con el Gobierno Nacional, Activista Pol\u00edtica de Polo Democr\u00e1tico Alternativo uno de los partidos de oposici\u00f3n en Colombia.<\/em><\/p>\n<p>Por Gustavo Espinoza<\/p>\n<p>New York, tuvo la visita de Jennifer Pedraza, l\u00edder estudiantil de Colombia por la defensa de la Universidad P\u00fablica, quienes despu\u00e9s de intensas movilizaciones y negociaciones; consiguieron una asignaci\u00f3n presupuestaria de 5.85 billones de pesos colombianos y, hoy contin\u00faan en lucha para que se haga efectivo lo acordado con el gobierno nacional del Presidente Iv\u00e1n Duque.<\/p>\n<p>Luego de visitar y compartir la lucha de los estudiantes en importantes universidades como: Graduate Center de CUNY ( Colombia Study Group) Princenton University, Institute of Latin American Studies at Columbia University, Terraza 7, un espacio pol\u00edtico cultural en la ciudad de New York, y de visitar a algunos l\u00edderes y pol\u00edticos como la Senadora Estatal de New York, Jessica Ramos, en el que compartieron el sistema educativo estadounidense y colombiano, adem\u00e1s de cumplir otras actividades de solidaridad con la causa Palestina, Jennifer lleva una sensaci\u00f3n agridulce del sistema educativo de los Estados Unidos.<\/p>\n<p>Nos comparte su sentir, visi\u00f3n, misi\u00f3n y lucha en defensa de la Universidad P\u00fablica de Colombia.<\/p>\n<p>Jennifer, se involucra en la lucha estudiantil, a partir de una historia personal, \u201dempec\u00e9 a estudiar ciencia pol\u00edtica en la Universidad Nacional de Colombia, que es la universidad m\u00e1s importante de Colombia pero resulta que una vez en aguacero se cay\u00f3 el techo de la facultad de Ciencias Pol\u00edticas, y se me cay\u00f3 el techo encima , yo estaba en la facultad , se cae el techo y empieza a llover dentro del edificio; entonces yo me dije, esto ya es el l\u00edmite, qu\u00e9 es lo que tiene que pasar para nosotros movernos y hacer algo en esta universidad, que por lo menos en mi caso; es la \u00fanica forma a trav\u00e9s de la cual yo hubiera podido acceder a la universidad superior, yo no tengo con que pagar la matr\u00edcula en una universidad privada y como yo, hay miles de j\u00f3venes en Colombia\u2019, este fue el punto de partida\u201d.<\/p>\n<p>Con esa fuerza de esp\u00edritu y brillo enternecedor en su rostro, recalca; \u201cme lanc\u00e9 a la representaci\u00f3n estudiantil, me eligieron como su representante y ah\u00ed he estado desde entonces. Lo m\u00e1s dif\u00edcil han sido dos cosas: 1 la posici\u00f3n de los gobiernos, no importa qui\u00e9n sea el Presidente, sea Santos 1,2, Duque 1, han sido posiciones intransigentes, frente a nuestros reclamos de la financiaci\u00f3n de la educaci\u00f3n p\u00fablica, uno siente a veces que est\u00e1 hablando a la pared, simplemente copian y pegan lo que en materia internacional se orientan desde la Organizaci\u00f3n para la Cooperaci\u00f3n y el Desarrollo Econ\u00f3micos (OCDE), Banco Mundial (BM), y no escuchan los argumentos de los estudiantes, tienen una posici\u00f3n pol\u00edtica definida; eso ha hecho que las mejores y las m\u00e1s efectivas estrategias sean necesariamente movilizaciones en las calles y paros nacionales, es a punta de paros que hemos tumbado las reformas neoliberales la que intent\u00f3 hacer Santos 1, a punta de paros hemos ganado presupuesto para nuestras universidades p\u00fablicas, pero tambi\u00e9n ha sido lo m\u00e1s digno porque definitivamente es as\u00ed el proceso de lucha del movimiento estudiantil.<\/p>\n<p>El 2do Factor que ha sido dif\u00edcil, es poder coordinar con el resto de sectores de la sociedad civil, eso en este movimiento, fue un gran avance; porque logramos que los profesores universitarios se hicieran parte de este paro nacional, que estuvieran en la mesa de negociaci\u00f3n con el gobierno, es un avance hist\u00f3rico, nunca hab\u00edamos tenido esa participaci\u00f3n y, ello nos da mucha credibilidad y fuerza ante la sociedad.<\/p>\n<p>En Colombia, afortunadamente hay un ambiente de politizaci\u00f3n de la juventud, los j\u00f3venes est\u00e1n participando en pol\u00edtica y estamos tomando posiciones pol\u00edticas, en parte porque se dieron cuenta que esa idea mentirosa de que los j\u00f3venes y la gente de bien no se meten en pol\u00edtica, en las anteriores elecciones del a\u00f1o pasado hubo mucho activismo por parte de diferentes candidaturas alternativas dentro de los j\u00f3venes, de forma que cuando Duque gana la presidencia; todo el mundo dec\u00eda \u00a1qu\u00e9 hay que hacer!, \u00a1qu\u00e9 hay que hacer! para defender nuestros derechos, al tiempo ten\u00edamos unas organizaciones m\u00e1s s\u00f3lidas de las que ten\u00edamos antes del que hago parte que es la Asociaci\u00f3n Colombiana de Representantes Estudiantiles (ACREES)., otras expresiones organizativas tambi\u00e9n participaron en este movimiento, eso nos permiti\u00f3 una articulaci\u00f3n nacional del cual hab\u00edan carecido previamente.<\/p>\n<p>Para nosotros sentar al gobierno fue una victoria, porque la actitud que ha tenido el gobierno frente a los paros, ha sido la misma que aplic\u00f3 a los estudiantes y a la minga ind\u00edgena, una posici\u00f3n de no escuchar sus reclamos, de deslegitimarlos como actores de interlocuci\u00f3n, varias veces le pedimos reuniones al Presidente antes de entrar al paro, sin embargo no nos escuch\u00f3 y por eso; sentarlos al ministerio de educaci\u00f3n con una propuesta de negociaci\u00f3n para nosotros es una ganancia porque part\u00edamos de la fuerza que nos iba dar el movimiento, que tanto da uno y que tanto da el otro, es algo que depende una parte de la fuerza que tenga el sector, en este caso el movimiento estudiantil.<\/p>\n<p>Al final el acuerdo que nosotros ganamos, mi parecer es excelente porque , primero se da en el auge del movimiento, cuando m\u00e1s fuerza ten\u00edamos, gobierno dec\u00eda, no les vamos a dar nada, no le vamos a dar nada y nosotros dec\u00edamos \u00a1ah bueno!; entonces vamos a sacar una s\u00faper marcha este jueves y as\u00ed \u00e9ramos todas las semanas, el lunes y martes dec\u00edamos lo que quer\u00edamos, despu\u00e9s el mi\u00e9rcoles dec\u00eda que no nos iba dar nada de lo que quer\u00edamos, el jueves era la marcha y el viernes, el gobierno ced\u00eda un poquito, entonces yo dec\u00eda, se lo juro que vamos a sacar la marcha m\u00e1s grande del mundo y yo s\u00faper angustiada de todo, por favor que la gente salga, porque literalmente de uno no depende, la negociaci\u00f3n y fuerza en la mesa, depende de cuanta gente est\u00e1 respaldando en las calles sus posiciones.<\/p>\n<p>Lo central que nosotros est\u00e1bamos discutiendo en la mesa, es el modelo de pa\u00eds, un modelo en el cual o los derechos se garantizan o vienen por todo, a privatizar las universidades p\u00fablicas, vienen a implementar el cr\u00e9dito como el mecanismo prioritario para acceder a la educaci\u00f3n superior, endeudando a las familias que no tienen con qu\u00e9 pagar.<\/p>\n<p>Esto en educaci\u00f3n, es solo una ficha de un rompecabezas muy grande que c\u00f3mo est\u00e1 organizada el pa\u00eds, entonces un pa\u00eds sin industria, un pa\u00eds cuya prioridad no es el desarrollo nacional, sino en gran parte estar al servicio de otras determinaciones, de otras naciones; cada vez que Donald Trump dice algo, Duque tiene que ir a buscarlo, y nosotros s\u00ed creemos que tanto en educaci\u00f3n y todos sectores de la sociedad, deben tomarse decisiones de manera soberana que respondan a los intereses del pa\u00eds.<\/p>\n<p>Literalmente cuando ped\u00edamos plata para las universidades p\u00fablicas, literalmente estamos yendo en contra de lo que la OCDE orienta para Colombia, la OCDE dice a Colombia financia mucho sus universidades, a pesar de que se nos caen los techos, a pesar de que tenemos un d\u00e9ficit de 15 millones de pesos, a pesar de la que la situaci\u00f3n es demasiada cr\u00edtica, tan cr\u00edtica como para que los rectores hayan salido a marchar con nosotros en el semestre pasado, los rectores; que no lo ponemos nosotros sino que los pone el gobierno, que no ten\u00edan como abrir en el 2019, esa disputa era por la existencia misma de las universidades p\u00fablicas por el derecho a auto determinarnos como sociedad colombiana.<\/p>\n<p>Se ha tumbado o echado abajo un modelo excluyente en Colombia, porque creemos equivocado para la educaci\u00f3n superior, Estados Unidos, es el ejemplo de hacia d\u00f3nde nos quieren llevar y hacia donde nosotros nos resistimos a llegar; tenemos universidades p\u00fablicas con unos costos de matr\u00edculas impresionantemente altos y una financiaci\u00f3n progresiva a trav\u00e9s de becas y cr\u00e9ditos a las personas que quieren acceder a la educaci\u00f3n y financiaci\u00f3n del gobiernos nacional y estatales a las universidades privadas.<br \/>\nNo tenemos una diferenciaci\u00f3n entre las universidades p\u00fablicas y privadas, ac\u00e1 en los Estados Unidos no hay un acceso a las personas que no tengan como pagar un cr\u00e9dito o que no tengan al menos unos 40 mil d\u00f3lares al a\u00f1o para pagar la matr\u00edcula, lo que termina haciendo esto es que la brecha entre las personas que no tienen recursos y las que tienen plata cada vez sea mayor, que solamente los que tienen plata puede ascender, mejorar sus condiciones de vida, le est\u00e1n quitando el derecho a muchos ciudadanos de acceder al conocimiento y acceder al conocimiento como especie es un derecho para nosotros, acceder a la contribuci\u00f3n cient\u00edfica de la humanidad como lo hicieron Newton, Albert Einstein, Maxwell, como especie tenemos derecho.<\/p>\n<p>Ac\u00e1 existe \u00e1nimo de lucro, en Colombia tumbamos la legalizaci\u00f3n del \u00e1nimo de lucro, el recorrer por alguna universidades de EE.UU., ha generado sentimientos encontrados. Por un lado mucha felicidad por las personas que vienen a escuchar la charla, que discuten, confrontan, contrastan, un nivel de debate muy planificado, muchos profesores se involucran y participar en el debate de Am\u00e9rica Latina en general.<\/p>\n<p>Pero tan tambi\u00e9n, una sensaci\u00f3n de tristeza, de rabia un poco; porque he visto universidades con unos laboratorios impresionantes con una infraestructura genial y muchos de los operarios de esa infraestructura son gente de Colombia, gente que tiene un cerebro impresionante que seguramente tiene que aportar al mundo pero que en Colombia no lo puede hacer, siento que ac\u00e1 hay cosas que en Colombia nos proh\u00edben tener , a nosotros nos proh\u00edben tener porque nos desfinancian las universidades, tengo esa sensaci\u00f3n de frustraci\u00f3n y una ansiedad por trabajar m\u00e1s para cerrar esa brecha que tenemos en t\u00e9rminos de investigaci\u00f3n de ciencia, de producci\u00f3n acad\u00e9mica.<\/p>\n<p>Llevo mucha alegr\u00eda, ha sido una gran experiencia de aprendizaje, y que tener un mejor pa\u00eds es posible, es la primera vez que salgo de Colombia, all\u00e1 uno cree que como est\u00e1, es lo mejor que ha podido estar y \u00a1no!, lo que pasa all\u00e1, nos toca sacar la sombrilla dentro los laboratorios porque llueve por dentro y ac\u00e1 uno se tiene que poner un traje como de astronauta para no contaminar porque son laboratorios de nanotecnolog\u00edas.<\/p>\n<p>Los estudiantes estamos en la tarea de construir reformas mucho m\u00e1s estructurales, lo que ganamos en el acuerdo es abrir una puerta de lucha para las futuras generaciones de estudiantes en t\u00e9rminos de reformar la ley 30, el ICETEX, cambios estructurales en el modelo de educaci\u00f3n superior que es la bandera que ahora estamos construyendo, estamos sentados, pensando, reflexionando sobre qu\u00e9 es lo que hay que cambiar en el modelo superior colombiano y c\u00f3mo, estamos redactando, escribiendo la propuesta que el movimiento estudiantil va a llevarle al pa\u00eds. Para que nos respalde en esta lucha, para que la educaci\u00f3n sea un derecho, reformar el ICETEX entidad de cr\u00e9ditos educativos que existe en Colombia que adem\u00e1s descubrimos que la financia el Banco Mundial, es el que endeuda al ICETEX y el ICETEX a la gente con la plata del Banco Mundial, podr\u00edamos decir que el ICETEX endeuda con el Banco Mundial.<\/p>\n<p>El 26 al 28 es el Congreso Nacional (ACREES), Asociaci\u00f3n Colombiana de Representantes Estudiantiles, esperamos m\u00e1s de 500 representantes para construir y elaborar las propuestas que vamos a llevar a la mesa con el gobierno.<\/p>\n<p>Para concluir, hace un llamado a estar movilizados, si no nos movemos para defender, el neoliberalismo va a arrasar con la pensiones, los derechos laborales, educaci\u00f3n, salud est\u00e1n cada vez m\u00e1s en riesgo, no podemos ser esa generaci\u00f3n que ve privatizar los derechos y se sienta sencillamente a ver como se acaban esos patrimonios, votar diferente, saltar a la pol\u00edtica por parte de todos los movimientos sociales, es fundamental.<\/p>\n","protected":false},"excerpt":{"rendered":"<p>\u201dEn Colombia, es a punta de paros que hemos tumbado las reformas neoliberales\u201c LITERALMENTE, EN UNA TEMPESTAD, SE CAEN LOS TECHOS DE LAS UNIVERSIDADES P\u00daBLICAS. \u201cPara nosotros sentar al gobierno fue una victoria, porque la actitud que ha tenido el&hellip;<\/p>\n","protected":false},"author":1126,"featured_media":847204,"comment_status":"closed","ping_status":"closed","sticky":false,"template":"","format":"standard","meta":{"footnotes":""},"categories":[11389,1230,46976,67],"tags":[4922,46983,27016],"class_list":["post-847203","post","type-post","status-publish","format-standard","has-post-thumbnail","hentry","category-contenido-original","category-educacion-tema","category-jovenes","category-sudamerica","tag-estudiantes","tag-politica-universitaria","tag-universidad-publica"],"yoast_head":"<!-- This site is optimized with the Yoast SEO plugin v27.1.1 - https:\/\/yoast.com\/product\/yoast-seo-wordpress\/ -->\n<title>Conversatorio con Jennifer Pedraza, lider estudiantil Colombiana en New York<\/title>\n<meta name=\"description\" content=\"\u201dEn Colombia, es a punta de paros que hemos tumbado las reformas neoliberales\u201c LITERALMENTE, EN UNA TEMPESTAD, SE CAEN LOS TECHOS DE LAS UNIVERSIDADES\" \/>\n<meta name=\"robots\" content=\"index, follow, max-snippet:-1, max-image-preview:large, max-video-preview:-1\" \/>\n<link rel=\"canonical\" href=\"https:\/\/www.pressenza.com\/es\/2019\/04\/conversatorio-con-jennifer-pedraza-lider-estudiantil-colombiana-en-new-york\/\" \/>\n<meta property=\"og:locale\" content=\"es_ES\" \/>\n<meta property=\"og:type\" content=\"article\" \/>\n<meta property=\"og:title\" content=\"Conversatorio con Jennifer Pedraza, lider estudiantil Colombiana en New York\" \/>\n<meta property=\"og:description\" content=\"\u201dEn Colombia, es a punta de paros que hemos tumbado las reformas neoliberales\u201c LITERALMENTE, EN UNA TEMPESTAD, SE CAEN LOS TECHOS DE LAS UNIVERSIDADES\" \/>\n<meta property=\"og:url\" content=\"https:\/\/www.pressenza.com\/es\/2019\/04\/conversatorio-con-jennifer-pedraza-lider-estudiantil-colombiana-en-new-york\/\" \/>\n<meta property=\"og:site_name\" content=\"Pressenza\" \/>\n<meta property=\"article:publisher\" content=\"https:\/\/www.facebook.com\/PressenzaItalia\" \/>\n<meta property=\"article:author\" content=\"https:\/\/www.facebook.com\/PressenzaEnglish\/\" \/>\n<meta property=\"article:published_time\" content=\"2019-04-28T03:38:48+00:00\" \/>\n<meta property=\"og:image\" content=\"https:\/\/www.pressenza.com\/wp-content\/uploads\/2019\/04\/Jennifer-Pedraza-Sandoval.jpg\" \/>\n\t<meta property=\"og:image:width\" content=\"2048\" \/>\n\t<meta property=\"og:image:height\" content=\"1365\" \/>\n\t<meta property=\"og:image:type\" content=\"image\/jpeg\" \/>\n<meta name=\"author\" content=\"Pressenza New York\" \/>\n<meta name=\"twitter:card\" content=\"summary_large_image\" \/>\n<meta name=\"twitter:creator\" content=\"@PressenzaIPA\" \/>\n<meta name=\"twitter:site\" content=\"@PressenzaIPA\" \/>\n<meta name=\"twitter:label1\" content=\"Escrito por\" \/>\n\t<meta name=\"twitter:data1\" content=\"Pressenza New York\" \/>\n\t<meta name=\"twitter:label2\" content=\"Tiempo de lectura\" \/>\n\t<meta name=\"twitter:data2\" content=\"11 minutos\" \/>\n<script type=\"application\/ld+json\" class=\"yoast-schema-graph\">{\"@context\":\"https:\/\/schema.org\",\"@graph\":[{\"@type\":\"Article\",\"@id\":\"https:\/\/www.pressenza.com\/es\/2019\/04\/conversatorio-con-jennifer-pedraza-lider-estudiantil-colombiana-en-new-york\/#article\",\"isPartOf\":{\"@id\":\"https:\/\/www.pressenza.com\/es\/2019\/04\/conversatorio-con-jennifer-pedraza-lider-estudiantil-colombiana-en-new-york\/\"},\"author\":{\"name\":\"Pressenza New York\",\"@id\":\"https:\/\/www.pressenza.com\/es\/#\/schema\/person\/75ff8ec4b4b03f1d2da977bba83672b3\"},\"headline\":\"Conversatorio con Jennifer Pedraza, lider estudiantil Colombiana en New York\",\"datePublished\":\"2019-04-28T03:38:48+00:00\",\"mainEntityOfPage\":{\"@id\":\"https:\/\/www.pressenza.com\/es\/2019\/04\/conversatorio-con-jennifer-pedraza-lider-estudiantil-colombiana-en-new-york\/\"},\"wordCount\":2258,\"publisher\":{\"@id\":\"https:\/\/www.pressenza.com\/es\/#organization\"},\"image\":{\"@id\":\"https:\/\/www.pressenza.com\/es\/2019\/04\/conversatorio-con-jennifer-pedraza-lider-estudiantil-colombiana-en-new-york\/#primaryimage\"},\"thumbnailUrl\":\"https:\/\/www.pressenza.com\/wp-content\/uploads\/2019\/04\/Jennifer-Pedraza-Sandoval.jpg\",\"keywords\":[\"estudiantes\",\"pol\u00edtica universitaria\",\"Universidad p\u00fablica\"],\"articleSection\":[\"Contenido Original\",\"Educaci\u00f3n\",\"J\u00f3venes\",\"Sudam\u00e9rica\"],\"inLanguage\":\"es\"},{\"@type\":\"WebPage\",\"@id\":\"https:\/\/www.pressenza.com\/es\/2019\/04\/conversatorio-con-jennifer-pedraza-lider-estudiantil-colombiana-en-new-york\/\",\"url\":\"https:\/\/www.pressenza.com\/es\/2019\/04\/conversatorio-con-jennifer-pedraza-lider-estudiantil-colombiana-en-new-york\/\",\"name\":\"Conversatorio con Jennifer Pedraza, lider estudiantil Colombiana en New York\",\"isPartOf\":{\"@id\":\"https:\/\/www.pressenza.com\/es\/#website\"},\"primaryImageOfPage\":{\"@id\":\"https:\/\/www.pressenza.com\/es\/2019\/04\/conversatorio-con-jennifer-pedraza-lider-estudiantil-colombiana-en-new-york\/#primaryimage\"},\"image\":{\"@id\":\"https:\/\/www.pressenza.com\/es\/2019\/04\/conversatorio-con-jennifer-pedraza-lider-estudiantil-colombiana-en-new-york\/#primaryimage\"},\"thumbnailUrl\":\"https:\/\/www.pressenza.com\/wp-content\/uploads\/2019\/04\/Jennifer-Pedraza-Sandoval.jpg\",\"datePublished\":\"2019-04-28T03:38:48+00:00\",\"description\":\"\u201dEn Colombia, es a punta de paros que hemos tumbado las reformas neoliberales\u201c LITERALMENTE, EN UNA TEMPESTAD, SE CAEN LOS TECHOS DE LAS UNIVERSIDADES\",\"breadcrumb\":{\"@id\":\"https:\/\/www.pressenza.com\/es\/2019\/04\/conversatorio-con-jennifer-pedraza-lider-estudiantil-colombiana-en-new-york\/#breadcrumb\"},\"inLanguage\":\"es\",\"potentialAction\":[{\"@type\":\"ReadAction\",\"target\":[\"https:\/\/www.pressenza.com\/es\/2019\/04\/conversatorio-con-jennifer-pedraza-lider-estudiantil-colombiana-en-new-york\/\"]}]},{\"@type\":\"ImageObject\",\"inLanguage\":\"es\",\"@id\":\"https:\/\/www.pressenza.com\/es\/2019\/04\/conversatorio-con-jennifer-pedraza-lider-estudiantil-colombiana-en-new-york\/#primaryimage\",\"url\":\"https:\/\/www.pressenza.com\/wp-content\/uploads\/2019\/04\/Jennifer-Pedraza-Sandoval.jpg\",\"contentUrl\":\"https:\/\/www.pressenza.com\/wp-content\/uploads\/2019\/04\/Jennifer-Pedraza-Sandoval.jpg\",\"width\":2048,\"height\":1365,\"caption\":\"Conversatorio con Jennifer Pedraza, lider estudiantil Colombiana en New York\"},{\"@type\":\"BreadcrumbList\",\"@id\":\"https:\/\/www.pressenza.com\/es\/2019\/04\/conversatorio-con-jennifer-pedraza-lider-estudiantil-colombiana-en-new-york\/#breadcrumb\",\"itemListElement\":[{\"@type\":\"ListItem\",\"position\":1,\"name\":\"Accueil\",\"item\":\"https:\/\/www.pressenza.com\/es\/\"},{\"@type\":\"ListItem\",\"position\":2,\"name\":\"Conversatorio con Jennifer Pedraza, lider estudiantil Colombiana en New York\"}]},{\"@type\":\"WebSite\",\"@id\":\"https:\/\/www.pressenza.com\/es\/#website\",\"url\":\"https:\/\/www.pressenza.com\/es\/\",\"name\":\"Pressenza\",\"description\":\"International Press Agency\",\"publisher\":{\"@id\":\"https:\/\/www.pressenza.com\/es\/#organization\"},\"potentialAction\":[{\"@type\":\"SearchAction\",\"target\":{\"@type\":\"EntryPoint\",\"urlTemplate\":\"https:\/\/www.pressenza.com\/es\/?s={search_term_string}\"},\"query-input\":{\"@type\":\"PropertyValueSpecification\",\"valueRequired\":true,\"valueName\":\"search_term_string\"}}],\"inLanguage\":\"es\"},{\"@type\":\"Organization\",\"@id\":\"https:\/\/www.pressenza.com\/es\/#organization\",\"name\":\"Pressenza\",\"url\":\"https:\/\/www.pressenza.com\/es\/\",\"logo\":{\"@type\":\"ImageObject\",\"inLanguage\":\"es\",\"@id\":\"https:\/\/www.pressenza.com\/es\/#\/schema\/logo\/image\/\",\"url\":\"https:\/\/www.pressenza.com\/wp-content\/uploads\/2022\/10\/pressenza_logo_200x200.jpg\",\"contentUrl\":\"https:\/\/www.pressenza.com\/wp-content\/uploads\/2022\/10\/pressenza_logo_200x200.jpg\",\"width\":200,\"height\":200,\"caption\":\"Pressenza\"},\"image\":{\"@id\":\"https:\/\/www.pressenza.com\/es\/#\/schema\/logo\/image\/\"},\"sameAs\":[\"https:\/\/www.facebook.com\/PressenzaItalia\",\"https:\/\/x.com\/PressenzaIPA\"]},{\"@type\":\"Person\",\"@id\":\"https:\/\/www.pressenza.com\/es\/#\/schema\/person\/75ff8ec4b4b03f1d2da977bba83672b3\",\"name\":\"Pressenza New York\",\"description\":\"News from the Pressenza Bureau in New York, United States\",\"sameAs\":[\"https:\/\/www.facebook.com\/PressenzaEnglish\/\",\"https:\/\/x.com\/PressenzaIPA\"],\"url\":\"https:\/\/www.pressenza.com\/es\/author\/pressenza-new-york\/\"}]}<\/script>\n<!-- \/ Yoast SEO plugin. -->","yoast_head_json":{"title":"Conversatorio con Jennifer Pedraza, lider estudiantil Colombiana en New York","description":"\u201dEn Colombia, es a punta de paros que hemos tumbado las reformas neoliberales\u201c LITERALMENTE, EN UNA TEMPESTAD, SE CAEN LOS TECHOS DE LAS UNIVERSIDADES","robots":{"index":"index","follow":"follow","max-snippet":"max-snippet:-1","max-image-preview":"max-image-preview:large","max-video-preview":"max-video-preview:-1"},"canonical":"https:\/\/www.pressenza.com\/es\/2019\/04\/conversatorio-con-jennifer-pedraza-lider-estudiantil-colombiana-en-new-york\/","og_locale":"es_ES","og_type":"article","og_title":"Conversatorio con Jennifer Pedraza, lider estudiantil Colombiana en New York","og_description":"\u201dEn Colombia, es a punta de paros que hemos tumbado las reformas neoliberales\u201c LITERALMENTE, EN UNA TEMPESTAD, SE CAEN LOS TECHOS DE LAS UNIVERSIDADES","og_url":"https:\/\/www.pressenza.com\/es\/2019\/04\/conversatorio-con-jennifer-pedraza-lider-estudiantil-colombiana-en-new-york\/","og_site_name":"Pressenza","article_publisher":"https:\/\/www.facebook.com\/PressenzaItalia","article_author":"https:\/\/www.facebook.com\/PressenzaEnglish\/","article_published_time":"2019-04-28T03:38:48+00:00","og_image":[{"width":2048,"height":1365,"url":"https:\/\/www.pressenza.com\/wp-content\/uploads\/2019\/04\/Jennifer-Pedraza-Sandoval.jpg","type":"image\/jpeg"}],"author":"Pressenza New York","twitter_card":"summary_large_image","twitter_creator":"@PressenzaIPA","twitter_site":"@PressenzaIPA","twitter_misc":{"Escrito por":"Pressenza New York","Tiempo de lectura":"11 minutos"},"schema":{"@context":"https:\/\/schema.org","@graph":[{"@type":"Article","@id":"https:\/\/www.pressenza.com\/es\/2019\/04\/conversatorio-con-jennifer-pedraza-lider-estudiantil-colombiana-en-new-york\/#article","isPartOf":{"@id":"https:\/\/www.pressenza.com\/es\/2019\/04\/conversatorio-con-jennifer-pedraza-lider-estudiantil-colombiana-en-new-york\/"},"author":{"name":"Pressenza New York","@id":"https:\/\/www.pressenza.com\/es\/#\/schema\/person\/75ff8ec4b4b03f1d2da977bba83672b3"},"headline":"Conversatorio con Jennifer Pedraza, lider estudiantil Colombiana en New York","datePublished":"2019-04-28T03:38:48+00:00","mainEntityOfPage":{"@id":"https:\/\/www.pressenza.com\/es\/2019\/04\/conversatorio-con-jennifer-pedraza-lider-estudiantil-colombiana-en-new-york\/"},"wordCount":2258,"publisher":{"@id":"https:\/\/www.pressenza.com\/es\/#organization"},"image":{"@id":"https:\/\/www.pressenza.com\/es\/2019\/04\/conversatorio-con-jennifer-pedraza-lider-estudiantil-colombiana-en-new-york\/#primaryimage"},"thumbnailUrl":"https:\/\/www.pressenza.com\/wp-content\/uploads\/2019\/04\/Jennifer-Pedraza-Sandoval.jpg","keywords":["estudiantes","pol\u00edtica universitaria","Universidad p\u00fablica"],"articleSection":["Contenido Original","Educaci\u00f3n","J\u00f3venes","Sudam\u00e9rica"],"inLanguage":"es"},{"@type":"WebPage","@id":"https:\/\/www.pressenza.com\/es\/2019\/04\/conversatorio-con-jennifer-pedraza-lider-estudiantil-colombiana-en-new-york\/","url":"https:\/\/www.pressenza.com\/es\/2019\/04\/conversatorio-con-jennifer-pedraza-lider-estudiantil-colombiana-en-new-york\/","name":"Conversatorio con Jennifer Pedraza, lider estudiantil Colombiana en New York","isPartOf":{"@id":"https:\/\/www.pressenza.com\/es\/#website"},"primaryImageOfPage":{"@id":"https:\/\/www.pressenza.com\/es\/2019\/04\/conversatorio-con-jennifer-pedraza-lider-estudiantil-colombiana-en-new-york\/#primaryimage"},"image":{"@id":"https:\/\/www.pressenza.com\/es\/2019\/04\/conversatorio-con-jennifer-pedraza-lider-estudiantil-colombiana-en-new-york\/#primaryimage"},"thumbnailUrl":"https:\/\/www.pressenza.com\/wp-content\/uploads\/2019\/04\/Jennifer-Pedraza-Sandoval.jpg","datePublished":"2019-04-28T03:38:48+00:00","description":"\u201dEn Colombia, es a punta de paros que hemos tumbado las reformas neoliberales\u201c LITERALMENTE, EN UNA TEMPESTAD, SE CAEN LOS TECHOS DE LAS UNIVERSIDADES","breadcrumb":{"@id":"https:\/\/www.pressenza.com\/es\/2019\/04\/conversatorio-con-jennifer-pedraza-lider-estudiantil-colombiana-en-new-york\/#breadcrumb"},"inLanguage":"es","potentialAction":[{"@type":"ReadAction","target":["https:\/\/www.pressenza.com\/es\/2019\/04\/conversatorio-con-jennifer-pedraza-lider-estudiantil-colombiana-en-new-york\/"]}]},{"@type":"ImageObject","inLanguage":"es","@id":"https:\/\/www.pressenza.com\/es\/2019\/04\/conversatorio-con-jennifer-pedraza-lider-estudiantil-colombiana-en-new-york\/#primaryimage","url":"https:\/\/www.pressenza.com\/wp-content\/uploads\/2019\/04\/Jennifer-Pedraza-Sandoval.jpg","contentUrl":"https:\/\/www.pressenza.com\/wp-content\/uploads\/2019\/04\/Jennifer-Pedraza-Sandoval.jpg","width":2048,"height":1365,"caption":"Conversatorio con Jennifer Pedraza, lider estudiantil Colombiana en New York"},{"@type":"BreadcrumbList","@id":"https:\/\/www.pressenza.com\/es\/2019\/04\/conversatorio-con-jennifer-pedraza-lider-estudiantil-colombiana-en-new-york\/#breadcrumb","itemListElement":[{"@type":"ListItem","position":1,"name":"Accueil","item":"https:\/\/www.pressenza.com\/es\/"},{"@type":"ListItem","position":2,"name":"Conversatorio con Jennifer Pedraza, lider estudiantil Colombiana en New York"}]},{"@type":"WebSite","@id":"https:\/\/www.pressenza.com\/es\/#website","url":"https:\/\/www.pressenza.com\/es\/","name":"Pressenza","description":"International Press Agency","publisher":{"@id":"https:\/\/www.pressenza.com\/es\/#organization"},"potentialAction":[{"@type":"SearchAction","target":{"@type":"EntryPoint","urlTemplate":"https:\/\/www.pressenza.com\/es\/?s={search_term_string}"},"query-input":{"@type":"PropertyValueSpecification","valueRequired":true,"valueName":"search_term_string"}}],"inLanguage":"es"},{"@type":"Organization","@id":"https:\/\/www.pressenza.com\/es\/#organization","name":"Pressenza","url":"https:\/\/www.pressenza.com\/es\/","logo":{"@type":"ImageObject","inLanguage":"es","@id":"https:\/\/www.pressenza.com\/es\/#\/schema\/logo\/image\/","url":"https:\/\/www.pressenza.com\/wp-content\/uploads\/2022\/10\/pressenza_logo_200x200.jpg","contentUrl":"https:\/\/www.pressenza.com\/wp-content\/uploads\/2022\/10\/pressenza_logo_200x200.jpg","width":200,"height":200,"caption":"Pressenza"},"image":{"@id":"https:\/\/www.pressenza.com\/es\/#\/schema\/logo\/image\/"},"sameAs":["https:\/\/www.facebook.com\/PressenzaItalia","https:\/\/x.com\/PressenzaIPA"]},{"@type":"Person","@id":"https:\/\/www.pressenza.com\/es\/#\/schema\/person\/75ff8ec4b4b03f1d2da977bba83672b3","name":"Pressenza New York","description":"News from the Pressenza Bureau in New York, United States","sameAs":["https:\/\/www.facebook.com\/PressenzaEnglish\/","https:\/\/x.com\/PressenzaIPA"],"url":"https:\/\/www.pressenza.com\/es\/author\/pressenza-new-york\/"}]}},"place":"","original_article_url":"","_links":{"self":[{"href":"https:\/\/www.pressenza.com\/es\/wp-json\/wp\/v2\/posts\/847203","targetHints":{"allow":["GET"]}}],"collection":[{"href":"https:\/\/www.pressenza.com\/es\/wp-json\/wp\/v2\/posts"}],"about":[{"href":"https:\/\/www.pressenza.com\/es\/wp-json\/wp\/v2\/types\/post"}],"author":[{"embeddable":true,"href":"https:\/\/www.pressenza.com\/es\/wp-json\/wp\/v2\/users\/1126"}],"replies":[{"embeddable":true,"href":"https:\/\/www.pressenza.com\/es\/wp-json\/wp\/v2\/comments?post=847203"}],"version-history":[{"count":0,"href":"https:\/\/www.pressenza.com\/es\/wp-json\/wp\/v2\/posts\/847203\/revisions"}],"wp:featuredmedia":[{"embeddable":true,"href":"https:\/\/www.pressenza.com\/es\/wp-json\/wp\/v2\/media\/847204"}],"wp:attachment":[{"href":"https:\/\/www.pressenza.com\/es\/wp-json\/wp\/v2\/media?parent=847203"}],"wp:term":[{"taxonomy":"category","embeddable":true,"href":"https:\/\/www.pressenza.com\/es\/wp-json\/wp\/v2\/categories?post=847203"},{"taxonomy":"post_tag","embeddable":true,"href":"https:\/\/www.pressenza.com\/es\/wp-json\/wp\/v2\/tags?post=847203"}],"curies":[{"name":"wp","href":"https:\/\/api.w.org\/{rel}","templated":true}]}}