{"id":847191,"date":"2019-04-28T03:22:11","date_gmt":"2019-04-28T02:22:11","guid":{"rendered":"https:\/\/www.pressenza.com\/?p=847191"},"modified":"2019-04-29T01:40:26","modified_gmt":"2019-04-29T00:40:26","slug":"es-necesario-dar-respuesta-ante-un-sistema-violento-patriarcal-heterosexista-fascista-y-neoliberal-natalia-ibanez","status":"publish","type":"post","link":"https:\/\/www.pressenza.com\/es\/2019\/04\/es-necesario-dar-respuesta-ante-un-sistema-violento-patriarcal-heterosexista-fascista-y-neoliberal-natalia-ibanez\/","title":{"rendered":"\u00abEs necesario dar respuesta ante un sistema violento, patriarcal, heterosexista, fascista y neoliberal\u00bb, Natalia Ib\u00e1\u00f1ez"},"content":{"rendered":"<p><em>Foto de Ricardo de la Fuente<\/em><\/p>\n<p>Entrevistamos para Pressenza a Natalia Ib\u00e1\u00f1ez (Kuky), coordinadora de la Red de Diversidad y G\u00e9nero, para saber desde cu\u00e1ndo vienen trabajando para dar forma a esta nueva Red y qu\u00e9 experiencias han tenido.<\/p>\n<p><strong>Natalia Ib\u00e1\u00f1ez:\u00a0<\/strong>Desde febrero de este\u00a0a\u00f1o, se pulsa la Red, sentimos que nos hemos abierto a un trabajo colaborativo donde reconocemos la importancia de generar espacios que fortalezcan la libertad de expresi\u00f3n y transformen el tejido social actual. Sentimos necesario dar respuesta ante un sistema violento, patriarcal, heterosexista, fascista y neoliberal, reconocemos una profunda necesidad de apertura sociocultural donde se escuchen las demandas de les seres humanes vulnerados y discriminados.<\/p>\n<p><strong>David Mel\u00e9ndez:\u00a0\u00bfDe cu\u00e1les pa\u00edses provienen, de qu\u00e9 organizaciones o instituciones, c\u00f3mo trabajan?<\/strong><\/p>\n<p><strong>NI:<\/strong> En la actualidad tenemos participaci\u00f3n chilena disidente e inter\u00e9s latinoamericano a\u00fan convoc\u00e1ndose para los d\u00edas de trabajo en Red. Hasta ahora el Espacio Ailanto y la Fundaci\u00f3n Diversa nos han ofrecido espacios, y esperamos nuevos actores pol\u00edtico sociales que se quieran sumar a este trabajo. Entre otros, podemos nombrar y reconocer a activistas como Shane Cienfuegos, Dimarco Carrasco, Franco Fuica, Fran Noa.<\/p>\n<p><strong>DM: \u00bfCu\u00e1l es el prop\u00f3sito del encuentro presencial en el contexto del Foro Humanista Latinoamericano a celebrarse en Santiago de Chile los d\u00edas 10, 11 y 12 de mayo?<\/strong><\/p>\n<p><strong>NI: <\/strong>Generar procesos de reflexi\u00f3n cr\u00edtica diversa, sin discriminaci\u00f3n en base a nuestras experiencias personales y colectivas, dando \u00e9nfasis al Arte Disidente y Conversatorios de intercambio.\u00a0Tenemos planes de hacer dos conversatorios en la Fundaci\u00f3n Diversa: uno sobre \u201cVIH y disidencias sexuales\u201d y otro sobre \u201cEstado laico e identidad sexual\u201d. Al mismo tiempo, haremos en el Espacio Ailanto una serie de performances po\u00e9tico-visuales-trans, donde hemos invitado a diferentes artistas de las disidencias sexuales, aprovechando el hecho de que habr\u00e1 una buena circulaci\u00f3n de gente de las diferentes redes en torno al caf\u00e9 que se quiere ofrecer all\u00ed. Queremos darle una forma positiva, espont\u00e1nea y propositiva, dentro del marco del lema del Foro \u201cConstruyendo convergencias\u201d, a pesar de que la experiencia de vivir la disidencia sexual suele ser bastante violenta en t\u00e9rminos de discriminaci\u00f3n. Pero nos estamos visibilizando, y es un proceso imparable de cambio de mentalidad, de salida del patriarcado que todes tenemos en nuestras cabezas, con un gran potencial de revoluci\u00f3n de las conciencias.<\/p>\n<p><strong>DM: Y en esa l\u00ednea, \u00bfcu\u00e1l ser\u00eda el sentido de establecer redes con gente que venga de afuera?<\/strong><\/p>\n<p><strong>NI: <\/strong>Eso ha sido lo m\u00e1s dif\u00edcil hasta el momento. Tenemos contacto con Ronald C\u00e9spedes, de \u201cMaricas Bolivia\u201d, que hacen conversatorios y colaboran con las feministas comunitarias, que est\u00e1n en Red. Todav\u00eda estamos en un estado de \u201csemilla\u201d, pero muy abiertos ahora con este nuevo pulso, por ejemplo, la gente que se va a poner con los temas gr\u00e1ficos, etc. Estamos en pleno desarrollo, y hay una profunda necesidad dentro de quienes estamos en la Red de levantar una voz sobre las violencias que se est\u00e1n manifestando hoy en d\u00eda a nivel chileno y latinoamericano.<\/p>\n<p><strong>DM:<\/strong> \u00bfCu\u00e1l ser\u00eda la diferencia entre esta red y las organizaciones ya existentes en este \u00e1mbito?<\/p>\n<p><strong>NI: <\/strong>Yo creo que estamos creando un espacio c\u00e1lido y humano donde cada quien puede aportar desde su particularidad, pero sin tanto personalismo. Es un proyecto com\u00fan que va cobrando fuerza de manera org\u00e1nica. Notamos que existe una discriminaci\u00f3n dentro de la disidencia, de nosotros mismos. Por eso Diversidad Humane tambi\u00e9n habla de otras formas, no solo de la disidencia sexual y de g\u00e9nero, sino tambi\u00e9n que hay muchas otras formas de cuerpos y de cuerpas, por ejemplo compa\u00f1eres que tienen diversidad funcional. Vamos a proyectar el documental espa\u00f1ol \u201cYes we fuck\u201d, y haremos un taller previo a la proyecci\u00f3n. Otra disidencia que estamos programando es la gente que no se ajusta a los estereotipos est\u00e9ticos del sistema, con un taller de Cuerpos gordos.<\/p>\n<p><strong>DM: Respecto de otras redes que all\u00ed confluyan \u00bfcu\u00e1les son vuestras expectativas?<\/strong><\/p>\n<p><strong>NI: <\/strong>Visibilizar y generar conciencia, la tem\u00e1tica de esta Red tiene interrelaci\u00f3n con todas las otras redes del Foro y creemos necesario para el momento actual en decir \u201cbasta\u201d a la violencia de vivir en un sistema que discrimina y vulnera nuestros derechos, donde el acceso a la salud, a la vivienda, a espacios de construcci\u00f3n pol\u00edtica y social se resisten a evolucionar respecto a reconocer que somos diverses.<\/p>\n<p>Hoy vemos con preocupaci\u00f3n c\u00f3mo proliferan en Latinoam\u00e9rica los estados fascistas, colonizando nuestras cuerpas, desconociendo otras formas de expresi\u00f3n y queriendo censurar nuestros sentires y expresiones humanas, imponiendo creencias y a unes por sobre otres, relegando nuestras vidas a una existencia en condiciones de precariedad y violencia que limita la evoluci\u00f3n humana.<\/p>\n<p><strong>DM: \u00bfQu\u00e9 le dir\u00edas a alguien o a alguna organizaci\u00f3n que estuviera evaluando si participar o no de este Foro?<\/strong><\/p>\n<p><strong>NI: <\/strong>Hoy somos la resistencia dentro de un modelo violento imperante y es urgente converger y trabajar por los cambios pol\u00edticos y socioculturales que permitan la construcci\u00f3n de un mundo sin violencia ni discriminaci\u00f3n de ning\u00fan tipo. Esta Red est\u00e1 disponible para todes quienes crean posible la convergencia de miradas propositivas. \u00a1Sean bienvenides!<\/p>\n","protected":false},"excerpt":{"rendered":"<p>Foto de Ricardo de la Fuente Entrevistamos para Pressenza a Natalia Ib\u00e1\u00f1ez (Kuky), coordinadora de la Red de Diversidad y G\u00e9nero, para saber desde cu\u00e1ndo vienen trabajando para dar forma a esta nueva Red y qu\u00e9 experiencias han tenido. Natalia&hellip;<\/p>\n","protected":false},"author":43,"featured_media":847192,"comment_status":"closed","ping_status":"closed","sticky":false,"template":"","format":"standard","meta":{"footnotes":""},"categories":[69,11389,1241,155,67],"tags":[29,57136,58169],"class_list":["post-847191","post","type-post","status-publish","format-standard","has-post-thumbnail","hentry","category-america-central","category-contenido-original","category-diversidad","category-entrevistas","category-sudamerica","tag-chile","tag-fhl2019","tag-red-de-diversidad-sexual"],"yoast_head":"<!-- This site is optimized with the Yoast SEO plugin v27.1.1 - https:\/\/yoast.com\/product\/yoast-seo-wordpress\/ -->\n<title>&quot;Es necesario dar respuesta ante un sistema violento, patriarcal, heterosexista, fascista y neoliberal&quot;, Natalia Ib\u00e1\u00f1ez<\/title>\n<meta name=\"description\" content=\"sistema violento, patriarcal, heterosexista, fascista, neoliberal. Natalia Ib\u00e1\u00f1ez. Red de Diversidad Sexual. Foro Humanista Latinoamericano.\" \/>\n<meta name=\"robots\" content=\"index, follow, max-snippet:-1, max-image-preview:large, max-video-preview:-1\" \/>\n<link rel=\"canonical\" href=\"https:\/\/www.pressenza.com\/es\/2019\/04\/es-necesario-dar-respuesta-ante-un-sistema-violento-patriarcal-heterosexista-fascista-y-neoliberal-natalia-ibanez\/\" \/>\n<meta property=\"og:locale\" content=\"es_ES\" \/>\n<meta property=\"og:type\" content=\"article\" \/>\n<meta property=\"og:title\" content=\"&quot;Es necesario dar respuesta ante un sistema violento, patriarcal, heterosexista, fascista y neoliberal&quot;, Natalia Ib\u00e1\u00f1ez\" \/>\n<meta property=\"og:description\" content=\"sistema violento, patriarcal, heterosexista, fascista, neoliberal. Natalia Ib\u00e1\u00f1ez. Red de Diversidad Sexual. Foro Humanista Latinoamericano.\" \/>\n<meta property=\"og:url\" content=\"https:\/\/www.pressenza.com\/es\/2019\/04\/es-necesario-dar-respuesta-ante-un-sistema-violento-patriarcal-heterosexista-fascista-y-neoliberal-natalia-ibanez\/\" \/>\n<meta property=\"og:site_name\" content=\"Pressenza\" \/>\n<meta property=\"article:publisher\" content=\"https:\/\/www.facebook.com\/PressenzaItalia\" \/>\n<meta property=\"article:author\" content=\"https:\/\/www.facebook.com\/pressenza\" \/>\n<meta property=\"article:published_time\" content=\"2019-04-28T02:22:11+00:00\" \/>\n<meta property=\"article:modified_time\" content=\"2019-04-29T00:40:26+00:00\" \/>\n<meta property=\"og:image\" content=\"https:\/\/www.pressenza.com\/wp-content\/uploads\/2019\/04\/Imagen-red-Diversidad.jpeg\" \/>\n\t<meta property=\"og:image:width\" content=\"1106\" \/>\n\t<meta property=\"og:image:height\" content=\"622\" \/>\n\t<meta property=\"og:image:type\" content=\"image\/jpeg\" \/>\n<meta name=\"author\" content=\"Redacci\u00f3n Chile\" \/>\n<meta name=\"twitter:card\" content=\"summary_large_image\" \/>\n<meta name=\"twitter:creator\" content=\"@pressenza\" \/>\n<meta name=\"twitter:site\" content=\"@PressenzaIPA\" \/>\n<meta name=\"twitter:label1\" content=\"Escrito por\" \/>\n\t<meta name=\"twitter:data1\" content=\"Redacci\u00f3n Chile\" \/>\n\t<meta name=\"twitter:label2\" content=\"Tiempo de lectura\" \/>\n\t<meta name=\"twitter:data2\" content=\"5 minutos\" \/>\n<script type=\"application\/ld+json\" class=\"yoast-schema-graph\">{\"@context\":\"https:\/\/schema.org\",\"@graph\":[{\"@type\":\"Article\",\"@id\":\"https:\/\/www.pressenza.com\/es\/2019\/04\/es-necesario-dar-respuesta-ante-un-sistema-violento-patriarcal-heterosexista-fascista-y-neoliberal-natalia-ibanez\/#article\",\"isPartOf\":{\"@id\":\"https:\/\/www.pressenza.com\/es\/2019\/04\/es-necesario-dar-respuesta-ante-un-sistema-violento-patriarcal-heterosexista-fascista-y-neoliberal-natalia-ibanez\/\"},\"author\":{\"name\":\"Redacci\u00f3n Chile\",\"@id\":\"https:\/\/www.pressenza.com\/es\/#\/schema\/person\/d7db40df35d6698ba69ba9ee260944ed\"},\"headline\":\"\u00abEs necesario dar respuesta ante un sistema violento, patriarcal, heterosexista, fascista y neoliberal\u00bb, Natalia Ib\u00e1\u00f1ez\",\"datePublished\":\"2019-04-28T02:22:11+00:00\",\"dateModified\":\"2019-04-29T00:40:26+00:00\",\"mainEntityOfPage\":{\"@id\":\"https:\/\/www.pressenza.com\/es\/2019\/04\/es-necesario-dar-respuesta-ante-un-sistema-violento-patriarcal-heterosexista-fascista-y-neoliberal-natalia-ibanez\/\"},\"wordCount\":922,\"publisher\":{\"@id\":\"https:\/\/www.pressenza.com\/es\/#organization\"},\"image\":{\"@id\":\"https:\/\/www.pressenza.com\/es\/2019\/04\/es-necesario-dar-respuesta-ante-un-sistema-violento-patriarcal-heterosexista-fascista-y-neoliberal-natalia-ibanez\/#primaryimage\"},\"thumbnailUrl\":\"https:\/\/www.pressenza.com\/wp-content\/uploads\/2019\/04\/Imagen-red-Diversidad.jpeg\",\"keywords\":[\"Chile\",\"FHL2019\",\"Red de Diversidad Sexual\"],\"articleSection\":[\"Am\u00e9rica Central\",\"Contenido Original\",\"Diversidad\",\"Entrevistas\",\"Sudam\u00e9rica\"],\"inLanguage\":\"es\"},{\"@type\":\"WebPage\",\"@id\":\"https:\/\/www.pressenza.com\/es\/2019\/04\/es-necesario-dar-respuesta-ante-un-sistema-violento-patriarcal-heterosexista-fascista-y-neoliberal-natalia-ibanez\/\",\"url\":\"https:\/\/www.pressenza.com\/es\/2019\/04\/es-necesario-dar-respuesta-ante-un-sistema-violento-patriarcal-heterosexista-fascista-y-neoliberal-natalia-ibanez\/\",\"name\":\"\\\"Es necesario dar respuesta ante un sistema violento, patriarcal, heterosexista, fascista y neoliberal\\\", Natalia Ib\u00e1\u00f1ez\",\"isPartOf\":{\"@id\":\"https:\/\/www.pressenza.com\/es\/#website\"},\"primaryImageOfPage\":{\"@id\":\"https:\/\/www.pressenza.com\/es\/2019\/04\/es-necesario-dar-respuesta-ante-un-sistema-violento-patriarcal-heterosexista-fascista-y-neoliberal-natalia-ibanez\/#primaryimage\"},\"image\":{\"@id\":\"https:\/\/www.pressenza.com\/es\/2019\/04\/es-necesario-dar-respuesta-ante-un-sistema-violento-patriarcal-heterosexista-fascista-y-neoliberal-natalia-ibanez\/#primaryimage\"},\"thumbnailUrl\":\"https:\/\/www.pressenza.com\/wp-content\/uploads\/2019\/04\/Imagen-red-Diversidad.jpeg\",\"datePublished\":\"2019-04-28T02:22:11+00:00\",\"dateModified\":\"2019-04-29T00:40:26+00:00\",\"description\":\"sistema violento, patriarcal, heterosexista, fascista, neoliberal. Natalia Ib\u00e1\u00f1ez. Red de Diversidad Sexual. Foro Humanista Latinoamericano.\",\"breadcrumb\":{\"@id\":\"https:\/\/www.pressenza.com\/es\/2019\/04\/es-necesario-dar-respuesta-ante-un-sistema-violento-patriarcal-heterosexista-fascista-y-neoliberal-natalia-ibanez\/#breadcrumb\"},\"inLanguage\":\"es\",\"potentialAction\":[{\"@type\":\"ReadAction\",\"target\":[\"https:\/\/www.pressenza.com\/es\/2019\/04\/es-necesario-dar-respuesta-ante-un-sistema-violento-patriarcal-heterosexista-fascista-y-neoliberal-natalia-ibanez\/\"]}]},{\"@type\":\"ImageObject\",\"inLanguage\":\"es\",\"@id\":\"https:\/\/www.pressenza.com\/es\/2019\/04\/es-necesario-dar-respuesta-ante-un-sistema-violento-patriarcal-heterosexista-fascista-y-neoliberal-natalia-ibanez\/#primaryimage\",\"url\":\"https:\/\/www.pressenza.com\/wp-content\/uploads\/2019\/04\/Imagen-red-Diversidad.jpeg\",\"contentUrl\":\"https:\/\/www.pressenza.com\/wp-content\/uploads\/2019\/04\/Imagen-red-Diversidad.jpeg\",\"width\":1106,\"height\":622},{\"@type\":\"BreadcrumbList\",\"@id\":\"https:\/\/www.pressenza.com\/es\/2019\/04\/es-necesario-dar-respuesta-ante-un-sistema-violento-patriarcal-heterosexista-fascista-y-neoliberal-natalia-ibanez\/#breadcrumb\",\"itemListElement\":[{\"@type\":\"ListItem\",\"position\":1,\"name\":\"Accueil\",\"item\":\"https:\/\/www.pressenza.com\/es\/\"},{\"@type\":\"ListItem\",\"position\":2,\"name\":\"\u00abEs necesario dar respuesta ante un sistema violento, patriarcal, heterosexista, fascista y neoliberal\u00bb, Natalia Ib\u00e1\u00f1ez\"}]},{\"@type\":\"WebSite\",\"@id\":\"https:\/\/www.pressenza.com\/es\/#website\",\"url\":\"https:\/\/www.pressenza.com\/es\/\",\"name\":\"Pressenza\",\"description\":\"International Press Agency\",\"publisher\":{\"@id\":\"https:\/\/www.pressenza.com\/es\/#organization\"},\"potentialAction\":[{\"@type\":\"SearchAction\",\"target\":{\"@type\":\"EntryPoint\",\"urlTemplate\":\"https:\/\/www.pressenza.com\/es\/?s={search_term_string}\"},\"query-input\":{\"@type\":\"PropertyValueSpecification\",\"valueRequired\":true,\"valueName\":\"search_term_string\"}}],\"inLanguage\":\"es\"},{\"@type\":\"Organization\",\"@id\":\"https:\/\/www.pressenza.com\/es\/#organization\",\"name\":\"Pressenza\",\"url\":\"https:\/\/www.pressenza.com\/es\/\",\"logo\":{\"@type\":\"ImageObject\",\"inLanguage\":\"es\",\"@id\":\"https:\/\/www.pressenza.com\/es\/#\/schema\/logo\/image\/\",\"url\":\"https:\/\/www.pressenza.com\/wp-content\/uploads\/2022\/10\/pressenza_logo_200x200.jpg\",\"contentUrl\":\"https:\/\/www.pressenza.com\/wp-content\/uploads\/2022\/10\/pressenza_logo_200x200.jpg\",\"width\":200,\"height\":200,\"caption\":\"Pressenza\"},\"image\":{\"@id\":\"https:\/\/www.pressenza.com\/es\/#\/schema\/logo\/image\/\"},\"sameAs\":[\"https:\/\/www.facebook.com\/PressenzaItalia\",\"https:\/\/x.com\/PressenzaIPA\"]},{\"@type\":\"Person\",\"@id\":\"https:\/\/www.pressenza.com\/es\/#\/schema\/person\/d7db40df35d6698ba69ba9ee260944ed\",\"name\":\"Redacci\u00f3n Chile\",\"description\":\"News from the Pressenza Bureau in Chile\",\"sameAs\":[\"https:\/\/www.facebook.com\/pressenza\",\"https:\/\/x.com\/pressenza\"],\"url\":\"https:\/\/www.pressenza.com\/es\/author\/redaccion-chile\/\"}]}<\/script>\n<!-- \/ Yoast SEO plugin. -->","yoast_head_json":{"title":"\"Es necesario dar respuesta ante un sistema violento, patriarcal, heterosexista, fascista y neoliberal\", Natalia Ib\u00e1\u00f1ez","description":"sistema violento, patriarcal, heterosexista, fascista, neoliberal. Natalia Ib\u00e1\u00f1ez. Red de Diversidad Sexual. Foro Humanista Latinoamericano.","robots":{"index":"index","follow":"follow","max-snippet":"max-snippet:-1","max-image-preview":"max-image-preview:large","max-video-preview":"max-video-preview:-1"},"canonical":"https:\/\/www.pressenza.com\/es\/2019\/04\/es-necesario-dar-respuesta-ante-un-sistema-violento-patriarcal-heterosexista-fascista-y-neoliberal-natalia-ibanez\/","og_locale":"es_ES","og_type":"article","og_title":"\"Es necesario dar respuesta ante un sistema violento, patriarcal, heterosexista, fascista y neoliberal\", Natalia Ib\u00e1\u00f1ez","og_description":"sistema violento, patriarcal, heterosexista, fascista, neoliberal. Natalia Ib\u00e1\u00f1ez. Red de Diversidad Sexual. Foro Humanista Latinoamericano.","og_url":"https:\/\/www.pressenza.com\/es\/2019\/04\/es-necesario-dar-respuesta-ante-un-sistema-violento-patriarcal-heterosexista-fascista-y-neoliberal-natalia-ibanez\/","og_site_name":"Pressenza","article_publisher":"https:\/\/www.facebook.com\/PressenzaItalia","article_author":"https:\/\/www.facebook.com\/pressenza","article_published_time":"2019-04-28T02:22:11+00:00","article_modified_time":"2019-04-29T00:40:26+00:00","og_image":[{"width":1106,"height":622,"url":"https:\/\/www.pressenza.com\/wp-content\/uploads\/2019\/04\/Imagen-red-Diversidad.jpeg","type":"image\/jpeg"}],"author":"Redacci\u00f3n Chile","twitter_card":"summary_large_image","twitter_creator":"@pressenza","twitter_site":"@PressenzaIPA","twitter_misc":{"Escrito por":"Redacci\u00f3n Chile","Tiempo de lectura":"5 minutos"},"schema":{"@context":"https:\/\/schema.org","@graph":[{"@type":"Article","@id":"https:\/\/www.pressenza.com\/es\/2019\/04\/es-necesario-dar-respuesta-ante-un-sistema-violento-patriarcal-heterosexista-fascista-y-neoliberal-natalia-ibanez\/#article","isPartOf":{"@id":"https:\/\/www.pressenza.com\/es\/2019\/04\/es-necesario-dar-respuesta-ante-un-sistema-violento-patriarcal-heterosexista-fascista-y-neoliberal-natalia-ibanez\/"},"author":{"name":"Redacci\u00f3n Chile","@id":"https:\/\/www.pressenza.com\/es\/#\/schema\/person\/d7db40df35d6698ba69ba9ee260944ed"},"headline":"\u00abEs necesario dar respuesta ante un sistema violento, patriarcal, heterosexista, fascista y neoliberal\u00bb, Natalia Ib\u00e1\u00f1ez","datePublished":"2019-04-28T02:22:11+00:00","dateModified":"2019-04-29T00:40:26+00:00","mainEntityOfPage":{"@id":"https:\/\/www.pressenza.com\/es\/2019\/04\/es-necesario-dar-respuesta-ante-un-sistema-violento-patriarcal-heterosexista-fascista-y-neoliberal-natalia-ibanez\/"},"wordCount":922,"publisher":{"@id":"https:\/\/www.pressenza.com\/es\/#organization"},"image":{"@id":"https:\/\/www.pressenza.com\/es\/2019\/04\/es-necesario-dar-respuesta-ante-un-sistema-violento-patriarcal-heterosexista-fascista-y-neoliberal-natalia-ibanez\/#primaryimage"},"thumbnailUrl":"https:\/\/www.pressenza.com\/wp-content\/uploads\/2019\/04\/Imagen-red-Diversidad.jpeg","keywords":["Chile","FHL2019","Red de Diversidad Sexual"],"articleSection":["Am\u00e9rica Central","Contenido Original","Diversidad","Entrevistas","Sudam\u00e9rica"],"inLanguage":"es"},{"@type":"WebPage","@id":"https:\/\/www.pressenza.com\/es\/2019\/04\/es-necesario-dar-respuesta-ante-un-sistema-violento-patriarcal-heterosexista-fascista-y-neoliberal-natalia-ibanez\/","url":"https:\/\/www.pressenza.com\/es\/2019\/04\/es-necesario-dar-respuesta-ante-un-sistema-violento-patriarcal-heterosexista-fascista-y-neoliberal-natalia-ibanez\/","name":"\"Es necesario dar respuesta ante un sistema violento, patriarcal, heterosexista, fascista y neoliberal\", Natalia Ib\u00e1\u00f1ez","isPartOf":{"@id":"https:\/\/www.pressenza.com\/es\/#website"},"primaryImageOfPage":{"@id":"https:\/\/www.pressenza.com\/es\/2019\/04\/es-necesario-dar-respuesta-ante-un-sistema-violento-patriarcal-heterosexista-fascista-y-neoliberal-natalia-ibanez\/#primaryimage"},"image":{"@id":"https:\/\/www.pressenza.com\/es\/2019\/04\/es-necesario-dar-respuesta-ante-un-sistema-violento-patriarcal-heterosexista-fascista-y-neoliberal-natalia-ibanez\/#primaryimage"},"thumbnailUrl":"https:\/\/www.pressenza.com\/wp-content\/uploads\/2019\/04\/Imagen-red-Diversidad.jpeg","datePublished":"2019-04-28T02:22:11+00:00","dateModified":"2019-04-29T00:40:26+00:00","description":"sistema violento, patriarcal, heterosexista, fascista, neoliberal. Natalia Ib\u00e1\u00f1ez. Red de Diversidad Sexual. Foro Humanista Latinoamericano.","breadcrumb":{"@id":"https:\/\/www.pressenza.com\/es\/2019\/04\/es-necesario-dar-respuesta-ante-un-sistema-violento-patriarcal-heterosexista-fascista-y-neoliberal-natalia-ibanez\/#breadcrumb"},"inLanguage":"es","potentialAction":[{"@type":"ReadAction","target":["https:\/\/www.pressenza.com\/es\/2019\/04\/es-necesario-dar-respuesta-ante-un-sistema-violento-patriarcal-heterosexista-fascista-y-neoliberal-natalia-ibanez\/"]}]},{"@type":"ImageObject","inLanguage":"es","@id":"https:\/\/www.pressenza.com\/es\/2019\/04\/es-necesario-dar-respuesta-ante-un-sistema-violento-patriarcal-heterosexista-fascista-y-neoliberal-natalia-ibanez\/#primaryimage","url":"https:\/\/www.pressenza.com\/wp-content\/uploads\/2019\/04\/Imagen-red-Diversidad.jpeg","contentUrl":"https:\/\/www.pressenza.com\/wp-content\/uploads\/2019\/04\/Imagen-red-Diversidad.jpeg","width":1106,"height":622},{"@type":"BreadcrumbList","@id":"https:\/\/www.pressenza.com\/es\/2019\/04\/es-necesario-dar-respuesta-ante-un-sistema-violento-patriarcal-heterosexista-fascista-y-neoliberal-natalia-ibanez\/#breadcrumb","itemListElement":[{"@type":"ListItem","position":1,"name":"Accueil","item":"https:\/\/www.pressenza.com\/es\/"},{"@type":"ListItem","position":2,"name":"\u00abEs necesario dar respuesta ante un sistema violento, patriarcal, heterosexista, fascista y neoliberal\u00bb, Natalia Ib\u00e1\u00f1ez"}]},{"@type":"WebSite","@id":"https:\/\/www.pressenza.com\/es\/#website","url":"https:\/\/www.pressenza.com\/es\/","name":"Pressenza","description":"International Press Agency","publisher":{"@id":"https:\/\/www.pressenza.com\/es\/#organization"},"potentialAction":[{"@type":"SearchAction","target":{"@type":"EntryPoint","urlTemplate":"https:\/\/www.pressenza.com\/es\/?s={search_term_string}"},"query-input":{"@type":"PropertyValueSpecification","valueRequired":true,"valueName":"search_term_string"}}],"inLanguage":"es"},{"@type":"Organization","@id":"https:\/\/www.pressenza.com\/es\/#organization","name":"Pressenza","url":"https:\/\/www.pressenza.com\/es\/","logo":{"@type":"ImageObject","inLanguage":"es","@id":"https:\/\/www.pressenza.com\/es\/#\/schema\/logo\/image\/","url":"https:\/\/www.pressenza.com\/wp-content\/uploads\/2022\/10\/pressenza_logo_200x200.jpg","contentUrl":"https:\/\/www.pressenza.com\/wp-content\/uploads\/2022\/10\/pressenza_logo_200x200.jpg","width":200,"height":200,"caption":"Pressenza"},"image":{"@id":"https:\/\/www.pressenza.com\/es\/#\/schema\/logo\/image\/"},"sameAs":["https:\/\/www.facebook.com\/PressenzaItalia","https:\/\/x.com\/PressenzaIPA"]},{"@type":"Person","@id":"https:\/\/www.pressenza.com\/es\/#\/schema\/person\/d7db40df35d6698ba69ba9ee260944ed","name":"Redacci\u00f3n Chile","description":"News from the Pressenza Bureau in Chile","sameAs":["https:\/\/www.facebook.com\/pressenza","https:\/\/x.com\/pressenza"],"url":"https:\/\/www.pressenza.com\/es\/author\/redaccion-chile\/"}]}},"place":"Santiago de Chile","original_article_url":"","_links":{"self":[{"href":"https:\/\/www.pressenza.com\/es\/wp-json\/wp\/v2\/posts\/847191","targetHints":{"allow":["GET"]}}],"collection":[{"href":"https:\/\/www.pressenza.com\/es\/wp-json\/wp\/v2\/posts"}],"about":[{"href":"https:\/\/www.pressenza.com\/es\/wp-json\/wp\/v2\/types\/post"}],"author":[{"embeddable":true,"href":"https:\/\/www.pressenza.com\/es\/wp-json\/wp\/v2\/users\/43"}],"replies":[{"embeddable":true,"href":"https:\/\/www.pressenza.com\/es\/wp-json\/wp\/v2\/comments?post=847191"}],"version-history":[{"count":0,"href":"https:\/\/www.pressenza.com\/es\/wp-json\/wp\/v2\/posts\/847191\/revisions"}],"wp:featuredmedia":[{"embeddable":true,"href":"https:\/\/www.pressenza.com\/es\/wp-json\/wp\/v2\/media\/847192"}],"wp:attachment":[{"href":"https:\/\/www.pressenza.com\/es\/wp-json\/wp\/v2\/media?parent=847191"}],"wp:term":[{"taxonomy":"category","embeddable":true,"href":"https:\/\/www.pressenza.com\/es\/wp-json\/wp\/v2\/categories?post=847191"},{"taxonomy":"post_tag","embeddable":true,"href":"https:\/\/www.pressenza.com\/es\/wp-json\/wp\/v2\/tags?post=847191"}],"curies":[{"name":"wp","href":"https:\/\/api.w.org\/{rel}","templated":true}]}}