{"id":847,"date":"2009-08-06T00:00:00","date_gmt":"2009-08-06T00:00:00","guid":{"rendered":""},"modified":"2009-09-28T05:01:03","modified_gmt":"2009-09-28T05:01:03","slug":"marco-enrxquez-ominami-presenta-proyecto-sobre-la-marcha-mundial-por-la-paz","status":"publish","type":"post","link":"https:\/\/www.pressenza.com\/es\/2009\/08\/marco-enrxquez-ominami-presenta-proyecto-sobre-la-marcha-mundial-por-la-paz\/","title":{"rendered":"Marco Enr\u00edquez-Ominami presenta proyecto sobre la Marcha Mundial por la Paz"},"content":{"rendered":"<p>Es *\u201cun proyecto de acuerdo que pretendemos votar la pr\u00f3xima semana, que recuerda una fecha que ensombreci\u00f3 al mundo con una bomba criminal, y hasta el d\u00eda de hoy son generaciones y generaciones las que en Jap\u00f3n padecen la l\u00f3gica de la guerra. Me he hecho adherente a los postulados de la Marcha Mundial por la Paz y al impulso del Partido Humanista, que ha promovido algo que a mi juicio tiene una tremenda trascendencia respecto al pa\u00eds que so\u00f1amos\u201d*, se\u00f1al\u00f3 Enr\u00edquez-Ominami, recordando estas fechas aciagas en la memoria universal con las bombas nucleares de Hiroshima y Nagasaki, el 6 y 9 de agosto de 1945, respectivamente.<\/p>\n<p>El diputado independiente, Esteban Valenzuela, indic\u00f3 que *\u201chemos adherido a los planteamientos del Partido Humanista, que el Chile pac\u00edfico, el Chile de la integraci\u00f3n, el Chile del di\u00e1logo, se imponga\u201d*. Agreg\u00f3 que el Presidente de la C\u00e1mara Baja, Rodrigo \u00c1lvarez, le se\u00f1al\u00f3 que le *\u201cencanta el proyecto y que buscar\u00e1 ponerlo la pr\u00f3xima semana en tabla\u201d*.<\/p>\n<p>Los puntos principales del Proyecto de Acuerdo N\u00ba 844 tienen como objetivo hacer oficial la adhesi\u00f3n del Parlamento a la Marcha Mundial por la Paz y la No Violencia; expresar el absoluto rechazo a la utilizaci\u00f3n de armas nucleares u otras de destrucci\u00f3n masiva; adherir plenamente a los actos conmemorativos en torno a las v\u00edctimas de las masacres de Hiroshima y Nagasaki; y solicitar a la Presidenta Bachelet la creaci\u00f3n del \u201cPremio Nacional de Promoci\u00f3n de la Paz\u201d. Los parlamentarios firmantes muestran la transversalidad del proyecto, al ser de todos los colores pol\u00edticos: Esteban Valenzuela (IND), \u00c1lvaro Escobar (IND), Pedro Araya (IND), Ximena Vidal (PPD), Francisco Chahu\u00e1n (RN), Carolina Goic (DC), Marco Enr\u00edquez-Ominami (IND), Karla Rubilar (RN) y Laura Soto (PPD).<\/p>\n<p>En el mismo tono, el candidato presidencial emplaz\u00f3 al Ej\u00e9rcito mostrar la verdad en los casos de corrupci\u00f3n y coimas de funcionarios militares en las compras de material b\u00e9lico en el pasado. *\u201cPedirle al Ej\u00e9rcito de Chile m\u00e1xima transparencia en los mecanismos de adquisici\u00f3n de armas. Y pedirle a los civiles que fueron testigos o funcionarios de esas compras que hoy, no ma\u00f1ana, aclaren cu\u00e1les son sus v\u00ednculos con las graves acusaciones que se han formulado con los posibles pagos de coimas (\u2026) En este d\u00eda simb\u00f3lico y trascendente para la humanidad, si Chile quiere estar a la altura, no s\u00f3lo debe votar este proyecto de acuerdo, sino que el Ej\u00e9rcito explicar sus pol\u00edticas para comprar armas\u201d*, expres\u00f3 Enr\u00edquez-Ominami. <\/p>\n<p>Esteban Valenzuela fue algo m\u00e1s duro se\u00f1alando que es demasiado *\u201cel nivel de corrupci\u00f3n, de sobregasto, de despilfarro\u201d* en la instituci\u00f3n. *\u201cQue un ex comandante del ej\u00e9rcito tan \u2018care palo\u2019 diga \u2018esto es completamente normal\u2019. Acaso no sabe que su responsabilidad p\u00fablica es denunciar. Por qu\u00e9 Izurieta no entrega los nombres de todas las empresas que han insinuado coimas y comisiones al Ej\u00e9rcito (\u2026) Emplazo a Izurieta a que diga los nombres\u201d*, apunt\u00f3 Valenzuela.<\/p>\n<p>Agreg\u00f3 que la candidatura presidencial de MEO es un *\u201cfoco de renovaci\u00f3n progresista que genere una cultura de mayor convivencia. Hemos creado una comisi\u00f3n de expertos que propondremos un Comit\u00e9 de Asesores y Sabios por la Felicidad, porque queremos trabajar la salud mental, la convivencia escolar, hacer soportes comunitarios, darle un enfoque m\u00e1s humanista para entender los conflictos\u201d*.<\/p>\n<p>El Presidente del Partido Humanista por su parte, Efren Osorio, dijo que *\u201cla industria b\u00e9lica es negra, oscura, mafiosa. Llega a ser impactante escuchar las declaraciones del General (r) Izurieta que dice con toda naturalidad y toda frescura que las coimas son normales (\u2026) Nos parece nefasto que la industria armamentista, cuyo objetivo de muertes humanas ya es inaceptable, adem\u00e1s genere un manto de corrupci\u00f3n y de mafia que va horadando las bases de una sociedad civilizada\u201d*.<\/p>\n","protected":false},"excerpt":{"rendered":"<p>En el Ex Congreso Nacional, el candidato presidencial Marco Enr\u00edquez-Ominami explic\u00f3 el proyecto presentado con el diputado Esteban Valenzuela para adherir a la C\u00e1mara de Diputados a esta iniciativa, conmemorar las v\u00edctimas de Hiroshima y Nagasaki, y solicitar a la Presidenta de la Rep\u00fablica la creaci\u00f3n del Premio Nacional de la Paz.<\/p>\n","protected":false},"author":19,"featured_media":0,"comment_status":"closed","ping_status":"open","sticky":false,"template":"","format":"standard","meta":{"footnotes":""},"categories":[74,67],"tags":[],"class_list":["post-847","post","type-post","status-publish","format-standard","hentry","category-politica-es","category-sudamerica"],"yoast_head":"<!-- This site is optimized with the Yoast SEO plugin v27.1.1 - https:\/\/yoast.com\/product\/yoast-seo-wordpress\/ -->\n<title>Marco Enr\u00edquez-Ominami presenta proyecto sobre la Marcha Mundial por la Paz<\/title>\n<meta name=\"description\" content=\"En el Ex Congreso Nacional, el candidato presidencial Marco Enr\u00edquez-Ominami explic\u00f3 el proyecto presentado con el diputado Esteban Valenzuela para adherir a la C\u00e1mara de Diputados a esta iniciativa, conmemorar las v\u00edctimas de Hiroshima y Nagasaki, y solicitar a la Presidenta de la Rep\u00fablica la creaci\u00f3n del Premio Nacional de la Paz.\" \/>\n<meta name=\"robots\" content=\"index, follow, max-snippet:-1, max-image-preview:large, max-video-preview:-1\" \/>\n<link rel=\"canonical\" href=\"https:\/\/www.pressenza.com\/es\/2009\/08\/marco-enrxquez-ominami-presenta-proyecto-sobre-la-marcha-mundial-por-la-paz\/\" \/>\n<meta property=\"og:locale\" content=\"es_ES\" \/>\n<meta property=\"og:type\" content=\"article\" \/>\n<meta property=\"og:title\" content=\"Marco Enr\u00edquez-Ominami presenta proyecto sobre la Marcha Mundial por la Paz\" \/>\n<meta property=\"og:description\" content=\"En el Ex Congreso Nacional, el candidato presidencial Marco Enr\u00edquez-Ominami explic\u00f3 el proyecto presentado con el diputado Esteban Valenzuela para adherir a la C\u00e1mara de Diputados a esta iniciativa, conmemorar las v\u00edctimas de Hiroshima y Nagasaki, y solicitar a la Presidenta de la Rep\u00fablica la creaci\u00f3n del Premio Nacional de la Paz.\" \/>\n<meta property=\"og:url\" content=\"https:\/\/www.pressenza.com\/es\/2009\/08\/marco-enrxquez-ominami-presenta-proyecto-sobre-la-marcha-mundial-por-la-paz\/\" \/>\n<meta property=\"og:site_name\" content=\"Pressenza\" \/>\n<meta property=\"article:publisher\" content=\"https:\/\/www.facebook.com\/PressenzaItalia\" \/>\n<meta property=\"article:author\" content=\"https:\/\/www.facebook.com\/pressenza\" \/>\n<meta property=\"article:published_time\" content=\"2009-08-06T00:00:00+00:00\" \/>\n<meta property=\"article:modified_time\" content=\"2009-09-28T05:01:03+00:00\" \/>\n<meta name=\"author\" content=\"Pressenza IPA\" \/>\n<meta name=\"twitter:card\" content=\"summary_large_image\" \/>\n<meta name=\"twitter:creator\" content=\"@PressenzaIPA\" \/>\n<meta name=\"twitter:site\" content=\"@PressenzaIPA\" \/>\n<meta name=\"twitter:label1\" content=\"Escrito por\" \/>\n\t<meta name=\"twitter:data1\" content=\"Pressenza IPA\" \/>\n\t<meta name=\"twitter:label2\" content=\"Tiempo de lectura\" \/>\n\t<meta name=\"twitter:data2\" content=\"3 minutos\" \/>\n<script type=\"application\/ld+json\" class=\"yoast-schema-graph\">{\"@context\":\"https:\/\/schema.org\",\"@graph\":[{\"@type\":\"Article\",\"@id\":\"https:\/\/www.pressenza.com\/es\/2009\/08\/marco-enrxquez-ominami-presenta-proyecto-sobre-la-marcha-mundial-por-la-paz\/#article\",\"isPartOf\":{\"@id\":\"https:\/\/www.pressenza.com\/es\/2009\/08\/marco-enrxquez-ominami-presenta-proyecto-sobre-la-marcha-mundial-por-la-paz\/\"},\"author\":{\"name\":\"Pressenza IPA\",\"@id\":\"https:\/\/www.pressenza.com\/es\/#\/schema\/person\/010e5d02bcf40965427a1289a4cc8d75\"},\"headline\":\"Marco Enr\u00edquez-Ominami presenta proyecto sobre la Marcha Mundial por la Paz\",\"datePublished\":\"2009-08-06T00:00:00+00:00\",\"dateModified\":\"2009-09-28T05:01:03+00:00\",\"mainEntityOfPage\":{\"@id\":\"https:\/\/www.pressenza.com\/es\/2009\/08\/marco-enrxquez-ominami-presenta-proyecto-sobre-la-marcha-mundial-por-la-paz\/\"},\"wordCount\":668,\"publisher\":{\"@id\":\"https:\/\/www.pressenza.com\/es\/#organization\"},\"articleSection\":[\"Pol\u00edtica\",\"Sudam\u00e9rica\"],\"inLanguage\":\"es\"},{\"@type\":\"WebPage\",\"@id\":\"https:\/\/www.pressenza.com\/es\/2009\/08\/marco-enrxquez-ominami-presenta-proyecto-sobre-la-marcha-mundial-por-la-paz\/\",\"url\":\"https:\/\/www.pressenza.com\/es\/2009\/08\/marco-enrxquez-ominami-presenta-proyecto-sobre-la-marcha-mundial-por-la-paz\/\",\"name\":\"Marco Enr\u00edquez-Ominami presenta proyecto sobre la Marcha Mundial por la Paz\",\"isPartOf\":{\"@id\":\"https:\/\/www.pressenza.com\/es\/#website\"},\"datePublished\":\"2009-08-06T00:00:00+00:00\",\"dateModified\":\"2009-09-28T05:01:03+00:00\",\"description\":\"En el Ex Congreso Nacional, el candidato presidencial Marco Enr\u00edquez-Ominami explic\u00f3 el proyecto presentado con el diputado Esteban Valenzuela para adherir a la C\u00e1mara de Diputados a esta iniciativa, conmemorar las v\u00edctimas de Hiroshima y Nagasaki, y solicitar a la Presidenta de la Rep\u00fablica la creaci\u00f3n del Premio Nacional de la Paz.\",\"breadcrumb\":{\"@id\":\"https:\/\/www.pressenza.com\/es\/2009\/08\/marco-enrxquez-ominami-presenta-proyecto-sobre-la-marcha-mundial-por-la-paz\/#breadcrumb\"},\"inLanguage\":\"es\",\"potentialAction\":[{\"@type\":\"ReadAction\",\"target\":[\"https:\/\/www.pressenza.com\/es\/2009\/08\/marco-enrxquez-ominami-presenta-proyecto-sobre-la-marcha-mundial-por-la-paz\/\"]}]},{\"@type\":\"BreadcrumbList\",\"@id\":\"https:\/\/www.pressenza.com\/es\/2009\/08\/marco-enrxquez-ominami-presenta-proyecto-sobre-la-marcha-mundial-por-la-paz\/#breadcrumb\",\"itemListElement\":[{\"@type\":\"ListItem\",\"position\":1,\"name\":\"Accueil\",\"item\":\"https:\/\/www.pressenza.com\/es\/\"},{\"@type\":\"ListItem\",\"position\":2,\"name\":\"Marco Enr\u00edquez-Ominami presenta proyecto sobre la Marcha Mundial por la Paz\"}]},{\"@type\":\"WebSite\",\"@id\":\"https:\/\/www.pressenza.com\/es\/#website\",\"url\":\"https:\/\/www.pressenza.com\/es\/\",\"name\":\"Pressenza\",\"description\":\"International Press Agency\",\"publisher\":{\"@id\":\"https:\/\/www.pressenza.com\/es\/#organization\"},\"potentialAction\":[{\"@type\":\"SearchAction\",\"target\":{\"@type\":\"EntryPoint\",\"urlTemplate\":\"https:\/\/www.pressenza.com\/es\/?s={search_term_string}\"},\"query-input\":{\"@type\":\"PropertyValueSpecification\",\"valueRequired\":true,\"valueName\":\"search_term_string\"}}],\"inLanguage\":\"es\"},{\"@type\":\"Organization\",\"@id\":\"https:\/\/www.pressenza.com\/es\/#organization\",\"name\":\"Pressenza\",\"url\":\"https:\/\/www.pressenza.com\/es\/\",\"logo\":{\"@type\":\"ImageObject\",\"inLanguage\":\"es\",\"@id\":\"https:\/\/www.pressenza.com\/es\/#\/schema\/logo\/image\/\",\"url\":\"https:\/\/www.pressenza.com\/wp-content\/uploads\/2022\/10\/pressenza_logo_200x200.jpg\",\"contentUrl\":\"https:\/\/www.pressenza.com\/wp-content\/uploads\/2022\/10\/pressenza_logo_200x200.jpg\",\"width\":200,\"height\":200,\"caption\":\"Pressenza\"},\"image\":{\"@id\":\"https:\/\/www.pressenza.com\/es\/#\/schema\/logo\/image\/\"},\"sameAs\":[\"https:\/\/www.facebook.com\/PressenzaItalia\",\"https:\/\/x.com\/PressenzaIPA\"]},{\"@type\":\"Person\",\"@id\":\"https:\/\/www.pressenza.com\/es\/#\/schema\/person\/010e5d02bcf40965427a1289a4cc8d75\",\"name\":\"Pressenza IPA\",\"description\":\"News from Pressenza IPA correspondents\",\"sameAs\":[\"https:\/\/www.facebook.com\/pressenza\",\"https:\/\/x.com\/PressenzaIPA\"],\"url\":\"https:\/\/www.pressenza.com\/es\/author\/pressenza-ipa\/\"}]}<\/script>\n<!-- \/ Yoast SEO plugin. -->","yoast_head_json":{"title":"Marco Enr\u00edquez-Ominami presenta proyecto sobre la Marcha Mundial por la Paz","description":"En el Ex Congreso Nacional, el candidato presidencial Marco Enr\u00edquez-Ominami explic\u00f3 el proyecto presentado con el diputado Esteban Valenzuela para adherir a la C\u00e1mara de Diputados a esta iniciativa, conmemorar las v\u00edctimas de Hiroshima y Nagasaki, y solicitar a la Presidenta de la Rep\u00fablica la creaci\u00f3n del Premio Nacional de la Paz.","robots":{"index":"index","follow":"follow","max-snippet":"max-snippet:-1","max-image-preview":"max-image-preview:large","max-video-preview":"max-video-preview:-1"},"canonical":"https:\/\/www.pressenza.com\/es\/2009\/08\/marco-enrxquez-ominami-presenta-proyecto-sobre-la-marcha-mundial-por-la-paz\/","og_locale":"es_ES","og_type":"article","og_title":"Marco Enr\u00edquez-Ominami presenta proyecto sobre la Marcha Mundial por la Paz","og_description":"En el Ex Congreso Nacional, el candidato presidencial Marco Enr\u00edquez-Ominami explic\u00f3 el proyecto presentado con el diputado Esteban Valenzuela para adherir a la C\u00e1mara de Diputados a esta iniciativa, conmemorar las v\u00edctimas de Hiroshima y Nagasaki, y solicitar a la Presidenta de la Rep\u00fablica la creaci\u00f3n del Premio Nacional de la Paz.","og_url":"https:\/\/www.pressenza.com\/es\/2009\/08\/marco-enrxquez-ominami-presenta-proyecto-sobre-la-marcha-mundial-por-la-paz\/","og_site_name":"Pressenza","article_publisher":"https:\/\/www.facebook.com\/PressenzaItalia","article_author":"https:\/\/www.facebook.com\/pressenza","article_published_time":"2009-08-06T00:00:00+00:00","article_modified_time":"2009-09-28T05:01:03+00:00","author":"Pressenza IPA","twitter_card":"summary_large_image","twitter_creator":"@PressenzaIPA","twitter_site":"@PressenzaIPA","twitter_misc":{"Escrito por":"Pressenza IPA","Tiempo de lectura":"3 minutos"},"schema":{"@context":"https:\/\/schema.org","@graph":[{"@type":"Article","@id":"https:\/\/www.pressenza.com\/es\/2009\/08\/marco-enrxquez-ominami-presenta-proyecto-sobre-la-marcha-mundial-por-la-paz\/#article","isPartOf":{"@id":"https:\/\/www.pressenza.com\/es\/2009\/08\/marco-enrxquez-ominami-presenta-proyecto-sobre-la-marcha-mundial-por-la-paz\/"},"author":{"name":"Pressenza IPA","@id":"https:\/\/www.pressenza.com\/es\/#\/schema\/person\/010e5d02bcf40965427a1289a4cc8d75"},"headline":"Marco Enr\u00edquez-Ominami presenta proyecto sobre la Marcha Mundial por la Paz","datePublished":"2009-08-06T00:00:00+00:00","dateModified":"2009-09-28T05:01:03+00:00","mainEntityOfPage":{"@id":"https:\/\/www.pressenza.com\/es\/2009\/08\/marco-enrxquez-ominami-presenta-proyecto-sobre-la-marcha-mundial-por-la-paz\/"},"wordCount":668,"publisher":{"@id":"https:\/\/www.pressenza.com\/es\/#organization"},"articleSection":["Pol\u00edtica","Sudam\u00e9rica"],"inLanguage":"es"},{"@type":"WebPage","@id":"https:\/\/www.pressenza.com\/es\/2009\/08\/marco-enrxquez-ominami-presenta-proyecto-sobre-la-marcha-mundial-por-la-paz\/","url":"https:\/\/www.pressenza.com\/es\/2009\/08\/marco-enrxquez-ominami-presenta-proyecto-sobre-la-marcha-mundial-por-la-paz\/","name":"Marco Enr\u00edquez-Ominami presenta proyecto sobre la Marcha Mundial por la Paz","isPartOf":{"@id":"https:\/\/www.pressenza.com\/es\/#website"},"datePublished":"2009-08-06T00:00:00+00:00","dateModified":"2009-09-28T05:01:03+00:00","description":"En el Ex Congreso Nacional, el candidato presidencial Marco Enr\u00edquez-Ominami explic\u00f3 el proyecto presentado con el diputado Esteban Valenzuela para adherir a la C\u00e1mara de Diputados a esta iniciativa, conmemorar las v\u00edctimas de Hiroshima y Nagasaki, y solicitar a la Presidenta de la Rep\u00fablica la creaci\u00f3n del Premio Nacional de la Paz.","breadcrumb":{"@id":"https:\/\/www.pressenza.com\/es\/2009\/08\/marco-enrxquez-ominami-presenta-proyecto-sobre-la-marcha-mundial-por-la-paz\/#breadcrumb"},"inLanguage":"es","potentialAction":[{"@type":"ReadAction","target":["https:\/\/www.pressenza.com\/es\/2009\/08\/marco-enrxquez-ominami-presenta-proyecto-sobre-la-marcha-mundial-por-la-paz\/"]}]},{"@type":"BreadcrumbList","@id":"https:\/\/www.pressenza.com\/es\/2009\/08\/marco-enrxquez-ominami-presenta-proyecto-sobre-la-marcha-mundial-por-la-paz\/#breadcrumb","itemListElement":[{"@type":"ListItem","position":1,"name":"Accueil","item":"https:\/\/www.pressenza.com\/es\/"},{"@type":"ListItem","position":2,"name":"Marco Enr\u00edquez-Ominami presenta proyecto sobre la Marcha Mundial por la Paz"}]},{"@type":"WebSite","@id":"https:\/\/www.pressenza.com\/es\/#website","url":"https:\/\/www.pressenza.com\/es\/","name":"Pressenza","description":"International Press Agency","publisher":{"@id":"https:\/\/www.pressenza.com\/es\/#organization"},"potentialAction":[{"@type":"SearchAction","target":{"@type":"EntryPoint","urlTemplate":"https:\/\/www.pressenza.com\/es\/?s={search_term_string}"},"query-input":{"@type":"PropertyValueSpecification","valueRequired":true,"valueName":"search_term_string"}}],"inLanguage":"es"},{"@type":"Organization","@id":"https:\/\/www.pressenza.com\/es\/#organization","name":"Pressenza","url":"https:\/\/www.pressenza.com\/es\/","logo":{"@type":"ImageObject","inLanguage":"es","@id":"https:\/\/www.pressenza.com\/es\/#\/schema\/logo\/image\/","url":"https:\/\/www.pressenza.com\/wp-content\/uploads\/2022\/10\/pressenza_logo_200x200.jpg","contentUrl":"https:\/\/www.pressenza.com\/wp-content\/uploads\/2022\/10\/pressenza_logo_200x200.jpg","width":200,"height":200,"caption":"Pressenza"},"image":{"@id":"https:\/\/www.pressenza.com\/es\/#\/schema\/logo\/image\/"},"sameAs":["https:\/\/www.facebook.com\/PressenzaItalia","https:\/\/x.com\/PressenzaIPA"]},{"@type":"Person","@id":"https:\/\/www.pressenza.com\/es\/#\/schema\/person\/010e5d02bcf40965427a1289a4cc8d75","name":"Pressenza IPA","description":"News from Pressenza IPA correspondents","sameAs":["https:\/\/www.facebook.com\/pressenza","https:\/\/x.com\/PressenzaIPA"],"url":"https:\/\/www.pressenza.com\/es\/author\/pressenza-ipa\/"}]}},"place":"Santiago","original_article_url":"","_links":{"self":[{"href":"https:\/\/www.pressenza.com\/es\/wp-json\/wp\/v2\/posts\/847","targetHints":{"allow":["GET"]}}],"collection":[{"href":"https:\/\/www.pressenza.com\/es\/wp-json\/wp\/v2\/posts"}],"about":[{"href":"https:\/\/www.pressenza.com\/es\/wp-json\/wp\/v2\/types\/post"}],"author":[{"embeddable":true,"href":"https:\/\/www.pressenza.com\/es\/wp-json\/wp\/v2\/users\/19"}],"replies":[{"embeddable":true,"href":"https:\/\/www.pressenza.com\/es\/wp-json\/wp\/v2\/comments?post=847"}],"version-history":[{"count":0,"href":"https:\/\/www.pressenza.com\/es\/wp-json\/wp\/v2\/posts\/847\/revisions"}],"wp:attachment":[{"href":"https:\/\/www.pressenza.com\/es\/wp-json\/wp\/v2\/media?parent=847"}],"wp:term":[{"taxonomy":"category","embeddable":true,"href":"https:\/\/www.pressenza.com\/es\/wp-json\/wp\/v2\/categories?post=847"},{"taxonomy":"post_tag","embeddable":true,"href":"https:\/\/www.pressenza.com\/es\/wp-json\/wp\/v2\/tags?post=847"}],"curies":[{"name":"wp","href":"https:\/\/api.w.org\/{rel}","templated":true}]}}