{"id":846589,"date":"2019-04-26T02:59:49","date_gmt":"2019-04-26T01:59:49","guid":{"rendered":"https:\/\/www.pressenza.com\/?p=846589"},"modified":"2019-04-26T02:59:49","modified_gmt":"2019-04-26T01:59:49","slug":"el-tribunal-de-casacion-la-falta-de-proteccion-hacia-los-homosexuales-es-motivo-para-solicitar-asilo","status":"publish","type":"post","link":"https:\/\/www.pressenza.com\/es\/2019\/04\/el-tribunal-de-casacion-la-falta-de-proteccion-hacia-los-homosexuales-es-motivo-para-solicitar-asilo\/","title":{"rendered":"El Tribunal de Casaci\u00f3n: la falta de protecci\u00f3n hacia los homosexuales es motivo para solicitar asilo"},"content":{"rendered":"<p>Ya se pueden escuchar los gritos: \u00a1dejemos entrar a todos!<\/p>\n<p>La sentencia dictada ayer por el Tribunal de Casaci\u00f3n dice otra cosa: antes de denegar el estatuto de refugiado a un solicitante de asilo que afirma ser homosexual y estar arriesgando su vida a causa de su orientaci\u00f3n sexual, debe comprobarse no s\u00f3lo si no existen leyes discriminatorias en el pa\u00eds de origen, sino tambi\u00e9n si las autoridades locales proporcionan al solicitante una \u00abprotecci\u00f3n adecuada\u00bb, aun cuando est\u00e9 sufriendo persecuci\u00f3n de tipo familiar.<\/p>\n<p>Alrededor de setenta pa\u00edses penalizan la homosexualidad y en una decena de ellos est\u00e1 prevista la pena de muerte: recientemente se ha a\u00f1adido a la lista el sultanato de Brunei.<\/p>\n<p>El caso ante el Tribunal de Casaci\u00f3n no estaba relacionado con uno de estos pa\u00edses: en C\u00f4te d&#8217;Ivoire, la homosexualidad no es un delito. Sin embargo, existe un deber de protecci\u00f3n por parte de las autoridades, quienes tienen la obligaci\u00f3n de proporcionar una protecci\u00f3n adecuada a todos los ciudadanos, independientemente de su orientaci\u00f3n sexual.<\/p>\n<p>El Estado, seg\u00fan la Corte Suprema, tambi\u00e9n debe protegerse contra las amenazas de particulares: miembros de la familia en este caso, pero podr\u00edan ser otros actores no estatales, incluidos los grupos armados.<\/p>\n<p>En otras palabras, la sentencia del Tribunal Supremo nos recuerda que se necesitan investigaciones rigurosas por parte de quienes examinan las solicitudes de protecci\u00f3n. Nada revolucionario, aunque en este pa\u00eds, hoy en d\u00eda, alinearse con las normas internacionales en materia de asilo parece realmente un acto revolucionario.<\/p>\n<hr \/>\n<p><em>Traducci\u00f3n del italiano por Nicole Salas<\/em><\/p>\n","protected":false},"excerpt":{"rendered":"<p>Ya se pueden escuchar los gritos: \u00a1dejemos entrar a todos! La sentencia dictada ayer por el Tribunal de Casaci\u00f3n dice otra cosa: antes de denegar el estatuto de refugiado a un solicitante de asilo que afirma ser homosexual y estar&hellip;<\/p>\n","protected":false},"author":1334,"featured_media":845318,"comment_status":"closed","ping_status":"closed","sticky":false,"template":"","format":"standard","meta":{"footnotes":""},"categories":[11389,79,161],"tags":[58088,17584,3022,48976],"class_list":["post-846589","post","type-post","status-publish","format-standard","has-post-thumbnail","hentry","category-contenido-original","category-derechos-humanos","category-opiniones","tag-corte-de-casacion","tag-homosexualidad","tag-refugiados","tag-solicitantes-de-asilo"],"yoast_head":"<!-- This site is optimized with the Yoast SEO plugin v27.1.1 - https:\/\/yoast.com\/product\/yoast-seo-wordpress\/ -->\n<title>El Tribunal de Casaci\u00f3n: la falta de protecci\u00f3n hacia los homosexuales es motivo para solicitar asilo<\/title>\n<meta name=\"description\" content=\"Ya se pueden escuchar los gritos: \u00a1dejemos entrar a todos! La sentencia dictada ayer por el Tribunal de Casaci\u00f3n dice otra cosa: antes de denegar el\" \/>\n<meta name=\"robots\" content=\"index, follow, max-snippet:-1, max-image-preview:large, max-video-preview:-1\" \/>\n<link rel=\"canonical\" href=\"https:\/\/www.pressenza.com\/es\/2019\/04\/el-tribunal-de-casacion-la-falta-de-proteccion-hacia-los-homosexuales-es-motivo-para-solicitar-asilo\/\" \/>\n<meta property=\"og:locale\" content=\"es_ES\" \/>\n<meta property=\"og:type\" content=\"article\" \/>\n<meta property=\"og:title\" content=\"El Tribunal de Casaci\u00f3n: la falta de protecci\u00f3n hacia los homosexuales es motivo para solicitar asilo\" \/>\n<meta property=\"og:description\" content=\"Ya se pueden escuchar los gritos: \u00a1dejemos entrar a todos! La sentencia dictada ayer por el Tribunal de Casaci\u00f3n dice otra cosa: antes de denegar el\" \/>\n<meta property=\"og:url\" content=\"https:\/\/www.pressenza.com\/es\/2019\/04\/el-tribunal-de-casacion-la-falta-de-proteccion-hacia-los-homosexuales-es-motivo-para-solicitar-asilo\/\" \/>\n<meta property=\"og:site_name\" content=\"Pressenza\" \/>\n<meta property=\"article:publisher\" content=\"https:\/\/www.facebook.com\/PressenzaItalia\" \/>\n<meta property=\"article:author\" content=\"https:\/\/www.facebook.com\/p\/Riccardo-Noury-100041166531808\/\" \/>\n<meta property=\"article:published_time\" content=\"2019-04-26T01:59:49+00:00\" \/>\n<meta property=\"og:image\" content=\"https:\/\/www.pressenza.com\/wp-content\/uploads\/2019\/04\/italia_lgbti.jpg\" \/>\n\t<meta property=\"og:image:width\" content=\"1920\" \/>\n\t<meta property=\"og:image:height\" content=\"900\" \/>\n\t<meta property=\"og:image:type\" content=\"image\/jpeg\" \/>\n<meta name=\"author\" content=\"Riccardo Noury\" \/>\n<meta name=\"twitter:card\" content=\"summary_large_image\" \/>\n<meta name=\"twitter:creator\" content=\"@riccardonoury\" \/>\n<meta name=\"twitter:site\" content=\"@PressenzaIPA\" \/>\n<meta name=\"twitter:label1\" content=\"Escrito por\" \/>\n\t<meta name=\"twitter:data1\" content=\"Riccardo Noury\" \/>\n\t<meta name=\"twitter:label2\" content=\"Tiempo de lectura\" \/>\n\t<meta name=\"twitter:data2\" content=\"1 minuto\" \/>\n<script type=\"application\/ld+json\" class=\"yoast-schema-graph\">{\"@context\":\"https:\/\/schema.org\",\"@graph\":[{\"@type\":\"Article\",\"@id\":\"https:\/\/www.pressenza.com\/es\/2019\/04\/el-tribunal-de-casacion-la-falta-de-proteccion-hacia-los-homosexuales-es-motivo-para-solicitar-asilo\/#article\",\"isPartOf\":{\"@id\":\"https:\/\/www.pressenza.com\/es\/2019\/04\/el-tribunal-de-casacion-la-falta-de-proteccion-hacia-los-homosexuales-es-motivo-para-solicitar-asilo\/\"},\"author\":{\"name\":\"Riccardo Noury\",\"@id\":\"https:\/\/www.pressenza.com\/es\/#\/schema\/person\/8f342cd59f9d5aae911255240684f81e\"},\"headline\":\"El Tribunal de Casaci\u00f3n: la falta de protecci\u00f3n hacia los homosexuales es motivo para solicitar asilo\",\"datePublished\":\"2019-04-26T01:59:49+00:00\",\"mainEntityOfPage\":{\"@id\":\"https:\/\/www.pressenza.com\/es\/2019\/04\/el-tribunal-de-casacion-la-falta-de-proteccion-hacia-los-homosexuales-es-motivo-para-solicitar-asilo\/\"},\"wordCount\":294,\"publisher\":{\"@id\":\"https:\/\/www.pressenza.com\/es\/#organization\"},\"image\":{\"@id\":\"https:\/\/www.pressenza.com\/es\/2019\/04\/el-tribunal-de-casacion-la-falta-de-proteccion-hacia-los-homosexuales-es-motivo-para-solicitar-asilo\/#primaryimage\"},\"thumbnailUrl\":\"https:\/\/www.pressenza.com\/wp-content\/uploads\/2019\/04\/italia_lgbti.jpg\",\"keywords\":[\"Corte de Casaci\u00f3n\",\"homosexualidad\",\"refugiados\",\"solicitantes de asilo\"],\"articleSection\":[\"Contenido Original\",\"Derechos Humanos\",\"Opiniones\"],\"inLanguage\":\"es\"},{\"@type\":\"WebPage\",\"@id\":\"https:\/\/www.pressenza.com\/es\/2019\/04\/el-tribunal-de-casacion-la-falta-de-proteccion-hacia-los-homosexuales-es-motivo-para-solicitar-asilo\/\",\"url\":\"https:\/\/www.pressenza.com\/es\/2019\/04\/el-tribunal-de-casacion-la-falta-de-proteccion-hacia-los-homosexuales-es-motivo-para-solicitar-asilo\/\",\"name\":\"El Tribunal de Casaci\u00f3n: la falta de protecci\u00f3n hacia los homosexuales es motivo para solicitar asilo\",\"isPartOf\":{\"@id\":\"https:\/\/www.pressenza.com\/es\/#website\"},\"primaryImageOfPage\":{\"@id\":\"https:\/\/www.pressenza.com\/es\/2019\/04\/el-tribunal-de-casacion-la-falta-de-proteccion-hacia-los-homosexuales-es-motivo-para-solicitar-asilo\/#primaryimage\"},\"image\":{\"@id\":\"https:\/\/www.pressenza.com\/es\/2019\/04\/el-tribunal-de-casacion-la-falta-de-proteccion-hacia-los-homosexuales-es-motivo-para-solicitar-asilo\/#primaryimage\"},\"thumbnailUrl\":\"https:\/\/www.pressenza.com\/wp-content\/uploads\/2019\/04\/italia_lgbti.jpg\",\"datePublished\":\"2019-04-26T01:59:49+00:00\",\"description\":\"Ya se pueden escuchar los gritos: \u00a1dejemos entrar a todos! La sentencia dictada ayer por el Tribunal de Casaci\u00f3n dice otra cosa: antes de denegar el\",\"breadcrumb\":{\"@id\":\"https:\/\/www.pressenza.com\/es\/2019\/04\/el-tribunal-de-casacion-la-falta-de-proteccion-hacia-los-homosexuales-es-motivo-para-solicitar-asilo\/#breadcrumb\"},\"inLanguage\":\"es\",\"potentialAction\":[{\"@type\":\"ReadAction\",\"target\":[\"https:\/\/www.pressenza.com\/es\/2019\/04\/el-tribunal-de-casacion-la-falta-de-proteccion-hacia-los-homosexuales-es-motivo-para-solicitar-asilo\/\"]}]},{\"@type\":\"ImageObject\",\"inLanguage\":\"es\",\"@id\":\"https:\/\/www.pressenza.com\/es\/2019\/04\/el-tribunal-de-casacion-la-falta-de-proteccion-hacia-los-homosexuales-es-motivo-para-solicitar-asilo\/#primaryimage\",\"url\":\"https:\/\/www.pressenza.com\/wp-content\/uploads\/2019\/04\/italia_lgbti.jpg\",\"contentUrl\":\"https:\/\/www.pressenza.com\/wp-content\/uploads\/2019\/04\/italia_lgbti.jpg\",\"width\":1920,\"height\":900,\"caption\":\"La Corte di Cassazione: mancata protezione degli omosessuali \u00e8 motivo per asilo\"},{\"@type\":\"BreadcrumbList\",\"@id\":\"https:\/\/www.pressenza.com\/es\/2019\/04\/el-tribunal-de-casacion-la-falta-de-proteccion-hacia-los-homosexuales-es-motivo-para-solicitar-asilo\/#breadcrumb\",\"itemListElement\":[{\"@type\":\"ListItem\",\"position\":1,\"name\":\"Accueil\",\"item\":\"https:\/\/www.pressenza.com\/es\/\"},{\"@type\":\"ListItem\",\"position\":2,\"name\":\"El Tribunal de Casaci\u00f3n: la falta de protecci\u00f3n hacia los homosexuales es motivo para solicitar asilo\"}]},{\"@type\":\"WebSite\",\"@id\":\"https:\/\/www.pressenza.com\/es\/#website\",\"url\":\"https:\/\/www.pressenza.com\/es\/\",\"name\":\"Pressenza\",\"description\":\"International Press Agency\",\"publisher\":{\"@id\":\"https:\/\/www.pressenza.com\/es\/#organization\"},\"potentialAction\":[{\"@type\":\"SearchAction\",\"target\":{\"@type\":\"EntryPoint\",\"urlTemplate\":\"https:\/\/www.pressenza.com\/es\/?s={search_term_string}\"},\"query-input\":{\"@type\":\"PropertyValueSpecification\",\"valueRequired\":true,\"valueName\":\"search_term_string\"}}],\"inLanguage\":\"es\"},{\"@type\":\"Organization\",\"@id\":\"https:\/\/www.pressenza.com\/es\/#organization\",\"name\":\"Pressenza\",\"url\":\"https:\/\/www.pressenza.com\/es\/\",\"logo\":{\"@type\":\"ImageObject\",\"inLanguage\":\"es\",\"@id\":\"https:\/\/www.pressenza.com\/es\/#\/schema\/logo\/image\/\",\"url\":\"https:\/\/www.pressenza.com\/wp-content\/uploads\/2022\/10\/pressenza_logo_200x200.jpg\",\"contentUrl\":\"https:\/\/www.pressenza.com\/wp-content\/uploads\/2022\/10\/pressenza_logo_200x200.jpg\",\"width\":200,\"height\":200,\"caption\":\"Pressenza\"},\"image\":{\"@id\":\"https:\/\/www.pressenza.com\/es\/#\/schema\/logo\/image\/\"},\"sameAs\":[\"https:\/\/www.facebook.com\/PressenzaItalia\",\"https:\/\/x.com\/PressenzaIPA\"]},{\"@type\":\"Person\",\"@id\":\"https:\/\/www.pressenza.com\/es\/#\/schema\/person\/8f342cd59f9d5aae911255240684f81e\",\"name\":\"Riccardo Noury\",\"sameAs\":[\"http:\/\/www.amnesty.it\/\",\"https:\/\/www.facebook.com\/p\/Riccardo-Noury-100041166531808\/\",\"https:\/\/www.instagram.com\/riccardonoury9241\",\"https:\/\/x.com\/riccardonoury\"],\"url\":\"https:\/\/www.pressenza.com\/es\/author\/riccardo-noury\/\"}]}<\/script>\n<!-- \/ Yoast SEO plugin. -->","yoast_head_json":{"title":"El Tribunal de Casaci\u00f3n: la falta de protecci\u00f3n hacia los homosexuales es motivo para solicitar asilo","description":"Ya se pueden escuchar los gritos: \u00a1dejemos entrar a todos! La sentencia dictada ayer por el Tribunal de Casaci\u00f3n dice otra cosa: antes de denegar el","robots":{"index":"index","follow":"follow","max-snippet":"max-snippet:-1","max-image-preview":"max-image-preview:large","max-video-preview":"max-video-preview:-1"},"canonical":"https:\/\/www.pressenza.com\/es\/2019\/04\/el-tribunal-de-casacion-la-falta-de-proteccion-hacia-los-homosexuales-es-motivo-para-solicitar-asilo\/","og_locale":"es_ES","og_type":"article","og_title":"El Tribunal de Casaci\u00f3n: la falta de protecci\u00f3n hacia los homosexuales es motivo para solicitar asilo","og_description":"Ya se pueden escuchar los gritos: \u00a1dejemos entrar a todos! La sentencia dictada ayer por el Tribunal de Casaci\u00f3n dice otra cosa: antes de denegar el","og_url":"https:\/\/www.pressenza.com\/es\/2019\/04\/el-tribunal-de-casacion-la-falta-de-proteccion-hacia-los-homosexuales-es-motivo-para-solicitar-asilo\/","og_site_name":"Pressenza","article_publisher":"https:\/\/www.facebook.com\/PressenzaItalia","article_author":"https:\/\/www.facebook.com\/p\/Riccardo-Noury-100041166531808\/","article_published_time":"2019-04-26T01:59:49+00:00","og_image":[{"width":1920,"height":900,"url":"https:\/\/www.pressenza.com\/wp-content\/uploads\/2019\/04\/italia_lgbti.jpg","type":"image\/jpeg"}],"author":"Riccardo Noury","twitter_card":"summary_large_image","twitter_creator":"@riccardonoury","twitter_site":"@PressenzaIPA","twitter_misc":{"Escrito por":"Riccardo Noury","Tiempo de lectura":"1 minuto"},"schema":{"@context":"https:\/\/schema.org","@graph":[{"@type":"Article","@id":"https:\/\/www.pressenza.com\/es\/2019\/04\/el-tribunal-de-casacion-la-falta-de-proteccion-hacia-los-homosexuales-es-motivo-para-solicitar-asilo\/#article","isPartOf":{"@id":"https:\/\/www.pressenza.com\/es\/2019\/04\/el-tribunal-de-casacion-la-falta-de-proteccion-hacia-los-homosexuales-es-motivo-para-solicitar-asilo\/"},"author":{"name":"Riccardo Noury","@id":"https:\/\/www.pressenza.com\/es\/#\/schema\/person\/8f342cd59f9d5aae911255240684f81e"},"headline":"El Tribunal de Casaci\u00f3n: la falta de protecci\u00f3n hacia los homosexuales es motivo para solicitar asilo","datePublished":"2019-04-26T01:59:49+00:00","mainEntityOfPage":{"@id":"https:\/\/www.pressenza.com\/es\/2019\/04\/el-tribunal-de-casacion-la-falta-de-proteccion-hacia-los-homosexuales-es-motivo-para-solicitar-asilo\/"},"wordCount":294,"publisher":{"@id":"https:\/\/www.pressenza.com\/es\/#organization"},"image":{"@id":"https:\/\/www.pressenza.com\/es\/2019\/04\/el-tribunal-de-casacion-la-falta-de-proteccion-hacia-los-homosexuales-es-motivo-para-solicitar-asilo\/#primaryimage"},"thumbnailUrl":"https:\/\/www.pressenza.com\/wp-content\/uploads\/2019\/04\/italia_lgbti.jpg","keywords":["Corte de Casaci\u00f3n","homosexualidad","refugiados","solicitantes de asilo"],"articleSection":["Contenido Original","Derechos Humanos","Opiniones"],"inLanguage":"es"},{"@type":"WebPage","@id":"https:\/\/www.pressenza.com\/es\/2019\/04\/el-tribunal-de-casacion-la-falta-de-proteccion-hacia-los-homosexuales-es-motivo-para-solicitar-asilo\/","url":"https:\/\/www.pressenza.com\/es\/2019\/04\/el-tribunal-de-casacion-la-falta-de-proteccion-hacia-los-homosexuales-es-motivo-para-solicitar-asilo\/","name":"El Tribunal de Casaci\u00f3n: la falta de protecci\u00f3n hacia los homosexuales es motivo para solicitar asilo","isPartOf":{"@id":"https:\/\/www.pressenza.com\/es\/#website"},"primaryImageOfPage":{"@id":"https:\/\/www.pressenza.com\/es\/2019\/04\/el-tribunal-de-casacion-la-falta-de-proteccion-hacia-los-homosexuales-es-motivo-para-solicitar-asilo\/#primaryimage"},"image":{"@id":"https:\/\/www.pressenza.com\/es\/2019\/04\/el-tribunal-de-casacion-la-falta-de-proteccion-hacia-los-homosexuales-es-motivo-para-solicitar-asilo\/#primaryimage"},"thumbnailUrl":"https:\/\/www.pressenza.com\/wp-content\/uploads\/2019\/04\/italia_lgbti.jpg","datePublished":"2019-04-26T01:59:49+00:00","description":"Ya se pueden escuchar los gritos: \u00a1dejemos entrar a todos! La sentencia dictada ayer por el Tribunal de Casaci\u00f3n dice otra cosa: antes de denegar el","breadcrumb":{"@id":"https:\/\/www.pressenza.com\/es\/2019\/04\/el-tribunal-de-casacion-la-falta-de-proteccion-hacia-los-homosexuales-es-motivo-para-solicitar-asilo\/#breadcrumb"},"inLanguage":"es","potentialAction":[{"@type":"ReadAction","target":["https:\/\/www.pressenza.com\/es\/2019\/04\/el-tribunal-de-casacion-la-falta-de-proteccion-hacia-los-homosexuales-es-motivo-para-solicitar-asilo\/"]}]},{"@type":"ImageObject","inLanguage":"es","@id":"https:\/\/www.pressenza.com\/es\/2019\/04\/el-tribunal-de-casacion-la-falta-de-proteccion-hacia-los-homosexuales-es-motivo-para-solicitar-asilo\/#primaryimage","url":"https:\/\/www.pressenza.com\/wp-content\/uploads\/2019\/04\/italia_lgbti.jpg","contentUrl":"https:\/\/www.pressenza.com\/wp-content\/uploads\/2019\/04\/italia_lgbti.jpg","width":1920,"height":900,"caption":"La Corte di Cassazione: mancata protezione degli omosessuali \u00e8 motivo per asilo"},{"@type":"BreadcrumbList","@id":"https:\/\/www.pressenza.com\/es\/2019\/04\/el-tribunal-de-casacion-la-falta-de-proteccion-hacia-los-homosexuales-es-motivo-para-solicitar-asilo\/#breadcrumb","itemListElement":[{"@type":"ListItem","position":1,"name":"Accueil","item":"https:\/\/www.pressenza.com\/es\/"},{"@type":"ListItem","position":2,"name":"El Tribunal de Casaci\u00f3n: la falta de protecci\u00f3n hacia los homosexuales es motivo para solicitar asilo"}]},{"@type":"WebSite","@id":"https:\/\/www.pressenza.com\/es\/#website","url":"https:\/\/www.pressenza.com\/es\/","name":"Pressenza","description":"International Press Agency","publisher":{"@id":"https:\/\/www.pressenza.com\/es\/#organization"},"potentialAction":[{"@type":"SearchAction","target":{"@type":"EntryPoint","urlTemplate":"https:\/\/www.pressenza.com\/es\/?s={search_term_string}"},"query-input":{"@type":"PropertyValueSpecification","valueRequired":true,"valueName":"search_term_string"}}],"inLanguage":"es"},{"@type":"Organization","@id":"https:\/\/www.pressenza.com\/es\/#organization","name":"Pressenza","url":"https:\/\/www.pressenza.com\/es\/","logo":{"@type":"ImageObject","inLanguage":"es","@id":"https:\/\/www.pressenza.com\/es\/#\/schema\/logo\/image\/","url":"https:\/\/www.pressenza.com\/wp-content\/uploads\/2022\/10\/pressenza_logo_200x200.jpg","contentUrl":"https:\/\/www.pressenza.com\/wp-content\/uploads\/2022\/10\/pressenza_logo_200x200.jpg","width":200,"height":200,"caption":"Pressenza"},"image":{"@id":"https:\/\/www.pressenza.com\/es\/#\/schema\/logo\/image\/"},"sameAs":["https:\/\/www.facebook.com\/PressenzaItalia","https:\/\/x.com\/PressenzaIPA"]},{"@type":"Person","@id":"https:\/\/www.pressenza.com\/es\/#\/schema\/person\/8f342cd59f9d5aae911255240684f81e","name":"Riccardo Noury","sameAs":["http:\/\/www.amnesty.it\/","https:\/\/www.facebook.com\/p\/Riccardo-Noury-100041166531808\/","https:\/\/www.instagram.com\/riccardonoury9241","https:\/\/x.com\/riccardonoury"],"url":"https:\/\/www.pressenza.com\/es\/author\/riccardo-noury\/"}]}},"place":"","original_article_url":"","_links":{"self":[{"href":"https:\/\/www.pressenza.com\/es\/wp-json\/wp\/v2\/posts\/846589","targetHints":{"allow":["GET"]}}],"collection":[{"href":"https:\/\/www.pressenza.com\/es\/wp-json\/wp\/v2\/posts"}],"about":[{"href":"https:\/\/www.pressenza.com\/es\/wp-json\/wp\/v2\/types\/post"}],"author":[{"embeddable":true,"href":"https:\/\/www.pressenza.com\/es\/wp-json\/wp\/v2\/users\/1334"}],"replies":[{"embeddable":true,"href":"https:\/\/www.pressenza.com\/es\/wp-json\/wp\/v2\/comments?post=846589"}],"version-history":[{"count":0,"href":"https:\/\/www.pressenza.com\/es\/wp-json\/wp\/v2\/posts\/846589\/revisions"}],"wp:featuredmedia":[{"embeddable":true,"href":"https:\/\/www.pressenza.com\/es\/wp-json\/wp\/v2\/media\/845318"}],"wp:attachment":[{"href":"https:\/\/www.pressenza.com\/es\/wp-json\/wp\/v2\/media?parent=846589"}],"wp:term":[{"taxonomy":"category","embeddable":true,"href":"https:\/\/www.pressenza.com\/es\/wp-json\/wp\/v2\/categories?post=846589"},{"taxonomy":"post_tag","embeddable":true,"href":"https:\/\/www.pressenza.com\/es\/wp-json\/wp\/v2\/tags?post=846589"}],"curies":[{"name":"wp","href":"https:\/\/api.w.org\/{rel}","templated":true}]}}