{"id":845921,"date":"2019-04-24T22:49:32","date_gmt":"2019-04-24T21:49:32","guid":{"rendered":"https:\/\/www.pressenza.com\/?p=845921"},"modified":"2019-04-24T22:49:32","modified_gmt":"2019-04-24T21:49:32","slug":"ninos-africanos-recibiran-la-primera-vacuna-contra-la-malaria","status":"publish","type":"post","link":"https:\/\/www.pressenza.com\/es\/2019\/04\/ninos-africanos-recibiran-la-primera-vacuna-contra-la-malaria\/","title":{"rendered":"Ni\u00f1os africanos recibir\u00e1n la primera vacuna contra la malaria"},"content":{"rendered":"<p>Por Nathaly Barazarte Daza \/ El Ciudadano<\/p>\n<p>Alrededor de\u00a0360.000 ni\u00f1os de tres pa\u00edses africanos recibir\u00e1n la primera vacuna contra la malaria en el mundo, as\u00ed lo inform\u00f3 este martes 23 de abril la Organizaci\u00f3n Muncial de la Salud (OMS).<\/p>\n<p>La colocaci\u00f3n de estas dosis forma parte de\u00a0un plan piloto que ya inici\u00f3 en Malawia con ni\u00f1os menores de dos a\u00f1os\u00a0y en las pr\u00f3ximas semanas comenzar\u00e1 en Kenya y Ghana. En dos a\u00f1os esperan llevarla a otras naciones.<\/p>\n<p>La OMS inform\u00f3 que\u00a0la inmunizaci\u00f3n ofrece protecci\u00f3n parcial contra la enfermedad, y detallaron que los ensayos cl\u00ednicos demostraron que la vacuna previno aproximadamente cuatro de cada 10 casos de malaria.<\/p>\n<p>\u201cHemos visto enormes avances con los mosquiteros y otras medidas para controlar la malaria en los \u00faltimos 15 a\u00f1os, pero el progreso se ha estancado e incluso ha retrocedido en algunas \u00e1reas.\u00a0Necesitamos nuevas soluciones para que la respuesta a la malaria vuelva a encaminarse, y esta vacuna es una herramienta prometedora para llegar ah\u00ed\u201d, dijo en un comunicado Tedros Adhanom Ghebreyesus, director general de la OMS.<\/p>\n<p><img loading=\"lazy\" decoding=\"async\" class=\"aligncenter size-full wp-image-845931\" src=\"https:\/\/www.pressenza.com\/wp-content\/uploads\/2019\/04\/mosquitero-malaria.jpg\" alt=\"\" width=\"696\" height=\"463\" srcset=\"https:\/\/www.pressenza.com\/wp-content\/uploads\/2019\/04\/mosquitero-malaria.jpg 696w, https:\/\/www.pressenza.com\/wp-content\/uploads\/2019\/04\/mosquitero-malaria-300x200.jpg 300w\" sizes=\"auto, (max-width: 696px) 100vw, 696px\" \/><\/p>\n<h4>Vacuna dif\u00edcil<\/h4>\n<p>El epidemi\u00f3logo espa\u00f1ol Pedro Alonso asegur\u00f3 que la dificultad en la fabricaci\u00f3n de esta vacuna est\u00e1 en que\u00a0se trata de una enfermedad causada por un par\u00e1sito, un organismo m\u00e1s complejo que las bacterias y virus.<\/p>\n<p>\u201cEs de una eficacia moderada,\u00a0no es una vacuna perfecta, pero eso nos recuerda que se trata de una enfermedad muy compleja\u00a0que, a pesar de las enormes inversiones de los \u00faltimos tiempos,\u00a0sigue matando a m\u00e1s de 400.000 personas cada a\u00f1o\u201c, explic\u00f3 el tambi\u00e9n el director del Programa Global contra la Malaria de la OMS.<\/p>\n<p>\u00c9sta no es la primera vacuna desarrollada contra la malaria, pero s\u00ed es pionera en su distribuci\u00f3n rutinaria a nivel nacional,\u00a0los ni\u00f1os recibir\u00e1n cuatro dosis desde los cinco meses hasta los dos a\u00f1os. Adem\u00e1s, fue evaluada por la Agencia Europea del Medicamento y los m\u00e1ximos comit\u00e9s asesores de la OMS.<\/p>\n<p>La malaria o paludismo es propagada por el mosquito anofeles,\u00a0se trata de una enfermedad end\u00e9mica en m\u00e1s de 80 pa\u00edses, alrededor del 40 % de la poblaci\u00f3n mundial.<\/p>\n<p>\u00c1frica es la regi\u00f3n m\u00e1s afectada por esta enfermedad, pues en ese continente\u00a0mueren cada a\u00f1o unos 250.000 ni\u00f1os por su causa, mientras en Latinoam\u00e9rica tambi\u00e9n existen regiones end\u00e9micas.<\/p>\n<p>&nbsp;<\/p>\n","protected":false},"excerpt":{"rendered":"<p>Por Nathaly Barazarte Daza \/ El Ciudadano Alrededor de\u00a0360.000 ni\u00f1os de tres pa\u00edses africanos recibir\u00e1n la primera vacuna contra la malaria en el mundo, as\u00ed lo inform\u00f3 este martes 23 de abril la Organizaci\u00f3n Muncial de la Salud (OMS). La&hellip;<\/p>\n","protected":false},"author":616,"featured_media":845922,"comment_status":"closed","ping_status":"closed","sticky":false,"template":"","format":"standard","meta":{"footnotes":""},"categories":[64,1239],"tags":[16510,14716,12195,31073],"class_list":["post-845921","post","type-post","status-publish","format-standard","has-post-thumbnail","hentry","category-africa-es","category-salud","tag-africa-es","tag-malaria-es","tag-oms-es","tag-vacunas"],"yoast_head":"<!-- This site is optimized with the Yoast SEO plugin v27.1.1 - https:\/\/yoast.com\/product\/yoast-seo-wordpress\/ -->\n<title>Ni\u00f1os africanos recibir\u00e1n la primera vacuna contra la malaria<\/title>\n<meta name=\"description\" content=\"Por Nathaly Barazarte Daza \/ El Ciudadano Alrededor de\u00a0360.000 ni\u00f1os de tres pa\u00edses africanos recibir\u00e1n la primera vacuna contra la malaria en el mundo,\" \/>\n<meta name=\"robots\" content=\"index, follow, max-snippet:-1, max-image-preview:large, max-video-preview:-1\" \/>\n<link rel=\"canonical\" href=\"https:\/\/www.pressenza.com\/es\/2019\/04\/ninos-africanos-recibiran-la-primera-vacuna-contra-la-malaria\/\" \/>\n<meta property=\"og:locale\" content=\"es_ES\" \/>\n<meta property=\"og:type\" content=\"article\" \/>\n<meta property=\"og:title\" content=\"Ni\u00f1os africanos recibir\u00e1n la primera vacuna contra la malaria\" \/>\n<meta property=\"og:description\" content=\"Por Nathaly Barazarte Daza \/ El Ciudadano Alrededor de\u00a0360.000 ni\u00f1os de tres pa\u00edses africanos recibir\u00e1n la primera vacuna contra la malaria en el mundo,\" \/>\n<meta property=\"og:url\" content=\"https:\/\/www.pressenza.com\/es\/2019\/04\/ninos-africanos-recibiran-la-primera-vacuna-contra-la-malaria\/\" \/>\n<meta property=\"og:site_name\" content=\"Pressenza\" \/>\n<meta property=\"article:publisher\" content=\"https:\/\/www.facebook.com\/PressenzaItalia\" \/>\n<meta property=\"article:published_time\" content=\"2019-04-24T21:49:32+00:00\" \/>\n<meta property=\"og:image\" content=\"https:\/\/www.pressenza.com\/wp-content\/uploads\/2019\/04\/Malaria.jpg\" \/>\n\t<meta property=\"og:image:width\" content=\"660\" \/>\n\t<meta property=\"og:image:height\" content=\"300\" \/>\n\t<meta property=\"og:image:type\" content=\"image\/jpeg\" \/>\n<meta name=\"author\" content=\"El Ciudadano\" \/>\n<meta name=\"twitter:card\" content=\"summary_large_image\" \/>\n<meta name=\"twitter:creator\" content=\"@PressenzaIPA\" \/>\n<meta name=\"twitter:site\" content=\"@PressenzaIPA\" \/>\n<meta name=\"twitter:label1\" content=\"Escrito por\" \/>\n\t<meta name=\"twitter:data1\" content=\"El Ciudadano\" \/>\n\t<meta name=\"twitter:label2\" content=\"Tiempo de lectura\" \/>\n\t<meta name=\"twitter:data2\" content=\"2 minutos\" \/>\n<script type=\"application\/ld+json\" class=\"yoast-schema-graph\">{\"@context\":\"https:\/\/schema.org\",\"@graph\":[{\"@type\":\"Article\",\"@id\":\"https:\/\/www.pressenza.com\/es\/2019\/04\/ninos-africanos-recibiran-la-primera-vacuna-contra-la-malaria\/#article\",\"isPartOf\":{\"@id\":\"https:\/\/www.pressenza.com\/es\/2019\/04\/ninos-africanos-recibiran-la-primera-vacuna-contra-la-malaria\/\"},\"author\":{\"name\":\"El Ciudadano\",\"@id\":\"https:\/\/www.pressenza.com\/es\/#\/schema\/person\/6522eecb4cd68e074b27e251e4b04ef8\"},\"headline\":\"Ni\u00f1os africanos recibir\u00e1n la primera vacuna contra la malaria\",\"datePublished\":\"2019-04-24T21:49:32+00:00\",\"mainEntityOfPage\":{\"@id\":\"https:\/\/www.pressenza.com\/es\/2019\/04\/ninos-africanos-recibiran-la-primera-vacuna-contra-la-malaria\/\"},\"wordCount\":423,\"publisher\":{\"@id\":\"https:\/\/www.pressenza.com\/es\/#organization\"},\"image\":{\"@id\":\"https:\/\/www.pressenza.com\/es\/2019\/04\/ninos-africanos-recibiran-la-primera-vacuna-contra-la-malaria\/#primaryimage\"},\"thumbnailUrl\":\"https:\/\/www.pressenza.com\/wp-content\/uploads\/2019\/04\/Malaria.jpg\",\"keywords\":[\"Africa\",\"Malaria\",\"OMS\",\"Vacunas\"],\"articleSection\":[\"Africa\",\"Salud\"],\"inLanguage\":\"es\"},{\"@type\":\"WebPage\",\"@id\":\"https:\/\/www.pressenza.com\/es\/2019\/04\/ninos-africanos-recibiran-la-primera-vacuna-contra-la-malaria\/\",\"url\":\"https:\/\/www.pressenza.com\/es\/2019\/04\/ninos-africanos-recibiran-la-primera-vacuna-contra-la-malaria\/\",\"name\":\"Ni\u00f1os africanos recibir\u00e1n la primera vacuna contra la malaria\",\"isPartOf\":{\"@id\":\"https:\/\/www.pressenza.com\/es\/#website\"},\"primaryImageOfPage\":{\"@id\":\"https:\/\/www.pressenza.com\/es\/2019\/04\/ninos-africanos-recibiran-la-primera-vacuna-contra-la-malaria\/#primaryimage\"},\"image\":{\"@id\":\"https:\/\/www.pressenza.com\/es\/2019\/04\/ninos-africanos-recibiran-la-primera-vacuna-contra-la-malaria\/#primaryimage\"},\"thumbnailUrl\":\"https:\/\/www.pressenza.com\/wp-content\/uploads\/2019\/04\/Malaria.jpg\",\"datePublished\":\"2019-04-24T21:49:32+00:00\",\"description\":\"Por Nathaly Barazarte Daza \/ El Ciudadano Alrededor de\u00a0360.000 ni\u00f1os de tres pa\u00edses africanos recibir\u00e1n la primera vacuna contra la malaria en el mundo,\",\"breadcrumb\":{\"@id\":\"https:\/\/www.pressenza.com\/es\/2019\/04\/ninos-africanos-recibiran-la-primera-vacuna-contra-la-malaria\/#breadcrumb\"},\"inLanguage\":\"es\",\"potentialAction\":[{\"@type\":\"ReadAction\",\"target\":[\"https:\/\/www.pressenza.com\/es\/2019\/04\/ninos-africanos-recibiran-la-primera-vacuna-contra-la-malaria\/\"]}]},{\"@type\":\"ImageObject\",\"inLanguage\":\"es\",\"@id\":\"https:\/\/www.pressenza.com\/es\/2019\/04\/ninos-africanos-recibiran-la-primera-vacuna-contra-la-malaria\/#primaryimage\",\"url\":\"https:\/\/www.pressenza.com\/wp-content\/uploads\/2019\/04\/Malaria.jpg\",\"contentUrl\":\"https:\/\/www.pressenza.com\/wp-content\/uploads\/2019\/04\/Malaria.jpg\",\"width\":660,\"height\":300},{\"@type\":\"BreadcrumbList\",\"@id\":\"https:\/\/www.pressenza.com\/es\/2019\/04\/ninos-africanos-recibiran-la-primera-vacuna-contra-la-malaria\/#breadcrumb\",\"itemListElement\":[{\"@type\":\"ListItem\",\"position\":1,\"name\":\"Accueil\",\"item\":\"https:\/\/www.pressenza.com\/es\/\"},{\"@type\":\"ListItem\",\"position\":2,\"name\":\"Ni\u00f1os africanos recibir\u00e1n la primera vacuna contra la malaria\"}]},{\"@type\":\"WebSite\",\"@id\":\"https:\/\/www.pressenza.com\/es\/#website\",\"url\":\"https:\/\/www.pressenza.com\/es\/\",\"name\":\"Pressenza\",\"description\":\"International Press Agency\",\"publisher\":{\"@id\":\"https:\/\/www.pressenza.com\/es\/#organization\"},\"potentialAction\":[{\"@type\":\"SearchAction\",\"target\":{\"@type\":\"EntryPoint\",\"urlTemplate\":\"https:\/\/www.pressenza.com\/es\/?s={search_term_string}\"},\"query-input\":{\"@type\":\"PropertyValueSpecification\",\"valueRequired\":true,\"valueName\":\"search_term_string\"}}],\"inLanguage\":\"es\"},{\"@type\":\"Organization\",\"@id\":\"https:\/\/www.pressenza.com\/es\/#organization\",\"name\":\"Pressenza\",\"url\":\"https:\/\/www.pressenza.com\/es\/\",\"logo\":{\"@type\":\"ImageObject\",\"inLanguage\":\"es\",\"@id\":\"https:\/\/www.pressenza.com\/es\/#\/schema\/logo\/image\/\",\"url\":\"https:\/\/www.pressenza.com\/wp-content\/uploads\/2022\/10\/pressenza_logo_200x200.jpg\",\"contentUrl\":\"https:\/\/www.pressenza.com\/wp-content\/uploads\/2022\/10\/pressenza_logo_200x200.jpg\",\"width\":200,\"height\":200,\"caption\":\"Pressenza\"},\"image\":{\"@id\":\"https:\/\/www.pressenza.com\/es\/#\/schema\/logo\/image\/\"},\"sameAs\":[\"https:\/\/www.facebook.com\/PressenzaItalia\",\"https:\/\/x.com\/PressenzaIPA\"]},{\"@type\":\"Person\",\"@id\":\"https:\/\/www.pressenza.com\/es\/#\/schema\/person\/6522eecb4cd68e074b27e251e4b04ef8\",\"name\":\"El Ciudadano\",\"description\":\"El Ciudadano es un medio de comunicaci\u00f3n de circulaci\u00f3n mensual en papel y de funcionamiento diario en la web. Forma parte de la Red de Medios de los Pueblos por lo que se declara como un medio del Tercer Sector para romper el cerco informativo. El Ciudadano es una publicaci\u00f3n que busca elevar desde lo local a lo global las demandas de la organizaci\u00f3n social chilena como tambi\u00e9n promover la acci\u00f3n directa de la ciudadan\u00eda por su derecho a autodeterminaci\u00f3n. elciudadano.cl\",\"url\":\"https:\/\/www.pressenza.com\/es\/author\/el-ciudadano\/\"}]}<\/script>\n<!-- \/ Yoast SEO plugin. -->","yoast_head_json":{"title":"Ni\u00f1os africanos recibir\u00e1n la primera vacuna contra la malaria","description":"Por Nathaly Barazarte Daza \/ El Ciudadano Alrededor de\u00a0360.000 ni\u00f1os de tres pa\u00edses africanos recibir\u00e1n la primera vacuna contra la malaria en el mundo,","robots":{"index":"index","follow":"follow","max-snippet":"max-snippet:-1","max-image-preview":"max-image-preview:large","max-video-preview":"max-video-preview:-1"},"canonical":"https:\/\/www.pressenza.com\/es\/2019\/04\/ninos-africanos-recibiran-la-primera-vacuna-contra-la-malaria\/","og_locale":"es_ES","og_type":"article","og_title":"Ni\u00f1os africanos recibir\u00e1n la primera vacuna contra la malaria","og_description":"Por Nathaly Barazarte Daza \/ El Ciudadano Alrededor de\u00a0360.000 ni\u00f1os de tres pa\u00edses africanos recibir\u00e1n la primera vacuna contra la malaria en el mundo,","og_url":"https:\/\/www.pressenza.com\/es\/2019\/04\/ninos-africanos-recibiran-la-primera-vacuna-contra-la-malaria\/","og_site_name":"Pressenza","article_publisher":"https:\/\/www.facebook.com\/PressenzaItalia","article_published_time":"2019-04-24T21:49:32+00:00","og_image":[{"width":660,"height":300,"url":"https:\/\/www.pressenza.com\/wp-content\/uploads\/2019\/04\/Malaria.jpg","type":"image\/jpeg"}],"author":"El Ciudadano","twitter_card":"summary_large_image","twitter_creator":"@PressenzaIPA","twitter_site":"@PressenzaIPA","twitter_misc":{"Escrito por":"El Ciudadano","Tiempo de lectura":"2 minutos"},"schema":{"@context":"https:\/\/schema.org","@graph":[{"@type":"Article","@id":"https:\/\/www.pressenza.com\/es\/2019\/04\/ninos-africanos-recibiran-la-primera-vacuna-contra-la-malaria\/#article","isPartOf":{"@id":"https:\/\/www.pressenza.com\/es\/2019\/04\/ninos-africanos-recibiran-la-primera-vacuna-contra-la-malaria\/"},"author":{"name":"El Ciudadano","@id":"https:\/\/www.pressenza.com\/es\/#\/schema\/person\/6522eecb4cd68e074b27e251e4b04ef8"},"headline":"Ni\u00f1os africanos recibir\u00e1n la primera vacuna contra la malaria","datePublished":"2019-04-24T21:49:32+00:00","mainEntityOfPage":{"@id":"https:\/\/www.pressenza.com\/es\/2019\/04\/ninos-africanos-recibiran-la-primera-vacuna-contra-la-malaria\/"},"wordCount":423,"publisher":{"@id":"https:\/\/www.pressenza.com\/es\/#organization"},"image":{"@id":"https:\/\/www.pressenza.com\/es\/2019\/04\/ninos-africanos-recibiran-la-primera-vacuna-contra-la-malaria\/#primaryimage"},"thumbnailUrl":"https:\/\/www.pressenza.com\/wp-content\/uploads\/2019\/04\/Malaria.jpg","keywords":["Africa","Malaria","OMS","Vacunas"],"articleSection":["Africa","Salud"],"inLanguage":"es"},{"@type":"WebPage","@id":"https:\/\/www.pressenza.com\/es\/2019\/04\/ninos-africanos-recibiran-la-primera-vacuna-contra-la-malaria\/","url":"https:\/\/www.pressenza.com\/es\/2019\/04\/ninos-africanos-recibiran-la-primera-vacuna-contra-la-malaria\/","name":"Ni\u00f1os africanos recibir\u00e1n la primera vacuna contra la malaria","isPartOf":{"@id":"https:\/\/www.pressenza.com\/es\/#website"},"primaryImageOfPage":{"@id":"https:\/\/www.pressenza.com\/es\/2019\/04\/ninos-africanos-recibiran-la-primera-vacuna-contra-la-malaria\/#primaryimage"},"image":{"@id":"https:\/\/www.pressenza.com\/es\/2019\/04\/ninos-africanos-recibiran-la-primera-vacuna-contra-la-malaria\/#primaryimage"},"thumbnailUrl":"https:\/\/www.pressenza.com\/wp-content\/uploads\/2019\/04\/Malaria.jpg","datePublished":"2019-04-24T21:49:32+00:00","description":"Por Nathaly Barazarte Daza \/ El Ciudadano Alrededor de\u00a0360.000 ni\u00f1os de tres pa\u00edses africanos recibir\u00e1n la primera vacuna contra la malaria en el mundo,","breadcrumb":{"@id":"https:\/\/www.pressenza.com\/es\/2019\/04\/ninos-africanos-recibiran-la-primera-vacuna-contra-la-malaria\/#breadcrumb"},"inLanguage":"es","potentialAction":[{"@type":"ReadAction","target":["https:\/\/www.pressenza.com\/es\/2019\/04\/ninos-africanos-recibiran-la-primera-vacuna-contra-la-malaria\/"]}]},{"@type":"ImageObject","inLanguage":"es","@id":"https:\/\/www.pressenza.com\/es\/2019\/04\/ninos-africanos-recibiran-la-primera-vacuna-contra-la-malaria\/#primaryimage","url":"https:\/\/www.pressenza.com\/wp-content\/uploads\/2019\/04\/Malaria.jpg","contentUrl":"https:\/\/www.pressenza.com\/wp-content\/uploads\/2019\/04\/Malaria.jpg","width":660,"height":300},{"@type":"BreadcrumbList","@id":"https:\/\/www.pressenza.com\/es\/2019\/04\/ninos-africanos-recibiran-la-primera-vacuna-contra-la-malaria\/#breadcrumb","itemListElement":[{"@type":"ListItem","position":1,"name":"Accueil","item":"https:\/\/www.pressenza.com\/es\/"},{"@type":"ListItem","position":2,"name":"Ni\u00f1os africanos recibir\u00e1n la primera vacuna contra la malaria"}]},{"@type":"WebSite","@id":"https:\/\/www.pressenza.com\/es\/#website","url":"https:\/\/www.pressenza.com\/es\/","name":"Pressenza","description":"International Press Agency","publisher":{"@id":"https:\/\/www.pressenza.com\/es\/#organization"},"potentialAction":[{"@type":"SearchAction","target":{"@type":"EntryPoint","urlTemplate":"https:\/\/www.pressenza.com\/es\/?s={search_term_string}"},"query-input":{"@type":"PropertyValueSpecification","valueRequired":true,"valueName":"search_term_string"}}],"inLanguage":"es"},{"@type":"Organization","@id":"https:\/\/www.pressenza.com\/es\/#organization","name":"Pressenza","url":"https:\/\/www.pressenza.com\/es\/","logo":{"@type":"ImageObject","inLanguage":"es","@id":"https:\/\/www.pressenza.com\/es\/#\/schema\/logo\/image\/","url":"https:\/\/www.pressenza.com\/wp-content\/uploads\/2022\/10\/pressenza_logo_200x200.jpg","contentUrl":"https:\/\/www.pressenza.com\/wp-content\/uploads\/2022\/10\/pressenza_logo_200x200.jpg","width":200,"height":200,"caption":"Pressenza"},"image":{"@id":"https:\/\/www.pressenza.com\/es\/#\/schema\/logo\/image\/"},"sameAs":["https:\/\/www.facebook.com\/PressenzaItalia","https:\/\/x.com\/PressenzaIPA"]},{"@type":"Person","@id":"https:\/\/www.pressenza.com\/es\/#\/schema\/person\/6522eecb4cd68e074b27e251e4b04ef8","name":"El Ciudadano","description":"El Ciudadano es un medio de comunicaci\u00f3n de circulaci\u00f3n mensual en papel y de funcionamiento diario en la web. Forma parte de la Red de Medios de los Pueblos por lo que se declara como un medio del Tercer Sector para romper el cerco informativo. El Ciudadano es una publicaci\u00f3n que busca elevar desde lo local a lo global las demandas de la organizaci\u00f3n social chilena como tambi\u00e9n promover la acci\u00f3n directa de la ciudadan\u00eda por su derecho a autodeterminaci\u00f3n. elciudadano.cl","url":"https:\/\/www.pressenza.com\/es\/author\/el-ciudadano\/"}]}},"place":"","original_article_url":"https:\/\/www.elciudadano.cl\/salud\/ninos-africanos-recibiran-la-primera-vacuna-contra-la-malaria\/04\/24\/","_links":{"self":[{"href":"https:\/\/www.pressenza.com\/es\/wp-json\/wp\/v2\/posts\/845921","targetHints":{"allow":["GET"]}}],"collection":[{"href":"https:\/\/www.pressenza.com\/es\/wp-json\/wp\/v2\/posts"}],"about":[{"href":"https:\/\/www.pressenza.com\/es\/wp-json\/wp\/v2\/types\/post"}],"author":[{"embeddable":true,"href":"https:\/\/www.pressenza.com\/es\/wp-json\/wp\/v2\/users\/616"}],"replies":[{"embeddable":true,"href":"https:\/\/www.pressenza.com\/es\/wp-json\/wp\/v2\/comments?post=845921"}],"version-history":[{"count":0,"href":"https:\/\/www.pressenza.com\/es\/wp-json\/wp\/v2\/posts\/845921\/revisions"}],"wp:featuredmedia":[{"embeddable":true,"href":"https:\/\/www.pressenza.com\/es\/wp-json\/wp\/v2\/media\/845922"}],"wp:attachment":[{"href":"https:\/\/www.pressenza.com\/es\/wp-json\/wp\/v2\/media?parent=845921"}],"wp:term":[{"taxonomy":"category","embeddable":true,"href":"https:\/\/www.pressenza.com\/es\/wp-json\/wp\/v2\/categories?post=845921"},{"taxonomy":"post_tag","embeddable":true,"href":"https:\/\/www.pressenza.com\/es\/wp-json\/wp\/v2\/tags?post=845921"}],"curies":[{"name":"wp","href":"https:\/\/api.w.org\/{rel}","templated":true}]}}