{"id":844532,"date":"2019-04-21T22:01:18","date_gmt":"2019-04-21T21:01:18","guid":{"rendered":"https:\/\/www.pressenza.com\/?p=844532"},"modified":"2019-04-21T22:01:18","modified_gmt":"2019-04-21T21:01:18","slug":"sesenta-y-dos-activistas-arrestados-tras-sentada-pacifica-de-rebelion-contra-la-extincion-en-nueva-york","status":"publish","type":"post","link":"https:\/\/www.pressenza.com\/es\/2019\/04\/sesenta-y-dos-activistas-arrestados-tras-sentada-pacifica-de-rebelion-contra-la-extincion-en-nueva-york\/","title":{"rendered":"Sesenta y dos activistas arrestados tras sentada pac\u00edfica de Rebeli\u00f3n contra la Extinci\u00f3n en Nueva York"},"content":{"rendered":"<h5 class=\"transcript\">Transcripci\u00f3n<\/h5>\n<div class=\"grey_description fine_print\">Esta transcripci\u00f3n es un borrador que puede estar sujeto a cambios.<\/div>\n<div class=\"text\">\n<p>En Nueva York, 62 activistas pertenecientes a la agrupaci\u00f3n Rebeli\u00f3n contra la Extinci\u00f3n (\u201cExtinction Rebellion\u201d en ingl\u00e9s) fueron arrestados tras paralizar el tr\u00e1fico y realizar una sentada pac\u00edfica el mi\u00e9rcoles frente al ayuntamiento. Los manifestantes bloquearon parcialmente el acceso al puente de Brooklyn cuando se acostaron en el suelo fingiendo estar muertos y se treparon a los sem\u00e1foros para exigir medidas radicales para combatir el cambio clim\u00e1tico. Tey Astudillo y Libby Rainey, de Democracy Now!, estuvieron presentes en la manifestaci\u00f3n.<\/p>\n<p><strong>Activistas de Rebeli\u00f3n contra la Extinci\u00f3n<\/strong>: [cantando] \u201cSomos la Tierra. Somos el mar. No dejaremos de crecer hasta que seamos libres\u201d.<\/p>\n<p><strong>Reverenda Chelsea MacMillan<\/strong>: \u201cSoy la reverenda Chelsea MacMillan y esto es Rebeli\u00f3n contra la Extinci\u00f3n. Nos estamos sumando a rebeldes de todo el mundo para alzarnos en contra del cambio clim\u00e1tico. Necesitamos declarar una emergencia clim\u00e1tica y tomar medidas inmediatas para cambiar el curso de la historia humana ahora mismo. [\u2026] Estamos a punto de ser arrestados. Hemos estado bloqueando esta carretera, y estamos aqu\u00ed para demostrarle a la ciudad de Nueva York que hablamos en serio, que debemos hacer algo con respecto al cambio clim\u00e1tico ahora y debemos hacerlo r\u00e1pidamente\u201d.<\/p>\n<p><strong>Activista de Rebeli\u00f3n contra la Extinci\u00f3n 1<\/strong>: \u201c\u00bfPor cu\u00e1nto tiempo vamos a dejar que estos sistemas basados en el lucro nos conduzcan a la extinci\u00f3n? \u00a1Nos quedan menos de 12 a\u00f1os!\u201d.<\/p>\n<p><strong>Activista de Rebeli\u00f3n contra la Extinci\u00f3n 2<\/strong>: \u201cEl clima est\u00e1 en una situaci\u00f3n de emergencia y la mayor\u00eda de la gente no conoce realmente la gravedad de la situaci\u00f3n. Vean videos sobre el cambio clim\u00e1tico\u201d.<\/p>\n<p><strong>Departamento de Polic\u00eda de la Ciudad de Nueva York<\/strong>: \u201cEste es el Departamento de Polic\u00eda de la Ciudad de Nueva York. Ustedes est\u00e1n obstruyendo ilegalmente el tr\u00e1fico de veh\u00edculos en la carretera. Se les ordena que abandonen la carretera y utilicen la acera disponible\u201d.<\/p>\n<p><strong>Eve Mosher<\/strong>: \u201cMi nombre es Eve Mosher y estoy aqu\u00ed con Rebeli\u00f3n contra la Extinci\u00f3n. Estamos aqu\u00ed para que la ciudad de Nueva York y el Gobierno del estado de Nueva York reconozcan que el cambio clim\u00e1tico es el problema m\u00e1s urgente de nuestra era y que deben actuar en consecuencia. La ciencia muestra que debemos hacer reducciones dr\u00e1sticas [de las emisiones de gases de efecto invernadero] y debemos hacerlas ahora, por lo que estamos aqu\u00ed pidiendo que se act\u00fae como\u2026 el alcalde [de Nueva York, Bill] De Blasio ha dicho que esto es una emergencia, y queremos que act\u00fae como si fuera una emergencia. Rebeli\u00f3n contra la Extinci\u00f3n tiene cuatro reclamos. En Estados Unidos reclamamos que el Gobierno y los medios de comunicaci\u00f3n digan la verdad sobre la urgencia del cambio clim\u00e1tico. Les pedimos que act\u00faen ahora para mantener el ecosistema y llevarnos a cero emisiones netas para 2025, lo cual es muy ambicioso. Tambi\u00e9n estamos pidiendo que se hagan asambleas de ciudadanos: no confiamos en que el Gobierno haga esto por su cuenta, necesitamos contar con supervisi\u00f3n de la ciudadan\u00eda. Y en Estados Unidos pedimos una transici\u00f3n justa, que prestemos atenci\u00f3n al hecho de que hemos causado da\u00f1o a comunidades enteras con nuestra econom\u00eda extractiva, y queremos que se haga algo al respecto\u201d.<\/p>\n<p><strong>Ben-Shepard<\/strong>: \u201cSoy Ben Shepard, de Brooklyn, Nueva York. Estamos aqu\u00ed para exigir que el alcalde declare una emergencia clim\u00e1tica. Soy padre de dos ni\u00f1as. Quiero que tengan un futuro en la ciudad de Nueva York, pero parece que estar\u00e1 inundada y bajo el agua a menos que el alcalde declare una emergencia. Estoy preparado para ser arrestado para que mis hijas tengan un futuro. La \u00fanica manera de lograr cambios en este pa\u00eds es si las personas ponen sus vidas en juego\u201d.<\/p>\n<p>El Concejo de la Ciudad de Nueva York aprob\u00f3 este jueves una ley que reducir\u00e1 dr\u00e1sticamente las emisiones de gases de efecto invernadero de los grandes edificios, lo que obligar\u00eda a una reducci\u00f3n del 40% para 2030, la cual aumentar\u00eda al 80% para 2050. Los edificios generan dos tercios de las emisiones de la ciudad de Nueva York, una de las primeras en Estados Unidos en atender la demanda incluida en el \u201cNew Deal Ecol\u00f3gico\u201d de modernizar la totalidad de los edificios existentes a fin de que tengan mayor eficiencia energ\u00e9tica.<\/p>\n<\/div>\n","protected":false},"excerpt":{"rendered":"<p>Transcripci\u00f3n Esta transcripci\u00f3n es un borrador que puede estar sujeto a cambios. En Nueva York, 62 activistas pertenecientes a la agrupaci\u00f3n Rebeli\u00f3n contra la Extinci\u00f3n (\u201cExtinction Rebellion\u201d en ingl\u00e9s) fueron arrestados tras paralizar el tr\u00e1fico y realizar una sentada pac\u00edfica&hellip;<\/p>\n","protected":false},"author":77,"featured_media":844533,"comment_status":"closed","ping_status":"closed","sticky":false,"template":"","format":"standard","meta":{"footnotes":""},"categories":[68],"tags":[526,17361,57913],"class_list":["post-844532","post","type-post","status-publish","format-standard","has-post-thumbnail","hentry","category-norteamerica","tag-manifestacion","tag-nueva-york","tag-rebelion-contra-la-extincion"],"yoast_head":"<!-- This site is optimized with the Yoast SEO plugin v27.1.1 - https:\/\/yoast.com\/product\/yoast-seo-wordpress\/ -->\n<title>Sesenta y dos activistas arrestados tras sentada pac\u00edfica de Rebeli\u00f3n contra la Extinci\u00f3n en Nueva York<\/title>\n<meta name=\"description\" content=\"Transcripci\u00f3n Esta transcripci\u00f3n es un borrador que puede estar sujeto a cambios. En Nueva York, 62 activistas pertenecientes a la agrupaci\u00f3n Rebeli\u00f3n\" \/>\n<meta name=\"robots\" content=\"index, follow, max-snippet:-1, max-image-preview:large, max-video-preview:-1\" \/>\n<link rel=\"canonical\" href=\"https:\/\/www.pressenza.com\/es\/2019\/04\/sesenta-y-dos-activistas-arrestados-tras-sentada-pacifica-de-rebelion-contra-la-extincion-en-nueva-york\/\" \/>\n<meta property=\"og:locale\" content=\"es_ES\" \/>\n<meta property=\"og:type\" content=\"article\" \/>\n<meta property=\"og:title\" content=\"Sesenta y dos activistas arrestados tras sentada pac\u00edfica de Rebeli\u00f3n contra la Extinci\u00f3n en Nueva York\" \/>\n<meta property=\"og:description\" content=\"Transcripci\u00f3n Esta transcripci\u00f3n es un borrador que puede estar sujeto a cambios. En Nueva York, 62 activistas pertenecientes a la agrupaci\u00f3n Rebeli\u00f3n\" \/>\n<meta property=\"og:url\" content=\"https:\/\/www.pressenza.com\/es\/2019\/04\/sesenta-y-dos-activistas-arrestados-tras-sentada-pacifica-de-rebelion-contra-la-extincion-en-nueva-york\/\" \/>\n<meta property=\"og:site_name\" content=\"Pressenza\" \/>\n<meta property=\"article:publisher\" content=\"https:\/\/www.facebook.com\/PressenzaItalia\" \/>\n<meta property=\"article:author\" content=\"https:\/\/www.facebook.com\/democracynow\/?fref=ts\" \/>\n<meta property=\"article:published_time\" content=\"2019-04-21T21:01:18+00:00\" \/>\n<meta property=\"og:image\" content=\"https:\/\/www.pressenza.com\/wp-content\/uploads\/2019\/04\/rebeli\u00f3ncontralaextinci\u00f3nNY.jpg\" \/>\n\t<meta property=\"og:image:width\" content=\"800\" \/>\n\t<meta property=\"og:image:height\" content=\"394\" \/>\n\t<meta property=\"og:image:type\" content=\"image\/jpeg\" \/>\n<meta name=\"author\" content=\"Democracy Now!\" \/>\n<meta name=\"twitter:card\" content=\"summary_large_image\" \/>\n<meta name=\"twitter:creator\" content=\"@democracynow\" \/>\n<meta name=\"twitter:site\" content=\"@PressenzaIPA\" \/>\n<meta name=\"twitter:label1\" content=\"Escrito por\" \/>\n\t<meta name=\"twitter:data1\" content=\"Democracy Now!\" \/>\n\t<meta name=\"twitter:label2\" content=\"Tiempo de lectura\" \/>\n\t<meta name=\"twitter:data2\" content=\"4 minutos\" \/>\n<script type=\"application\/ld+json\" class=\"yoast-schema-graph\">{\"@context\":\"https:\/\/schema.org\",\"@graph\":[{\"@type\":\"Article\",\"@id\":\"https:\/\/www.pressenza.com\/es\/2019\/04\/sesenta-y-dos-activistas-arrestados-tras-sentada-pacifica-de-rebelion-contra-la-extincion-en-nueva-york\/#article\",\"isPartOf\":{\"@id\":\"https:\/\/www.pressenza.com\/es\/2019\/04\/sesenta-y-dos-activistas-arrestados-tras-sentada-pacifica-de-rebelion-contra-la-extincion-en-nueva-york\/\"},\"author\":{\"name\":\"Democracy Now!\",\"@id\":\"https:\/\/www.pressenza.com\/es\/#\/schema\/person\/6dbfa31ebecf081166f6ed11c10f262c\"},\"headline\":\"Sesenta y dos activistas arrestados tras sentada pac\u00edfica de Rebeli\u00f3n contra la Extinci\u00f3n en Nueva York\",\"datePublished\":\"2019-04-21T21:01:18+00:00\",\"mainEntityOfPage\":{\"@id\":\"https:\/\/www.pressenza.com\/es\/2019\/04\/sesenta-y-dos-activistas-arrestados-tras-sentada-pacifica-de-rebelion-contra-la-extincion-en-nueva-york\/\"},\"wordCount\":775,\"publisher\":{\"@id\":\"https:\/\/www.pressenza.com\/es\/#organization\"},\"image\":{\"@id\":\"https:\/\/www.pressenza.com\/es\/2019\/04\/sesenta-y-dos-activistas-arrestados-tras-sentada-pacifica-de-rebelion-contra-la-extincion-en-nueva-york\/#primaryimage\"},\"thumbnailUrl\":\"https:\/\/www.pressenza.com\/wp-content\/uploads\/2019\/04\/rebeli\u00f3ncontralaextinci\u00f3nNY.jpg\",\"keywords\":[\"manifestaci\u00f3n\",\"Nueva York\",\"Rebeli\u00f3n contra la Extinci\u00f3n\"],\"articleSection\":[\"Norteam\u00e9rica\"],\"inLanguage\":\"es\"},{\"@type\":\"WebPage\",\"@id\":\"https:\/\/www.pressenza.com\/es\/2019\/04\/sesenta-y-dos-activistas-arrestados-tras-sentada-pacifica-de-rebelion-contra-la-extincion-en-nueva-york\/\",\"url\":\"https:\/\/www.pressenza.com\/es\/2019\/04\/sesenta-y-dos-activistas-arrestados-tras-sentada-pacifica-de-rebelion-contra-la-extincion-en-nueva-york\/\",\"name\":\"Sesenta y dos activistas arrestados tras sentada pac\u00edfica de Rebeli\u00f3n contra la Extinci\u00f3n en Nueva York\",\"isPartOf\":{\"@id\":\"https:\/\/www.pressenza.com\/es\/#website\"},\"primaryImageOfPage\":{\"@id\":\"https:\/\/www.pressenza.com\/es\/2019\/04\/sesenta-y-dos-activistas-arrestados-tras-sentada-pacifica-de-rebelion-contra-la-extincion-en-nueva-york\/#primaryimage\"},\"image\":{\"@id\":\"https:\/\/www.pressenza.com\/es\/2019\/04\/sesenta-y-dos-activistas-arrestados-tras-sentada-pacifica-de-rebelion-contra-la-extincion-en-nueva-york\/#primaryimage\"},\"thumbnailUrl\":\"https:\/\/www.pressenza.com\/wp-content\/uploads\/2019\/04\/rebeli\u00f3ncontralaextinci\u00f3nNY.jpg\",\"datePublished\":\"2019-04-21T21:01:18+00:00\",\"description\":\"Transcripci\u00f3n Esta transcripci\u00f3n es un borrador que puede estar sujeto a cambios. En Nueva York, 62 activistas pertenecientes a la agrupaci\u00f3n Rebeli\u00f3n\",\"breadcrumb\":{\"@id\":\"https:\/\/www.pressenza.com\/es\/2019\/04\/sesenta-y-dos-activistas-arrestados-tras-sentada-pacifica-de-rebelion-contra-la-extincion-en-nueva-york\/#breadcrumb\"},\"inLanguage\":\"es\",\"potentialAction\":[{\"@type\":\"ReadAction\",\"target\":[\"https:\/\/www.pressenza.com\/es\/2019\/04\/sesenta-y-dos-activistas-arrestados-tras-sentada-pacifica-de-rebelion-contra-la-extincion-en-nueva-york\/\"]}]},{\"@type\":\"ImageObject\",\"inLanguage\":\"es\",\"@id\":\"https:\/\/www.pressenza.com\/es\/2019\/04\/sesenta-y-dos-activistas-arrestados-tras-sentada-pacifica-de-rebelion-contra-la-extincion-en-nueva-york\/#primaryimage\",\"url\":\"https:\/\/www.pressenza.com\/wp-content\/uploads\/2019\/04\/rebeli\u00f3ncontralaextinci\u00f3nNY.jpg\",\"contentUrl\":\"https:\/\/www.pressenza.com\/wp-content\/uploads\/2019\/04\/rebeli\u00f3ncontralaextinci\u00f3nNY.jpg\",\"width\":800,\"height\":394},{\"@type\":\"BreadcrumbList\",\"@id\":\"https:\/\/www.pressenza.com\/es\/2019\/04\/sesenta-y-dos-activistas-arrestados-tras-sentada-pacifica-de-rebelion-contra-la-extincion-en-nueva-york\/#breadcrumb\",\"itemListElement\":[{\"@type\":\"ListItem\",\"position\":1,\"name\":\"Accueil\",\"item\":\"https:\/\/www.pressenza.com\/es\/\"},{\"@type\":\"ListItem\",\"position\":2,\"name\":\"Sesenta y dos activistas arrestados tras sentada pac\u00edfica de Rebeli\u00f3n contra la Extinci\u00f3n en Nueva York\"}]},{\"@type\":\"WebSite\",\"@id\":\"https:\/\/www.pressenza.com\/es\/#website\",\"url\":\"https:\/\/www.pressenza.com\/es\/\",\"name\":\"Pressenza\",\"description\":\"International Press Agency\",\"publisher\":{\"@id\":\"https:\/\/www.pressenza.com\/es\/#organization\"},\"potentialAction\":[{\"@type\":\"SearchAction\",\"target\":{\"@type\":\"EntryPoint\",\"urlTemplate\":\"https:\/\/www.pressenza.com\/es\/?s={search_term_string}\"},\"query-input\":{\"@type\":\"PropertyValueSpecification\",\"valueRequired\":true,\"valueName\":\"search_term_string\"}}],\"inLanguage\":\"es\"},{\"@type\":\"Organization\",\"@id\":\"https:\/\/www.pressenza.com\/es\/#organization\",\"name\":\"Pressenza\",\"url\":\"https:\/\/www.pressenza.com\/es\/\",\"logo\":{\"@type\":\"ImageObject\",\"inLanguage\":\"es\",\"@id\":\"https:\/\/www.pressenza.com\/es\/#\/schema\/logo\/image\/\",\"url\":\"https:\/\/www.pressenza.com\/wp-content\/uploads\/2022\/10\/pressenza_logo_200x200.jpg\",\"contentUrl\":\"https:\/\/www.pressenza.com\/wp-content\/uploads\/2022\/10\/pressenza_logo_200x200.jpg\",\"width\":200,\"height\":200,\"caption\":\"Pressenza\"},\"image\":{\"@id\":\"https:\/\/www.pressenza.com\/es\/#\/schema\/logo\/image\/\"},\"sameAs\":[\"https:\/\/www.facebook.com\/PressenzaItalia\",\"https:\/\/x.com\/PressenzaIPA\"]},{\"@type\":\"Person\",\"@id\":\"https:\/\/www.pressenza.com\/es\/#\/schema\/person\/6dbfa31ebecf081166f6ed11c10f262c\",\"name\":\"Democracy Now!\",\"description\":\"Democracy Now! is a national, daily, independent, award-winning news program hosted by journalists Amy Goodman and Juan Gonzalez. www.democracynow.org\",\"sameAs\":[\"http:\/\/www.democracynow.org\",\"https:\/\/www.facebook.com\/democracynow\/?fref=ts\",\"https:\/\/x.com\/democracynow\"],\"url\":\"https:\/\/www.pressenza.com\/es\/author\/democracy-now\/\"}]}<\/script>\n<!-- \/ Yoast SEO plugin. -->","yoast_head_json":{"title":"Sesenta y dos activistas arrestados tras sentada pac\u00edfica de Rebeli\u00f3n contra la Extinci\u00f3n en Nueva York","description":"Transcripci\u00f3n Esta transcripci\u00f3n es un borrador que puede estar sujeto a cambios. En Nueva York, 62 activistas pertenecientes a la agrupaci\u00f3n Rebeli\u00f3n","robots":{"index":"index","follow":"follow","max-snippet":"max-snippet:-1","max-image-preview":"max-image-preview:large","max-video-preview":"max-video-preview:-1"},"canonical":"https:\/\/www.pressenza.com\/es\/2019\/04\/sesenta-y-dos-activistas-arrestados-tras-sentada-pacifica-de-rebelion-contra-la-extincion-en-nueva-york\/","og_locale":"es_ES","og_type":"article","og_title":"Sesenta y dos activistas arrestados tras sentada pac\u00edfica de Rebeli\u00f3n contra la Extinci\u00f3n en Nueva York","og_description":"Transcripci\u00f3n Esta transcripci\u00f3n es un borrador que puede estar sujeto a cambios. En Nueva York, 62 activistas pertenecientes a la agrupaci\u00f3n Rebeli\u00f3n","og_url":"https:\/\/www.pressenza.com\/es\/2019\/04\/sesenta-y-dos-activistas-arrestados-tras-sentada-pacifica-de-rebelion-contra-la-extincion-en-nueva-york\/","og_site_name":"Pressenza","article_publisher":"https:\/\/www.facebook.com\/PressenzaItalia","article_author":"https:\/\/www.facebook.com\/democracynow\/?fref=ts","article_published_time":"2019-04-21T21:01:18+00:00","og_image":[{"width":800,"height":394,"url":"https:\/\/www.pressenza.com\/wp-content\/uploads\/2019\/04\/rebeli\u00f3ncontralaextinci\u00f3nNY.jpg","type":"image\/jpeg"}],"author":"Democracy Now!","twitter_card":"summary_large_image","twitter_creator":"@democracynow","twitter_site":"@PressenzaIPA","twitter_misc":{"Escrito por":"Democracy Now!","Tiempo de lectura":"4 minutos"},"schema":{"@context":"https:\/\/schema.org","@graph":[{"@type":"Article","@id":"https:\/\/www.pressenza.com\/es\/2019\/04\/sesenta-y-dos-activistas-arrestados-tras-sentada-pacifica-de-rebelion-contra-la-extincion-en-nueva-york\/#article","isPartOf":{"@id":"https:\/\/www.pressenza.com\/es\/2019\/04\/sesenta-y-dos-activistas-arrestados-tras-sentada-pacifica-de-rebelion-contra-la-extincion-en-nueva-york\/"},"author":{"name":"Democracy Now!","@id":"https:\/\/www.pressenza.com\/es\/#\/schema\/person\/6dbfa31ebecf081166f6ed11c10f262c"},"headline":"Sesenta y dos activistas arrestados tras sentada pac\u00edfica de Rebeli\u00f3n contra la Extinci\u00f3n en Nueva York","datePublished":"2019-04-21T21:01:18+00:00","mainEntityOfPage":{"@id":"https:\/\/www.pressenza.com\/es\/2019\/04\/sesenta-y-dos-activistas-arrestados-tras-sentada-pacifica-de-rebelion-contra-la-extincion-en-nueva-york\/"},"wordCount":775,"publisher":{"@id":"https:\/\/www.pressenza.com\/es\/#organization"},"image":{"@id":"https:\/\/www.pressenza.com\/es\/2019\/04\/sesenta-y-dos-activistas-arrestados-tras-sentada-pacifica-de-rebelion-contra-la-extincion-en-nueva-york\/#primaryimage"},"thumbnailUrl":"https:\/\/www.pressenza.com\/wp-content\/uploads\/2019\/04\/rebeli\u00f3ncontralaextinci\u00f3nNY.jpg","keywords":["manifestaci\u00f3n","Nueva York","Rebeli\u00f3n contra la Extinci\u00f3n"],"articleSection":["Norteam\u00e9rica"],"inLanguage":"es"},{"@type":"WebPage","@id":"https:\/\/www.pressenza.com\/es\/2019\/04\/sesenta-y-dos-activistas-arrestados-tras-sentada-pacifica-de-rebelion-contra-la-extincion-en-nueva-york\/","url":"https:\/\/www.pressenza.com\/es\/2019\/04\/sesenta-y-dos-activistas-arrestados-tras-sentada-pacifica-de-rebelion-contra-la-extincion-en-nueva-york\/","name":"Sesenta y dos activistas arrestados tras sentada pac\u00edfica de Rebeli\u00f3n contra la Extinci\u00f3n en Nueva York","isPartOf":{"@id":"https:\/\/www.pressenza.com\/es\/#website"},"primaryImageOfPage":{"@id":"https:\/\/www.pressenza.com\/es\/2019\/04\/sesenta-y-dos-activistas-arrestados-tras-sentada-pacifica-de-rebelion-contra-la-extincion-en-nueva-york\/#primaryimage"},"image":{"@id":"https:\/\/www.pressenza.com\/es\/2019\/04\/sesenta-y-dos-activistas-arrestados-tras-sentada-pacifica-de-rebelion-contra-la-extincion-en-nueva-york\/#primaryimage"},"thumbnailUrl":"https:\/\/www.pressenza.com\/wp-content\/uploads\/2019\/04\/rebeli\u00f3ncontralaextinci\u00f3nNY.jpg","datePublished":"2019-04-21T21:01:18+00:00","description":"Transcripci\u00f3n Esta transcripci\u00f3n es un borrador que puede estar sujeto a cambios. En Nueva York, 62 activistas pertenecientes a la agrupaci\u00f3n Rebeli\u00f3n","breadcrumb":{"@id":"https:\/\/www.pressenza.com\/es\/2019\/04\/sesenta-y-dos-activistas-arrestados-tras-sentada-pacifica-de-rebelion-contra-la-extincion-en-nueva-york\/#breadcrumb"},"inLanguage":"es","potentialAction":[{"@type":"ReadAction","target":["https:\/\/www.pressenza.com\/es\/2019\/04\/sesenta-y-dos-activistas-arrestados-tras-sentada-pacifica-de-rebelion-contra-la-extincion-en-nueva-york\/"]}]},{"@type":"ImageObject","inLanguage":"es","@id":"https:\/\/www.pressenza.com\/es\/2019\/04\/sesenta-y-dos-activistas-arrestados-tras-sentada-pacifica-de-rebelion-contra-la-extincion-en-nueva-york\/#primaryimage","url":"https:\/\/www.pressenza.com\/wp-content\/uploads\/2019\/04\/rebeli\u00f3ncontralaextinci\u00f3nNY.jpg","contentUrl":"https:\/\/www.pressenza.com\/wp-content\/uploads\/2019\/04\/rebeli\u00f3ncontralaextinci\u00f3nNY.jpg","width":800,"height":394},{"@type":"BreadcrumbList","@id":"https:\/\/www.pressenza.com\/es\/2019\/04\/sesenta-y-dos-activistas-arrestados-tras-sentada-pacifica-de-rebelion-contra-la-extincion-en-nueva-york\/#breadcrumb","itemListElement":[{"@type":"ListItem","position":1,"name":"Accueil","item":"https:\/\/www.pressenza.com\/es\/"},{"@type":"ListItem","position":2,"name":"Sesenta y dos activistas arrestados tras sentada pac\u00edfica de Rebeli\u00f3n contra la Extinci\u00f3n en Nueva York"}]},{"@type":"WebSite","@id":"https:\/\/www.pressenza.com\/es\/#website","url":"https:\/\/www.pressenza.com\/es\/","name":"Pressenza","description":"International Press Agency","publisher":{"@id":"https:\/\/www.pressenza.com\/es\/#organization"},"potentialAction":[{"@type":"SearchAction","target":{"@type":"EntryPoint","urlTemplate":"https:\/\/www.pressenza.com\/es\/?s={search_term_string}"},"query-input":{"@type":"PropertyValueSpecification","valueRequired":true,"valueName":"search_term_string"}}],"inLanguage":"es"},{"@type":"Organization","@id":"https:\/\/www.pressenza.com\/es\/#organization","name":"Pressenza","url":"https:\/\/www.pressenza.com\/es\/","logo":{"@type":"ImageObject","inLanguage":"es","@id":"https:\/\/www.pressenza.com\/es\/#\/schema\/logo\/image\/","url":"https:\/\/www.pressenza.com\/wp-content\/uploads\/2022\/10\/pressenza_logo_200x200.jpg","contentUrl":"https:\/\/www.pressenza.com\/wp-content\/uploads\/2022\/10\/pressenza_logo_200x200.jpg","width":200,"height":200,"caption":"Pressenza"},"image":{"@id":"https:\/\/www.pressenza.com\/es\/#\/schema\/logo\/image\/"},"sameAs":["https:\/\/www.facebook.com\/PressenzaItalia","https:\/\/x.com\/PressenzaIPA"]},{"@type":"Person","@id":"https:\/\/www.pressenza.com\/es\/#\/schema\/person\/6dbfa31ebecf081166f6ed11c10f262c","name":"Democracy Now!","description":"Democracy Now! is a national, daily, independent, award-winning news program hosted by journalists Amy Goodman and Juan Gonzalez. www.democracynow.org","sameAs":["http:\/\/www.democracynow.org","https:\/\/www.facebook.com\/democracynow\/?fref=ts","https:\/\/x.com\/democracynow"],"url":"https:\/\/www.pressenza.com\/es\/author\/democracy-now\/"}]}},"place":"","original_article_url":"https:\/\/www.democracynow.org\/es\/2019\/4\/19\/activistas_climaticos_de_rebelion_contra_la","_links":{"self":[{"href":"https:\/\/www.pressenza.com\/es\/wp-json\/wp\/v2\/posts\/844532","targetHints":{"allow":["GET"]}}],"collection":[{"href":"https:\/\/www.pressenza.com\/es\/wp-json\/wp\/v2\/posts"}],"about":[{"href":"https:\/\/www.pressenza.com\/es\/wp-json\/wp\/v2\/types\/post"}],"author":[{"embeddable":true,"href":"https:\/\/www.pressenza.com\/es\/wp-json\/wp\/v2\/users\/77"}],"replies":[{"embeddable":true,"href":"https:\/\/www.pressenza.com\/es\/wp-json\/wp\/v2\/comments?post=844532"}],"version-history":[{"count":0,"href":"https:\/\/www.pressenza.com\/es\/wp-json\/wp\/v2\/posts\/844532\/revisions"}],"wp:featuredmedia":[{"embeddable":true,"href":"https:\/\/www.pressenza.com\/es\/wp-json\/wp\/v2\/media\/844533"}],"wp:attachment":[{"href":"https:\/\/www.pressenza.com\/es\/wp-json\/wp\/v2\/media?parent=844532"}],"wp:term":[{"taxonomy":"category","embeddable":true,"href":"https:\/\/www.pressenza.com\/es\/wp-json\/wp\/v2\/categories?post=844532"},{"taxonomy":"post_tag","embeddable":true,"href":"https:\/\/www.pressenza.com\/es\/wp-json\/wp\/v2\/tags?post=844532"}],"curies":[{"name":"wp","href":"https:\/\/api.w.org\/{rel}","templated":true}]}}