{"id":841249,"date":"2019-04-17T00:28:01","date_gmt":"2019-04-16T23:28:01","guid":{"rendered":"https:\/\/www.pressenza.com\/?p=841249"},"modified":"2019-04-17T08:11:50","modified_gmt":"2019-04-17T07:11:50","slug":"elecciones-en-israel-otra-catastrofe-para-los-palestinos-y-para-israel","status":"publish","type":"post","link":"https:\/\/www.pressenza.com\/es\/2019\/04\/elecciones-en-israel-otra-catastrofe-para-los-palestinos-y-para-israel\/","title":{"rendered":"Elecciones en Israel: otra cat\u00e1strofe para los palestinos -y para Israel"},"content":{"rendered":"<hr \/>\n<p style=\"text-align: center;\"><em><strong>La comunidad internacional necesita respaldar la aut\u00e9ntica labor de las organizaciones que trabajando por la paz y la conciliaci\u00f3n como la \u00fanica forma de transformar el escenario pol\u00edtico en Israel y Palestina.<\/strong><\/em><\/p>\n<p>Tras las elecciones, Netanyahu se encuentra efectuando acuerdos con otros grupos de ultraderecha y ultra- religiosos para formar su quinto gobierno, luego del fracaso de su adversario m\u00e1s cercano Benny Gantz, que al presentarse como alianza de ideolog\u00edas de centro e izquierda; a pesar de sus antecedentes inclinados hacia la derecha, consigui\u00f3 desviar votos de la izquierda real pro- palestina, adem\u00e1s de un boicot parcial de las elecciones por parte de los \u00e1rabes israel\u00edes.<\/p>\n<p>Existe un consenso generalizado de que \u201cla pr\u00f3xima alianza de Israel ser\u00e1 uno de los parlamentos m\u00e1s pro- anexionistas en la historia de la naci\u00f3n\u201d. (<em><a href=\"https:\/\/972mag.com\/israeli-democracy-opposition-annexation\/140995\/\">972<\/a><\/em> Magazine) Con mucho apoyo de su amigo Donald Trump, quien traslad\u00f3 la embajada de los Estados Unidos a Jerusal\u00e9n y aprob\u00f3 la incorporaci\u00f3n de facto de los Altos de Gol\u00e1n (muy poco se encuentra en medios acerca de petr\u00f3leo descubierto ah\u00ed) Netanyahu est\u00e1 consolidando la red de l\u00edderes anti- humanistas (Trump, Bolsonaro, Duterte, Orb\u00e1n, etc) perfeccionando las pol\u00edticas de miedo\/paranoia, discriminaci\u00f3n, antiinmigraci\u00f3n y opresi\u00f3n violenta.<\/p>\n<p>Incorporaciones adicionales de asentamientos en Cisjordania como fue prometido durante la campa\u00f1a, es probable que fortalezcan la condena y el respaldo hacia el BDS (boicot, desinversi\u00f3n y sanciones) tan aborrecido por la derecha jud\u00eda (no realmente \u201csionismo\u201d que se refiere al proyecto para que los jud\u00edos tuviesen una patria y lograran as\u00ed refugiarse de las matanzas y posteriormente del holocausto, con partidarios tanto de la derecha, de la izquierda como los partidarios no jud\u00edos, se ha convertido en un insulto enlazado a las teor\u00edas de conspiraci\u00f3n y los peores tropos antisemitas de la historia. Un an\u00e1lisis apropiado acerca de esto se muestra en la <a href=\"https:\/\/www.bbc.com\/news\/magazine-36160928\">BBC<\/a>, \u201c\u00bfCu\u00e1l es la diferencia entre el antisemitismo y el antisionismo?\u201d. Desafortunadamente, el mismo concluye en que parece dif\u00edcil llegar a un acuerdo con respecto de la relaci\u00f3n existente entre ambos\u201d.<\/p>\n<p>Esta elecci\u00f3n es muy perjudicial para aquellos que habitan en el estado palestino en potencia, no solamente porque consolida el rechazo al derecho de tener su propio pa\u00eds, sino tambi\u00e9n porque proporciona m\u00e1s autoridad a sus componentes m\u00e1s extremistas, tales como <em>I-told-you-so Hamas <\/em>y <em>Yihan Isl\u00e1mica Palestina. <\/em>Posiblemente rechazar\u00e1n reconocer que sus proyectiles han aumentado a\u00fan m\u00e1s el temor que hace que los israel\u00edes voten por Natanyahu, pero este tira y afloja continuo entre los bandos m\u00e1s violentos de ambas partes silencian las opiniones de las partes moderadas y pac\u00edficas. Es tambi\u00e9n muy perjudicial para los \u00e1rabes israel\u00edes, ya que consolida su posici\u00f3n de ciudadanos de segunda clase mediante las leyes del \u201cEstado Jud\u00edo\u201d.<\/p>\n<p>DIANA BUTTUTU, abogada palestina entrevistada en <em><a href=\"https:\/\/www.democracynow.org\/2019\/4\/10\/a_vote_to_maintain_apartheid_israels\">Democracy Now!<\/a><\/em>: \u201cen t\u00e9rminos de la recreaci\u00f3n frente al efecto que hemos visto, esto fue -para los palestinos al menos, una elecci\u00f3n en la que o bien escog\u00edas a Trump o escog\u00edas a Trump. Las posiciones que tomaron tanto Likud como Benny Gantz eran pr\u00e1cticamente indistinguibles, sobre todo en lo que se refiere a los palestinos. Se jactaron de lo mucho que iban a vencer a los palestinos, y luego se llevaron a sus votantes como un resultado. Por lo tanto, no es sorpresivo que veamos este desenlace, dado que realmente ten\u00edamos dos candidatos que se estaban reflejados bastante el uno del otro cuando se trataba de esta elecci\u00f3n. En cuanto a la participaci\u00f3n de los votantes, hubo una serie de variables que influyeron en la baja participaci\u00f3n de los palestinos. Uno de ellos fue el hecho de que algunas personas han elegido ideol\u00f3gicamente el boicot y otro porque exist\u00eda un grado de intimidaci\u00f3n en los votantes, la gente tambi\u00e9n cre\u00eda que sus Mks, miembros de Kn\u00e9set, eran incapaces de cumplir.\u201d<\/p>\n<p>Es tambi\u00e9n negativo para Israel. El analista pol\u00edtico <a href=\"https:\/\/mailchi.mp\/alonben-meir\/writing-alert-the-election-will-obliterate-the-face-of-israel-as-we-know-it?e=c8c6c50b21\">Alon- Ben- Meir<\/a> plantea que \u201cla elecci\u00f3n anular\u00e1 la imagen de Israel tal y como lo conocemos\u201d\u2026 \u201cA diferencia de cualquier gobierno previo de derecha israel\u00ed, la conformaci\u00f3n de un nuevo gobierno bajo el mandato de Netanyahu puede ser sumamente decisivo y trascendental para Israel tal como lo conocemos.\u201d Esto es nada menos que un momento de decisi\u00f3n en la historia de Israel, ya que sus l\u00edderes reaccionarios, diligentes, mesi\u00e1nicos y de extrema derecha prefieren m\u00e1s territorio que la seguridad venidera y prosperidad de Israel, perdiendo su democracia y destrozando el sue\u00f1o centenario de los jud\u00edos de instaurar un hogar independiente, libre, estable y vivir en paz. Es una elecci\u00f3n que ha puesto a Israel en la v\u00eda r\u00e1pida hacia el abismo.\u201d<\/p>\n<p>Independientemente del respaldo econ\u00f3mico, pol\u00edtico y pr\u00e1ctico para el funcionamiento de los proyectos de paz y reconciliaci\u00f3n en la regi\u00f3n y en el exterior (mencionamos algunos en el <a href=\"https:\/\/www.pressenza.com\/2019\/04\/oddest-bedfellows-natanyaju-and-hamas-continue-their-orwellian-death-dance\/\">art\u00edculo<\/a> anterior) es urgente generar prohibiciones de venta de armamento firmes y aplicables (es decir, tanto el Reino Unido como los Estados Unidos venden armamento a Israel, los Estados Unidos tambi\u00e9n arma a Ham\u00e1s a trav\u00e9s de Catar, e Ir\u00e1n lo hace con la Yihad Isl\u00e1mica Palestina).<\/p>\n<hr \/>\n<p><em>Traducci\u00f3n del ingl\u00e9s por Sof\u00eda Guevara<\/em><\/p>\n","protected":false},"excerpt":{"rendered":"<p>La comunidad internacional necesita respaldar la aut\u00e9ntica labor de las organizaciones que trabajando por la paz y la conciliaci\u00f3n como la \u00fanica forma de transformar el escenario pol\u00edtico en Israel y Palestina. Tras las elecciones, Netanyahu se encuentra efectuando acuerdos&hellip;<\/p>\n","protected":false},"author":66,"featured_media":840010,"comment_status":"closed","ping_status":"closed","sticky":false,"template":"","format":"standard","meta":{"footnotes":""},"categories":[11389,71,161,1243,74],"tags":[27390,57698],"class_list":["post-841249","post","type-post","status-publish","format-standard","has-post-thumbnail","hentry","category-contenido-original","category-medio-oriente-es","category-opiniones","category-paz-desarme","category-politica-es","tag-conflicto-arabe-israeli","tag-elecciones-en-israel"],"yoast_head":"<!-- This site is optimized with the Yoast SEO plugin v27.1.1 - https:\/\/yoast.com\/product\/yoast-seo-wordpress\/ -->\n<title>Elecciones en Israel: otra cat\u00e1strofe para los palestinos -y para Israel<\/title>\n<meta name=\"description\" content=\"La comunidad internacional necesita respaldar la aut\u00e9ntica labor de las organizaciones que trabajando por la paz y la conciliaci\u00f3n como la \u00fanica forma de\" \/>\n<meta name=\"robots\" content=\"index, follow, max-snippet:-1, max-image-preview:large, max-video-preview:-1\" \/>\n<link rel=\"canonical\" href=\"https:\/\/www.pressenza.com\/es\/2019\/04\/elecciones-en-israel-otra-catastrofe-para-los-palestinos-y-para-israel\/\" \/>\n<meta property=\"og:locale\" content=\"es_ES\" \/>\n<meta property=\"og:type\" content=\"article\" \/>\n<meta property=\"og:title\" content=\"Elecciones en Israel: otra cat\u00e1strofe para los palestinos -y para Israel\" \/>\n<meta property=\"og:description\" content=\"La comunidad internacional necesita respaldar la aut\u00e9ntica labor de las organizaciones que trabajando por la paz y la conciliaci\u00f3n como la \u00fanica forma de\" \/>\n<meta property=\"og:url\" content=\"https:\/\/www.pressenza.com\/es\/2019\/04\/elecciones-en-israel-otra-catastrofe-para-los-palestinos-y-para-israel\/\" \/>\n<meta property=\"og:site_name\" content=\"Pressenza\" \/>\n<meta property=\"article:publisher\" content=\"https:\/\/www.facebook.com\/PressenzaItalia\" \/>\n<meta property=\"article:author\" content=\"https:\/\/www.facebook.com\/silvia.swinden\" \/>\n<meta property=\"article:published_time\" content=\"2019-04-16T23:28:01+00:00\" \/>\n<meta property=\"article:modified_time\" content=\"2019-04-17T07:11:50+00:00\" \/>\n<meta property=\"og:image\" content=\"https:\/\/www.pressenza.com\/wp-content\/uploads\/2019\/04\/3C8CB5F0-8DC3-4F81-ADEF-5D575872F923.jpeg\" \/>\n\t<meta property=\"og:image:width\" content=\"478\" \/>\n\t<meta property=\"og:image:height\" content=\"638\" \/>\n\t<meta property=\"og:image:type\" content=\"image\/jpeg\" \/>\n<meta name=\"author\" content=\"Silvia Swinden\" \/>\n<meta name=\"twitter:card\" content=\"summary_large_image\" \/>\n<meta name=\"twitter:creator\" content=\"@PressenzaIPA\" \/>\n<meta name=\"twitter:site\" content=\"@PressenzaIPA\" \/>\n<meta name=\"twitter:label1\" content=\"Escrito por\" \/>\n\t<meta name=\"twitter:data1\" content=\"Silvia Swinden\" \/>\n\t<meta name=\"twitter:label2\" content=\"Tiempo de lectura\" \/>\n\t<meta name=\"twitter:data2\" content=\"5 minutos\" \/>\n<script type=\"application\/ld+json\" class=\"yoast-schema-graph\">{\"@context\":\"https:\/\/schema.org\",\"@graph\":[{\"@type\":\"Article\",\"@id\":\"https:\/\/www.pressenza.com\/es\/2019\/04\/elecciones-en-israel-otra-catastrofe-para-los-palestinos-y-para-israel\/#article\",\"isPartOf\":{\"@id\":\"https:\/\/www.pressenza.com\/es\/2019\/04\/elecciones-en-israel-otra-catastrofe-para-los-palestinos-y-para-israel\/\"},\"author\":{\"name\":\"Silvia Swinden\",\"@id\":\"https:\/\/www.pressenza.com\/es\/#\/schema\/person\/3e897a9ceda3579beea4bb9a93021e17\"},\"headline\":\"Elecciones en Israel: otra cat\u00e1strofe para los palestinos -y para Israel\",\"datePublished\":\"2019-04-16T23:28:01+00:00\",\"dateModified\":\"2019-04-17T07:11:50+00:00\",\"mainEntityOfPage\":{\"@id\":\"https:\/\/www.pressenza.com\/es\/2019\/04\/elecciones-en-israel-otra-catastrofe-para-los-palestinos-y-para-israel\/\"},\"wordCount\":936,\"publisher\":{\"@id\":\"https:\/\/www.pressenza.com\/es\/#organization\"},\"image\":{\"@id\":\"https:\/\/www.pressenza.com\/es\/2019\/04\/elecciones-en-israel-otra-catastrofe-para-los-palestinos-y-para-israel\/#primaryimage\"},\"thumbnailUrl\":\"https:\/\/www.pressenza.com\/wp-content\/uploads\/2019\/04\/3C8CB5F0-8DC3-4F81-ADEF-5D575872F923.jpeg\",\"keywords\":[\"Conflicto \u00e1rabe-israel\u00ed\",\"elecciones en Israel\"],\"articleSection\":[\"Contenido Original\",\"Medio Oriente\",\"Opiniones\",\"Paz y Desarme\",\"Pol\u00edtica\"],\"inLanguage\":\"es\"},{\"@type\":\"WebPage\",\"@id\":\"https:\/\/www.pressenza.com\/es\/2019\/04\/elecciones-en-israel-otra-catastrofe-para-los-palestinos-y-para-israel\/\",\"url\":\"https:\/\/www.pressenza.com\/es\/2019\/04\/elecciones-en-israel-otra-catastrofe-para-los-palestinos-y-para-israel\/\",\"name\":\"Elecciones en Israel: otra cat\u00e1strofe para los palestinos -y para Israel\",\"isPartOf\":{\"@id\":\"https:\/\/www.pressenza.com\/es\/#website\"},\"primaryImageOfPage\":{\"@id\":\"https:\/\/www.pressenza.com\/es\/2019\/04\/elecciones-en-israel-otra-catastrofe-para-los-palestinos-y-para-israel\/#primaryimage\"},\"image\":{\"@id\":\"https:\/\/www.pressenza.com\/es\/2019\/04\/elecciones-en-israel-otra-catastrofe-para-los-palestinos-y-para-israel\/#primaryimage\"},\"thumbnailUrl\":\"https:\/\/www.pressenza.com\/wp-content\/uploads\/2019\/04\/3C8CB5F0-8DC3-4F81-ADEF-5D575872F923.jpeg\",\"datePublished\":\"2019-04-16T23:28:01+00:00\",\"dateModified\":\"2019-04-17T07:11:50+00:00\",\"description\":\"La comunidad internacional necesita respaldar la aut\u00e9ntica labor de las organizaciones que trabajando por la paz y la conciliaci\u00f3n como la \u00fanica forma de\",\"breadcrumb\":{\"@id\":\"https:\/\/www.pressenza.com\/es\/2019\/04\/elecciones-en-israel-otra-catastrofe-para-los-palestinos-y-para-israel\/#breadcrumb\"},\"inLanguage\":\"es\",\"potentialAction\":[{\"@type\":\"ReadAction\",\"target\":[\"https:\/\/www.pressenza.com\/es\/2019\/04\/elecciones-en-israel-otra-catastrofe-para-los-palestinos-y-para-israel\/\"]}]},{\"@type\":\"ImageObject\",\"inLanguage\":\"es\",\"@id\":\"https:\/\/www.pressenza.com\/es\/2019\/04\/elecciones-en-israel-otra-catastrofe-para-los-palestinos-y-para-israel\/#primaryimage\",\"url\":\"https:\/\/www.pressenza.com\/wp-content\/uploads\/2019\/04\/3C8CB5F0-8DC3-4F81-ADEF-5D575872F923.jpeg\",\"contentUrl\":\"https:\/\/www.pressenza.com\/wp-content\/uploads\/2019\/04\/3C8CB5F0-8DC3-4F81-ADEF-5D575872F923.jpeg\",\"width\":478,\"height\":638,\"caption\":\"Sign in front of the Galil school, a joint Arab\u2013Jewish primary school in Israel\"},{\"@type\":\"BreadcrumbList\",\"@id\":\"https:\/\/www.pressenza.com\/es\/2019\/04\/elecciones-en-israel-otra-catastrofe-para-los-palestinos-y-para-israel\/#breadcrumb\",\"itemListElement\":[{\"@type\":\"ListItem\",\"position\":1,\"name\":\"Accueil\",\"item\":\"https:\/\/www.pressenza.com\/es\/\"},{\"@type\":\"ListItem\",\"position\":2,\"name\":\"Elecciones en Israel: otra cat\u00e1strofe para los palestinos -y para Israel\"}]},{\"@type\":\"WebSite\",\"@id\":\"https:\/\/www.pressenza.com\/es\/#website\",\"url\":\"https:\/\/www.pressenza.com\/es\/\",\"name\":\"Pressenza\",\"description\":\"International Press Agency\",\"publisher\":{\"@id\":\"https:\/\/www.pressenza.com\/es\/#organization\"},\"potentialAction\":[{\"@type\":\"SearchAction\",\"target\":{\"@type\":\"EntryPoint\",\"urlTemplate\":\"https:\/\/www.pressenza.com\/es\/?s={search_term_string}\"},\"query-input\":{\"@type\":\"PropertyValueSpecification\",\"valueRequired\":true,\"valueName\":\"search_term_string\"}}],\"inLanguage\":\"es\"},{\"@type\":\"Organization\",\"@id\":\"https:\/\/www.pressenza.com\/es\/#organization\",\"name\":\"Pressenza\",\"url\":\"https:\/\/www.pressenza.com\/es\/\",\"logo\":{\"@type\":\"ImageObject\",\"inLanguage\":\"es\",\"@id\":\"https:\/\/www.pressenza.com\/es\/#\/schema\/logo\/image\/\",\"url\":\"https:\/\/www.pressenza.com\/wp-content\/uploads\/2022\/10\/pressenza_logo_200x200.jpg\",\"contentUrl\":\"https:\/\/www.pressenza.com\/wp-content\/uploads\/2022\/10\/pressenza_logo_200x200.jpg\",\"width\":200,\"height\":200,\"caption\":\"Pressenza\"},\"image\":{\"@id\":\"https:\/\/www.pressenza.com\/es\/#\/schema\/logo\/image\/\"},\"sameAs\":[\"https:\/\/www.facebook.com\/PressenzaItalia\",\"https:\/\/x.com\/PressenzaIPA\"]},{\"@type\":\"Person\",\"@id\":\"https:\/\/www.pressenza.com\/es\/#\/schema\/person\/3e897a9ceda3579beea4bb9a93021e17\",\"name\":\"Silvia Swinden\",\"description\":\"Silvia Swinden - Author of \u201cFrom Monkey Sapiens to Homo Intentional: The Phenomenology of the Nonviolent Revolution\u201d \u2013 Adonis &amp; Abbey, London 2006. Pressenza London Editor\",\"sameAs\":[\"https:\/\/www.facebook.com\/silvia.swinden\"],\"url\":\"https:\/\/www.pressenza.com\/es\/author\/silvia-swinden\/\"}]}<\/script>\n<!-- \/ Yoast SEO plugin. -->","yoast_head_json":{"title":"Elecciones en Israel: otra cat\u00e1strofe para los palestinos -y para Israel","description":"La comunidad internacional necesita respaldar la aut\u00e9ntica labor de las organizaciones que trabajando por la paz y la conciliaci\u00f3n como la \u00fanica forma de","robots":{"index":"index","follow":"follow","max-snippet":"max-snippet:-1","max-image-preview":"max-image-preview:large","max-video-preview":"max-video-preview:-1"},"canonical":"https:\/\/www.pressenza.com\/es\/2019\/04\/elecciones-en-israel-otra-catastrofe-para-los-palestinos-y-para-israel\/","og_locale":"es_ES","og_type":"article","og_title":"Elecciones en Israel: otra cat\u00e1strofe para los palestinos -y para Israel","og_description":"La comunidad internacional necesita respaldar la aut\u00e9ntica labor de las organizaciones que trabajando por la paz y la conciliaci\u00f3n como la \u00fanica forma de","og_url":"https:\/\/www.pressenza.com\/es\/2019\/04\/elecciones-en-israel-otra-catastrofe-para-los-palestinos-y-para-israel\/","og_site_name":"Pressenza","article_publisher":"https:\/\/www.facebook.com\/PressenzaItalia","article_author":"https:\/\/www.facebook.com\/silvia.swinden","article_published_time":"2019-04-16T23:28:01+00:00","article_modified_time":"2019-04-17T07:11:50+00:00","og_image":[{"width":478,"height":638,"url":"https:\/\/www.pressenza.com\/wp-content\/uploads\/2019\/04\/3C8CB5F0-8DC3-4F81-ADEF-5D575872F923.jpeg","type":"image\/jpeg"}],"author":"Silvia Swinden","twitter_card":"summary_large_image","twitter_creator":"@PressenzaIPA","twitter_site":"@PressenzaIPA","twitter_misc":{"Escrito por":"Silvia Swinden","Tiempo de lectura":"5 minutos"},"schema":{"@context":"https:\/\/schema.org","@graph":[{"@type":"Article","@id":"https:\/\/www.pressenza.com\/es\/2019\/04\/elecciones-en-israel-otra-catastrofe-para-los-palestinos-y-para-israel\/#article","isPartOf":{"@id":"https:\/\/www.pressenza.com\/es\/2019\/04\/elecciones-en-israel-otra-catastrofe-para-los-palestinos-y-para-israel\/"},"author":{"name":"Silvia Swinden","@id":"https:\/\/www.pressenza.com\/es\/#\/schema\/person\/3e897a9ceda3579beea4bb9a93021e17"},"headline":"Elecciones en Israel: otra cat\u00e1strofe para los palestinos -y para Israel","datePublished":"2019-04-16T23:28:01+00:00","dateModified":"2019-04-17T07:11:50+00:00","mainEntityOfPage":{"@id":"https:\/\/www.pressenza.com\/es\/2019\/04\/elecciones-en-israel-otra-catastrofe-para-los-palestinos-y-para-israel\/"},"wordCount":936,"publisher":{"@id":"https:\/\/www.pressenza.com\/es\/#organization"},"image":{"@id":"https:\/\/www.pressenza.com\/es\/2019\/04\/elecciones-en-israel-otra-catastrofe-para-los-palestinos-y-para-israel\/#primaryimage"},"thumbnailUrl":"https:\/\/www.pressenza.com\/wp-content\/uploads\/2019\/04\/3C8CB5F0-8DC3-4F81-ADEF-5D575872F923.jpeg","keywords":["Conflicto \u00e1rabe-israel\u00ed","elecciones en Israel"],"articleSection":["Contenido Original","Medio Oriente","Opiniones","Paz y Desarme","Pol\u00edtica"],"inLanguage":"es"},{"@type":"WebPage","@id":"https:\/\/www.pressenza.com\/es\/2019\/04\/elecciones-en-israel-otra-catastrofe-para-los-palestinos-y-para-israel\/","url":"https:\/\/www.pressenza.com\/es\/2019\/04\/elecciones-en-israel-otra-catastrofe-para-los-palestinos-y-para-israel\/","name":"Elecciones en Israel: otra cat\u00e1strofe para los palestinos -y para Israel","isPartOf":{"@id":"https:\/\/www.pressenza.com\/es\/#website"},"primaryImageOfPage":{"@id":"https:\/\/www.pressenza.com\/es\/2019\/04\/elecciones-en-israel-otra-catastrofe-para-los-palestinos-y-para-israel\/#primaryimage"},"image":{"@id":"https:\/\/www.pressenza.com\/es\/2019\/04\/elecciones-en-israel-otra-catastrofe-para-los-palestinos-y-para-israel\/#primaryimage"},"thumbnailUrl":"https:\/\/www.pressenza.com\/wp-content\/uploads\/2019\/04\/3C8CB5F0-8DC3-4F81-ADEF-5D575872F923.jpeg","datePublished":"2019-04-16T23:28:01+00:00","dateModified":"2019-04-17T07:11:50+00:00","description":"La comunidad internacional necesita respaldar la aut\u00e9ntica labor de las organizaciones que trabajando por la paz y la conciliaci\u00f3n como la \u00fanica forma de","breadcrumb":{"@id":"https:\/\/www.pressenza.com\/es\/2019\/04\/elecciones-en-israel-otra-catastrofe-para-los-palestinos-y-para-israel\/#breadcrumb"},"inLanguage":"es","potentialAction":[{"@type":"ReadAction","target":["https:\/\/www.pressenza.com\/es\/2019\/04\/elecciones-en-israel-otra-catastrofe-para-los-palestinos-y-para-israel\/"]}]},{"@type":"ImageObject","inLanguage":"es","@id":"https:\/\/www.pressenza.com\/es\/2019\/04\/elecciones-en-israel-otra-catastrofe-para-los-palestinos-y-para-israel\/#primaryimage","url":"https:\/\/www.pressenza.com\/wp-content\/uploads\/2019\/04\/3C8CB5F0-8DC3-4F81-ADEF-5D575872F923.jpeg","contentUrl":"https:\/\/www.pressenza.com\/wp-content\/uploads\/2019\/04\/3C8CB5F0-8DC3-4F81-ADEF-5D575872F923.jpeg","width":478,"height":638,"caption":"Sign in front of the Galil school, a joint Arab\u2013Jewish primary school in Israel"},{"@type":"BreadcrumbList","@id":"https:\/\/www.pressenza.com\/es\/2019\/04\/elecciones-en-israel-otra-catastrofe-para-los-palestinos-y-para-israel\/#breadcrumb","itemListElement":[{"@type":"ListItem","position":1,"name":"Accueil","item":"https:\/\/www.pressenza.com\/es\/"},{"@type":"ListItem","position":2,"name":"Elecciones en Israel: otra cat\u00e1strofe para los palestinos -y para Israel"}]},{"@type":"WebSite","@id":"https:\/\/www.pressenza.com\/es\/#website","url":"https:\/\/www.pressenza.com\/es\/","name":"Pressenza","description":"International Press Agency","publisher":{"@id":"https:\/\/www.pressenza.com\/es\/#organization"},"potentialAction":[{"@type":"SearchAction","target":{"@type":"EntryPoint","urlTemplate":"https:\/\/www.pressenza.com\/es\/?s={search_term_string}"},"query-input":{"@type":"PropertyValueSpecification","valueRequired":true,"valueName":"search_term_string"}}],"inLanguage":"es"},{"@type":"Organization","@id":"https:\/\/www.pressenza.com\/es\/#organization","name":"Pressenza","url":"https:\/\/www.pressenza.com\/es\/","logo":{"@type":"ImageObject","inLanguage":"es","@id":"https:\/\/www.pressenza.com\/es\/#\/schema\/logo\/image\/","url":"https:\/\/www.pressenza.com\/wp-content\/uploads\/2022\/10\/pressenza_logo_200x200.jpg","contentUrl":"https:\/\/www.pressenza.com\/wp-content\/uploads\/2022\/10\/pressenza_logo_200x200.jpg","width":200,"height":200,"caption":"Pressenza"},"image":{"@id":"https:\/\/www.pressenza.com\/es\/#\/schema\/logo\/image\/"},"sameAs":["https:\/\/www.facebook.com\/PressenzaItalia","https:\/\/x.com\/PressenzaIPA"]},{"@type":"Person","@id":"https:\/\/www.pressenza.com\/es\/#\/schema\/person\/3e897a9ceda3579beea4bb9a93021e17","name":"Silvia Swinden","description":"Silvia Swinden - Author of \u201cFrom Monkey Sapiens to Homo Intentional: The Phenomenology of the Nonviolent Revolution\u201d \u2013 Adonis &amp; Abbey, London 2006. Pressenza London Editor","sameAs":["https:\/\/www.facebook.com\/silvia.swinden"],"url":"https:\/\/www.pressenza.com\/es\/author\/silvia-swinden\/"}]}},"place":"Londres, R.U.","original_article_url":"","_links":{"self":[{"href":"https:\/\/www.pressenza.com\/es\/wp-json\/wp\/v2\/posts\/841249","targetHints":{"allow":["GET"]}}],"collection":[{"href":"https:\/\/www.pressenza.com\/es\/wp-json\/wp\/v2\/posts"}],"about":[{"href":"https:\/\/www.pressenza.com\/es\/wp-json\/wp\/v2\/types\/post"}],"author":[{"embeddable":true,"href":"https:\/\/www.pressenza.com\/es\/wp-json\/wp\/v2\/users\/66"}],"replies":[{"embeddable":true,"href":"https:\/\/www.pressenza.com\/es\/wp-json\/wp\/v2\/comments?post=841249"}],"version-history":[{"count":0,"href":"https:\/\/www.pressenza.com\/es\/wp-json\/wp\/v2\/posts\/841249\/revisions"}],"wp:featuredmedia":[{"embeddable":true,"href":"https:\/\/www.pressenza.com\/es\/wp-json\/wp\/v2\/media\/840010"}],"wp:attachment":[{"href":"https:\/\/www.pressenza.com\/es\/wp-json\/wp\/v2\/media?parent=841249"}],"wp:term":[{"taxonomy":"category","embeddable":true,"href":"https:\/\/www.pressenza.com\/es\/wp-json\/wp\/v2\/categories?post=841249"},{"taxonomy":"post_tag","embeddable":true,"href":"https:\/\/www.pressenza.com\/es\/wp-json\/wp\/v2\/tags?post=841249"}],"curies":[{"name":"wp","href":"https:\/\/api.w.org\/{rel}","templated":true}]}}