{"id":840632,"date":"2019-04-15T22:08:24","date_gmt":"2019-04-15T21:08:24","guid":{"rendered":"https:\/\/www.pressenza.com\/?p=840632"},"modified":"2019-04-15T22:08:24","modified_gmt":"2019-04-15T21:08:24","slug":"evaporada-en-el-aire","status":"publish","type":"post","link":"https:\/\/www.pressenza.com\/es\/2019\/04\/evaporada-en-el-aire\/","title":{"rendered":"Evaporada en el aire\u2026"},"content":{"rendered":"<p>\u00bfQui\u00e9n sabe en d\u00f3nde se encuentra, c\u00f3mo se siente, cu\u00e1l ser\u00e1 su destino?<\/p>\n<p>Camila termin\u00f3 de peinarse. Se colg\u00f3 la mochila a la espalda y se prepar\u00f3 para salir a la escuela. Su madre le alcanz\u00f3 la lonchera con el almuerzo y la despidi\u00f3 con la recomendaci\u00f3n de todos los d\u00edas: \u201cCon cuidado, nena\u201d. Camila nunca regres\u00f3. Su imagen en una de las m\u00faltiples alertas Alba Keneth sigue circulando por las redes sociales con la esperanza de que alguien la identifique en alg\u00fan lugar del pa\u00eds; aunque han transcurrido m\u00e1s de seis meses desde que sali\u00f3 de su hogar, sus padres mantienen viva la esperanza de encontrarla.<\/p>\n<p>Camila es una de los miles de ni\u00f1os, ni\u00f1as, adolescentes y mujeres que desaparecen en Guatemala y cuyo destino se desconoce. Los sistemas de alerta Alba Keneth e Isabel Claudina (creado el primero para localizar a menores de ambos sexos y el segundo para mujeres mayores de 18 a\u00f1os) ambos dependientes de la Procuradur\u00eda General de la Naci\u00f3n, lanzan a diario decenas de notificaciones de desaparici\u00f3n en uno de los pa\u00edses m\u00e1s vulnerables del continente frente a las redes de tr\u00e1fico de personas; un negocio transformado en una m\u00e1s de las siniestras amenazas que persiguen a ni\u00f1os, ni\u00f1as y mujeres en el mundo entero. Consideradas por las organizaciones criminales como un elemento susceptible de generar grandes beneficios econ\u00f3micos, las ni\u00f1as y mujeres atrapadas en estas redes terminan en situaci\u00f3n de esclavitud con escasas posibilidades de escapar.<\/p>\n<p>En pa\u00edses como Guatemala, Honduras y El Salvador, en donde los grandes consorcios de la droga afincaron sus ra\u00edces muy firmemente, la diversificaci\u00f3n del \u201cnegocio\u201d no fue m\u00e1s que una derivaci\u00f3n natural de las actividades delictivas de estas redes, amparadas por pol\u00edticos corruptos y confiadas en el ambiente de impunidad debido a la baja capacidad de los sistemas de investigaci\u00f3n de denuncias y de administraci\u00f3n de justicia. Los elevados niveles de corrupci\u00f3n y los r\u00edos de dinero sucio -imposible de detectar desde las instancias estatales de control- pavimentan f\u00e1cilmente las rutas del tr\u00e1fico sin que las fuerzas de seguridad ni los familiares de las v\u00edctimas puedan hacer nada por evitarlo, consolid\u00e1ndose as\u00ed una de las m\u00e1s espeluznantes tragedias que puede experimentar una sociedad.<\/p>\n<p>En pa\u00edses cuyo sistema patriarcal ha marginado hist\u00f3ricamente al segmento femenino de la poblaci\u00f3n y expone a ni\u00f1as y mujeres a los mayores riesgos en todos los aspectos de su vida, el negocio de la trata ha encontrado un sustrato id\u00f3neo para desarrollarse. Quienes sufren el flagelo con mayor crudeza se encuentran por lo general en las \u00e1reas rurales y en los sectores de menores ingresos, en donde la violencia contra las ni\u00f1as y mujeres es parte de la cotidianidad. Es f\u00e1cil imaginar las enormes dificultades enfrentadas por los familiares que habitan en caser\u00edos o aldeas alejadas de los centros urbanos y, por ende, sin capacidad alguna para presentar denuncias y obtener apoyo de las autoridades.<\/p>\n<p>Esta situaci\u00f3n hace presumir que de los datos compartidos por algunas instituciones y organizaciones dedicadas a investigar las actividades de estos grupos criminales existe un fuerte sub registro. Si se calcula en aproximadamente medio millar al a\u00f1o las v\u00edctimas de trata \u2013de acuerdo con el informe del PDH en 2017- destinadas a la prostituci\u00f3n, al trabajo forzado y a otras formas de esclavitud, es imposible no sospechar de la complicidad de algunas autoridades, dado que muchas de las v\u00edctimas son trasladadas a trav\u00e9s de las fronteras sin dejar registro alguno; como si se hubieran desvanecido en el aire, como si nunca hubieran existido.<\/p>\n<p>&nbsp;<\/p>\n","protected":false},"excerpt":{"rendered":"<p>\u00bfQui\u00e9n sabe en d\u00f3nde se encuentra, c\u00f3mo se siente, cu\u00e1l ser\u00e1 su destino? Camila termin\u00f3 de peinarse. Se colg\u00f3 la mochila a la espalda y se prepar\u00f3 para salir a la escuela. Su madre le alcanz\u00f3 la lonchera con el&hellip;<\/p>\n","protected":false},"author":1296,"featured_media":840633,"comment_status":"closed","ping_status":"closed","sticky":false,"template":"","format":"standard","meta":{"footnotes":""},"categories":[69,11389,54515,46976,161],"tags":[31992,1044,1828,57670],"class_list":["post-840632","post","type-post","status-publish","format-standard","has-post-thumbnail","hentry","category-america-central","category-contenido-original","category-genero-y-feminismos","category-jovenes","category-opiniones","tag-desaparicion","tag-esclavitud","tag-guatemala-es","tag-vpictimas-de-trata"],"yoast_head":"<!-- This site is optimized with the Yoast SEO plugin v27.1.1 - https:\/\/yoast.com\/product\/yoast-seo-wordpress\/ -->\n<title>Evaporada en el aire\u2026<\/title>\n<meta name=\"description\" content=\"Guatemala, v\u00edctimas de trata, esclavitud, desapariciones\" \/>\n<meta name=\"robots\" content=\"index, follow, max-snippet:-1, max-image-preview:large, max-video-preview:-1\" \/>\n<link rel=\"canonical\" href=\"https:\/\/www.pressenza.com\/es\/2019\/04\/evaporada-en-el-aire\/\" \/>\n<meta property=\"og:locale\" content=\"es_ES\" \/>\n<meta property=\"og:type\" content=\"article\" \/>\n<meta property=\"og:title\" content=\"Evaporada en el aire\u2026\" \/>\n<meta property=\"og:description\" content=\"Guatemala, v\u00edctimas de trata, esclavitud, desapariciones\" \/>\n<meta property=\"og:url\" content=\"https:\/\/www.pressenza.com\/es\/2019\/04\/evaporada-en-el-aire\/\" \/>\n<meta property=\"og:site_name\" content=\"Pressenza\" \/>\n<meta property=\"article:publisher\" content=\"https:\/\/www.facebook.com\/PressenzaItalia\" \/>\n<meta property=\"article:author\" content=\"https:\/\/www.facebook.com\/pages\/Carolina-V\u00e1squez-Araya\/241844515845237?fref=ts\" \/>\n<meta property=\"article:published_time\" content=\"2019-04-15T21:08:24+00:00\" \/>\n<meta property=\"og:image\" content=\"https:\/\/www.pressenza.com\/wp-content\/uploads\/2019\/04\/graffiti-sociedad-actual.jpg\" \/>\n\t<meta property=\"og:image:width\" content=\"960\" \/>\n\t<meta property=\"og:image:height\" content=\"640\" \/>\n\t<meta property=\"og:image:type\" content=\"image\/jpeg\" \/>\n<meta name=\"author\" content=\"Carolina V\u00e1squez Araya\" \/>\n<meta name=\"twitter:card\" content=\"summary_large_image\" \/>\n<meta name=\"twitter:creator\" content=\"@carvasar\" \/>\n<meta name=\"twitter:site\" content=\"@PressenzaIPA\" \/>\n<meta name=\"twitter:label1\" content=\"Escrito por\" \/>\n\t<meta name=\"twitter:data1\" content=\"Carolina V\u00e1squez Araya\" \/>\n\t<meta name=\"twitter:label2\" content=\"Tiempo de lectura\" \/>\n\t<meta name=\"twitter:data2\" content=\"3 minutos\" \/>\n<script type=\"application\/ld+json\" class=\"yoast-schema-graph\">{\"@context\":\"https:\/\/schema.org\",\"@graph\":[{\"@type\":\"Article\",\"@id\":\"https:\/\/www.pressenza.com\/es\/2019\/04\/evaporada-en-el-aire\/#article\",\"isPartOf\":{\"@id\":\"https:\/\/www.pressenza.com\/es\/2019\/04\/evaporada-en-el-aire\/\"},\"author\":{\"name\":\"Carolina V\u00e1squez Araya\",\"@id\":\"https:\/\/www.pressenza.com\/es\/#\/schema\/person\/6936ca3bb8dee618b5cdfd0e4427cdd6\"},\"headline\":\"Evaporada en el aire\u2026\",\"datePublished\":\"2019-04-15T21:08:24+00:00\",\"mainEntityOfPage\":{\"@id\":\"https:\/\/www.pressenza.com\/es\/2019\/04\/evaporada-en-el-aire\/\"},\"wordCount\":643,\"publisher\":{\"@id\":\"https:\/\/www.pressenza.com\/es\/#organization\"},\"image\":{\"@id\":\"https:\/\/www.pressenza.com\/es\/2019\/04\/evaporada-en-el-aire\/#primaryimage\"},\"thumbnailUrl\":\"https:\/\/www.pressenza.com\/wp-content\/uploads\/2019\/04\/graffiti-sociedad-actual.jpg\",\"keywords\":[\"desaparici\u00f3n\",\"esclavitud\",\"Guatemala\",\"vpictimas de trata\"],\"articleSection\":[\"Am\u00e9rica Central\",\"Contenido Original\",\"G\u00e9nero y Feminismos\",\"J\u00f3venes\",\"Opiniones\"],\"inLanguage\":\"es\"},{\"@type\":\"WebPage\",\"@id\":\"https:\/\/www.pressenza.com\/es\/2019\/04\/evaporada-en-el-aire\/\",\"url\":\"https:\/\/www.pressenza.com\/es\/2019\/04\/evaporada-en-el-aire\/\",\"name\":\"Evaporada en el aire\u2026\",\"isPartOf\":{\"@id\":\"https:\/\/www.pressenza.com\/es\/#website\"},\"primaryImageOfPage\":{\"@id\":\"https:\/\/www.pressenza.com\/es\/2019\/04\/evaporada-en-el-aire\/#primaryimage\"},\"image\":{\"@id\":\"https:\/\/www.pressenza.com\/es\/2019\/04\/evaporada-en-el-aire\/#primaryimage\"},\"thumbnailUrl\":\"https:\/\/www.pressenza.com\/wp-content\/uploads\/2019\/04\/graffiti-sociedad-actual.jpg\",\"datePublished\":\"2019-04-15T21:08:24+00:00\",\"description\":\"Guatemala, v\u00edctimas de trata, esclavitud, desapariciones\",\"breadcrumb\":{\"@id\":\"https:\/\/www.pressenza.com\/es\/2019\/04\/evaporada-en-el-aire\/#breadcrumb\"},\"inLanguage\":\"es\",\"potentialAction\":[{\"@type\":\"ReadAction\",\"target\":[\"https:\/\/www.pressenza.com\/es\/2019\/04\/evaporada-en-el-aire\/\"]}]},{\"@type\":\"ImageObject\",\"inLanguage\":\"es\",\"@id\":\"https:\/\/www.pressenza.com\/es\/2019\/04\/evaporada-en-el-aire\/#primaryimage\",\"url\":\"https:\/\/www.pressenza.com\/wp-content\/uploads\/2019\/04\/graffiti-sociedad-actual.jpg\",\"contentUrl\":\"https:\/\/www.pressenza.com\/wp-content\/uploads\/2019\/04\/graffiti-sociedad-actual.jpg\",\"width\":960,\"height\":640},{\"@type\":\"BreadcrumbList\",\"@id\":\"https:\/\/www.pressenza.com\/es\/2019\/04\/evaporada-en-el-aire\/#breadcrumb\",\"itemListElement\":[{\"@type\":\"ListItem\",\"position\":1,\"name\":\"Accueil\",\"item\":\"https:\/\/www.pressenza.com\/es\/\"},{\"@type\":\"ListItem\",\"position\":2,\"name\":\"Evaporada en el aire\u2026\"}]},{\"@type\":\"WebSite\",\"@id\":\"https:\/\/www.pressenza.com\/es\/#website\",\"url\":\"https:\/\/www.pressenza.com\/es\/\",\"name\":\"Pressenza\",\"description\":\"International Press Agency\",\"publisher\":{\"@id\":\"https:\/\/www.pressenza.com\/es\/#organization\"},\"potentialAction\":[{\"@type\":\"SearchAction\",\"target\":{\"@type\":\"EntryPoint\",\"urlTemplate\":\"https:\/\/www.pressenza.com\/es\/?s={search_term_string}\"},\"query-input\":{\"@type\":\"PropertyValueSpecification\",\"valueRequired\":true,\"valueName\":\"search_term_string\"}}],\"inLanguage\":\"es\"},{\"@type\":\"Organization\",\"@id\":\"https:\/\/www.pressenza.com\/es\/#organization\",\"name\":\"Pressenza\",\"url\":\"https:\/\/www.pressenza.com\/es\/\",\"logo\":{\"@type\":\"ImageObject\",\"inLanguage\":\"es\",\"@id\":\"https:\/\/www.pressenza.com\/es\/#\/schema\/logo\/image\/\",\"url\":\"https:\/\/www.pressenza.com\/wp-content\/uploads\/2022\/10\/pressenza_logo_200x200.jpg\",\"contentUrl\":\"https:\/\/www.pressenza.com\/wp-content\/uploads\/2022\/10\/pressenza_logo_200x200.jpg\",\"width\":200,\"height\":200,\"caption\":\"Pressenza\"},\"image\":{\"@id\":\"https:\/\/www.pressenza.com\/es\/#\/schema\/logo\/image\/\"},\"sameAs\":[\"https:\/\/www.facebook.com\/PressenzaItalia\",\"https:\/\/x.com\/PressenzaIPA\"]},{\"@type\":\"Person\",\"@id\":\"https:\/\/www.pressenza.com\/es\/#\/schema\/person\/6936ca3bb8dee618b5cdfd0e4427cdd6\",\"name\":\"Carolina V\u00e1squez Araya\",\"description\":\"Periodista y editora con m\u00e1s de 30 a\u00f1os de experiencia, cuyos logros profesionales en el desarrollo de proyectos de gran \u00e9xito avalan sus cualidades de liderazgo, creatividad y relaciones p\u00fablicas. Ha aportado sus conocimientos en proyectos de organizaciones con intereses orientados al desarrollo social, cultural y econ\u00f3mico del pa\u00eds, con especial \u00e9nfasis en el sector de cultura y educaci\u00f3n, emprendimiento, derechos humanos, justicia, ambiente, mujeres y ni\u00f1ez. Chilena en Guatemala. elquintopatio.wordpress.com\",\"sameAs\":[\"https:\/\/www.facebook.com\/pages\/Carolina-V\u00e1squez-Araya\/241844515845237?fref=ts\",\"https:\/\/x.com\/carvasar\"],\"url\":\"https:\/\/www.pressenza.com\/es\/author\/carolina-vasquez-araya\/\"}]}<\/script>\n<!-- \/ Yoast SEO plugin. -->","yoast_head_json":{"title":"Evaporada en el aire\u2026","description":"Guatemala, v\u00edctimas de trata, esclavitud, desapariciones","robots":{"index":"index","follow":"follow","max-snippet":"max-snippet:-1","max-image-preview":"max-image-preview:large","max-video-preview":"max-video-preview:-1"},"canonical":"https:\/\/www.pressenza.com\/es\/2019\/04\/evaporada-en-el-aire\/","og_locale":"es_ES","og_type":"article","og_title":"Evaporada en el aire\u2026","og_description":"Guatemala, v\u00edctimas de trata, esclavitud, desapariciones","og_url":"https:\/\/www.pressenza.com\/es\/2019\/04\/evaporada-en-el-aire\/","og_site_name":"Pressenza","article_publisher":"https:\/\/www.facebook.com\/PressenzaItalia","article_author":"https:\/\/www.facebook.com\/pages\/Carolina-V\u00e1squez-Araya\/241844515845237?fref=ts","article_published_time":"2019-04-15T21:08:24+00:00","og_image":[{"width":960,"height":640,"url":"https:\/\/www.pressenza.com\/wp-content\/uploads\/2019\/04\/graffiti-sociedad-actual.jpg","type":"image\/jpeg"}],"author":"Carolina V\u00e1squez Araya","twitter_card":"summary_large_image","twitter_creator":"@carvasar","twitter_site":"@PressenzaIPA","twitter_misc":{"Escrito por":"Carolina V\u00e1squez Araya","Tiempo de lectura":"3 minutos"},"schema":{"@context":"https:\/\/schema.org","@graph":[{"@type":"Article","@id":"https:\/\/www.pressenza.com\/es\/2019\/04\/evaporada-en-el-aire\/#article","isPartOf":{"@id":"https:\/\/www.pressenza.com\/es\/2019\/04\/evaporada-en-el-aire\/"},"author":{"name":"Carolina V\u00e1squez Araya","@id":"https:\/\/www.pressenza.com\/es\/#\/schema\/person\/6936ca3bb8dee618b5cdfd0e4427cdd6"},"headline":"Evaporada en el aire\u2026","datePublished":"2019-04-15T21:08:24+00:00","mainEntityOfPage":{"@id":"https:\/\/www.pressenza.com\/es\/2019\/04\/evaporada-en-el-aire\/"},"wordCount":643,"publisher":{"@id":"https:\/\/www.pressenza.com\/es\/#organization"},"image":{"@id":"https:\/\/www.pressenza.com\/es\/2019\/04\/evaporada-en-el-aire\/#primaryimage"},"thumbnailUrl":"https:\/\/www.pressenza.com\/wp-content\/uploads\/2019\/04\/graffiti-sociedad-actual.jpg","keywords":["desaparici\u00f3n","esclavitud","Guatemala","vpictimas de trata"],"articleSection":["Am\u00e9rica Central","Contenido Original","G\u00e9nero y Feminismos","J\u00f3venes","Opiniones"],"inLanguage":"es"},{"@type":"WebPage","@id":"https:\/\/www.pressenza.com\/es\/2019\/04\/evaporada-en-el-aire\/","url":"https:\/\/www.pressenza.com\/es\/2019\/04\/evaporada-en-el-aire\/","name":"Evaporada en el aire\u2026","isPartOf":{"@id":"https:\/\/www.pressenza.com\/es\/#website"},"primaryImageOfPage":{"@id":"https:\/\/www.pressenza.com\/es\/2019\/04\/evaporada-en-el-aire\/#primaryimage"},"image":{"@id":"https:\/\/www.pressenza.com\/es\/2019\/04\/evaporada-en-el-aire\/#primaryimage"},"thumbnailUrl":"https:\/\/www.pressenza.com\/wp-content\/uploads\/2019\/04\/graffiti-sociedad-actual.jpg","datePublished":"2019-04-15T21:08:24+00:00","description":"Guatemala, v\u00edctimas de trata, esclavitud, desapariciones","breadcrumb":{"@id":"https:\/\/www.pressenza.com\/es\/2019\/04\/evaporada-en-el-aire\/#breadcrumb"},"inLanguage":"es","potentialAction":[{"@type":"ReadAction","target":["https:\/\/www.pressenza.com\/es\/2019\/04\/evaporada-en-el-aire\/"]}]},{"@type":"ImageObject","inLanguage":"es","@id":"https:\/\/www.pressenza.com\/es\/2019\/04\/evaporada-en-el-aire\/#primaryimage","url":"https:\/\/www.pressenza.com\/wp-content\/uploads\/2019\/04\/graffiti-sociedad-actual.jpg","contentUrl":"https:\/\/www.pressenza.com\/wp-content\/uploads\/2019\/04\/graffiti-sociedad-actual.jpg","width":960,"height":640},{"@type":"BreadcrumbList","@id":"https:\/\/www.pressenza.com\/es\/2019\/04\/evaporada-en-el-aire\/#breadcrumb","itemListElement":[{"@type":"ListItem","position":1,"name":"Accueil","item":"https:\/\/www.pressenza.com\/es\/"},{"@type":"ListItem","position":2,"name":"Evaporada en el aire\u2026"}]},{"@type":"WebSite","@id":"https:\/\/www.pressenza.com\/es\/#website","url":"https:\/\/www.pressenza.com\/es\/","name":"Pressenza","description":"International Press Agency","publisher":{"@id":"https:\/\/www.pressenza.com\/es\/#organization"},"potentialAction":[{"@type":"SearchAction","target":{"@type":"EntryPoint","urlTemplate":"https:\/\/www.pressenza.com\/es\/?s={search_term_string}"},"query-input":{"@type":"PropertyValueSpecification","valueRequired":true,"valueName":"search_term_string"}}],"inLanguage":"es"},{"@type":"Organization","@id":"https:\/\/www.pressenza.com\/es\/#organization","name":"Pressenza","url":"https:\/\/www.pressenza.com\/es\/","logo":{"@type":"ImageObject","inLanguage":"es","@id":"https:\/\/www.pressenza.com\/es\/#\/schema\/logo\/image\/","url":"https:\/\/www.pressenza.com\/wp-content\/uploads\/2022\/10\/pressenza_logo_200x200.jpg","contentUrl":"https:\/\/www.pressenza.com\/wp-content\/uploads\/2022\/10\/pressenza_logo_200x200.jpg","width":200,"height":200,"caption":"Pressenza"},"image":{"@id":"https:\/\/www.pressenza.com\/es\/#\/schema\/logo\/image\/"},"sameAs":["https:\/\/www.facebook.com\/PressenzaItalia","https:\/\/x.com\/PressenzaIPA"]},{"@type":"Person","@id":"https:\/\/www.pressenza.com\/es\/#\/schema\/person\/6936ca3bb8dee618b5cdfd0e4427cdd6","name":"Carolina V\u00e1squez Araya","description":"Periodista y editora con m\u00e1s de 30 a\u00f1os de experiencia, cuyos logros profesionales en el desarrollo de proyectos de gran \u00e9xito avalan sus cualidades de liderazgo, creatividad y relaciones p\u00fablicas. Ha aportado sus conocimientos en proyectos de organizaciones con intereses orientados al desarrollo social, cultural y econ\u00f3mico del pa\u00eds, con especial \u00e9nfasis en el sector de cultura y educaci\u00f3n, emprendimiento, derechos humanos, justicia, ambiente, mujeres y ni\u00f1ez. Chilena en Guatemala. elquintopatio.wordpress.com","sameAs":["https:\/\/www.facebook.com\/pages\/Carolina-V\u00e1squez-Araya\/241844515845237?fref=ts","https:\/\/x.com\/carvasar"],"url":"https:\/\/www.pressenza.com\/es\/author\/carolina-vasquez-araya\/"}]}},"place":"Cuenca, Ecuador","original_article_url":"","_links":{"self":[{"href":"https:\/\/www.pressenza.com\/es\/wp-json\/wp\/v2\/posts\/840632","targetHints":{"allow":["GET"]}}],"collection":[{"href":"https:\/\/www.pressenza.com\/es\/wp-json\/wp\/v2\/posts"}],"about":[{"href":"https:\/\/www.pressenza.com\/es\/wp-json\/wp\/v2\/types\/post"}],"author":[{"embeddable":true,"href":"https:\/\/www.pressenza.com\/es\/wp-json\/wp\/v2\/users\/1296"}],"replies":[{"embeddable":true,"href":"https:\/\/www.pressenza.com\/es\/wp-json\/wp\/v2\/comments?post=840632"}],"version-history":[{"count":0,"href":"https:\/\/www.pressenza.com\/es\/wp-json\/wp\/v2\/posts\/840632\/revisions"}],"wp:featuredmedia":[{"embeddable":true,"href":"https:\/\/www.pressenza.com\/es\/wp-json\/wp\/v2\/media\/840633"}],"wp:attachment":[{"href":"https:\/\/www.pressenza.com\/es\/wp-json\/wp\/v2\/media?parent=840632"}],"wp:term":[{"taxonomy":"category","embeddable":true,"href":"https:\/\/www.pressenza.com\/es\/wp-json\/wp\/v2\/categories?post=840632"},{"taxonomy":"post_tag","embeddable":true,"href":"https:\/\/www.pressenza.com\/es\/wp-json\/wp\/v2\/tags?post=840632"}],"curies":[{"name":"wp","href":"https:\/\/api.w.org\/{rel}","templated":true}]}}