{"id":840584,"date":"2019-04-15T20:11:49","date_gmt":"2019-04-15T19:11:49","guid":{"rendered":"https:\/\/www.pressenza.com\/?p=840584"},"modified":"2019-04-15T20:11:49","modified_gmt":"2019-04-15T19:11:49","slug":"el-gobierno-italiano-y-el-genocidio-armenio","status":"publish","type":"post","link":"https:\/\/www.pressenza.com\/es\/2019\/04\/el-gobierno-italiano-y-el-genocidio-armenio\/","title":{"rendered":"El gobierno italiano y el genocidio armenio"},"content":{"rendered":"<p>El 10 de abril, la C\u00e1mara de Representantes aprob\u00f3 la moci\u00f3n unificada por la que el gobierno se compromet\u00eda a \u00abreconocer oficialmente el genocidio armenio y darle una repercusi\u00f3n internacional\u00bb. 382 diputados votaron a favor, nadie vot\u00f3 en contra, mientras que el 43 de Forza Italia se abstuvo.<\/p>\n<p>Cada vez que un parlamento \u00abextranjero\u00bb reconoce como genocidio uno de los mayores males del siglo XX, me vienen a la mente las palabras del periodista armenio, de ciudadan\u00eda turca Hrant Dink. Asesinado el 19 de enero de 2007, frente a la sede del peri\u00f3dico nacional para el que trabajaba, Agos, en Estambul, a un paso del barrio donde nac\u00ed y crec\u00ed. A Dink le dispar\u00f3 un menor con una bala en el cr\u00e1neo, cobardemente, por detr\u00e1s.<\/p>\n<p>\u00abUn hombre que hablaba de paz\u00bb, as\u00ed lo defini\u00f3 su esposa Rakel durante su funeral. Cientos y miles de personas estaban presentes. Tal vez uno de los funerales m\u00e1s masivos en la historia de la Rep\u00fablica de Turqu\u00eda. Dink, antes de ser asesinado, hab\u00eda recibido numerosas amenazas, debido a los discursos p\u00fablicos que hab\u00eda pronunciado. Nada vulgar, sin insultos, sin ofender a nadie. Al igual que esa <u><a href=\"https:\/\/www.youtube.com\/watch?v=JwpDYLUJRVA\">parte del discurso<\/a><\/u> que a menudo me viene a la mente.<\/p>\n<p><em>\u00abNosotros, los turcos y los armenios, nos comportamos de una manera enfermiza en nuestras relaciones. Los armenios todav\u00eda viven con fuerte trauma en su relaci\u00f3n con los turcos, mientras que los turcos se relacionan con los armenios de una manera paranoica. Ambos son casos realmente cl\u00ednicos. Los turcos piensan que tarde o temprano los armenios volver\u00e1n a esta tierra y tratar\u00e1n de recuperar la posesi\u00f3n del territorio, es un pensamiento paranoico. En cambio, los armenios est\u00e1n constantemente pensando en lo que han experimentado y en el hecho de que los turcos todav\u00eda no lo admiten, por lo que viven siempre en un estado traum\u00e1tico.<\/em><\/p>\n<p><em>Aqu\u00ed surge una pregunta: \u00bfQui\u00e9n nos curar\u00e1? \u00bfEl Senado franc\u00e9s? \u00bfLa decisi\u00f3n del Senado de los EE.UU.? \u00bfQui\u00e9n es nuestro m\u00e9dico? \u00bfQu\u00e9 medicamento necesitamos? Los armenios son los m\u00e9dicos de los turcos, y los turcos ser\u00e1n los m\u00e9dicos de los armenios. No hay otro medicamento ni otro m\u00e9dico que no sea este. La \u00fanica soluci\u00f3n es el di\u00e1logo, somos nuestros m\u00e9dicos. No existe otra soluci\u00f3n.<\/em><\/p>\n<p>Quienes toman decisiones pol\u00edticas fuera de Turqu\u00eda tienen la obligaci\u00f3n de conocer, en primer lugar, la din\u00e1mica interna del pa\u00eds. Sus caracter\u00edsticas sociol\u00f3gicas, su historia, sus condiciones pol\u00edticas y culturales, e incluso los contenidos del sistema escolar. Todo esto nos dice algo sobre una serie de matices que constituyen las ideas, comportamientos y costumbres de toda la naci\u00f3n. Sin tener todo esto en cuenta, no se puede relacionar con un pa\u00eds. Cualquier tipo de comportamiento y decisi\u00f3n que no tenga en cuenta todas estas din\u00e1micas est\u00e1 destinado a fracasar y a ser percibido y definido como una posici\u00f3n ajena, descuidada, fr\u00eda, distante y quiz\u00e1s incluso provocativa.<\/p>\n<p>Particularmente en el caso de la Turqu\u00eda actual, podr\u00edamos hablar con seguridad de una cultura, conservadora, nacionalista, a veces incluso fundamentalista, fuertemente machista y patriarcal, asustada y, como ha dicho Dink, incluso paranoica. Cualquier tipo de acci\u00f3n, como la \u00faltima decisi\u00f3n de la C\u00e1mara italiana, se percibir\u00e1 como un gesto provocador y ofensivo. Para ayudar a esta gente quiz\u00e1s deber\u00edamos empezar el trabajo entendi\u00e9ndolo y entendiendo todas sus caracter\u00edsticas. De lo contrario, cualquier tipo de acci\u00f3n recibir\u00e1 una reacci\u00f3n fuerte y negativa que da\u00f1ar\u00e1 a\u00fan m\u00e1s las relaciones.<\/p>\n<p>Hoy soy esc\u00e9ptico, incluso por otra raz\u00f3n, sobre la decisi\u00f3n de la C\u00e1mara. Porque es una decisi\u00f3n tomada por mayor\u00eda que, de alguna manera, ha contribuido a la muerte de miles de personas en el Mar Mediterr\u00e1neo. Los rechazos han causado la muerte de muchas personas, en el mar o a su regreso a Libia, la ley de seguridad ha hecho invisibles, chantajeables y precarias a miles de personas, el odio que se ha extendido por todos los medios de comunicaci\u00f3n ha puesto a los inmigrantes en contra de los italianos y ha creado as\u00ed un nuevo conflicto y un malestar colectivo. Este gobierno pentalegista, desde que adopt\u00f3, a nivel legislativo y comunicativo, las pol\u00edticas de exclusi\u00f3n y marginaci\u00f3n tiene las manos llenas de sangre. Exactamente como dijo Dink, la C\u00e1mara Italiana no puede ser la medicina necesaria para tratar la enfermiza relaci\u00f3n entre estos dos pueblos, menos aun cuando se trata de un mecanismo agresivo y ego\u00edsta que alinea a personas como la del actual gobierno italiano.<\/p>\n<p>Hoy en d\u00eda, Turqu\u00eda tiene cientos de periodistas, m\u00e1s de quinientos abogados, miles de pol\u00edticos, once parlamentarios y numerosos jueces en prisi\u00f3n. La lista de personas que esperan la primera audiencia, en r\u00e9gimen de aislamiento, sin cargo, durante al menos un a\u00f1o, es larga. Para los que est\u00e1n fuera de los muros de los centros de detenci\u00f3n, por otro lado, se les niega una serie de derechos, por lo que viven en un estado de muerte civil. Aquellos que se sienten obligados a abandonar el pa\u00eds arriesgan sus vidas en el Mar Egeo o en el r\u00edo Maritsa. Algunas personas que intentan llegar a la costa italiana corren el riesgo de ser rechazadas, o una vez que ponen los pies en la tierra se encuentran con un sistema de recepci\u00f3n cada vez m\u00e1s precario y que funciona mal.<\/p>\n<p>En Turqu\u00eda, las c\u00e1rceles est\u00e1n llenas de opositores. Son los periodistas que han criticado la intervenci\u00f3n militar de las fuerzas armadas en Siria o los acad\u00e9micos que han pedido al Estado que deje de bombardear lugares en el sureste del pa\u00eds. Tambi\u00e9n son los objetores de conciencia los que han decidido no enlistarse en el ej\u00e9rcito. Los periodistas en prisi\u00f3n son los que han decidido revelar la corrupci\u00f3n que existe en los contratos y concursos para la construcci\u00f3n de grandes obras in\u00fatiles, da\u00f1inas y fallidas. Son los agricultores los que han luchado por defender su territorio contra la construcci\u00f3n de edificios. Son tambi\u00e9n los sindicalistas que han criticado al gobierno por haber vendido las f\u00e1bricas, puertos, empresas y bancos del Estado con las salvajes privatizaciones que han cortado la producci\u00f3n agr\u00edcola, han quitado miles de puestos de trabajo y han hecho que el pa\u00eds dependa cada vez m\u00e1s del capital extranjero.<\/p>\n<p>Estos sindicalistas, periodistas, campesinos, pol\u00edticos y acad\u00e9micos tambi\u00e9n hablan de Italia. Son Leonardo, Beretta y Benelli, que venden armas en Turqu\u00eda; Astaldi, que ha construido varias grandes obras p\u00fablicas que han fracasado y son perjudiciales para los bolsillos de los ciudadanos y el medio ambiente, colaborando tambi\u00e9n con empresas locales corruptas y en relaciones directas con el Gobierno; y Ferrero, que explota el mercado de la avellana y pone de rodillas a los productores locales.<\/p>\n<p>La Oficina Nacional de Estad\u00edstica de Turqu\u00eda anunci\u00f3 el 12 de abril los vol\u00famenes de importaci\u00f3n y exportaci\u00f3n de este a\u00f1o. Italia mantiene su posici\u00f3n, la tercera en la lista de los pa\u00edses de mayor exportaci\u00f3n, con 815 millones de d\u00f3lares estadounidenses. En 2017 el volumen del comercio hab\u00eda superado los 8.400 millones.<\/p>\n<p>Tal como dijo Hrant Dink: \u00abLos turcos deben ser el m\u00e9dico de los armenios y los armenios deben ser el m\u00e9dico de los turcos. Las terceras partes pueden desempe\u00f1ar un papel importante y \u00fatil en la creaci\u00f3n de un di\u00e1logo s\u00f3lido entre estos dos pueblos. Pero, por supuesto, esto no puede suceder si seguimos percibiendo a Turqu\u00eda y a sus ciudadanos, exclusivamente, como un mercado y un grupo de consumidores y asumiendo pol\u00edticas sociales y econ\u00f3micas que marginan, explotan y excluyen a los seres humanos.<\/p>\n<hr \/>\n<p><em>Traducido del italiano por Estefany Zaldumbide<\/em><\/p>\n","protected":false},"excerpt":{"rendered":"<p>El 10 de abril, la C\u00e1mara de Representantes aprob\u00f3 la moci\u00f3n unificada por la que el gobierno se compromet\u00eda a \u00abreconocer oficialmente el genocidio armenio y darle una repercusi\u00f3n internacional\u00bb. 382 diputados votaron a favor, nadie vot\u00f3 en contra, mientras&hellip;<\/p>\n","protected":false},"author":899,"featured_media":839571,"comment_status":"closed","ping_status":"closed","sticky":false,"template":"","format":"standard","meta":{"footnotes":""},"categories":[11389,66,71,161,74],"tags":[57666,57667,3672],"class_list":["post-840584","post","type-post","status-publish","format-standard","has-post-thumbnail","hentry","category-contenido-original","category-europa-es","category-medio-oriente-es","category-opiniones","category-politica-es","tag-anniversario-genocidio-armeno-es","tag-genocidio-armeno-es","tag-italia-es"],"yoast_head":"<!-- This site is optimized with the Yoast SEO plugin v27.1.1 - https:\/\/yoast.com\/product\/yoast-seo-wordpress\/ -->\n<title>El gobierno italiano y el genocidio armenio<\/title>\n<meta name=\"description\" content=\"El 10 de abril, la C\u00e1mara de Representantes aprob\u00f3 la moci\u00f3n unificada por la que el gobierno se compromet\u00eda a &quot;reconocer oficialmente el genocidio\" \/>\n<meta name=\"robots\" content=\"index, follow, max-snippet:-1, max-image-preview:large, max-video-preview:-1\" \/>\n<link rel=\"canonical\" href=\"https:\/\/www.pressenza.com\/es\/2019\/04\/el-gobierno-italiano-y-el-genocidio-armenio\/\" \/>\n<meta property=\"og:locale\" content=\"es_ES\" \/>\n<meta property=\"og:type\" content=\"article\" \/>\n<meta property=\"og:title\" content=\"El gobierno italiano y el genocidio armenio\" \/>\n<meta property=\"og:description\" content=\"El 10 de abril, la C\u00e1mara de Representantes aprob\u00f3 la moci\u00f3n unificada por la que el gobierno se compromet\u00eda a &quot;reconocer oficialmente el genocidio\" \/>\n<meta property=\"og:url\" content=\"https:\/\/www.pressenza.com\/es\/2019\/04\/el-gobierno-italiano-y-el-genocidio-armenio\/\" \/>\n<meta property=\"og:site_name\" content=\"Pressenza\" \/>\n<meta property=\"article:publisher\" content=\"https:\/\/www.facebook.com\/PressenzaItalia\" \/>\n<meta property=\"article:author\" content=\"https:\/\/www.facebook.com\/muratcinartorino\" \/>\n<meta property=\"article:published_time\" content=\"2019-04-15T19:11:49+00:00\" \/>\n<meta property=\"og:image\" content=\"https:\/\/www.pressenza.com\/wp-content\/uploads\/2019\/04\/genocidio-armeno.jpg\" \/>\n\t<meta property=\"og:image:width\" content=\"806\" \/>\n\t<meta property=\"og:image:height\" content=\"489\" \/>\n\t<meta property=\"og:image:type\" content=\"image\/jpeg\" \/>\n<meta name=\"author\" content=\"Murat Cinar\" \/>\n<meta name=\"twitter:card\" content=\"summary_large_image\" \/>\n<meta name=\"twitter:creator\" content=\"@muratcinar\" \/>\n<meta name=\"twitter:site\" content=\"@PressenzaIPA\" \/>\n<meta name=\"twitter:label1\" content=\"Escrito por\" \/>\n\t<meta name=\"twitter:data1\" content=\"Murat Cinar\" \/>\n\t<meta name=\"twitter:label2\" content=\"Tiempo de lectura\" \/>\n\t<meta name=\"twitter:data2\" content=\"7 minutos\" \/>\n<script type=\"application\/ld+json\" class=\"yoast-schema-graph\">{\"@context\":\"https:\/\/schema.org\",\"@graph\":[{\"@type\":\"Article\",\"@id\":\"https:\/\/www.pressenza.com\/es\/2019\/04\/el-gobierno-italiano-y-el-genocidio-armenio\/#article\",\"isPartOf\":{\"@id\":\"https:\/\/www.pressenza.com\/es\/2019\/04\/el-gobierno-italiano-y-el-genocidio-armenio\/\"},\"author\":{\"name\":\"Murat Cinar\",\"@id\":\"https:\/\/www.pressenza.com\/es\/#\/schema\/person\/e3b28c9575cd63576a05d54f8d67d1ac\"},\"headline\":\"El gobierno italiano y el genocidio armenio\",\"datePublished\":\"2019-04-15T19:11:49+00:00\",\"mainEntityOfPage\":{\"@id\":\"https:\/\/www.pressenza.com\/es\/2019\/04\/el-gobierno-italiano-y-el-genocidio-armenio\/\"},\"wordCount\":1379,\"publisher\":{\"@id\":\"https:\/\/www.pressenza.com\/es\/#organization\"},\"image\":{\"@id\":\"https:\/\/www.pressenza.com\/es\/2019\/04\/el-gobierno-italiano-y-el-genocidio-armenio\/#primaryimage\"},\"thumbnailUrl\":\"https:\/\/www.pressenza.com\/wp-content\/uploads\/2019\/04\/genocidio-armeno.jpg\",\"keywords\":[\"anniversario genocidio armeno\",\"genocidio armeno\",\"Italia\"],\"articleSection\":[\"Contenido Original\",\"Europa\",\"Medio Oriente\",\"Opiniones\",\"Pol\u00edtica\"],\"inLanguage\":\"es\"},{\"@type\":\"WebPage\",\"@id\":\"https:\/\/www.pressenza.com\/es\/2019\/04\/el-gobierno-italiano-y-el-genocidio-armenio\/\",\"url\":\"https:\/\/www.pressenza.com\/es\/2019\/04\/el-gobierno-italiano-y-el-genocidio-armenio\/\",\"name\":\"El gobierno italiano y el genocidio armenio\",\"isPartOf\":{\"@id\":\"https:\/\/www.pressenza.com\/es\/#website\"},\"primaryImageOfPage\":{\"@id\":\"https:\/\/www.pressenza.com\/es\/2019\/04\/el-gobierno-italiano-y-el-genocidio-armenio\/#primaryimage\"},\"image\":{\"@id\":\"https:\/\/www.pressenza.com\/es\/2019\/04\/el-gobierno-italiano-y-el-genocidio-armenio\/#primaryimage\"},\"thumbnailUrl\":\"https:\/\/www.pressenza.com\/wp-content\/uploads\/2019\/04\/genocidio-armeno.jpg\",\"datePublished\":\"2019-04-15T19:11:49+00:00\",\"description\":\"El 10 de abril, la C\u00e1mara de Representantes aprob\u00f3 la moci\u00f3n unificada por la que el gobierno se compromet\u00eda a \\\"reconocer oficialmente el genocidio\",\"breadcrumb\":{\"@id\":\"https:\/\/www.pressenza.com\/es\/2019\/04\/el-gobierno-italiano-y-el-genocidio-armenio\/#breadcrumb\"},\"inLanguage\":\"es\",\"potentialAction\":[{\"@type\":\"ReadAction\",\"target\":[\"https:\/\/www.pressenza.com\/es\/2019\/04\/el-gobierno-italiano-y-el-genocidio-armenio\/\"]}]},{\"@type\":\"ImageObject\",\"inLanguage\":\"es\",\"@id\":\"https:\/\/www.pressenza.com\/es\/2019\/04\/el-gobierno-italiano-y-el-genocidio-armenio\/#primaryimage\",\"url\":\"https:\/\/www.pressenza.com\/wp-content\/uploads\/2019\/04\/genocidio-armeno.jpg\",\"contentUrl\":\"https:\/\/www.pressenza.com\/wp-content\/uploads\/2019\/04\/genocidio-armeno.jpg\",\"width\":806,\"height\":489},{\"@type\":\"BreadcrumbList\",\"@id\":\"https:\/\/www.pressenza.com\/es\/2019\/04\/el-gobierno-italiano-y-el-genocidio-armenio\/#breadcrumb\",\"itemListElement\":[{\"@type\":\"ListItem\",\"position\":1,\"name\":\"Accueil\",\"item\":\"https:\/\/www.pressenza.com\/es\/\"},{\"@type\":\"ListItem\",\"position\":2,\"name\":\"El gobierno italiano y el genocidio armenio\"}]},{\"@type\":\"WebSite\",\"@id\":\"https:\/\/www.pressenza.com\/es\/#website\",\"url\":\"https:\/\/www.pressenza.com\/es\/\",\"name\":\"Pressenza\",\"description\":\"International Press Agency\",\"publisher\":{\"@id\":\"https:\/\/www.pressenza.com\/es\/#organization\"},\"potentialAction\":[{\"@type\":\"SearchAction\",\"target\":{\"@type\":\"EntryPoint\",\"urlTemplate\":\"https:\/\/www.pressenza.com\/es\/?s={search_term_string}\"},\"query-input\":{\"@type\":\"PropertyValueSpecification\",\"valueRequired\":true,\"valueName\":\"search_term_string\"}}],\"inLanguage\":\"es\"},{\"@type\":\"Organization\",\"@id\":\"https:\/\/www.pressenza.com\/es\/#organization\",\"name\":\"Pressenza\",\"url\":\"https:\/\/www.pressenza.com\/es\/\",\"logo\":{\"@type\":\"ImageObject\",\"inLanguage\":\"es\",\"@id\":\"https:\/\/www.pressenza.com\/es\/#\/schema\/logo\/image\/\",\"url\":\"https:\/\/www.pressenza.com\/wp-content\/uploads\/2022\/10\/pressenza_logo_200x200.jpg\",\"contentUrl\":\"https:\/\/www.pressenza.com\/wp-content\/uploads\/2022\/10\/pressenza_logo_200x200.jpg\",\"width\":200,\"height\":200,\"caption\":\"Pressenza\"},\"image\":{\"@id\":\"https:\/\/www.pressenza.com\/es\/#\/schema\/logo\/image\/\"},\"sameAs\":[\"https:\/\/www.facebook.com\/PressenzaItalia\",\"https:\/\/x.com\/PressenzaIPA\"]},{\"@type\":\"Person\",\"@id\":\"https:\/\/www.pressenza.com\/es\/#\/schema\/person\/e3b28c9575cd63576a05d54f8d67d1ac\",\"name\":\"Murat Cinar\",\"description\":\"One of the sons of Constantine, was born in 1981. Fruit of love of an immigrant couple in the former Ottoman city, she from Sebastia (Turkey) he from Batum (Georgia). Raised two steps away from the old Pera, between the Armenian and Jewish cultures. Big passion for photography, cinema, politics and inevitably journalism. After a short academic adventure in International Finance he landed in Italy back in 2001, first in Siena then in Turin, with the desire to study journalism, but he ended up attending Cinema and Television. He specializes in shooting and editing videos, photography and, lately, web marketing. Occasionally he writes in Turkey for the national magazine KaosGL, for the national daily Birgun and for various independent news portals such as Bianet and Sendika. In Italy he wrote for Il Manifesto and the monthly E-il mensile. He is one of the founders of the Glob011 monthly freepress, he worked for BabelMed and Prospettive Altre. Currently has collaborations with Pressenza and Caff\u00e8 dei Giornalisti. As long as he can get a little oxygen out of the city and a few hours free from work, he tries to write stories, frequenrly ironic ones, taken from what he observes and experiences. He tries to enrich his journey with Shiatsu, TaiChi and the passion for Fenerbah\u00e7e.\",\"sameAs\":[\"http:\/\/www.muratcinar.net\",\"https:\/\/www.facebook.com\/muratcinartorino\",\"https:\/\/www.instagram.com\/mcinar1981\",\"https:\/\/x.com\/muratcinar\",\"https:\/\/youtube.com\/c\/muratcinar\"],\"url\":\"https:\/\/www.pressenza.com\/es\/author\/murat-cinar\/\"}]}<\/script>\n<!-- \/ Yoast SEO plugin. -->","yoast_head_json":{"title":"El gobierno italiano y el genocidio armenio","description":"El 10 de abril, la C\u00e1mara de Representantes aprob\u00f3 la moci\u00f3n unificada por la que el gobierno se compromet\u00eda a \"reconocer oficialmente el genocidio","robots":{"index":"index","follow":"follow","max-snippet":"max-snippet:-1","max-image-preview":"max-image-preview:large","max-video-preview":"max-video-preview:-1"},"canonical":"https:\/\/www.pressenza.com\/es\/2019\/04\/el-gobierno-italiano-y-el-genocidio-armenio\/","og_locale":"es_ES","og_type":"article","og_title":"El gobierno italiano y el genocidio armenio","og_description":"El 10 de abril, la C\u00e1mara de Representantes aprob\u00f3 la moci\u00f3n unificada por la que el gobierno se compromet\u00eda a \"reconocer oficialmente el genocidio","og_url":"https:\/\/www.pressenza.com\/es\/2019\/04\/el-gobierno-italiano-y-el-genocidio-armenio\/","og_site_name":"Pressenza","article_publisher":"https:\/\/www.facebook.com\/PressenzaItalia","article_author":"https:\/\/www.facebook.com\/muratcinartorino","article_published_time":"2019-04-15T19:11:49+00:00","og_image":[{"width":806,"height":489,"url":"https:\/\/www.pressenza.com\/wp-content\/uploads\/2019\/04\/genocidio-armeno.jpg","type":"image\/jpeg"}],"author":"Murat Cinar","twitter_card":"summary_large_image","twitter_creator":"@muratcinar","twitter_site":"@PressenzaIPA","twitter_misc":{"Escrito por":"Murat Cinar","Tiempo de lectura":"7 minutos"},"schema":{"@context":"https:\/\/schema.org","@graph":[{"@type":"Article","@id":"https:\/\/www.pressenza.com\/es\/2019\/04\/el-gobierno-italiano-y-el-genocidio-armenio\/#article","isPartOf":{"@id":"https:\/\/www.pressenza.com\/es\/2019\/04\/el-gobierno-italiano-y-el-genocidio-armenio\/"},"author":{"name":"Murat Cinar","@id":"https:\/\/www.pressenza.com\/es\/#\/schema\/person\/e3b28c9575cd63576a05d54f8d67d1ac"},"headline":"El gobierno italiano y el genocidio armenio","datePublished":"2019-04-15T19:11:49+00:00","mainEntityOfPage":{"@id":"https:\/\/www.pressenza.com\/es\/2019\/04\/el-gobierno-italiano-y-el-genocidio-armenio\/"},"wordCount":1379,"publisher":{"@id":"https:\/\/www.pressenza.com\/es\/#organization"},"image":{"@id":"https:\/\/www.pressenza.com\/es\/2019\/04\/el-gobierno-italiano-y-el-genocidio-armenio\/#primaryimage"},"thumbnailUrl":"https:\/\/www.pressenza.com\/wp-content\/uploads\/2019\/04\/genocidio-armeno.jpg","keywords":["anniversario genocidio armeno","genocidio armeno","Italia"],"articleSection":["Contenido Original","Europa","Medio Oriente","Opiniones","Pol\u00edtica"],"inLanguage":"es"},{"@type":"WebPage","@id":"https:\/\/www.pressenza.com\/es\/2019\/04\/el-gobierno-italiano-y-el-genocidio-armenio\/","url":"https:\/\/www.pressenza.com\/es\/2019\/04\/el-gobierno-italiano-y-el-genocidio-armenio\/","name":"El gobierno italiano y el genocidio armenio","isPartOf":{"@id":"https:\/\/www.pressenza.com\/es\/#website"},"primaryImageOfPage":{"@id":"https:\/\/www.pressenza.com\/es\/2019\/04\/el-gobierno-italiano-y-el-genocidio-armenio\/#primaryimage"},"image":{"@id":"https:\/\/www.pressenza.com\/es\/2019\/04\/el-gobierno-italiano-y-el-genocidio-armenio\/#primaryimage"},"thumbnailUrl":"https:\/\/www.pressenza.com\/wp-content\/uploads\/2019\/04\/genocidio-armeno.jpg","datePublished":"2019-04-15T19:11:49+00:00","description":"El 10 de abril, la C\u00e1mara de Representantes aprob\u00f3 la moci\u00f3n unificada por la que el gobierno se compromet\u00eda a \"reconocer oficialmente el genocidio","breadcrumb":{"@id":"https:\/\/www.pressenza.com\/es\/2019\/04\/el-gobierno-italiano-y-el-genocidio-armenio\/#breadcrumb"},"inLanguage":"es","potentialAction":[{"@type":"ReadAction","target":["https:\/\/www.pressenza.com\/es\/2019\/04\/el-gobierno-italiano-y-el-genocidio-armenio\/"]}]},{"@type":"ImageObject","inLanguage":"es","@id":"https:\/\/www.pressenza.com\/es\/2019\/04\/el-gobierno-italiano-y-el-genocidio-armenio\/#primaryimage","url":"https:\/\/www.pressenza.com\/wp-content\/uploads\/2019\/04\/genocidio-armeno.jpg","contentUrl":"https:\/\/www.pressenza.com\/wp-content\/uploads\/2019\/04\/genocidio-armeno.jpg","width":806,"height":489},{"@type":"BreadcrumbList","@id":"https:\/\/www.pressenza.com\/es\/2019\/04\/el-gobierno-italiano-y-el-genocidio-armenio\/#breadcrumb","itemListElement":[{"@type":"ListItem","position":1,"name":"Accueil","item":"https:\/\/www.pressenza.com\/es\/"},{"@type":"ListItem","position":2,"name":"El gobierno italiano y el genocidio armenio"}]},{"@type":"WebSite","@id":"https:\/\/www.pressenza.com\/es\/#website","url":"https:\/\/www.pressenza.com\/es\/","name":"Pressenza","description":"International Press Agency","publisher":{"@id":"https:\/\/www.pressenza.com\/es\/#organization"},"potentialAction":[{"@type":"SearchAction","target":{"@type":"EntryPoint","urlTemplate":"https:\/\/www.pressenza.com\/es\/?s={search_term_string}"},"query-input":{"@type":"PropertyValueSpecification","valueRequired":true,"valueName":"search_term_string"}}],"inLanguage":"es"},{"@type":"Organization","@id":"https:\/\/www.pressenza.com\/es\/#organization","name":"Pressenza","url":"https:\/\/www.pressenza.com\/es\/","logo":{"@type":"ImageObject","inLanguage":"es","@id":"https:\/\/www.pressenza.com\/es\/#\/schema\/logo\/image\/","url":"https:\/\/www.pressenza.com\/wp-content\/uploads\/2022\/10\/pressenza_logo_200x200.jpg","contentUrl":"https:\/\/www.pressenza.com\/wp-content\/uploads\/2022\/10\/pressenza_logo_200x200.jpg","width":200,"height":200,"caption":"Pressenza"},"image":{"@id":"https:\/\/www.pressenza.com\/es\/#\/schema\/logo\/image\/"},"sameAs":["https:\/\/www.facebook.com\/PressenzaItalia","https:\/\/x.com\/PressenzaIPA"]},{"@type":"Person","@id":"https:\/\/www.pressenza.com\/es\/#\/schema\/person\/e3b28c9575cd63576a05d54f8d67d1ac","name":"Murat Cinar","description":"One of the sons of Constantine, was born in 1981. Fruit of love of an immigrant couple in the former Ottoman city, she from Sebastia (Turkey) he from Batum (Georgia). Raised two steps away from the old Pera, between the Armenian and Jewish cultures. Big passion for photography, cinema, politics and inevitably journalism. After a short academic adventure in International Finance he landed in Italy back in 2001, first in Siena then in Turin, with the desire to study journalism, but he ended up attending Cinema and Television. He specializes in shooting and editing videos, photography and, lately, web marketing. Occasionally he writes in Turkey for the national magazine KaosGL, for the national daily Birgun and for various independent news portals such as Bianet and Sendika. In Italy he wrote for Il Manifesto and the monthly E-il mensile. He is one of the founders of the Glob011 monthly freepress, he worked for BabelMed and Prospettive Altre. Currently has collaborations with Pressenza and Caff\u00e8 dei Giornalisti. As long as he can get a little oxygen out of the city and a few hours free from work, he tries to write stories, frequenrly ironic ones, taken from what he observes and experiences. He tries to enrich his journey with Shiatsu, TaiChi and the passion for Fenerbah\u00e7e.","sameAs":["http:\/\/www.muratcinar.net","https:\/\/www.facebook.com\/muratcinartorino","https:\/\/www.instagram.com\/mcinar1981","https:\/\/x.com\/muratcinar","https:\/\/youtube.com\/c\/muratcinar"],"url":"https:\/\/www.pressenza.com\/es\/author\/murat-cinar\/"}]}},"place":"","original_article_url":"","_links":{"self":[{"href":"https:\/\/www.pressenza.com\/es\/wp-json\/wp\/v2\/posts\/840584","targetHints":{"allow":["GET"]}}],"collection":[{"href":"https:\/\/www.pressenza.com\/es\/wp-json\/wp\/v2\/posts"}],"about":[{"href":"https:\/\/www.pressenza.com\/es\/wp-json\/wp\/v2\/types\/post"}],"author":[{"embeddable":true,"href":"https:\/\/www.pressenza.com\/es\/wp-json\/wp\/v2\/users\/899"}],"replies":[{"embeddable":true,"href":"https:\/\/www.pressenza.com\/es\/wp-json\/wp\/v2\/comments?post=840584"}],"version-history":[{"count":0,"href":"https:\/\/www.pressenza.com\/es\/wp-json\/wp\/v2\/posts\/840584\/revisions"}],"wp:featuredmedia":[{"embeddable":true,"href":"https:\/\/www.pressenza.com\/es\/wp-json\/wp\/v2\/media\/839571"}],"wp:attachment":[{"href":"https:\/\/www.pressenza.com\/es\/wp-json\/wp\/v2\/media?parent=840584"}],"wp:term":[{"taxonomy":"category","embeddable":true,"href":"https:\/\/www.pressenza.com\/es\/wp-json\/wp\/v2\/categories?post=840584"},{"taxonomy":"post_tag","embeddable":true,"href":"https:\/\/www.pressenza.com\/es\/wp-json\/wp\/v2\/tags?post=840584"}],"curies":[{"name":"wp","href":"https:\/\/api.w.org\/{rel}","templated":true}]}}