{"id":840110,"date":"2019-04-14T21:08:22","date_gmt":"2019-04-14T20:08:22","guid":{"rendered":"https:\/\/www.pressenza.com\/?p=840110"},"modified":"2019-04-14T21:08:22","modified_gmt":"2019-04-14T20:08:22","slug":"caso-lorenza-cayuhan-convocan-a-visibilizar-racismo-y-tortura-del-estado-chileno","status":"publish","type":"post","link":"https:\/\/www.pressenza.com\/es\/2019\/04\/caso-lorenza-cayuhan-convocan-a-visibilizar-racismo-y-tortura-del-estado-chileno\/","title":{"rendered":"Caso Lorenza Cayuhan: convocan a visibilizar racismo y tortura del Estado chileno"},"content":{"rendered":"<p><strong>Comunicado P\u00fablico<\/strong><\/p>\n<p>A m\u00e1s de dos a\u00f1os de la tortura a nuestra lamuen Lorenza Cayuhan Llebul y a su hija Sayen por parte del Estado de Chile como comunidad Mawidanche declaramos lo siguiente:<\/p>\n<p><strong>Ki\u00f1e:<\/strong> Nuestra lamuen Lorenza Cayuhan Llebul, entonces dirigenta de la comunidad Mawidanche del territorio ancestral mapuche Lavkenche, en proceso de recuperaci\u00f3n territorial a empresas forestales de la zona de Antiquina, fue condenada por la justicia chilena a 5 a\u00f1os de privaci\u00f3n de libertad mediante la declaraci\u00f3n de un testigo ocasional sin rostro de una empresa colaboradora de Arauco del grupo Angelini, principal responsable de la sequ\u00eda, la destrucci\u00f3n de nuestra mapu y \u00a0nuestra forma de vida como comunidades Mapuche.<\/p>\n<p><strong>Epu:<\/strong> Privada de libertad el 14 de Octubre del 2016 Lorenza Cayuhan fue trasladada de urgencia a la Cl\u00ednica de la Mujer del Sanatorio Alem\u00e1n por una enfermedad grave no atendida a tiempo. Adem\u00e1s de usar grilletes durante el traslado desde Arauco, \u00a0fue tambi\u00e9n obligada a parir engrillada y en presencia de un carcelero hombre a su prematura hija Sayen, vulnerando los derechos f\u00edsicos, psicol\u00f3gicos y espirituales de nuestra lamuen vinculados al proceso de cuidado de embarazo, parto y puerperio de la mujer mapuche, consignados en diversos convenios y tratados firmados y ratificados por el Estado de Chile.<\/p>\n<p><strong>K\u00fcla:<\/strong> A m\u00e1s de dos a\u00f1os de este irreparable da\u00f1o, todav\u00eda no existe justicia para nuestra lamuen Lorenza ni para la peque\u00f1a Sayen. El personal de salud de la cl\u00ednica a la fecha no ha asumido ning\u00fan tipo de responsabilidad. El entonces Director Regional de Gendarmer\u00eda del Bio B\u00edo en lugar de haber sido destituido, fu\u00e9 ascendido y hoy se desempe\u00f1a como Director Nacional de Gendarmer\u00eda \u00a0y reci\u00e9n este Lunes 15 de abril tres gendarmes de bajo rango; Christian Pino, Andrea Concha y Cristina Segundo se enfrentar\u00e1n a un juicio simplificado, como \u00fanicos responsables del hecho, arriesgando la pena de suspensi\u00f3n de funciones por un a\u00f1o y el pago de una multa de 11 UTM.<\/p>\n<p><strong>Meli:<\/strong> Convocamos a los distintos territorios y comunidades Mapuche a plegarse a este llamado para visibilizar y denunciar el racismo y la tortura que el Estado de Chile ejerce contra nuestras lamuen y pichikeche a trav\u00e9s de sus instituciones, con tal de proteger los intereses econ\u00f3micos del empresariado forestal.\u00a0 Porque sabemos que \u00e9ste no es un hecho aislado y que se suma a las innumerables denuncias de montaje, persecuci\u00f3n y muerte que hemos vivido en territorio lavkenche y que pretende de manera intencionada afectar nuestra convicci\u00f3n y decisi\u00f3n de levantarnos y exigir nuestro leg\u00edtimo derecho a las tierras de nuestros ancestros.<\/p>\n<p>Kom pu che, kom lamuen, kom pu wenuy de todos los territorios, <strong>contamos con su presencia este 15 abril de 2019, desde \u00a0las 9:00 horas a las afueras del Juzgado de Garant\u00eda Local de Concepci\u00f3n (Av. San Juan Bosco N\u00b0 250)<\/strong> donde se dar\u00e1 inicio al juicio contra los gendarmes torturadores de nuestra lamuen Lorenza Cayuhan Llebul.<\/p>\n<p><strong>\u00a1Justicia y reparaci\u00f3n para Lorenza y para Sayen! \u00a1Fuera empresas forestales de Wallmapu!<\/strong><\/p>\n","protected":false},"excerpt":{"rendered":"<p>Comunicado P\u00fablico A m\u00e1s de dos a\u00f1os de la tortura a nuestra lamuen Lorenza Cayuhan Llebul y a su hija Sayen por parte del Estado de Chile como comunidad Mawidanche declaramos lo siguiente: Ki\u00f1e: Nuestra lamuen Lorenza Cayuhan Llebul, entonces&hellip;<\/p>\n","protected":false},"author":43,"featured_media":840112,"comment_status":"closed","ping_status":"closed","sticky":false,"template":"","format":"standard","meta":{"footnotes":""},"categories":[149,54515,80,67],"tags":[29,503,13186,54082,53529,26584,936,1025,22210,3098,18507,9806],"class_list":["post-840110","post","type-post","status-publish","format-standard","has-post-thumbnail","hentry","category-comunicados-de-prensa","category-genero-y-feminismos","category-pueblos-originarios","category-sudamerica","tag-chile","tag-genero","tag-impunidad","tag-indigenas-es","tag-lorenza-cayuhan","tag-mapuce","tag-mapuche-es","tag-mujeres","tag-pueblos-originarios","tag-racismo","tag-territorios","tag-tortura-es"],"yoast_head":"<!-- This site is optimized with the Yoast SEO plugin v27.1.1 - https:\/\/yoast.com\/product\/yoast-seo-wordpress\/ -->\n<title>Caso Lorenza Cayuhan: convocan a visibilizar racismo y tortura del Estado chileno<\/title>\n<meta name=\"description\" content=\"Comunicado P\u00fablico A m\u00e1s de dos a\u00f1os de la tortura a nuestra lamuen Lorenza Cayuhan Llebul y a su hija Sayen por parte del Estado de Chile como comunidad\" \/>\n<meta name=\"robots\" content=\"index, follow, max-snippet:-1, max-image-preview:large, max-video-preview:-1\" \/>\n<link rel=\"canonical\" href=\"https:\/\/www.pressenza.com\/es\/2019\/04\/caso-lorenza-cayuhan-convocan-a-visibilizar-racismo-y-tortura-del-estado-chileno\/\" \/>\n<meta property=\"og:locale\" content=\"es_ES\" \/>\n<meta property=\"og:type\" content=\"article\" \/>\n<meta property=\"og:title\" content=\"Caso Lorenza Cayuhan: convocan a visibilizar racismo y tortura del Estado chileno\" \/>\n<meta property=\"og:description\" content=\"Comunicado P\u00fablico A m\u00e1s de dos a\u00f1os de la tortura a nuestra lamuen Lorenza Cayuhan Llebul y a su hija Sayen por parte del Estado de Chile como comunidad\" \/>\n<meta property=\"og:url\" content=\"https:\/\/www.pressenza.com\/es\/2019\/04\/caso-lorenza-cayuhan-convocan-a-visibilizar-racismo-y-tortura-del-estado-chileno\/\" \/>\n<meta property=\"og:site_name\" content=\"Pressenza\" \/>\n<meta property=\"article:publisher\" content=\"https:\/\/www.facebook.com\/PressenzaItalia\" \/>\n<meta property=\"article:author\" content=\"https:\/\/www.facebook.com\/pressenza\" \/>\n<meta property=\"article:published_time\" content=\"2019-04-14T20:08:22+00:00\" \/>\n<meta property=\"og:image\" content=\"https:\/\/www.pressenza.com\/wp-content\/uploads\/2019\/04\/Lorenza-Cayuhan.jpg\" \/>\n\t<meta property=\"og:image:width\" content=\"750\" \/>\n\t<meta property=\"og:image:height\" content=\"640\" \/>\n\t<meta property=\"og:image:type\" content=\"image\/jpeg\" \/>\n<meta name=\"author\" content=\"Redacci\u00f3n Chile\" \/>\n<meta name=\"twitter:card\" content=\"summary_large_image\" \/>\n<meta name=\"twitter:creator\" content=\"@pressenza\" \/>\n<meta name=\"twitter:site\" content=\"@PressenzaIPA\" \/>\n<meta name=\"twitter:label1\" content=\"Escrito por\" \/>\n\t<meta name=\"twitter:data1\" content=\"Redacci\u00f3n Chile\" \/>\n\t<meta name=\"twitter:label2\" content=\"Tiempo de lectura\" \/>\n\t<meta name=\"twitter:data2\" content=\"3 minutos\" \/>\n<script type=\"application\/ld+json\" class=\"yoast-schema-graph\">{\"@context\":\"https:\/\/schema.org\",\"@graph\":[{\"@type\":\"Article\",\"@id\":\"https:\/\/www.pressenza.com\/es\/2019\/04\/caso-lorenza-cayuhan-convocan-a-visibilizar-racismo-y-tortura-del-estado-chileno\/#article\",\"isPartOf\":{\"@id\":\"https:\/\/www.pressenza.com\/es\/2019\/04\/caso-lorenza-cayuhan-convocan-a-visibilizar-racismo-y-tortura-del-estado-chileno\/\"},\"author\":{\"name\":\"Redacci\u00f3n Chile\",\"@id\":\"https:\/\/www.pressenza.com\/es\/#\/schema\/person\/d7db40df35d6698ba69ba9ee260944ed\"},\"headline\":\"Caso Lorenza Cayuhan: convocan a visibilizar racismo y tortura del Estado chileno\",\"datePublished\":\"2019-04-14T20:08:22+00:00\",\"mainEntityOfPage\":{\"@id\":\"https:\/\/www.pressenza.com\/es\/2019\/04\/caso-lorenza-cayuhan-convocan-a-visibilizar-racismo-y-tortura-del-estado-chileno\/\"},\"wordCount\":540,\"publisher\":{\"@id\":\"https:\/\/www.pressenza.com\/es\/#organization\"},\"image\":{\"@id\":\"https:\/\/www.pressenza.com\/es\/2019\/04\/caso-lorenza-cayuhan-convocan-a-visibilizar-racismo-y-tortura-del-estado-chileno\/#primaryimage\"},\"thumbnailUrl\":\"https:\/\/www.pressenza.com\/wp-content\/uploads\/2019\/04\/Lorenza-Cayuhan.jpg\",\"keywords\":[\"Chile\",\"G\u00e9nero\",\"Impunidad\",\"indigenas\",\"Lorenza Cayuh\u00e1n\",\"mapuce\",\"mapuche\",\"Mujeres\",\"Pueblos Originarios\",\"racismo\",\"territorios\",\"tortura\"],\"articleSection\":[\"Comunicados de Prensa\",\"G\u00e9nero y Feminismos\",\"Pueblos Originarios\",\"Sudam\u00e9rica\"],\"inLanguage\":\"es\"},{\"@type\":\"WebPage\",\"@id\":\"https:\/\/www.pressenza.com\/es\/2019\/04\/caso-lorenza-cayuhan-convocan-a-visibilizar-racismo-y-tortura-del-estado-chileno\/\",\"url\":\"https:\/\/www.pressenza.com\/es\/2019\/04\/caso-lorenza-cayuhan-convocan-a-visibilizar-racismo-y-tortura-del-estado-chileno\/\",\"name\":\"Caso Lorenza Cayuhan: convocan a visibilizar racismo y tortura del Estado chileno\",\"isPartOf\":{\"@id\":\"https:\/\/www.pressenza.com\/es\/#website\"},\"primaryImageOfPage\":{\"@id\":\"https:\/\/www.pressenza.com\/es\/2019\/04\/caso-lorenza-cayuhan-convocan-a-visibilizar-racismo-y-tortura-del-estado-chileno\/#primaryimage\"},\"image\":{\"@id\":\"https:\/\/www.pressenza.com\/es\/2019\/04\/caso-lorenza-cayuhan-convocan-a-visibilizar-racismo-y-tortura-del-estado-chileno\/#primaryimage\"},\"thumbnailUrl\":\"https:\/\/www.pressenza.com\/wp-content\/uploads\/2019\/04\/Lorenza-Cayuhan.jpg\",\"datePublished\":\"2019-04-14T20:08:22+00:00\",\"description\":\"Comunicado P\u00fablico A m\u00e1s de dos a\u00f1os de la tortura a nuestra lamuen Lorenza Cayuhan Llebul y a su hija Sayen por parte del Estado de Chile como comunidad\",\"breadcrumb\":{\"@id\":\"https:\/\/www.pressenza.com\/es\/2019\/04\/caso-lorenza-cayuhan-convocan-a-visibilizar-racismo-y-tortura-del-estado-chileno\/#breadcrumb\"},\"inLanguage\":\"es\",\"potentialAction\":[{\"@type\":\"ReadAction\",\"target\":[\"https:\/\/www.pressenza.com\/es\/2019\/04\/caso-lorenza-cayuhan-convocan-a-visibilizar-racismo-y-tortura-del-estado-chileno\/\"]}]},{\"@type\":\"ImageObject\",\"inLanguage\":\"es\",\"@id\":\"https:\/\/www.pressenza.com\/es\/2019\/04\/caso-lorenza-cayuhan-convocan-a-visibilizar-racismo-y-tortura-del-estado-chileno\/#primaryimage\",\"url\":\"https:\/\/www.pressenza.com\/wp-content\/uploads\/2019\/04\/Lorenza-Cayuhan.jpg\",\"contentUrl\":\"https:\/\/www.pressenza.com\/wp-content\/uploads\/2019\/04\/Lorenza-Cayuhan.jpg\",\"width\":750,\"height\":640},{\"@type\":\"BreadcrumbList\",\"@id\":\"https:\/\/www.pressenza.com\/es\/2019\/04\/caso-lorenza-cayuhan-convocan-a-visibilizar-racismo-y-tortura-del-estado-chileno\/#breadcrumb\",\"itemListElement\":[{\"@type\":\"ListItem\",\"position\":1,\"name\":\"Accueil\",\"item\":\"https:\/\/www.pressenza.com\/es\/\"},{\"@type\":\"ListItem\",\"position\":2,\"name\":\"Caso Lorenza Cayuhan: convocan a visibilizar racismo y tortura del Estado chileno\"}]},{\"@type\":\"WebSite\",\"@id\":\"https:\/\/www.pressenza.com\/es\/#website\",\"url\":\"https:\/\/www.pressenza.com\/es\/\",\"name\":\"Pressenza\",\"description\":\"International Press Agency\",\"publisher\":{\"@id\":\"https:\/\/www.pressenza.com\/es\/#organization\"},\"potentialAction\":[{\"@type\":\"SearchAction\",\"target\":{\"@type\":\"EntryPoint\",\"urlTemplate\":\"https:\/\/www.pressenza.com\/es\/?s={search_term_string}\"},\"query-input\":{\"@type\":\"PropertyValueSpecification\",\"valueRequired\":true,\"valueName\":\"search_term_string\"}}],\"inLanguage\":\"es\"},{\"@type\":\"Organization\",\"@id\":\"https:\/\/www.pressenza.com\/es\/#organization\",\"name\":\"Pressenza\",\"url\":\"https:\/\/www.pressenza.com\/es\/\",\"logo\":{\"@type\":\"ImageObject\",\"inLanguage\":\"es\",\"@id\":\"https:\/\/www.pressenza.com\/es\/#\/schema\/logo\/image\/\",\"url\":\"https:\/\/www.pressenza.com\/wp-content\/uploads\/2022\/10\/pressenza_logo_200x200.jpg\",\"contentUrl\":\"https:\/\/www.pressenza.com\/wp-content\/uploads\/2022\/10\/pressenza_logo_200x200.jpg\",\"width\":200,\"height\":200,\"caption\":\"Pressenza\"},\"image\":{\"@id\":\"https:\/\/www.pressenza.com\/es\/#\/schema\/logo\/image\/\"},\"sameAs\":[\"https:\/\/www.facebook.com\/PressenzaItalia\",\"https:\/\/x.com\/PressenzaIPA\"]},{\"@type\":\"Person\",\"@id\":\"https:\/\/www.pressenza.com\/es\/#\/schema\/person\/d7db40df35d6698ba69ba9ee260944ed\",\"name\":\"Redacci\u00f3n Chile\",\"description\":\"News from the Pressenza Bureau in Chile\",\"sameAs\":[\"https:\/\/www.facebook.com\/pressenza\",\"https:\/\/x.com\/pressenza\"],\"url\":\"https:\/\/www.pressenza.com\/es\/author\/redaccion-chile\/\"}]}<\/script>\n<!-- \/ Yoast SEO plugin. -->","yoast_head_json":{"title":"Caso Lorenza Cayuhan: convocan a visibilizar racismo y tortura del Estado chileno","description":"Comunicado P\u00fablico A m\u00e1s de dos a\u00f1os de la tortura a nuestra lamuen Lorenza Cayuhan Llebul y a su hija Sayen por parte del Estado de Chile como comunidad","robots":{"index":"index","follow":"follow","max-snippet":"max-snippet:-1","max-image-preview":"max-image-preview:large","max-video-preview":"max-video-preview:-1"},"canonical":"https:\/\/www.pressenza.com\/es\/2019\/04\/caso-lorenza-cayuhan-convocan-a-visibilizar-racismo-y-tortura-del-estado-chileno\/","og_locale":"es_ES","og_type":"article","og_title":"Caso Lorenza Cayuhan: convocan a visibilizar racismo y tortura del Estado chileno","og_description":"Comunicado P\u00fablico A m\u00e1s de dos a\u00f1os de la tortura a nuestra lamuen Lorenza Cayuhan Llebul y a su hija Sayen por parte del Estado de Chile como comunidad","og_url":"https:\/\/www.pressenza.com\/es\/2019\/04\/caso-lorenza-cayuhan-convocan-a-visibilizar-racismo-y-tortura-del-estado-chileno\/","og_site_name":"Pressenza","article_publisher":"https:\/\/www.facebook.com\/PressenzaItalia","article_author":"https:\/\/www.facebook.com\/pressenza","article_published_time":"2019-04-14T20:08:22+00:00","og_image":[{"width":750,"height":640,"url":"https:\/\/www.pressenza.com\/wp-content\/uploads\/2019\/04\/Lorenza-Cayuhan.jpg","type":"image\/jpeg"}],"author":"Redacci\u00f3n Chile","twitter_card":"summary_large_image","twitter_creator":"@pressenza","twitter_site":"@PressenzaIPA","twitter_misc":{"Escrito por":"Redacci\u00f3n Chile","Tiempo de lectura":"3 minutos"},"schema":{"@context":"https:\/\/schema.org","@graph":[{"@type":"Article","@id":"https:\/\/www.pressenza.com\/es\/2019\/04\/caso-lorenza-cayuhan-convocan-a-visibilizar-racismo-y-tortura-del-estado-chileno\/#article","isPartOf":{"@id":"https:\/\/www.pressenza.com\/es\/2019\/04\/caso-lorenza-cayuhan-convocan-a-visibilizar-racismo-y-tortura-del-estado-chileno\/"},"author":{"name":"Redacci\u00f3n Chile","@id":"https:\/\/www.pressenza.com\/es\/#\/schema\/person\/d7db40df35d6698ba69ba9ee260944ed"},"headline":"Caso Lorenza Cayuhan: convocan a visibilizar racismo y tortura del Estado chileno","datePublished":"2019-04-14T20:08:22+00:00","mainEntityOfPage":{"@id":"https:\/\/www.pressenza.com\/es\/2019\/04\/caso-lorenza-cayuhan-convocan-a-visibilizar-racismo-y-tortura-del-estado-chileno\/"},"wordCount":540,"publisher":{"@id":"https:\/\/www.pressenza.com\/es\/#organization"},"image":{"@id":"https:\/\/www.pressenza.com\/es\/2019\/04\/caso-lorenza-cayuhan-convocan-a-visibilizar-racismo-y-tortura-del-estado-chileno\/#primaryimage"},"thumbnailUrl":"https:\/\/www.pressenza.com\/wp-content\/uploads\/2019\/04\/Lorenza-Cayuhan.jpg","keywords":["Chile","G\u00e9nero","Impunidad","indigenas","Lorenza Cayuh\u00e1n","mapuce","mapuche","Mujeres","Pueblos Originarios","racismo","territorios","tortura"],"articleSection":["Comunicados de Prensa","G\u00e9nero y Feminismos","Pueblos Originarios","Sudam\u00e9rica"],"inLanguage":"es"},{"@type":"WebPage","@id":"https:\/\/www.pressenza.com\/es\/2019\/04\/caso-lorenza-cayuhan-convocan-a-visibilizar-racismo-y-tortura-del-estado-chileno\/","url":"https:\/\/www.pressenza.com\/es\/2019\/04\/caso-lorenza-cayuhan-convocan-a-visibilizar-racismo-y-tortura-del-estado-chileno\/","name":"Caso Lorenza Cayuhan: convocan a visibilizar racismo y tortura del Estado chileno","isPartOf":{"@id":"https:\/\/www.pressenza.com\/es\/#website"},"primaryImageOfPage":{"@id":"https:\/\/www.pressenza.com\/es\/2019\/04\/caso-lorenza-cayuhan-convocan-a-visibilizar-racismo-y-tortura-del-estado-chileno\/#primaryimage"},"image":{"@id":"https:\/\/www.pressenza.com\/es\/2019\/04\/caso-lorenza-cayuhan-convocan-a-visibilizar-racismo-y-tortura-del-estado-chileno\/#primaryimage"},"thumbnailUrl":"https:\/\/www.pressenza.com\/wp-content\/uploads\/2019\/04\/Lorenza-Cayuhan.jpg","datePublished":"2019-04-14T20:08:22+00:00","description":"Comunicado P\u00fablico A m\u00e1s de dos a\u00f1os de la tortura a nuestra lamuen Lorenza Cayuhan Llebul y a su hija Sayen por parte del Estado de Chile como comunidad","breadcrumb":{"@id":"https:\/\/www.pressenza.com\/es\/2019\/04\/caso-lorenza-cayuhan-convocan-a-visibilizar-racismo-y-tortura-del-estado-chileno\/#breadcrumb"},"inLanguage":"es","potentialAction":[{"@type":"ReadAction","target":["https:\/\/www.pressenza.com\/es\/2019\/04\/caso-lorenza-cayuhan-convocan-a-visibilizar-racismo-y-tortura-del-estado-chileno\/"]}]},{"@type":"ImageObject","inLanguage":"es","@id":"https:\/\/www.pressenza.com\/es\/2019\/04\/caso-lorenza-cayuhan-convocan-a-visibilizar-racismo-y-tortura-del-estado-chileno\/#primaryimage","url":"https:\/\/www.pressenza.com\/wp-content\/uploads\/2019\/04\/Lorenza-Cayuhan.jpg","contentUrl":"https:\/\/www.pressenza.com\/wp-content\/uploads\/2019\/04\/Lorenza-Cayuhan.jpg","width":750,"height":640},{"@type":"BreadcrumbList","@id":"https:\/\/www.pressenza.com\/es\/2019\/04\/caso-lorenza-cayuhan-convocan-a-visibilizar-racismo-y-tortura-del-estado-chileno\/#breadcrumb","itemListElement":[{"@type":"ListItem","position":1,"name":"Accueil","item":"https:\/\/www.pressenza.com\/es\/"},{"@type":"ListItem","position":2,"name":"Caso Lorenza Cayuhan: convocan a visibilizar racismo y tortura del Estado chileno"}]},{"@type":"WebSite","@id":"https:\/\/www.pressenza.com\/es\/#website","url":"https:\/\/www.pressenza.com\/es\/","name":"Pressenza","description":"International Press Agency","publisher":{"@id":"https:\/\/www.pressenza.com\/es\/#organization"},"potentialAction":[{"@type":"SearchAction","target":{"@type":"EntryPoint","urlTemplate":"https:\/\/www.pressenza.com\/es\/?s={search_term_string}"},"query-input":{"@type":"PropertyValueSpecification","valueRequired":true,"valueName":"search_term_string"}}],"inLanguage":"es"},{"@type":"Organization","@id":"https:\/\/www.pressenza.com\/es\/#organization","name":"Pressenza","url":"https:\/\/www.pressenza.com\/es\/","logo":{"@type":"ImageObject","inLanguage":"es","@id":"https:\/\/www.pressenza.com\/es\/#\/schema\/logo\/image\/","url":"https:\/\/www.pressenza.com\/wp-content\/uploads\/2022\/10\/pressenza_logo_200x200.jpg","contentUrl":"https:\/\/www.pressenza.com\/wp-content\/uploads\/2022\/10\/pressenza_logo_200x200.jpg","width":200,"height":200,"caption":"Pressenza"},"image":{"@id":"https:\/\/www.pressenza.com\/es\/#\/schema\/logo\/image\/"},"sameAs":["https:\/\/www.facebook.com\/PressenzaItalia","https:\/\/x.com\/PressenzaIPA"]},{"@type":"Person","@id":"https:\/\/www.pressenza.com\/es\/#\/schema\/person\/d7db40df35d6698ba69ba9ee260944ed","name":"Redacci\u00f3n Chile","description":"News from the Pressenza Bureau in Chile","sameAs":["https:\/\/www.facebook.com\/pressenza","https:\/\/x.com\/pressenza"],"url":"https:\/\/www.pressenza.com\/es\/author\/redaccion-chile\/"}]}},"place":"Santiago, Chile","original_article_url":"","_links":{"self":[{"href":"https:\/\/www.pressenza.com\/es\/wp-json\/wp\/v2\/posts\/840110","targetHints":{"allow":["GET"]}}],"collection":[{"href":"https:\/\/www.pressenza.com\/es\/wp-json\/wp\/v2\/posts"}],"about":[{"href":"https:\/\/www.pressenza.com\/es\/wp-json\/wp\/v2\/types\/post"}],"author":[{"embeddable":true,"href":"https:\/\/www.pressenza.com\/es\/wp-json\/wp\/v2\/users\/43"}],"replies":[{"embeddable":true,"href":"https:\/\/www.pressenza.com\/es\/wp-json\/wp\/v2\/comments?post=840110"}],"version-history":[{"count":0,"href":"https:\/\/www.pressenza.com\/es\/wp-json\/wp\/v2\/posts\/840110\/revisions"}],"wp:featuredmedia":[{"embeddable":true,"href":"https:\/\/www.pressenza.com\/es\/wp-json\/wp\/v2\/media\/840112"}],"wp:attachment":[{"href":"https:\/\/www.pressenza.com\/es\/wp-json\/wp\/v2\/media?parent=840110"}],"wp:term":[{"taxonomy":"category","embeddable":true,"href":"https:\/\/www.pressenza.com\/es\/wp-json\/wp\/v2\/categories?post=840110"},{"taxonomy":"post_tag","embeddable":true,"href":"https:\/\/www.pressenza.com\/es\/wp-json\/wp\/v2\/tags?post=840110"}],"curies":[{"name":"wp","href":"https:\/\/api.w.org\/{rel}","templated":true}]}}