{"id":837923,"date":"2019-04-10T15:28:24","date_gmt":"2019-04-10T14:28:24","guid":{"rendered":"https:\/\/www.pressenza.com\/?p=837923"},"modified":"2019-04-10T15:28:24","modified_gmt":"2019-04-10T14:28:24","slug":"quien-mato-a-mi-hermano","status":"publish","type":"post","link":"https:\/\/www.pressenza.com\/es\/2019\/04\/quien-mato-a-mi-hermano\/","title":{"rendered":"\u00ab\u00bfQui\u00e9n mat\u00f3 a mi hermano?\u00bb"},"content":{"rendered":"<p><em>Por<strong> Agustina Salinas<\/strong><\/em><\/p>\n<h4>La peli de Luciano: entre el dolor y la lucha colectiva<\/h4>\n<p>Este domingo (7) se vio por primera vez en cines <em>\u00bfQui\u00e9n\u00a0mat\u00f3 a mi hermano?<\/em>, la pel\u00edcula de Ana Fraile y Lucas Scavino que recorre la tr\u00e1gica historia de Luciano Arruga y, en paralelo, la construcci\u00f3n colectiva de Familiares y Amigos.<\/p>\n<p>Vanesa Orieta cuenta que su angustia aumenta a medida que se acerca a la General Paz. Ah\u00ed es donde Luciano corri\u00f3 escapando, con miedo, de no sabemos cu\u00e1ntas vejaciones, torturas y humillaciones por parte de la polic\u00eda aquel 31 de enero de 2009. Desde ese d\u00eda, Luciano se sum\u00f3 a la lista de desaparecidos en democracia. La perversi\u00f3n de poder hacer y deshacer impunemente se estaba desbarantando porque Luciano dijo NO. Y al decir \u201cno robo para la polic\u00eda\u201d se le responde con torturas. En el recorrido de la pel\u00edcula, Vanesa recuerda la impunidad en el caso de la desaparici\u00f3n, tortura y muerte de su hermano Luciano, y reconoce que tiene furia. Lo que desea es que \u201cel caso de Luciano visibilice la problem\u00e1tica de represi\u00f3n y violaci\u00f3n de derechos que sufren los pibes y las pibas pobres\u201d. Esto y much\u00edsimo m\u00e1s, dice Vanesa en el documental <em>\u00bfQui\u00e9n mat\u00f3 a mi hermano?<\/em>, de Ana Fraile y Lucas Scavino, que se estren\u00f3 ayer en el BAFICI.<\/p>\n<p>No sabr\u00eda qu\u00e9 agregar a esos relatos del documental. Familiares y Amigues lo dijeron todo. Se lo dijeron en la cara al torturador de Luciano, el oficial de la polic\u00eda Diego Torales. Se lo dijeron en la cara al abogado Juan Grimberg, defensor del torturador: <em>\u00abMi hijo era cartonero porque decidi\u00f3 no robar para la polic\u00eda\u00bb<\/em>, dijo Moni, su mam\u00e1, en ese juicio. Se lo dijeron al cord\u00f3n de polic\u00edas: <em>\u201c\u00a1Ustedes son una manga de lacras! Mi nieto no quiso robar para ustedes, por eso lo masacraron\u201d<\/em>, grit\u00f3 Marta, la abuela de Luciano. Lo dijeron todo, se\u00f1alaron a toda la cadena de responsabilidades en la desaparici\u00f3n de Luciano: a los polic\u00edas, al juez, a la fiscal, al intendente, al gobernador. Nunca se callaron ni se cansaron de preguntar: \u00bfd\u00f3nde est\u00e1 Luciano? Armaron afiches, stencils, remeras. Montaron una radio para desbaratar el relato hegem\u00f3nico y para seguir preguntando: \u00bfd\u00f3nde est\u00e1 Luciano? Se bancaron lo peor de la miseria estatal: el poder institucional para armar un plan de impunidad y persecuci\u00f3n. Porque la desaparici\u00f3n de Luciano continu\u00f3 con un hostigamiento constante a todxs lxs familiares y amigxs. Sin embargo, el abrazo colectivo y la organizaci\u00f3n entre ellos y ellas fue determinante para desentra\u00f1ar qu\u00e9 pas\u00f3 con Luciano.<\/p>\n<p><em>\u00bfD\u00f3nde est\u00e1 mi hermano?<\/em> fue el primer t\u00edtulo del documental, que se ve tachado intencionalmente en el afiche&#8230; En el transcurso del registro audiovisual, encontraron el cuerpo de Luciano. Luego de 5 a\u00f1os y 8 meses de atropellos \u2013por usar una definici\u00f3n o sin\u00f3nimo absurdo de todo lo injusto\u2013 lo cambiaron por <em>\u201c\u00bfQui\u00e9n mat\u00f3 a mi hermano?\u201d<\/em>. La lucha de familiares y amigxs tuvo ese desenlace pero no un final. Encontrarlo fue el resultado de un camino que no se termin\u00f3, se replic\u00f3 en muchas m\u00e1s denuncias a la represi\u00f3n estatal.<\/p>\n<p>Si hay algo que es constante en el documental son las emociones: llantos, tristezas, furia. En las secuencias silenciosas de la pel\u00edcula, que muestran el barrio 12 de octubre con fondos de luz azul policial, dentro de la sala de cine se escuchan los llantos. Incluso varixs trabajadorxs del festival se sumaron a mirar. No emocionarse con esa sucesi\u00f3n de relatos descriptos es muy dificil. Si nos duele mirarlos, sentirlos en el cuerpo es inexplicable. Y bien lo dice Pablo Bregante despu\u00e9s de tocar unos acordes: <em>\u201cme pasa algo raro, no s\u00e9 por qu\u00e9\u201d<\/em>. Debe ser esa molestia llamada injusticia. O \u00abjusticia de mierda\u00bb, como grit\u00f3 Vanesa.<\/p>\n<hr \/>\n<p>Nota de edici\u00f3n<br \/>\nOtras proyecciones: mi\u00e9rcoles 10 de abril, 16:55 horas y el domingo 14 de abril, 15:10 horas. Cine: Multiplex Belgrano. Precio regular de las entradas: \u00a0$70. Jubilados y estudiantes: $50<\/p>\n","protected":false},"excerpt":{"rendered":"<p>Por Agustina Salinas La peli de Luciano: entre el dolor y la lucha colectiva Este domingo (7) se vio por primera vez en cines \u00bfQui\u00e9n\u00a0mat\u00f3 a mi hermano?, la pel\u00edcula de Ana Fraile y Lucas Scavino que recorre la tr\u00e1gica&hellip;<\/p>\n","protected":false},"author":1497,"featured_media":837925,"comment_status":"closed","ping_status":"closed","sticky":false,"template":"","format":"standard","meta":{"footnotes":""},"categories":[79,46976,67],"tags":[23565,3305,441,6903,12938,702,57451,17434,729],"class_list":["post-837923","post","type-post","status-publish","format-standard","has-post-thumbnail","hentry","category-derechos-humanos","category-jovenes","category-sudamerica","tag-bafici","tag-cine","tag-derechos-humanos","tag-desaparecidos-es","tag-luciano-arruga","tag-represion","tag-vanesa-orieta","tag-violencia-institucional","tag-violencia-policial"],"yoast_head":"<!-- This site is optimized with the Yoast SEO plugin v27.1.1 - https:\/\/yoast.com\/product\/yoast-seo-wordpress\/ -->\n<title>&quot;\u00bfQui\u00e9n mat\u00f3 a mi hermano?&quot;<\/title>\n<meta name=\"description\" content=\"Por Agustina Salinas La peli de Luciano: entre el dolor y la lucha colectiva Este domingo (7) se vio por primera vez en cines \u00bfQui\u00e9n\u00a0mat\u00f3 a mi hermano?,\" \/>\n<meta name=\"robots\" content=\"index, follow, max-snippet:-1, max-image-preview:large, max-video-preview:-1\" \/>\n<link rel=\"canonical\" href=\"https:\/\/www.pressenza.com\/es\/2019\/04\/quien-mato-a-mi-hermano\/\" \/>\n<meta property=\"og:locale\" content=\"es_ES\" \/>\n<meta property=\"og:type\" content=\"article\" \/>\n<meta property=\"og:title\" content=\"&quot;\u00bfQui\u00e9n mat\u00f3 a mi hermano?&quot;\" \/>\n<meta property=\"og:description\" content=\"Por Agustina Salinas La peli de Luciano: entre el dolor y la lucha colectiva Este domingo (7) se vio por primera vez en cines \u00bfQui\u00e9n\u00a0mat\u00f3 a mi hermano?,\" \/>\n<meta property=\"og:url\" content=\"https:\/\/www.pressenza.com\/es\/2019\/04\/quien-mato-a-mi-hermano\/\" \/>\n<meta property=\"og:site_name\" content=\"Pressenza\" \/>\n<meta property=\"article:publisher\" content=\"https:\/\/www.facebook.com\/PressenzaItalia\" \/>\n<meta property=\"article:published_time\" content=\"2019-04-10T14:28:24+00:00\" \/>\n<meta property=\"og:image\" content=\"https:\/\/www.pressenza.com\/wp-content\/uploads\/2019\/04\/Agustina-Salinas-La-Retaguardia.jpg\" \/>\n\t<meta property=\"og:image:width\" content=\"1024\" \/>\n\t<meta property=\"og:image:height\" content=\"681\" \/>\n\t<meta property=\"og:image:type\" content=\"image\/jpeg\" \/>\n<meta name=\"author\" content=\"La Retaguardia\" \/>\n<meta name=\"twitter:card\" content=\"summary_large_image\" \/>\n<meta name=\"twitter:creator\" content=\"@PressenzaIPA\" \/>\n<meta name=\"twitter:site\" content=\"@PressenzaIPA\" \/>\n<meta name=\"twitter:label1\" content=\"Escrito por\" \/>\n\t<meta name=\"twitter:data1\" content=\"La Retaguardia\" \/>\n\t<meta name=\"twitter:label2\" content=\"Tiempo de lectura\" \/>\n\t<meta name=\"twitter:data2\" content=\"3 minutos\" \/>\n<script type=\"application\/ld+json\" class=\"yoast-schema-graph\">{\"@context\":\"https:\/\/schema.org\",\"@graph\":[{\"@type\":\"Article\",\"@id\":\"https:\/\/www.pressenza.com\/es\/2019\/04\/quien-mato-a-mi-hermano\/#article\",\"isPartOf\":{\"@id\":\"https:\/\/www.pressenza.com\/es\/2019\/04\/quien-mato-a-mi-hermano\/\"},\"author\":{\"name\":\"La Retaguardia\",\"@id\":\"https:\/\/www.pressenza.com\/es\/#\/schema\/person\/98a38263ecdcc396a0f9c0adad4a5ce8\"},\"headline\":\"\u00ab\u00bfQui\u00e9n mat\u00f3 a mi hermano?\u00bb\",\"datePublished\":\"2019-04-10T14:28:24+00:00\",\"mainEntityOfPage\":{\"@id\":\"https:\/\/www.pressenza.com\/es\/2019\/04\/quien-mato-a-mi-hermano\/\"},\"wordCount\":694,\"publisher\":{\"@id\":\"https:\/\/www.pressenza.com\/es\/#organization\"},\"image\":{\"@id\":\"https:\/\/www.pressenza.com\/es\/2019\/04\/quien-mato-a-mi-hermano\/#primaryimage\"},\"thumbnailUrl\":\"https:\/\/www.pressenza.com\/wp-content\/uploads\/2019\/04\/Agustina-Salinas-La-Retaguardia.jpg\",\"keywords\":[\"Bafici\",\"cine\",\"Derechos humanos\",\"desaparecidos\",\"Luciano Arruga\",\"represi\u00f3n\",\"Vanesa Orieta\",\"Violencia institucional\",\"Violencia policial\"],\"articleSection\":[\"Derechos Humanos\",\"J\u00f3venes\",\"Sudam\u00e9rica\"],\"inLanguage\":\"es\"},{\"@type\":\"WebPage\",\"@id\":\"https:\/\/www.pressenza.com\/es\/2019\/04\/quien-mato-a-mi-hermano\/\",\"url\":\"https:\/\/www.pressenza.com\/es\/2019\/04\/quien-mato-a-mi-hermano\/\",\"name\":\"\\\"\u00bfQui\u00e9n mat\u00f3 a mi hermano?\\\"\",\"isPartOf\":{\"@id\":\"https:\/\/www.pressenza.com\/es\/#website\"},\"primaryImageOfPage\":{\"@id\":\"https:\/\/www.pressenza.com\/es\/2019\/04\/quien-mato-a-mi-hermano\/#primaryimage\"},\"image\":{\"@id\":\"https:\/\/www.pressenza.com\/es\/2019\/04\/quien-mato-a-mi-hermano\/#primaryimage\"},\"thumbnailUrl\":\"https:\/\/www.pressenza.com\/wp-content\/uploads\/2019\/04\/Agustina-Salinas-La-Retaguardia.jpg\",\"datePublished\":\"2019-04-10T14:28:24+00:00\",\"description\":\"Por Agustina Salinas La peli de Luciano: entre el dolor y la lucha colectiva Este domingo (7) se vio por primera vez en cines \u00bfQui\u00e9n\u00a0mat\u00f3 a mi hermano?,\",\"breadcrumb\":{\"@id\":\"https:\/\/www.pressenza.com\/es\/2019\/04\/quien-mato-a-mi-hermano\/#breadcrumb\"},\"inLanguage\":\"es\",\"potentialAction\":[{\"@type\":\"ReadAction\",\"target\":[\"https:\/\/www.pressenza.com\/es\/2019\/04\/quien-mato-a-mi-hermano\/\"]}]},{\"@type\":\"ImageObject\",\"inLanguage\":\"es\",\"@id\":\"https:\/\/www.pressenza.com\/es\/2019\/04\/quien-mato-a-mi-hermano\/#primaryimage\",\"url\":\"https:\/\/www.pressenza.com\/wp-content\/uploads\/2019\/04\/Agustina-Salinas-La-Retaguardia.jpg\",\"contentUrl\":\"https:\/\/www.pressenza.com\/wp-content\/uploads\/2019\/04\/Agustina-Salinas-La-Retaguardia.jpg\",\"width\":1024,\"height\":681},{\"@type\":\"BreadcrumbList\",\"@id\":\"https:\/\/www.pressenza.com\/es\/2019\/04\/quien-mato-a-mi-hermano\/#breadcrumb\",\"itemListElement\":[{\"@type\":\"ListItem\",\"position\":1,\"name\":\"Accueil\",\"item\":\"https:\/\/www.pressenza.com\/es\/\"},{\"@type\":\"ListItem\",\"position\":2,\"name\":\"\u00ab\u00bfQui\u00e9n mat\u00f3 a mi hermano?\u00bb\"}]},{\"@type\":\"WebSite\",\"@id\":\"https:\/\/www.pressenza.com\/es\/#website\",\"url\":\"https:\/\/www.pressenza.com\/es\/\",\"name\":\"Pressenza\",\"description\":\"International Press Agency\",\"publisher\":{\"@id\":\"https:\/\/www.pressenza.com\/es\/#organization\"},\"potentialAction\":[{\"@type\":\"SearchAction\",\"target\":{\"@type\":\"EntryPoint\",\"urlTemplate\":\"https:\/\/www.pressenza.com\/es\/?s={search_term_string}\"},\"query-input\":{\"@type\":\"PropertyValueSpecification\",\"valueRequired\":true,\"valueName\":\"search_term_string\"}}],\"inLanguage\":\"es\"},{\"@type\":\"Organization\",\"@id\":\"https:\/\/www.pressenza.com\/es\/#organization\",\"name\":\"Pressenza\",\"url\":\"https:\/\/www.pressenza.com\/es\/\",\"logo\":{\"@type\":\"ImageObject\",\"inLanguage\":\"es\",\"@id\":\"https:\/\/www.pressenza.com\/es\/#\/schema\/logo\/image\/\",\"url\":\"https:\/\/www.pressenza.com\/wp-content\/uploads\/2022\/10\/pressenza_logo_200x200.jpg\",\"contentUrl\":\"https:\/\/www.pressenza.com\/wp-content\/uploads\/2022\/10\/pressenza_logo_200x200.jpg\",\"width\":200,\"height\":200,\"caption\":\"Pressenza\"},\"image\":{\"@id\":\"https:\/\/www.pressenza.com\/es\/#\/schema\/logo\/image\/\"},\"sameAs\":[\"https:\/\/www.facebook.com\/PressenzaItalia\",\"https:\/\/x.com\/PressenzaIPA\"]},{\"@type\":\"Person\",\"@id\":\"https:\/\/www.pressenza.com\/es\/#\/schema\/person\/98a38263ecdcc396a0f9c0adad4a5ce8\",\"name\":\"La Retaguardia\",\"description\":\"La Retaguardia es un colectivo de Periodismo Social con base en Argentina. Somos una radio online, un portal de noticias y tambi\u00e9n una revista de publicaci\u00f3n mensual en papel. Participamos del movimiento de medios comunitarios, alternativos y populares, integrando la Red Nacional de Medios Alternativos. Queremos cambiar el mundo y nuestra herramienta es la comunicaci\u00f3n popular. www.laretaguardia.com.ar\",\"sameAs\":[\"http:\/\/www.laretaguardia.com.ar\/\"],\"url\":\"https:\/\/www.pressenza.com\/es\/author\/la-retaguardia\/\"}]}<\/script>\n<!-- \/ Yoast SEO plugin. -->","yoast_head_json":{"title":"\"\u00bfQui\u00e9n mat\u00f3 a mi hermano?\"","description":"Por Agustina Salinas La peli de Luciano: entre el dolor y la lucha colectiva Este domingo (7) se vio por primera vez en cines \u00bfQui\u00e9n\u00a0mat\u00f3 a mi hermano?,","robots":{"index":"index","follow":"follow","max-snippet":"max-snippet:-1","max-image-preview":"max-image-preview:large","max-video-preview":"max-video-preview:-1"},"canonical":"https:\/\/www.pressenza.com\/es\/2019\/04\/quien-mato-a-mi-hermano\/","og_locale":"es_ES","og_type":"article","og_title":"\"\u00bfQui\u00e9n mat\u00f3 a mi hermano?\"","og_description":"Por Agustina Salinas La peli de Luciano: entre el dolor y la lucha colectiva Este domingo (7) se vio por primera vez en cines \u00bfQui\u00e9n\u00a0mat\u00f3 a mi hermano?,","og_url":"https:\/\/www.pressenza.com\/es\/2019\/04\/quien-mato-a-mi-hermano\/","og_site_name":"Pressenza","article_publisher":"https:\/\/www.facebook.com\/PressenzaItalia","article_published_time":"2019-04-10T14:28:24+00:00","og_image":[{"width":1024,"height":681,"url":"https:\/\/www.pressenza.com\/wp-content\/uploads\/2019\/04\/Agustina-Salinas-La-Retaguardia.jpg","type":"image\/jpeg"}],"author":"La Retaguardia","twitter_card":"summary_large_image","twitter_creator":"@PressenzaIPA","twitter_site":"@PressenzaIPA","twitter_misc":{"Escrito por":"La Retaguardia","Tiempo de lectura":"3 minutos"},"schema":{"@context":"https:\/\/schema.org","@graph":[{"@type":"Article","@id":"https:\/\/www.pressenza.com\/es\/2019\/04\/quien-mato-a-mi-hermano\/#article","isPartOf":{"@id":"https:\/\/www.pressenza.com\/es\/2019\/04\/quien-mato-a-mi-hermano\/"},"author":{"name":"La Retaguardia","@id":"https:\/\/www.pressenza.com\/es\/#\/schema\/person\/98a38263ecdcc396a0f9c0adad4a5ce8"},"headline":"\u00ab\u00bfQui\u00e9n mat\u00f3 a mi hermano?\u00bb","datePublished":"2019-04-10T14:28:24+00:00","mainEntityOfPage":{"@id":"https:\/\/www.pressenza.com\/es\/2019\/04\/quien-mato-a-mi-hermano\/"},"wordCount":694,"publisher":{"@id":"https:\/\/www.pressenza.com\/es\/#organization"},"image":{"@id":"https:\/\/www.pressenza.com\/es\/2019\/04\/quien-mato-a-mi-hermano\/#primaryimage"},"thumbnailUrl":"https:\/\/www.pressenza.com\/wp-content\/uploads\/2019\/04\/Agustina-Salinas-La-Retaguardia.jpg","keywords":["Bafici","cine","Derechos humanos","desaparecidos","Luciano Arruga","represi\u00f3n","Vanesa Orieta","Violencia institucional","Violencia policial"],"articleSection":["Derechos Humanos","J\u00f3venes","Sudam\u00e9rica"],"inLanguage":"es"},{"@type":"WebPage","@id":"https:\/\/www.pressenza.com\/es\/2019\/04\/quien-mato-a-mi-hermano\/","url":"https:\/\/www.pressenza.com\/es\/2019\/04\/quien-mato-a-mi-hermano\/","name":"\"\u00bfQui\u00e9n mat\u00f3 a mi hermano?\"","isPartOf":{"@id":"https:\/\/www.pressenza.com\/es\/#website"},"primaryImageOfPage":{"@id":"https:\/\/www.pressenza.com\/es\/2019\/04\/quien-mato-a-mi-hermano\/#primaryimage"},"image":{"@id":"https:\/\/www.pressenza.com\/es\/2019\/04\/quien-mato-a-mi-hermano\/#primaryimage"},"thumbnailUrl":"https:\/\/www.pressenza.com\/wp-content\/uploads\/2019\/04\/Agustina-Salinas-La-Retaguardia.jpg","datePublished":"2019-04-10T14:28:24+00:00","description":"Por Agustina Salinas La peli de Luciano: entre el dolor y la lucha colectiva Este domingo (7) se vio por primera vez en cines \u00bfQui\u00e9n\u00a0mat\u00f3 a mi hermano?,","breadcrumb":{"@id":"https:\/\/www.pressenza.com\/es\/2019\/04\/quien-mato-a-mi-hermano\/#breadcrumb"},"inLanguage":"es","potentialAction":[{"@type":"ReadAction","target":["https:\/\/www.pressenza.com\/es\/2019\/04\/quien-mato-a-mi-hermano\/"]}]},{"@type":"ImageObject","inLanguage":"es","@id":"https:\/\/www.pressenza.com\/es\/2019\/04\/quien-mato-a-mi-hermano\/#primaryimage","url":"https:\/\/www.pressenza.com\/wp-content\/uploads\/2019\/04\/Agustina-Salinas-La-Retaguardia.jpg","contentUrl":"https:\/\/www.pressenza.com\/wp-content\/uploads\/2019\/04\/Agustina-Salinas-La-Retaguardia.jpg","width":1024,"height":681},{"@type":"BreadcrumbList","@id":"https:\/\/www.pressenza.com\/es\/2019\/04\/quien-mato-a-mi-hermano\/#breadcrumb","itemListElement":[{"@type":"ListItem","position":1,"name":"Accueil","item":"https:\/\/www.pressenza.com\/es\/"},{"@type":"ListItem","position":2,"name":"\u00ab\u00bfQui\u00e9n mat\u00f3 a mi hermano?\u00bb"}]},{"@type":"WebSite","@id":"https:\/\/www.pressenza.com\/es\/#website","url":"https:\/\/www.pressenza.com\/es\/","name":"Pressenza","description":"International Press Agency","publisher":{"@id":"https:\/\/www.pressenza.com\/es\/#organization"},"potentialAction":[{"@type":"SearchAction","target":{"@type":"EntryPoint","urlTemplate":"https:\/\/www.pressenza.com\/es\/?s={search_term_string}"},"query-input":{"@type":"PropertyValueSpecification","valueRequired":true,"valueName":"search_term_string"}}],"inLanguage":"es"},{"@type":"Organization","@id":"https:\/\/www.pressenza.com\/es\/#organization","name":"Pressenza","url":"https:\/\/www.pressenza.com\/es\/","logo":{"@type":"ImageObject","inLanguage":"es","@id":"https:\/\/www.pressenza.com\/es\/#\/schema\/logo\/image\/","url":"https:\/\/www.pressenza.com\/wp-content\/uploads\/2022\/10\/pressenza_logo_200x200.jpg","contentUrl":"https:\/\/www.pressenza.com\/wp-content\/uploads\/2022\/10\/pressenza_logo_200x200.jpg","width":200,"height":200,"caption":"Pressenza"},"image":{"@id":"https:\/\/www.pressenza.com\/es\/#\/schema\/logo\/image\/"},"sameAs":["https:\/\/www.facebook.com\/PressenzaItalia","https:\/\/x.com\/PressenzaIPA"]},{"@type":"Person","@id":"https:\/\/www.pressenza.com\/es\/#\/schema\/person\/98a38263ecdcc396a0f9c0adad4a5ce8","name":"La Retaguardia","description":"La Retaguardia es un colectivo de Periodismo Social con base en Argentina. Somos una radio online, un portal de noticias y tambi\u00e9n una revista de publicaci\u00f3n mensual en papel. Participamos del movimiento de medios comunitarios, alternativos y populares, integrando la Red Nacional de Medios Alternativos. Queremos cambiar el mundo y nuestra herramienta es la comunicaci\u00f3n popular. www.laretaguardia.com.ar","sameAs":["http:\/\/www.laretaguardia.com.ar\/"],"url":"https:\/\/www.pressenza.com\/es\/author\/la-retaguardia\/"}]}},"place":"Ciudad de Buenos Aires, Argentina","original_article_url":"http:\/\/www.laretaguardia.com.ar\/2019\/04\/la-peli-de-luciano-entre-el-dolor-y-la.html","_links":{"self":[{"href":"https:\/\/www.pressenza.com\/es\/wp-json\/wp\/v2\/posts\/837923","targetHints":{"allow":["GET"]}}],"collection":[{"href":"https:\/\/www.pressenza.com\/es\/wp-json\/wp\/v2\/posts"}],"about":[{"href":"https:\/\/www.pressenza.com\/es\/wp-json\/wp\/v2\/types\/post"}],"author":[{"embeddable":true,"href":"https:\/\/www.pressenza.com\/es\/wp-json\/wp\/v2\/users\/1497"}],"replies":[{"embeddable":true,"href":"https:\/\/www.pressenza.com\/es\/wp-json\/wp\/v2\/comments?post=837923"}],"version-history":[{"count":0,"href":"https:\/\/www.pressenza.com\/es\/wp-json\/wp\/v2\/posts\/837923\/revisions"}],"wp:featuredmedia":[{"embeddable":true,"href":"https:\/\/www.pressenza.com\/es\/wp-json\/wp\/v2\/media\/837925"}],"wp:attachment":[{"href":"https:\/\/www.pressenza.com\/es\/wp-json\/wp\/v2\/media?parent=837923"}],"wp:term":[{"taxonomy":"category","embeddable":true,"href":"https:\/\/www.pressenza.com\/es\/wp-json\/wp\/v2\/categories?post=837923"},{"taxonomy":"post_tag","embeddable":true,"href":"https:\/\/www.pressenza.com\/es\/wp-json\/wp\/v2\/tags?post=837923"}],"curies":[{"name":"wp","href":"https:\/\/api.w.org\/{rel}","templated":true}]}}