{"id":837482,"date":"2019-04-09T00:11:41","date_gmt":"2019-04-08T23:11:41","guid":{"rendered":"https:\/\/www.pressenza.com\/?p=837482"},"modified":"2019-04-09T08:22:52","modified_gmt":"2019-04-09T07:22:52","slug":"en-nigeria-una-golondrina-puede-hacer-la-primavera","status":"publish","type":"post","link":"https:\/\/www.pressenza.com\/es\/2019\/04\/en-nigeria-una-golondrina-puede-hacer-la-primavera\/","title":{"rendered":"En Nigeria una golondrina puede hacer la primavera"},"content":{"rendered":"<p>Sale a la luz \u00a0&#8216;La variabile africana&#8217; (La variable africana) \u00a0de Raffaele Masto, un libro que ofrece historias, informes y an\u00e1lisis realizados directamente en algunos pa\u00edses simb\u00f3licos, relatos de viajes y encuentros de los que emerge la complejidad y riqueza cultural del continente.<\/p>\n<p>Nos han ense\u00f1ado que una golondrina no hace a la primavera, pero muchos pueden cambiar el destino de una aldea africana. Es la historia de la aldea de Ebbaken, en el sur de Nigeria. Aqu\u00ed las golondrinas llegan despu\u00e9s de un largo viaje desde Europa. Miles han muerto aqu\u00ed porque el estado de pobreza ha llevado a los habitantes a capturarlas para com\u00e9rselas, hasta que un ornit\u00f3logo italiano recibe una carta en la que se le pide un rescate, al m\u00e1s puro estilo nigeriano, por una golondrina que le pertenece, al menos eso es lo que cree su interlocutor.<\/p>\n<p>El ornit\u00f3logo Pierfrancesco Micheloni ten\u00eda curiosidad por salir hacia el estado nigeriano de Cross River para llegar al pueblo de Ebbaken. Y descubre que las golondrinas que hab\u00edan dado vueltas por Europa han emigrado hacia all\u00e1. Ah\u00ed es donde comienza un proyecto. El pueblo ya no es m\u00e1s la tumba de los p\u00e1jaros, sino que se convierte en una atracci\u00f3n tur\u00edstica y en un lugar de investigaci\u00f3n para los aficionados, para los observadores de aves. Para el pueblo de Ebbaken una golondrina ha hecho la primavera. No es casualidad que, hoy en d\u00eda, los visitantes que llegan al pueblo sean recibidos con un cartel: \u00abEbbaken, la ciudad de la golondrina\u00bb<\/p>\n<p>La met\u00e1fora de la historia est\u00e1 contenida en el libro \u00abLa variabile africana\u00bb, del periodista Raffaele Masto, publicado por Egea, y cuenta m\u00e1s que nada las m\u00faltiples caras de \u00c1frica. Las huelgas estatales, las crisis alimentarias, las guerras y la ausencia de una verdadera independencia han hecho de \u00c1frica, a los ojos de Occidente, un continente irrecuperable y perdido que hay que salvar. M\u00e1s recientemente, esta imagen dram\u00e1tica ha ido acompa\u00f1ada de otra, totalmente opuesta, movida por la euforia y el optimismo, seg\u00fan la cual \u00c1frica es el futuro del mundo, nuestro futuro. \u00a0Pero entonces \u00bfCu\u00e1l de estas visiones refleja la realidad de hoy? \u00bfD\u00f3nde est\u00e1 hoy el continente africano? \u00c1frica es decididamente m\u00e1s compleja.<\/p>\n<p>El libro de Masto ofrece historias, informes y an\u00e1lisis realizados directamente en algunos pa\u00edses simb\u00f3licos (Mozambique, Costa de Marfil, Sud\u00e1n del Sur, Sierra Leona, Nigeria), historias de viajes y encuentros de los que emerge la complejidad y riqueza cultural del continente.<\/p>\n<p>Entre los temas tratados se encuentra tambi\u00e9n el nuevo inter\u00e9s en \u00c1frica por parte de las empresas p\u00fablicas y privadas, las multinacionales, los gobiernos extranjeros y los grandes inversionistas. \u00bfC\u00f3mo lo explicas? \u00c1frica es una enorme reserva de recursos, que s\u00f3lo puede atraer a Estados que tienen pocos o ning\u00fan recurso, como China o Arabia Saudita. De modo que \u00c1frica, en los inicios de este tercer milenio, nuevamente se ha convertido en un territorio de conquista, pero una vez m\u00e1s sin ninguna ventaja para s\u00ed mismo del crecimiento econ\u00f3mico y social. Las clases pol\u00edticas de la mayor\u00eda de los Estados africanos, de hecho, son corruptas, incapaces, inadecuadas, a menudo en el gobierno ininterrumpidamente durante d\u00e9cadas y con el objetivo principal de seguir ocupando, sin competencia, las salas de poder.<\/p>\n<p>La sociedad civil es muy vital en casi todos los pa\u00edses del continente, pero cuatro siglos de esclavitud y dos siglos de colonialismo no desaparecen con s\u00f3lo cincuenta a\u00f1os de independencia. \u00a0Masto dice que \u201clos africanos deben superar este devastador complejo de inferioridad\u201d. Necesitan valorarse, conocer el valor de sus territorios y los recursos que tienen o que pueden producir, pero sobre todo necesitan tener una perspectiva. M\u00e1s que proyectos fara\u00f3nicos, r\u00edos de dinero, mega infraestructuras, \u00c1frica necesita inversiones reales en su potencial, que no provengan de la cooperaci\u00f3n o por hacer el bien. M\u00e1s que caridad o cooperaci\u00f3n, \u00c1frica necesita justicia\u00bb. Y en una remota aldea de Nigeria, una peque\u00f1a e insignificante golondrina puede convertirse en una verdadera primera.<\/p>\n<div id=\"attachment_836448\" class=\"wp-caption aligncenter\"><img loading=\"lazy\" decoding=\"async\" aria-describedby=\"caption-attachment-836448\" class=\"wp-image-836448 size-full\" src=\"https:\/\/www.pressenza.com\/wp-content\/uploads\/2019\/04\/variabile-africana-copertina.jpg\" alt=\"\" width=\"714\" height=\"1104\" srcset=\"https:\/\/www.pressenza.com\/wp-content\/uploads\/2019\/04\/variabile-africana-copertina.jpg 714w, https:\/\/www.pressenza.com\/wp-content\/uploads\/2019\/04\/variabile-africana-copertina-194x300.jpg 194w, https:\/\/www.pressenza.com\/wp-content\/uploads\/2019\/04\/variabile-africana-copertina-662x1024.jpg 662w\" sizes=\"auto, (max-width: 714px) 100vw, 714px\" \/><p id=\"caption-attachment-836448\" class=\"wp-caption-text\">(Reserva natural y equilibrio geopol\u00edtico del planeta)<\/p><\/div>\n<p><a href=\"https:\/\/www.agi.it\/blog-italia\/africa\">https:\/\/www.agi.it\/blog-italia\/africa<\/a><\/p>\n<hr \/>\n<p><em>Traducci\u00f3n del italiano de Estefany Zaldumbide<\/em><\/p>\n","protected":false},"excerpt":{"rendered":"<p>Sale a la luz \u00a0&#8216;La variabile africana&#8217; (La variable africana) \u00a0de Raffaele Masto, un libro que ofrece historias, informes y an\u00e1lisis realizados directamente en algunos pa\u00edses simb\u00f3licos, relatos de viajes y encuentros de los que emerge la complejidad y riqueza&hellip;<\/p>\n","protected":false},"author":1588,"featured_media":836465,"comment_status":"closed","ping_status":"closed","sticky":false,"template":"","format":"standard","meta":{"footnotes":""},"categories":[64,75],"tags":[57399,39252,57400,33435],"class_list":["post-837482","post","type-post","status-publish","format-standard","has-post-thumbnail","hentry","category-africa-es","category-cultura-es","tag-la-variable-africana","tag-materias-primas","tag-raffaele-masto-es","tag-sociedad-civil"],"yoast_head":"<!-- This site is optimized with the Yoast SEO plugin v27.1.1 - https:\/\/yoast.com\/product\/yoast-seo-wordpress\/ -->\n<title>En Nigeria una golondrina puede hacer la primavera<\/title>\n<meta name=\"description\" content=\"Sale a la luz \u00a0&#039;La variabile africana&#039; (La variable africana) \u00a0de Raffaele Masto, un libro que ofrece historias, informes y an\u00e1lisis realizados\" \/>\n<meta name=\"robots\" content=\"index, follow, max-snippet:-1, max-image-preview:large, max-video-preview:-1\" \/>\n<link rel=\"canonical\" href=\"https:\/\/www.pressenza.com\/es\/2019\/04\/en-nigeria-una-golondrina-puede-hacer-la-primavera\/\" \/>\n<meta property=\"og:locale\" content=\"es_ES\" \/>\n<meta property=\"og:type\" content=\"article\" \/>\n<meta property=\"og:title\" content=\"En Nigeria una golondrina puede hacer la primavera\" \/>\n<meta property=\"og:description\" content=\"Sale a la luz \u00a0&#039;La variabile africana&#039; (La variable africana) \u00a0de Raffaele Masto, un libro que ofrece historias, informes y an\u00e1lisis realizados\" \/>\n<meta property=\"og:url\" content=\"https:\/\/www.pressenza.com\/es\/2019\/04\/en-nigeria-una-golondrina-puede-hacer-la-primavera\/\" \/>\n<meta property=\"og:site_name\" content=\"Pressenza\" \/>\n<meta property=\"article:publisher\" content=\"https:\/\/www.facebook.com\/PressenzaItalia\" \/>\n<meta property=\"article:published_time\" content=\"2019-04-08T23:11:41+00:00\" \/>\n<meta property=\"article:modified_time\" content=\"2019-04-09T07:22:52+00:00\" \/>\n<meta property=\"og:image\" content=\"https:\/\/www.pressenza.com\/wp-content\/uploads\/2019\/04\/villaggio-africana-pixabay.jpg\" \/>\n\t<meta property=\"og:image:width\" content=\"1280\" \/>\n\t<meta property=\"og:image:height\" content=\"853\" \/>\n\t<meta property=\"og:image:type\" content=\"image\/jpeg\" \/>\n<meta name=\"author\" content=\"Angelo Ferrari\" \/>\n<meta name=\"twitter:card\" content=\"summary_large_image\" \/>\n<meta name=\"twitter:creator\" content=\"@PressenzaIPA\" \/>\n<meta name=\"twitter:site\" content=\"@PressenzaIPA\" \/>\n<meta name=\"twitter:label1\" content=\"Escrito por\" \/>\n\t<meta name=\"twitter:data1\" content=\"Angelo Ferrari\" \/>\n\t<meta name=\"twitter:label2\" content=\"Tiempo de lectura\" \/>\n\t<meta name=\"twitter:data2\" content=\"4 minutos\" \/>\n<script type=\"application\/ld+json\" class=\"yoast-schema-graph\">{\"@context\":\"https:\/\/schema.org\",\"@graph\":[{\"@type\":\"Article\",\"@id\":\"https:\/\/www.pressenza.com\/es\/2019\/04\/en-nigeria-una-golondrina-puede-hacer-la-primavera\/#article\",\"isPartOf\":{\"@id\":\"https:\/\/www.pressenza.com\/es\/2019\/04\/en-nigeria-una-golondrina-puede-hacer-la-primavera\/\"},\"author\":{\"name\":\"Angelo Ferrari\",\"@id\":\"https:\/\/www.pressenza.com\/es\/#\/schema\/person\/cdd97c5d0948d61da77ffa0de119c7e3\"},\"headline\":\"En Nigeria una golondrina puede hacer la primavera\",\"datePublished\":\"2019-04-08T23:11:41+00:00\",\"dateModified\":\"2019-04-09T07:22:52+00:00\",\"mainEntityOfPage\":{\"@id\":\"https:\/\/www.pressenza.com\/es\/2019\/04\/en-nigeria-una-golondrina-puede-hacer-la-primavera\/\"},\"wordCount\":745,\"publisher\":{\"@id\":\"https:\/\/www.pressenza.com\/es\/#organization\"},\"image\":{\"@id\":\"https:\/\/www.pressenza.com\/es\/2019\/04\/en-nigeria-una-golondrina-puede-hacer-la-primavera\/#primaryimage\"},\"thumbnailUrl\":\"https:\/\/www.pressenza.com\/wp-content\/uploads\/2019\/04\/villaggio-africana-pixabay.jpg\",\"keywords\":[\"'La variable africana'\",\"materias primas\",\"Raffaele Masto\",\"sociedad civil\"],\"articleSection\":[\"Africa\",\"Cultura y Medios\"],\"inLanguage\":\"es\"},{\"@type\":\"WebPage\",\"@id\":\"https:\/\/www.pressenza.com\/es\/2019\/04\/en-nigeria-una-golondrina-puede-hacer-la-primavera\/\",\"url\":\"https:\/\/www.pressenza.com\/es\/2019\/04\/en-nigeria-una-golondrina-puede-hacer-la-primavera\/\",\"name\":\"En Nigeria una golondrina puede hacer la primavera\",\"isPartOf\":{\"@id\":\"https:\/\/www.pressenza.com\/es\/#website\"},\"primaryImageOfPage\":{\"@id\":\"https:\/\/www.pressenza.com\/es\/2019\/04\/en-nigeria-una-golondrina-puede-hacer-la-primavera\/#primaryimage\"},\"image\":{\"@id\":\"https:\/\/www.pressenza.com\/es\/2019\/04\/en-nigeria-una-golondrina-puede-hacer-la-primavera\/#primaryimage\"},\"thumbnailUrl\":\"https:\/\/www.pressenza.com\/wp-content\/uploads\/2019\/04\/villaggio-africana-pixabay.jpg\",\"datePublished\":\"2019-04-08T23:11:41+00:00\",\"dateModified\":\"2019-04-09T07:22:52+00:00\",\"description\":\"Sale a la luz \u00a0'La variabile africana' (La variable africana) \u00a0de Raffaele Masto, un libro que ofrece historias, informes y an\u00e1lisis realizados\",\"breadcrumb\":{\"@id\":\"https:\/\/www.pressenza.com\/es\/2019\/04\/en-nigeria-una-golondrina-puede-hacer-la-primavera\/#breadcrumb\"},\"inLanguage\":\"es\",\"potentialAction\":[{\"@type\":\"ReadAction\",\"target\":[\"https:\/\/www.pressenza.com\/es\/2019\/04\/en-nigeria-una-golondrina-puede-hacer-la-primavera\/\"]}]},{\"@type\":\"ImageObject\",\"inLanguage\":\"es\",\"@id\":\"https:\/\/www.pressenza.com\/es\/2019\/04\/en-nigeria-una-golondrina-puede-hacer-la-primavera\/#primaryimage\",\"url\":\"https:\/\/www.pressenza.com\/wp-content\/uploads\/2019\/04\/villaggio-africana-pixabay.jpg\",\"contentUrl\":\"https:\/\/www.pressenza.com\/wp-content\/uploads\/2019\/04\/villaggio-africana-pixabay.jpg\",\"width\":1280,\"height\":853},{\"@type\":\"BreadcrumbList\",\"@id\":\"https:\/\/www.pressenza.com\/es\/2019\/04\/en-nigeria-una-golondrina-puede-hacer-la-primavera\/#breadcrumb\",\"itemListElement\":[{\"@type\":\"ListItem\",\"position\":1,\"name\":\"Accueil\",\"item\":\"https:\/\/www.pressenza.com\/es\/\"},{\"@type\":\"ListItem\",\"position\":2,\"name\":\"En Nigeria una golondrina puede hacer la primavera\"}]},{\"@type\":\"WebSite\",\"@id\":\"https:\/\/www.pressenza.com\/es\/#website\",\"url\":\"https:\/\/www.pressenza.com\/es\/\",\"name\":\"Pressenza\",\"description\":\"International Press Agency\",\"publisher\":{\"@id\":\"https:\/\/www.pressenza.com\/es\/#organization\"},\"potentialAction\":[{\"@type\":\"SearchAction\",\"target\":{\"@type\":\"EntryPoint\",\"urlTemplate\":\"https:\/\/www.pressenza.com\/es\/?s={search_term_string}\"},\"query-input\":{\"@type\":\"PropertyValueSpecification\",\"valueRequired\":true,\"valueName\":\"search_term_string\"}}],\"inLanguage\":\"es\"},{\"@type\":\"Organization\",\"@id\":\"https:\/\/www.pressenza.com\/es\/#organization\",\"name\":\"Pressenza\",\"url\":\"https:\/\/www.pressenza.com\/es\/\",\"logo\":{\"@type\":\"ImageObject\",\"inLanguage\":\"es\",\"@id\":\"https:\/\/www.pressenza.com\/es\/#\/schema\/logo\/image\/\",\"url\":\"https:\/\/www.pressenza.com\/wp-content\/uploads\/2022\/10\/pressenza_logo_200x200.jpg\",\"contentUrl\":\"https:\/\/www.pressenza.com\/wp-content\/uploads\/2022\/10\/pressenza_logo_200x200.jpg\",\"width\":200,\"height\":200,\"caption\":\"Pressenza\"},\"image\":{\"@id\":\"https:\/\/www.pressenza.com\/es\/#\/schema\/logo\/image\/\"},\"sameAs\":[\"https:\/\/www.facebook.com\/PressenzaItalia\",\"https:\/\/x.com\/PressenzaIPA\"]},{\"@type\":\"Person\",\"@id\":\"https:\/\/www.pressenza.com\/es\/#\/schema\/person\/cdd97c5d0948d61da77ffa0de119c7e3\",\"name\":\"Angelo Ferrari\",\"description\":\"Giornalista professionista dell\u2019Agenzia Italia (AGI) dove si occupa del desk Africa. Gi\u00e0 corrispondente dell\u2019Agi dall\u2019Africa centrale, da anni si occupa di problematiche relative all\u2019Africa, dove ha seguito le pi\u00f9 grandi tragedie del continente: dalla guerra del Rwanda a quella della Somalia, i conflitti in Repubblica democratica del Congo e in Sierra Leone. Tra i suoi libri ricordiamo Hakuna Matata, la globalizzazione galoppa mentre l\u2019Africa muore (2002), Africa Gialla, l\u2019invasione economica cinese del continente africano (2008), Le nebbie del Congo (2011) e Il mondo di Jordy, il viaggio di un reporter e un ragazzo di strada nel cuore dell\u2019Africa (2014).\",\"url\":\"https:\/\/www.pressenza.com\/es\/author\/angelo-ferrari\/\"}]}<\/script>\n<!-- \/ Yoast SEO plugin. -->","yoast_head_json":{"title":"En Nigeria una golondrina puede hacer la primavera","description":"Sale a la luz \u00a0'La variabile africana' (La variable africana) \u00a0de Raffaele Masto, un libro que ofrece historias, informes y an\u00e1lisis realizados","robots":{"index":"index","follow":"follow","max-snippet":"max-snippet:-1","max-image-preview":"max-image-preview:large","max-video-preview":"max-video-preview:-1"},"canonical":"https:\/\/www.pressenza.com\/es\/2019\/04\/en-nigeria-una-golondrina-puede-hacer-la-primavera\/","og_locale":"es_ES","og_type":"article","og_title":"En Nigeria una golondrina puede hacer la primavera","og_description":"Sale a la luz \u00a0'La variabile africana' (La variable africana) \u00a0de Raffaele Masto, un libro que ofrece historias, informes y an\u00e1lisis realizados","og_url":"https:\/\/www.pressenza.com\/es\/2019\/04\/en-nigeria-una-golondrina-puede-hacer-la-primavera\/","og_site_name":"Pressenza","article_publisher":"https:\/\/www.facebook.com\/PressenzaItalia","article_published_time":"2019-04-08T23:11:41+00:00","article_modified_time":"2019-04-09T07:22:52+00:00","og_image":[{"width":1280,"height":853,"url":"https:\/\/www.pressenza.com\/wp-content\/uploads\/2019\/04\/villaggio-africana-pixabay.jpg","type":"image\/jpeg"}],"author":"Angelo Ferrari","twitter_card":"summary_large_image","twitter_creator":"@PressenzaIPA","twitter_site":"@PressenzaIPA","twitter_misc":{"Escrito por":"Angelo Ferrari","Tiempo de lectura":"4 minutos"},"schema":{"@context":"https:\/\/schema.org","@graph":[{"@type":"Article","@id":"https:\/\/www.pressenza.com\/es\/2019\/04\/en-nigeria-una-golondrina-puede-hacer-la-primavera\/#article","isPartOf":{"@id":"https:\/\/www.pressenza.com\/es\/2019\/04\/en-nigeria-una-golondrina-puede-hacer-la-primavera\/"},"author":{"name":"Angelo Ferrari","@id":"https:\/\/www.pressenza.com\/es\/#\/schema\/person\/cdd97c5d0948d61da77ffa0de119c7e3"},"headline":"En Nigeria una golondrina puede hacer la primavera","datePublished":"2019-04-08T23:11:41+00:00","dateModified":"2019-04-09T07:22:52+00:00","mainEntityOfPage":{"@id":"https:\/\/www.pressenza.com\/es\/2019\/04\/en-nigeria-una-golondrina-puede-hacer-la-primavera\/"},"wordCount":745,"publisher":{"@id":"https:\/\/www.pressenza.com\/es\/#organization"},"image":{"@id":"https:\/\/www.pressenza.com\/es\/2019\/04\/en-nigeria-una-golondrina-puede-hacer-la-primavera\/#primaryimage"},"thumbnailUrl":"https:\/\/www.pressenza.com\/wp-content\/uploads\/2019\/04\/villaggio-africana-pixabay.jpg","keywords":["'La variable africana'","materias primas","Raffaele Masto","sociedad civil"],"articleSection":["Africa","Cultura y Medios"],"inLanguage":"es"},{"@type":"WebPage","@id":"https:\/\/www.pressenza.com\/es\/2019\/04\/en-nigeria-una-golondrina-puede-hacer-la-primavera\/","url":"https:\/\/www.pressenza.com\/es\/2019\/04\/en-nigeria-una-golondrina-puede-hacer-la-primavera\/","name":"En Nigeria una golondrina puede hacer la primavera","isPartOf":{"@id":"https:\/\/www.pressenza.com\/es\/#website"},"primaryImageOfPage":{"@id":"https:\/\/www.pressenza.com\/es\/2019\/04\/en-nigeria-una-golondrina-puede-hacer-la-primavera\/#primaryimage"},"image":{"@id":"https:\/\/www.pressenza.com\/es\/2019\/04\/en-nigeria-una-golondrina-puede-hacer-la-primavera\/#primaryimage"},"thumbnailUrl":"https:\/\/www.pressenza.com\/wp-content\/uploads\/2019\/04\/villaggio-africana-pixabay.jpg","datePublished":"2019-04-08T23:11:41+00:00","dateModified":"2019-04-09T07:22:52+00:00","description":"Sale a la luz \u00a0'La variabile africana' (La variable africana) \u00a0de Raffaele Masto, un libro que ofrece historias, informes y an\u00e1lisis realizados","breadcrumb":{"@id":"https:\/\/www.pressenza.com\/es\/2019\/04\/en-nigeria-una-golondrina-puede-hacer-la-primavera\/#breadcrumb"},"inLanguage":"es","potentialAction":[{"@type":"ReadAction","target":["https:\/\/www.pressenza.com\/es\/2019\/04\/en-nigeria-una-golondrina-puede-hacer-la-primavera\/"]}]},{"@type":"ImageObject","inLanguage":"es","@id":"https:\/\/www.pressenza.com\/es\/2019\/04\/en-nigeria-una-golondrina-puede-hacer-la-primavera\/#primaryimage","url":"https:\/\/www.pressenza.com\/wp-content\/uploads\/2019\/04\/villaggio-africana-pixabay.jpg","contentUrl":"https:\/\/www.pressenza.com\/wp-content\/uploads\/2019\/04\/villaggio-africana-pixabay.jpg","width":1280,"height":853},{"@type":"BreadcrumbList","@id":"https:\/\/www.pressenza.com\/es\/2019\/04\/en-nigeria-una-golondrina-puede-hacer-la-primavera\/#breadcrumb","itemListElement":[{"@type":"ListItem","position":1,"name":"Accueil","item":"https:\/\/www.pressenza.com\/es\/"},{"@type":"ListItem","position":2,"name":"En Nigeria una golondrina puede hacer la primavera"}]},{"@type":"WebSite","@id":"https:\/\/www.pressenza.com\/es\/#website","url":"https:\/\/www.pressenza.com\/es\/","name":"Pressenza","description":"International Press Agency","publisher":{"@id":"https:\/\/www.pressenza.com\/es\/#organization"},"potentialAction":[{"@type":"SearchAction","target":{"@type":"EntryPoint","urlTemplate":"https:\/\/www.pressenza.com\/es\/?s={search_term_string}"},"query-input":{"@type":"PropertyValueSpecification","valueRequired":true,"valueName":"search_term_string"}}],"inLanguage":"es"},{"@type":"Organization","@id":"https:\/\/www.pressenza.com\/es\/#organization","name":"Pressenza","url":"https:\/\/www.pressenza.com\/es\/","logo":{"@type":"ImageObject","inLanguage":"es","@id":"https:\/\/www.pressenza.com\/es\/#\/schema\/logo\/image\/","url":"https:\/\/www.pressenza.com\/wp-content\/uploads\/2022\/10\/pressenza_logo_200x200.jpg","contentUrl":"https:\/\/www.pressenza.com\/wp-content\/uploads\/2022\/10\/pressenza_logo_200x200.jpg","width":200,"height":200,"caption":"Pressenza"},"image":{"@id":"https:\/\/www.pressenza.com\/es\/#\/schema\/logo\/image\/"},"sameAs":["https:\/\/www.facebook.com\/PressenzaItalia","https:\/\/x.com\/PressenzaIPA"]},{"@type":"Person","@id":"https:\/\/www.pressenza.com\/es\/#\/schema\/person\/cdd97c5d0948d61da77ffa0de119c7e3","name":"Angelo Ferrari","description":"Giornalista professionista dell\u2019Agenzia Italia (AGI) dove si occupa del desk Africa. Gi\u00e0 corrispondente dell\u2019Agi dall\u2019Africa centrale, da anni si occupa di problematiche relative all\u2019Africa, dove ha seguito le pi\u00f9 grandi tragedie del continente: dalla guerra del Rwanda a quella della Somalia, i conflitti in Repubblica democratica del Congo e in Sierra Leone. Tra i suoi libri ricordiamo Hakuna Matata, la globalizzazione galoppa mentre l\u2019Africa muore (2002), Africa Gialla, l\u2019invasione economica cinese del continente africano (2008), Le nebbie del Congo (2011) e Il mondo di Jordy, il viaggio di un reporter e un ragazzo di strada nel cuore dell\u2019Africa (2014).","url":"https:\/\/www.pressenza.com\/es\/author\/angelo-ferrari\/"}]}},"place":"","original_article_url":"","_links":{"self":[{"href":"https:\/\/www.pressenza.com\/es\/wp-json\/wp\/v2\/posts\/837482","targetHints":{"allow":["GET"]}}],"collection":[{"href":"https:\/\/www.pressenza.com\/es\/wp-json\/wp\/v2\/posts"}],"about":[{"href":"https:\/\/www.pressenza.com\/es\/wp-json\/wp\/v2\/types\/post"}],"author":[{"embeddable":true,"href":"https:\/\/www.pressenza.com\/es\/wp-json\/wp\/v2\/users\/1588"}],"replies":[{"embeddable":true,"href":"https:\/\/www.pressenza.com\/es\/wp-json\/wp\/v2\/comments?post=837482"}],"version-history":[{"count":0,"href":"https:\/\/www.pressenza.com\/es\/wp-json\/wp\/v2\/posts\/837482\/revisions"}],"wp:featuredmedia":[{"embeddable":true,"href":"https:\/\/www.pressenza.com\/es\/wp-json\/wp\/v2\/media\/836465"}],"wp:attachment":[{"href":"https:\/\/www.pressenza.com\/es\/wp-json\/wp\/v2\/media?parent=837482"}],"wp:term":[{"taxonomy":"category","embeddable":true,"href":"https:\/\/www.pressenza.com\/es\/wp-json\/wp\/v2\/categories?post=837482"},{"taxonomy":"post_tag","embeddable":true,"href":"https:\/\/www.pressenza.com\/es\/wp-json\/wp\/v2\/tags?post=837482"}],"curies":[{"name":"wp","href":"https:\/\/api.w.org\/{rel}","templated":true}]}}