{"id":836645,"date":"2019-04-07T10:58:19","date_gmt":"2019-04-07T09:58:19","guid":{"rendered":"https:\/\/www.pressenza.com\/?p=836645"},"modified":"2019-04-07T05:08:38","modified_gmt":"2019-04-07T04:08:38","slug":"todavia-podemos-proteger-un-30-de-los-oceanos-y-cuidar-la-vida-marina","status":"publish","type":"post","link":"https:\/\/www.pressenza.com\/es\/2019\/04\/todavia-podemos-proteger-un-30-de-los-oceanos-y-cuidar-la-vida-marina\/","title":{"rendered":"Todav\u00eda podemos proteger un 30% de los oc\u00e9anos y cuidar la vida marina"},"content":{"rendered":"<p class=\"has-medium-font-size\"><strong>Investigaci\u00f3n de Greenpeace junto a acad\u00e9micos y cient\u00edficos de las universidades de York y Oxford expone las enormes implicancias medioambientales que tendr\u00eda la protecci\u00f3n del 30% de los oc\u00e9anos al a\u00f1o 2030.<\/strong><\/p>\n<p>\u201cComo nunca antes las aguas del mar est\u00e1n amenazadas por la pesca intensiva, los pl\u00e1sticos y el cambio clim\u00e1tico. Es por esto que necesitamos con urgencia proteger al menos un tercio de nuestros oc\u00e9anos para el 2030. Nuestra investigaci\u00f3n demuestra que esto es completamente posible y que este plan preservar\u00e1 la vida marina, ayud\u00e1ndola a enfrentar la crisis que atraviesan los oc\u00e9anos\u201d, afirm\u00f3 Estefan\u00eda Gonzalez, coordinadora del programa de oc\u00e9anos de Greenpeace Andino.<\/p>\n<p>Greenpeace liber\u00f3 uno de los estudios m\u00e1s completos en que ha participado y que, tras dos a\u00f1os de investigaci\u00f3n junto a acad\u00e9micos y cient\u00edficos de las universidades de York y Oxford, expone las enormes implicancias de protecci\u00f3n medioambiental que tendr\u00eda resguardar un 30% de los oc\u00e9anos al a\u00f1o 2030.<\/p>\n<p>La investigaci\u00f3n en la cual resalta un completo mapa interactivo de los mares del planeta, busca sustentar las implicancias que una protecci\u00f3n de 1\/3 de los oc\u00e9anos tendr\u00eda para resguardar la vida silvestre y mitigar los impactos del cambio clim\u00e1tico.<\/p>\n<p>La propuesta se da en el marco de la reuni\u00f3n de esta semana en la ONU, donde los gobiernos del mundo discuten un Tratado Global de los Oc\u00e9anos.<\/p>\n<p>\u201cComo nunca antes las aguas del mar est\u00e1n amenazadas por la pesca intensiva, los pl\u00e1sticos y el cambio clim\u00e1tico. Es por esto que necesitamos con urgencia proteger al menos un tercio de nuestros oc\u00e9anos para el 2030. Nuestra investigaci\u00f3n demuestra que esto es completamente posible y que este plan preservar\u00e1 la vida marina, ayud\u00e1ndola a enfrentar la crisis que atraviesan los oc\u00e9anos\u201d, afirm\u00f3 Estefan\u00eda Gonz\u00e1lez, coordinadora del programa de oc\u00e9anos de Greenpeace Andino.<\/p>\n<p>El estudio, conocido como\u00a0<a href=\"http:\/\/fotos.greenpeace.org.ar\/FTP\/GP_map_30x30-spain.pdf\">30\u00d730<\/a>, presenta el dise\u00f1o de una red global de \u00e1reas marinas protegidas en aguas internacionales donde se traz\u00f3 la distribuci\u00f3n de especies, incluidas aquellas en peligro de extinci\u00f3n, h\u00e1bitats cr\u00edticos para la biodiversidad y ecosistemas \u00fanicos para generar una cadena de santuarios oce\u00e1nicos.<\/p>\n<p>En el\u00a0<a href=\"https:\/\/storage.googleapis.com\/planet4-international-stateless\/2019\/03\/479c73c5-30x30_blueprint_report_exec_summary_web.pdf\">informe<\/a>\u00a0destaca un\u00a0<a href=\"https:\/\/www.greenpeaceoceanblueprint.org\/es\/\">mapa interactivo<\/a>\u00a0gracias al cual se pueden explorar diversos escenarios para la protecci\u00f3n marina (por ejemplo diferencia entre proteger el 30% o el 50% de los oc\u00e9anos), as\u00ed como puntos especialmente destacables de vida silvestre y amenazas, como la pesca industrial, la explotaci\u00f3n minera de los fondos marinos, pl\u00e1sticos y cambio clim\u00e1tico.<\/p>\n<p>Las aguas internacionales abarcan el 70% del espacio vital del planeta, donde alberga un impresionante riqueza de vida marina y ecosistemas, esenciales para la salud de la Tierra.<\/p>\n<p>Las negociaciones en la ONU hacia un Tratado Global del Oc\u00e9ano podr\u00edan abrir el camino para la protecci\u00f3n de los oc\u00e9anos fuera de las fronteras nacionales, que cubren 230 millones de kil\u00f3metros cuadrados.<\/p>\n","protected":false},"excerpt":{"rendered":"<p>Investigaci\u00f3n de Greenpeace junto a acad\u00e9micos y cient\u00edficos de las universidades de York y Oxford expone las enormes implicancias medioambientales que tendr\u00eda la protecci\u00f3n del 30% de los oc\u00e9anos al a\u00f1o 2030. \u201cComo nunca antes las aguas del mar est\u00e1n&hellip;<\/p>\n","protected":false},"author":1557,"featured_media":836646,"comment_status":"closed","ping_status":"closed","sticky":false,"template":"","format":"standard","meta":{"footnotes":""},"categories":[78,39],"tags":[57343,36445,57341,57342],"class_list":["post-836645","post","type-post","status-publish","format-standard","has-post-thumbnail","hentry","category-medio-ambiente-ecologia","category-internacional","tag-greenpeace-es","tag-oceanos","tag-tratado-global-de-los-oceanos","tag-vida-marina"],"yoast_head":"<!-- This site is optimized with the Yoast SEO plugin v27.1.1 - https:\/\/yoast.com\/product\/yoast-seo-wordpress\/ -->\n<title>Todav\u00eda podemos proteger un 30% de los oc\u00e9anos y cuidar la vida marina<\/title>\n<meta name=\"description\" content=\"Investigaci\u00f3n de Greenpeace junto a acad\u00e9micos y cient\u00edficos de las universidades de York y Oxford expone las enormes implicancias medioambientales que\" \/>\n<meta name=\"robots\" content=\"index, follow, max-snippet:-1, max-image-preview:large, max-video-preview:-1\" \/>\n<link rel=\"canonical\" href=\"https:\/\/www.pressenza.com\/es\/2019\/04\/todavia-podemos-proteger-un-30-de-los-oceanos-y-cuidar-la-vida-marina\/\" \/>\n<meta property=\"og:locale\" content=\"es_ES\" \/>\n<meta property=\"og:type\" content=\"article\" \/>\n<meta property=\"og:title\" content=\"Todav\u00eda podemos proteger un 30% de los oc\u00e9anos y cuidar la vida marina\" \/>\n<meta property=\"og:description\" content=\"Investigaci\u00f3n de Greenpeace junto a acad\u00e9micos y cient\u00edficos de las universidades de York y Oxford expone las enormes implicancias medioambientales que\" \/>\n<meta property=\"og:url\" content=\"https:\/\/www.pressenza.com\/es\/2019\/04\/todavia-podemos-proteger-un-30-de-los-oceanos-y-cuidar-la-vida-marina\/\" \/>\n<meta property=\"og:site_name\" content=\"Pressenza\" \/>\n<meta property=\"article:publisher\" content=\"https:\/\/www.facebook.com\/PressenzaItalia\" \/>\n<meta property=\"article:published_time\" content=\"2019-04-07T09:58:19+00:00\" \/>\n<meta property=\"og:image\" content=\"https:\/\/www.pressenza.com\/wp-content\/uploads\/2019\/04\/GP0STSJ0K-1024x683.jpg\" \/>\n\t<meta property=\"og:image:width\" content=\"800\" \/>\n\t<meta property=\"og:image:height\" content=\"533\" \/>\n\t<meta property=\"og:image:type\" content=\"image\/jpeg\" \/>\n<meta name=\"author\" content=\"Diario Clever\" \/>\n<meta name=\"twitter:card\" content=\"summary_large_image\" \/>\n<meta name=\"twitter:creator\" content=\"@PressenzaIPA\" \/>\n<meta name=\"twitter:site\" content=\"@PressenzaIPA\" \/>\n<meta name=\"twitter:label1\" content=\"Escrito por\" \/>\n\t<meta name=\"twitter:data1\" content=\"Diario Clever\" \/>\n\t<meta name=\"twitter:label2\" content=\"Tiempo de lectura\" \/>\n\t<meta name=\"twitter:data2\" content=\"3 minutos\" \/>\n<script type=\"application\/ld+json\" class=\"yoast-schema-graph\">{\"@context\":\"https:\/\/schema.org\",\"@graph\":[{\"@type\":\"Article\",\"@id\":\"https:\/\/www.pressenza.com\/es\/2019\/04\/todavia-podemos-proteger-un-30-de-los-oceanos-y-cuidar-la-vida-marina\/#article\",\"isPartOf\":{\"@id\":\"https:\/\/www.pressenza.com\/es\/2019\/04\/todavia-podemos-proteger-un-30-de-los-oceanos-y-cuidar-la-vida-marina\/\"},\"author\":{\"name\":\"Diario Clever\",\"@id\":\"https:\/\/www.pressenza.com\/es\/#\/schema\/person\/15a1153af1127c772b6a38bf4282bd19\"},\"headline\":\"Todav\u00eda podemos proteger un 30% de los oc\u00e9anos y cuidar la vida marina\",\"datePublished\":\"2019-04-07T09:58:19+00:00\",\"mainEntityOfPage\":{\"@id\":\"https:\/\/www.pressenza.com\/es\/2019\/04\/todavia-podemos-proteger-un-30-de-los-oceanos-y-cuidar-la-vida-marina\/\"},\"wordCount\":520,\"publisher\":{\"@id\":\"https:\/\/www.pressenza.com\/es\/#organization\"},\"image\":{\"@id\":\"https:\/\/www.pressenza.com\/es\/2019\/04\/todavia-podemos-proteger-un-30-de-los-oceanos-y-cuidar-la-vida-marina\/#primaryimage\"},\"thumbnailUrl\":\"https:\/\/www.pressenza.com\/wp-content\/uploads\/2019\/04\/GP0STSJ0K-1024x683.jpg\",\"keywords\":[\"Greenpeace\",\"oc\u00e9anos\",\"Tratado Global de los Oc\u00e9anos\",\"vida marina\"],\"articleSection\":[\"Ecolog\u00eda y Medio Ambiente\",\"Internacional\"],\"inLanguage\":\"es\"},{\"@type\":\"WebPage\",\"@id\":\"https:\/\/www.pressenza.com\/es\/2019\/04\/todavia-podemos-proteger-un-30-de-los-oceanos-y-cuidar-la-vida-marina\/\",\"url\":\"https:\/\/www.pressenza.com\/es\/2019\/04\/todavia-podemos-proteger-un-30-de-los-oceanos-y-cuidar-la-vida-marina\/\",\"name\":\"Todav\u00eda podemos proteger un 30% de los oc\u00e9anos y cuidar la vida marina\",\"isPartOf\":{\"@id\":\"https:\/\/www.pressenza.com\/es\/#website\"},\"primaryImageOfPage\":{\"@id\":\"https:\/\/www.pressenza.com\/es\/2019\/04\/todavia-podemos-proteger-un-30-de-los-oceanos-y-cuidar-la-vida-marina\/#primaryimage\"},\"image\":{\"@id\":\"https:\/\/www.pressenza.com\/es\/2019\/04\/todavia-podemos-proteger-un-30-de-los-oceanos-y-cuidar-la-vida-marina\/#primaryimage\"},\"thumbnailUrl\":\"https:\/\/www.pressenza.com\/wp-content\/uploads\/2019\/04\/GP0STSJ0K-1024x683.jpg\",\"datePublished\":\"2019-04-07T09:58:19+00:00\",\"description\":\"Investigaci\u00f3n de Greenpeace junto a acad\u00e9micos y cient\u00edficos de las universidades de York y Oxford expone las enormes implicancias medioambientales que\",\"breadcrumb\":{\"@id\":\"https:\/\/www.pressenza.com\/es\/2019\/04\/todavia-podemos-proteger-un-30-de-los-oceanos-y-cuidar-la-vida-marina\/#breadcrumb\"},\"inLanguage\":\"es\",\"potentialAction\":[{\"@type\":\"ReadAction\",\"target\":[\"https:\/\/www.pressenza.com\/es\/2019\/04\/todavia-podemos-proteger-un-30-de-los-oceanos-y-cuidar-la-vida-marina\/\"]}]},{\"@type\":\"ImageObject\",\"inLanguage\":\"es\",\"@id\":\"https:\/\/www.pressenza.com\/es\/2019\/04\/todavia-podemos-proteger-un-30-de-los-oceanos-y-cuidar-la-vida-marina\/#primaryimage\",\"url\":\"https:\/\/www.pressenza.com\/wp-content\/uploads\/2019\/04\/GP0STSJ0K-1024x683.jpg\",\"contentUrl\":\"https:\/\/www.pressenza.com\/wp-content\/uploads\/2019\/04\/GP0STSJ0K-1024x683.jpg\",\"width\":800,\"height\":533},{\"@type\":\"BreadcrumbList\",\"@id\":\"https:\/\/www.pressenza.com\/es\/2019\/04\/todavia-podemos-proteger-un-30-de-los-oceanos-y-cuidar-la-vida-marina\/#breadcrumb\",\"itemListElement\":[{\"@type\":\"ListItem\",\"position\":1,\"name\":\"Accueil\",\"item\":\"https:\/\/www.pressenza.com\/es\/\"},{\"@type\":\"ListItem\",\"position\":2,\"name\":\"Todav\u00eda podemos proteger un 30% de los oc\u00e9anos y cuidar la vida marina\"}]},{\"@type\":\"WebSite\",\"@id\":\"https:\/\/www.pressenza.com\/es\/#website\",\"url\":\"https:\/\/www.pressenza.com\/es\/\",\"name\":\"Pressenza\",\"description\":\"International Press Agency\",\"publisher\":{\"@id\":\"https:\/\/www.pressenza.com\/es\/#organization\"},\"potentialAction\":[{\"@type\":\"SearchAction\",\"target\":{\"@type\":\"EntryPoint\",\"urlTemplate\":\"https:\/\/www.pressenza.com\/es\/?s={search_term_string}\"},\"query-input\":{\"@type\":\"PropertyValueSpecification\",\"valueRequired\":true,\"valueName\":\"search_term_string\"}}],\"inLanguage\":\"es\"},{\"@type\":\"Organization\",\"@id\":\"https:\/\/www.pressenza.com\/es\/#organization\",\"name\":\"Pressenza\",\"url\":\"https:\/\/www.pressenza.com\/es\/\",\"logo\":{\"@type\":\"ImageObject\",\"inLanguage\":\"es\",\"@id\":\"https:\/\/www.pressenza.com\/es\/#\/schema\/logo\/image\/\",\"url\":\"https:\/\/www.pressenza.com\/wp-content\/uploads\/2022\/10\/pressenza_logo_200x200.jpg\",\"contentUrl\":\"https:\/\/www.pressenza.com\/wp-content\/uploads\/2022\/10\/pressenza_logo_200x200.jpg\",\"width\":200,\"height\":200,\"caption\":\"Pressenza\"},\"image\":{\"@id\":\"https:\/\/www.pressenza.com\/es\/#\/schema\/logo\/image\/\"},\"sameAs\":[\"https:\/\/www.facebook.com\/PressenzaItalia\",\"https:\/\/x.com\/PressenzaIPA\"]},{\"@type\":\"Person\",\"@id\":\"https:\/\/www.pressenza.com\/es\/#\/schema\/person\/15a1153af1127c772b6a38bf4282bd19\",\"name\":\"Diario Clever\",\"description\":\"CLEVER es una nueva plataforma digital que nace como alternativa a los medios de comunicaci\u00f3n tradicionales del Chile. Es un medio digital con especial vocaci\u00f3n a lo audiovisual, creando un espacio de progresismo, amante de la diversidad, tolerante, liberal y democr\u00e1tico.\",\"sameAs\":[\"http:\/\/www.diarioclever.cl\/\"],\"url\":\"https:\/\/www.pressenza.com\/es\/author\/diario-clever\/\"}]}<\/script>\n<!-- \/ Yoast SEO plugin. -->","yoast_head_json":{"title":"Todav\u00eda podemos proteger un 30% de los oc\u00e9anos y cuidar la vida marina","description":"Investigaci\u00f3n de Greenpeace junto a acad\u00e9micos y cient\u00edficos de las universidades de York y Oxford expone las enormes implicancias medioambientales que","robots":{"index":"index","follow":"follow","max-snippet":"max-snippet:-1","max-image-preview":"max-image-preview:large","max-video-preview":"max-video-preview:-1"},"canonical":"https:\/\/www.pressenza.com\/es\/2019\/04\/todavia-podemos-proteger-un-30-de-los-oceanos-y-cuidar-la-vida-marina\/","og_locale":"es_ES","og_type":"article","og_title":"Todav\u00eda podemos proteger un 30% de los oc\u00e9anos y cuidar la vida marina","og_description":"Investigaci\u00f3n de Greenpeace junto a acad\u00e9micos y cient\u00edficos de las universidades de York y Oxford expone las enormes implicancias medioambientales que","og_url":"https:\/\/www.pressenza.com\/es\/2019\/04\/todavia-podemos-proteger-un-30-de-los-oceanos-y-cuidar-la-vida-marina\/","og_site_name":"Pressenza","article_publisher":"https:\/\/www.facebook.com\/PressenzaItalia","article_published_time":"2019-04-07T09:58:19+00:00","og_image":[{"width":800,"height":533,"url":"https:\/\/www.pressenza.com\/wp-content\/uploads\/2019\/04\/GP0STSJ0K-1024x683.jpg","type":"image\/jpeg"}],"author":"Diario Clever","twitter_card":"summary_large_image","twitter_creator":"@PressenzaIPA","twitter_site":"@PressenzaIPA","twitter_misc":{"Escrito por":"Diario Clever","Tiempo de lectura":"3 minutos"},"schema":{"@context":"https:\/\/schema.org","@graph":[{"@type":"Article","@id":"https:\/\/www.pressenza.com\/es\/2019\/04\/todavia-podemos-proteger-un-30-de-los-oceanos-y-cuidar-la-vida-marina\/#article","isPartOf":{"@id":"https:\/\/www.pressenza.com\/es\/2019\/04\/todavia-podemos-proteger-un-30-de-los-oceanos-y-cuidar-la-vida-marina\/"},"author":{"name":"Diario Clever","@id":"https:\/\/www.pressenza.com\/es\/#\/schema\/person\/15a1153af1127c772b6a38bf4282bd19"},"headline":"Todav\u00eda podemos proteger un 30% de los oc\u00e9anos y cuidar la vida marina","datePublished":"2019-04-07T09:58:19+00:00","mainEntityOfPage":{"@id":"https:\/\/www.pressenza.com\/es\/2019\/04\/todavia-podemos-proteger-un-30-de-los-oceanos-y-cuidar-la-vida-marina\/"},"wordCount":520,"publisher":{"@id":"https:\/\/www.pressenza.com\/es\/#organization"},"image":{"@id":"https:\/\/www.pressenza.com\/es\/2019\/04\/todavia-podemos-proteger-un-30-de-los-oceanos-y-cuidar-la-vida-marina\/#primaryimage"},"thumbnailUrl":"https:\/\/www.pressenza.com\/wp-content\/uploads\/2019\/04\/GP0STSJ0K-1024x683.jpg","keywords":["Greenpeace","oc\u00e9anos","Tratado Global de los Oc\u00e9anos","vida marina"],"articleSection":["Ecolog\u00eda y Medio Ambiente","Internacional"],"inLanguage":"es"},{"@type":"WebPage","@id":"https:\/\/www.pressenza.com\/es\/2019\/04\/todavia-podemos-proteger-un-30-de-los-oceanos-y-cuidar-la-vida-marina\/","url":"https:\/\/www.pressenza.com\/es\/2019\/04\/todavia-podemos-proteger-un-30-de-los-oceanos-y-cuidar-la-vida-marina\/","name":"Todav\u00eda podemos proteger un 30% de los oc\u00e9anos y cuidar la vida marina","isPartOf":{"@id":"https:\/\/www.pressenza.com\/es\/#website"},"primaryImageOfPage":{"@id":"https:\/\/www.pressenza.com\/es\/2019\/04\/todavia-podemos-proteger-un-30-de-los-oceanos-y-cuidar-la-vida-marina\/#primaryimage"},"image":{"@id":"https:\/\/www.pressenza.com\/es\/2019\/04\/todavia-podemos-proteger-un-30-de-los-oceanos-y-cuidar-la-vida-marina\/#primaryimage"},"thumbnailUrl":"https:\/\/www.pressenza.com\/wp-content\/uploads\/2019\/04\/GP0STSJ0K-1024x683.jpg","datePublished":"2019-04-07T09:58:19+00:00","description":"Investigaci\u00f3n de Greenpeace junto a acad\u00e9micos y cient\u00edficos de las universidades de York y Oxford expone las enormes implicancias medioambientales que","breadcrumb":{"@id":"https:\/\/www.pressenza.com\/es\/2019\/04\/todavia-podemos-proteger-un-30-de-los-oceanos-y-cuidar-la-vida-marina\/#breadcrumb"},"inLanguage":"es","potentialAction":[{"@type":"ReadAction","target":["https:\/\/www.pressenza.com\/es\/2019\/04\/todavia-podemos-proteger-un-30-de-los-oceanos-y-cuidar-la-vida-marina\/"]}]},{"@type":"ImageObject","inLanguage":"es","@id":"https:\/\/www.pressenza.com\/es\/2019\/04\/todavia-podemos-proteger-un-30-de-los-oceanos-y-cuidar-la-vida-marina\/#primaryimage","url":"https:\/\/www.pressenza.com\/wp-content\/uploads\/2019\/04\/GP0STSJ0K-1024x683.jpg","contentUrl":"https:\/\/www.pressenza.com\/wp-content\/uploads\/2019\/04\/GP0STSJ0K-1024x683.jpg","width":800,"height":533},{"@type":"BreadcrumbList","@id":"https:\/\/www.pressenza.com\/es\/2019\/04\/todavia-podemos-proteger-un-30-de-los-oceanos-y-cuidar-la-vida-marina\/#breadcrumb","itemListElement":[{"@type":"ListItem","position":1,"name":"Accueil","item":"https:\/\/www.pressenza.com\/es\/"},{"@type":"ListItem","position":2,"name":"Todav\u00eda podemos proteger un 30% de los oc\u00e9anos y cuidar la vida marina"}]},{"@type":"WebSite","@id":"https:\/\/www.pressenza.com\/es\/#website","url":"https:\/\/www.pressenza.com\/es\/","name":"Pressenza","description":"International Press Agency","publisher":{"@id":"https:\/\/www.pressenza.com\/es\/#organization"},"potentialAction":[{"@type":"SearchAction","target":{"@type":"EntryPoint","urlTemplate":"https:\/\/www.pressenza.com\/es\/?s={search_term_string}"},"query-input":{"@type":"PropertyValueSpecification","valueRequired":true,"valueName":"search_term_string"}}],"inLanguage":"es"},{"@type":"Organization","@id":"https:\/\/www.pressenza.com\/es\/#organization","name":"Pressenza","url":"https:\/\/www.pressenza.com\/es\/","logo":{"@type":"ImageObject","inLanguage":"es","@id":"https:\/\/www.pressenza.com\/es\/#\/schema\/logo\/image\/","url":"https:\/\/www.pressenza.com\/wp-content\/uploads\/2022\/10\/pressenza_logo_200x200.jpg","contentUrl":"https:\/\/www.pressenza.com\/wp-content\/uploads\/2022\/10\/pressenza_logo_200x200.jpg","width":200,"height":200,"caption":"Pressenza"},"image":{"@id":"https:\/\/www.pressenza.com\/es\/#\/schema\/logo\/image\/"},"sameAs":["https:\/\/www.facebook.com\/PressenzaItalia","https:\/\/x.com\/PressenzaIPA"]},{"@type":"Person","@id":"https:\/\/www.pressenza.com\/es\/#\/schema\/person\/15a1153af1127c772b6a38bf4282bd19","name":"Diario Clever","description":"CLEVER es una nueva plataforma digital que nace como alternativa a los medios de comunicaci\u00f3n tradicionales del Chile. Es un medio digital con especial vocaci\u00f3n a lo audiovisual, creando un espacio de progresismo, amante de la diversidad, tolerante, liberal y democr\u00e1tico.","sameAs":["http:\/\/www.diarioclever.cl\/"],"url":"https:\/\/www.pressenza.com\/es\/author\/diario-clever\/"}]}},"place":"","original_article_url":"https:\/\/www.diarioclever.cl\/todavia-podemos-proteger-un-30-de-los-oceanos-y-cuidar-la-vida-marina\/","_links":{"self":[{"href":"https:\/\/www.pressenza.com\/es\/wp-json\/wp\/v2\/posts\/836645","targetHints":{"allow":["GET"]}}],"collection":[{"href":"https:\/\/www.pressenza.com\/es\/wp-json\/wp\/v2\/posts"}],"about":[{"href":"https:\/\/www.pressenza.com\/es\/wp-json\/wp\/v2\/types\/post"}],"author":[{"embeddable":true,"href":"https:\/\/www.pressenza.com\/es\/wp-json\/wp\/v2\/users\/1557"}],"replies":[{"embeddable":true,"href":"https:\/\/www.pressenza.com\/es\/wp-json\/wp\/v2\/comments?post=836645"}],"version-history":[{"count":0,"href":"https:\/\/www.pressenza.com\/es\/wp-json\/wp\/v2\/posts\/836645\/revisions"}],"wp:featuredmedia":[{"embeddable":true,"href":"https:\/\/www.pressenza.com\/es\/wp-json\/wp\/v2\/media\/836646"}],"wp:attachment":[{"href":"https:\/\/www.pressenza.com\/es\/wp-json\/wp\/v2\/media?parent=836645"}],"wp:term":[{"taxonomy":"category","embeddable":true,"href":"https:\/\/www.pressenza.com\/es\/wp-json\/wp\/v2\/categories?post=836645"},{"taxonomy":"post_tag","embeddable":true,"href":"https:\/\/www.pressenza.com\/es\/wp-json\/wp\/v2\/tags?post=836645"}],"curies":[{"name":"wp","href":"https:\/\/api.w.org\/{rel}","templated":true}]}}