{"id":83605,"date":"2014-01-03T13:31:45","date_gmt":"2014-01-03T13:31:45","guid":{"rendered":"http:\/\/www.pressenza.com\/?p=83605"},"modified":"2014-01-03T13:31:45","modified_gmt":"2014-01-03T13:31:45","slug":"resaca-de-2013","status":"publish","type":"post","link":"https:\/\/www.pressenza.com\/es\/2014\/01\/resaca-de-2013\/","title":{"rendered":"Resaca de 2013"},"content":{"rendered":"<div id=\"yui_3_13_0_ym1_1_1388740552062_2372\" style=\"font-family: 'Times New Roman'; font-size: medium; text-align: justify;\">\n<div id=\"yui_3_13_0_ym1_1_1388740552062_2371\">Cen\u00e9 poco. Y tom\u00e9 menos. Apenas unas lonjas de carne fr\u00eda, solomillo de cerdo y pescetto (\u00bfte acord\u00e1s, Juan?), con salsa de berenjena y tomate y otra con palta. Coca Cola y, de postre, helado de mousse de lim\u00f3n con vino Chenin. Una delicia. O sea, de resaca et\u00edlica y gastron\u00f3mica, casi nada. Hablo de la otra, la medi\u00e1tica. Vicio profesional intacto pese a que estoy transitando mis primeros d\u00edas de vacaciones.<\/div>\n<\/div>\n<div id=\"yui_3_13_0_ym1_1_1388740552062_2396\" style=\"font-family: 'Times New Roman'; font-size: medium; text-align: justify;\">\n<div id=\"yui_3_13_0_ym1_1_1388740552062_2395\">La semana anterior al 24 de diciembre el Colegio Notarial de Mendoza public\u00f3 en los principales diarios locales un documento en el que manifestaba su oposici\u00f3n al proyecto de modificaci\u00f3n del C\u00f3digo Civil y su fusi\u00f3n con el Comercial. Lo m\u00e1s ins\u00f3lito no es su oposici\u00f3n sino las razones. Seg\u00fan los escribanos no hace falta, est\u00e1 muy bien as\u00ed como est\u00e1. \u00a0El mamotreto jur\u00eddico que rige las relaciones privadas de los habitantes de este p\u00e1ramo del sur del planeta est\u00e1 vigente desde 1869 por la \u00abprepotencia de trabajo\u00bb de una comisi\u00f3n presidida por Dalmacio V\u00e9lez Sarsfield, seg\u00fan ordenaba el decreto firmado por Justo Jos\u00e9 de Urquiza unos a\u00f1os antes. El asunto es que los muy notables notarios zanjoneros no quieren que se modifique nada. Ellos son partidarios de las momificaciones m\u00e1s que de las modificaciones. Quiz\u00e1 sea pereza porque tendr\u00edan que ponerse a estudiar nuevamente y ya no hay papel secante, ni m\u00e1quinas de escribir Underwood, o como se llamen, y la gente se sigue amando \u00abaunque no tengan permiso\u00bb y ellos cobran un ojo de la cara y la yema del otro por certificar que el garabato que queda registrado en el libraco de su oficina es tu firma.<\/div>\n<\/div>\n<div id=\"yui_3_13_0_ym1_1_1388740552062_2398\" style=\"font-family: 'Times New Roman'; font-size: medium; text-align: justify;\">\n<div id=\"yui_3_13_0_ym1_1_1388740552062_2397\">Su declaraci\u00f3n ratifica una caracter\u00edstica ancestral de una porci\u00f3n importante de la sociedad mendocina. Tengo dicho que Mendoza atrasa. El resurgir de Cobos, ese pusil\u00e1nime de cabotaje en la pol\u00edtica argentina, el espasm\u00f3dico amor por los \u00e9mulos de Trotski entre ciertas capas medias provinciales y la inveterada costumbre de reventar la noche de ni\u00f1os, adultos y animales con pirotecnia (ese \u00ablacre inalterable de la imbecilidad\u00bb, como dice Norberto Soares), me lo confirman, pero nunca imagin\u00e9 que exist\u00eda un conglomerado burocr\u00e1tico que atrase m\u00e1s a\u00fan. En s\u00edntesis, por ahora: los escribanos locales dan fe, ese es su laburo. Tambi\u00e9n dan l\u00e1stima.<\/div>\n<\/div>\n<div style=\"font-family: 'Times New Roman'; font-size: medium; text-align: justify;\">\n<div><\/div>\n<\/div>\n<div style=\"font-family: 'Times New Roman'; font-size: medium; text-align: justify;\">\n<div>II<\/div>\n<\/div>\n<div style=\"font-family: 'Times New Roman'; font-size: medium; text-align: justify;\">\n<div><\/div>\n<\/div>\n<div id=\"yui_3_13_0_ym1_1_1388740552062_2400\" style=\"font-family: 'Times New Roman'; font-size: medium; text-align: justify;\">\n<div id=\"yui_3_13_0_ym1_1_1388740552062_2399\">La l\u00f3gica del martirologio. O puede ser la del morbo por la muerte y sus arrabales. Poco antes de terminar el a\u00f1o la voracidad medi\u00e1tica por sobrevolar la desgracia y, por eso mismo, vender cent\u00edmetros de publicidad o segundos radiales y de pantalla, tuvo a la salud de Alfredo Alc\u00f3n, ese eminente actor argentino, como protagonista. Especularon con su edad avanzada y mantuvieron a la clientela al borde de la histeria, con sus c\u00e1maras y micr\u00f3fonos apostados en la puerta del sanatorio como cuervos sobrevolando los despojos. \u00bfSe mor\u00ed o mejoraba? Por ahora, Alc\u00f3n vuela m\u00e1s alto y, por supuesto, dej\u00f3 de ser noticia. La obscenidad en cap\u00edtulos. Un poco antes le hab\u00eda tocado el turno al gobernador de San Juan, Jos\u00e9 Luis Gioja, que vio c\u00f3mo el helic\u00f3ptero que lo transportaba se hund\u00eda en el tierral de un paraje llamado, parad\u00f3jicamente, Valle F\u00e9rtil. Fue el 11 de octubre pasado y a\u00fan trata de recuperar su anterior apostura. Va queriendo, pero sospecho que las empresas period\u00edstica hubiesen preferido un poquito m\u00e1s de drama o, su equivalente, un punto m\u00e1s de rating y algunos ejemplares m\u00e1s de venta en los kioscos del pa\u00eds.<\/div>\n<\/div>\n<div id=\"yui_3_13_0_ym1_1_1388740552062_2408\" style=\"font-family: 'Times New Roman'; font-size: medium; text-align: justify;\">\n<div id=\"yui_3_13_0_ym1_1_1388740552062_2407\">Despu\u00e9s, los excesos de tabaco, alcohol y otras sustancias le pasaron factura a Cacho (o Facho) Casta\u00f1a. El cantor porte\u00f1o est\u00e1 pagando por sus andanzas nocturnas, diurnas y vespertinas. Al sanatorio donde aterriz\u00f3 su fatigado cuerpo se traslad\u00f3 la requisitoria del morbo. Como, entretanto, se muri\u00f3 el Dr. Tangalanga, un humorista telef\u00f3nico, t\u00edpico ejemplar de la friboludez de los noventa, ya no se sabe si Casta\u00f1a est\u00e1 mejor, igual o peor. Tampoco si Tangalanga dej\u00f3 secuelas en el inconsciente colectivo nacional o no. Es que, poco antes del brindis del 31 de diciembre, se tritur\u00f3 \u00abla capocha\u00bb (seg\u00fan la it\u00e1lica expresi\u00f3n de nuestra Morocha) el germano Michael Schumacher. El m\u00faltiple campe\u00f3n de F\u00f3rmula 1 estaba esquiando en los Alpes franceses y se despist\u00f3. Los medios esperan al acecho en las puertas del sanatorio de Grenoble. Gioja le dej\u00f3 su lugar a Alc\u00f3n, \u00e9ste a Casta\u00f1a, luego tuvo sus cinco minutos de fama f\u00fanebre el c\u00f3micoide y finalmente, por ahora, Schumacher. La danza macabra sigue y espera la pr\u00f3xima tragedia.<\/div>\n<\/div>\n<div style=\"font-family: 'Times New Roman'; font-size: medium; text-align: justify;\">\n<div><\/div>\n<\/div>\n<div id=\"yui_3_13_0_ym1_1_1388740552062_2402\" style=\"font-family: 'Times New Roman'; font-size: medium; text-align: justify;\">\n<div id=\"yui_3_13_0_ym1_1_1388740552062_2401\">III<\/div>\n<\/div>\n<div style=\"font-family: 'Times New Roman'; font-size: medium; text-align: justify;\">\n<div><\/div>\n<\/div>\n<div><\/div>\n<div id=\"yui_3_13_0_ym1_1_1388740552062_2404\" style=\"font-family: 'Times New Roman'; font-size: medium; text-align: justify;\">\n<div id=\"yui_3_13_0_ym1_1_1388740552062_2406\">Ac\u00e1, mientras el calor nos ten\u00eda aferrados al aire acondicionado para poder subsistir m\u00e1s o menos l\u00facidos, fallec\u00eda Jos\u00e9 Antonio Chiavetta, Pepe. Me llam\u00f3 mi amigo Luis Villalba. Lo hab\u00eda le\u00eddo en Facebook, en un homenaje sentido y sincero que public\u00f3 el actor mendocino Dar\u00edo An\u00eds. El Pepe fue una figura se\u00f1era en el \u00e1mbito cultural de Mendoza. Sobre todo, en teatro. Director, maestro de actores y un profundo conocedor de t\u00e9cnicas y vanguardias. Pepe era el padre de la destacada escritora Liliana Bodoc y de mis amigos y compa\u00f1eros Hugo y Silvia. Hincha de Boca, c\u00e1ustico en sus di\u00e1logos, fue un personaje singular en medio de la chatura provincial en la que, al sabio decir de Mempo Giardinelli, suele reinar cierta \u00abmentalidad municipal\u00bb. Enviud\u00f3 dos veces y tiene el ins\u00f3lito r\u00e9cord, hasta donde s\u00e9, de haber sido el \u00fanico ser humano que se fractur\u00f3 la mu\u00f1eca de su mano jugando al ajedrez. Si eso no es vehemencia y convicci\u00f3n&#8230;A su vez, era capaz de gestos de infinita ternura cuando me ve\u00eda en una mesa de caf\u00e9 y, sobre todo, al reconocer a mi hija Laura y sus pinturas.<\/div>\n<div id=\"yui_3_13_0_ym1_1_1388740552062_2403\">Pues bien (o pues mal), ning\u00fan medio gr\u00e1fico o digital de la provincia public\u00f3 nada. Ni la noticia de su partida ni, mucho menos, el homenaje que su trayectoria merece. S\u00f3lo el periodista Juan Villalba, en Radio Universidad, y los programas \u00abDicho de otro modo\u00bb y el nuestro, \u00abEl Candil\u00bb, en Radio Nacional Mendoza, le hicimos una modesta justicia al reguero de arte que sembr\u00f3 Pepe. Ni siquiera haber sido el padre de una escritora famosa y formada en esta tierra (el primer tomo de \u00abLa saga de los confines\u00bb est\u00e1 dedicado a \u00e9l) les alcanz\u00f3 a los se\u00f1ores y se\u00f1oras del periodismo vern\u00e1culo para dedicarle aunque m\u00e1s no sea un p\u00e1rrafo en la secci\u00f3n Cultura de los matutinos locales.<\/div>\n<div id=\"yui_3_13_0_ym1_1_1388740552062_2556\">La l\u00f3gica es la misma de lo desarrollado en el p\u00e1rrafo anterior, pero al rev\u00e9s. Como se trat\u00f3 de un trabajador del arte que no brill\u00f3 en marquesinas titilantes no hubo c\u00e1maras ni grabadores para cubrir el dolor de los suyos. La muerte de Pepe no vende, entonces no merece segundos ni cent\u00edmetros. El ADN de la crueldad medi\u00e1tica.<\/div>\n<div id=\"yui_3_13_0_ym1_1_1388740552062_2555\">Sus cenizas fueron esparcidas en un teatro al aire libre, en el Parque San Mart\u00edn. Ernesto Su\u00e1rez, el Flaco, generoso y talentoso actor, lo despidi\u00f3 junto a los hijos y alg\u00fan p\u00e1jaro aut\u00f3ctono.<\/div>\n<\/div>\n<div id=\"yui_3_13_0_ym1_1_1388740552062_2554\"><\/div>\n<div id=\"yui_3_13_0_ym1_1_1388740552062_2550\"><span style=\"font-size: small;\">Julio Rudman<br \/>\n<\/span><span id=\"yui_3_13_0_ym1_1_1388740552062_2552\" style=\"font-size: small;\"><a id=\"yui_3_13_0_ym1_1_1388740552062_2551\" href=\"http:\/\/www.julio-rudman.blogspot.com\/\" target=\"_blank\" rel=\"nofollow\">http:\/\/www.julio-rudman.blogspot.com<\/a><\/span><\/div>\n<p><span id=\"yui_3_13_0_ym1_1_1388740552062_2549\" style=\"font-size: small;\"><a id=\"yui_3_13_0_ym1_1_1388740552062_2548\" href=\"http:\/\/losotrosjudios.com\/\" target=\"_blank\" rel=\"nofollow\">http:\/\/losotrosjudios.com\/<\/a><\/span><\/p>\n","protected":false},"excerpt":{"rendered":"<p>Cen\u00e9 poco. Y tom\u00e9 menos. Apenas unas lonjas de carne fr\u00eda, solomillo de cerdo y pescetto (\u00bfte acord\u00e1s, Juan?), con salsa de berenjena y tomate y otra con palta. Coca Cola y, de postre, helado de mousse de lim\u00f3n con&hellip;<\/p>\n","protected":false},"author":922,"featured_media":83614,"comment_status":"closed","ping_status":"open","sticky":false,"template":"","format":"standard","meta":{"footnotes":""},"categories":[75,161,74,67],"tags":[26,523],"class_list":["post-83605","post","type-post","status-publish","format-standard","has-post-thumbnail","hentry","category-cultura-es","category-opiniones","category-politica-es","category-sudamerica","tag-argentina","tag-medios-de-comunicacion"],"yoast_head":"<!-- This site is optimized with the Yoast SEO plugin v27.1.1 - https:\/\/yoast.com\/product\/yoast-seo-wordpress\/ -->\n<title>Resaca de 2013<\/title>\n<meta name=\"description\" content=\"Cen\u00e9 poco. Y tom\u00e9 menos. Apenas unas lonjas de carne fr\u00eda, solomillo de cerdo y pescetto (\u00bfte acord\u00e1s, Juan?), con salsa de berenjena y tomate y otra con\" \/>\n<meta name=\"robots\" content=\"index, follow, max-snippet:-1, max-image-preview:large, max-video-preview:-1\" \/>\n<link rel=\"canonical\" href=\"https:\/\/www.pressenza.com\/es\/2014\/01\/resaca-de-2013\/\" \/>\n<meta property=\"og:locale\" content=\"es_ES\" \/>\n<meta property=\"og:type\" content=\"article\" \/>\n<meta property=\"og:title\" content=\"Resaca de 2013\" \/>\n<meta property=\"og:description\" content=\"Cen\u00e9 poco. Y tom\u00e9 menos. Apenas unas lonjas de carne fr\u00eda, solomillo de cerdo y pescetto (\u00bfte acord\u00e1s, Juan?), con salsa de berenjena y tomate y otra con\" \/>\n<meta property=\"og:url\" content=\"https:\/\/www.pressenza.com\/es\/2014\/01\/resaca-de-2013\/\" \/>\n<meta property=\"og:site_name\" content=\"Pressenza\" \/>\n<meta property=\"article:publisher\" content=\"https:\/\/www.facebook.com\/PressenzaItalia\" \/>\n<meta property=\"article:published_time\" content=\"2014-01-03T13:31:45+00:00\" \/>\n<meta property=\"og:image\" content=\"https:\/\/www.pressenza.com\/wp-content\/uploads\/2014\/01\/dream___experimental_by_elektroll-d5myb3o.png\" \/>\n\t<meta property=\"og:image:width\" content=\"723\" \/>\n\t<meta property=\"og:image:height\" content=\"1022\" \/>\n\t<meta property=\"og:image:type\" content=\"image\/png\" \/>\n<meta name=\"author\" content=\"Julio Rudman\" \/>\n<meta name=\"twitter:card\" content=\"summary_large_image\" \/>\n<meta name=\"twitter:creator\" content=\"@PressenzaIPA\" \/>\n<meta name=\"twitter:site\" content=\"@PressenzaIPA\" \/>\n<meta name=\"twitter:label1\" content=\"Escrito por\" \/>\n\t<meta name=\"twitter:data1\" content=\"Julio Rudman\" \/>\n\t<meta name=\"twitter:label2\" content=\"Tiempo de lectura\" \/>\n\t<meta name=\"twitter:data2\" content=\"6 minutos\" \/>\n<script type=\"application\/ld+json\" class=\"yoast-schema-graph\">{\"@context\":\"https:\/\/schema.org\",\"@graph\":[{\"@type\":\"Article\",\"@id\":\"https:\/\/www.pressenza.com\/es\/2014\/01\/resaca-de-2013\/#article\",\"isPartOf\":{\"@id\":\"https:\/\/www.pressenza.com\/es\/2014\/01\/resaca-de-2013\/\"},\"author\":{\"name\":\"Julio Rudman\",\"@id\":\"https:\/\/www.pressenza.com\/es\/#\/schema\/person\/bfb2123ddd224e1ceebc4f8ae8a61b3d\"},\"headline\":\"Resaca de 2013\",\"datePublished\":\"2014-01-03T13:31:45+00:00\",\"mainEntityOfPage\":{\"@id\":\"https:\/\/www.pressenza.com\/es\/2014\/01\/resaca-de-2013\/\"},\"wordCount\":1259,\"publisher\":{\"@id\":\"https:\/\/www.pressenza.com\/es\/#organization\"},\"image\":{\"@id\":\"https:\/\/www.pressenza.com\/es\/2014\/01\/resaca-de-2013\/#primaryimage\"},\"thumbnailUrl\":\"https:\/\/www.pressenza.com\/wp-content\/uploads\/2014\/01\/dream___experimental_by_elektroll-d5myb3o.png\",\"keywords\":[\"Argentina\",\"medios de comunicaci\u00f3n\"],\"articleSection\":[\"Cultura y Medios\",\"Opiniones\",\"Pol\u00edtica\",\"Sudam\u00e9rica\"],\"inLanguage\":\"es\"},{\"@type\":\"WebPage\",\"@id\":\"https:\/\/www.pressenza.com\/es\/2014\/01\/resaca-de-2013\/\",\"url\":\"https:\/\/www.pressenza.com\/es\/2014\/01\/resaca-de-2013\/\",\"name\":\"Resaca de 2013\",\"isPartOf\":{\"@id\":\"https:\/\/www.pressenza.com\/es\/#website\"},\"primaryImageOfPage\":{\"@id\":\"https:\/\/www.pressenza.com\/es\/2014\/01\/resaca-de-2013\/#primaryimage\"},\"image\":{\"@id\":\"https:\/\/www.pressenza.com\/es\/2014\/01\/resaca-de-2013\/#primaryimage\"},\"thumbnailUrl\":\"https:\/\/www.pressenza.com\/wp-content\/uploads\/2014\/01\/dream___experimental_by_elektroll-d5myb3o.png\",\"datePublished\":\"2014-01-03T13:31:45+00:00\",\"description\":\"Cen\u00e9 poco. Y tom\u00e9 menos. Apenas unas lonjas de carne fr\u00eda, solomillo de cerdo y pescetto (\u00bfte acord\u00e1s, Juan?), con salsa de berenjena y tomate y otra con\",\"breadcrumb\":{\"@id\":\"https:\/\/www.pressenza.com\/es\/2014\/01\/resaca-de-2013\/#breadcrumb\"},\"inLanguage\":\"es\",\"potentialAction\":[{\"@type\":\"ReadAction\",\"target\":[\"https:\/\/www.pressenza.com\/es\/2014\/01\/resaca-de-2013\/\"]}]},{\"@type\":\"ImageObject\",\"inLanguage\":\"es\",\"@id\":\"https:\/\/www.pressenza.com\/es\/2014\/01\/resaca-de-2013\/#primaryimage\",\"url\":\"https:\/\/www.pressenza.com\/wp-content\/uploads\/2014\/01\/dream___experimental_by_elektroll-d5myb3o.png\",\"contentUrl\":\"https:\/\/www.pressenza.com\/wp-content\/uploads\/2014\/01\/dream___experimental_by_elektroll-d5myb3o.png\",\"width\":723,\"height\":1022},{\"@type\":\"BreadcrumbList\",\"@id\":\"https:\/\/www.pressenza.com\/es\/2014\/01\/resaca-de-2013\/#breadcrumb\",\"itemListElement\":[{\"@type\":\"ListItem\",\"position\":1,\"name\":\"Accueil\",\"item\":\"https:\/\/www.pressenza.com\/es\/\"},{\"@type\":\"ListItem\",\"position\":2,\"name\":\"Resaca de 2013\"}]},{\"@type\":\"WebSite\",\"@id\":\"https:\/\/www.pressenza.com\/es\/#website\",\"url\":\"https:\/\/www.pressenza.com\/es\/\",\"name\":\"Pressenza\",\"description\":\"International Press Agency\",\"publisher\":{\"@id\":\"https:\/\/www.pressenza.com\/es\/#organization\"},\"potentialAction\":[{\"@type\":\"SearchAction\",\"target\":{\"@type\":\"EntryPoint\",\"urlTemplate\":\"https:\/\/www.pressenza.com\/es\/?s={search_term_string}\"},\"query-input\":{\"@type\":\"PropertyValueSpecification\",\"valueRequired\":true,\"valueName\":\"search_term_string\"}}],\"inLanguage\":\"es\"},{\"@type\":\"Organization\",\"@id\":\"https:\/\/www.pressenza.com\/es\/#organization\",\"name\":\"Pressenza\",\"url\":\"https:\/\/www.pressenza.com\/es\/\",\"logo\":{\"@type\":\"ImageObject\",\"inLanguage\":\"es\",\"@id\":\"https:\/\/www.pressenza.com\/es\/#\/schema\/logo\/image\/\",\"url\":\"https:\/\/www.pressenza.com\/wp-content\/uploads\/2022\/10\/pressenza_logo_200x200.jpg\",\"contentUrl\":\"https:\/\/www.pressenza.com\/wp-content\/uploads\/2022\/10\/pressenza_logo_200x200.jpg\",\"width\":200,\"height\":200,\"caption\":\"Pressenza\"},\"image\":{\"@id\":\"https:\/\/www.pressenza.com\/es\/#\/schema\/logo\/image\/\"},\"sameAs\":[\"https:\/\/www.facebook.com\/PressenzaItalia\",\"https:\/\/x.com\/PressenzaIPA\"]},{\"@type\":\"Person\",\"@id\":\"https:\/\/www.pressenza.com\/es\/#\/schema\/person\/bfb2123ddd224e1ceebc4f8ae8a61b3d\",\"name\":\"Julio Rudman\",\"url\":\"https:\/\/www.pressenza.com\/es\/author\/juliorudman\/\"}]}<\/script>\n<!-- \/ Yoast SEO plugin. -->","yoast_head_json":{"title":"Resaca de 2013","description":"Cen\u00e9 poco. Y tom\u00e9 menos. Apenas unas lonjas de carne fr\u00eda, solomillo de cerdo y pescetto (\u00bfte acord\u00e1s, Juan?), con salsa de berenjena y tomate y otra con","robots":{"index":"index","follow":"follow","max-snippet":"max-snippet:-1","max-image-preview":"max-image-preview:large","max-video-preview":"max-video-preview:-1"},"canonical":"https:\/\/www.pressenza.com\/es\/2014\/01\/resaca-de-2013\/","og_locale":"es_ES","og_type":"article","og_title":"Resaca de 2013","og_description":"Cen\u00e9 poco. Y tom\u00e9 menos. Apenas unas lonjas de carne fr\u00eda, solomillo de cerdo y pescetto (\u00bfte acord\u00e1s, Juan?), con salsa de berenjena y tomate y otra con","og_url":"https:\/\/www.pressenza.com\/es\/2014\/01\/resaca-de-2013\/","og_site_name":"Pressenza","article_publisher":"https:\/\/www.facebook.com\/PressenzaItalia","article_published_time":"2014-01-03T13:31:45+00:00","og_image":[{"width":723,"height":1022,"url":"https:\/\/www.pressenza.com\/wp-content\/uploads\/2014\/01\/dream___experimental_by_elektroll-d5myb3o.png","type":"image\/png"}],"author":"Julio Rudman","twitter_card":"summary_large_image","twitter_creator":"@PressenzaIPA","twitter_site":"@PressenzaIPA","twitter_misc":{"Escrito por":"Julio Rudman","Tiempo de lectura":"6 minutos"},"schema":{"@context":"https:\/\/schema.org","@graph":[{"@type":"Article","@id":"https:\/\/www.pressenza.com\/es\/2014\/01\/resaca-de-2013\/#article","isPartOf":{"@id":"https:\/\/www.pressenza.com\/es\/2014\/01\/resaca-de-2013\/"},"author":{"name":"Julio Rudman","@id":"https:\/\/www.pressenza.com\/es\/#\/schema\/person\/bfb2123ddd224e1ceebc4f8ae8a61b3d"},"headline":"Resaca de 2013","datePublished":"2014-01-03T13:31:45+00:00","mainEntityOfPage":{"@id":"https:\/\/www.pressenza.com\/es\/2014\/01\/resaca-de-2013\/"},"wordCount":1259,"publisher":{"@id":"https:\/\/www.pressenza.com\/es\/#organization"},"image":{"@id":"https:\/\/www.pressenza.com\/es\/2014\/01\/resaca-de-2013\/#primaryimage"},"thumbnailUrl":"https:\/\/www.pressenza.com\/wp-content\/uploads\/2014\/01\/dream___experimental_by_elektroll-d5myb3o.png","keywords":["Argentina","medios de comunicaci\u00f3n"],"articleSection":["Cultura y Medios","Opiniones","Pol\u00edtica","Sudam\u00e9rica"],"inLanguage":"es"},{"@type":"WebPage","@id":"https:\/\/www.pressenza.com\/es\/2014\/01\/resaca-de-2013\/","url":"https:\/\/www.pressenza.com\/es\/2014\/01\/resaca-de-2013\/","name":"Resaca de 2013","isPartOf":{"@id":"https:\/\/www.pressenza.com\/es\/#website"},"primaryImageOfPage":{"@id":"https:\/\/www.pressenza.com\/es\/2014\/01\/resaca-de-2013\/#primaryimage"},"image":{"@id":"https:\/\/www.pressenza.com\/es\/2014\/01\/resaca-de-2013\/#primaryimage"},"thumbnailUrl":"https:\/\/www.pressenza.com\/wp-content\/uploads\/2014\/01\/dream___experimental_by_elektroll-d5myb3o.png","datePublished":"2014-01-03T13:31:45+00:00","description":"Cen\u00e9 poco. Y tom\u00e9 menos. Apenas unas lonjas de carne fr\u00eda, solomillo de cerdo y pescetto (\u00bfte acord\u00e1s, Juan?), con salsa de berenjena y tomate y otra con","breadcrumb":{"@id":"https:\/\/www.pressenza.com\/es\/2014\/01\/resaca-de-2013\/#breadcrumb"},"inLanguage":"es","potentialAction":[{"@type":"ReadAction","target":["https:\/\/www.pressenza.com\/es\/2014\/01\/resaca-de-2013\/"]}]},{"@type":"ImageObject","inLanguage":"es","@id":"https:\/\/www.pressenza.com\/es\/2014\/01\/resaca-de-2013\/#primaryimage","url":"https:\/\/www.pressenza.com\/wp-content\/uploads\/2014\/01\/dream___experimental_by_elektroll-d5myb3o.png","contentUrl":"https:\/\/www.pressenza.com\/wp-content\/uploads\/2014\/01\/dream___experimental_by_elektroll-d5myb3o.png","width":723,"height":1022},{"@type":"BreadcrumbList","@id":"https:\/\/www.pressenza.com\/es\/2014\/01\/resaca-de-2013\/#breadcrumb","itemListElement":[{"@type":"ListItem","position":1,"name":"Accueil","item":"https:\/\/www.pressenza.com\/es\/"},{"@type":"ListItem","position":2,"name":"Resaca de 2013"}]},{"@type":"WebSite","@id":"https:\/\/www.pressenza.com\/es\/#website","url":"https:\/\/www.pressenza.com\/es\/","name":"Pressenza","description":"International Press Agency","publisher":{"@id":"https:\/\/www.pressenza.com\/es\/#organization"},"potentialAction":[{"@type":"SearchAction","target":{"@type":"EntryPoint","urlTemplate":"https:\/\/www.pressenza.com\/es\/?s={search_term_string}"},"query-input":{"@type":"PropertyValueSpecification","valueRequired":true,"valueName":"search_term_string"}}],"inLanguage":"es"},{"@type":"Organization","@id":"https:\/\/www.pressenza.com\/es\/#organization","name":"Pressenza","url":"https:\/\/www.pressenza.com\/es\/","logo":{"@type":"ImageObject","inLanguage":"es","@id":"https:\/\/www.pressenza.com\/es\/#\/schema\/logo\/image\/","url":"https:\/\/www.pressenza.com\/wp-content\/uploads\/2022\/10\/pressenza_logo_200x200.jpg","contentUrl":"https:\/\/www.pressenza.com\/wp-content\/uploads\/2022\/10\/pressenza_logo_200x200.jpg","width":200,"height":200,"caption":"Pressenza"},"image":{"@id":"https:\/\/www.pressenza.com\/es\/#\/schema\/logo\/image\/"},"sameAs":["https:\/\/www.facebook.com\/PressenzaItalia","https:\/\/x.com\/PressenzaIPA"]},{"@type":"Person","@id":"https:\/\/www.pressenza.com\/es\/#\/schema\/person\/bfb2123ddd224e1ceebc4f8ae8a61b3d","name":"Julio Rudman","url":"https:\/\/www.pressenza.com\/es\/author\/juliorudman\/"}]}},"place":"Mendoza","original_article_url":"","_links":{"self":[{"href":"https:\/\/www.pressenza.com\/es\/wp-json\/wp\/v2\/posts\/83605","targetHints":{"allow":["GET"]}}],"collection":[{"href":"https:\/\/www.pressenza.com\/es\/wp-json\/wp\/v2\/posts"}],"about":[{"href":"https:\/\/www.pressenza.com\/es\/wp-json\/wp\/v2\/types\/post"}],"author":[{"embeddable":true,"href":"https:\/\/www.pressenza.com\/es\/wp-json\/wp\/v2\/users\/922"}],"replies":[{"embeddable":true,"href":"https:\/\/www.pressenza.com\/es\/wp-json\/wp\/v2\/comments?post=83605"}],"version-history":[{"count":0,"href":"https:\/\/www.pressenza.com\/es\/wp-json\/wp\/v2\/posts\/83605\/revisions"}],"wp:featuredmedia":[{"embeddable":true,"href":"https:\/\/www.pressenza.com\/es\/wp-json\/wp\/v2\/media\/83614"}],"wp:attachment":[{"href":"https:\/\/www.pressenza.com\/es\/wp-json\/wp\/v2\/media?parent=83605"}],"wp:term":[{"taxonomy":"category","embeddable":true,"href":"https:\/\/www.pressenza.com\/es\/wp-json\/wp\/v2\/categories?post=83605"},{"taxonomy":"post_tag","embeddable":true,"href":"https:\/\/www.pressenza.com\/es\/wp-json\/wp\/v2\/tags?post=83605"}],"curies":[{"name":"wp","href":"https:\/\/api.w.org\/{rel}","templated":true}]}}