{"id":835294,"date":"2019-04-03T23:09:44","date_gmt":"2019-04-03T22:09:44","guid":{"rendered":"https:\/\/www.pressenza.com\/?p=835294"},"modified":"2019-04-03T23:09:44","modified_gmt":"2019-04-03T22:09:44","slug":"xxi-bienal-internacional-de-humorismo-grafico-en-cuba-hacer-el-humor-no-la-guerra","status":"publish","type":"post","link":"https:\/\/www.pressenza.com\/es\/2019\/04\/xxi-bienal-internacional-de-humorismo-grafico-en-cuba-hacer-el-humor-no-la-guerra\/","title":{"rendered":"XXI Bienal internacional de Humorismo gr\u00e1fico en Cuba: \u00abHacer el humor, no la guerra\u00bb."},"content":{"rendered":"<p>Artistas\u00a0gr\u00e1ficos de 43 pa\u00edses participan en la XXI Bienal Internacional de Humorismo Gr\u00e1fico 2019 de Cuba.<\/p>\n<div class=\"col-six\">\n<div class=\"cont bordercountry\">\n<div class=\"dest cont\">\n<div class=\"txt_newworld\">\n<p>El tuiteo por los derechos humanos y contra la Ley Helms-Burton fue uno de los momentos m\u00e1s destacados en la 21 Bienal Internacional del Humor que se desarrolla en Cuba.<\/p>\n<div class=\"post-gallery\">\n\t\t\t<figure class=\"post-gallery-item\">\n\t\t\t\t<img decoding=\"async\" src=\"https:\/\/www.pressenza.com\/wp-content\/uploads\/2019\/04\/cuba-2-720x506.jpg\" loading=\"lazy\">\n\t\t\t\t<figcaption>\n\t\t\t\t\t\n\t\t\t\t<\/figcaption>\n\t\t\t<\/figure>\n\t\t\t<figure class=\"post-gallery-item\">\n\t\t\t\t<img decoding=\"async\" src=\"https:\/\/www.pressenza.com\/wp-content\/uploads\/2019\/04\/cuba-3-720x417.jpg\" loading=\"lazy\">\n\t\t\t\t<figcaption>\n\t\t\t\t\t\n\t\t\t\t<\/figcaption>\n\t\t\t<\/figure>\n\t\t\t<figure class=\"post-gallery-item\">\n\t\t\t\t<img decoding=\"async\" src=\"https:\/\/www.pressenza.com\/wp-content\/uploads\/2019\/04\/cuba-4-720x534.jpg\" loading=\"lazy\">\n\t\t\t\t<figcaption>\n\t\t\t\t\t\n\t\t\t\t<\/figcaption>\n\t\t\t<\/figure>\n\t\t\t<figure class=\"post-gallery-item\">\n\t\t\t\t<img decoding=\"async\" src=\"https:\/\/www.pressenza.com\/wp-content\/uploads\/2019\/04\/cuba-5.jpg\" loading=\"lazy\">\n\t\t\t\t<figcaption>\n\t\t\t\t\t\n\t\t\t\t<\/figcaption>\n\t\t\t<\/figure>\n\t\t\t<figure class=\"post-gallery-item\">\n\t\t\t\t<img decoding=\"async\" src=\"https:\/\/www.pressenza.com\/wp-content\/uploads\/2019\/04\/cuba-6-720x490.jpg\" loading=\"lazy\">\n\t\t\t\t<figcaption>\n\t\t\t\t\t\n\t\t\t\t<\/figcaption>\n\t\t\t<\/figure>\n\t\t\t<figure class=\"post-gallery-item\">\n\t\t\t\t<img decoding=\"async\" src=\"https:\/\/www.pressenza.com\/wp-content\/uploads\/2019\/04\/cuba-7-720x502.jpg\" loading=\"lazy\">\n\t\t\t\t<figcaption>\n\t\t\t\t\t\n\t\t\t\t<\/figcaption>\n\t\t\t<\/figure><\/div>\n<p>En el encuentro, que concluye este mi\u00e9rcoles, tambi\u00e9n se puede apreciar la exposici\u00f3n Humor Reverde, por Cartoonclub y Fundaci\u00f3n Ariguanabo.<\/p>\n<p>Una de las actividades m\u00e1s esperadas del evento que fue inaugurado el 31 de marzo fue el llamado momento te\u00f3rico que sesion\u00f3 el lunes pasado en la sede del Instituto Internacional de Periodismo Jos\u00e9 Mart\u00ed con la presencia de algunos miembros del gremio y otros invitados.<\/p>\n<div>\n<div id=\"twitter-76\" class=\"ck-twitter\">\n<div class=\"SandboxRoot env-bp-350\" data-twitter-event-id=\"0\">\n<div id=\"twitter-widget-0\" class=\"EmbeddedTweet EmbeddedTweet--cta EmbeddedTweet--mediaForward media-forward js-clickToOpenTarget js-tweetIdInfo tweet-InformationCircle-widgetParent\" lang=\"es\" data-click-to-open-target=\"https:\/\/twitter.com\/ACN_Cuba\/status\/1113107573660618752\" data-iframe-title=\"Tweet de Twitter\" data-scribe=\"page:tweet\" data-tweet-id=\"1113107573660618752\" data-twitter-event-id=\"3\">\n<article class=\"MediaCard MediaCard--mediaForward customisable-border\" dir=\"ltr\" data-scribe=\"component:card\">\n<div class=\"MediaCard-media\" data-scribe=\"element:photo\">\n<div class=\"MediaCard-widthConstraint js-cspForcedStyle\" data-style=\"max-width: 393px\">\n<div class=\"MediaCard-mediaContainer js-cspForcedStyle\" data-style=\"padding-bottom: 100.0000%\"><a class=\"MediaCard-mediaAsset NaturalImage\" href=\"https:\/\/twitter.com\/ACN_Cuba\/status\/1113107573660618752\/photo\/1\"><img loading=\"lazy\" decoding=\"async\" class=\"NaturalImage-image\" title=\"Ver imagen en Twitter\" src=\"https:\/\/pbs.twimg.com\/media\/D3KNbozX4AEiqXF?format=jpg&amp;name=900x900\" alt=\"Ver imagen en Twitter\" width=\"393\" height=\"450\" data-image=\"https:\/\/pbs.twimg.com\/media\/D3KNbozX4AEiqXF\" \/><\/a><\/div>\n<\/div>\n<\/div>\n<\/article>\n<div class=\"EmbeddedTweet-tweetContainer\">\n<div class=\"EmbeddedTweet-tweet\">\n<blockquote class=\"Tweet h-entry js-tweetIdInfo subject expanded\" cite=\"https:\/\/twitter.com\/ACN_Cuba\/status\/1113107573660618752\" data-tweet-id=\"1113107573660618752\" data-scribe=\"section:subject\"><p>Durante la jornada, los ponentes debatieron acerca de los retos que tiene el humor en la actualidad no solo en su cometido de divertir al p\u00fablico, sino en su funci\u00f3n educativa para preservar la cultura cubana y los mejores valores de la naci\u00f3n.<\/p><\/blockquote>\n<\/div>\n<\/div>\n<\/div>\n<\/div>\n<\/div>\n<\/div>\n<\/div>\n<\/div>\n<\/div>\n<p>El director del Centro Promotor del Humor, Luis Enrique (Kike) Qui\u00f1ones, se\u00f1al\u00f3 que mediante el humor gr\u00e1fico se puede presentar los problemas de un pa\u00eds y reflexionar sobre posibles soluciones.<\/p>\n<p>De acuerdo con Qui\u00f1ones, para lograr semejante objetivo es necesario el rescate del buen humor en todas sus vertientes, as\u00ed como la historia de la caricatura nacional y sus dibujantes.<\/p>\n<p>En el encuentro se reconoci\u00f3 el trabajo de las publicaciones Dedet\u00e9 y Mela\u00edto, suplementos emblem\u00e1ticos del humor gr\u00e1fico hecho en Cuba, y se inauguraron cuatro exposiciones relacionadas con ese lado c\u00f3mico de relatar la realidad.<\/p>\n<div>\n<div id=\"twitter-40\" class=\"ck-twitter\">\n<div class=\"SandboxRoot env-bp-350\" data-twitter-event-id=\"1\">\n<div id=\"twitter-widget-1\" class=\"EmbeddedTweet EmbeddedTweet--cta EmbeddedTweet--mediaForward media-forward js-clickToOpenTarget js-tweetIdInfo tweet-InformationCircle-widgetParent\" lang=\"es\" data-click-to-open-target=\"https:\/\/twitter.com\/JuventudRebelde\/status\/1113123934394880002\" data-iframe-title=\"Tweet de Twitter\" data-scribe=\"page:tweet\" data-tweet-id=\"1113123934394880002\" data-twitter-event-id=\"2\">\n<article class=\"MediaCard MediaCard--mediaForward customisable-border\" dir=\"ltr\" data-scribe=\"component:card\">\n<div class=\"MediaCard-media\" data-scribe=\"element:photo\">\n<p><a class=\"MediaCard-mediaAsset NaturalImage\" href=\"https:\/\/twitter.com\/JuventudRebelde\/status\/1113123934394880002\/photo\/1\"><img loading=\"lazy\" decoding=\"async\" class=\"NaturalImage-image\" title=\"Ver imagen en Twitter\" src=\"https:\/\/pbs.twimg.com\/media\/D3KWlL3XQAAyK3I?format=jpg&amp;name=medium\" alt=\"Ver imagen en Twitter\" width=\"425\" height=\"600\" data-image=\"https:\/\/pbs.twimg.com\/media\/D3KWlL3XQAAyK3I\" \/><\/a><\/p>\n<\/div>\n<\/article>\n<div class=\"EmbeddedTweet-tweetContainer\">\n<div class=\"EmbeddedTweet-tweet\">\n<blockquote class=\"Tweet h-entry js-tweetIdInfo subject expanded\" cite=\"https:\/\/twitter.com\/JuventudRebelde\/status\/1113123934394880002\" data-tweet-id=\"1113123934394880002\" data-scribe=\"section:subject\">\n<div class=\"Tweet-header\">\n<p><a class=\"TweetAuthor-avatar Identity-avatar u-linkBlend\" href=\"https:\/\/twitter.com\/JuventudRebelde\" data-scribe=\"element:user_link\" aria-label=\"Juventud Rebelde (nombre de pantalla: JuventudRebelde)\"><img decoding=\"async\" class=\"Avatar\" src=\"https:\/\/pbs.twimg.com\/profile_images\/773566370739023872\/Gmiv_jX__bigger.jpg\" alt=\"\" data-scribe=\"element:avatar\" data-src-2x=\"https:\/\/pbs.twimg.com\/profile_images\/773566370739023872\/Gmiv_jX__bigger.jpg\" data-src-1x=\"https:\/\/pbs.twimg.com\/profile_images\/773566370739023872\/Gmiv_jX__normal.jpg\" \/><\/a><\/p>\n<div class=\"TweetAuthor js-inViewportScribingTarget\" data-scribe=\"component:author\">\n<div class=\"TweetAuthor-nameScreenNameContainer\"><span class=\"TweetAuthor-decoratedName\"><span class=\"TweetAuthor-name Identity-name customisable-highlight\" title=\"Juventud Rebelde\" data-scribe=\"element:name\">Juventud Rebelde<\/span><\/span><span class=\"TweetAuthor-screenName Identity-screenName\" dir=\"ltr\" title=\"@JuventudRebelde\" data-scribe=\"element:screen_name\">@JuventudRebelde<\/span><\/div>\n<\/div>\n<div class=\"Tweet-brand\">\n<div class=\"Icon Icon--twitter \" title=\"Ver en Twitter\" role=\"presentation\" aria-label=\"Ver en Twitter\"><\/div>\n<\/div>\n<\/div>\n<div class=\"Tweet-body e-entry-content\" data-scribe=\"component:tweet\">\n<div class=\"TweetInfo\">\n<div class=\"TweetInfo-like\">Entre las muestras destacan Humor patrimonial, dedicado al 500 cumplea\u00f1os de la ciudad de La Habana; Fritanga y Burundanga, realizada por artistas cubanos y puertorrique\u00f1os; y Vodka con humor, de caricaturistas rusos.<\/div>\n<\/div>\n<\/div>\n<\/blockquote>\n<\/div>\n<\/div>\n<\/div>\n<\/div>\n<\/div>\n<\/div>\n<p>Con el lema <strong>Humanos con derechos<\/strong>, la actual edici\u00f3n re\u00fane a humoristas gr\u00e1ficos de 43 pa\u00edses quienes, adem\u00e1s de competir por el galard\u00f3n del evento, comparten experiencias, reflexionan y hacen un llamado a la paz mundial.<\/p>\n<p>Los artistas compiten desde este domingo hasta el 3 de abril en la XXI Bienal Internacional de Humorismo Gr\u00e1fico 2019 de Cuba, para lo cual han sido seleccionadas 299 obras.<\/p>\n<p>Artistas gr\u00e1ficos y profesionales de la caricatura cubanos acuden a la bienal junto con representantes de Brasil, Argentina, China, Uzbekist\u00e1n, Ir\u00e1n, Puerto Rico, India, Alemania, Colombia, Espa\u00f1a, Egipto, Serbia, Estados Unidos, Per\u00fa, Ucrania y Polonia, entre otros.<\/p>\n<p>Un jurado integrado por artistas de Rusia, Jap\u00f3n, Portugal, B\u00e9lgica, Estados Unidos y Cuba ser\u00e1 el responsable de elegir a los galardonados en las diversas categor\u00edas: Humor General, Fotograf\u00eda, Historieta, S\u00e1tira Pol\u00edtica y Caricatura Personal.<\/p>\n<\/div>\n<div class=\"tagBarNews\">\n<h4>Fuentes: Telesur \/ Agencia Dire<\/h4>\n<\/div>\n","protected":false},"excerpt":{"rendered":"<p>Artistas\u00a0gr\u00e1ficos de 43 pa\u00edses participan en la XXI Bienal Internacional de Humorismo Gr\u00e1fico 2019 de Cuba. El tuiteo por los derechos humanos y contra la Ley Helms-Burton fue uno de los momentos m\u00e1s destacados en la 21 Bienal Internacional del&hellip;<\/p>\n","protected":false},"author":1333,"featured_media":835349,"comment_status":"closed","ping_status":"closed","sticky":false,"template":"","format":"standard","meta":{"footnotes":""},"categories":[69,75,1243],"tags":[379,3460,57210,57209],"class_list":["post-835294","post","type-post","status-publish","format-standard","has-post-thumbnail","hentry","category-america-central","category-cultura-es","category-paz-desarme","tag-cuba-es","tag-humor-grafico","tag-ley-helms-burton","tag-no-al-bloqueo"],"yoast_head":"<!-- This site is optimized with the Yoast SEO plugin v27.1.1 - https:\/\/yoast.com\/product\/yoast-seo-wordpress\/ -->\n<title>XXI Bienal internacional de Humorismo gr\u00e1fico en Cuba: &quot;Hacer el humor, no la guerra&quot;.<\/title>\n<meta name=\"description\" content=\"Artistas\u00a0gr\u00e1ficos de 43 pa\u00edses participan en la XXI Bienal Internacional de Humorismo Gr\u00e1fico 2019 de Cuba. El tuiteo por los derechos humanos y contra la\" \/>\n<meta name=\"robots\" content=\"index, follow, max-snippet:-1, max-image-preview:large, max-video-preview:-1\" \/>\n<link rel=\"canonical\" href=\"https:\/\/www.pressenza.com\/es\/2019\/04\/xxi-bienal-internacional-de-humorismo-grafico-en-cuba-hacer-el-humor-no-la-guerra\/\" \/>\n<meta property=\"og:locale\" content=\"es_ES\" \/>\n<meta property=\"og:type\" content=\"article\" \/>\n<meta property=\"og:title\" content=\"XXI Bienal internacional de Humorismo gr\u00e1fico en Cuba: &quot;Hacer el humor, no la guerra&quot;.\" \/>\n<meta property=\"og:description\" content=\"Artistas\u00a0gr\u00e1ficos de 43 pa\u00edses participan en la XXI Bienal Internacional de Humorismo Gr\u00e1fico 2019 de Cuba. El tuiteo por los derechos humanos y contra la\" \/>\n<meta property=\"og:url\" content=\"https:\/\/www.pressenza.com\/es\/2019\/04\/xxi-bienal-internacional-de-humorismo-grafico-en-cuba-hacer-el-humor-no-la-guerra\/\" \/>\n<meta property=\"og:site_name\" content=\"Pressenza\" \/>\n<meta property=\"article:publisher\" content=\"https:\/\/www.facebook.com\/PressenzaItalia\" \/>\n<meta property=\"article:published_time\" content=\"2019-04-03T22:09:44+00:00\" \/>\n<meta property=\"og:image\" content=\"https:\/\/www.pressenza.com\/wp-content\/uploads\/2019\/04\/bienal-humorismo-gr\u00e1fico-cuba.jpg\" \/>\n\t<meta property=\"og:image:width\" content=\"563\" \/>\n\t<meta property=\"og:image:height\" content=\"353\" \/>\n\t<meta property=\"og:image:type\" content=\"image\/jpeg\" \/>\n<meta name=\"author\" content=\"Redacci\u00f3n Cuba\" \/>\n<meta name=\"twitter:card\" content=\"summary_large_image\" \/>\n<meta name=\"twitter:creator\" content=\"@PressenzaIPA\" \/>\n<meta name=\"twitter:site\" content=\"@PressenzaIPA\" \/>\n<meta name=\"twitter:label1\" content=\"Escrito por\" \/>\n\t<meta name=\"twitter:data1\" content=\"Redacci\u00f3n Cuba\" \/>\n\t<meta name=\"twitter:label2\" content=\"Tiempo de lectura\" \/>\n\t<meta name=\"twitter:data2\" content=\"2 minutos\" \/>\n<script type=\"application\/ld+json\" class=\"yoast-schema-graph\">{\"@context\":\"https:\/\/schema.org\",\"@graph\":[{\"@type\":\"Article\",\"@id\":\"https:\/\/www.pressenza.com\/es\/2019\/04\/xxi-bienal-internacional-de-humorismo-grafico-en-cuba-hacer-el-humor-no-la-guerra\/#article\",\"isPartOf\":{\"@id\":\"https:\/\/www.pressenza.com\/es\/2019\/04\/xxi-bienal-internacional-de-humorismo-grafico-en-cuba-hacer-el-humor-no-la-guerra\/\"},\"author\":{\"name\":\"Redacci\u00f3n Cuba\",\"@id\":\"https:\/\/www.pressenza.com\/es\/#\/schema\/person\/8ae9fb86616bf7972df5aa651a73f542\"},\"headline\":\"XXI Bienal internacional de Humorismo gr\u00e1fico en Cuba: \u00abHacer el humor, no la guerra\u00bb.\",\"datePublished\":\"2019-04-03T22:09:44+00:00\",\"mainEntityOfPage\":{\"@id\":\"https:\/\/www.pressenza.com\/es\/2019\/04\/xxi-bienal-internacional-de-humorismo-grafico-en-cuba-hacer-el-humor-no-la-guerra\/\"},\"wordCount\":481,\"publisher\":{\"@id\":\"https:\/\/www.pressenza.com\/es\/#organization\"},\"image\":{\"@id\":\"https:\/\/www.pressenza.com\/es\/2019\/04\/xxi-bienal-internacional-de-humorismo-grafico-en-cuba-hacer-el-humor-no-la-guerra\/#primaryimage\"},\"thumbnailUrl\":\"https:\/\/www.pressenza.com\/wp-content\/uploads\/2019\/04\/bienal-humorismo-gr\u00e1fico-cuba.jpg\",\"keywords\":[\"Cuba\",\"humor gr\u00e1fico\",\"Ley Helms Burton\",\"No al bloqueo\"],\"articleSection\":[\"Am\u00e9rica Central\",\"Cultura y Medios\",\"Paz y Desarme\"],\"inLanguage\":\"es\"},{\"@type\":\"WebPage\",\"@id\":\"https:\/\/www.pressenza.com\/es\/2019\/04\/xxi-bienal-internacional-de-humorismo-grafico-en-cuba-hacer-el-humor-no-la-guerra\/\",\"url\":\"https:\/\/www.pressenza.com\/es\/2019\/04\/xxi-bienal-internacional-de-humorismo-grafico-en-cuba-hacer-el-humor-no-la-guerra\/\",\"name\":\"XXI Bienal internacional de Humorismo gr\u00e1fico en Cuba: \\\"Hacer el humor, no la guerra\\\".\",\"isPartOf\":{\"@id\":\"https:\/\/www.pressenza.com\/es\/#website\"},\"primaryImageOfPage\":{\"@id\":\"https:\/\/www.pressenza.com\/es\/2019\/04\/xxi-bienal-internacional-de-humorismo-grafico-en-cuba-hacer-el-humor-no-la-guerra\/#primaryimage\"},\"image\":{\"@id\":\"https:\/\/www.pressenza.com\/es\/2019\/04\/xxi-bienal-internacional-de-humorismo-grafico-en-cuba-hacer-el-humor-no-la-guerra\/#primaryimage\"},\"thumbnailUrl\":\"https:\/\/www.pressenza.com\/wp-content\/uploads\/2019\/04\/bienal-humorismo-gr\u00e1fico-cuba.jpg\",\"datePublished\":\"2019-04-03T22:09:44+00:00\",\"description\":\"Artistas\u00a0gr\u00e1ficos de 43 pa\u00edses participan en la XXI Bienal Internacional de Humorismo Gr\u00e1fico 2019 de Cuba. El tuiteo por los derechos humanos y contra la\",\"breadcrumb\":{\"@id\":\"https:\/\/www.pressenza.com\/es\/2019\/04\/xxi-bienal-internacional-de-humorismo-grafico-en-cuba-hacer-el-humor-no-la-guerra\/#breadcrumb\"},\"inLanguage\":\"es\",\"potentialAction\":[{\"@type\":\"ReadAction\",\"target\":[\"https:\/\/www.pressenza.com\/es\/2019\/04\/xxi-bienal-internacional-de-humorismo-grafico-en-cuba-hacer-el-humor-no-la-guerra\/\"]}]},{\"@type\":\"ImageObject\",\"inLanguage\":\"es\",\"@id\":\"https:\/\/www.pressenza.com\/es\/2019\/04\/xxi-bienal-internacional-de-humorismo-grafico-en-cuba-hacer-el-humor-no-la-guerra\/#primaryimage\",\"url\":\"https:\/\/www.pressenza.com\/wp-content\/uploads\/2019\/04\/bienal-humorismo-gr\u00e1fico-cuba.jpg\",\"contentUrl\":\"https:\/\/www.pressenza.com\/wp-content\/uploads\/2019\/04\/bienal-humorismo-gr\u00e1fico-cuba.jpg\",\"width\":563,\"height\":353},{\"@type\":\"BreadcrumbList\",\"@id\":\"https:\/\/www.pressenza.com\/es\/2019\/04\/xxi-bienal-internacional-de-humorismo-grafico-en-cuba-hacer-el-humor-no-la-guerra\/#breadcrumb\",\"itemListElement\":[{\"@type\":\"ListItem\",\"position\":1,\"name\":\"Accueil\",\"item\":\"https:\/\/www.pressenza.com\/es\/\"},{\"@type\":\"ListItem\",\"position\":2,\"name\":\"XXI Bienal internacional de Humorismo gr\u00e1fico en Cuba: \u00abHacer el humor, no la guerra\u00bb.\"}]},{\"@type\":\"WebSite\",\"@id\":\"https:\/\/www.pressenza.com\/es\/#website\",\"url\":\"https:\/\/www.pressenza.com\/es\/\",\"name\":\"Pressenza\",\"description\":\"International Press Agency\",\"publisher\":{\"@id\":\"https:\/\/www.pressenza.com\/es\/#organization\"},\"potentialAction\":[{\"@type\":\"SearchAction\",\"target\":{\"@type\":\"EntryPoint\",\"urlTemplate\":\"https:\/\/www.pressenza.com\/es\/?s={search_term_string}\"},\"query-input\":{\"@type\":\"PropertyValueSpecification\",\"valueRequired\":true,\"valueName\":\"search_term_string\"}}],\"inLanguage\":\"es\"},{\"@type\":\"Organization\",\"@id\":\"https:\/\/www.pressenza.com\/es\/#organization\",\"name\":\"Pressenza\",\"url\":\"https:\/\/www.pressenza.com\/es\/\",\"logo\":{\"@type\":\"ImageObject\",\"inLanguage\":\"es\",\"@id\":\"https:\/\/www.pressenza.com\/es\/#\/schema\/logo\/image\/\",\"url\":\"https:\/\/www.pressenza.com\/wp-content\/uploads\/2022\/10\/pressenza_logo_200x200.jpg\",\"contentUrl\":\"https:\/\/www.pressenza.com\/wp-content\/uploads\/2022\/10\/pressenza_logo_200x200.jpg\",\"width\":200,\"height\":200,\"caption\":\"Pressenza\"},\"image\":{\"@id\":\"https:\/\/www.pressenza.com\/es\/#\/schema\/logo\/image\/\"},\"sameAs\":[\"https:\/\/www.facebook.com\/PressenzaItalia\",\"https:\/\/x.com\/PressenzaIPA\"]},{\"@type\":\"Person\",\"@id\":\"https:\/\/www.pressenza.com\/es\/#\/schema\/person\/8ae9fb86616bf7972df5aa651a73f542\",\"name\":\"Redacci\u00f3n Cuba\",\"description\":\"News published by the Pressenza bureau in Cuba\",\"url\":\"https:\/\/www.pressenza.com\/es\/author\/redaccion-cuba\/\"}]}<\/script>\n<!-- \/ Yoast SEO plugin. -->","yoast_head_json":{"title":"XXI Bienal internacional de Humorismo gr\u00e1fico en Cuba: \"Hacer el humor, no la guerra\".","description":"Artistas\u00a0gr\u00e1ficos de 43 pa\u00edses participan en la XXI Bienal Internacional de Humorismo Gr\u00e1fico 2019 de Cuba. El tuiteo por los derechos humanos y contra la","robots":{"index":"index","follow":"follow","max-snippet":"max-snippet:-1","max-image-preview":"max-image-preview:large","max-video-preview":"max-video-preview:-1"},"canonical":"https:\/\/www.pressenza.com\/es\/2019\/04\/xxi-bienal-internacional-de-humorismo-grafico-en-cuba-hacer-el-humor-no-la-guerra\/","og_locale":"es_ES","og_type":"article","og_title":"XXI Bienal internacional de Humorismo gr\u00e1fico en Cuba: \"Hacer el humor, no la guerra\".","og_description":"Artistas\u00a0gr\u00e1ficos de 43 pa\u00edses participan en la XXI Bienal Internacional de Humorismo Gr\u00e1fico 2019 de Cuba. El tuiteo por los derechos humanos y contra la","og_url":"https:\/\/www.pressenza.com\/es\/2019\/04\/xxi-bienal-internacional-de-humorismo-grafico-en-cuba-hacer-el-humor-no-la-guerra\/","og_site_name":"Pressenza","article_publisher":"https:\/\/www.facebook.com\/PressenzaItalia","article_published_time":"2019-04-03T22:09:44+00:00","og_image":[{"width":563,"height":353,"url":"https:\/\/www.pressenza.com\/wp-content\/uploads\/2019\/04\/bienal-humorismo-gr\u00e1fico-cuba.jpg","type":"image\/jpeg"}],"author":"Redacci\u00f3n Cuba","twitter_card":"summary_large_image","twitter_creator":"@PressenzaIPA","twitter_site":"@PressenzaIPA","twitter_misc":{"Escrito por":"Redacci\u00f3n Cuba","Tiempo de lectura":"2 minutos"},"schema":{"@context":"https:\/\/schema.org","@graph":[{"@type":"Article","@id":"https:\/\/www.pressenza.com\/es\/2019\/04\/xxi-bienal-internacional-de-humorismo-grafico-en-cuba-hacer-el-humor-no-la-guerra\/#article","isPartOf":{"@id":"https:\/\/www.pressenza.com\/es\/2019\/04\/xxi-bienal-internacional-de-humorismo-grafico-en-cuba-hacer-el-humor-no-la-guerra\/"},"author":{"name":"Redacci\u00f3n Cuba","@id":"https:\/\/www.pressenza.com\/es\/#\/schema\/person\/8ae9fb86616bf7972df5aa651a73f542"},"headline":"XXI Bienal internacional de Humorismo gr\u00e1fico en Cuba: \u00abHacer el humor, no la guerra\u00bb.","datePublished":"2019-04-03T22:09:44+00:00","mainEntityOfPage":{"@id":"https:\/\/www.pressenza.com\/es\/2019\/04\/xxi-bienal-internacional-de-humorismo-grafico-en-cuba-hacer-el-humor-no-la-guerra\/"},"wordCount":481,"publisher":{"@id":"https:\/\/www.pressenza.com\/es\/#organization"},"image":{"@id":"https:\/\/www.pressenza.com\/es\/2019\/04\/xxi-bienal-internacional-de-humorismo-grafico-en-cuba-hacer-el-humor-no-la-guerra\/#primaryimage"},"thumbnailUrl":"https:\/\/www.pressenza.com\/wp-content\/uploads\/2019\/04\/bienal-humorismo-gr\u00e1fico-cuba.jpg","keywords":["Cuba","humor gr\u00e1fico","Ley Helms Burton","No al bloqueo"],"articleSection":["Am\u00e9rica Central","Cultura y Medios","Paz y Desarme"],"inLanguage":"es"},{"@type":"WebPage","@id":"https:\/\/www.pressenza.com\/es\/2019\/04\/xxi-bienal-internacional-de-humorismo-grafico-en-cuba-hacer-el-humor-no-la-guerra\/","url":"https:\/\/www.pressenza.com\/es\/2019\/04\/xxi-bienal-internacional-de-humorismo-grafico-en-cuba-hacer-el-humor-no-la-guerra\/","name":"XXI Bienal internacional de Humorismo gr\u00e1fico en Cuba: \"Hacer el humor, no la guerra\".","isPartOf":{"@id":"https:\/\/www.pressenza.com\/es\/#website"},"primaryImageOfPage":{"@id":"https:\/\/www.pressenza.com\/es\/2019\/04\/xxi-bienal-internacional-de-humorismo-grafico-en-cuba-hacer-el-humor-no-la-guerra\/#primaryimage"},"image":{"@id":"https:\/\/www.pressenza.com\/es\/2019\/04\/xxi-bienal-internacional-de-humorismo-grafico-en-cuba-hacer-el-humor-no-la-guerra\/#primaryimage"},"thumbnailUrl":"https:\/\/www.pressenza.com\/wp-content\/uploads\/2019\/04\/bienal-humorismo-gr\u00e1fico-cuba.jpg","datePublished":"2019-04-03T22:09:44+00:00","description":"Artistas\u00a0gr\u00e1ficos de 43 pa\u00edses participan en la XXI Bienal Internacional de Humorismo Gr\u00e1fico 2019 de Cuba. El tuiteo por los derechos humanos y contra la","breadcrumb":{"@id":"https:\/\/www.pressenza.com\/es\/2019\/04\/xxi-bienal-internacional-de-humorismo-grafico-en-cuba-hacer-el-humor-no-la-guerra\/#breadcrumb"},"inLanguage":"es","potentialAction":[{"@type":"ReadAction","target":["https:\/\/www.pressenza.com\/es\/2019\/04\/xxi-bienal-internacional-de-humorismo-grafico-en-cuba-hacer-el-humor-no-la-guerra\/"]}]},{"@type":"ImageObject","inLanguage":"es","@id":"https:\/\/www.pressenza.com\/es\/2019\/04\/xxi-bienal-internacional-de-humorismo-grafico-en-cuba-hacer-el-humor-no-la-guerra\/#primaryimage","url":"https:\/\/www.pressenza.com\/wp-content\/uploads\/2019\/04\/bienal-humorismo-gr\u00e1fico-cuba.jpg","contentUrl":"https:\/\/www.pressenza.com\/wp-content\/uploads\/2019\/04\/bienal-humorismo-gr\u00e1fico-cuba.jpg","width":563,"height":353},{"@type":"BreadcrumbList","@id":"https:\/\/www.pressenza.com\/es\/2019\/04\/xxi-bienal-internacional-de-humorismo-grafico-en-cuba-hacer-el-humor-no-la-guerra\/#breadcrumb","itemListElement":[{"@type":"ListItem","position":1,"name":"Accueil","item":"https:\/\/www.pressenza.com\/es\/"},{"@type":"ListItem","position":2,"name":"XXI Bienal internacional de Humorismo gr\u00e1fico en Cuba: \u00abHacer el humor, no la guerra\u00bb."}]},{"@type":"WebSite","@id":"https:\/\/www.pressenza.com\/es\/#website","url":"https:\/\/www.pressenza.com\/es\/","name":"Pressenza","description":"International Press Agency","publisher":{"@id":"https:\/\/www.pressenza.com\/es\/#organization"},"potentialAction":[{"@type":"SearchAction","target":{"@type":"EntryPoint","urlTemplate":"https:\/\/www.pressenza.com\/es\/?s={search_term_string}"},"query-input":{"@type":"PropertyValueSpecification","valueRequired":true,"valueName":"search_term_string"}}],"inLanguage":"es"},{"@type":"Organization","@id":"https:\/\/www.pressenza.com\/es\/#organization","name":"Pressenza","url":"https:\/\/www.pressenza.com\/es\/","logo":{"@type":"ImageObject","inLanguage":"es","@id":"https:\/\/www.pressenza.com\/es\/#\/schema\/logo\/image\/","url":"https:\/\/www.pressenza.com\/wp-content\/uploads\/2022\/10\/pressenza_logo_200x200.jpg","contentUrl":"https:\/\/www.pressenza.com\/wp-content\/uploads\/2022\/10\/pressenza_logo_200x200.jpg","width":200,"height":200,"caption":"Pressenza"},"image":{"@id":"https:\/\/www.pressenza.com\/es\/#\/schema\/logo\/image\/"},"sameAs":["https:\/\/www.facebook.com\/PressenzaItalia","https:\/\/x.com\/PressenzaIPA"]},{"@type":"Person","@id":"https:\/\/www.pressenza.com\/es\/#\/schema\/person\/8ae9fb86616bf7972df5aa651a73f542","name":"Redacci\u00f3n Cuba","description":"News published by the Pressenza bureau in Cuba","url":"https:\/\/www.pressenza.com\/es\/author\/redaccion-cuba\/"}]}},"place":"San Antonio de los Ba\u00f1os, Cuba","original_article_url":"","_links":{"self":[{"href":"https:\/\/www.pressenza.com\/es\/wp-json\/wp\/v2\/posts\/835294","targetHints":{"allow":["GET"]}}],"collection":[{"href":"https:\/\/www.pressenza.com\/es\/wp-json\/wp\/v2\/posts"}],"about":[{"href":"https:\/\/www.pressenza.com\/es\/wp-json\/wp\/v2\/types\/post"}],"author":[{"embeddable":true,"href":"https:\/\/www.pressenza.com\/es\/wp-json\/wp\/v2\/users\/1333"}],"replies":[{"embeddable":true,"href":"https:\/\/www.pressenza.com\/es\/wp-json\/wp\/v2\/comments?post=835294"}],"version-history":[{"count":0,"href":"https:\/\/www.pressenza.com\/es\/wp-json\/wp\/v2\/posts\/835294\/revisions"}],"wp:featuredmedia":[{"embeddable":true,"href":"https:\/\/www.pressenza.com\/es\/wp-json\/wp\/v2\/media\/835349"}],"wp:attachment":[{"href":"https:\/\/www.pressenza.com\/es\/wp-json\/wp\/v2\/media?parent=835294"}],"wp:term":[{"taxonomy":"category","embeddable":true,"href":"https:\/\/www.pressenza.com\/es\/wp-json\/wp\/v2\/categories?post=835294"},{"taxonomy":"post_tag","embeddable":true,"href":"https:\/\/www.pressenza.com\/es\/wp-json\/wp\/v2\/tags?post=835294"}],"curies":[{"name":"wp","href":"https:\/\/api.w.org\/{rel}","templated":true}]}}