{"id":83519,"date":"2014-01-02T15:32:17","date_gmt":"2014-01-02T15:32:17","guid":{"rendered":"http:\/\/www.pressenza.com\/?p=83519"},"modified":"2015-07-21T20:57:12","modified_gmt":"2015-07-21T19:57:12","slug":"un-desayuno-solidario-en-madrid","status":"publish","type":"post","link":"https:\/\/www.pressenza.com\/es\/2014\/01\/un-desayuno-solidario-en-madrid\/","title":{"rendered":"Un desayuno solidario en Madrid"},"content":{"rendered":"<p><!--[if gte mso 9]><xml>\n<o:OfficeDocumentSettings>\n<o:TargetScreenSize>800x600<\/o:TargetScreenSize>\n<\/o:OfficeDocumentSettings>\n<\/xml><![endif]--><\/p>\n<p><!--[if gte mso 9]><xml>\n<w:WordDocument>\n<w:View>Normal<\/w:View>\n<w:Zoom>0<\/w:Zoom>\n<w:TrackMoves\/>\n<w:TrackFormatting\/>\n<w:HyphenationZone>21<\/w:HyphenationZone>\n<w:PunctuationKerning\/>\n<w:ValidateAgainstSchemas\/>\n<w:SaveIfXMLInvalid>false<\/w:SaveIfXMLInvalid>\n<w:IgnoreMixedContent>false<\/w:IgnoreMixedContent>\n<w:AlwaysShowPlaceholderText>false<\/w:AlwaysShowPlaceholderText>\n<w:DoNotPromoteQF\/>\n<w:LidThemeOther>FR<\/w:LidThemeOther>\n<w:LidThemeAsian>X-NONE<\/w:LidThemeAsian>\n<w:LidThemeComplexScript>X-NONE<\/w:LidThemeComplexScript>\n<w:Compatibility>\n<w:BreakWrappedTables\/>\n<w:SnapToGridInCell\/>\n<w:WrapTextWithPunct\/>\n<w:UseAsianBreakRules\/>\n<w:DontGrowAutofit\/>\n<w:SplitPgBreakAndParaMark\/>\n<w:EnableOpenTypeKerning\/>\n<w:DontFlipMirrorIndents\/>\n<w:OverrideTableStyleHps\/>\n<\/w:Compatibility>\n<w:BrowserLevel>MicrosoftInternetExplorer4<\/w:BrowserLevel>\n<m:mathPr>\n<m:mathFont m:val=\"Cambria Math\"\/>\n<m:brkBin m:val=\"before\"\/>\n<m:brkBinSub m:val=\"&#45;-\"\/>\n<m:smallFrac m:val=\"off\"\/>\n<m:dispDef\/>\n<m:lMargin m:val=\"0\"\/>\n<m:rMargin m:val=\"0\"\/>\n<m:defJc m:val=\"centerGroup\"\/>\n<m:wrapIndent m:val=\"1440\"\/>\n<m:intLim m:val=\"subSup\"\/>\n<m:naryLim m:val=\"undOvr\"\/>\n<\/m:mathPr><\/w:WordDocument>\n<\/xml><![endif]--><!--[if gte mso 9]><xml>\n<w:LatentStyles DefLockedState=\"false\" DefUnhideWhenUsed=\"true\"\nDefSemiHidden=\"true\" DefQFormat=\"false\" DefPriority=\"99\"\nLatentStyleCount=\"267\">\n<w:LsdException Locked=\"false\" Priority=\"0\" SemiHidden=\"false\"\nUnhideWhenUsed=\"false\" QFormat=\"true\" Name=\"Normal\"\/>\n<w:LsdException Locked=\"false\" Priority=\"9\" SemiHidden=\"false\"\nUnhideWhenUsed=\"false\" QFormat=\"true\" Name=\"heading 1\"\/>\n<w:LsdException Locked=\"false\" Priority=\"9\" QFormat=\"true\" Name=\"heading 2\"\/>\n<w:LsdException Locked=\"false\" Priority=\"9\" QFormat=\"true\" Name=\"heading 3\"\/>\n<w:LsdException Locked=\"false\" Priority=\"9\" QFormat=\"true\" Name=\"heading 4\"\/>\n<w:LsdException Locked=\"false\" Priority=\"9\" QFormat=\"true\" Name=\"heading 5\"\/>\n<w:LsdException Locked=\"false\" Priority=\"9\" QFormat=\"true\" Name=\"heading 6\"\/>\n<w:LsdException Locked=\"false\" Priority=\"9\" QFormat=\"true\" Name=\"heading 7\"\/>\n<w:LsdException Locked=\"false\" Priority=\"9\" QFormat=\"true\" Name=\"heading 8\"\/>\n<w:LsdException Locked=\"false\" Priority=\"9\" QFormat=\"true\" Name=\"heading 9\"\/>\n<w:LsdException Locked=\"false\" Priority=\"39\" Name=\"toc 1\"\/>\n<w:LsdException Locked=\"false\" Priority=\"39\" Name=\"toc 2\"\/>\n<w:LsdException Locked=\"false\" Priority=\"39\" Name=\"toc 3\"\/>\n<w:LsdException Locked=\"false\" Priority=\"39\" Name=\"toc 4\"\/>\n<w:LsdException Locked=\"false\" Priority=\"39\" Name=\"toc 5\"\/>\n<w:LsdException Locked=\"false\" Priority=\"39\" Name=\"toc 6\"\/>\n<w:LsdException Locked=\"false\" Priority=\"39\" Name=\"toc 7\"\/>\n<w:LsdException Locked=\"false\" Priority=\"39\" Name=\"toc 8\"\/>\n<w:LsdException Locked=\"false\" Priority=\"39\" Name=\"toc 9\"\/>\n<w:LsdException Locked=\"false\" Priority=\"35\" QFormat=\"true\" Name=\"caption\"\/>\n<w:LsdException Locked=\"false\" Priority=\"10\" SemiHidden=\"false\"\nUnhideWhenUsed=\"false\" QFormat=\"true\" Name=\"Title\"\/>\n<w:LsdException Locked=\"false\" Priority=\"1\" Name=\"Default Paragraph Font\"\/>\n<w:LsdException Locked=\"false\" Priority=\"11\" SemiHidden=\"false\"\nUnhideWhenUsed=\"false\" QFormat=\"true\" Name=\"Subtitle\"\/>\n<w:LsdException Locked=\"false\" Priority=\"22\" SemiHidden=\"false\"\nUnhideWhenUsed=\"false\" QFormat=\"true\" Name=\"Strong\"\/>\n<w:LsdException Locked=\"false\" Priority=\"20\" SemiHidden=\"false\"\nUnhideWhenUsed=\"false\" QFormat=\"true\" Name=\"Emphasis\"\/>\n<w:LsdException Locked=\"false\" Priority=\"59\" SemiHidden=\"false\"\nUnhideWhenUsed=\"false\" Name=\"Table Grid\"\/>\n<w:LsdException Locked=\"false\" UnhideWhenUsed=\"false\" Name=\"Placeholder Text\"\/>\n<w:LsdException Locked=\"false\" Priority=\"1\" SemiHidden=\"false\"\nUnhideWhenUsed=\"false\" QFormat=\"true\" Name=\"No Spacing\"\/>\n<w:LsdException Locked=\"false\" Priority=\"60\" SemiHidden=\"false\"\nUnhideWhenUsed=\"false\" Name=\"Light Shading\"\/>\n<w:LsdException Locked=\"false\" Priority=\"61\" SemiHidden=\"false\"\nUnhideWhenUsed=\"false\" Name=\"Light List\"\/>\n<w:LsdException Locked=\"false\" Priority=\"62\" SemiHidden=\"false\"\nUnhideWhenUsed=\"false\" Name=\"Light Grid\"\/>\n<w:LsdException Locked=\"false\" Priority=\"63\" SemiHidden=\"false\"\nUnhideWhenUsed=\"false\" Name=\"Medium Shading 1\"\/>\n<w:LsdException Locked=\"false\" Priority=\"64\" SemiHidden=\"false\"\nUnhideWhenUsed=\"false\" Name=\"Medium Shading 2\"\/>\n<w:LsdException Locked=\"false\" Priority=\"65\" SemiHidden=\"false\"\nUnhideWhenUsed=\"false\" Name=\"Medium List 1\"\/>\n<w:LsdException Locked=\"false\" Priority=\"66\" SemiHidden=\"false\"\nUnhideWhenUsed=\"false\" Name=\"Medium List 2\"\/>\n<w:LsdException Locked=\"false\" Priority=\"67\" SemiHidden=\"false\"\nUnhideWhenUsed=\"false\" Name=\"Medium Grid 1\"\/>\n<w:LsdException Locked=\"false\" Priority=\"68\" SemiHidden=\"false\"\nUnhideWhenUsed=\"false\" Name=\"Medium Grid 2\"\/>\n<w:LsdException Locked=\"false\" Priority=\"69\" SemiHidden=\"false\"\nUnhideWhenUsed=\"false\" Name=\"Medium Grid 3\"\/>\n<w:LsdException Locked=\"false\" Priority=\"70\" SemiHidden=\"false\"\nUnhideWhenUsed=\"false\" Name=\"Dark List\"\/>\n<w:LsdException Locked=\"false\" Priority=\"71\" SemiHidden=\"false\"\nUnhideWhenUsed=\"false\" Name=\"Colorful Shading\"\/>\n<w:LsdException Locked=\"false\" Priority=\"72\" SemiHidden=\"false\"\nUnhideWhenUsed=\"false\" Name=\"Colorful List\"\/>\n<w:LsdException Locked=\"false\" Priority=\"73\" SemiHidden=\"false\"\nUnhideWhenUsed=\"false\" Name=\"Colorful Grid\"\/>\n<w:LsdException Locked=\"false\" Priority=\"60\" SemiHidden=\"false\"\nUnhideWhenUsed=\"false\" Name=\"Light Shading Accent 1\"\/>\n<w:LsdException Locked=\"false\" Priority=\"61\" SemiHidden=\"false\"\nUnhideWhenUsed=\"false\" Name=\"Light List Accent 1\"\/>\n<w:LsdException Locked=\"false\" Priority=\"62\" SemiHidden=\"false\"\nUnhideWhenUsed=\"false\" Name=\"Light Grid Accent 1\"\/>\n<w:LsdException Locked=\"false\" Priority=\"63\" SemiHidden=\"false\"\nUnhideWhenUsed=\"false\" Name=\"Medium Shading 1 Accent 1\"\/>\n<w:LsdException Locked=\"false\" Priority=\"64\" SemiHidden=\"false\"\nUnhideWhenUsed=\"false\" Name=\"Medium Shading 2 Accent 1\"\/>\n<w:LsdException Locked=\"false\" Priority=\"65\" SemiHidden=\"false\"\nUnhideWhenUsed=\"false\" Name=\"Medium List 1 Accent 1\"\/>\n<w:LsdException Locked=\"false\" UnhideWhenUsed=\"false\" Name=\"Revision\"\/>\n<w:LsdException Locked=\"false\" Priority=\"34\" SemiHidden=\"false\"\nUnhideWhenUsed=\"false\" QFormat=\"true\" Name=\"List Paragraph\"\/>\n<w:LsdException Locked=\"false\" Priority=\"29\" SemiHidden=\"false\"\nUnhideWhenUsed=\"false\" QFormat=\"true\" Name=\"Quote\"\/>\n<w:LsdException Locked=\"false\" Priority=\"30\" SemiHidden=\"false\"\nUnhideWhenUsed=\"false\" QFormat=\"true\" Name=\"Intense Quote\"\/>\n<w:LsdException Locked=\"false\" Priority=\"66\" SemiHidden=\"false\"\nUnhideWhenUsed=\"false\" Name=\"Medium List 2 Accent 1\"\/>\n<w:LsdException Locked=\"false\" Priority=\"67\" SemiHidden=\"false\"\nUnhideWhenUsed=\"false\" Name=\"Medium Grid 1 Accent 1\"\/>\n<w:LsdException Locked=\"false\" Priority=\"68\" SemiHidden=\"false\"\nUnhideWhenUsed=\"false\" Name=\"Medium Grid 2 Accent 1\"\/>\n<w:LsdException Locked=\"false\" Priority=\"69\" SemiHidden=\"false\"\nUnhideWhenUsed=\"false\" Name=\"Medium Grid 3 Accent 1\"\/>\n<w:LsdException Locked=\"false\" Priority=\"70\" SemiHidden=\"false\"\nUnhideWhenUsed=\"false\" Name=\"Dark List Accent 1\"\/>\n<w:LsdException Locked=\"false\" Priority=\"71\" SemiHidden=\"false\"\nUnhideWhenUsed=\"false\" Name=\"Colorful Shading Accent 1\"\/>\n<w:LsdException Locked=\"false\" Priority=\"72\" SemiHidden=\"false\"\nUnhideWhenUsed=\"false\" Name=\"Colorful List Accent 1\"\/>\n<w:LsdException Locked=\"false\" Priority=\"73\" SemiHidden=\"false\"\nUnhideWhenUsed=\"false\" Name=\"Colorful Grid Accent 1\"\/>\n<w:LsdException Locked=\"false\" Priority=\"60\" SemiHidden=\"false\"\nUnhideWhenUsed=\"false\" Name=\"Light Shading Accent 2\"\/>\n<w:LsdException Locked=\"false\" Priority=\"61\" SemiHidden=\"false\"\nUnhideWhenUsed=\"false\" Name=\"Light List Accent 2\"\/>\n<w:LsdException Locked=\"false\" Priority=\"62\" SemiHidden=\"false\"\nUnhideWhenUsed=\"false\" Name=\"Light Grid Accent 2\"\/>\n<w:LsdException Locked=\"false\" Priority=\"63\" SemiHidden=\"false\"\nUnhideWhenUsed=\"false\" Name=\"Medium Shading 1 Accent 2\"\/>\n<w:LsdException Locked=\"false\" Priority=\"64\" SemiHidden=\"false\"\nUnhideWhenUsed=\"false\" Name=\"Medium Shading 2 Accent 2\"\/>\n<w:LsdException Locked=\"false\" Priority=\"65\" SemiHidden=\"false\"\nUnhideWhenUsed=\"false\" Name=\"Medium List 1 Accent 2\"\/>\n<w:LsdException Locked=\"false\" Priority=\"66\" SemiHidden=\"false\"\nUnhideWhenUsed=\"false\" Name=\"Medium List 2 Accent 2\"\/>\n<w:LsdException Locked=\"false\" Priority=\"67\" SemiHidden=\"false\"\nUnhideWhenUsed=\"false\" Name=\"Medium Grid 1 Accent 2\"\/>\n<w:LsdException Locked=\"false\" Priority=\"68\" SemiHidden=\"false\"\nUnhideWhenUsed=\"false\" Name=\"Medium Grid 2 Accent 2\"\/>\n<w:LsdException Locked=\"false\" Priority=\"69\" SemiHidden=\"false\"\nUnhideWhenUsed=\"false\" Name=\"Medium Grid 3 Accent 2\"\/>\n<w:LsdException Locked=\"false\" Priority=\"70\" SemiHidden=\"false\"\nUnhideWhenUsed=\"false\" Name=\"Dark List Accent 2\"\/>\n<w:LsdException Locked=\"false\" Priority=\"71\" SemiHidden=\"false\"\nUnhideWhenUsed=\"false\" Name=\"Colorful Shading Accent 2\"\/>\n<w:LsdException Locked=\"false\" Priority=\"72\" SemiHidden=\"false\"\nUnhideWhenUsed=\"false\" Name=\"Colorful List Accent 2\"\/>\n<w:LsdException Locked=\"false\" Priority=\"73\" SemiHidden=\"false\"\nUnhideWhenUsed=\"false\" Name=\"Colorful Grid Accent 2\"\/>\n<w:LsdException Locked=\"false\" Priority=\"60\" SemiHidden=\"false\"\nUnhideWhenUsed=\"false\" Name=\"Light Shading Accent 3\"\/>\n<w:LsdException Locked=\"false\" Priority=\"61\" SemiHidden=\"false\"\nUnhideWhenUsed=\"false\" Name=\"Light List Accent 3\"\/>\n<w:LsdException Locked=\"false\" Priority=\"62\" SemiHidden=\"false\"\nUnhideWhenUsed=\"false\" Name=\"Light Grid Accent 3\"\/>\n<w:LsdException Locked=\"false\" Priority=\"63\" SemiHidden=\"false\"\nUnhideWhenUsed=\"false\" Name=\"Medium Shading 1 Accent 3\"\/>\n<w:LsdException Locked=\"false\" Priority=\"64\" SemiHidden=\"false\"\nUnhideWhenUsed=\"false\" Name=\"Medium Shading 2 Accent 3\"\/>\n<w:LsdException Locked=\"false\" Priority=\"65\" SemiHidden=\"false\"\nUnhideWhenUsed=\"false\" Name=\"Medium List 1 Accent 3\"\/>\n<w:LsdException Locked=\"false\" Priority=\"66\" SemiHidden=\"false\"\nUnhideWhenUsed=\"false\" Name=\"Medium List 2 Accent 3\"\/>\n<w:LsdException Locked=\"false\" Priority=\"67\" SemiHidden=\"false\"\nUnhideWhenUsed=\"false\" Name=\"Medium Grid 1 Accent 3\"\/>\n<w:LsdException Locked=\"false\" Priority=\"68\" SemiHidden=\"false\"\nUnhideWhenUsed=\"false\" Name=\"Medium Grid 2 Accent 3\"\/>\n<w:LsdException Locked=\"false\" Priority=\"69\" SemiHidden=\"false\"\nUnhideWhenUsed=\"false\" Name=\"Medium Grid 3 Accent 3\"\/>\n<w:LsdException Locked=\"false\" Priority=\"70\" SemiHidden=\"false\"\nUnhideWhenUsed=\"false\" Name=\"Dark List Accent 3\"\/>\n<w:LsdException Locked=\"false\" Priority=\"71\" SemiHidden=\"false\"\nUnhideWhenUsed=\"false\" Name=\"Colorful Shading Accent 3\"\/>\n<w:LsdException Locked=\"false\" Priority=\"72\" SemiHidden=\"false\"\nUnhideWhenUsed=\"false\" Name=\"Colorful List Accent 3\"\/>\n<w:LsdException Locked=\"false\" Priority=\"73\" SemiHidden=\"false\"\nUnhideWhenUsed=\"false\" Name=\"Colorful Grid Accent 3\"\/>\n<w:LsdException Locked=\"false\" Priority=\"60\" SemiHidden=\"false\"\nUnhideWhenUsed=\"false\" Name=\"Light Shading Accent 4\"\/>\n<w:LsdException Locked=\"false\" Priority=\"61\" SemiHidden=\"false\"\nUnhideWhenUsed=\"false\" Name=\"Light List Accent 4\"\/>\n<w:LsdException Locked=\"false\" Priority=\"62\" SemiHidden=\"false\"\nUnhideWhenUsed=\"false\" Name=\"Light Grid Accent 4\"\/>\n<w:LsdException Locked=\"false\" Priority=\"63\" SemiHidden=\"false\"\nUnhideWhenUsed=\"false\" Name=\"Medium Shading 1 Accent 4\"\/>\n<w:LsdException Locked=\"false\" Priority=\"64\" SemiHidden=\"false\"\nUnhideWhenUsed=\"false\" Name=\"Medium Shading 2 Accent 4\"\/>\n<w:LsdException Locked=\"false\" Priority=\"65\" SemiHidden=\"false\"\nUnhideWhenUsed=\"false\" Name=\"Medium List 1 Accent 4\"\/>\n<w:LsdException Locked=\"false\" Priority=\"66\" SemiHidden=\"false\"\nUnhideWhenUsed=\"false\" Name=\"Medium List 2 Accent 4\"\/>\n<w:LsdException Locked=\"false\" Priority=\"67\" SemiHidden=\"false\"\nUnhideWhenUsed=\"false\" Name=\"Medium Grid 1 Accent 4\"\/>\n<w:LsdException Locked=\"false\" Priority=\"68\" SemiHidden=\"false\"\nUnhideWhenUsed=\"false\" Name=\"Medium Grid 2 Accent 4\"\/>\n<w:LsdException Locked=\"false\" Priority=\"69\" SemiHidden=\"false\"\nUnhideWhenUsed=\"false\" Name=\"Medium Grid 3 Accent 4\"\/>\n<w:LsdException Locked=\"false\" Priority=\"70\" SemiHidden=\"false\"\nUnhideWhenUsed=\"false\" Name=\"Dark List Accent 4\"\/>\n<w:LsdException Locked=\"false\" Priority=\"71\" SemiHidden=\"false\"\nUnhideWhenUsed=\"false\" Name=\"Colorful Shading Accent 4\"\/>\n<w:LsdException Locked=\"false\" Priority=\"72\" SemiHidden=\"false\"\nUnhideWhenUsed=\"false\" Name=\"Colorful List Accent 4\"\/>\n<w:LsdException Locked=\"false\" Priority=\"73\" SemiHidden=\"false\"\nUnhideWhenUsed=\"false\" Name=\"Colorful Grid Accent 4\"\/>\n<w:LsdException Locked=\"false\" Priority=\"60\" SemiHidden=\"false\"\nUnhideWhenUsed=\"false\" Name=\"Light Shading Accent 5\"\/>\n<w:LsdException Locked=\"false\" Priority=\"61\" SemiHidden=\"false\"\nUnhideWhenUsed=\"false\" Name=\"Light List Accent 5\"\/>\n<w:LsdException Locked=\"false\" Priority=\"62\" SemiHidden=\"false\"\nUnhideWhenUsed=\"false\" Name=\"Light Grid Accent 5\"\/>\n<w:LsdException Locked=\"false\" Priority=\"63\" SemiHidden=\"false\"\nUnhideWhenUsed=\"false\" Name=\"Medium Shading 1 Accent 5\"\/>\n<w:LsdException Locked=\"false\" Priority=\"64\" SemiHidden=\"false\"\nUnhideWhenUsed=\"false\" Name=\"Medium Shading 2 Accent 5\"\/>\n<w:LsdException Locked=\"false\" Priority=\"65\" SemiHidden=\"false\"\nUnhideWhenUsed=\"false\" Name=\"Medium List 1 Accent 5\"\/>\n<w:LsdException Locked=\"false\" Priority=\"66\" SemiHidden=\"false\"\nUnhideWhenUsed=\"false\" Name=\"Medium List 2 Accent 5\"\/>\n<w:LsdException Locked=\"false\" Priority=\"67\" SemiHidden=\"false\"\nUnhideWhenUsed=\"false\" Name=\"Medium Grid 1 Accent 5\"\/>\n<w:LsdException Locked=\"false\" Priority=\"68\" SemiHidden=\"false\"\nUnhideWhenUsed=\"false\" Name=\"Medium Grid 2 Accent 5\"\/>\n<w:LsdException Locked=\"false\" Priority=\"69\" SemiHidden=\"false\"\nUnhideWhenUsed=\"false\" Name=\"Medium Grid 3 Accent 5\"\/>\n<w:LsdException Locked=\"false\" Priority=\"70\" SemiHidden=\"false\"\nUnhideWhenUsed=\"false\" Name=\"Dark List Accent 5\"\/>\n<w:LsdException Locked=\"false\" Priority=\"71\" SemiHidden=\"false\"\nUnhideWhenUsed=\"false\" Name=\"Colorful Shading Accent 5\"\/>\n<w:LsdException Locked=\"false\" Priority=\"72\" SemiHidden=\"false\"\nUnhideWhenUsed=\"false\" Name=\"Colorful List Accent 5\"\/>\n<w:LsdException Locked=\"false\" Priority=\"73\" SemiHidden=\"false\"\nUnhideWhenUsed=\"false\" Name=\"Colorful Grid Accent 5\"\/>\n<w:LsdException Locked=\"false\" Priority=\"60\" SemiHidden=\"false\"\nUnhideWhenUsed=\"false\" Name=\"Light Shading Accent 6\"\/>\n<w:LsdException Locked=\"false\" Priority=\"61\" SemiHidden=\"false\"\nUnhideWhenUsed=\"false\" Name=\"Light List Accent 6\"\/>\n<w:LsdException Locked=\"false\" Priority=\"62\" SemiHidden=\"false\"\nUnhideWhenUsed=\"false\" Name=\"Light Grid Accent 6\"\/>\n<w:LsdException Locked=\"false\" Priority=\"63\" SemiHidden=\"false\"\nUnhideWhenUsed=\"false\" Name=\"Medium Shading 1 Accent 6\"\/>\n<w:LsdException Locked=\"false\" Priority=\"64\" SemiHidden=\"false\"\nUnhideWhenUsed=\"false\" Name=\"Medium Shading 2 Accent 6\"\/>\n<w:LsdException Locked=\"false\" Priority=\"65\" SemiHidden=\"false\"\nUnhideWhenUsed=\"false\" Name=\"Medium List 1 Accent 6\"\/>\n<w:LsdException Locked=\"false\" Priority=\"66\" SemiHidden=\"false\"\nUnhideWhenUsed=\"false\" Name=\"Medium List 2 Accent 6\"\/>\n<w:LsdException Locked=\"false\" Priority=\"67\" SemiHidden=\"false\"\nUnhideWhenUsed=\"false\" Name=\"Medium Grid 1 Accent 6\"\/>\n<w:LsdException Locked=\"false\" Priority=\"68\" SemiHidden=\"false\"\nUnhideWhenUsed=\"false\" Name=\"Medium Grid 2 Accent 6\"\/>\n<w:LsdException Locked=\"false\" Priority=\"69\" SemiHidden=\"false\"\nUnhideWhenUsed=\"false\" Name=\"Medium Grid 3 Accent 6\"\/>\n<w:LsdException Locked=\"false\" Priority=\"70\" SemiHidden=\"false\"\nUnhideWhenUsed=\"false\" Name=\"Dark List Accent 6\"\/>\n<w:LsdException Locked=\"false\" Priority=\"71\" SemiHidden=\"false\"\nUnhideWhenUsed=\"false\" Name=\"Colorful Shading Accent 6\"\/>\n<w:LsdException Locked=\"false\" Priority=\"72\" SemiHidden=\"false\"\nUnhideWhenUsed=\"false\" Name=\"Colorful List Accent 6\"\/>\n<w:LsdException Locked=\"false\" Priority=\"73\" SemiHidden=\"false\"\nUnhideWhenUsed=\"false\" Name=\"Colorful Grid Accent 6\"\/>\n<w:LsdException Locked=\"false\" Priority=\"19\" SemiHidden=\"false\"\nUnhideWhenUsed=\"false\" QFormat=\"true\" Name=\"Subtle Emphasis\"\/>\n<w:LsdException Locked=\"false\" Priority=\"21\" SemiHidden=\"false\"\nUnhideWhenUsed=\"false\" QFormat=\"true\" Name=\"Intense Emphasis\"\/>\n<w:LsdException Locked=\"false\" Priority=\"31\" SemiHidden=\"false\"\nUnhideWhenUsed=\"false\" QFormat=\"true\" Name=\"Subtle Reference\"\/>\n<w:LsdException Locked=\"false\" Priority=\"32\" SemiHidden=\"false\"\nUnhideWhenUsed=\"false\" QFormat=\"true\" Name=\"Intense Reference\"\/>\n<w:LsdException Locked=\"false\" Priority=\"33\" SemiHidden=\"false\"\nUnhideWhenUsed=\"false\" QFormat=\"true\" Name=\"Book Title\"\/>\n<w:LsdException Locked=\"false\" Priority=\"37\" Name=\"Bibliography\"\/>\n<w:LsdException Locked=\"false\" Priority=\"39\" QFormat=\"true\" Name=\"TOC Heading\"\/>\n<\/w:LatentStyles>\n<\/xml><![endif]--><!--[if gte mso 10]>\n\n\n\n<style>\n \/* Style Definitions *\/\n table.MsoNormalTable\n\t{mso-style-name:\"Tableau Normal\";\n\tmso-tstyle-rowband-size:0;\n\tmso-tstyle-colband-size:0;\n\tmso-style-noshow:yes;\n\tmso-style-priority:99;\n\tmso-style-parent:\"\";\n\tmso-padding-alt:0cm 5.4pt 0cm 5.4pt;\n\tmso-para-margin:0cm;\n\tmso-para-margin-bottom:.0001pt;\n\tmso-pagination:widow-orphan;\n\tfont-size:10.0pt;\n\tfont-family:\"Calibri\",\"sans-serif\";}\n<\/style>\n\n<![endif]--><\/p>\n<p style=\"text-align: justify;\"><em><span lang=\"ES\">Yo no estoy loco sabe. Yo me sent\u00eda perseguido en mi pa\u00eds. Yo soy de un lugar llamado Cuba. Yo busco comida en los contenedores de basura. Yo no me dejar\u00e9 atacar por la humillaci\u00f3n de la gente. Yo, con 46 a\u00f1os, ahora vivo en una ciudad enorme que ahora est\u00e1 en crisis. Yo s\u00e9 que mucha gente me mira con mala cara. Yo\u2026<\/span><\/em><\/p>\n<p style=\"text-align: justify;\"><strong><em>Por Yader Luna, fotos cortes\u00eda de Apumak<br \/>\n<\/em><\/strong><\/p>\n<p style=\"text-align: justify;\"><span lang=\"ES\" style=\"mso-ansi-language: ES;\">La ma\u00f1ana es fr\u00eda en Madrid. Llueve. Una brisa escasa, que moja poco, pero penetra helada debajo de la ropa. Son las 9 de la ma\u00f1ana y la temperatura es de 4 grados. Es 24 de diciembre. Las calles empiezan a llenarse de gente que realiza las compras de \u00faltimo minuto para la cena de Nochebuena. <\/span><\/p>\n<p style=\"text-align: justify; tab-stops: 342.45pt;\"><span lang=\"ES\" style=\"mso-ansi-language: ES;\">Muchas puertas de los establecimientos de la zona de Azca empiezan a abrir. Esta es una de las zonas con m\u00e1s afluencia de la capital espa\u00f1ola, considerada el n\u00facleo financiero donde se encuentran los edificios de grandes empresas y bancos. <\/span><\/p>\n<p style=\"text-align: justify;\"><span lang=\"ES\" style=\"mso-ansi-language: ES;\">El que habla sin parar es \u00c1ngel Rodr\u00edguez. Parece que tiene d\u00edas sin hablar con nadie y suelta todas las palabras que puede. Est\u00e1 en la puerta de un enorme edificio marr\u00f3n. A juzgar por su vestimenta compuesta por camisa blanca manga larga, pantal\u00f3n de vestir negro, con una peque\u00f1a chaqueta y un elegante malet\u00edn, podr\u00eda ser trabajador de un banco en la zona comercial de Madrid donde se encuentra.<\/span><\/p>\n<p style=\"text-align: justify;\"><span lang=\"ES\" style=\"mso-ansi-language: ES;\">Pero el despeja cualquier duda y sentencia: \u201cYo prefer\u00ed vivir en la calle que morir de hambre en mi pa\u00eds\u201d. Luego agrega que no tiene amigos y que duerme en la calle, todos los d\u00edas, desde que lleg\u00f3, primero a Holanda y luego a Espa\u00f1a.<\/span><\/p>\n<p style=\"text-align: justify;\"><span lang=\"ES\" style=\"mso-ansi-language: ES;\">***<\/span><\/p>\n<p style=\"text-align: justify;\"><span lang=\"ES\" style=\"mso-ansi-language: ES;\">Cuando \u00c1ngel Rodr\u00edguez lleg\u00f3 a Holanda hace 10 a\u00f1os pas\u00f3 varios d\u00edas en un estado que describe como \u201cfelicidad absoluta\u201d por haber cumplido un \u201csue\u00f1o deseado al fin cumplido\u201d. Nacido en La Habana, trabajaba como profesor de ingl\u00e9s en Cuba. Nunca se cas\u00f3, viv\u00eda con su madre y jur\u00f3 que el d\u00eda que ella falleciera, \u00e9l se ir\u00eda de la isla. Y lo cumpli\u00f3.<\/span><\/p>\n<p style=\"text-align: justify;\"><span lang=\"ES\" style=\"mso-ansi-language: ES;\">Cuando unos turistas holandeses le ofrecieron ayudarle a salir de Cuba compr\u00e1ndole el billete de avi\u00f3n para \u201cir de turista aunque era la forma de escaparse\u201d, se sinti\u00f3 dichoso. Se encomend\u00f3 a la Virgen de la Caridad del Cobre, la patrona de la isla caribe\u00f1a y parti\u00f3 con la poca ropa que ten\u00eda. <\/span><\/p>\n<p style=\"text-align: justify;\"><span lang=\"ES\" style=\"mso-ansi-language: ES;\">Cuando, ya<span style=\"mso-spacerun: yes;\">\u00a0 <\/span>lleg\u00f3 a su destino, descubri\u00f3 que la ayuda que le ofrecieron los holandeses no inclu\u00eda comida, <span style=\"mso-spacerun: yes;\">\u00a0<\/span>ni transporte y que la habitaci\u00f3n de hotel no s\u00f3lo corr\u00eda por su cuenta sino que era un sitio decadente.<\/span><\/p>\n<p style=\"text-align: justify;\"><span lang=\"ES\" style=\"mso-ansi-language: ES;\">\u201cLos holandeses me dejaron solo. No volv\u00ed a saber de ellos cuando llegu\u00e9\u201d, dice. Fue entonces cuando \u00c1ngel Rodr\u00edguez descubri\u00f3 que sus sue\u00f1os iban a tener algunas trabas. El principal: el idioma. <\/span><\/p>\n<p style=\"text-align: justify;\"><span lang=\"ES\" style=\"mso-ansi-language: ES;\">***<\/span><\/p>\n<p style=\"text-align: justify;\">[image src=\u00bbhttp:\/\/www.pressenza.com\/wp-content\/uploads\/2014\/01\/1395435_364194573725757_374313412_n.jpg\u00bb width=\u00bb640&#8243; height=\u00bb480&#8243; lightbox=\u00bbyes\u00bb align=\u00bbleft\u00bb]<\/p>\n<p style=\"text-align: justify;\"><span lang=\"ES\" style=\"mso-ansi-language: ES;\">Como pudo recogi\u00f3 para viajar a Espa\u00f1a, donde cre\u00eda le ir\u00eda mucho mejor. Empez\u00f3 trabajando en el popular barrio de Lavapi\u00e9s por 10 meses en un bar. Luego se encontr\u00f3 trabajo en la construcci\u00f3n, pero como muchos en Espa\u00f1a se qued\u00f3 sin trabajo.<\/span><\/p>\n<p style=\"text-align: justify;\"><span lang=\"ES\" style=\"mso-ansi-language: ES;\">\u201cDesde hace unos a\u00f1os vivo en la calle, recogiendo todo lo que encuentre como este bonito malet\u00edn que tengo\u201d, comenta. <\/span><\/p>\n<p style=\"text-align: justify;\"><span lang=\"ES\" style=\"mso-ansi-language: ES;\">Acepta un caf\u00e9 que un muchacho de ojos azules le ofrece y luego lo empiezan a rodear unos siete j\u00f3venes m\u00e1s. Le cuentan que son de \u201cApumak\u201d, que en camboyano significa \u201cAmigo\u201d, una organizaci\u00f3n juvenil que organiza colectas de comida y abrigos para ayudar a la gente que como \u00e9l vive en las calles. <\/span><\/p>\n<p style=\"text-align: justify;\"><span lang=\"ES\" style=\"mso-ansi-language: ES;\">Hasta el 31 de diciembre de 2012 son 22,938 las personas sin hogar en Espa\u00f1a, seg\u00fan datos del Instituto Nacional de Estad\u00edstica, INE. <\/span><\/p>\n<p style=\"text-align: justify;\"><span lang=\"ES\" style=\"mso-ansi-language: ES;\">De estas tres de cada diez se quedaron en la calle en el \u00faltimo a\u00f1o. La mayor\u00eda hombres, aunque cada vez m\u00e1s mujeres. La mayor\u00eda africanos, pero cada d\u00eda m\u00e1s espa\u00f1oles. <\/span><\/p>\n<p class=\"MsoNormal\" style=\"mso-margin-top-alt: auto; mso-margin-bottom-alt: auto; text-align: justify; line-height: normal;\"><span lang=\"ES\" style=\"font-size: 12.0pt; font-family: 'Times New Roman','serif'; mso-fareast-font-family: 'Times New Roman'; mso-ansi-language: ES;\">Hay <span style=\"mso-bidi-font-weight: bold;\">6.190 personas sin techo que duermen en la calle en Espa\u00f1a<\/span>, <span style=\"mso-bidi-font-weight: bold;\">el resto sin vivienda<\/span> tienen un lugar temporal donde dormir en albergues e instituciones, seg\u00fan el estudio \u201cPersonas sin techo en Madrid\u201d, del soci\u00f3logo Pedro Cabrera de la Universidad Pontificia de Comillas. <\/span><\/p>\n<p style=\"text-align: justify;\"><span lang=\"ES\" style=\"mso-ansi-language: ES;\">En la capital, organizaciones como C\u00e1ritas Espa\u00f1a, calculan que casi 600 personas pasan cada noche a la intemperie y el resto en alguna de las 1.194 plazas de los albergues de la capital.<\/span><\/p>\n<p style=\"text-align: justify;\"><span lang=\"ES\" style=\"mso-ansi-language: ES;\">***<\/span><\/p>\n<p style=\"text-align: justify;\">[image src=\u00bbhttp:\/\/www.pressenza.com\/wp-content\/uploads\/2014\/01\/DSC_2357.jpg\u00bb width=\u00bb640&#8243; height=\u00bb480&#8243; lightbox=\u00bbyes\u00bb align=\u00bbleft\u00bb]<\/p>\n<p style=\"text-align: justify;\"><span lang=\"ES\" style=\"mso-ansi-language: ES;\">Mario Benito, es estudiante de medicina en la Universidad Complutense de Madrid y representante de \u201cApumak\u201d. Hace un a\u00f1o, exactamente el 24 de diciembre, unos 30 j\u00f3venes decidieron realizar una actividad para \u201cconocer otra forma de vivir la Navidad\u201d. <\/span><\/p>\n<p style=\"text-align: justify;\"><span lang=\"ES\" style=\"mso-ansi-language: ES;\">Tras participar en un viaje a distintos pa\u00edses de \u00c1frica, con la organizaci\u00f3n \u201cMadrid Rumbo al Sur\u201d, estos j\u00f3venes se organizaron para hacer \u201cun peque\u00f1o cambio local ante la imposibilidad de ayudar en otro pa\u00eds\u201d.<\/span><\/p>\n<p style=\"text-align: justify;\"><span lang=\"ES\" style=\"mso-ansi-language: ES;\">As\u00ed surgieron lo que ellos denominan \u201cdesayunos solidarios\u201d. Cada domingo estos j\u00f3venes se re\u00fanen en la Puerta del Sol a las ocho de la ma\u00f1ana y llevan caf\u00e9 caliente, leche, jugo de naranja, galletas, un abrigo o lo que puedan. <\/span><\/p>\n<p style=\"text-align: justify;\"><span lang=\"ES\" style=\"mso-ansi-language: ES;\">Recientemente realizaron una colecta en la Universidad Rey Juan Carlos y en otros centros de estudios de la capital para llevarles tambi\u00e9n abrigos a los que pasan fr\u00edo. <\/span><\/p>\n<p style=\"text-align: justify;\"><span lang=\"ES\" style=\"mso-ansi-language: ES;\">\u201cNosotros llegamos con el pretexto de llevar un desayuno, pero lo que en realidad pretendemos es calentar los fr\u00edos despertares de la gente sin un techo\u201d, indica Benito. <\/span><\/p>\n<p style=\"text-align: justify;\"><span lang=\"ES\" style=\"mso-ansi-language: ES;\">En tanto, Nacho Pamies, dice que la experiencia ha sido inolvidable porque han logrado sensibilizar a muchos j\u00f3venes y gente que los ve en las calles repartiendo los desayunos cada semana. <\/span><\/p>\n<p style=\"text-align: justify;\"><span lang=\"ES\" style=\"mso-ansi-language: ES;\">\u201cLa idea es compartir con ellos, darles \u00e1nimos, devolverles la moral y demostrarle que son seres humanos y no adornos invisibles en la calle\u201d, insiste. <\/span><\/p>\n<p style=\"text-align: justify;\"><span lang=\"ES\" style=\"mso-ansi-language: ES;\">Para este joven aunque lo que hacen no mejora completamente las vidas de estas personas les est\u00e1n demostrando que \u201cno est\u00e1n solos y les podemos mejorar la vida por 10 minutos\u201d. <\/span><\/p>\n<p style=\"text-align: justify;\"><span lang=\"ES\" style=\"mso-ansi-language: ES;\">***<\/span><\/p>\n<p style=\"text-align: justify;\"><span lang=\"ES\" style=\"mso-ansi-language: ES;\">Carlos Baeza vive en la calle desde que tiene 15 a\u00f1os cuando qued\u00f3 hu\u00e9rfano. Decidi\u00f3 irse de su natal Toledo a Madrid a buscarse la vida. Lo \u00fanico que encontr\u00f3 fue vivir en la calle como opci\u00f3n. <\/span><\/p>\n<p style=\"text-align: justify;\"><span lang=\"ES\" style=\"mso-ansi-language: ES;\">Aunque su familia le dijo que no se fuese, \u00e9l se sent\u00eda muy deprimido para quedarse en su ciudad. Ahora se arrepiente de no haber desarrugado aquella hoja donde le anotaron un n\u00famero de tel\u00e9fono por si los necesitase. <\/span><\/p>\n<p style=\"text-align: justify;\"><span lang=\"ES\" style=\"mso-ansi-language: ES;\">Para Eduardo Granados de Apumak, la soledad, la desconexi\u00f3n social, la marginaci\u00f3n son algunos de los problemas de la gente que vive en la calle. Dice que en esta \u00e9poca de fiestas de diciembre se despierta mucha solidaridad pero es necesario mantenerla los 365 d\u00edas del a\u00f1o. <\/span><\/p>\n<p style=\"text-align: justify;\"><span lang=\"ES\" style=\"mso-ansi-language: ES;\">\u201cMuchos son inmigrantes que vinieron en la \u00e9poca dorada de Espa\u00f1a y ahora este pa\u00eds se convirti\u00f3 en una jaula de la que no pueden salir\u201d, comenta. <\/span><\/p>\n<p style=\"text-align: justify;\"><i style=\"mso-bidi-font-style: normal;\"><span lang=\"ES\" style=\"mso-ansi-language: ES;\">[image src=\u00bbhttp:\/\/www.pressenza.com\/wp-content\/uploads\/2014\/01\/DSC_2385.jpg\u00bb width=\u00bb640&#8243; height=\u00bb480&#8243; lightbox=\u00bbyes\u00bb align=\u00bbleft\u00bb]<\/span><\/i><\/p>\n<p style=\"text-align: justify;\"><b style=\"mso-bidi-font-weight: normal;\"><span lang=\"ES\" style=\"mso-ansi-language: ES;\">Despiertan solidaridad<\/span><\/b><\/p>\n<p style=\"text-align: justify;\"><span lang=\"ES\" style=\"mso-ansi-language: ES;\">Paula Lopes, de Angola, se les uni\u00f3 por un d\u00eda a los desayunos solidarios porque lleg\u00f3 a Espa\u00f1a como refugiada y sabe el sufrimiento de los migrantes. <\/span><\/p>\n<p style=\"text-align: justify;\"><span lang=\"ES\" style=\"mso-ansi-language: ES;\">\u201cEmpec\u00e9 trabajando como dom\u00e9stica y luego me fui preparando en enfermer\u00eda. Me gusta ayudar y veo que muchos se tratan de ayudar en medio de la crisis\u201d, sostiene. <\/span><\/p>\n<p style=\"text-align: justify;\"><span lang=\"ES\" style=\"mso-ansi-language: ES;\">Luis Ceballos, estudiante de 24 a\u00f1os comenta que decidi\u00f3 participar porque la indiferencia es el peor maltrato que se le puede hacer a los que viven en la calle.<\/span><\/p>\n<p style=\"text-align: justify;\"><span lang=\"ES\" style=\"mso-ansi-language: ES;\">\u201cSon personas que trabajaron en muchos casos y se han visto obligados a vivir en estas condiciones porque lo perdieron todo\u201d, agrega.<\/span><\/p>\n<p style=\"text-align: justify;\"><i style=\"mso-bidi-font-style: normal;\"><span lang=\"ES\" style=\"mso-ansi-language: ES;\">\u00a0<\/span><\/i><\/p>\n<p style=\"text-align: justify;\"><b style=\"mso-bidi-font-weight: normal;\"><span lang=\"ES\" style=\"mso-ansi-language: ES;\">Radiograf\u00eda de los \u201csin hogar\u201d<\/span><\/b><\/p>\n<p class=\"p\" style=\"text-align: justify;\"><span lang=\"ES\" style=\"mso-ansi-language: ES;\"><span style=\"mso-spacerun: yes;\">\u00a0<\/span><b style=\"mso-bidi-font-weight: normal;\">89%<\/b> por ciento de los que viven en la calle son hombres, con una media de edad de 41 a\u00f1os. El 51 por ciento, solteros. El 71,5 lleva encima todas sus pertenencias.<\/span><\/p>\n<p class=\"p\" style=\"text-align: justify;\"><b style=\"mso-bidi-font-weight: normal;\"><span lang=\"ES\" style=\"mso-ansi-language: ES;\">57%<\/span><\/b><span lang=\"ES\" style=\"mso-ansi-language: ES;\"> por ciento tienen nacionalidad extranjera. <\/span><\/p>\n<p class=\"p\" style=\"text-align: justify;\"><b style=\"mso-bidi-font-weight: normal;\"><span lang=\"ES\" style=\"mso-ansi-language: ES;\">54%<\/span><\/b><span lang=\"ES\" style=\"mso-ansi-language: ES;\"> por ciento de \u201clos sin techo\u201d lleva m\u00e1s de un a\u00f1o en la calle. <\/span><\/p>\n<p class=\"p\" style=\"text-align: justify;\"><span class=\"span\"><b style=\"mso-bidi-font-weight: normal;\"><span lang=\"ES\" style=\"mso-ansi-language: ES;\">70%<\/span><\/b><\/span><span class=\"span\"><span lang=\"ES\" style=\"mso-ansi-language: ES;\"> por ciento de las personas sin hogar pernocta todas las noches en el mismo lugar. <\/span><\/span><\/p>\n<p class=\"p\" style=\"text-align: justify;\"><strong><em>Publicado originalmente en <a href=\"http:\/\/www.elnuevodiario.com.ni\/especiales\/306369-pan-hambrientos-madrid\">El Nuevo Diario<\/a><\/em><\/strong><\/p>\n","protected":false},"excerpt":{"rendered":"<p>Yo no estoy loco sabe. Yo me sent\u00eda perseguido en mi pa\u00eds. Yo soy de un lugar llamado Cuba. Yo busco comida en los contenedores de basura. Yo no me dejar\u00e9 atacar por la humillaci\u00f3n de la gente. Yo, con&hellip;<\/p>\n","protected":false},"author":94,"featured_media":83524,"comment_status":"closed","ping_status":"open","sticky":false,"template":"","format":"standard","meta":{"footnotes":""},"categories":[79,81,66],"tags":[513,355,441,1161,1065,1398,383,8446,631],"class_list":["post-83519","post","type-post","status-publish","format-standard","has-post-thumbnail","hentry","category-derechos-humanos","category-economia-es","category-europa-es","tag-austeridad","tag-crisis-es","tag-derechos-humanos","tag-desahucios","tag-espana","tag-estado-espanol","tag-noviolencia","tag-sin-techo","tag-violencia-economica"],"yoast_head":"<!-- This site is optimized with the Yoast SEO plugin v27.1.1 - https:\/\/yoast.com\/product\/yoast-seo-wordpress\/ -->\n<title>Un desayuno solidario en Madrid<\/title>\n<meta name=\"description\" content=\"800x600 Normal 0 21 false false false FR X-NONE X-NONE MicrosoftInternetExplorer4 Yo no estoy loco sabe. Yo me sent\u00eda perseguido en mi pa\u00eds. Yo soy de un\" \/>\n<meta name=\"robots\" content=\"index, follow, max-snippet:-1, max-image-preview:large, max-video-preview:-1\" \/>\n<link rel=\"canonical\" href=\"https:\/\/www.pressenza.com\/es\/2014\/01\/un-desayuno-solidario-en-madrid\/\" \/>\n<meta property=\"og:locale\" content=\"es_ES\" \/>\n<meta property=\"og:type\" content=\"article\" \/>\n<meta property=\"og:title\" content=\"Un desayuno solidario en Madrid\" \/>\n<meta property=\"og:description\" content=\"800x600 Normal 0 21 false false false FR X-NONE X-NONE MicrosoftInternetExplorer4 Yo no estoy loco sabe. Yo me sent\u00eda perseguido en mi pa\u00eds. Yo soy de un\" \/>\n<meta property=\"og:url\" content=\"https:\/\/www.pressenza.com\/es\/2014\/01\/un-desayuno-solidario-en-madrid\/\" \/>\n<meta property=\"og:site_name\" content=\"Pressenza\" \/>\n<meta property=\"article:publisher\" content=\"https:\/\/www.facebook.com\/PressenzaItalia\" \/>\n<meta property=\"article:author\" content=\"https:\/\/www.facebook.com\/pressenza\" \/>\n<meta property=\"article:published_time\" content=\"2014-01-02T15:32:17+00:00\" \/>\n<meta property=\"article:modified_time\" content=\"2015-07-21T19:57:12+00:00\" \/>\n<meta property=\"og:image\" content=\"https:\/\/www.pressenza.com\/wp-content\/uploads\/2014\/01\/1468588_364194297059118_644042786_n1.jpg\" \/>\n\t<meta property=\"og:image:width\" content=\"960\" \/>\n\t<meta property=\"og:image:height\" content=\"640\" \/>\n\t<meta property=\"og:image:type\" content=\"image\/jpeg\" \/>\n<meta name=\"author\" content=\"Redacci\u00f3n Madrid\" \/>\n<meta name=\"twitter:card\" content=\"summary_large_image\" \/>\n<meta name=\"twitter:creator\" content=\"@pressenza\" \/>\n<meta name=\"twitter:site\" content=\"@PressenzaIPA\" \/>\n<meta name=\"twitter:label1\" content=\"Escrito por\" \/>\n\t<meta name=\"twitter:data1\" content=\"Redacci\u00f3n Madrid\" \/>\n\t<meta name=\"twitter:label2\" content=\"Tiempo de lectura\" \/>\n\t<meta name=\"twitter:data2\" content=\"7 minutos\" \/>\n<script type=\"application\/ld+json\" class=\"yoast-schema-graph\">{\"@context\":\"https:\/\/schema.org\",\"@graph\":[{\"@type\":\"Article\",\"@id\":\"https:\/\/www.pressenza.com\/es\/2014\/01\/un-desayuno-solidario-en-madrid\/#article\",\"isPartOf\":{\"@id\":\"https:\/\/www.pressenza.com\/es\/2014\/01\/un-desayuno-solidario-en-madrid\/\"},\"author\":{\"name\":\"Redacci\u00f3n Madrid\",\"@id\":\"https:\/\/www.pressenza.com\/es\/#\/schema\/person\/828fc40eeca2ad7be3630e5a46adba94\"},\"headline\":\"Un desayuno solidario en Madrid\",\"datePublished\":\"2014-01-02T15:32:17+00:00\",\"dateModified\":\"2015-07-21T19:57:12+00:00\",\"mainEntityOfPage\":{\"@id\":\"https:\/\/www.pressenza.com\/es\/2014\/01\/un-desayuno-solidario-en-madrid\/\"},\"wordCount\":1442,\"publisher\":{\"@id\":\"https:\/\/www.pressenza.com\/es\/#organization\"},\"image\":{\"@id\":\"https:\/\/www.pressenza.com\/es\/2014\/01\/un-desayuno-solidario-en-madrid\/#primaryimage\"},\"thumbnailUrl\":\"https:\/\/www.pressenza.com\/wp-content\/uploads\/2014\/01\/1468588_364194297059118_644042786_n1.jpg\",\"keywords\":[\"austeridad\",\"crisis\",\"Derechos humanos\",\"desahucios\",\"Espa\u00f1a\",\"Estado espa\u00f1ol\",\"Noviolencia\",\"sin techo\",\"Violencia econ\u00f3mica\"],\"articleSection\":[\"Derechos Humanos\",\"Econom\u00eda\",\"Europa\"],\"inLanguage\":\"es\"},{\"@type\":\"WebPage\",\"@id\":\"https:\/\/www.pressenza.com\/es\/2014\/01\/un-desayuno-solidario-en-madrid\/\",\"url\":\"https:\/\/www.pressenza.com\/es\/2014\/01\/un-desayuno-solidario-en-madrid\/\",\"name\":\"Un desayuno solidario en Madrid\",\"isPartOf\":{\"@id\":\"https:\/\/www.pressenza.com\/es\/#website\"},\"primaryImageOfPage\":{\"@id\":\"https:\/\/www.pressenza.com\/es\/2014\/01\/un-desayuno-solidario-en-madrid\/#primaryimage\"},\"image\":{\"@id\":\"https:\/\/www.pressenza.com\/es\/2014\/01\/un-desayuno-solidario-en-madrid\/#primaryimage\"},\"thumbnailUrl\":\"https:\/\/www.pressenza.com\/wp-content\/uploads\/2014\/01\/1468588_364194297059118_644042786_n1.jpg\",\"datePublished\":\"2014-01-02T15:32:17+00:00\",\"dateModified\":\"2015-07-21T19:57:12+00:00\",\"description\":\"800x600 Normal 0 21 false false false FR X-NONE X-NONE MicrosoftInternetExplorer4 Yo no estoy loco sabe. Yo me sent\u00eda perseguido en mi pa\u00eds. Yo soy de un\",\"breadcrumb\":{\"@id\":\"https:\/\/www.pressenza.com\/es\/2014\/01\/un-desayuno-solidario-en-madrid\/#breadcrumb\"},\"inLanguage\":\"es\",\"potentialAction\":[{\"@type\":\"ReadAction\",\"target\":[\"https:\/\/www.pressenza.com\/es\/2014\/01\/un-desayuno-solidario-en-madrid\/\"]}]},{\"@type\":\"ImageObject\",\"inLanguage\":\"es\",\"@id\":\"https:\/\/www.pressenza.com\/es\/2014\/01\/un-desayuno-solidario-en-madrid\/#primaryimage\",\"url\":\"https:\/\/www.pressenza.com\/wp-content\/uploads\/2014\/01\/1468588_364194297059118_644042786_n1.jpg\",\"contentUrl\":\"https:\/\/www.pressenza.com\/wp-content\/uploads\/2014\/01\/1468588_364194297059118_644042786_n1.jpg\",\"width\":960,\"height\":640},{\"@type\":\"BreadcrumbList\",\"@id\":\"https:\/\/www.pressenza.com\/es\/2014\/01\/un-desayuno-solidario-en-madrid\/#breadcrumb\",\"itemListElement\":[{\"@type\":\"ListItem\",\"position\":1,\"name\":\"Accueil\",\"item\":\"https:\/\/www.pressenza.com\/es\/\"},{\"@type\":\"ListItem\",\"position\":2,\"name\":\"Un desayuno solidario en Madrid\"}]},{\"@type\":\"WebSite\",\"@id\":\"https:\/\/www.pressenza.com\/es\/#website\",\"url\":\"https:\/\/www.pressenza.com\/es\/\",\"name\":\"Pressenza\",\"description\":\"International Press Agency\",\"publisher\":{\"@id\":\"https:\/\/www.pressenza.com\/es\/#organization\"},\"potentialAction\":[{\"@type\":\"SearchAction\",\"target\":{\"@type\":\"EntryPoint\",\"urlTemplate\":\"https:\/\/www.pressenza.com\/es\/?s={search_term_string}\"},\"query-input\":{\"@type\":\"PropertyValueSpecification\",\"valueRequired\":true,\"valueName\":\"search_term_string\"}}],\"inLanguage\":\"es\"},{\"@type\":\"Organization\",\"@id\":\"https:\/\/www.pressenza.com\/es\/#organization\",\"name\":\"Pressenza\",\"url\":\"https:\/\/www.pressenza.com\/es\/\",\"logo\":{\"@type\":\"ImageObject\",\"inLanguage\":\"es\",\"@id\":\"https:\/\/www.pressenza.com\/es\/#\/schema\/logo\/image\/\",\"url\":\"https:\/\/www.pressenza.com\/wp-content\/uploads\/2022\/10\/pressenza_logo_200x200.jpg\",\"contentUrl\":\"https:\/\/www.pressenza.com\/wp-content\/uploads\/2022\/10\/pressenza_logo_200x200.jpg\",\"width\":200,\"height\":200,\"caption\":\"Pressenza\"},\"image\":{\"@id\":\"https:\/\/www.pressenza.com\/es\/#\/schema\/logo\/image\/\"},\"sameAs\":[\"https:\/\/www.facebook.com\/PressenzaItalia\",\"https:\/\/x.com\/PressenzaIPA\"]},{\"@type\":\"Person\",\"@id\":\"https:\/\/www.pressenza.com\/es\/#\/schema\/person\/828fc40eeca2ad7be3630e5a46adba94\",\"name\":\"Redacci\u00f3n Madrid\",\"description\":\"News from the Pressenza Bureau in Madrid, Spain\",\"sameAs\":[\"https:\/\/www.facebook.com\/pressenza\",\"https:\/\/x.com\/pressenza\"],\"url\":\"https:\/\/www.pressenza.com\/es\/author\/redaccion-madrid\/\"}]}<\/script>\n<!-- \/ Yoast SEO plugin. -->","yoast_head_json":{"title":"Un desayuno solidario en Madrid","description":"800x600 Normal 0 21 false false false FR X-NONE X-NONE MicrosoftInternetExplorer4 Yo no estoy loco sabe. Yo me sent\u00eda perseguido en mi pa\u00eds. Yo soy de un","robots":{"index":"index","follow":"follow","max-snippet":"max-snippet:-1","max-image-preview":"max-image-preview:large","max-video-preview":"max-video-preview:-1"},"canonical":"https:\/\/www.pressenza.com\/es\/2014\/01\/un-desayuno-solidario-en-madrid\/","og_locale":"es_ES","og_type":"article","og_title":"Un desayuno solidario en Madrid","og_description":"800x600 Normal 0 21 false false false FR X-NONE X-NONE MicrosoftInternetExplorer4 Yo no estoy loco sabe. Yo me sent\u00eda perseguido en mi pa\u00eds. Yo soy de un","og_url":"https:\/\/www.pressenza.com\/es\/2014\/01\/un-desayuno-solidario-en-madrid\/","og_site_name":"Pressenza","article_publisher":"https:\/\/www.facebook.com\/PressenzaItalia","article_author":"https:\/\/www.facebook.com\/pressenza","article_published_time":"2014-01-02T15:32:17+00:00","article_modified_time":"2015-07-21T19:57:12+00:00","og_image":[{"width":960,"height":640,"url":"https:\/\/www.pressenza.com\/wp-content\/uploads\/2014\/01\/1468588_364194297059118_644042786_n1.jpg","type":"image\/jpeg"}],"author":"Redacci\u00f3n Madrid","twitter_card":"summary_large_image","twitter_creator":"@pressenza","twitter_site":"@PressenzaIPA","twitter_misc":{"Escrito por":"Redacci\u00f3n Madrid","Tiempo de lectura":"7 minutos"},"schema":{"@context":"https:\/\/schema.org","@graph":[{"@type":"Article","@id":"https:\/\/www.pressenza.com\/es\/2014\/01\/un-desayuno-solidario-en-madrid\/#article","isPartOf":{"@id":"https:\/\/www.pressenza.com\/es\/2014\/01\/un-desayuno-solidario-en-madrid\/"},"author":{"name":"Redacci\u00f3n Madrid","@id":"https:\/\/www.pressenza.com\/es\/#\/schema\/person\/828fc40eeca2ad7be3630e5a46adba94"},"headline":"Un desayuno solidario en Madrid","datePublished":"2014-01-02T15:32:17+00:00","dateModified":"2015-07-21T19:57:12+00:00","mainEntityOfPage":{"@id":"https:\/\/www.pressenza.com\/es\/2014\/01\/un-desayuno-solidario-en-madrid\/"},"wordCount":1442,"publisher":{"@id":"https:\/\/www.pressenza.com\/es\/#organization"},"image":{"@id":"https:\/\/www.pressenza.com\/es\/2014\/01\/un-desayuno-solidario-en-madrid\/#primaryimage"},"thumbnailUrl":"https:\/\/www.pressenza.com\/wp-content\/uploads\/2014\/01\/1468588_364194297059118_644042786_n1.jpg","keywords":["austeridad","crisis","Derechos humanos","desahucios","Espa\u00f1a","Estado espa\u00f1ol","Noviolencia","sin techo","Violencia econ\u00f3mica"],"articleSection":["Derechos Humanos","Econom\u00eda","Europa"],"inLanguage":"es"},{"@type":"WebPage","@id":"https:\/\/www.pressenza.com\/es\/2014\/01\/un-desayuno-solidario-en-madrid\/","url":"https:\/\/www.pressenza.com\/es\/2014\/01\/un-desayuno-solidario-en-madrid\/","name":"Un desayuno solidario en Madrid","isPartOf":{"@id":"https:\/\/www.pressenza.com\/es\/#website"},"primaryImageOfPage":{"@id":"https:\/\/www.pressenza.com\/es\/2014\/01\/un-desayuno-solidario-en-madrid\/#primaryimage"},"image":{"@id":"https:\/\/www.pressenza.com\/es\/2014\/01\/un-desayuno-solidario-en-madrid\/#primaryimage"},"thumbnailUrl":"https:\/\/www.pressenza.com\/wp-content\/uploads\/2014\/01\/1468588_364194297059118_644042786_n1.jpg","datePublished":"2014-01-02T15:32:17+00:00","dateModified":"2015-07-21T19:57:12+00:00","description":"800x600 Normal 0 21 false false false FR X-NONE X-NONE MicrosoftInternetExplorer4 Yo no estoy loco sabe. Yo me sent\u00eda perseguido en mi pa\u00eds. Yo soy de un","breadcrumb":{"@id":"https:\/\/www.pressenza.com\/es\/2014\/01\/un-desayuno-solidario-en-madrid\/#breadcrumb"},"inLanguage":"es","potentialAction":[{"@type":"ReadAction","target":["https:\/\/www.pressenza.com\/es\/2014\/01\/un-desayuno-solidario-en-madrid\/"]}]},{"@type":"ImageObject","inLanguage":"es","@id":"https:\/\/www.pressenza.com\/es\/2014\/01\/un-desayuno-solidario-en-madrid\/#primaryimage","url":"https:\/\/www.pressenza.com\/wp-content\/uploads\/2014\/01\/1468588_364194297059118_644042786_n1.jpg","contentUrl":"https:\/\/www.pressenza.com\/wp-content\/uploads\/2014\/01\/1468588_364194297059118_644042786_n1.jpg","width":960,"height":640},{"@type":"BreadcrumbList","@id":"https:\/\/www.pressenza.com\/es\/2014\/01\/un-desayuno-solidario-en-madrid\/#breadcrumb","itemListElement":[{"@type":"ListItem","position":1,"name":"Accueil","item":"https:\/\/www.pressenza.com\/es\/"},{"@type":"ListItem","position":2,"name":"Un desayuno solidario en Madrid"}]},{"@type":"WebSite","@id":"https:\/\/www.pressenza.com\/es\/#website","url":"https:\/\/www.pressenza.com\/es\/","name":"Pressenza","description":"International Press Agency","publisher":{"@id":"https:\/\/www.pressenza.com\/es\/#organization"},"potentialAction":[{"@type":"SearchAction","target":{"@type":"EntryPoint","urlTemplate":"https:\/\/www.pressenza.com\/es\/?s={search_term_string}"},"query-input":{"@type":"PropertyValueSpecification","valueRequired":true,"valueName":"search_term_string"}}],"inLanguage":"es"},{"@type":"Organization","@id":"https:\/\/www.pressenza.com\/es\/#organization","name":"Pressenza","url":"https:\/\/www.pressenza.com\/es\/","logo":{"@type":"ImageObject","inLanguage":"es","@id":"https:\/\/www.pressenza.com\/es\/#\/schema\/logo\/image\/","url":"https:\/\/www.pressenza.com\/wp-content\/uploads\/2022\/10\/pressenza_logo_200x200.jpg","contentUrl":"https:\/\/www.pressenza.com\/wp-content\/uploads\/2022\/10\/pressenza_logo_200x200.jpg","width":200,"height":200,"caption":"Pressenza"},"image":{"@id":"https:\/\/www.pressenza.com\/es\/#\/schema\/logo\/image\/"},"sameAs":["https:\/\/www.facebook.com\/PressenzaItalia","https:\/\/x.com\/PressenzaIPA"]},{"@type":"Person","@id":"https:\/\/www.pressenza.com\/es\/#\/schema\/person\/828fc40eeca2ad7be3630e5a46adba94","name":"Redacci\u00f3n Madrid","description":"News from the Pressenza Bureau in Madrid, Spain","sameAs":["https:\/\/www.facebook.com\/pressenza","https:\/\/x.com\/pressenza"],"url":"https:\/\/www.pressenza.com\/es\/author\/redaccion-madrid\/"}]}},"place":"Madrid","original_article_url":"","_links":{"self":[{"href":"https:\/\/www.pressenza.com\/es\/wp-json\/wp\/v2\/posts\/83519","targetHints":{"allow":["GET"]}}],"collection":[{"href":"https:\/\/www.pressenza.com\/es\/wp-json\/wp\/v2\/posts"}],"about":[{"href":"https:\/\/www.pressenza.com\/es\/wp-json\/wp\/v2\/types\/post"}],"author":[{"embeddable":true,"href":"https:\/\/www.pressenza.com\/es\/wp-json\/wp\/v2\/users\/94"}],"replies":[{"embeddable":true,"href":"https:\/\/www.pressenza.com\/es\/wp-json\/wp\/v2\/comments?post=83519"}],"version-history":[{"count":0,"href":"https:\/\/www.pressenza.com\/es\/wp-json\/wp\/v2\/posts\/83519\/revisions"}],"wp:featuredmedia":[{"embeddable":true,"href":"https:\/\/www.pressenza.com\/es\/wp-json\/wp\/v2\/media\/83524"}],"wp:attachment":[{"href":"https:\/\/www.pressenza.com\/es\/wp-json\/wp\/v2\/media?parent=83519"}],"wp:term":[{"taxonomy":"category","embeddable":true,"href":"https:\/\/www.pressenza.com\/es\/wp-json\/wp\/v2\/categories?post=83519"},{"taxonomy":"post_tag","embeddable":true,"href":"https:\/\/www.pressenza.com\/es\/wp-json\/wp\/v2\/tags?post=83519"}],"curies":[{"name":"wp","href":"https:\/\/api.w.org\/{rel}","templated":true}]}}