{"id":834595,"date":"2019-04-03T01:20:17","date_gmt":"2019-04-03T00:20:17","guid":{"rendered":"https:\/\/www.pressenza.com\/?p=834595"},"modified":"2019-04-03T01:20:17","modified_gmt":"2019-04-03T00:20:17","slug":"turquia-elecciones-erdogan-pierde-las-grandes-ciudades-despues-de-25-anos","status":"publish","type":"post","link":"https:\/\/www.pressenza.com\/es\/2019\/04\/turquia-elecciones-erdogan-pierde-las-grandes-ciudades-despues-de-25-anos\/","title":{"rendered":"Turqu\u00eda, elecciones: Erdogan pierde las grandes ciudades despu\u00e9s de 25 a\u00f1os"},"content":{"rendered":"<p>De acuerdo con los resultados semi oficiales, podemos hablar de una victoria significativa obtenida por los partidos de la oposici\u00f3n. Primero, la capital, Ankara, y luego Estambul, la ciudad m\u00e1s grande del pa\u00eds, pasaron a manos del principal partido de la oposici\u00f3n, el CHP.<\/p>\n<p>48,304,511 personas participaron en las elecciones, alrededor del 85% de las 57,093,410 con derecho a una participaci\u00f3n, ligeramente m\u00e1s baja que la elecci\u00f3n administrativa en 2014. Cerca de 2 millones de los votos no se consideraron v\u00e1lidos.<\/p>\n<p>La Coalici\u00f3n de la Rep\u00fablica, integrada por el Partido para el Desarrollo y la Justicia, AKP, junto con su nuevo aliado, el Partido del Movimiento Nacionalista, MHP, recibi\u00f3 aproximadamente 24 millones de votos. En cambio, por otro lado, la coalici\u00f3n popular, la de la oposici\u00f3n compuesta por CHP e Iyi Parti con el apoyo externo parcial de HDP y Saadet, obtuvo un poco m\u00e1s de 21 millones de votos.<\/p>\n<p><strong>Las derrotas de la coalici\u00f3n del gobierno<\/strong><\/p>\n<p>M\u00e1s all\u00e1 de las dos ciudades m\u00e1s grandes de Turqu\u00eda, la coalici\u00f3n de la oposici\u00f3n ha logrado un consenso considerable en la costa mediterr\u00e1nea: Burdur, Antalya, Mersin, Adana y Hatay. Como siempre, la coalici\u00f3n renov\u00f3 su victoria electoral en la ciudad de Izmir, reuniendo alrededor del 60% de los votos. Incluso en la costa del mar Egeo hay casi la victoria absoluta de la oposici\u00f3n, a excepci\u00f3n de la ciudad de Balikesir, donde el partido gobernante declar\u00f3 su victoria con una diferencia del 1%.<\/p>\n<p>Algunas ciudades hist\u00f3ricamente pertenecientes al partido conservador que ha gobernado Turqu\u00eda durante m\u00e1s de 15 a\u00f1os han sido conquistadas por partidos como Bolu, Ardahan, Artvin, Bilecik y Kirsehir. La coalici\u00f3n que cre\u00f3 el partido gobernante con su nuevo aliado ultranacionalista se ha llevado otras 7 ciudades que ser\u00e1n gobernadas por el MHP: Amasya, Kastamonu, Erzincan, Karaman, \u00c7ank\u0131r\u0131, Bayburt, K\u00fctahya.<\/p>\n<p>El presidente de la Rep\u00fablica, en la noche de las elecciones, el 31 de marzo, pronunci\u00f3 un breve discurso. Durante la intervenci\u00f3n p\u00fablica admiti\u00f3 que su coalici\u00f3n perdi\u00f3 varias ciudades grandes, pero contin\u00faa controlando la mayor\u00eda de los municipios del pa\u00eds. Erdogan hizo hincapi\u00e9 en que las operaciones a trav\u00e9s de la frontera en Siria continuar\u00e1n, con el objetivo de permitir que los refugiados sirios en Turqu\u00eda regresen a sus hogares y mantengan la seguridad del pa\u00eds. Tambi\u00e9n especific\u00f3 que su partido continuar\u00e1 gobernando por otros 4 a\u00f1os y medio y no prev\u00e9 elecciones anticipadas.<\/p>\n<p><strong>El \u00e9xito del HDP<\/strong><\/p>\n<p>Adem\u00e1s de las grandes ciudades y \u00e1reas de alta densidad del pa\u00eds, los resultados m\u00e1s esperados son del sureste de la pen\u00ednsula de Anatolia. Un \u00e1rea poblada principalmente por ciudadanos kurdos en los que el Partido Popular Democr\u00e1tico est\u00e1 muy presente como actor pol\u00edtico. Este joven grupo de izquierda, en 2015, hizo una jugada contra el AKP, eligi\u00f3 a 80 parlamentarios en el parlamento nacional y logr\u00f3 evitar que el partido gobernante formara, por primera vez, un gobierno de partido \u00fanico.<\/p>\n<p>Hoy en d\u00eda, esta fuerza pol\u00edtica todav\u00eda cuenta mucho en esa \u00e1rea geogr\u00e1fica, por lo que en esta ronda electoral ha conquistado 8 grandes ciudades y un total de 58 municipios. Al hacerlo, el HDP recuper\u00f3 la mayor parte del consenso en 6 de las 10 ciudades principales, donde han gobernado comisionados extraordinarios durante m\u00e1s de 2 a\u00f1os. En los \u00faltimos a\u00f1os, debido a un decreto de ley lanzado bajo el estado de emergencia, 73 alcaldes fueron retirados del lugar de trabajo bajo el cargo de tener \u00abv\u00ednculos con organizaciones terroristas\u00bb. A pesar de esto, en el 67% de los casos, los candidatos HDP fueron elegidos nuevamente como nuevos alcaldes. El partido gobernante que hab\u00eda propuesto a los mismos comisionados extraordinarios que los futuros alcaldes, gan\u00f3 solo en el 33% de los casos.<\/p>\n<p>En la victoria de los principales partidos que conforman la coalici\u00f3n de oposici\u00f3n, obviamente, tambi\u00e9n se debe tener en cuenta el papel del HDP. En ciudades \u00abestrat\u00e9gicas\u00bb como Estambul, Ankara, Esmirna y Antalya, donde se concentra alrededor del 70% de los votantes, el Partido Popular Democr\u00e1tico no ha nombrado ning\u00fan alcalde, sino solo concejales municipales. En algunas ciudades con el 2% y en otras con alrededor del 7% de los votos, los votantes del HDP ayudaron a la victoria de los partidos de la coalici\u00f3n de la oposici\u00f3n. En esta perspectiva, se debe enfatizar el recurso cr\u00edtico del ex co-presidente del partido, Selahattin Demirtas, que ha estado en prisi\u00f3n por m\u00e1s de dos a\u00f1os y que invitaba a los votantes a que apoyen a los candidatos de la oposici\u00f3n para derrotar a la coalici\u00f3n gubernamental.<\/p>\n<p><strong>El primer alcalde comunista<\/strong><\/p>\n<p>En la ciudad de Dersim, que, adem\u00e1s de su belleza natural, entra en los libros de historia con los genocidios cometidos contra las poblaciones de Alevi, el lugar del alcalde fue conquistado por Fatih Mehmet Ma\u00e7oglu. El alcalde saliente de la peque\u00f1a ciudad de Ovacik, en la misma ciudad, era el candidato del Partido Comunista de Turqu\u00eda. Este joven candidato se convirti\u00f3 as\u00ed en el primer alcalde comunista de una ciudad importante en la historia del pa\u00eds.<\/p>\n<p><strong>Las mujeres ganadoras<\/strong><\/p>\n<p>De las 81 grandes ciudades de Turqu\u00eda, solo 4 ser\u00e1n gobernadas por mujeres; estas son Gaziantep, Aydin, Van y Siirt. En la gran metr\u00f3polis, Estambul, la \u00fanica mujer que logr\u00f3 ganar la carrera fue Seyma Dogucu, candidata del Partido para el Desarrollo y la Justicia del municipio de Sancaktepe, por lo que se convirti\u00f3 en la primera alcaldesa con velo en la historia de esta ciudad.<\/p>\n<p><strong>El primer alcalde con discapacidad<\/strong><\/p>\n<p>El abogado Turan Hancerli, en cambio, fue candidato al Partido Popular de la Rep\u00fablica, CHP, para el municipio de Aviclar en Estambul. Hancerli gan\u00f3 cerca del 52% de los votos, por lo que se convirti\u00f3 en el primer alcalde con capacidades diferentes en la historia de la Rep\u00fablica de Turqu\u00eda. El nuevo sindaco hab\u00eda perdido el uso de sus manos en un accidente automovil\u00edstico hace unos a\u00f1os.<\/p>\n<p><strong>La madre de Ankara gana en Suru\u00e7<\/strong><\/p>\n<p>En Suru\u00e7, en la provincia de Sanliurfa, en la frontera con Siria, la elecci\u00f3n fue ganada por la candidata Hatice \u00c7evik, perteneciente al Partido Popular Democr\u00e1tico, HDP. El 10 de octubre de 2015, en el ataque organizado por ISIS, frente a la estaci\u00f3n de ferrocarril de Ankara, perdi\u00f3 a su hija y su cu\u00f1ado. \u00c7evik obtuvo alrededor del 60% de los votos.<\/p>\n<p><strong>Periodista encarcelado gobernar\u00e1 las islas<\/strong><\/p>\n<p>Erdem Gul, por otro lado, es una de las muchas caracter\u00edsticas nuevas de esta elecci\u00f3n. El ex periodista del peri\u00f3dico nacional Cumhuriyet fue candidato para gobernar las islas del Mar de M\u00e1rmara, en la provincia de Estambul. Su candidatura fue promovida por la CHP; Erdem Gul recibi\u00f3 alrededor del 45% de los votos. Estas nueve islas tienen cerca de veinte mil habitantes y desde 2002 est\u00e1n bajo el gobierno de CHP. El nuevo alcalde permaneci\u00f3 en la prisi\u00f3n especial de Silivri en Estambul durante aproximadamente 3 meses junto con otro periodista, Can Dundar, como parte de un juicio m\u00e1ximo contra el peri\u00f3dico Cumhuriyet. Gracias a una decisi\u00f3n del Tribunal Constitucional el 26 de febrero de 2016, Gul fue liberado de la prisi\u00f3n con Dundar. Mientras que en el verano del mismo a\u00f1o Dundar decidi\u00f3 emigrar a Alemania, Gul permaneci\u00f3 en Turqu\u00eda y posteriormente fue absuelto. La acusaci\u00f3n dirigida al periodista fue de \u00abespionaje militar\u00bb debido a un art\u00edculo que \u00e9l y un colega firmaron y publicaron sobre el transporte secreto de armas a la frontera siria con camiones conducidos por agentes del servicio secreto.<\/p>\n<p><strong>Una fuerte se\u00f1al<\/strong><\/p>\n<p>Sin duda, la crisis econ\u00f3mica que est\u00e1 haciendo a la poblaci\u00f3n cada vez m\u00e1s pobre es el factor principal de este resultado electoral. En algunos casos, sin embargo, las razones de la derrota pueden atribuirse a la desconfianza de la gente en el AKP. Despu\u00e9s de unos 30 a\u00f1os de gobierno en Estambul y Ankara, no hay riqueza, bienestar, seguridad o salud para todos los ciudadanos. En estos a\u00f1os, la corrupci\u00f3n, los delitos menores, el tr\u00e1fico, los servicios sociales precarios y el fuerte cambio demogr\u00e1fico han sido algunos de los resultados de la cultura pol\u00edtica, urbana y econ\u00f3mica del partido gobernante. Adem\u00e1s de estas razones, debemos tener en cuenta el malestar generalizado relacionado con el tema de la libertad de expresi\u00f3n, una raz\u00f3n importante que llev\u00f3 al votante a dejar de apoyar al AKP.<\/p>\n<p><strong>La derrota de los principales medios de comunicaci\u00f3n<\/strong><\/p>\n<p>Fue un periodo electoral totalmente desequilibrado. Como se puede ver en el caso del espacio que ha dedicado el canal de televisi\u00f3n estatal, TRT, a los partidos en competencia. Del 1 de febrero al 20 de marzo, se produjeron 135 horas de transmisi\u00f3n a favor de la coalici\u00f3n gubernamental. En estos 48 d\u00edas, la coalici\u00f3n de oposici\u00f3n ha encontrado solo 20 horas de espacio televisivo. La pregunta se vuelve a\u00fan m\u00e1s incre\u00edble si nos referimos al Partido Popular Democr\u00e1tico, que cuenta con 11 parlamentarios en prisi\u00f3n; 15 horas de anti-propaganda y ni siquiera un segundo de espacio de medios para el partido.<\/p>\n<p>En este per\u00edodo electoral se lanz\u00f3 una estrategia de manipulaci\u00f3n y desinformaci\u00f3n, como intent\u00e9 contar en mi <a href=\"https:\/\/www.pressenza.com\/it\/2019\/03\/turchia-elezioni-media-al-servizio-del-potere-che-minaccia-e-promette-limpossibile\/\">art\u00edculo anterior<\/a>. Ahora se sabe que en Turqu\u00eda la mayor\u00eda de los medios de comunicaci\u00f3n principales est\u00e1n en manos de varios empresarios vinculados, directa o indirectamente al dise\u00f1o pol\u00edtico y econ\u00f3mico de quienes controlan el pa\u00eds. Desde un solo programa de televisi\u00f3n hasta la primera p\u00e1gina de un peri\u00f3dico local, los medios est\u00e1n sirviendo propaganda del gobierno. Adem\u00e1s, los centros de detenci\u00f3n afirman tener entre los miles de opositores, incluidos periodistas, pol\u00edticos, abogados, estudiantes y activistas.<\/p>\n<p>Esta situaci\u00f3n de gran desequilibrio se ha logrado, quiz\u00e1s por primera vez, publicar gracias a un evento medi\u00e1tico muy importante. Alrededor de las 3 am, la agencia de prensa nacional, Anadolu Ajansi, dej\u00f3 de publicar los resultados en tiempo real. Al hacerlo, los ciudadanos no pudieron mantenerse informados sobre la ciudad m\u00e1s importante del pa\u00eds, Estambul. El caso se volvi\u00f3 muy sensible, especialmente porque los dos candidatos de las coaliciones ten\u00edan una diferencia de unos 20 mil votos, a favor de Ekrem Imamoglu, candidato a alcalde de la oposici\u00f3n.<\/p>\n<p>El 1 de abril, alrededor de las diez de la ma\u00f1ana, el presidente de la Comisi\u00f3n Electoral Suprema (YSK) present\u00f3 a Sadi Guven, frente a las c\u00e1maras, diciendo que en el 99% de los asientos abiertos Imamoglu estaba ganando. Lo m\u00e1s interesante que dijo el presidente de YSK fue: \u00abLa agencia de prensa nacional no es nuestro cliente. No sabemos c\u00f3mo obtiene los datos\u00bb. Dado que la agencia, Anadolu Ajansi, no tiene un sistema de corresponsales en todos los asientos en el pa\u00eds que pueden obtener datos en tiempo real, lo m\u00e1s probable es que los datos publicados en el sitio nunca hayan sido los oficiales, pero los datos han sido comunicados por los partidos.<\/p>\n<p>Por lo tanto, la agencia, cuya confiabilidad siempre ha sido cuestionada hasta ahora debido al hecho de que en elecciones anteriores ha comunicado por adelantado los resultados \u00abfinales\u00bb, en comparaci\u00f3n con el YSK y con su presidente que pertenece al partido en el poder, ha logrado perder totalemte la confianza de los ciudadanos.<\/p>\n<hr \/>\n<p><em>Traducci\u00f3n del italiano por Michelle Oviedo<\/em><\/p>\n","protected":false},"excerpt":{"rendered":"<p>De acuerdo con los resultados semi oficiales, podemos hablar de una victoria significativa obtenida por los partidos de la oposici\u00f3n. Primero, la capital, Ankara, y luego Estambul, la ciudad m\u00e1s grande del pa\u00eds, pasaron a manos del principal partido de&hellip;<\/p>\n","protected":false},"author":899,"featured_media":833980,"comment_status":"closed","ping_status":"closed","sticky":false,"template":"","format":"standard","meta":{"footnotes":""},"categories":[65,11389,66,74],"tags":[45828,57151,3021],"class_list":["post-834595","post","type-post","status-publish","format-standard","has-post-thumbnail","hentry","category-asia-es","category-contenido-original","category-europa-es","category-politica-es","tag-elecciones-locales","tag-erdogan-es","tag-turquia"],"yoast_head":"<!-- This site is optimized with the Yoast SEO plugin v27.1.1 - https:\/\/yoast.com\/product\/yoast-seo-wordpress\/ -->\n<title>Turqu\u00eda, elecciones: Erdogan pierde las grandes ciudades despu\u00e9s de 25 a\u00f1os<\/title>\n<meta name=\"description\" content=\"De acuerdo con los resultados semi oficiales, podemos hablar de una victoria significativa obtenida por los partidos de la oposici\u00f3n. Primero, la capital,\" \/>\n<meta name=\"robots\" content=\"index, follow, max-snippet:-1, max-image-preview:large, max-video-preview:-1\" \/>\n<link rel=\"canonical\" href=\"https:\/\/www.pressenza.com\/es\/2019\/04\/turquia-elecciones-erdogan-pierde-las-grandes-ciudades-despues-de-25-anos\/\" \/>\n<meta property=\"og:locale\" content=\"es_ES\" \/>\n<meta property=\"og:type\" content=\"article\" \/>\n<meta property=\"og:title\" content=\"Turqu\u00eda, elecciones: Erdogan pierde las grandes ciudades despu\u00e9s de 25 a\u00f1os\" \/>\n<meta property=\"og:description\" content=\"De acuerdo con los resultados semi oficiales, podemos hablar de una victoria significativa obtenida por los partidos de la oposici\u00f3n. Primero, la capital,\" \/>\n<meta property=\"og:url\" content=\"https:\/\/www.pressenza.com\/es\/2019\/04\/turquia-elecciones-erdogan-pierde-las-grandes-ciudades-despues-de-25-anos\/\" \/>\n<meta property=\"og:site_name\" content=\"Pressenza\" \/>\n<meta property=\"article:publisher\" content=\"https:\/\/www.facebook.com\/PressenzaItalia\" \/>\n<meta property=\"article:author\" content=\"https:\/\/www.facebook.com\/muratcinartorino\" \/>\n<meta property=\"article:published_time\" content=\"2019-04-03T00:20:17+00:00\" \/>\n<meta property=\"og:image\" content=\"https:\/\/www.pressenza.com\/wp-content\/uploads\/2019\/04\/Schermata-2019-04-01-alle-20.17.42.png\" \/>\n\t<meta property=\"og:image:width\" content=\"1419\" \/>\n\t<meta property=\"og:image:height\" content=\"809\" \/>\n\t<meta property=\"og:image:type\" content=\"image\/png\" \/>\n<meta name=\"author\" content=\"Murat Cinar\" \/>\n<meta name=\"twitter:card\" content=\"summary_large_image\" \/>\n<meta name=\"twitter:creator\" content=\"@muratcinar\" \/>\n<meta name=\"twitter:site\" content=\"@PressenzaIPA\" \/>\n<meta name=\"twitter:label1\" content=\"Escrito por\" \/>\n\t<meta name=\"twitter:data1\" content=\"Murat Cinar\" \/>\n\t<meta name=\"twitter:label2\" content=\"Tiempo de lectura\" \/>\n\t<meta name=\"twitter:data2\" content=\"10 minutos\" \/>\n<script type=\"application\/ld+json\" class=\"yoast-schema-graph\">{\"@context\":\"https:\/\/schema.org\",\"@graph\":[{\"@type\":\"Article\",\"@id\":\"https:\/\/www.pressenza.com\/es\/2019\/04\/turquia-elecciones-erdogan-pierde-las-grandes-ciudades-despues-de-25-anos\/#article\",\"isPartOf\":{\"@id\":\"https:\/\/www.pressenza.com\/es\/2019\/04\/turquia-elecciones-erdogan-pierde-las-grandes-ciudades-despues-de-25-anos\/\"},\"author\":{\"name\":\"Murat Cinar\",\"@id\":\"https:\/\/www.pressenza.com\/es\/#\/schema\/person\/e3b28c9575cd63576a05d54f8d67d1ac\"},\"headline\":\"Turqu\u00eda, elecciones: Erdogan pierde las grandes ciudades despu\u00e9s de 25 a\u00f1os\",\"datePublished\":\"2019-04-03T00:20:17+00:00\",\"mainEntityOfPage\":{\"@id\":\"https:\/\/www.pressenza.com\/es\/2019\/04\/turquia-elecciones-erdogan-pierde-las-grandes-ciudades-despues-de-25-anos\/\"},\"wordCount\":1962,\"publisher\":{\"@id\":\"https:\/\/www.pressenza.com\/es\/#organization\"},\"image\":{\"@id\":\"https:\/\/www.pressenza.com\/es\/2019\/04\/turquia-elecciones-erdogan-pierde-las-grandes-ciudades-despues-de-25-anos\/#primaryimage\"},\"thumbnailUrl\":\"https:\/\/www.pressenza.com\/wp-content\/uploads\/2019\/04\/Schermata-2019-04-01-alle-20.17.42.png\",\"keywords\":[\"elecciones locales\",\"Erdogan\",\"Turqu\u00eda\"],\"articleSection\":[\"Asia\",\"Contenido Original\",\"Europa\",\"Pol\u00edtica\"],\"inLanguage\":\"es\"},{\"@type\":\"WebPage\",\"@id\":\"https:\/\/www.pressenza.com\/es\/2019\/04\/turquia-elecciones-erdogan-pierde-las-grandes-ciudades-despues-de-25-anos\/\",\"url\":\"https:\/\/www.pressenza.com\/es\/2019\/04\/turquia-elecciones-erdogan-pierde-las-grandes-ciudades-despues-de-25-anos\/\",\"name\":\"Turqu\u00eda, elecciones: Erdogan pierde las grandes ciudades despu\u00e9s de 25 a\u00f1os\",\"isPartOf\":{\"@id\":\"https:\/\/www.pressenza.com\/es\/#website\"},\"primaryImageOfPage\":{\"@id\":\"https:\/\/www.pressenza.com\/es\/2019\/04\/turquia-elecciones-erdogan-pierde-las-grandes-ciudades-despues-de-25-anos\/#primaryimage\"},\"image\":{\"@id\":\"https:\/\/www.pressenza.com\/es\/2019\/04\/turquia-elecciones-erdogan-pierde-las-grandes-ciudades-despues-de-25-anos\/#primaryimage\"},\"thumbnailUrl\":\"https:\/\/www.pressenza.com\/wp-content\/uploads\/2019\/04\/Schermata-2019-04-01-alle-20.17.42.png\",\"datePublished\":\"2019-04-03T00:20:17+00:00\",\"description\":\"De acuerdo con los resultados semi oficiales, podemos hablar de una victoria significativa obtenida por los partidos de la oposici\u00f3n. Primero, la capital,\",\"breadcrumb\":{\"@id\":\"https:\/\/www.pressenza.com\/es\/2019\/04\/turquia-elecciones-erdogan-pierde-las-grandes-ciudades-despues-de-25-anos\/#breadcrumb\"},\"inLanguage\":\"es\",\"potentialAction\":[{\"@type\":\"ReadAction\",\"target\":[\"https:\/\/www.pressenza.com\/es\/2019\/04\/turquia-elecciones-erdogan-pierde-las-grandes-ciudades-despues-de-25-anos\/\"]}]},{\"@type\":\"ImageObject\",\"inLanguage\":\"es\",\"@id\":\"https:\/\/www.pressenza.com\/es\/2019\/04\/turquia-elecciones-erdogan-pierde-las-grandes-ciudades-despues-de-25-anos\/#primaryimage\",\"url\":\"https:\/\/www.pressenza.com\/wp-content\/uploads\/2019\/04\/Schermata-2019-04-01-alle-20.17.42.png\",\"contentUrl\":\"https:\/\/www.pressenza.com\/wp-content\/uploads\/2019\/04\/Schermata-2019-04-01-alle-20.17.42.png\",\"width\":1419,\"height\":809},{\"@type\":\"BreadcrumbList\",\"@id\":\"https:\/\/www.pressenza.com\/es\/2019\/04\/turquia-elecciones-erdogan-pierde-las-grandes-ciudades-despues-de-25-anos\/#breadcrumb\",\"itemListElement\":[{\"@type\":\"ListItem\",\"position\":1,\"name\":\"Accueil\",\"item\":\"https:\/\/www.pressenza.com\/es\/\"},{\"@type\":\"ListItem\",\"position\":2,\"name\":\"Turqu\u00eda, elecciones: Erdogan pierde las grandes ciudades despu\u00e9s de 25 a\u00f1os\"}]},{\"@type\":\"WebSite\",\"@id\":\"https:\/\/www.pressenza.com\/es\/#website\",\"url\":\"https:\/\/www.pressenza.com\/es\/\",\"name\":\"Pressenza\",\"description\":\"International Press Agency\",\"publisher\":{\"@id\":\"https:\/\/www.pressenza.com\/es\/#organization\"},\"potentialAction\":[{\"@type\":\"SearchAction\",\"target\":{\"@type\":\"EntryPoint\",\"urlTemplate\":\"https:\/\/www.pressenza.com\/es\/?s={search_term_string}\"},\"query-input\":{\"@type\":\"PropertyValueSpecification\",\"valueRequired\":true,\"valueName\":\"search_term_string\"}}],\"inLanguage\":\"es\"},{\"@type\":\"Organization\",\"@id\":\"https:\/\/www.pressenza.com\/es\/#organization\",\"name\":\"Pressenza\",\"url\":\"https:\/\/www.pressenza.com\/es\/\",\"logo\":{\"@type\":\"ImageObject\",\"inLanguage\":\"es\",\"@id\":\"https:\/\/www.pressenza.com\/es\/#\/schema\/logo\/image\/\",\"url\":\"https:\/\/www.pressenza.com\/wp-content\/uploads\/2022\/10\/pressenza_logo_200x200.jpg\",\"contentUrl\":\"https:\/\/www.pressenza.com\/wp-content\/uploads\/2022\/10\/pressenza_logo_200x200.jpg\",\"width\":200,\"height\":200,\"caption\":\"Pressenza\"},\"image\":{\"@id\":\"https:\/\/www.pressenza.com\/es\/#\/schema\/logo\/image\/\"},\"sameAs\":[\"https:\/\/www.facebook.com\/PressenzaItalia\",\"https:\/\/x.com\/PressenzaIPA\"]},{\"@type\":\"Person\",\"@id\":\"https:\/\/www.pressenza.com\/es\/#\/schema\/person\/e3b28c9575cd63576a05d54f8d67d1ac\",\"name\":\"Murat Cinar\",\"description\":\"One of the sons of Constantine, was born in 1981. Fruit of love of an immigrant couple in the former Ottoman city, she from Sebastia (Turkey) he from Batum (Georgia). Raised two steps away from the old Pera, between the Armenian and Jewish cultures. Big passion for photography, cinema, politics and inevitably journalism. After a short academic adventure in International Finance he landed in Italy back in 2001, first in Siena then in Turin, with the desire to study journalism, but he ended up attending Cinema and Television. He specializes in shooting and editing videos, photography and, lately, web marketing. Occasionally he writes in Turkey for the national magazine KaosGL, for the national daily Birgun and for various independent news portals such as Bianet and Sendika. In Italy he wrote for Il Manifesto and the monthly E-il mensile. He is one of the founders of the Glob011 monthly freepress, he worked for BabelMed and Prospettive Altre. Currently has collaborations with Pressenza and Caff\u00e8 dei Giornalisti. As long as he can get a little oxygen out of the city and a few hours free from work, he tries to write stories, frequenrly ironic ones, taken from what he observes and experiences. He tries to enrich his journey with Shiatsu, TaiChi and the passion for Fenerbah\u00e7e.\",\"sameAs\":[\"http:\/\/www.muratcinar.net\",\"https:\/\/www.facebook.com\/muratcinartorino\",\"https:\/\/www.instagram.com\/mcinar1981\",\"https:\/\/x.com\/muratcinar\",\"https:\/\/youtube.com\/c\/muratcinar\"],\"url\":\"https:\/\/www.pressenza.com\/es\/author\/murat-cinar\/\"}]}<\/script>\n<!-- \/ Yoast SEO plugin. -->","yoast_head_json":{"title":"Turqu\u00eda, elecciones: Erdogan pierde las grandes ciudades despu\u00e9s de 25 a\u00f1os","description":"De acuerdo con los resultados semi oficiales, podemos hablar de una victoria significativa obtenida por los partidos de la oposici\u00f3n. Primero, la capital,","robots":{"index":"index","follow":"follow","max-snippet":"max-snippet:-1","max-image-preview":"max-image-preview:large","max-video-preview":"max-video-preview:-1"},"canonical":"https:\/\/www.pressenza.com\/es\/2019\/04\/turquia-elecciones-erdogan-pierde-las-grandes-ciudades-despues-de-25-anos\/","og_locale":"es_ES","og_type":"article","og_title":"Turqu\u00eda, elecciones: Erdogan pierde las grandes ciudades despu\u00e9s de 25 a\u00f1os","og_description":"De acuerdo con los resultados semi oficiales, podemos hablar de una victoria significativa obtenida por los partidos de la oposici\u00f3n. Primero, la capital,","og_url":"https:\/\/www.pressenza.com\/es\/2019\/04\/turquia-elecciones-erdogan-pierde-las-grandes-ciudades-despues-de-25-anos\/","og_site_name":"Pressenza","article_publisher":"https:\/\/www.facebook.com\/PressenzaItalia","article_author":"https:\/\/www.facebook.com\/muratcinartorino","article_published_time":"2019-04-03T00:20:17+00:00","og_image":[{"width":1419,"height":809,"url":"https:\/\/www.pressenza.com\/wp-content\/uploads\/2019\/04\/Schermata-2019-04-01-alle-20.17.42.png","type":"image\/png"}],"author":"Murat Cinar","twitter_card":"summary_large_image","twitter_creator":"@muratcinar","twitter_site":"@PressenzaIPA","twitter_misc":{"Escrito por":"Murat Cinar","Tiempo de lectura":"10 minutos"},"schema":{"@context":"https:\/\/schema.org","@graph":[{"@type":"Article","@id":"https:\/\/www.pressenza.com\/es\/2019\/04\/turquia-elecciones-erdogan-pierde-las-grandes-ciudades-despues-de-25-anos\/#article","isPartOf":{"@id":"https:\/\/www.pressenza.com\/es\/2019\/04\/turquia-elecciones-erdogan-pierde-las-grandes-ciudades-despues-de-25-anos\/"},"author":{"name":"Murat Cinar","@id":"https:\/\/www.pressenza.com\/es\/#\/schema\/person\/e3b28c9575cd63576a05d54f8d67d1ac"},"headline":"Turqu\u00eda, elecciones: Erdogan pierde las grandes ciudades despu\u00e9s de 25 a\u00f1os","datePublished":"2019-04-03T00:20:17+00:00","mainEntityOfPage":{"@id":"https:\/\/www.pressenza.com\/es\/2019\/04\/turquia-elecciones-erdogan-pierde-las-grandes-ciudades-despues-de-25-anos\/"},"wordCount":1962,"publisher":{"@id":"https:\/\/www.pressenza.com\/es\/#organization"},"image":{"@id":"https:\/\/www.pressenza.com\/es\/2019\/04\/turquia-elecciones-erdogan-pierde-las-grandes-ciudades-despues-de-25-anos\/#primaryimage"},"thumbnailUrl":"https:\/\/www.pressenza.com\/wp-content\/uploads\/2019\/04\/Schermata-2019-04-01-alle-20.17.42.png","keywords":["elecciones locales","Erdogan","Turqu\u00eda"],"articleSection":["Asia","Contenido Original","Europa","Pol\u00edtica"],"inLanguage":"es"},{"@type":"WebPage","@id":"https:\/\/www.pressenza.com\/es\/2019\/04\/turquia-elecciones-erdogan-pierde-las-grandes-ciudades-despues-de-25-anos\/","url":"https:\/\/www.pressenza.com\/es\/2019\/04\/turquia-elecciones-erdogan-pierde-las-grandes-ciudades-despues-de-25-anos\/","name":"Turqu\u00eda, elecciones: Erdogan pierde las grandes ciudades despu\u00e9s de 25 a\u00f1os","isPartOf":{"@id":"https:\/\/www.pressenza.com\/es\/#website"},"primaryImageOfPage":{"@id":"https:\/\/www.pressenza.com\/es\/2019\/04\/turquia-elecciones-erdogan-pierde-las-grandes-ciudades-despues-de-25-anos\/#primaryimage"},"image":{"@id":"https:\/\/www.pressenza.com\/es\/2019\/04\/turquia-elecciones-erdogan-pierde-las-grandes-ciudades-despues-de-25-anos\/#primaryimage"},"thumbnailUrl":"https:\/\/www.pressenza.com\/wp-content\/uploads\/2019\/04\/Schermata-2019-04-01-alle-20.17.42.png","datePublished":"2019-04-03T00:20:17+00:00","description":"De acuerdo con los resultados semi oficiales, podemos hablar de una victoria significativa obtenida por los partidos de la oposici\u00f3n. Primero, la capital,","breadcrumb":{"@id":"https:\/\/www.pressenza.com\/es\/2019\/04\/turquia-elecciones-erdogan-pierde-las-grandes-ciudades-despues-de-25-anos\/#breadcrumb"},"inLanguage":"es","potentialAction":[{"@type":"ReadAction","target":["https:\/\/www.pressenza.com\/es\/2019\/04\/turquia-elecciones-erdogan-pierde-las-grandes-ciudades-despues-de-25-anos\/"]}]},{"@type":"ImageObject","inLanguage":"es","@id":"https:\/\/www.pressenza.com\/es\/2019\/04\/turquia-elecciones-erdogan-pierde-las-grandes-ciudades-despues-de-25-anos\/#primaryimage","url":"https:\/\/www.pressenza.com\/wp-content\/uploads\/2019\/04\/Schermata-2019-04-01-alle-20.17.42.png","contentUrl":"https:\/\/www.pressenza.com\/wp-content\/uploads\/2019\/04\/Schermata-2019-04-01-alle-20.17.42.png","width":1419,"height":809},{"@type":"BreadcrumbList","@id":"https:\/\/www.pressenza.com\/es\/2019\/04\/turquia-elecciones-erdogan-pierde-las-grandes-ciudades-despues-de-25-anos\/#breadcrumb","itemListElement":[{"@type":"ListItem","position":1,"name":"Accueil","item":"https:\/\/www.pressenza.com\/es\/"},{"@type":"ListItem","position":2,"name":"Turqu\u00eda, elecciones: Erdogan pierde las grandes ciudades despu\u00e9s de 25 a\u00f1os"}]},{"@type":"WebSite","@id":"https:\/\/www.pressenza.com\/es\/#website","url":"https:\/\/www.pressenza.com\/es\/","name":"Pressenza","description":"International Press Agency","publisher":{"@id":"https:\/\/www.pressenza.com\/es\/#organization"},"potentialAction":[{"@type":"SearchAction","target":{"@type":"EntryPoint","urlTemplate":"https:\/\/www.pressenza.com\/es\/?s={search_term_string}"},"query-input":{"@type":"PropertyValueSpecification","valueRequired":true,"valueName":"search_term_string"}}],"inLanguage":"es"},{"@type":"Organization","@id":"https:\/\/www.pressenza.com\/es\/#organization","name":"Pressenza","url":"https:\/\/www.pressenza.com\/es\/","logo":{"@type":"ImageObject","inLanguage":"es","@id":"https:\/\/www.pressenza.com\/es\/#\/schema\/logo\/image\/","url":"https:\/\/www.pressenza.com\/wp-content\/uploads\/2022\/10\/pressenza_logo_200x200.jpg","contentUrl":"https:\/\/www.pressenza.com\/wp-content\/uploads\/2022\/10\/pressenza_logo_200x200.jpg","width":200,"height":200,"caption":"Pressenza"},"image":{"@id":"https:\/\/www.pressenza.com\/es\/#\/schema\/logo\/image\/"},"sameAs":["https:\/\/www.facebook.com\/PressenzaItalia","https:\/\/x.com\/PressenzaIPA"]},{"@type":"Person","@id":"https:\/\/www.pressenza.com\/es\/#\/schema\/person\/e3b28c9575cd63576a05d54f8d67d1ac","name":"Murat Cinar","description":"One of the sons of Constantine, was born in 1981. Fruit of love of an immigrant couple in the former Ottoman city, she from Sebastia (Turkey) he from Batum (Georgia). Raised two steps away from the old Pera, between the Armenian and Jewish cultures. Big passion for photography, cinema, politics and inevitably journalism. After a short academic adventure in International Finance he landed in Italy back in 2001, first in Siena then in Turin, with the desire to study journalism, but he ended up attending Cinema and Television. He specializes in shooting and editing videos, photography and, lately, web marketing. Occasionally he writes in Turkey for the national magazine KaosGL, for the national daily Birgun and for various independent news portals such as Bianet and Sendika. In Italy he wrote for Il Manifesto and the monthly E-il mensile. He is one of the founders of the Glob011 monthly freepress, he worked for BabelMed and Prospettive Altre. Currently has collaborations with Pressenza and Caff\u00e8 dei Giornalisti. As long as he can get a little oxygen out of the city and a few hours free from work, he tries to write stories, frequenrly ironic ones, taken from what he observes and experiences. He tries to enrich his journey with Shiatsu, TaiChi and the passion for Fenerbah\u00e7e.","sameAs":["http:\/\/www.muratcinar.net","https:\/\/www.facebook.com\/muratcinartorino","https:\/\/www.instagram.com\/mcinar1981","https:\/\/x.com\/muratcinar","https:\/\/youtube.com\/c\/muratcinar"],"url":"https:\/\/www.pressenza.com\/es\/author\/murat-cinar\/"}]}},"place":"","original_article_url":"","_links":{"self":[{"href":"https:\/\/www.pressenza.com\/es\/wp-json\/wp\/v2\/posts\/834595","targetHints":{"allow":["GET"]}}],"collection":[{"href":"https:\/\/www.pressenza.com\/es\/wp-json\/wp\/v2\/posts"}],"about":[{"href":"https:\/\/www.pressenza.com\/es\/wp-json\/wp\/v2\/types\/post"}],"author":[{"embeddable":true,"href":"https:\/\/www.pressenza.com\/es\/wp-json\/wp\/v2\/users\/899"}],"replies":[{"embeddable":true,"href":"https:\/\/www.pressenza.com\/es\/wp-json\/wp\/v2\/comments?post=834595"}],"version-history":[{"count":0,"href":"https:\/\/www.pressenza.com\/es\/wp-json\/wp\/v2\/posts\/834595\/revisions"}],"wp:featuredmedia":[{"embeddable":true,"href":"https:\/\/www.pressenza.com\/es\/wp-json\/wp\/v2\/media\/833980"}],"wp:attachment":[{"href":"https:\/\/www.pressenza.com\/es\/wp-json\/wp\/v2\/media?parent=834595"}],"wp:term":[{"taxonomy":"category","embeddable":true,"href":"https:\/\/www.pressenza.com\/es\/wp-json\/wp\/v2\/categories?post=834595"},{"taxonomy":"post_tag","embeddable":true,"href":"https:\/\/www.pressenza.com\/es\/wp-json\/wp\/v2\/tags?post=834595"}],"curies":[{"name":"wp","href":"https:\/\/api.w.org\/{rel}","templated":true}]}}