{"id":831406,"date":"2019-03-28T21:51:55","date_gmt":"2019-03-28T21:51:55","guid":{"rendered":"https:\/\/www.pressenza.com\/?p=831406"},"modified":"2019-03-28T21:51:55","modified_gmt":"2019-03-28T21:51:55","slug":"integracion-sin-unasur-ni-prosur","status":"publish","type":"post","link":"https:\/\/www.pressenza.com\/es\/2019\/03\/integracion-sin-unasur-ni-prosur\/","title":{"rendered":"Integraci\u00f3n sin UNASUR ni PROSUR"},"content":{"rendered":"<p>La incapacidad de construir una fuerza propia, como lo logr\u00f3 la Uni\u00f3n Europea, tiene que ver con la fragilidad del empresariado y tambi\u00e9n de nuestras clases dirigentes. Ambas han sido complacientes frente al capital transnacional y la pol\u00edtica norteamericana en la regi\u00f3n. Y en muchos casos han sido doblegadas por la corrupci\u00f3n.<\/p>\n<p>El presidente Pi\u00f1era ha comprometido su prestigio, y el de Chile, al impulsar una nueva iniciativa de integraci\u00f3n regional -PROSUR-, aprovechando sus coincidencias ideol\u00f3gicas con gran parte de los gobiernos de la regi\u00f3n. Su incontenible energ\u00eda y el inmovilismo de UNASUR son insuficientes para hacer realidad la integraci\u00f3n de nuestros pa\u00edses. Se requiere mucho m\u00e1s.<\/p>\n<p>La integraci\u00f3n de Am\u00e9rica Latina no ha fracasado por la inoperancia del UNASUR. Ha fracasado, y desde siempre, porque nuestros pa\u00edses han privilegiado los acuerdos econ\u00f3micos con los pa\u00edses desarrollados antes que con la regi\u00f3n. Es cierto que han existido esfuerzos interesantes de convergencia comercial en la Asociaci\u00f3n Latinoamericana de Libre Comercio (ALADI) y en la Alianza del Pac\u00edfico; pero estos proyectos y otras iniciativas de integraci\u00f3n han sido incapaces de construir una postura comercial y de inversi\u00f3n com\u00fan frente a las potencias hegem\u00f3nicas y a las corporaciones internacionales.<\/p>\n<p>Los pa\u00edses de Am\u00e9rica Latina, en vez de construir una fuerza regional propia en lo comercial, empresarial, educacional y tecnol\u00f3gico han privilegiado una apertura indiscriminada hacia los pa\u00edses desarrollados y a sus corporaciones transnacionales. El caso de Chile es paradigm\u00e1tico, independientemente de sus gobiernos. Nuestros pa\u00edses compiten en cual tiene m\u00e1s tratados de libre comercio (TLC) con otras regiones y tambi\u00e9n cual ofrece m\u00e1s favorables condiciones de inversi\u00f3n al empresariado internacional. As\u00ed no hay integraci\u00f3n regional posible.<\/p>\n<p>Las m\u00faltiples iniciativas y proyectos integracionistas no han servido para ampliar la fuerza negociadora de Sudam\u00e9rica, y lo mismo con nuestros pa\u00edses del norte, M\u00e9xico y Centroam\u00e9rica. As\u00ed ha sido a lo largo de nuestra historia. \u00a0En el pasado con la ALALC y el Pacto Andino, as\u00ed como recientemente con la ALADI, MERCOSUR, el ALBA, la Alianza del Pac\u00edfico y UNASUR, entre otras. Y esto ha sido independientemente de ideolog\u00edas.<\/p>\n<p>La incapacidad de construir una fuerza propia, como lo logr\u00f3 la Uni\u00f3n Europea, tiene que ver con la fragilidad del empresariado y tambi\u00e9n de nuestras clases dirigentes. Ambas han sido complacientes frente al capital transnacional y la pol\u00edtica norteamericana en la regi\u00f3n. Y en muchos casos han sido doblegadas por la corrupci\u00f3n.<\/p>\n<p>En los tiempos que corren, cuando la industria manufacturera se ha trasladado a los pa\u00edses asi\u00e1ticos ni la derecha, ni los socialdem\u00f3cratas y tampoco los \u201csocialistas del siglo 21\u201d han sido capaces de defender la industria nacional. Han aceptado que nuestras econom\u00edas se reduzcan a la producci\u00f3n y exportaci\u00f3n de combustibles, minerales y alimentos. Y, en vez de impulsar la diversificaci\u00f3n productiva de nuestras econom\u00edas han aceptado servilmente que las corporaciones transnacionales sobreexploten nuestros recursos naturales, en favor del crecimiento de los pa\u00edses desarrollados y el mundo asi\u00e1tico.<\/p>\n<p>Ello explica tambi\u00e9n que la institucionalidad integracionista se haya mostrado fr\u00e1gil y dispersa. Ni los gobiernos de derecha ni los progresistas valoraron la importancia de actuar en bloque. Lula lider\u00f3 con \u00e9xito el rechazo al ALCA, que tanto interesaba a los EE.UU. Pero, Brasil no pudo, o no quiso, ejercer liderazgo para avanzar en la integraci\u00f3n regional. Kirchner, por su parte, concentr\u00f3 todos sus esfuerzos en resolver los problemas internos heredados del periodo Menem, y se embarc\u00f3 en un proyecto econ\u00f3mico, de corte nacionalista, dejando de lado la pol\u00edtica regional; m\u00e1s a\u00fan, dedic\u00f3 buena parte de su pol\u00edtica exterior a una beligerante disputa con Uruguay, a prop\u00f3sito de una planta de celulosa, instalada cerca de su frontera.<\/p>\n<p>Por su parte, Correa y Evo Morales priorizaron la reformulaci\u00f3n de sus sistemas pol\u00edticos internos, lo que comprometi\u00f3 fuertemente sus agendas. Finalmente, Ch\u00e1vez y despu\u00e9s Maduro desplegaron un vigoroso activismo para acumular fuerza interna, pero con un rotundo fracaso en el \u00e1mbito de construcci\u00f3n econ\u00f3mica. Al mismo tiempo, intentaron afirmar posiciones de liderazgo en Sudam\u00e9rica, con la instalaci\u00f3n del ALBA y el apoyo al UNASUR, con una agresiva ret\u00f3rica que significaron sucesivos conflictos con varios gobiernos de la regi\u00f3n.<\/p>\n<p>En suma, el liderazgo progresista que emergi\u00f3 en Sudam\u00e9rica en la d\u00e9cada del 2000 perdi\u00f3 la oportunidad de impulsar un proyecto alternativo y menos convertir la integraci\u00f3n regional en componente sustantivo de un nuevo modelo de desarrollo. El resultado inevitable fue su p\u00e9rdida de legitimidad, lo que abri\u00f3 paso a la derecha en todos los pa\u00edses de Sudam\u00e9rica y a una crisis profunda en Venezuela<\/p>\n<p>As\u00ed las cosas, la incorporaci\u00f3n de nuestros pa\u00edses a la econom\u00eda global no ha ayudado al desarrollo. Por una parte, seguimos exportando aceleradamente recursos naturales, mientras el comercio entre nuestros pa\u00edses es muy reducido. Por otra parte, tanto en las negociaciones bilaterales como multilaterales, al actuar divididos frente a los poderes dominantes nos hemos colocado en posici\u00f3n de debilidad en temas determinantes de la agenda internacional: apertura financiera, propiedad intelectual, controversias empresa estado, entre otros.<\/p>\n<p>Sin embargo, a pesar de las dificultades para construir una efectiva integraci\u00f3n regional, la uni\u00f3n econ\u00f3mica de nuestros pa\u00edses sigue siendo un proyecto irrenunciable. Probablemente hoy d\u00eda m\u00e1s que en el pasado porque ahora los desaf\u00edos son mayores. Pero esto no se lograr\u00e1 con un nuevo nombre para la integraci\u00f3n. Ya tenemos la ALADI y la Alianza del Pac\u00edfico y, por cierto, el MERCOSUR.<\/p>\n<p>Una efectiva integraci\u00f3n nos obliga a deponer estrechos intereses nacionales. Necesitamos una pol\u00edtica regional com\u00fan, sin tratamientos diferenciados tanto en las negociaciones con terceros pa\u00edses como frente al capital transnacional. S\u00f3lo as\u00ed se abrir\u00e1 espacio para una reconversi\u00f3n productiva que agregue valor a nuestras riquezas nacionales y potencie avances conjuntos en ciencia, tecnolog\u00eda, educaci\u00f3n p\u00fablica e innovaci\u00f3n. En las condiciones actuales de la globalizaci\u00f3n, sigue vigente la idea primigenia de Ra\u00fal Prebisch: la integraci\u00f3n regional es un componente fundamental para el desarrollo.<\/p>\n<p>Las iniciativas de Ch\u00e1vez y Maduro no ayudaron a una efectiva integraci\u00f3n. Tampoco servir\u00e1 el reciente esfuerzo del presidente Pi\u00f1era. Porque un proyecto integracionista de verdad desaf\u00eda intereses muy poderosos: las pol\u00edticas del presidente Trump y de las corporaciones transnacionales. Para enfrentar este desaf\u00edo no est\u00e1 dispuesta la clase empresarial y pol\u00edtica chilena y tampoco lo est\u00e1n los presidentes de los pa\u00edses m\u00e1s grandes de Sudam\u00e9rica, Macri y Bolsonaro.<\/p>\n","protected":false},"excerpt":{"rendered":"<p>La incapacidad de construir una fuerza propia, como lo logr\u00f3 la Uni\u00f3n Europea, tiene que ver con la fragilidad del empresariado y tambi\u00e9n de nuestras clases dirigentes. Ambas han sido complacientes frente al capital transnacional y la pol\u00edtica norteamericana en&hellip;<\/p>\n","protected":false},"author":1451,"featured_media":831408,"comment_status":"closed","ping_status":"closed","sticky":false,"template":"","format":"standard","meta":{"footnotes":""},"categories":[11389,161,74,67],"tags":[29,451,53786,4637],"class_list":["post-831406","post","type-post","status-publish","format-standard","has-post-thumbnail","hentry","category-contenido-original","category-opiniones","category-politica-es","category-sudamerica","tag-chile","tag-integracion","tag-prosur","tag-unasur-es"],"yoast_head":"<!-- This site is optimized with the Yoast SEO plugin v27.1.1 - https:\/\/yoast.com\/product\/yoast-seo-wordpress\/ -->\n<title>Integraci\u00f3n sin UNASUR ni PROSUR<\/title>\n<meta name=\"description\" content=\"La incapacidad de construir una fuerza propia, como lo logr\u00f3 la Uni\u00f3n Europea, tiene que ver con la fragilidad del empresariado y tambi\u00e9n de nuestras\" \/>\n<meta name=\"robots\" content=\"index, follow, max-snippet:-1, max-image-preview:large, max-video-preview:-1\" \/>\n<link rel=\"canonical\" href=\"https:\/\/www.pressenza.com\/es\/2019\/03\/integracion-sin-unasur-ni-prosur\/\" \/>\n<meta property=\"og:locale\" content=\"es_ES\" \/>\n<meta property=\"og:type\" content=\"article\" \/>\n<meta property=\"og:title\" content=\"Integraci\u00f3n sin UNASUR ni PROSUR\" \/>\n<meta property=\"og:description\" content=\"La incapacidad de construir una fuerza propia, como lo logr\u00f3 la Uni\u00f3n Europea, tiene que ver con la fragilidad del empresariado y tambi\u00e9n de nuestras\" \/>\n<meta property=\"og:url\" content=\"https:\/\/www.pressenza.com\/es\/2019\/03\/integracion-sin-unasur-ni-prosur\/\" \/>\n<meta property=\"og:site_name\" content=\"Pressenza\" \/>\n<meta property=\"article:publisher\" content=\"https:\/\/www.facebook.com\/PressenzaItalia\" \/>\n<meta property=\"article:published_time\" content=\"2019-03-28T21:51:55+00:00\" \/>\n<meta property=\"og:image\" content=\"https:\/\/www.pressenza.com\/wp-content\/uploads\/2019\/03\/msm3027.jpg\" \/>\n\t<meta property=\"og:image:width\" content=\"2048\" \/>\n\t<meta property=\"og:image:height\" content=\"1367\" \/>\n\t<meta property=\"og:image:type\" content=\"image\/jpeg\" \/>\n<meta name=\"author\" content=\"Roberto Pizarro\" \/>\n<meta name=\"twitter:card\" content=\"summary_large_image\" \/>\n<meta name=\"twitter:creator\" content=\"@PressenzaIPA\" \/>\n<meta name=\"twitter:site\" content=\"@PressenzaIPA\" \/>\n<meta name=\"twitter:label1\" content=\"Escrito por\" \/>\n\t<meta name=\"twitter:data1\" content=\"Roberto Pizarro\" \/>\n\t<meta name=\"twitter:label2\" content=\"Tiempo de lectura\" \/>\n\t<meta name=\"twitter:data2\" content=\"6 minutos\" \/>\n<script type=\"application\/ld+json\" class=\"yoast-schema-graph\">{\"@context\":\"https:\/\/schema.org\",\"@graph\":[{\"@type\":\"Article\",\"@id\":\"https:\/\/www.pressenza.com\/es\/2019\/03\/integracion-sin-unasur-ni-prosur\/#article\",\"isPartOf\":{\"@id\":\"https:\/\/www.pressenza.com\/es\/2019\/03\/integracion-sin-unasur-ni-prosur\/\"},\"author\":{\"name\":\"Roberto Pizarro\",\"@id\":\"https:\/\/www.pressenza.com\/es\/#\/schema\/person\/622524797ea4e3bf162461cbc6b81e29\"},\"headline\":\"Integraci\u00f3n sin UNASUR ni PROSUR\",\"datePublished\":\"2019-03-28T21:51:55+00:00\",\"mainEntityOfPage\":{\"@id\":\"https:\/\/www.pressenza.com\/es\/2019\/03\/integracion-sin-unasur-ni-prosur\/\"},\"wordCount\":1160,\"publisher\":{\"@id\":\"https:\/\/www.pressenza.com\/es\/#organization\"},\"image\":{\"@id\":\"https:\/\/www.pressenza.com\/es\/2019\/03\/integracion-sin-unasur-ni-prosur\/#primaryimage\"},\"thumbnailUrl\":\"https:\/\/www.pressenza.com\/wp-content\/uploads\/2019\/03\/msm3027.jpg\",\"keywords\":[\"Chile\",\"Integraci\u00f3n\",\"prosur\",\"Unasur\"],\"articleSection\":[\"Contenido Original\",\"Opiniones\",\"Pol\u00edtica\",\"Sudam\u00e9rica\"],\"inLanguage\":\"es\"},{\"@type\":\"WebPage\",\"@id\":\"https:\/\/www.pressenza.com\/es\/2019\/03\/integracion-sin-unasur-ni-prosur\/\",\"url\":\"https:\/\/www.pressenza.com\/es\/2019\/03\/integracion-sin-unasur-ni-prosur\/\",\"name\":\"Integraci\u00f3n sin UNASUR ni PROSUR\",\"isPartOf\":{\"@id\":\"https:\/\/www.pressenza.com\/es\/#website\"},\"primaryImageOfPage\":{\"@id\":\"https:\/\/www.pressenza.com\/es\/2019\/03\/integracion-sin-unasur-ni-prosur\/#primaryimage\"},\"image\":{\"@id\":\"https:\/\/www.pressenza.com\/es\/2019\/03\/integracion-sin-unasur-ni-prosur\/#primaryimage\"},\"thumbnailUrl\":\"https:\/\/www.pressenza.com\/wp-content\/uploads\/2019\/03\/msm3027.jpg\",\"datePublished\":\"2019-03-28T21:51:55+00:00\",\"description\":\"La incapacidad de construir una fuerza propia, como lo logr\u00f3 la Uni\u00f3n Europea, tiene que ver con la fragilidad del empresariado y tambi\u00e9n de nuestras\",\"breadcrumb\":{\"@id\":\"https:\/\/www.pressenza.com\/es\/2019\/03\/integracion-sin-unasur-ni-prosur\/#breadcrumb\"},\"inLanguage\":\"es\",\"potentialAction\":[{\"@type\":\"ReadAction\",\"target\":[\"https:\/\/www.pressenza.com\/es\/2019\/03\/integracion-sin-unasur-ni-prosur\/\"]}]},{\"@type\":\"ImageObject\",\"inLanguage\":\"es\",\"@id\":\"https:\/\/www.pressenza.com\/es\/2019\/03\/integracion-sin-unasur-ni-prosur\/#primaryimage\",\"url\":\"https:\/\/www.pressenza.com\/wp-content\/uploads\/2019\/03\/msm3027.jpg\",\"contentUrl\":\"https:\/\/www.pressenza.com\/wp-content\/uploads\/2019\/03\/msm3027.jpg\",\"width\":2048,\"height\":1367},{\"@type\":\"BreadcrumbList\",\"@id\":\"https:\/\/www.pressenza.com\/es\/2019\/03\/integracion-sin-unasur-ni-prosur\/#breadcrumb\",\"itemListElement\":[{\"@type\":\"ListItem\",\"position\":1,\"name\":\"Accueil\",\"item\":\"https:\/\/www.pressenza.com\/es\/\"},{\"@type\":\"ListItem\",\"position\":2,\"name\":\"Integraci\u00f3n sin UNASUR ni PROSUR\"}]},{\"@type\":\"WebSite\",\"@id\":\"https:\/\/www.pressenza.com\/es\/#website\",\"url\":\"https:\/\/www.pressenza.com\/es\/\",\"name\":\"Pressenza\",\"description\":\"International Press Agency\",\"publisher\":{\"@id\":\"https:\/\/www.pressenza.com\/es\/#organization\"},\"potentialAction\":[{\"@type\":\"SearchAction\",\"target\":{\"@type\":\"EntryPoint\",\"urlTemplate\":\"https:\/\/www.pressenza.com\/es\/?s={search_term_string}\"},\"query-input\":{\"@type\":\"PropertyValueSpecification\",\"valueRequired\":true,\"valueName\":\"search_term_string\"}}],\"inLanguage\":\"es\"},{\"@type\":\"Organization\",\"@id\":\"https:\/\/www.pressenza.com\/es\/#organization\",\"name\":\"Pressenza\",\"url\":\"https:\/\/www.pressenza.com\/es\/\",\"logo\":{\"@type\":\"ImageObject\",\"inLanguage\":\"es\",\"@id\":\"https:\/\/www.pressenza.com\/es\/#\/schema\/logo\/image\/\",\"url\":\"https:\/\/www.pressenza.com\/wp-content\/uploads\/2022\/10\/pressenza_logo_200x200.jpg\",\"contentUrl\":\"https:\/\/www.pressenza.com\/wp-content\/uploads\/2022\/10\/pressenza_logo_200x200.jpg\",\"width\":200,\"height\":200,\"caption\":\"Pressenza\"},\"image\":{\"@id\":\"https:\/\/www.pressenza.com\/es\/#\/schema\/logo\/image\/\"},\"sameAs\":[\"https:\/\/www.facebook.com\/PressenzaItalia\",\"https:\/\/x.com\/PressenzaIPA\"]},{\"@type\":\"Person\",\"@id\":\"https:\/\/www.pressenza.com\/es\/#\/schema\/person\/622524797ea4e3bf162461cbc6b81e29\",\"name\":\"Roberto Pizarro\",\"url\":\"https:\/\/www.pressenza.com\/es\/author\/roberto-pizarro\/\"}]}<\/script>\n<!-- \/ Yoast SEO plugin. -->","yoast_head_json":{"title":"Integraci\u00f3n sin UNASUR ni PROSUR","description":"La incapacidad de construir una fuerza propia, como lo logr\u00f3 la Uni\u00f3n Europea, tiene que ver con la fragilidad del empresariado y tambi\u00e9n de nuestras","robots":{"index":"index","follow":"follow","max-snippet":"max-snippet:-1","max-image-preview":"max-image-preview:large","max-video-preview":"max-video-preview:-1"},"canonical":"https:\/\/www.pressenza.com\/es\/2019\/03\/integracion-sin-unasur-ni-prosur\/","og_locale":"es_ES","og_type":"article","og_title":"Integraci\u00f3n sin UNASUR ni PROSUR","og_description":"La incapacidad de construir una fuerza propia, como lo logr\u00f3 la Uni\u00f3n Europea, tiene que ver con la fragilidad del empresariado y tambi\u00e9n de nuestras","og_url":"https:\/\/www.pressenza.com\/es\/2019\/03\/integracion-sin-unasur-ni-prosur\/","og_site_name":"Pressenza","article_publisher":"https:\/\/www.facebook.com\/PressenzaItalia","article_published_time":"2019-03-28T21:51:55+00:00","og_image":[{"width":2048,"height":1367,"url":"https:\/\/www.pressenza.com\/wp-content\/uploads\/2019\/03\/msm3027.jpg","type":"image\/jpeg"}],"author":"Roberto Pizarro","twitter_card":"summary_large_image","twitter_creator":"@PressenzaIPA","twitter_site":"@PressenzaIPA","twitter_misc":{"Escrito por":"Roberto Pizarro","Tiempo de lectura":"6 minutos"},"schema":{"@context":"https:\/\/schema.org","@graph":[{"@type":"Article","@id":"https:\/\/www.pressenza.com\/es\/2019\/03\/integracion-sin-unasur-ni-prosur\/#article","isPartOf":{"@id":"https:\/\/www.pressenza.com\/es\/2019\/03\/integracion-sin-unasur-ni-prosur\/"},"author":{"name":"Roberto Pizarro","@id":"https:\/\/www.pressenza.com\/es\/#\/schema\/person\/622524797ea4e3bf162461cbc6b81e29"},"headline":"Integraci\u00f3n sin UNASUR ni PROSUR","datePublished":"2019-03-28T21:51:55+00:00","mainEntityOfPage":{"@id":"https:\/\/www.pressenza.com\/es\/2019\/03\/integracion-sin-unasur-ni-prosur\/"},"wordCount":1160,"publisher":{"@id":"https:\/\/www.pressenza.com\/es\/#organization"},"image":{"@id":"https:\/\/www.pressenza.com\/es\/2019\/03\/integracion-sin-unasur-ni-prosur\/#primaryimage"},"thumbnailUrl":"https:\/\/www.pressenza.com\/wp-content\/uploads\/2019\/03\/msm3027.jpg","keywords":["Chile","Integraci\u00f3n","prosur","Unasur"],"articleSection":["Contenido Original","Opiniones","Pol\u00edtica","Sudam\u00e9rica"],"inLanguage":"es"},{"@type":"WebPage","@id":"https:\/\/www.pressenza.com\/es\/2019\/03\/integracion-sin-unasur-ni-prosur\/","url":"https:\/\/www.pressenza.com\/es\/2019\/03\/integracion-sin-unasur-ni-prosur\/","name":"Integraci\u00f3n sin UNASUR ni PROSUR","isPartOf":{"@id":"https:\/\/www.pressenza.com\/es\/#website"},"primaryImageOfPage":{"@id":"https:\/\/www.pressenza.com\/es\/2019\/03\/integracion-sin-unasur-ni-prosur\/#primaryimage"},"image":{"@id":"https:\/\/www.pressenza.com\/es\/2019\/03\/integracion-sin-unasur-ni-prosur\/#primaryimage"},"thumbnailUrl":"https:\/\/www.pressenza.com\/wp-content\/uploads\/2019\/03\/msm3027.jpg","datePublished":"2019-03-28T21:51:55+00:00","description":"La incapacidad de construir una fuerza propia, como lo logr\u00f3 la Uni\u00f3n Europea, tiene que ver con la fragilidad del empresariado y tambi\u00e9n de nuestras","breadcrumb":{"@id":"https:\/\/www.pressenza.com\/es\/2019\/03\/integracion-sin-unasur-ni-prosur\/#breadcrumb"},"inLanguage":"es","potentialAction":[{"@type":"ReadAction","target":["https:\/\/www.pressenza.com\/es\/2019\/03\/integracion-sin-unasur-ni-prosur\/"]}]},{"@type":"ImageObject","inLanguage":"es","@id":"https:\/\/www.pressenza.com\/es\/2019\/03\/integracion-sin-unasur-ni-prosur\/#primaryimage","url":"https:\/\/www.pressenza.com\/wp-content\/uploads\/2019\/03\/msm3027.jpg","contentUrl":"https:\/\/www.pressenza.com\/wp-content\/uploads\/2019\/03\/msm3027.jpg","width":2048,"height":1367},{"@type":"BreadcrumbList","@id":"https:\/\/www.pressenza.com\/es\/2019\/03\/integracion-sin-unasur-ni-prosur\/#breadcrumb","itemListElement":[{"@type":"ListItem","position":1,"name":"Accueil","item":"https:\/\/www.pressenza.com\/es\/"},{"@type":"ListItem","position":2,"name":"Integraci\u00f3n sin UNASUR ni PROSUR"}]},{"@type":"WebSite","@id":"https:\/\/www.pressenza.com\/es\/#website","url":"https:\/\/www.pressenza.com\/es\/","name":"Pressenza","description":"International Press Agency","publisher":{"@id":"https:\/\/www.pressenza.com\/es\/#organization"},"potentialAction":[{"@type":"SearchAction","target":{"@type":"EntryPoint","urlTemplate":"https:\/\/www.pressenza.com\/es\/?s={search_term_string}"},"query-input":{"@type":"PropertyValueSpecification","valueRequired":true,"valueName":"search_term_string"}}],"inLanguage":"es"},{"@type":"Organization","@id":"https:\/\/www.pressenza.com\/es\/#organization","name":"Pressenza","url":"https:\/\/www.pressenza.com\/es\/","logo":{"@type":"ImageObject","inLanguage":"es","@id":"https:\/\/www.pressenza.com\/es\/#\/schema\/logo\/image\/","url":"https:\/\/www.pressenza.com\/wp-content\/uploads\/2022\/10\/pressenza_logo_200x200.jpg","contentUrl":"https:\/\/www.pressenza.com\/wp-content\/uploads\/2022\/10\/pressenza_logo_200x200.jpg","width":200,"height":200,"caption":"Pressenza"},"image":{"@id":"https:\/\/www.pressenza.com\/es\/#\/schema\/logo\/image\/"},"sameAs":["https:\/\/www.facebook.com\/PressenzaItalia","https:\/\/x.com\/PressenzaIPA"]},{"@type":"Person","@id":"https:\/\/www.pressenza.com\/es\/#\/schema\/person\/622524797ea4e3bf162461cbc6b81e29","name":"Roberto Pizarro","url":"https:\/\/www.pressenza.com\/es\/author\/roberto-pizarro\/"}]}},"place":"Santiago de Chile","original_article_url":"","_links":{"self":[{"href":"https:\/\/www.pressenza.com\/es\/wp-json\/wp\/v2\/posts\/831406","targetHints":{"allow":["GET"]}}],"collection":[{"href":"https:\/\/www.pressenza.com\/es\/wp-json\/wp\/v2\/posts"}],"about":[{"href":"https:\/\/www.pressenza.com\/es\/wp-json\/wp\/v2\/types\/post"}],"author":[{"embeddable":true,"href":"https:\/\/www.pressenza.com\/es\/wp-json\/wp\/v2\/users\/1451"}],"replies":[{"embeddable":true,"href":"https:\/\/www.pressenza.com\/es\/wp-json\/wp\/v2\/comments?post=831406"}],"version-history":[{"count":0,"href":"https:\/\/www.pressenza.com\/es\/wp-json\/wp\/v2\/posts\/831406\/revisions"}],"wp:featuredmedia":[{"embeddable":true,"href":"https:\/\/www.pressenza.com\/es\/wp-json\/wp\/v2\/media\/831408"}],"wp:attachment":[{"href":"https:\/\/www.pressenza.com\/es\/wp-json\/wp\/v2\/media?parent=831406"}],"wp:term":[{"taxonomy":"category","embeddable":true,"href":"https:\/\/www.pressenza.com\/es\/wp-json\/wp\/v2\/categories?post=831406"},{"taxonomy":"post_tag","embeddable":true,"href":"https:\/\/www.pressenza.com\/es\/wp-json\/wp\/v2\/tags?post=831406"}],"curies":[{"name":"wp","href":"https:\/\/api.w.org\/{rel}","templated":true}]}}