{"id":830938,"date":"2019-03-27T16:00:37","date_gmt":"2019-03-27T16:00:37","guid":{"rendered":"https:\/\/www.pressenza.com\/?p=830938"},"modified":"2019-03-27T16:00:37","modified_gmt":"2019-03-27T16:00:37","slug":"caso-mario-golemba-11-anos-de-cruel-impunidad","status":"publish","type":"post","link":"https:\/\/www.pressenza.com\/es\/2019\/03\/caso-mario-golemba-11-anos-de-cruel-impunidad\/","title":{"rendered":"Caso Mario Golemba: 11 a\u00f1os de cruel impunidad"},"content":{"rendered":"<p><strong>I<\/strong><\/p>\n<p>Este mi\u00e9rcoles 27 de marzo se cumplen 11 a\u00f1os de la desaparici\u00f3n de Mario Fabi\u00e1n Golemba, el agricultor de 27 a\u00f1os que esa madrugada sali\u00f3 de su casa ubicada en el paraje rural Picada Indumar, en la localidad de Dos de Mayo, provincia de Misiones y que nunca regres\u00f3. En manos de la jueza de Instrucci\u00f3n de Ober\u00e1, Alba Kuzman de Gauchat, la investigaci\u00f3n judicial result\u00f3 un fiasco y el caso se mantiene adormecido en las oscuras entra\u00f1as de la impunidad. La \u00fanica pista confiable, aquella que la representaci\u00f3n jur\u00eddica y los familiares del joven desaparecido se cansaron de reclamar que se investigue, fue sistem\u00e1ticamente desestimada. Se trata de la hip\u00f3tesis que relataron \u00a0testigos que en la noche del 27 de marzo estuvieron detenidos en la comisar\u00eda de Dos de Mayo \u2013entonces a cargo del comisario Ewaldo Katz\u2013 y que aseguran (con testimonios que los familiares de Mario siempre consideraron coherentes) haber visto a Mario esa misma noche, detenido y golpeado en dicha dependencia policial.<\/p>\n<p><strong>II<\/strong><\/p>\n<p>El 27 de marzo de 2008, a primera hora de la ma\u00f1ana, Mario dej\u00f3 su \u00faltimo rastro en la rojiza picada. Camin\u00f3 un pu\u00f1ado de kil\u00f3metros hacia la ruta, y de all\u00ed a la terminal. Ten\u00eda que cumplir con una consulta m\u00e9dica, en una cl\u00ednica situada sobre calle Salta, en el centro de la ciudad de Ober\u00e1. Lleg\u00f3 a destino, y pudo mantener la entrevista con la doctora Serra de Gross. Promediando la siesta, le envi\u00f3 un mensaje a su novia Ang\u00e9lica, avis\u00e1ndole que regresar\u00eda antes del anochecer. Pero no volvi\u00f3.<\/p>\n<p>Dos d\u00edas despu\u00e9s la familia de Mario radic\u00f3 la denuncia en la comisar\u00eda seccional Primera de Ober\u00e1, donde el caso qued\u00f3 caratulado como \u201cdesaparici\u00f3n de persona\u201d. El expediente describe a Mario como \u201cuna persona delgada, de 1,85 de estatura, tez blanca\u201d y que llevaba \u201cuna camisa negra y jeans gastados\u201d.<\/p>\n<p><strong>III<\/strong><\/p>\n<p>Durante los primeros meses, algunos medios de comunicaci\u00f3n difundieron falsas hip\u00f3tesis \u00a0generadas por la polic\u00eda. Que Mario hab\u00eda ido a Brasil, que tal vez al sur y otras maniobras de distracci\u00f3n informativa. Mientras tanto, sus familiares \u2013especialmente don Antonio Golemba e Irma Komka, padre y madre de Mario\u2013 recorr\u00edan morgues, pasos fronterizos, comisar\u00edas y hospitales, tras alguna pista verdadera que les devolviera la esperanza de poder encontrar a Mario.<\/p>\n<p>Promediando marzo de 2009, a casi un a\u00f1o de la desaparici\u00f3n de su hijo, Antonio Golemba e \u00a0Irma Komka se entrevistan por separado con tres internos carcelarios de la Unidad Penitenciaria de Ober\u00e1, que en la noche del 27 de marzo de 2008 se encontraban \u00a0en calidad de detenidos en la comisar\u00eda de Dos de Mayo. Estos testigos (Ram\u00f3n O.; Marcelo O. y Vas A.), coinciden en sus relatos. Aseguran y describen haber visto y escuchado c\u00f3mo esa noche, entre varios polic\u00edas de esa seccional \u00a0ingresaron a Mario esposado, para luego darle una paliza y volver a llev\u00e1rselo en un veh\u00edculo policial vaya a saber d\u00f3nde.<\/p>\n<div id=\"attachment_830948\" class=\"wp-caption alignnone\"><img loading=\"lazy\" decoding=\"async\" aria-describedby=\"caption-attachment-830948\" class=\"size-large wp-image-830948\" src=\"https:\/\/www.pressenza.com\/wp-content\/uploads\/2019\/03\/Padres-de-Mario-Golemba-2015-720x378.jpg\" alt=\"\" width=\"720\" height=\"378\" srcset=\"https:\/\/www.pressenza.com\/wp-content\/uploads\/2019\/03\/Padres-de-Mario-Golemba-2015-720x378.jpg 720w, https:\/\/www.pressenza.com\/wp-content\/uploads\/2019\/03\/Padres-de-Mario-Golemba-2015-300x158.jpg 300w, https:\/\/www.pressenza.com\/wp-content\/uploads\/2019\/03\/Padres-de-Mario-Golemba-2015-768x404.jpg 768w, https:\/\/www.pressenza.com\/wp-content\/uploads\/2019\/03\/Padres-de-Mario-Golemba-2015.jpg 1024w\" sizes=\"auto, (max-width: 720px) 100vw, 720px\" \/><p id=\"caption-attachment-830948\" class=\"wp-caption-text\">Antonio Golemba e Irma Komka, el pap\u00e1 y la mam\u00e1 de Mario Golemba, en conferencia de prensa del a\u00f1o 2015. Don Antonio Golemba falleci\u00f3 en 2016. Captura de video<\/p><\/div>\n<p><strong>IV<\/strong><\/p>\n<p>Antonio Golemba dijo al respecto: \u201cLos tres testimonios son coherentes. Uno de ellos estaba en el pasillo, los otros en la celda. Lo vieron entrar a Mario esposado, y al ver a uno de ellos, que lo conoc\u00eda porque es un muchacho que vive en el barrio Macuco a pocos kil\u00f3metros de Indumar, les pide que dejen de golpearlo. Mario alcanza a decirle a uno de ellos que le saque el celular del bolsillo y que llamen a su familia. Ah\u00ed la polic\u00eda se abalanza sobre el que estaba en el pasillo y lo meten adentro. Los tres escucharon luego como golpeaban a Mario, y dicen que luego se lo llevaron\u201d.<\/p>\n<p>Por su parte Irma, no puede evitar sentir escalofr\u00edos al recordar esos testimonios. \u201cMe qued\u00f3 grabada la frase de uno de los testigos, que nos cont\u00f3 que Mario les dec\u00eda a los polic\u00eda, &#8216;yo no le hice mal a nadie&#8217;, que es una frase, que \u00e9l repet\u00eda siempre, en distintas situaciones, como un latiguillo, era una expresi\u00f3n muy propia de mi hijo\u201d.<\/p>\n<p>La Jueza Alba Kunzmann de Gauchat nunca quiso profundizar esta hip\u00f3tesis. Nunca orden\u00f3 el careo necesario entre estos testigos y el comisario y los efectivos que esa noche estuvieron a cargo de la comisar\u00eda de Dos de Mayo. El Estado en tanto, adem\u00e1s de restarle apoyo a la familia Golemba, procedi\u00f3 al traslado proteccionista de toda la c\u00fapula policial actuante esa noche. El destino del comisario Katz result\u00f3 el m\u00e1s simb\u00f3lico: pas\u00f3 a ser comisario de Arist\u00f3bulo del Valle, \u00a0pueblo del entonces gobernador de la provincia y actual senador nacional, Maurice Closs.<\/p>\n<p><strong>V<\/strong><\/p>\n<p>En 2010 el Superior Tribunal de Justicia (STJ), compuesto entonces en su totalidad por magistrados que son parientes directos, probados amigos o ex funcionarios del gobierno provincial, rechaz\u00f3 el pedido de juicio pol\u00edtico a la jueza de Instrucci\u00f3n 1 de Ober\u00e1, Alba Kunzmann de Gauchat, impulsado por el abogado posade\u00f1o Jacobo Mass y dispuso el archivo de las actuaciones. El pedido de juicio pol\u00edtico a la jueza deriv\u00f3, a partir de sus desempe\u00f1os, en casos emblem\u00e1ticos de impunidad en Misiones. Uno de ellos, es el femicidio de Marylin B\u00e1rbaro en Ober\u00e1, y el otro \u2013tambi\u00e9n femicidio\u2013 la violaci\u00f3n y asesinato de Silvia Gonz\u00e1lez, en Campo Viera. Ambos casos se mantienen tambi\u00e9n en la absoluta impunidad.<\/p>\n<p>La jueza Gauchat \u00a0recibi\u00f3 en varias ocasiones la visita de los padres de Mario. \u201c\u00bfSaben lo que nos dice la jueza? Que la justicia es lenta, que hay que tener paciencia. Hace \u00a0a\u00f1os que tiene la causa dormida, que no se investiga como corresponde, que se intenta tapar todo. Esta jueza no hizo ni est\u00e1 haciendo las cosas como corresponde, por eso el caso sigue impune. Est\u00e1n protegiendo a los culpables, no hay voluntad de investigar\u201d sostuvo Antonio Golemba en una de sus \u00faltimas entrevistas a la prensa.<\/p>\n<p>Don Antonio Golemba, quien busc\u00f3 a su hijo hasta su \u00faltimo d\u00eda de vida, muri\u00f3 en abril de 2016.<\/p>\n<p><strong>VI<\/strong><\/p>\n<p>Mario Fabi\u00e1n Golemba naci\u00f3 en el Hospital de Dos de Mayo, el martes 10 de febrero de 1981, un d\u00eda por dem\u00e1s caluroso en Misiones. Al terminar la primaria en la escuelita de Indumar, Mario sigui\u00f3 sus estudios secundarios en el Bachillerato 7, de Dos de Mayo. All\u00ed, por dos a\u00f1os seguidos, recibi\u00f3 la distinci\u00f3n de \u201cmejor compa\u00f1ero\u201d. En la adolescencia fue presidente del Centro de J\u00f3venes de la Iglesia de Dios, de la cual su padre era pastor. \u201cTen\u00edamos un programa de radio juntos los s\u00e1bados, le\u00edamos la biblia y cant\u00e1bamos. Mario siempre fue muy compa\u00f1ero m\u00edo, de chico me ayudaba en la chacra, me acompa\u00f1aba a llevar la yerba en la camioneta hasta la cooperativa. Recuerdo aquellos viajes. Durante mucho tiempo, cuando \u00e9l se ausent\u00f3, no pude subirme por meses a esa camioneta\u201d, recordaba Antonio.<\/p>\n<p>Adem\u00e1s de los trabajos en la chacra, Mario empez\u00f3 de muy joven a trabajar en un aserradero de la zona y posteriormente en la Cooperativa de Yerba Mate de Picada Indumar. Con sus manos construy\u00f3 los arcos de una cancha de f\u00fatbol en la chacra, donde todos los fines de semana ven\u00edan los gurices del barrio a correr tras la redonda. La cancha todav\u00eda sigue en pie, pero nunca m\u00e1s hubo partidos desde que Mario desapareci\u00f3. Era defensor, y como era alto, buen cabeceador, aunque un poco patadura, seg\u00fan recuerdan.<\/p>\n<p>\u201cAlgo que le encantaba era la pesca. Le gustaba pescar y cocinar\u201d, dice su madre.<\/p>\n<p><strong>VII<\/strong><\/p>\n<p>Don Antonio Golemba, lamentaba \u201cno haberle poder enviado a la facultad. Cuando termin\u00f3 la secundaria, me dijo &#8216;pap\u00e1, dame una bolsa de porotos por mes y un poco de grasa, poco dinero para alquilar una pieza y listo, quiero estudiar Historia&#8217;. \u00c9l era apasionado de la Historia. Una vez, ya despu\u00e9s que \u00e9l desapareci\u00f3, una compa\u00f1era suya de la secundaria me cont\u00f3 una an\u00e9cdota. Resulta ser que un profesor hab\u00eda preguntado d\u00f3nde se hab\u00eda hecho el primer trasplante de coraz\u00f3n. Todos quedaron callados, hasta que una mano se levant\u00f3 en el fondo, era Mario Golemba. Dijo: el primer trasplante de coraz\u00f3n en la historia se hizo en 1967, en Sud\u00e1frica, el cirujano fue Christian Barnard. Todos quedaron sorprendidos, pero a m\u00ed no me sorprende porque Mario ten\u00eda una gran curiosidad y todo lo que le\u00eda se fijaba en su mente con exactitud. Pero cuando termin\u00f3 la secundaria est\u00e1bamos en 1998, la \u00e9poca menemista, esa maldici\u00f3n; recuerdo que junt\u00e1bamos toda la cosecha de tung y nos alcanzaba apenas para pagar unas boletas, porque con el uno a uno los productos de los colonos no val\u00edan nada, no pod\u00eda mandar a mi hijo a estudiar y esa es una espina que siempre me va a quedar\u201d.<\/p>\n<p><strong>VIII<\/strong><\/p>\n<p>Al momento de su desaparici\u00f3n, Mario llevaba diez meses de noviazgo y un firme compromiso de casamiento con su novia Ang\u00e9lica, quien nos cuenta que \u201cten\u00edamos hasta los souvenirs y hab\u00edamos conseguido una casa donde vivir. Mario dec\u00eda que quer\u00eda tener dos hijos\u201d.<\/p>\n<p>Contaba su padre: \u201cMario ten\u00eda una moto 125, que se hab\u00eda comprado con mucho esfuerzo. \u00c9l siempre sufr\u00eda al verme pasar Round Up para desmalezar los yerbales. Me dec\u00eda que era malo para mi salud y que adem\u00e1s terminar\u00eda arruinando el suelo. Unos meses antes de su desaparici\u00f3n, sin decirme nada, Mario vendi\u00f3 su moto y con el dinero se fue al pueblo a comprar una motoguada\u00f1a. Cuando volvi\u00f3, me dijo, \u2018papi, listo. Ahora nunca m\u00e1s vas a tener que usar veneno. Yo te voy a desmalezar el yerbal con esta motoguada\u00f1a\u2019.\u201d<\/p>\n<p><img loading=\"lazy\" decoding=\"async\" class=\"alignnone size-large wp-image-617502\" src=\"https:\/\/www.pressenza.com\/wp-content\/uploads\/2018\/03\/mario-720x405.jpg\" alt=\"\" width=\"720\" height=\"405\" srcset=\"https:\/\/www.pressenza.com\/wp-content\/uploads\/2018\/03\/mario-720x405.jpg 720w, https:\/\/www.pressenza.com\/wp-content\/uploads\/2018\/03\/mario-300x169.jpg 300w, https:\/\/www.pressenza.com\/wp-content\/uploads\/2018\/03\/mario-768x432.jpg 768w, https:\/\/www.pressenza.com\/wp-content\/uploads\/2018\/03\/mario-750x422.jpg 750w, https:\/\/www.pressenza.com\/wp-content\/uploads\/2018\/03\/mario.jpg 800w\" sizes=\"auto, (max-width: 720px) 100vw, 720px\" \/><\/p>\n<p><strong>IX<\/strong><\/p>\n<p>En 2018, al cumplirse 10 a\u00f1os de su desaparici\u00f3n, un grupo de familiares de Mario Golemba, acompa\u00f1adas por algunas organizaciones sociales, se manifest\u00f3 \u00a0en las escalinatas del Palacio de Justicia del Poder Judicial de Misiones y solicit\u00f3 a este m\u00e1ximo Tribunal que \u201cintervenga de manera urgente\u201d en el caso, dado que el mismo se encuentra \u201ccajoneado\u201d desde una d\u00e9cada en un Juzgado de Ober\u00e1.<\/p>\n<p>Los t\u00edos de Mario, Anatolio Golemba, Margarita Wolim y sus primos Daniela y Fabi\u00e1n, junto a la abogada que lleva el caso \u2013M\u00f3nica Sosa\u2013 y la delegada de Misiones del Ministerio de Derechos Humanos de la Naci\u00f3n, Norma El\u00edas Coutto, entregaron un documento al Poder Judicial solicitando su inmediata intervenci\u00f3n en favor del esclarecimiento, juicio y castigo a los culpables de la desaparici\u00f3n de Mario Golemba.<\/p>\n<p>Lamentablemente, no sirvi\u00f3 de nada.<\/p>\n<p><strong>X<\/strong><\/p>\n<p>El caso Golemba no debe estar caratulado como una simple desaparici\u00f3n de persona, sino como una desaparici\u00f3n forzada en democracia que merece ser investigada como tal. La principal sospecha, la \u00fanica hip\u00f3tesis viable, sigue siendo la que sugiere que Mario estuvo el 27 de marzo en la comisar\u00eda de Dos de Mayo.<\/p>\n<p><strong>XI<\/strong><\/p>\n<p>A 11 a\u00f1os de su desaparici\u00f3n, no habr\u00e1 esta vez actos ni movilizaciones. La familia, extenuada por la desigual lucha de m\u00e1s de una d\u00e9cada buscando justicia, hoy se refugia en la calma, lejos de Dos de Mayo, intentando sanar heridas y manteniendo firme la memoria del querido Mario, el que nunca regres\u00f3.<\/p>\n","protected":false},"excerpt":{"rendered":"<p>I Este mi\u00e9rcoles 27 de marzo se cumplen 11 a\u00f1os de la desaparici\u00f3n de Mario Fabi\u00e1n Golemba, el agricultor de 27 a\u00f1os que esa madrugada sali\u00f3 de su casa ubicada en el paraje rural Picada Indumar, en la localidad de&hellip;<\/p>\n","protected":false},"author":1366,"featured_media":830939,"comment_status":"closed","ping_status":"closed","sticky":false,"template":"","format":"standard","meta":{"footnotes":""},"categories":[11389,79,46976,67],"tags":[26,56886,13186,398,36100,19215],"class_list":["post-830938","post","type-post","status-publish","format-standard","has-post-thumbnail","hentry","category-contenido-original","category-derechos-humanos","category-jovenes","category-sudamerica","tag-argentina","tag-dessaparecidos","tag-impunidad","tag-justicia","tag-mario-golemba","tag-misiones"],"yoast_head":"<!-- This site is optimized with the Yoast SEO plugin v27.1.1 - https:\/\/yoast.com\/product\/yoast-seo-wordpress\/ -->\n<title>Caso Mario Golemba: 11 a\u00f1os de cruel impunidad<\/title>\n<meta name=\"description\" content=\"I Este mi\u00e9rcoles 27 de marzo se cumplen 11 a\u00f1os de la desaparici\u00f3n de Mario Fabi\u00e1n Golemba, el agricultor de 27 a\u00f1os que esa madrugada sali\u00f3 de su casa\" \/>\n<meta name=\"robots\" content=\"index, follow, max-snippet:-1, max-image-preview:large, max-video-preview:-1\" \/>\n<link rel=\"canonical\" href=\"https:\/\/www.pressenza.com\/es\/2019\/03\/caso-mario-golemba-11-anos-de-cruel-impunidad\/\" \/>\n<meta property=\"og:locale\" content=\"es_ES\" \/>\n<meta property=\"og:type\" content=\"article\" \/>\n<meta property=\"og:title\" content=\"Caso Mario Golemba: 11 a\u00f1os de cruel impunidad\" \/>\n<meta property=\"og:description\" content=\"I Este mi\u00e9rcoles 27 de marzo se cumplen 11 a\u00f1os de la desaparici\u00f3n de Mario Fabi\u00e1n Golemba, el agricultor de 27 a\u00f1os que esa madrugada sali\u00f3 de su casa\" \/>\n<meta property=\"og:url\" content=\"https:\/\/www.pressenza.com\/es\/2019\/03\/caso-mario-golemba-11-anos-de-cruel-impunidad\/\" \/>\n<meta property=\"og:site_name\" content=\"Pressenza\" \/>\n<meta property=\"article:publisher\" content=\"https:\/\/www.facebook.com\/PressenzaItalia\" \/>\n<meta property=\"article:published_time\" content=\"2019-03-27T16:00:37+00:00\" \/>\n<meta property=\"og:image\" content=\"https:\/\/www.pressenza.com\/wp-content\/uploads\/2019\/03\/Mario-Golemba.jpg\" \/>\n\t<meta property=\"og:image:width\" content=\"750\" \/>\n\t<meta property=\"og:image:height\" content=\"564\" \/>\n\t<meta property=\"og:image:type\" content=\"image\/jpeg\" \/>\n<meta name=\"author\" content=\"Sergio Alvez\" \/>\n<meta name=\"twitter:card\" content=\"summary_large_image\" \/>\n<meta name=\"twitter:creator\" content=\"@PressenzaIPA\" \/>\n<meta name=\"twitter:site\" content=\"@PressenzaIPA\" \/>\n<meta name=\"twitter:label1\" content=\"Escrito por\" \/>\n\t<meta name=\"twitter:data1\" content=\"Sergio Alvez\" \/>\n\t<meta name=\"twitter:label2\" content=\"Tiempo de lectura\" \/>\n\t<meta name=\"twitter:data2\" content=\"10 minutos\" \/>\n<script type=\"application\/ld+json\" class=\"yoast-schema-graph\">{\"@context\":\"https:\/\/schema.org\",\"@graph\":[{\"@type\":\"Article\",\"@id\":\"https:\/\/www.pressenza.com\/es\/2019\/03\/caso-mario-golemba-11-anos-de-cruel-impunidad\/#article\",\"isPartOf\":{\"@id\":\"https:\/\/www.pressenza.com\/es\/2019\/03\/caso-mario-golemba-11-anos-de-cruel-impunidad\/\"},\"author\":{\"name\":\"Sergio Alvez\",\"@id\":\"https:\/\/www.pressenza.com\/es\/#\/schema\/person\/a71ed7e6ac8a1ce22c94a8eee7736558\"},\"headline\":\"Caso Mario Golemba: 11 a\u00f1os de cruel impunidad\",\"datePublished\":\"2019-03-27T16:00:37+00:00\",\"mainEntityOfPage\":{\"@id\":\"https:\/\/www.pressenza.com\/es\/2019\/03\/caso-mario-golemba-11-anos-de-cruel-impunidad\/\"},\"wordCount\":1963,\"publisher\":{\"@id\":\"https:\/\/www.pressenza.com\/es\/#organization\"},\"image\":{\"@id\":\"https:\/\/www.pressenza.com\/es\/2019\/03\/caso-mario-golemba-11-anos-de-cruel-impunidad\/#primaryimage\"},\"thumbnailUrl\":\"https:\/\/www.pressenza.com\/wp-content\/uploads\/2019\/03\/Mario-Golemba.jpg\",\"keywords\":[\"Argentina\",\"dessaparecidos\",\"Impunidad\",\"justicia\",\"Mario Golemba\",\"Misiones\"],\"articleSection\":[\"Contenido Original\",\"Derechos Humanos\",\"J\u00f3venes\",\"Sudam\u00e9rica\"],\"inLanguage\":\"es\"},{\"@type\":\"WebPage\",\"@id\":\"https:\/\/www.pressenza.com\/es\/2019\/03\/caso-mario-golemba-11-anos-de-cruel-impunidad\/\",\"url\":\"https:\/\/www.pressenza.com\/es\/2019\/03\/caso-mario-golemba-11-anos-de-cruel-impunidad\/\",\"name\":\"Caso Mario Golemba: 11 a\u00f1os de cruel impunidad\",\"isPartOf\":{\"@id\":\"https:\/\/www.pressenza.com\/es\/#website\"},\"primaryImageOfPage\":{\"@id\":\"https:\/\/www.pressenza.com\/es\/2019\/03\/caso-mario-golemba-11-anos-de-cruel-impunidad\/#primaryimage\"},\"image\":{\"@id\":\"https:\/\/www.pressenza.com\/es\/2019\/03\/caso-mario-golemba-11-anos-de-cruel-impunidad\/#primaryimage\"},\"thumbnailUrl\":\"https:\/\/www.pressenza.com\/wp-content\/uploads\/2019\/03\/Mario-Golemba.jpg\",\"datePublished\":\"2019-03-27T16:00:37+00:00\",\"description\":\"I Este mi\u00e9rcoles 27 de marzo se cumplen 11 a\u00f1os de la desaparici\u00f3n de Mario Fabi\u00e1n Golemba, el agricultor de 27 a\u00f1os que esa madrugada sali\u00f3 de su casa\",\"breadcrumb\":{\"@id\":\"https:\/\/www.pressenza.com\/es\/2019\/03\/caso-mario-golemba-11-anos-de-cruel-impunidad\/#breadcrumb\"},\"inLanguage\":\"es\",\"potentialAction\":[{\"@type\":\"ReadAction\",\"target\":[\"https:\/\/www.pressenza.com\/es\/2019\/03\/caso-mario-golemba-11-anos-de-cruel-impunidad\/\"]}]},{\"@type\":\"ImageObject\",\"inLanguage\":\"es\",\"@id\":\"https:\/\/www.pressenza.com\/es\/2019\/03\/caso-mario-golemba-11-anos-de-cruel-impunidad\/#primaryimage\",\"url\":\"https:\/\/www.pressenza.com\/wp-content\/uploads\/2019\/03\/Mario-Golemba.jpg\",\"contentUrl\":\"https:\/\/www.pressenza.com\/wp-content\/uploads\/2019\/03\/Mario-Golemba.jpg\",\"width\":750,\"height\":564},{\"@type\":\"BreadcrumbList\",\"@id\":\"https:\/\/www.pressenza.com\/es\/2019\/03\/caso-mario-golemba-11-anos-de-cruel-impunidad\/#breadcrumb\",\"itemListElement\":[{\"@type\":\"ListItem\",\"position\":1,\"name\":\"Accueil\",\"item\":\"https:\/\/www.pressenza.com\/es\/\"},{\"@type\":\"ListItem\",\"position\":2,\"name\":\"Caso Mario Golemba: 11 a\u00f1os de cruel impunidad\"}]},{\"@type\":\"WebSite\",\"@id\":\"https:\/\/www.pressenza.com\/es\/#website\",\"url\":\"https:\/\/www.pressenza.com\/es\/\",\"name\":\"Pressenza\",\"description\":\"International Press Agency\",\"publisher\":{\"@id\":\"https:\/\/www.pressenza.com\/es\/#organization\"},\"potentialAction\":[{\"@type\":\"SearchAction\",\"target\":{\"@type\":\"EntryPoint\",\"urlTemplate\":\"https:\/\/www.pressenza.com\/es\/?s={search_term_string}\"},\"query-input\":{\"@type\":\"PropertyValueSpecification\",\"valueRequired\":true,\"valueName\":\"search_term_string\"}}],\"inLanguage\":\"es\"},{\"@type\":\"Organization\",\"@id\":\"https:\/\/www.pressenza.com\/es\/#organization\",\"name\":\"Pressenza\",\"url\":\"https:\/\/www.pressenza.com\/es\/\",\"logo\":{\"@type\":\"ImageObject\",\"inLanguage\":\"es\",\"@id\":\"https:\/\/www.pressenza.com\/es\/#\/schema\/logo\/image\/\",\"url\":\"https:\/\/www.pressenza.com\/wp-content\/uploads\/2022\/10\/pressenza_logo_200x200.jpg\",\"contentUrl\":\"https:\/\/www.pressenza.com\/wp-content\/uploads\/2022\/10\/pressenza_logo_200x200.jpg\",\"width\":200,\"height\":200,\"caption\":\"Pressenza\"},\"image\":{\"@id\":\"https:\/\/www.pressenza.com\/es\/#\/schema\/logo\/image\/\"},\"sameAs\":[\"https:\/\/www.facebook.com\/PressenzaItalia\",\"https:\/\/x.com\/PressenzaIPA\"]},{\"@type\":\"Person\",\"@id\":\"https:\/\/www.pressenza.com\/es\/#\/schema\/person\/a71ed7e6ac8a1ce22c94a8eee7736558\",\"name\":\"Sergio Alvez\",\"description\":\"Naci\u00f3 en Posadas, Misiones, en 1979. Es periodista y escritor.\",\"url\":\"https:\/\/www.pressenza.com\/es\/author\/sergio-alvez\/\"}]}<\/script>\n<!-- \/ Yoast SEO plugin. -->","yoast_head_json":{"title":"Caso Mario Golemba: 11 a\u00f1os de cruel impunidad","description":"I Este mi\u00e9rcoles 27 de marzo se cumplen 11 a\u00f1os de la desaparici\u00f3n de Mario Fabi\u00e1n Golemba, el agricultor de 27 a\u00f1os que esa madrugada sali\u00f3 de su casa","robots":{"index":"index","follow":"follow","max-snippet":"max-snippet:-1","max-image-preview":"max-image-preview:large","max-video-preview":"max-video-preview:-1"},"canonical":"https:\/\/www.pressenza.com\/es\/2019\/03\/caso-mario-golemba-11-anos-de-cruel-impunidad\/","og_locale":"es_ES","og_type":"article","og_title":"Caso Mario Golemba: 11 a\u00f1os de cruel impunidad","og_description":"I Este mi\u00e9rcoles 27 de marzo se cumplen 11 a\u00f1os de la desaparici\u00f3n de Mario Fabi\u00e1n Golemba, el agricultor de 27 a\u00f1os que esa madrugada sali\u00f3 de su casa","og_url":"https:\/\/www.pressenza.com\/es\/2019\/03\/caso-mario-golemba-11-anos-de-cruel-impunidad\/","og_site_name":"Pressenza","article_publisher":"https:\/\/www.facebook.com\/PressenzaItalia","article_published_time":"2019-03-27T16:00:37+00:00","og_image":[{"width":750,"height":564,"url":"https:\/\/www.pressenza.com\/wp-content\/uploads\/2019\/03\/Mario-Golemba.jpg","type":"image\/jpeg"}],"author":"Sergio Alvez","twitter_card":"summary_large_image","twitter_creator":"@PressenzaIPA","twitter_site":"@PressenzaIPA","twitter_misc":{"Escrito por":"Sergio Alvez","Tiempo de lectura":"10 minutos"},"schema":{"@context":"https:\/\/schema.org","@graph":[{"@type":"Article","@id":"https:\/\/www.pressenza.com\/es\/2019\/03\/caso-mario-golemba-11-anos-de-cruel-impunidad\/#article","isPartOf":{"@id":"https:\/\/www.pressenza.com\/es\/2019\/03\/caso-mario-golemba-11-anos-de-cruel-impunidad\/"},"author":{"name":"Sergio Alvez","@id":"https:\/\/www.pressenza.com\/es\/#\/schema\/person\/a71ed7e6ac8a1ce22c94a8eee7736558"},"headline":"Caso Mario Golemba: 11 a\u00f1os de cruel impunidad","datePublished":"2019-03-27T16:00:37+00:00","mainEntityOfPage":{"@id":"https:\/\/www.pressenza.com\/es\/2019\/03\/caso-mario-golemba-11-anos-de-cruel-impunidad\/"},"wordCount":1963,"publisher":{"@id":"https:\/\/www.pressenza.com\/es\/#organization"},"image":{"@id":"https:\/\/www.pressenza.com\/es\/2019\/03\/caso-mario-golemba-11-anos-de-cruel-impunidad\/#primaryimage"},"thumbnailUrl":"https:\/\/www.pressenza.com\/wp-content\/uploads\/2019\/03\/Mario-Golemba.jpg","keywords":["Argentina","dessaparecidos","Impunidad","justicia","Mario Golemba","Misiones"],"articleSection":["Contenido Original","Derechos Humanos","J\u00f3venes","Sudam\u00e9rica"],"inLanguage":"es"},{"@type":"WebPage","@id":"https:\/\/www.pressenza.com\/es\/2019\/03\/caso-mario-golemba-11-anos-de-cruel-impunidad\/","url":"https:\/\/www.pressenza.com\/es\/2019\/03\/caso-mario-golemba-11-anos-de-cruel-impunidad\/","name":"Caso Mario Golemba: 11 a\u00f1os de cruel impunidad","isPartOf":{"@id":"https:\/\/www.pressenza.com\/es\/#website"},"primaryImageOfPage":{"@id":"https:\/\/www.pressenza.com\/es\/2019\/03\/caso-mario-golemba-11-anos-de-cruel-impunidad\/#primaryimage"},"image":{"@id":"https:\/\/www.pressenza.com\/es\/2019\/03\/caso-mario-golemba-11-anos-de-cruel-impunidad\/#primaryimage"},"thumbnailUrl":"https:\/\/www.pressenza.com\/wp-content\/uploads\/2019\/03\/Mario-Golemba.jpg","datePublished":"2019-03-27T16:00:37+00:00","description":"I Este mi\u00e9rcoles 27 de marzo se cumplen 11 a\u00f1os de la desaparici\u00f3n de Mario Fabi\u00e1n Golemba, el agricultor de 27 a\u00f1os que esa madrugada sali\u00f3 de su casa","breadcrumb":{"@id":"https:\/\/www.pressenza.com\/es\/2019\/03\/caso-mario-golemba-11-anos-de-cruel-impunidad\/#breadcrumb"},"inLanguage":"es","potentialAction":[{"@type":"ReadAction","target":["https:\/\/www.pressenza.com\/es\/2019\/03\/caso-mario-golemba-11-anos-de-cruel-impunidad\/"]}]},{"@type":"ImageObject","inLanguage":"es","@id":"https:\/\/www.pressenza.com\/es\/2019\/03\/caso-mario-golemba-11-anos-de-cruel-impunidad\/#primaryimage","url":"https:\/\/www.pressenza.com\/wp-content\/uploads\/2019\/03\/Mario-Golemba.jpg","contentUrl":"https:\/\/www.pressenza.com\/wp-content\/uploads\/2019\/03\/Mario-Golemba.jpg","width":750,"height":564},{"@type":"BreadcrumbList","@id":"https:\/\/www.pressenza.com\/es\/2019\/03\/caso-mario-golemba-11-anos-de-cruel-impunidad\/#breadcrumb","itemListElement":[{"@type":"ListItem","position":1,"name":"Accueil","item":"https:\/\/www.pressenza.com\/es\/"},{"@type":"ListItem","position":2,"name":"Caso Mario Golemba: 11 a\u00f1os de cruel impunidad"}]},{"@type":"WebSite","@id":"https:\/\/www.pressenza.com\/es\/#website","url":"https:\/\/www.pressenza.com\/es\/","name":"Pressenza","description":"International Press Agency","publisher":{"@id":"https:\/\/www.pressenza.com\/es\/#organization"},"potentialAction":[{"@type":"SearchAction","target":{"@type":"EntryPoint","urlTemplate":"https:\/\/www.pressenza.com\/es\/?s={search_term_string}"},"query-input":{"@type":"PropertyValueSpecification","valueRequired":true,"valueName":"search_term_string"}}],"inLanguage":"es"},{"@type":"Organization","@id":"https:\/\/www.pressenza.com\/es\/#organization","name":"Pressenza","url":"https:\/\/www.pressenza.com\/es\/","logo":{"@type":"ImageObject","inLanguage":"es","@id":"https:\/\/www.pressenza.com\/es\/#\/schema\/logo\/image\/","url":"https:\/\/www.pressenza.com\/wp-content\/uploads\/2022\/10\/pressenza_logo_200x200.jpg","contentUrl":"https:\/\/www.pressenza.com\/wp-content\/uploads\/2022\/10\/pressenza_logo_200x200.jpg","width":200,"height":200,"caption":"Pressenza"},"image":{"@id":"https:\/\/www.pressenza.com\/es\/#\/schema\/logo\/image\/"},"sameAs":["https:\/\/www.facebook.com\/PressenzaItalia","https:\/\/x.com\/PressenzaIPA"]},{"@type":"Person","@id":"https:\/\/www.pressenza.com\/es\/#\/schema\/person\/a71ed7e6ac8a1ce22c94a8eee7736558","name":"Sergio Alvez","description":"Naci\u00f3 en Posadas, Misiones, en 1979. Es periodista y escritor.","url":"https:\/\/www.pressenza.com\/es\/author\/sergio-alvez\/"}]}},"place":"Posadas, Misiones","original_article_url":"","_links":{"self":[{"href":"https:\/\/www.pressenza.com\/es\/wp-json\/wp\/v2\/posts\/830938","targetHints":{"allow":["GET"]}}],"collection":[{"href":"https:\/\/www.pressenza.com\/es\/wp-json\/wp\/v2\/posts"}],"about":[{"href":"https:\/\/www.pressenza.com\/es\/wp-json\/wp\/v2\/types\/post"}],"author":[{"embeddable":true,"href":"https:\/\/www.pressenza.com\/es\/wp-json\/wp\/v2\/users\/1366"}],"replies":[{"embeddable":true,"href":"https:\/\/www.pressenza.com\/es\/wp-json\/wp\/v2\/comments?post=830938"}],"version-history":[{"count":0,"href":"https:\/\/www.pressenza.com\/es\/wp-json\/wp\/v2\/posts\/830938\/revisions"}],"wp:featuredmedia":[{"embeddable":true,"href":"https:\/\/www.pressenza.com\/es\/wp-json\/wp\/v2\/media\/830939"}],"wp:attachment":[{"href":"https:\/\/www.pressenza.com\/es\/wp-json\/wp\/v2\/media?parent=830938"}],"wp:term":[{"taxonomy":"category","embeddable":true,"href":"https:\/\/www.pressenza.com\/es\/wp-json\/wp\/v2\/categories?post=830938"},{"taxonomy":"post_tag","embeddable":true,"href":"https:\/\/www.pressenza.com\/es\/wp-json\/wp\/v2\/tags?post=830938"}],"curies":[{"name":"wp","href":"https:\/\/api.w.org\/{rel}","templated":true}]}}