{"id":829871,"date":"2019-03-25T03:05:20","date_gmt":"2019-03-25T03:05:20","guid":{"rendered":"https:\/\/www.pressenza.com\/?p=829871"},"modified":"2019-03-25T03:05:20","modified_gmt":"2019-03-25T03:05:20","slug":"son30000-multitudinario-dia-de-la-memoria-verdad-y-justicia-en-argentina","status":"publish","type":"post","link":"https:\/\/www.pressenza.com\/es\/2019\/03\/son30000-multitudinario-dia-de-la-memoria-verdad-y-justicia-en-argentina\/","title":{"rendered":"#Son30000 Multitudinario D\u00eda de la Memoria, Verdad y Justicia en Argentina"},"content":{"rendered":"<p>Otro 24 de marzo m\u00e1s en la Argentina, rememorando la fecha en la que se inici\u00f3 la p\u00e1gina m\u00e1s siniestra de las dictaduras que vivi\u00f3 el pa\u00eds durante el Siglo XX. 43 a\u00f1os han pasado desde que Jorge Rafael Videla accedi\u00f3 al poder de manera violenta y para desarrollar un genocidio brutal que dej\u00f3 un tendal de 30 mil desaparecidos.<\/p>\n<p>Las Madres de Plaza de Mayo, las Abuelas de Plaza de Mayo, Hijos y Familiares de Detenidos Desaparecidos encabezan esta convocatoria multitudinaria y perseverante para crear consciencia en las nuevas generaciones de que a los golpes de Estado los argentinos les dicen \u201cNunca M\u00e1s\u201d y para reforzar el pedido de Verdad y la exigencia de Justicia.<\/p>\n<p>Desde el escenario donde subieron los y las representantes de los organismos de derechos humanos se critic\u00f3 el accionar del gobierno de Mauricio Macri que lleva adelante un vaciamiento de las pol\u00edticas de Memoria, Verdad y Justicia, adem\u00e1s de alentar un discurso de impunidad para los criminales de lesa humanidad, a los que se beneficia con prisi\u00f3n domiciliaria contraviniendo los tratados internacionales.<\/p>\n<p>Pero tambi\u00e9n se censur\u00f3 al gobierno de Macri por la represi\u00f3n contra la protesta social, por el despojo de tierras a los pueblos originarios, por el hambre planificado y el endeudamiento a cien a\u00f1os del pueblo argentino.<\/p>\n<p>Se destac\u00f3 la presencia de los excombatientes de la guerra de Malvinas y se volvi\u00f3 a reivindicar la soberan\u00eda sobre las islas del Atl\u00e1ntico Sur como argentinas y se celebr\u00f3 que las principales centrales obreras hubieran decidido acompa\u00f1ar unificadas en el D\u00eda de la Memoria. Y se pidi\u00f3 la libertad de todos los presos y presas pol\u00edticas de esta gesti\u00f3n de gobierno.<\/p>\n<p>M\u00e1s de 300 mil personas participaron del evento en Buenos Aires y otro tanto en el resto de ciudades donde se celebr\u00f3 el D\u00eda de la Memoria en la Argentina.<\/p>\n<p><img loading=\"lazy\" decoding=\"async\" class=\"alignleft size-large wp-image-829881\" src=\"https:\/\/www.pressenza.com\/wp-content\/uploads\/2019\/03\/WhatsApp-Image-2019-03-24-at-18.03.41-720x540.jpeg\" alt=\"\" width=\"720\" height=\"540\" srcset=\"https:\/\/www.pressenza.com\/wp-content\/uploads\/2019\/03\/WhatsApp-Image-2019-03-24-at-18.03.41-720x540.jpeg 720w, https:\/\/www.pressenza.com\/wp-content\/uploads\/2019\/03\/WhatsApp-Image-2019-03-24-at-18.03.41-300x225.jpeg 300w, https:\/\/www.pressenza.com\/wp-content\/uploads\/2019\/03\/WhatsApp-Image-2019-03-24-at-18.03.41-768x576.jpeg 768w, https:\/\/www.pressenza.com\/wp-content\/uploads\/2019\/03\/WhatsApp-Image-2019-03-24-at-18.03.41.jpeg 1032w\" sizes=\"auto, (max-width: 720px) 100vw, 720px\" \/><\/p>\n","protected":false},"excerpt":{"rendered":"<p>Otro 24 de marzo m\u00e1s en la Argentina, rememorando la fecha en la que se inici\u00f3 la p\u00e1gina m\u00e1s siniestra de las dictaduras que vivi\u00f3 el pa\u00eds durante el Siglo XX. 43 a\u00f1os han pasado desde que Jorge Rafael Videla&hellip;<\/p>\n","protected":false},"author":96,"featured_media":829872,"comment_status":"closed","ping_status":"closed","sticky":false,"template":"","format":"standard","meta":{"footnotes":""},"categories":[11389,79,74,67],"tags":[1028,26,441,6903,3977,868,3411,56792],"class_list":["post-829871","post","type-post","status-publish","format-standard","has-post-thumbnail","hentry","category-contenido-original","category-derechos-humanos","category-politica-es","category-sudamerica","tag-abuelas-de-plaza-de-mayo","tag-argentina","tag-derechos-humanos","tag-desaparecidos-es","tag-madres-de-plaza-de-mayo","tag-memoria","tag-presos-politicos","tag-son30000"],"yoast_head":"<!-- This site is optimized with the Yoast SEO plugin v27.1.1 - https:\/\/yoast.com\/product\/yoast-seo-wordpress\/ -->\n<title>#Son30000 Multitudinario D\u00eda de la Memoria, Verdad y Justicia en Argentina<\/title>\n<meta name=\"description\" content=\"Otro 24 de marzo m\u00e1s en la Argentina, rememorando la fecha en la que se inici\u00f3 la p\u00e1gina m\u00e1s siniestra de las dictaduras que vivi\u00f3 el pa\u00eds durante el\" \/>\n<meta name=\"robots\" content=\"index, follow, max-snippet:-1, max-image-preview:large, max-video-preview:-1\" \/>\n<link rel=\"canonical\" href=\"https:\/\/www.pressenza.com\/es\/2019\/03\/son30000-multitudinario-dia-de-la-memoria-verdad-y-justicia-en-argentina\/\" \/>\n<meta property=\"og:locale\" content=\"es_ES\" \/>\n<meta property=\"og:type\" content=\"article\" \/>\n<meta property=\"og:title\" content=\"#Son30000 Multitudinario D\u00eda de la Memoria, Verdad y Justicia en Argentina\" \/>\n<meta property=\"og:description\" content=\"Otro 24 de marzo m\u00e1s en la Argentina, rememorando la fecha en la que se inici\u00f3 la p\u00e1gina m\u00e1s siniestra de las dictaduras que vivi\u00f3 el pa\u00eds durante el\" \/>\n<meta property=\"og:url\" content=\"https:\/\/www.pressenza.com\/es\/2019\/03\/son30000-multitudinario-dia-de-la-memoria-verdad-y-justicia-en-argentina\/\" \/>\n<meta property=\"og:site_name\" content=\"Pressenza\" \/>\n<meta property=\"article:publisher\" content=\"https:\/\/www.facebook.com\/PressenzaItalia\" \/>\n<meta property=\"article:author\" content=\"https:\/\/www.facebook.com\/mariano.quiroga.779\" \/>\n<meta property=\"article:published_time\" content=\"2019-03-25T03:05:20+00:00\" \/>\n<meta property=\"og:image\" content=\"https:\/\/www.pressenza.com\/wp-content\/uploads\/2019\/03\/WhatsApp-Image-2019-03-24-at-18.03.43.jpeg\" \/>\n\t<meta property=\"og:image:width\" content=\"1032\" \/>\n\t<meta property=\"og:image:height\" content=\"774\" \/>\n\t<meta property=\"og:image:type\" content=\"image\/jpeg\" \/>\n<meta name=\"author\" content=\"Mariano Quiroga\" \/>\n<meta name=\"twitter:card\" content=\"summary_large_image\" \/>\n<meta name=\"twitter:creator\" content=\"@MaruchoQuiroga\" \/>\n<meta name=\"twitter:site\" content=\"@PressenzaIPA\" \/>\n<meta name=\"twitter:label1\" content=\"Escrito por\" \/>\n\t<meta name=\"twitter:data1\" content=\"Mariano Quiroga\" \/>\n\t<meta name=\"twitter:label2\" content=\"Tiempo de lectura\" \/>\n\t<meta name=\"twitter:data2\" content=\"2 minutos\" \/>\n<script type=\"application\/ld+json\" class=\"yoast-schema-graph\">{\"@context\":\"https:\/\/schema.org\",\"@graph\":[{\"@type\":\"Article\",\"@id\":\"https:\/\/www.pressenza.com\/es\/2019\/03\/son30000-multitudinario-dia-de-la-memoria-verdad-y-justicia-en-argentina\/#article\",\"isPartOf\":{\"@id\":\"https:\/\/www.pressenza.com\/es\/2019\/03\/son30000-multitudinario-dia-de-la-memoria-verdad-y-justicia-en-argentina\/\"},\"author\":{\"name\":\"Mariano Quiroga\",\"@id\":\"https:\/\/www.pressenza.com\/es\/#\/schema\/person\/a0856fe41d8234b92503e6b28dc2585e\"},\"headline\":\"#Son30000 Multitudinario D\u00eda de la Memoria, Verdad y Justicia en Argentina\",\"datePublished\":\"2019-03-25T03:05:20+00:00\",\"mainEntityOfPage\":{\"@id\":\"https:\/\/www.pressenza.com\/es\/2019\/03\/son30000-multitudinario-dia-de-la-memoria-verdad-y-justicia-en-argentina\/\"},\"wordCount\":335,\"publisher\":{\"@id\":\"https:\/\/www.pressenza.com\/es\/#organization\"},\"image\":{\"@id\":\"https:\/\/www.pressenza.com\/es\/2019\/03\/son30000-multitudinario-dia-de-la-memoria-verdad-y-justicia-en-argentina\/#primaryimage\"},\"thumbnailUrl\":\"https:\/\/www.pressenza.com\/wp-content\/uploads\/2019\/03\/WhatsApp-Image-2019-03-24-at-18.03.43.jpeg\",\"keywords\":[\"Abuelas de Plaza de Mayo\",\"Argentina\",\"Derechos humanos\",\"desaparecidos\",\"Madres de Plaza de mayo\",\"memoria\",\"presos pol\u00edticos\",\"Son30000\"],\"articleSection\":[\"Contenido Original\",\"Derechos Humanos\",\"Pol\u00edtica\",\"Sudam\u00e9rica\"],\"inLanguage\":\"es\"},{\"@type\":\"WebPage\",\"@id\":\"https:\/\/www.pressenza.com\/es\/2019\/03\/son30000-multitudinario-dia-de-la-memoria-verdad-y-justicia-en-argentina\/\",\"url\":\"https:\/\/www.pressenza.com\/es\/2019\/03\/son30000-multitudinario-dia-de-la-memoria-verdad-y-justicia-en-argentina\/\",\"name\":\"#Son30000 Multitudinario D\u00eda de la Memoria, Verdad y Justicia en Argentina\",\"isPartOf\":{\"@id\":\"https:\/\/www.pressenza.com\/es\/#website\"},\"primaryImageOfPage\":{\"@id\":\"https:\/\/www.pressenza.com\/es\/2019\/03\/son30000-multitudinario-dia-de-la-memoria-verdad-y-justicia-en-argentina\/#primaryimage\"},\"image\":{\"@id\":\"https:\/\/www.pressenza.com\/es\/2019\/03\/son30000-multitudinario-dia-de-la-memoria-verdad-y-justicia-en-argentina\/#primaryimage\"},\"thumbnailUrl\":\"https:\/\/www.pressenza.com\/wp-content\/uploads\/2019\/03\/WhatsApp-Image-2019-03-24-at-18.03.43.jpeg\",\"datePublished\":\"2019-03-25T03:05:20+00:00\",\"description\":\"Otro 24 de marzo m\u00e1s en la Argentina, rememorando la fecha en la que se inici\u00f3 la p\u00e1gina m\u00e1s siniestra de las dictaduras que vivi\u00f3 el pa\u00eds durante el\",\"breadcrumb\":{\"@id\":\"https:\/\/www.pressenza.com\/es\/2019\/03\/son30000-multitudinario-dia-de-la-memoria-verdad-y-justicia-en-argentina\/#breadcrumb\"},\"inLanguage\":\"es\",\"potentialAction\":[{\"@type\":\"ReadAction\",\"target\":[\"https:\/\/www.pressenza.com\/es\/2019\/03\/son30000-multitudinario-dia-de-la-memoria-verdad-y-justicia-en-argentina\/\"]}]},{\"@type\":\"ImageObject\",\"inLanguage\":\"es\",\"@id\":\"https:\/\/www.pressenza.com\/es\/2019\/03\/son30000-multitudinario-dia-de-la-memoria-verdad-y-justicia-en-argentina\/#primaryimage\",\"url\":\"https:\/\/www.pressenza.com\/wp-content\/uploads\/2019\/03\/WhatsApp-Image-2019-03-24-at-18.03.43.jpeg\",\"contentUrl\":\"https:\/\/www.pressenza.com\/wp-content\/uploads\/2019\/03\/WhatsApp-Image-2019-03-24-at-18.03.43.jpeg\",\"width\":1032,\"height\":774},{\"@type\":\"BreadcrumbList\",\"@id\":\"https:\/\/www.pressenza.com\/es\/2019\/03\/son30000-multitudinario-dia-de-la-memoria-verdad-y-justicia-en-argentina\/#breadcrumb\",\"itemListElement\":[{\"@type\":\"ListItem\",\"position\":1,\"name\":\"Accueil\",\"item\":\"https:\/\/www.pressenza.com\/es\/\"},{\"@type\":\"ListItem\",\"position\":2,\"name\":\"#Son30000 Multitudinario D\u00eda de la Memoria, Verdad y Justicia en Argentina\"}]},{\"@type\":\"WebSite\",\"@id\":\"https:\/\/www.pressenza.com\/es\/#website\",\"url\":\"https:\/\/www.pressenza.com\/es\/\",\"name\":\"Pressenza\",\"description\":\"International Press Agency\",\"publisher\":{\"@id\":\"https:\/\/www.pressenza.com\/es\/#organization\"},\"potentialAction\":[{\"@type\":\"SearchAction\",\"target\":{\"@type\":\"EntryPoint\",\"urlTemplate\":\"https:\/\/www.pressenza.com\/es\/?s={search_term_string}\"},\"query-input\":{\"@type\":\"PropertyValueSpecification\",\"valueRequired\":true,\"valueName\":\"search_term_string\"}}],\"inLanguage\":\"es\"},{\"@type\":\"Organization\",\"@id\":\"https:\/\/www.pressenza.com\/es\/#organization\",\"name\":\"Pressenza\",\"url\":\"https:\/\/www.pressenza.com\/es\/\",\"logo\":{\"@type\":\"ImageObject\",\"inLanguage\":\"es\",\"@id\":\"https:\/\/www.pressenza.com\/es\/#\/schema\/logo\/image\/\",\"url\":\"https:\/\/www.pressenza.com\/wp-content\/uploads\/2022\/10\/pressenza_logo_200x200.jpg\",\"contentUrl\":\"https:\/\/www.pressenza.com\/wp-content\/uploads\/2022\/10\/pressenza_logo_200x200.jpg\",\"width\":200,\"height\":200,\"caption\":\"Pressenza\"},\"image\":{\"@id\":\"https:\/\/www.pressenza.com\/es\/#\/schema\/logo\/image\/\"},\"sameAs\":[\"https:\/\/www.facebook.com\/PressenzaItalia\",\"https:\/\/x.com\/PressenzaIPA\"]},{\"@type\":\"Person\",\"@id\":\"https:\/\/www.pressenza.com\/es\/#\/schema\/person\/a0856fe41d8234b92503e6b28dc2585e\",\"name\":\"Mariano Quiroga\",\"description\":\"Born in Buenos Aires, Argentina, in 1976, Mariano is a journalist, poet and international editor for Pressenza. His career includes publications in different countries and languages. Currently he is presenter on radio programmes in Ecuador and Argentina. A humanist communicator specialising in international politics, his vocation has led him to seek to build bridges that allow relationships to be made between data, events, people and contexts in order to create an inclusive look that synthesises the noblest searches for social justice and humanisation of the planet.\",\"sameAs\":[\"https:\/\/www.facebook.com\/mariano.quiroga.779\",\"https:\/\/x.com\/MaruchoQuiroga\"],\"url\":\"https:\/\/www.pressenza.com\/es\/author\/mariano-quiroga\/\"}]}<\/script>\n<!-- \/ Yoast SEO plugin. -->","yoast_head_json":{"title":"#Son30000 Multitudinario D\u00eda de la Memoria, Verdad y Justicia en Argentina","description":"Otro 24 de marzo m\u00e1s en la Argentina, rememorando la fecha en la que se inici\u00f3 la p\u00e1gina m\u00e1s siniestra de las dictaduras que vivi\u00f3 el pa\u00eds durante el","robots":{"index":"index","follow":"follow","max-snippet":"max-snippet:-1","max-image-preview":"max-image-preview:large","max-video-preview":"max-video-preview:-1"},"canonical":"https:\/\/www.pressenza.com\/es\/2019\/03\/son30000-multitudinario-dia-de-la-memoria-verdad-y-justicia-en-argentina\/","og_locale":"es_ES","og_type":"article","og_title":"#Son30000 Multitudinario D\u00eda de la Memoria, Verdad y Justicia en Argentina","og_description":"Otro 24 de marzo m\u00e1s en la Argentina, rememorando la fecha en la que se inici\u00f3 la p\u00e1gina m\u00e1s siniestra de las dictaduras que vivi\u00f3 el pa\u00eds durante el","og_url":"https:\/\/www.pressenza.com\/es\/2019\/03\/son30000-multitudinario-dia-de-la-memoria-verdad-y-justicia-en-argentina\/","og_site_name":"Pressenza","article_publisher":"https:\/\/www.facebook.com\/PressenzaItalia","article_author":"https:\/\/www.facebook.com\/mariano.quiroga.779","article_published_time":"2019-03-25T03:05:20+00:00","og_image":[{"width":1032,"height":774,"url":"https:\/\/www.pressenza.com\/wp-content\/uploads\/2019\/03\/WhatsApp-Image-2019-03-24-at-18.03.43.jpeg","type":"image\/jpeg"}],"author":"Mariano Quiroga","twitter_card":"summary_large_image","twitter_creator":"@MaruchoQuiroga","twitter_site":"@PressenzaIPA","twitter_misc":{"Escrito por":"Mariano Quiroga","Tiempo de lectura":"2 minutos"},"schema":{"@context":"https:\/\/schema.org","@graph":[{"@type":"Article","@id":"https:\/\/www.pressenza.com\/es\/2019\/03\/son30000-multitudinario-dia-de-la-memoria-verdad-y-justicia-en-argentina\/#article","isPartOf":{"@id":"https:\/\/www.pressenza.com\/es\/2019\/03\/son30000-multitudinario-dia-de-la-memoria-verdad-y-justicia-en-argentina\/"},"author":{"name":"Mariano Quiroga","@id":"https:\/\/www.pressenza.com\/es\/#\/schema\/person\/a0856fe41d8234b92503e6b28dc2585e"},"headline":"#Son30000 Multitudinario D\u00eda de la Memoria, Verdad y Justicia en Argentina","datePublished":"2019-03-25T03:05:20+00:00","mainEntityOfPage":{"@id":"https:\/\/www.pressenza.com\/es\/2019\/03\/son30000-multitudinario-dia-de-la-memoria-verdad-y-justicia-en-argentina\/"},"wordCount":335,"publisher":{"@id":"https:\/\/www.pressenza.com\/es\/#organization"},"image":{"@id":"https:\/\/www.pressenza.com\/es\/2019\/03\/son30000-multitudinario-dia-de-la-memoria-verdad-y-justicia-en-argentina\/#primaryimage"},"thumbnailUrl":"https:\/\/www.pressenza.com\/wp-content\/uploads\/2019\/03\/WhatsApp-Image-2019-03-24-at-18.03.43.jpeg","keywords":["Abuelas de Plaza de Mayo","Argentina","Derechos humanos","desaparecidos","Madres de Plaza de mayo","memoria","presos pol\u00edticos","Son30000"],"articleSection":["Contenido Original","Derechos Humanos","Pol\u00edtica","Sudam\u00e9rica"],"inLanguage":"es"},{"@type":"WebPage","@id":"https:\/\/www.pressenza.com\/es\/2019\/03\/son30000-multitudinario-dia-de-la-memoria-verdad-y-justicia-en-argentina\/","url":"https:\/\/www.pressenza.com\/es\/2019\/03\/son30000-multitudinario-dia-de-la-memoria-verdad-y-justicia-en-argentina\/","name":"#Son30000 Multitudinario D\u00eda de la Memoria, Verdad y Justicia en Argentina","isPartOf":{"@id":"https:\/\/www.pressenza.com\/es\/#website"},"primaryImageOfPage":{"@id":"https:\/\/www.pressenza.com\/es\/2019\/03\/son30000-multitudinario-dia-de-la-memoria-verdad-y-justicia-en-argentina\/#primaryimage"},"image":{"@id":"https:\/\/www.pressenza.com\/es\/2019\/03\/son30000-multitudinario-dia-de-la-memoria-verdad-y-justicia-en-argentina\/#primaryimage"},"thumbnailUrl":"https:\/\/www.pressenza.com\/wp-content\/uploads\/2019\/03\/WhatsApp-Image-2019-03-24-at-18.03.43.jpeg","datePublished":"2019-03-25T03:05:20+00:00","description":"Otro 24 de marzo m\u00e1s en la Argentina, rememorando la fecha en la que se inici\u00f3 la p\u00e1gina m\u00e1s siniestra de las dictaduras que vivi\u00f3 el pa\u00eds durante el","breadcrumb":{"@id":"https:\/\/www.pressenza.com\/es\/2019\/03\/son30000-multitudinario-dia-de-la-memoria-verdad-y-justicia-en-argentina\/#breadcrumb"},"inLanguage":"es","potentialAction":[{"@type":"ReadAction","target":["https:\/\/www.pressenza.com\/es\/2019\/03\/son30000-multitudinario-dia-de-la-memoria-verdad-y-justicia-en-argentina\/"]}]},{"@type":"ImageObject","inLanguage":"es","@id":"https:\/\/www.pressenza.com\/es\/2019\/03\/son30000-multitudinario-dia-de-la-memoria-verdad-y-justicia-en-argentina\/#primaryimage","url":"https:\/\/www.pressenza.com\/wp-content\/uploads\/2019\/03\/WhatsApp-Image-2019-03-24-at-18.03.43.jpeg","contentUrl":"https:\/\/www.pressenza.com\/wp-content\/uploads\/2019\/03\/WhatsApp-Image-2019-03-24-at-18.03.43.jpeg","width":1032,"height":774},{"@type":"BreadcrumbList","@id":"https:\/\/www.pressenza.com\/es\/2019\/03\/son30000-multitudinario-dia-de-la-memoria-verdad-y-justicia-en-argentina\/#breadcrumb","itemListElement":[{"@type":"ListItem","position":1,"name":"Accueil","item":"https:\/\/www.pressenza.com\/es\/"},{"@type":"ListItem","position":2,"name":"#Son30000 Multitudinario D\u00eda de la Memoria, Verdad y Justicia en Argentina"}]},{"@type":"WebSite","@id":"https:\/\/www.pressenza.com\/es\/#website","url":"https:\/\/www.pressenza.com\/es\/","name":"Pressenza","description":"International Press Agency","publisher":{"@id":"https:\/\/www.pressenza.com\/es\/#organization"},"potentialAction":[{"@type":"SearchAction","target":{"@type":"EntryPoint","urlTemplate":"https:\/\/www.pressenza.com\/es\/?s={search_term_string}"},"query-input":{"@type":"PropertyValueSpecification","valueRequired":true,"valueName":"search_term_string"}}],"inLanguage":"es"},{"@type":"Organization","@id":"https:\/\/www.pressenza.com\/es\/#organization","name":"Pressenza","url":"https:\/\/www.pressenza.com\/es\/","logo":{"@type":"ImageObject","inLanguage":"es","@id":"https:\/\/www.pressenza.com\/es\/#\/schema\/logo\/image\/","url":"https:\/\/www.pressenza.com\/wp-content\/uploads\/2022\/10\/pressenza_logo_200x200.jpg","contentUrl":"https:\/\/www.pressenza.com\/wp-content\/uploads\/2022\/10\/pressenza_logo_200x200.jpg","width":200,"height":200,"caption":"Pressenza"},"image":{"@id":"https:\/\/www.pressenza.com\/es\/#\/schema\/logo\/image\/"},"sameAs":["https:\/\/www.facebook.com\/PressenzaItalia","https:\/\/x.com\/PressenzaIPA"]},{"@type":"Person","@id":"https:\/\/www.pressenza.com\/es\/#\/schema\/person\/a0856fe41d8234b92503e6b28dc2585e","name":"Mariano Quiroga","description":"Born in Buenos Aires, Argentina, in 1976, Mariano is a journalist, poet and international editor for Pressenza. His career includes publications in different countries and languages. Currently he is presenter on radio programmes in Ecuador and Argentina. A humanist communicator specialising in international politics, his vocation has led him to seek to build bridges that allow relationships to be made between data, events, people and contexts in order to create an inclusive look that synthesises the noblest searches for social justice and humanisation of the planet.","sameAs":["https:\/\/www.facebook.com\/mariano.quiroga.779","https:\/\/x.com\/MaruchoQuiroga"],"url":"https:\/\/www.pressenza.com\/es\/author\/mariano-quiroga\/"}]}},"place":"Ciudad de Buenos Aires, Argentina","original_article_url":"","_links":{"self":[{"href":"https:\/\/www.pressenza.com\/es\/wp-json\/wp\/v2\/posts\/829871","targetHints":{"allow":["GET"]}}],"collection":[{"href":"https:\/\/www.pressenza.com\/es\/wp-json\/wp\/v2\/posts"}],"about":[{"href":"https:\/\/www.pressenza.com\/es\/wp-json\/wp\/v2\/types\/post"}],"author":[{"embeddable":true,"href":"https:\/\/www.pressenza.com\/es\/wp-json\/wp\/v2\/users\/96"}],"replies":[{"embeddable":true,"href":"https:\/\/www.pressenza.com\/es\/wp-json\/wp\/v2\/comments?post=829871"}],"version-history":[{"count":0,"href":"https:\/\/www.pressenza.com\/es\/wp-json\/wp\/v2\/posts\/829871\/revisions"}],"wp:featuredmedia":[{"embeddable":true,"href":"https:\/\/www.pressenza.com\/es\/wp-json\/wp\/v2\/media\/829872"}],"wp:attachment":[{"href":"https:\/\/www.pressenza.com\/es\/wp-json\/wp\/v2\/media?parent=829871"}],"wp:term":[{"taxonomy":"category","embeddable":true,"href":"https:\/\/www.pressenza.com\/es\/wp-json\/wp\/v2\/categories?post=829871"},{"taxonomy":"post_tag","embeddable":true,"href":"https:\/\/www.pressenza.com\/es\/wp-json\/wp\/v2\/tags?post=829871"}],"curies":[{"name":"wp","href":"https:\/\/api.w.org\/{rel}","templated":true}]}}