{"id":828159,"date":"2019-03-22T16:54:36","date_gmt":"2019-03-22T16:54:36","guid":{"rendered":"https:\/\/www.pressenza.com\/?p=828159"},"modified":"2019-03-22T16:54:36","modified_gmt":"2019-03-22T16:54:36","slug":"not-in-our-name","status":"publish","type":"post","link":"https:\/\/www.pressenza.com\/es\/2019\/03\/not-in-our-name\/","title":{"rendered":"Not In Our Name"},"content":{"rendered":"<p><em>Eu sou favor\u00e1vel \u00e0 tortura.\u00a0<\/em><em>Io sono a favore della tortura.<\/em>\u00a0(Jair Bolsonaro)<\/p>\n<p>\u00abUna educaci\u00f3n basada en sanos principios significa que est\u00e1 basada en la Palabra de dios. Una educaci\u00f3n en la que la geograf\u00eda, la historia, las matem\u00e1ticas son vistas desde la perspectiva de dios. Una cosmovisi\u00f3n cristiana. Los alumnos aprender\u00e1n que el autor de la historia es dios, el creador de la geograf\u00eda es dios, dios hizo las llanuras, las monta\u00f1as, el clima; las matem\u00e1ticas, por ejemplo. El mayor matem\u00e1tico es dios. La palabra comienza en el G\u00e9nesis, el primer d\u00eda, el segundo d\u00eda, el tercer d\u00eda&#8230;. Los alumnos m\u00e1s j\u00f3venes, el primer contacto que tendr\u00e1n con las matem\u00e1ticas ser\u00e1 el libro de G\u00e9nesis, todas las disciplinas del curr\u00edculo escolar se organizar\u00e1n bajo la perspectiva de las escrituras. Las escrituras no son un obst\u00e1culo para el conocimiento, pero a partir de ellas el maestro y el profesor invadir\u00e1n las distintas \u00e1reas del conocimiento y las presentar\u00e1n a los alumnos de manera formal. Una cosa es sentir que no puedes cepillarte los dientes con el grifo abierto, otra muy diferente es o\u00edrte decir que no puedes hacerlo porque en la Biblia hay una ense\u00f1anza que te obliga a cuidar de toda la creaci\u00f3n; dios te la dio pero no puedes desperdiciarla\u00bb.<\/p>\n<p>Si fueran las palabras de un l\u00edder de alguna rep\u00fablica fundamentalista isl\u00e1mica, incluso me parecer\u00edan bien. Sin embargo, es un discurso de la secretaria ejecutiva del Ministerio de Educaci\u00f3n. El ministro de la familia y los derechos humanos, por otra parte, ya ha revelado que vio a Jes\u00fas subiendo al \u00e1rbol en el jard\u00edn de su casa y que tuvo una larga y fruct\u00edfera conversaci\u00f3n con \u00e9l. Es exactamente lo que hace en este momento Bolsonaro con Trump en la Casa Blanca, tener una conversaci\u00f3n fruct\u00edfera. Tambi\u00e9n le prometi\u00f3 que lo ayudar\u00eda con cualquier intervenci\u00f3n militar en Venezuela. A la pregunta de un periodista estadounidense, respondi\u00f3: \u00abNo ten\u00eda ninguna raz\u00f3n para matarla. Se refiri\u00f3 a Marielle Franco y a las docenas de coincidencias que lo involucran a \u00e9l y a su familia en una historia que ahora ha movido el inter\u00e9s del mundo. No ten\u00eda ninguna raz\u00f3n para matarla&#8230; es decir, pregunto, en el sentido de que si tuviera uno, \u00bflo habr\u00eda hecho?<\/p>\n<p>S\u00e3o Luis es una hermosa ciudad fundada en 1612 por los franceses cuando todav\u00eda so\u00f1aban con la formaci\u00f3n de una \u00abFrancia Ant\u00e1rtica\u00bb, un sue\u00f1o colonial que nunca se hizo realidad. Incluso en R\u00edo lo intentaron, pero fueron rechazados por una coalici\u00f3n de indios y portugueses. S\u00e3o Luis fue conquistada m\u00e1s tarde por los holandeses, que dominaron gran parte del nordeste de Brasil durante mucho tiempo. Ahora es la capital del estado de Maranh\u00e3o. A vuelo de p\u00e1jaro, est\u00e1 m\u00e1s cerca de Caracas que de R\u00edo. A pocos kil\u00f3metros de all\u00ed se encuentra la base de misiles de Alc\u00e1ntara, desde donde Brasil env\u00eda sus sat\u00e9lites al espacio. A partir de hoy ser\u00e1 utilizado por Trump. Se dice que Bolsonaro se lo alquil\u00f3 a cambio de una palmadita en el hombro y una gorra con la inscripci\u00f3n <em>USA Great Again<\/em>. En el sitio de noticias internacionales le\u00ed que Bolsonaro est\u00e1 de acuerdo en ayudar a Trump en cualquier acci\u00f3n militar en Venezuela. Todo est\u00e1 claro entonces. Ayer, nuestro presidente visit\u00f3 la CIA fuera de la agenda oficial y se reuni\u00f3 con Gina Haspel, hoy en cambio la entrevista en el sal\u00f3n oval con Trump. El uso de la base de misiles de Alc\u00e1ntara, el anuncio de la colaboraci\u00f3n con el maestro para intervenir en Venezuela y \u00abliberar definitivamente nuestro hemisferio del socialismo\u00bb. Mientras tanto, el Ministro de Econom\u00eda invit\u00f3 a los tiburones de Wall Street a venir a Brasil: estamos vendiendo todo, la infraestructura, los aeropuertos e incluso nuestro petr\u00f3leo, es una oportunidad que no hay que perderse. Recapitulemos: un presidente de la rep\u00fablica dice que no tiene ninguna raz\u00f3n para asesinar u ordenar la muerte de Marielle Franco. Trump en una posible acci\u00f3n militar contra Venezuela, utilizar\u00e1 la base brasile\u00f1a, Bolsonaro le promete hombres y medios. El Ministro de Econom\u00eda ofrece la riqueza nacional a la baja. Los ni\u00f1os estudiar\u00e1n matem\u00e1ticas religiosa, geograf\u00eda religiosa, historia y buenos modales basados en el G\u00e9nesis. Jes\u00fas sube a un \u00e1rbol en el jard\u00edn del ministro con quien comienza una larga y fruct\u00edfera conversaci\u00f3n.<\/p>\n<p>Not In Our Name es un hermoso disco de Charlie Haden y su Liberation Music Orchestra. Se registr\u00f3 en el momento de la guerra en Irak, la guerra que acab\u00f3 con Saddam Hussein. Diremos a Bolsonaro Not In Our Name dentro de unos d\u00edas en la primera gran manifestaci\u00f3n nacional contra el gobierno. El tema de la protesta ser\u00e1 la reforma de las pensiones, pero en el mitin y en la procesi\u00f3n lo gritaremos todo, tambi\u00e9n NOT IN OUR NAME.<\/p>\n<p>P.D.<\/p>\n<p>Se dijo que nuestro presidente, en una reuni\u00f3n que no est\u00e1 en la agenda oficial, violando la ley sobre la transparencia de los actos del gobierno, tuvo una charla con Gina Haspel. Esta mujer es el lado oscuro de la CIA, tiene una carrera al servicio de las operaciones especiales. Despu\u00e9s del 11 de septiembre se uni\u00f3 con entusiasmo al programa de \u00abt\u00e9cnicas de interrogatorio intensificadas\u00bb. Un horror no s\u00f3lo sostenido, sino tambi\u00e9n aplicado en varias ocasiones. En 2013, la Comisi\u00f3n del Senado prohibi\u00f3 asumir el liderazgo de las operaciones especiales clandestinas. Gina Haspen, que ha sido llamada de vuelta por Trump, ha sido Directora General de la CIA desde el 21 de mayo de 2018. El presidente brasile\u00f1o tiene todo por aprender.<\/p>\n<p>PPS<\/p>\n<p>Escrib\u00ed \u00abdios\u00bb en letras peque\u00f1as para protestar contra su dios y la religi\u00f3n que quieren imponernos. Con el mayor respeto por aquellos que creen que Dios es amor.<\/p>\n<hr \/>\n<p><em>Traducci\u00f3n por: Ana Gabriela Vel\u00e1squez Proa\u00f1o<\/em><\/p>\n","protected":false},"excerpt":{"rendered":"<p>Eu sou favor\u00e1vel \u00e0 tortura.\u00a0Io sono a favore della tortura.\u00a0(Jair Bolsonaro) \u00abUna educaci\u00f3n basada en sanos principios significa que est\u00e1 basada en la Palabra de dios. Una educaci\u00f3n en la que la geograf\u00eda, la historia, las matem\u00e1ticas son vistas desde&hellip;<\/p>\n","protected":false},"author":1567,"featured_media":826608,"comment_status":"closed","ping_status":"closed","sticky":false,"template":"","format":"standard","meta":{"footnotes":""},"categories":[11389,75,39,161,74,67],"tags":[2749,56682,26187,54889,22065,56683,3883],"class_list":["post-828159","post","type-post","status-publish","format-standard","has-post-thumbnail","hentry","category-contenido-original","category-cultura-es","category-internacional","category-opiniones","category-politica-es","category-sudamerica","tag-brasil-es","tag-brasileno","tag-donald-trump-es","tag-jair-bolsonaro-es","tag-no-en-nuestro-nombre","tag-orquesta-de-musica-de-liberacion","tag-venezuela-es"],"yoast_head":"<!-- This site is optimized with the Yoast SEO plugin v27.1.1 - https:\/\/yoast.com\/product\/yoast-seo-wordpress\/ -->\n<title>Not In Our Name<\/title>\n<meta name=\"description\" content=\"Eu sou favor\u00e1vel \u00e0 tortura.\u00a0Io sono a favore della tortura.\u00a0(Jair Bolsonaro) &quot;Una educaci\u00f3n basada en sanos principios significa que est\u00e1 basada en la\" \/>\n<meta name=\"robots\" content=\"index, follow, max-snippet:-1, max-image-preview:large, max-video-preview:-1\" \/>\n<link rel=\"canonical\" href=\"https:\/\/www.pressenza.com\/es\/2019\/03\/not-in-our-name\/\" \/>\n<meta property=\"og:locale\" content=\"es_ES\" \/>\n<meta property=\"og:type\" content=\"article\" \/>\n<meta property=\"og:title\" content=\"Not In Our Name\" \/>\n<meta property=\"og:description\" content=\"Eu sou favor\u00e1vel \u00e0 tortura.\u00a0Io sono a favore della tortura.\u00a0(Jair Bolsonaro) &quot;Una educaci\u00f3n basada en sanos principios significa que est\u00e1 basada en la\" \/>\n<meta property=\"og:url\" content=\"https:\/\/www.pressenza.com\/es\/2019\/03\/not-in-our-name\/\" \/>\n<meta property=\"og:site_name\" content=\"Pressenza\" \/>\n<meta property=\"article:publisher\" content=\"https:\/\/www.facebook.com\/PressenzaItalia\" \/>\n<meta property=\"article:published_time\" content=\"2019-03-22T16:54:36+00:00\" \/>\n<meta property=\"og:image\" content=\"https:\/\/www.pressenza.com\/wp-content\/uploads\/2019\/03\/Alan-SantosPR-Washington-EUA-Age\u0302ncia-Brasil.jpg\" \/>\n\t<meta property=\"og:image:width\" content=\"1024\" \/>\n\t<meta property=\"og:image:height\" content=\"683\" \/>\n\t<meta property=\"og:image:type\" content=\"image\/jpeg\" \/>\n<meta name=\"author\" content=\"Paolo D&#039;Aprile\" \/>\n<meta name=\"twitter:card\" content=\"summary_large_image\" \/>\n<meta name=\"twitter:creator\" content=\"@PressenzaIPA\" \/>\n<meta name=\"twitter:site\" content=\"@PressenzaIPA\" \/>\n<meta name=\"twitter:label1\" content=\"Escrito por\" \/>\n\t<meta name=\"twitter:data1\" content=\"Paolo D&#039;Aprile\" \/>\n\t<meta name=\"twitter:label2\" content=\"Tiempo de lectura\" \/>\n\t<meta name=\"twitter:data2\" content=\"5 minutos\" \/>\n<script type=\"application\/ld+json\" class=\"yoast-schema-graph\">{\"@context\":\"https:\/\/schema.org\",\"@graph\":[{\"@type\":\"Article\",\"@id\":\"https:\/\/www.pressenza.com\/es\/2019\/03\/not-in-our-name\/#article\",\"isPartOf\":{\"@id\":\"https:\/\/www.pressenza.com\/es\/2019\/03\/not-in-our-name\/\"},\"author\":{\"name\":\"Paolo D'Aprile\",\"@id\":\"https:\/\/www.pressenza.com\/es\/#\/schema\/person\/b7683f6cc5b4992d9641abb1dd2b2c7a\"},\"headline\":\"Not In Our Name\",\"datePublished\":\"2019-03-22T16:54:36+00:00\",\"mainEntityOfPage\":{\"@id\":\"https:\/\/www.pressenza.com\/es\/2019\/03\/not-in-our-name\/\"},\"wordCount\":1055,\"publisher\":{\"@id\":\"https:\/\/www.pressenza.com\/es\/#organization\"},\"image\":{\"@id\":\"https:\/\/www.pressenza.com\/es\/2019\/03\/not-in-our-name\/#primaryimage\"},\"thumbnailUrl\":\"https:\/\/www.pressenza.com\/wp-content\/uploads\/2019\/03\/Alan-SantosPR-Washington-EUA-Age\u0302ncia-Brasil.jpg\",\"keywords\":[\"Brasil\",\"Brasile\u00f1o\",\"Donald Trump\",\"Jair Bolsonaro\",\"NO EN NUESTRO NOMBRE\",\"Orquesta de M\u00fasica de Liberaci\u00f3n\",\"Venezuela\"],\"articleSection\":[\"Contenido Original\",\"Cultura y Medios\",\"Internacional\",\"Opiniones\",\"Pol\u00edtica\",\"Sudam\u00e9rica\"],\"inLanguage\":\"es\"},{\"@type\":\"WebPage\",\"@id\":\"https:\/\/www.pressenza.com\/es\/2019\/03\/not-in-our-name\/\",\"url\":\"https:\/\/www.pressenza.com\/es\/2019\/03\/not-in-our-name\/\",\"name\":\"Not In Our Name\",\"isPartOf\":{\"@id\":\"https:\/\/www.pressenza.com\/es\/#website\"},\"primaryImageOfPage\":{\"@id\":\"https:\/\/www.pressenza.com\/es\/2019\/03\/not-in-our-name\/#primaryimage\"},\"image\":{\"@id\":\"https:\/\/www.pressenza.com\/es\/2019\/03\/not-in-our-name\/#primaryimage\"},\"thumbnailUrl\":\"https:\/\/www.pressenza.com\/wp-content\/uploads\/2019\/03\/Alan-SantosPR-Washington-EUA-Age\u0302ncia-Brasil.jpg\",\"datePublished\":\"2019-03-22T16:54:36+00:00\",\"description\":\"Eu sou favor\u00e1vel \u00e0 tortura.\u00a0Io sono a favore della tortura.\u00a0(Jair Bolsonaro) \\\"Una educaci\u00f3n basada en sanos principios significa que est\u00e1 basada en la\",\"breadcrumb\":{\"@id\":\"https:\/\/www.pressenza.com\/es\/2019\/03\/not-in-our-name\/#breadcrumb\"},\"inLanguage\":\"es\",\"potentialAction\":[{\"@type\":\"ReadAction\",\"target\":[\"https:\/\/www.pressenza.com\/es\/2019\/03\/not-in-our-name\/\"]}]},{\"@type\":\"ImageObject\",\"inLanguage\":\"es\",\"@id\":\"https:\/\/www.pressenza.com\/es\/2019\/03\/not-in-our-name\/#primaryimage\",\"url\":\"https:\/\/www.pressenza.com\/wp-content\/uploads\/2019\/03\/Alan-SantosPR-Washington-EUA-Age\u0302ncia-Brasil.jpg\",\"contentUrl\":\"https:\/\/www.pressenza.com\/wp-content\/uploads\/2019\/03\/Alan-SantosPR-Washington-EUA-Age\u0302ncia-Brasil.jpg\",\"width\":1024,\"height\":683,\"caption\":\"O presidente do Brasil, Jair Bolsonaro, durante encontro com o presidente dos EUA, Donald Trump, na Casa Branca, em Washington (EUA).\"},{\"@type\":\"BreadcrumbList\",\"@id\":\"https:\/\/www.pressenza.com\/es\/2019\/03\/not-in-our-name\/#breadcrumb\",\"itemListElement\":[{\"@type\":\"ListItem\",\"position\":1,\"name\":\"Accueil\",\"item\":\"https:\/\/www.pressenza.com\/es\/\"},{\"@type\":\"ListItem\",\"position\":2,\"name\":\"Not In Our Name\"}]},{\"@type\":\"WebSite\",\"@id\":\"https:\/\/www.pressenza.com\/es\/#website\",\"url\":\"https:\/\/www.pressenza.com\/es\/\",\"name\":\"Pressenza\",\"description\":\"International Press Agency\",\"publisher\":{\"@id\":\"https:\/\/www.pressenza.com\/es\/#organization\"},\"potentialAction\":[{\"@type\":\"SearchAction\",\"target\":{\"@type\":\"EntryPoint\",\"urlTemplate\":\"https:\/\/www.pressenza.com\/es\/?s={search_term_string}\"},\"query-input\":{\"@type\":\"PropertyValueSpecification\",\"valueRequired\":true,\"valueName\":\"search_term_string\"}}],\"inLanguage\":\"es\"},{\"@type\":\"Organization\",\"@id\":\"https:\/\/www.pressenza.com\/es\/#organization\",\"name\":\"Pressenza\",\"url\":\"https:\/\/www.pressenza.com\/es\/\",\"logo\":{\"@type\":\"ImageObject\",\"inLanguage\":\"es\",\"@id\":\"https:\/\/www.pressenza.com\/es\/#\/schema\/logo\/image\/\",\"url\":\"https:\/\/www.pressenza.com\/wp-content\/uploads\/2022\/10\/pressenza_logo_200x200.jpg\",\"contentUrl\":\"https:\/\/www.pressenza.com\/wp-content\/uploads\/2022\/10\/pressenza_logo_200x200.jpg\",\"width\":200,\"height\":200,\"caption\":\"Pressenza\"},\"image\":{\"@id\":\"https:\/\/www.pressenza.com\/es\/#\/schema\/logo\/image\/\"},\"sameAs\":[\"https:\/\/www.facebook.com\/PressenzaItalia\",\"https:\/\/x.com\/PressenzaIPA\"]},{\"@type\":\"Person\",\"@id\":\"https:\/\/www.pressenza.com\/es\/#\/schema\/person\/b7683f6cc5b4992d9641abb1dd2b2c7a\",\"name\":\"Paolo D'Aprile\",\"description\":\"Nasco nel 1963... sono un uomo di mezza et\u00e0! Vivo a S\u00e3o Paulo dal 1989 e il mio lavoro di fisioterapista mi ha portato in contatto con le situazioni estreme della citt\u00e0, dalle favelas ai \\\"meninos de rua\\\". Ho partecipato a vari progetti di inclusione attraverso l'esercizio dei diritti civili. Da grande voglio fare il calciatore, l'astronauta e il pompiere.\",\"url\":\"https:\/\/www.pressenza.com\/es\/author\/paolo-daprile\/\"}]}<\/script>\n<!-- \/ Yoast SEO plugin. -->","yoast_head_json":{"title":"Not In Our Name","description":"Eu sou favor\u00e1vel \u00e0 tortura.\u00a0Io sono a favore della tortura.\u00a0(Jair Bolsonaro) \"Una educaci\u00f3n basada en sanos principios significa que est\u00e1 basada en la","robots":{"index":"index","follow":"follow","max-snippet":"max-snippet:-1","max-image-preview":"max-image-preview:large","max-video-preview":"max-video-preview:-1"},"canonical":"https:\/\/www.pressenza.com\/es\/2019\/03\/not-in-our-name\/","og_locale":"es_ES","og_type":"article","og_title":"Not In Our Name","og_description":"Eu sou favor\u00e1vel \u00e0 tortura.\u00a0Io sono a favore della tortura.\u00a0(Jair Bolsonaro) \"Una educaci\u00f3n basada en sanos principios significa que est\u00e1 basada en la","og_url":"https:\/\/www.pressenza.com\/es\/2019\/03\/not-in-our-name\/","og_site_name":"Pressenza","article_publisher":"https:\/\/www.facebook.com\/PressenzaItalia","article_published_time":"2019-03-22T16:54:36+00:00","og_image":[{"width":1024,"height":683,"url":"https:\/\/www.pressenza.com\/wp-content\/uploads\/2019\/03\/Alan-SantosPR-Washington-EUA-Age\u0302ncia-Brasil.jpg","type":"image\/jpeg"}],"author":"Paolo D'Aprile","twitter_card":"summary_large_image","twitter_creator":"@PressenzaIPA","twitter_site":"@PressenzaIPA","twitter_misc":{"Escrito por":"Paolo D'Aprile","Tiempo de lectura":"5 minutos"},"schema":{"@context":"https:\/\/schema.org","@graph":[{"@type":"Article","@id":"https:\/\/www.pressenza.com\/es\/2019\/03\/not-in-our-name\/#article","isPartOf":{"@id":"https:\/\/www.pressenza.com\/es\/2019\/03\/not-in-our-name\/"},"author":{"name":"Paolo D'Aprile","@id":"https:\/\/www.pressenza.com\/es\/#\/schema\/person\/b7683f6cc5b4992d9641abb1dd2b2c7a"},"headline":"Not In Our Name","datePublished":"2019-03-22T16:54:36+00:00","mainEntityOfPage":{"@id":"https:\/\/www.pressenza.com\/es\/2019\/03\/not-in-our-name\/"},"wordCount":1055,"publisher":{"@id":"https:\/\/www.pressenza.com\/es\/#organization"},"image":{"@id":"https:\/\/www.pressenza.com\/es\/2019\/03\/not-in-our-name\/#primaryimage"},"thumbnailUrl":"https:\/\/www.pressenza.com\/wp-content\/uploads\/2019\/03\/Alan-SantosPR-Washington-EUA-Age\u0302ncia-Brasil.jpg","keywords":["Brasil","Brasile\u00f1o","Donald Trump","Jair Bolsonaro","NO EN NUESTRO NOMBRE","Orquesta de M\u00fasica de Liberaci\u00f3n","Venezuela"],"articleSection":["Contenido Original","Cultura y Medios","Internacional","Opiniones","Pol\u00edtica","Sudam\u00e9rica"],"inLanguage":"es"},{"@type":"WebPage","@id":"https:\/\/www.pressenza.com\/es\/2019\/03\/not-in-our-name\/","url":"https:\/\/www.pressenza.com\/es\/2019\/03\/not-in-our-name\/","name":"Not In Our Name","isPartOf":{"@id":"https:\/\/www.pressenza.com\/es\/#website"},"primaryImageOfPage":{"@id":"https:\/\/www.pressenza.com\/es\/2019\/03\/not-in-our-name\/#primaryimage"},"image":{"@id":"https:\/\/www.pressenza.com\/es\/2019\/03\/not-in-our-name\/#primaryimage"},"thumbnailUrl":"https:\/\/www.pressenza.com\/wp-content\/uploads\/2019\/03\/Alan-SantosPR-Washington-EUA-Age\u0302ncia-Brasil.jpg","datePublished":"2019-03-22T16:54:36+00:00","description":"Eu sou favor\u00e1vel \u00e0 tortura.\u00a0Io sono a favore della tortura.\u00a0(Jair Bolsonaro) \"Una educaci\u00f3n basada en sanos principios significa que est\u00e1 basada en la","breadcrumb":{"@id":"https:\/\/www.pressenza.com\/es\/2019\/03\/not-in-our-name\/#breadcrumb"},"inLanguage":"es","potentialAction":[{"@type":"ReadAction","target":["https:\/\/www.pressenza.com\/es\/2019\/03\/not-in-our-name\/"]}]},{"@type":"ImageObject","inLanguage":"es","@id":"https:\/\/www.pressenza.com\/es\/2019\/03\/not-in-our-name\/#primaryimage","url":"https:\/\/www.pressenza.com\/wp-content\/uploads\/2019\/03\/Alan-SantosPR-Washington-EUA-Age\u0302ncia-Brasil.jpg","contentUrl":"https:\/\/www.pressenza.com\/wp-content\/uploads\/2019\/03\/Alan-SantosPR-Washington-EUA-Age\u0302ncia-Brasil.jpg","width":1024,"height":683,"caption":"O presidente do Brasil, Jair Bolsonaro, durante encontro com o presidente dos EUA, Donald Trump, na Casa Branca, em Washington (EUA)."},{"@type":"BreadcrumbList","@id":"https:\/\/www.pressenza.com\/es\/2019\/03\/not-in-our-name\/#breadcrumb","itemListElement":[{"@type":"ListItem","position":1,"name":"Accueil","item":"https:\/\/www.pressenza.com\/es\/"},{"@type":"ListItem","position":2,"name":"Not In Our Name"}]},{"@type":"WebSite","@id":"https:\/\/www.pressenza.com\/es\/#website","url":"https:\/\/www.pressenza.com\/es\/","name":"Pressenza","description":"International Press Agency","publisher":{"@id":"https:\/\/www.pressenza.com\/es\/#organization"},"potentialAction":[{"@type":"SearchAction","target":{"@type":"EntryPoint","urlTemplate":"https:\/\/www.pressenza.com\/es\/?s={search_term_string}"},"query-input":{"@type":"PropertyValueSpecification","valueRequired":true,"valueName":"search_term_string"}}],"inLanguage":"es"},{"@type":"Organization","@id":"https:\/\/www.pressenza.com\/es\/#organization","name":"Pressenza","url":"https:\/\/www.pressenza.com\/es\/","logo":{"@type":"ImageObject","inLanguage":"es","@id":"https:\/\/www.pressenza.com\/es\/#\/schema\/logo\/image\/","url":"https:\/\/www.pressenza.com\/wp-content\/uploads\/2022\/10\/pressenza_logo_200x200.jpg","contentUrl":"https:\/\/www.pressenza.com\/wp-content\/uploads\/2022\/10\/pressenza_logo_200x200.jpg","width":200,"height":200,"caption":"Pressenza"},"image":{"@id":"https:\/\/www.pressenza.com\/es\/#\/schema\/logo\/image\/"},"sameAs":["https:\/\/www.facebook.com\/PressenzaItalia","https:\/\/x.com\/PressenzaIPA"]},{"@type":"Person","@id":"https:\/\/www.pressenza.com\/es\/#\/schema\/person\/b7683f6cc5b4992d9641abb1dd2b2c7a","name":"Paolo D'Aprile","description":"Nasco nel 1963... sono un uomo di mezza et\u00e0! Vivo a S\u00e3o Paulo dal 1989 e il mio lavoro di fisioterapista mi ha portato in contatto con le situazioni estreme della citt\u00e0, dalle favelas ai \"meninos de rua\". Ho partecipato a vari progetti di inclusione attraverso l'esercizio dei diritti civili. Da grande voglio fare il calciatore, l'astronauta e il pompiere.","url":"https:\/\/www.pressenza.com\/es\/author\/paolo-daprile\/"}]}},"place":"","original_article_url":"","_links":{"self":[{"href":"https:\/\/www.pressenza.com\/es\/wp-json\/wp\/v2\/posts\/828159","targetHints":{"allow":["GET"]}}],"collection":[{"href":"https:\/\/www.pressenza.com\/es\/wp-json\/wp\/v2\/posts"}],"about":[{"href":"https:\/\/www.pressenza.com\/es\/wp-json\/wp\/v2\/types\/post"}],"author":[{"embeddable":true,"href":"https:\/\/www.pressenza.com\/es\/wp-json\/wp\/v2\/users\/1567"}],"replies":[{"embeddable":true,"href":"https:\/\/www.pressenza.com\/es\/wp-json\/wp\/v2\/comments?post=828159"}],"version-history":[{"count":0,"href":"https:\/\/www.pressenza.com\/es\/wp-json\/wp\/v2\/posts\/828159\/revisions"}],"wp:featuredmedia":[{"embeddable":true,"href":"https:\/\/www.pressenza.com\/es\/wp-json\/wp\/v2\/media\/826608"}],"wp:attachment":[{"href":"https:\/\/www.pressenza.com\/es\/wp-json\/wp\/v2\/media?parent=828159"}],"wp:term":[{"taxonomy":"category","embeddable":true,"href":"https:\/\/www.pressenza.com\/es\/wp-json\/wp\/v2\/categories?post=828159"},{"taxonomy":"post_tag","embeddable":true,"href":"https:\/\/www.pressenza.com\/es\/wp-json\/wp\/v2\/tags?post=828159"}],"curies":[{"name":"wp","href":"https:\/\/api.w.org\/{rel}","templated":true}]}}