{"id":826235,"date":"2019-03-18T23:59:29","date_gmt":"2019-03-18T23:59:29","guid":{"rendered":"https:\/\/www.pressenza.com\/?p=826235"},"modified":"2019-03-18T23:59:29","modified_gmt":"2019-03-18T23:59:29","slug":"masacre-en-la-mezquita-de-christchurch-un-peligroso-coctel-de-armas-e-islamofobia","status":"publish","type":"post","link":"https:\/\/www.pressenza.com\/es\/2019\/03\/masacre-en-la-mezquita-de-christchurch-un-peligroso-coctel-de-armas-e-islamofobia\/","title":{"rendered":"Masacre en la mezquita de #Christchurch: un peligroso c\u00f3ctel de armas e islamofobia"},"content":{"rendered":"<p>La nueva masacre en <strong>Christchurch, Nueva Zelanda<\/strong> &#8211; donde un \u00absupremacista\u00bb blanco que penetr\u00f3 en la Mezquita y mat\u00f3 a 49 personas ayer &#8211; invita a la reflexi\u00f3n.<\/p>\n<p>Para <strong>Giorgio Beretta, uno de los analistas de OPAL Brescia<\/strong>, el Observatorio de armas ligeras, uno de los centros de documentaci\u00f3n sobre el tema m\u00e1s calificados del mundo, no existen dudas: \u00ab<strong>Una masacre similar podr\u00eda ocurrir de un d\u00eda a otro incluso en Italia<\/strong>. <em>Hay tres elementos que acumulan estos ataques, pero tambi\u00e9n otras masacres similares que tuvieron lugar en los Estados Unidos y Canad\u00e1 evocadas por el estraguista<\/em> <strong>Brenton Tarrant<\/strong>. <em>El primero es el<\/em> <strong>odio racial suprematista<\/strong>, <em>el segundo est\u00e1 representado por la<\/em> <strong>fascinaci\u00f3n de tipo nazi-fascista<\/strong> <em>y el tercer elemento &#8211; que los comentaristas olvidan con demasiada frecuencia &#8211; es que todos los que<\/em><strong> llevaron a cabo masacres y ataques con armas que sosten\u00edan regularmente<\/strong> <em>eran titulares legales de armas<\/em>. <em>En otras palabras, la mezcla explosiva de odio racial e impulsos nazi-fascistas ha sido armada legalmente por el Estado, lo que le permite sostener armas con el pretexto de la pasi\u00f3n deportiva o la autodefensa.<\/em>\u00bb<\/p>\n<p>En una entrevista con Olivier Turquet de la <a href=\"https:\/\/www.pressenza.com\/es\/2019\/03\/beretta-opal-con-cambios-en-la-ley-a-la-legitima-defensa-peligro-de-masacres-y-aumento-de-homicidios\/\"><strong>agencia Pressenza, Giorgio Beretta<\/strong><\/a> analiza el tema en detalle.<\/p>\n<h2><strong>La xenofobia y la islamofobia, una chispa para las masacres<\/strong><\/h2>\n<p><a href=\"https:\/\/www.fronteampio.it\/wp-content\/uploads\/2019\/03\/Twitter-su-strage-Christchurch.jpg\"><img loading=\"lazy\" decoding=\"async\" class=\"alignleft wp-image-10751 size-medium\" src=\"https:\/\/www.fronteampio.it\/wp-content\/uploads\/2019\/03\/Twitter-su-strage-Christchurch-300x215.jpg\" sizes=\"auto, (max-width: 300px) 100vw, 300px\" srcset=\"https:\/\/www.fronteampio.it\/wp-content\/uploads\/2019\/03\/Twitter-su-strage-Christchurch-300x215.jpg 300w, https:\/\/www.fronteampio.it\/wp-content\/uploads\/2019\/03\/Twitter-su-strage-Christchurch.jpg 500w\" alt=\"Twitter su strage Christchurch\" width=\"300\" height=\"215\" \/><\/a><\/p>\n<p>Con respecto a <strong>la islamofobia<\/strong>, hay un comentario de <strong>Ahmed el Tayyeb, el Gran Im\u00e1n<\/strong> que a principios de a\u00f1o fue protagonista en los Emiratos de un abrazo con el Papa Francisco para mostrar la hermandad entre cristianos y musulmanes y el rechazo de la violencia en nombre de la religi\u00f3n.<\/p>\n<p>\u00ab<em>La masacre de Christchurch es un claro<\/em><strong> indicador de las consecuencias del odio y la xenofobia y la <a href=\"https:\/\/www.fronteampio.it\/forum-madrid-lindifferenza-e-i-pregiudizi-soci-della-violenza\/\">propagaci\u00f3n de la islamofobia<\/a><\/strong> <em>en varios pa\u00edses europeos, incluidos los conocidos por la fuerte coexistencia entre diferentes comunidades<\/em>\u00bb, seg\u00fan lo que dicen <a href=\"http:\/\/nena-news.it\/ahmed-el-tayyeb-criminalizzare-subito-lislamofobia\/\"><strong>los informes de Nena News<\/strong><\/a>.<\/p>\n<p>\u00ab<em>El Tayyeb<\/em> &#8211; escribe la Agencia &#8211; <em>pide<\/em> <strong>criminalizar la islamofobia<\/strong> <em>y no oculta la decepci\u00f3n por el tratamiento inicial reservado para el autor de la masacre de Christchurch definida por muchos \u00abextremista de derecha\u00bb y no por \u00abterrorista\u00bb, mientras que en los casos de los ataques de los musulmanes siempre son considerados como terrorismo y la religi\u00f3n isl\u00e1mica es atacada de inmediato<\/em>\u00bb.<\/p>\n<p><a href=\"https:\/\/www.fronteampio.it\/wp-content\/uploads\/2019\/03\/Giornali-anti-islam-strage-Christchurch.jpg\"><img loading=\"lazy\" decoding=\"async\" class=\"alignnone size-full wp-image-10748\" src=\"https:\/\/www.fronteampio.it\/wp-content\/uploads\/2019\/03\/Giornali-anti-islam-strage-Christchurch.jpg\" sizes=\"auto, (max-width: 1000px) 100vw, 1000px\" srcset=\"https:\/\/www.fronteampio.it\/wp-content\/uploads\/2019\/03\/Giornali-anti-islam-strage-Christchurch.jpg 1000w, https:\/\/www.fronteampio.it\/wp-content\/uploads\/2019\/03\/Giornali-anti-islam-strage-Christchurch-300x295.jpg 300w, https:\/\/www.fronteampio.it\/wp-content\/uploads\/2019\/03\/Giornali-anti-islam-strage-Christchurch-768x756.jpg 768w\" alt=\"Giornali anti islam strage Christchurch\" width=\"1000\" height=\"984\" \/><\/a><\/p>\n<h2><strong>Riesgo de masacres: demasiado f\u00e1cil tener un arma<\/strong><\/h2>\n<p><a href=\"https:\/\/www.fronteampio.it\/wp-content\/uploads\/2019\/03\/Armi-Civili-stimate-2017.jpg\"><img loading=\"lazy\" decoding=\"async\" class=\"alignleft wp-image-10747 size-medium\" src=\"https:\/\/www.fronteampio.it\/wp-content\/uploads\/2019\/03\/Armi-Civili-stimate-2017-256x300.jpg\" sizes=\"auto, (max-width: 256px) 100vw, 256px\" srcset=\"https:\/\/www.fronteampio.it\/wp-content\/uploads\/2019\/03\/Armi-Civili-stimate-2017-256x300.jpg 256w, https:\/\/www.fronteampio.it\/wp-content\/uploads\/2019\/03\/Armi-Civili-stimate-2017.jpg 500w\" alt=\"Armi Civili stimate 2017\" width=\"256\" height=\"300\" \/><\/a>Por otra parte, el<a href=\"http:\/\/www.smallarmssurvey.org\/fileadmin\/docs\/T-Briefing-Papers\/SAS-BP-Civilian-Firearms-Numbers.pdf\"><strong> sitio web suizo \u201cSmall arms survey\u201d<\/strong><\/a> proporciona datos horripilantes sobre la impresionante circulaci\u00f3n de armas entre la poblaci\u00f3n civil.<\/p>\n<p>Seg\u00fan una investigaci\u00f3n de <strong>Aaron Karp<\/strong>, \u00ab<em>Estimating global civilian-held firearms numbers<\/em>\u00ab, publicado en junio de 2018, <strong>hay un informe de 26.3 armas de propiedad de civiles por cada 100 habitantes en Nueva Zelanda.<\/strong> Este no es el valor m\u00e1s alto: en los Estados Unidos, la proporci\u00f3n alcanza 120.5 armas por cada cien habitantes. En cuanto a Europa, habr\u00eda 39,1 armas por habitante. En pa\u00edses culturalmente m\u00e1s cercanos (Francia, Alemania y Portugal) el n\u00famero es de alrededor de 20 por habitante.<\/p>\n<p>En Italia, la proporci\u00f3n se estima como \u00absolo\u00bb 14,4 armas por cada 100 habitantes.<\/p>\n<p>Sin embargo, si se mueve del n\u00famero porcentual, en t\u00e9rminos absolutos, la cifra aparece en todo su peligro: <strong>8,600,000 armas circulan en Italia<\/strong> <strong>(de las cuales 2,000,000 est\u00e1n registradas)<\/strong>; m\u00e1s que en Irak (7,600,000 en total estimado), Ucrania (4,400,000) o Afganist\u00e1n (4,300,000), pa\u00edses notoriamente beligerantes.<\/p>\n<p>Giorgio Beretta, en su entrevista con Pressenza, explica lo f\u00e1cil que es en Italia \u00ab<strong>tener tres pistolas o rev\u00f3lveres con cargadores de veinte rondas, <\/strong><em>doce rifles definidos como \u00abuso deportivo\u00bb y relativas municiones, contempor\u00e1neamente<\/em>\u00bb; incluyendo \u00ab<em>los semiautom\u00e1ticos AR-15, los m\u00e1s utilizados en las masacres en Am\u00e9rica<\/em>\u00bb. <a href=\"https:\/\/www.armeriagamba.it\/carabine\/semiautomatiche\/colt-ar15-a4-prezzo\"><strong>Un AR-15 cuesta 1.650 euros<\/strong><\/a>, una cantidad asequible para un entusiasta. Pero, si lo desea, \u00a1siempre se puede dirigir hacia el <a href=\"https:\/\/www.gunsweek.com\/it\/fucili-rigati\/articoli\/ar-15-entry-level-sdm-m4-commando-m4-carbine\"><strong>modelo M4 de nivel de entrada por 999 euros<\/strong><\/a>!<\/p>\n<figure id=\"attachment_10752\" class=\"wp-caption alignnone\"><a href=\"https:\/\/www.fronteampio.it\/wp-content\/uploads\/2019\/03\/SDM_M4_Carbine.jpg\"><img loading=\"lazy\" decoding=\"async\" class=\"size-full wp-image-10752\" src=\"https:\/\/www.fronteampio.it\/wp-content\/uploads\/2019\/03\/SDM_M4_Carbine.jpg\" sizes=\"auto, (max-width: 1000px) 100vw, 1000px\" srcset=\"https:\/\/www.fronteampio.it\/wp-content\/uploads\/2019\/03\/SDM_M4_Carbine.jpg 1000w, https:\/\/www.fronteampio.it\/wp-content\/uploads\/2019\/03\/SDM_M4_Carbine-300x150.jpg 300w, https:\/\/www.fronteampio.it\/wp-content\/uploads\/2019\/03\/SDM_M4_Carbine-768x384.jpg 768w\" alt=\"fucile semi-automatico M4\" width=\"1000\" height=\"500\" \/><\/a><em>Fusil semiautom\u00e1tico M4, de venta libre en Italia<\/em><\/figure>\n<p>Ayer <strong>el peri\u00f3dico \u00abLe Monde\u00bb<\/strong> especific\u00f3 que el primer ministro de Nueva Zelanda hab\u00eda anunciado, despu\u00e9s de la masacre de Christchurch, que quer\u00eda intentar <strong>adoptar un \u00abajuste\u00bb de la ley de armas de fuego<\/strong> que, en ese pa\u00eds, ya permite su disponibilidad ya a los 16 a\u00f1os de edad. Se trata, explica el peri\u00f3dico, del tercer intento. En casos anteriores, el Parlamento rechaz\u00f3 la iniciativa de limitar el uso de armas semiautom\u00e1ticas.<\/p>\n<p>En Italia, con la <strong>nueva ley que modifica la ley existente sobre la defensa propia<\/strong>, parece que queremos tomar el camino opuesto. El de esparcir m\u00e1s y <strong>m\u00e1s armas en la ilusoria creencia de que cuanto m\u00e1s armados estamos, m\u00e1s seguros estamos<\/strong>.<\/p>\n<hr \/>\n<p><em>Traducido del italiano por Michelle Oviedo<\/em><\/p>\n","protected":false},"excerpt":{"rendered":"<p>La nueva masacre en Christchurch, Nueva Zelanda &#8211; donde un \u00absupremacista\u00bb blanco que penetr\u00f3 en la Mezquita y mat\u00f3 a 49 personas ayer &#8211; invita a la reflexi\u00f3n. Para Giorgio Beretta, uno de los analistas de OPAL Brescia, el Observatorio&hellip;<\/p>\n","protected":false},"author":1284,"featured_media":825633,"comment_status":"closed","ping_status":"closed","sticky":false,"template":"","format":"standard","meta":{"footnotes":""},"categories":[11389,75,1241,70,1243],"tags":[15340,350],"class_list":["post-826235","post","type-post","status-publish","format-standard","has-post-thumbnail","hentry","category-contenido-original","category-cultura-es","category-diversidad","category-oceania-region-es","category-paz-desarme","tag-islamofobia-es","tag-terrorismo-es"],"yoast_head":"<!-- This site is optimized with the Yoast SEO plugin v27.1.1 - https:\/\/yoast.com\/product\/yoast-seo-wordpress\/ -->\n<title>Masacre en la mezquita de #Christchurch: un peligroso c\u00f3ctel de armas e islamofobia<\/title>\n<meta name=\"description\" content=\"La nueva masacre en Christchurch, Nueva Zelanda - donde un &quot;supremacista&quot; blanco que penetr\u00f3 en la Mezquita y mat\u00f3 a 49 personas ayer - invita a la\" \/>\n<meta name=\"robots\" content=\"index, follow, max-snippet:-1, max-image-preview:large, max-video-preview:-1\" \/>\n<link rel=\"canonical\" href=\"https:\/\/www.pressenza.com\/es\/2019\/03\/masacre-en-la-mezquita-de-christchurch-un-peligroso-coctel-de-armas-e-islamofobia\/\" \/>\n<meta property=\"og:locale\" content=\"es_ES\" \/>\n<meta property=\"og:type\" content=\"article\" \/>\n<meta property=\"og:title\" content=\"Masacre en la mezquita de #Christchurch: un peligroso c\u00f3ctel de armas e islamofobia\" \/>\n<meta property=\"og:description\" content=\"La nueva masacre en Christchurch, Nueva Zelanda - donde un &quot;supremacista&quot; blanco que penetr\u00f3 en la Mezquita y mat\u00f3 a 49 personas ayer - invita a la\" \/>\n<meta property=\"og:url\" content=\"https:\/\/www.pressenza.com\/es\/2019\/03\/masacre-en-la-mezquita-de-christchurch-un-peligroso-coctel-de-armas-e-islamofobia\/\" \/>\n<meta property=\"og:site_name\" content=\"Pressenza\" \/>\n<meta property=\"article:publisher\" content=\"https:\/\/www.facebook.com\/PressenzaItalia\" \/>\n<meta property=\"article:published_time\" content=\"2019-03-18T23:59:29+00:00\" \/>\n<meta property=\"og:image\" content=\"https:\/\/www.pressenza.com\/wp-content\/uploads\/2019\/03\/strage-Christchurch.jpg\" \/>\n\t<meta property=\"og:image:width\" content=\"992\" \/>\n\t<meta property=\"og:image:height\" content=\"558\" \/>\n\t<meta property=\"og:image:type\" content=\"image\/jpeg\" \/>\n<meta name=\"author\" content=\"Natale Salvo\" \/>\n<meta name=\"twitter:card\" content=\"summary_large_image\" \/>\n<meta name=\"twitter:creator\" content=\"@PressenzaIPA\" \/>\n<meta name=\"twitter:site\" content=\"@PressenzaIPA\" \/>\n<meta name=\"twitter:label1\" content=\"Escrito por\" \/>\n\t<meta name=\"twitter:data1\" content=\"Natale Salvo\" \/>\n\t<meta name=\"twitter:label2\" content=\"Tiempo de lectura\" \/>\n\t<meta name=\"twitter:data2\" content=\"4 minutos\" \/>\n<script type=\"application\/ld+json\" class=\"yoast-schema-graph\">{\"@context\":\"https:\/\/schema.org\",\"@graph\":[{\"@type\":\"Article\",\"@id\":\"https:\/\/www.pressenza.com\/es\/2019\/03\/masacre-en-la-mezquita-de-christchurch-un-peligroso-coctel-de-armas-e-islamofobia\/#article\",\"isPartOf\":{\"@id\":\"https:\/\/www.pressenza.com\/es\/2019\/03\/masacre-en-la-mezquita-de-christchurch-un-peligroso-coctel-de-armas-e-islamofobia\/\"},\"author\":{\"name\":\"Natale Salvo\",\"@id\":\"https:\/\/www.pressenza.com\/es\/#\/schema\/person\/dfdba7d9ea928e4a93ced607c353757c\"},\"headline\":\"Masacre en la mezquita de #Christchurch: un peligroso c\u00f3ctel de armas e islamofobia\",\"datePublished\":\"2019-03-18T23:59:29+00:00\",\"mainEntityOfPage\":{\"@id\":\"https:\/\/www.pressenza.com\/es\/2019\/03\/masacre-en-la-mezquita-de-christchurch-un-peligroso-coctel-de-armas-e-islamofobia\/\"},\"wordCount\":797,\"publisher\":{\"@id\":\"https:\/\/www.pressenza.com\/es\/#organization\"},\"image\":{\"@id\":\"https:\/\/www.pressenza.com\/es\/2019\/03\/masacre-en-la-mezquita-de-christchurch-un-peligroso-coctel-de-armas-e-islamofobia\/#primaryimage\"},\"thumbnailUrl\":\"https:\/\/www.pressenza.com\/wp-content\/uploads\/2019\/03\/strage-Christchurch.jpg\",\"keywords\":[\"islamofobia\",\"terrorismo\"],\"articleSection\":[\"Contenido Original\",\"Cultura y Medios\",\"Diversidad\",\"Oceania\",\"Paz y Desarme\"],\"inLanguage\":\"es\"},{\"@type\":\"WebPage\",\"@id\":\"https:\/\/www.pressenza.com\/es\/2019\/03\/masacre-en-la-mezquita-de-christchurch-un-peligroso-coctel-de-armas-e-islamofobia\/\",\"url\":\"https:\/\/www.pressenza.com\/es\/2019\/03\/masacre-en-la-mezquita-de-christchurch-un-peligroso-coctel-de-armas-e-islamofobia\/\",\"name\":\"Masacre en la mezquita de #Christchurch: un peligroso c\u00f3ctel de armas e islamofobia\",\"isPartOf\":{\"@id\":\"https:\/\/www.pressenza.com\/es\/#website\"},\"primaryImageOfPage\":{\"@id\":\"https:\/\/www.pressenza.com\/es\/2019\/03\/masacre-en-la-mezquita-de-christchurch-un-peligroso-coctel-de-armas-e-islamofobia\/#primaryimage\"},\"image\":{\"@id\":\"https:\/\/www.pressenza.com\/es\/2019\/03\/masacre-en-la-mezquita-de-christchurch-un-peligroso-coctel-de-armas-e-islamofobia\/#primaryimage\"},\"thumbnailUrl\":\"https:\/\/www.pressenza.com\/wp-content\/uploads\/2019\/03\/strage-Christchurch.jpg\",\"datePublished\":\"2019-03-18T23:59:29+00:00\",\"description\":\"La nueva masacre en Christchurch, Nueva Zelanda - donde un \\\"supremacista\\\" blanco que penetr\u00f3 en la Mezquita y mat\u00f3 a 49 personas ayer - invita a la\",\"breadcrumb\":{\"@id\":\"https:\/\/www.pressenza.com\/es\/2019\/03\/masacre-en-la-mezquita-de-christchurch-un-peligroso-coctel-de-armas-e-islamofobia\/#breadcrumb\"},\"inLanguage\":\"es\",\"potentialAction\":[{\"@type\":\"ReadAction\",\"target\":[\"https:\/\/www.pressenza.com\/es\/2019\/03\/masacre-en-la-mezquita-de-christchurch-un-peligroso-coctel-de-armas-e-islamofobia\/\"]}]},{\"@type\":\"ImageObject\",\"inLanguage\":\"es\",\"@id\":\"https:\/\/www.pressenza.com\/es\/2019\/03\/masacre-en-la-mezquita-de-christchurch-un-peligroso-coctel-de-armas-e-islamofobia\/#primaryimage\",\"url\":\"https:\/\/www.pressenza.com\/wp-content\/uploads\/2019\/03\/strage-Christchurch.jpg\",\"contentUrl\":\"https:\/\/www.pressenza.com\/wp-content\/uploads\/2019\/03\/strage-Christchurch.jpg\",\"width\":992,\"height\":558,\"caption\":\"strage Christchurch\"},{\"@type\":\"BreadcrumbList\",\"@id\":\"https:\/\/www.pressenza.com\/es\/2019\/03\/masacre-en-la-mezquita-de-christchurch-un-peligroso-coctel-de-armas-e-islamofobia\/#breadcrumb\",\"itemListElement\":[{\"@type\":\"ListItem\",\"position\":1,\"name\":\"Accueil\",\"item\":\"https:\/\/www.pressenza.com\/es\/\"},{\"@type\":\"ListItem\",\"position\":2,\"name\":\"Masacre en la mezquita de #Christchurch: un peligroso c\u00f3ctel de armas e islamofobia\"}]},{\"@type\":\"WebSite\",\"@id\":\"https:\/\/www.pressenza.com\/es\/#website\",\"url\":\"https:\/\/www.pressenza.com\/es\/\",\"name\":\"Pressenza\",\"description\":\"International Press Agency\",\"publisher\":{\"@id\":\"https:\/\/www.pressenza.com\/es\/#organization\"},\"potentialAction\":[{\"@type\":\"SearchAction\",\"target\":{\"@type\":\"EntryPoint\",\"urlTemplate\":\"https:\/\/www.pressenza.com\/es\/?s={search_term_string}\"},\"query-input\":{\"@type\":\"PropertyValueSpecification\",\"valueRequired\":true,\"valueName\":\"search_term_string\"}}],\"inLanguage\":\"es\"},{\"@type\":\"Organization\",\"@id\":\"https:\/\/www.pressenza.com\/es\/#organization\",\"name\":\"Pressenza\",\"url\":\"https:\/\/www.pressenza.com\/es\/\",\"logo\":{\"@type\":\"ImageObject\",\"inLanguage\":\"es\",\"@id\":\"https:\/\/www.pressenza.com\/es\/#\/schema\/logo\/image\/\",\"url\":\"https:\/\/www.pressenza.com\/wp-content\/uploads\/2022\/10\/pressenza_logo_200x200.jpg\",\"contentUrl\":\"https:\/\/www.pressenza.com\/wp-content\/uploads\/2022\/10\/pressenza_logo_200x200.jpg\",\"width\":200,\"height\":200,\"caption\":\"Pressenza\"},\"image\":{\"@id\":\"https:\/\/www.pressenza.com\/es\/#\/schema\/logo\/image\/\"},\"sameAs\":[\"https:\/\/www.facebook.com\/PressenzaItalia\",\"https:\/\/x.com\/PressenzaIPA\"]},{\"@type\":\"Person\",\"@id\":\"https:\/\/www.pressenza.com\/es\/#\/schema\/person\/dfdba7d9ea928e4a93ced607c353757c\",\"name\":\"Natale Salvo\",\"description\":\"Nato e cresciuto nella terra del \u201cGattopardo\u201d, la Sicilia. Ha dedicato la propria esistenza all'impegno sociale. Allenatore di una squadretta di calcio di periferia, presidente del circolo di Legambiente, candidato sindaco per il Partito Umanista. Infine blogger d\u2019inchiesta; ha pagato le sue denunce di cattiva amministrazione con una persecuzione per via giudiziaria. E' autore del libro \\\"La rivoluzione copernicana chiamata Reddito di Base\\\", edito da Multimage, Firenze.\",\"url\":\"https:\/\/www.pressenza.com\/es\/author\/natale-salvo\/\"}]}<\/script>\n<!-- \/ Yoast SEO plugin. -->","yoast_head_json":{"title":"Masacre en la mezquita de #Christchurch: un peligroso c\u00f3ctel de armas e islamofobia","description":"La nueva masacre en Christchurch, Nueva Zelanda - donde un \"supremacista\" blanco que penetr\u00f3 en la Mezquita y mat\u00f3 a 49 personas ayer - invita a la","robots":{"index":"index","follow":"follow","max-snippet":"max-snippet:-1","max-image-preview":"max-image-preview:large","max-video-preview":"max-video-preview:-1"},"canonical":"https:\/\/www.pressenza.com\/es\/2019\/03\/masacre-en-la-mezquita-de-christchurch-un-peligroso-coctel-de-armas-e-islamofobia\/","og_locale":"es_ES","og_type":"article","og_title":"Masacre en la mezquita de #Christchurch: un peligroso c\u00f3ctel de armas e islamofobia","og_description":"La nueva masacre en Christchurch, Nueva Zelanda - donde un \"supremacista\" blanco que penetr\u00f3 en la Mezquita y mat\u00f3 a 49 personas ayer - invita a la","og_url":"https:\/\/www.pressenza.com\/es\/2019\/03\/masacre-en-la-mezquita-de-christchurch-un-peligroso-coctel-de-armas-e-islamofobia\/","og_site_name":"Pressenza","article_publisher":"https:\/\/www.facebook.com\/PressenzaItalia","article_published_time":"2019-03-18T23:59:29+00:00","og_image":[{"width":992,"height":558,"url":"https:\/\/www.pressenza.com\/wp-content\/uploads\/2019\/03\/strage-Christchurch.jpg","type":"image\/jpeg"}],"author":"Natale Salvo","twitter_card":"summary_large_image","twitter_creator":"@PressenzaIPA","twitter_site":"@PressenzaIPA","twitter_misc":{"Escrito por":"Natale Salvo","Tiempo de lectura":"4 minutos"},"schema":{"@context":"https:\/\/schema.org","@graph":[{"@type":"Article","@id":"https:\/\/www.pressenza.com\/es\/2019\/03\/masacre-en-la-mezquita-de-christchurch-un-peligroso-coctel-de-armas-e-islamofobia\/#article","isPartOf":{"@id":"https:\/\/www.pressenza.com\/es\/2019\/03\/masacre-en-la-mezquita-de-christchurch-un-peligroso-coctel-de-armas-e-islamofobia\/"},"author":{"name":"Natale Salvo","@id":"https:\/\/www.pressenza.com\/es\/#\/schema\/person\/dfdba7d9ea928e4a93ced607c353757c"},"headline":"Masacre en la mezquita de #Christchurch: un peligroso c\u00f3ctel de armas e islamofobia","datePublished":"2019-03-18T23:59:29+00:00","mainEntityOfPage":{"@id":"https:\/\/www.pressenza.com\/es\/2019\/03\/masacre-en-la-mezquita-de-christchurch-un-peligroso-coctel-de-armas-e-islamofobia\/"},"wordCount":797,"publisher":{"@id":"https:\/\/www.pressenza.com\/es\/#organization"},"image":{"@id":"https:\/\/www.pressenza.com\/es\/2019\/03\/masacre-en-la-mezquita-de-christchurch-un-peligroso-coctel-de-armas-e-islamofobia\/#primaryimage"},"thumbnailUrl":"https:\/\/www.pressenza.com\/wp-content\/uploads\/2019\/03\/strage-Christchurch.jpg","keywords":["islamofobia","terrorismo"],"articleSection":["Contenido Original","Cultura y Medios","Diversidad","Oceania","Paz y Desarme"],"inLanguage":"es"},{"@type":"WebPage","@id":"https:\/\/www.pressenza.com\/es\/2019\/03\/masacre-en-la-mezquita-de-christchurch-un-peligroso-coctel-de-armas-e-islamofobia\/","url":"https:\/\/www.pressenza.com\/es\/2019\/03\/masacre-en-la-mezquita-de-christchurch-un-peligroso-coctel-de-armas-e-islamofobia\/","name":"Masacre en la mezquita de #Christchurch: un peligroso c\u00f3ctel de armas e islamofobia","isPartOf":{"@id":"https:\/\/www.pressenza.com\/es\/#website"},"primaryImageOfPage":{"@id":"https:\/\/www.pressenza.com\/es\/2019\/03\/masacre-en-la-mezquita-de-christchurch-un-peligroso-coctel-de-armas-e-islamofobia\/#primaryimage"},"image":{"@id":"https:\/\/www.pressenza.com\/es\/2019\/03\/masacre-en-la-mezquita-de-christchurch-un-peligroso-coctel-de-armas-e-islamofobia\/#primaryimage"},"thumbnailUrl":"https:\/\/www.pressenza.com\/wp-content\/uploads\/2019\/03\/strage-Christchurch.jpg","datePublished":"2019-03-18T23:59:29+00:00","description":"La nueva masacre en Christchurch, Nueva Zelanda - donde un \"supremacista\" blanco que penetr\u00f3 en la Mezquita y mat\u00f3 a 49 personas ayer - invita a la","breadcrumb":{"@id":"https:\/\/www.pressenza.com\/es\/2019\/03\/masacre-en-la-mezquita-de-christchurch-un-peligroso-coctel-de-armas-e-islamofobia\/#breadcrumb"},"inLanguage":"es","potentialAction":[{"@type":"ReadAction","target":["https:\/\/www.pressenza.com\/es\/2019\/03\/masacre-en-la-mezquita-de-christchurch-un-peligroso-coctel-de-armas-e-islamofobia\/"]}]},{"@type":"ImageObject","inLanguage":"es","@id":"https:\/\/www.pressenza.com\/es\/2019\/03\/masacre-en-la-mezquita-de-christchurch-un-peligroso-coctel-de-armas-e-islamofobia\/#primaryimage","url":"https:\/\/www.pressenza.com\/wp-content\/uploads\/2019\/03\/strage-Christchurch.jpg","contentUrl":"https:\/\/www.pressenza.com\/wp-content\/uploads\/2019\/03\/strage-Christchurch.jpg","width":992,"height":558,"caption":"strage Christchurch"},{"@type":"BreadcrumbList","@id":"https:\/\/www.pressenza.com\/es\/2019\/03\/masacre-en-la-mezquita-de-christchurch-un-peligroso-coctel-de-armas-e-islamofobia\/#breadcrumb","itemListElement":[{"@type":"ListItem","position":1,"name":"Accueil","item":"https:\/\/www.pressenza.com\/es\/"},{"@type":"ListItem","position":2,"name":"Masacre en la mezquita de #Christchurch: un peligroso c\u00f3ctel de armas e islamofobia"}]},{"@type":"WebSite","@id":"https:\/\/www.pressenza.com\/es\/#website","url":"https:\/\/www.pressenza.com\/es\/","name":"Pressenza","description":"International Press Agency","publisher":{"@id":"https:\/\/www.pressenza.com\/es\/#organization"},"potentialAction":[{"@type":"SearchAction","target":{"@type":"EntryPoint","urlTemplate":"https:\/\/www.pressenza.com\/es\/?s={search_term_string}"},"query-input":{"@type":"PropertyValueSpecification","valueRequired":true,"valueName":"search_term_string"}}],"inLanguage":"es"},{"@type":"Organization","@id":"https:\/\/www.pressenza.com\/es\/#organization","name":"Pressenza","url":"https:\/\/www.pressenza.com\/es\/","logo":{"@type":"ImageObject","inLanguage":"es","@id":"https:\/\/www.pressenza.com\/es\/#\/schema\/logo\/image\/","url":"https:\/\/www.pressenza.com\/wp-content\/uploads\/2022\/10\/pressenza_logo_200x200.jpg","contentUrl":"https:\/\/www.pressenza.com\/wp-content\/uploads\/2022\/10\/pressenza_logo_200x200.jpg","width":200,"height":200,"caption":"Pressenza"},"image":{"@id":"https:\/\/www.pressenza.com\/es\/#\/schema\/logo\/image\/"},"sameAs":["https:\/\/www.facebook.com\/PressenzaItalia","https:\/\/x.com\/PressenzaIPA"]},{"@type":"Person","@id":"https:\/\/www.pressenza.com\/es\/#\/schema\/person\/dfdba7d9ea928e4a93ced607c353757c","name":"Natale Salvo","description":"Nato e cresciuto nella terra del \u201cGattopardo\u201d, la Sicilia. Ha dedicato la propria esistenza all'impegno sociale. Allenatore di una squadretta di calcio di periferia, presidente del circolo di Legambiente, candidato sindaco per il Partito Umanista. Infine blogger d\u2019inchiesta; ha pagato le sue denunce di cattiva amministrazione con una persecuzione per via giudiziaria. E' autore del libro \"La rivoluzione copernicana chiamata Reddito di Base\", edito da Multimage, Firenze.","url":"https:\/\/www.pressenza.com\/es\/author\/natale-salvo\/"}]}},"place":"","original_article_url":"","_links":{"self":[{"href":"https:\/\/www.pressenza.com\/es\/wp-json\/wp\/v2\/posts\/826235","targetHints":{"allow":["GET"]}}],"collection":[{"href":"https:\/\/www.pressenza.com\/es\/wp-json\/wp\/v2\/posts"}],"about":[{"href":"https:\/\/www.pressenza.com\/es\/wp-json\/wp\/v2\/types\/post"}],"author":[{"embeddable":true,"href":"https:\/\/www.pressenza.com\/es\/wp-json\/wp\/v2\/users\/1284"}],"replies":[{"embeddable":true,"href":"https:\/\/www.pressenza.com\/es\/wp-json\/wp\/v2\/comments?post=826235"}],"version-history":[{"count":0,"href":"https:\/\/www.pressenza.com\/es\/wp-json\/wp\/v2\/posts\/826235\/revisions"}],"wp:featuredmedia":[{"embeddable":true,"href":"https:\/\/www.pressenza.com\/es\/wp-json\/wp\/v2\/media\/825633"}],"wp:attachment":[{"href":"https:\/\/www.pressenza.com\/es\/wp-json\/wp\/v2\/media?parent=826235"}],"wp:term":[{"taxonomy":"category","embeddable":true,"href":"https:\/\/www.pressenza.com\/es\/wp-json\/wp\/v2\/categories?post=826235"},{"taxonomy":"post_tag","embeddable":true,"href":"https:\/\/www.pressenza.com\/es\/wp-json\/wp\/v2\/tags?post=826235"}],"curies":[{"name":"wp","href":"https:\/\/api.w.org\/{rel}","templated":true}]}}