{"id":825883,"date":"2019-03-18T15:55:42","date_gmt":"2019-03-18T15:55:42","guid":{"rendered":"https:\/\/www.pressenza.com\/?p=825883"},"modified":"2019-03-18T15:55:42","modified_gmt":"2019-03-18T15:55:42","slug":"la-economia-del-bien-comun-un-modelo-economico-para-el-beneficio-de-todos-incluido-el-medio-ambiente","status":"publish","type":"post","link":"https:\/\/www.pressenza.com\/es\/2019\/03\/la-economia-del-bien-comun-un-modelo-economico-para-el-beneficio-de-todos-incluido-el-medio-ambiente\/","title":{"rendered":"La Econom\u00eda del Bien Com\u00fan: un modelo econ\u00f3mico para el beneficio de todos, incluido el medio ambiente"},"content":{"rendered":"<p>Las huelgas escolares de los j\u00f3venes por el clima est\u00e1n ahora en boca de todos y ahora tambi\u00e9n est\u00e1n respaldadas por <a href=\"https:\/\/www.scientists4future.org\/\">23,000 cient\u00edficos<\/a> en Alemania, Austria y Suiza. Para tomar medidas verdaderamente efectivas contra el cambio clim\u00e1tico es necesario alejarse del sistema neoliberal con enormes beneficios para unos pocos a expensas del p\u00fablico en general, y hacia el bienestar de la comunidad y, por lo tanto, del medio ambiente.<\/p>\n<p>Pero, \u00bfc\u00f3mo puede parecerse a un sistema tan nuevo, m\u00e1s all\u00e1 de los extremos del capitalismo o el socialismo? \u00bfUn sistema que sirva al bienestar de todos y que proteja el medio ambiente, nuestro aire, nuestras aguas, nuestros bosques y suelos y el clima, que son todos bienes p\u00fablicos?<\/p>\n<p>Una posible respuesta es la Econom\u00eda del Bien Com\u00fan (GW\u00d6-<em> Gemeinwohl-\u00d6konomie<\/em>). Como una econom\u00eda de mercado \u00e9tica, se basa principalmente en empresas privadas, pero no compiten entre s\u00ed para obtener ganancias financieras, sino que cooperan con el objetivo del mayor bien com\u00fan.<\/p>\n<p>Hace siete a\u00f1os, la Iniciativa <em>Gemeinwohl-\u00d6konomie <\/em>fue fundada por el austriaco Christian Felber, quien tambi\u00e9n escribi\u00f3 un <a href=\"https:\/\/www.ecogood.org\/de\/menu-header\/news\/buch-neuauflage-gemeinwohl-okonomie\/\">libro<\/a> sobre el mismo, mientras que ya cuenta con el respaldo de m\u00e1s de 2,300 empresas y m\u00e1s comunidades, universidades y particulares.<\/p>\n<p>&nbsp;<\/p>\n<p><strong>La acci\u00f3n empresarial y la buena econom\u00eda com\u00fan no son opuestas.<\/strong><\/p>\n<p>El primer banco de Alemania, el llamado \u00abPioneer Bank\u00bb, que ha estado produciendo un saldo de inter\u00e9s p\u00fablico auditado desde 2011, es la cooperativa Sparda-Bank M\u00fcnchen. Es el mayor banco cooperativo de Baviera con m\u00e1s de 300,000 miembros y 46 sucursales en la Alta Baviera. Sus miembros son m\u00e1s del 90 por ciento de los trabajadores con sus familias, lo que demuestra que la actividad econ\u00f3mica es posible para el beneficio de todos, sin depender de los precios de las acciones y la especulaci\u00f3n del mercado de valores. En el sitio web creado \u00ab<a href=\"https:\/\/www.zum-wohl-aller.de\/\">Econom\u00eda para el bien de todos<\/a>\u00bb especialmente se presenta la orientaci\u00f3n de la buena econom\u00eda de Sparda-Bank Munich, se publicar\u00e1 en unas pocas semanas, el \u00faltimo balance del inter\u00e9s p\u00fablico ya auditado.<\/p>\n<p>Ya existe un fondo p\u00fablico de seguro de salud. El <a href=\"https:\/\/www.bkk-provita.de\/zweite-gemeinwohlbilanz\/\">BKK ProVita<\/a> cuenta por segunda vez de acuerdo con los criterios de la GW\u00d6. Es la primera compa\u00f1\u00eda de seguros de salud alemana en ser neutral en emisiones de carbono y, junto con ProVeg Deutschland, asociaci\u00f3n registrada, recibi\u00f3 el Premio de Protecci\u00f3n del Clima de la ONU por el proyecto conjunto \u00bb Aktion Pflanzen-Power\u00bb en la \u00a0en Katowice. Esta es la primera vez que el premio se otorga a Alemania y, por primera vez, una empresa de inter\u00e9s p\u00fablico.<\/p>\n<p>Al igual que el Sparda Bank y el BKK ProVital, hay muchas otras compa\u00f1\u00edas m\u00e1s peque\u00f1as y comerciantes exclusivas que ya est\u00e1n involucradas, como: la empresa comercializadora de hierbas Sonnentor, que proporciona informaci\u00f3n sobre su informe de inter\u00e9s p\u00fablico en su sitio web y elabora <a href=\"https:\/\/www.sonnentor.com\/de-at\/rezepte-tipps\/tipps\/thesen-fuer-mehr-gemeinwohl\">diez tesis para un bien m\u00e1s com\u00fan<\/a>. Puede encontrar m\u00e1s informaci\u00f3n sobre otros ejemplos de balances de inter\u00e9s p\u00fablico en el sitio web de la iniciativa de Econom\u00eda del Bienestar <a href=\"https:\/\/www.ecogood.org\/de\/gemeinwohl-bilanz\/unternehmen\/bilanzbeispiele\/\">ecogood.org<\/a>.<\/p>\n<p><strong>La ciencia tambi\u00e9n reconoce al GW\u00d6 como un poder de innovaci\u00f3n social.<\/strong><\/p>\n<p><a href=\"https:\/\/www.ecogood.org\/de\/menu-header\/news\/20190219-wissenschaftliche-studien-pressekonferenz\/\">Dos estudios recientes<\/a> de las Universidades de Valencia, Flensburg y Kiel se presentaron en el primer simposio cient\u00edfico del GW\u00d6 en Viena en febrero. Llegan a la conclusi\u00f3n de que el modelo econ\u00f3mico de GW\u00d6 \u00abpromueve beneficios tanto \u00e9ticos como financieros y vale la pena imitarlo e institucionalizarlo\u00bb.<\/p>\n<p>Ahora hay incluso la primera escuela con registro de bienestar p\u00fablico, el <a href=\"https:\/\/www.ecogood.org\/de\/menu-header\/news\/schule-setzt-massstabe-mit-einer-gemeinwohl-bilanz\/\">Waldorfschule Wetterau<\/a>. La instituci\u00f3n tambi\u00e9n ans\u00eda alentar a otras disciplinas educativas a colocar a las personas y al medio ambiente en el centro de atenci\u00f3n y trabajar con el balance general del bien com\u00fan y, por lo tanto, ha desarrollado una gu\u00eda junto con los participantes del GW\u00d6, que otras instituciones educativas pueden utilizar para crear su propio bien com\u00fan.<\/p>\n<p><strong>Las comunidades alemanas y austriacas pueden ser certificadas seg\u00fan GW\u00d6<\/strong><\/p>\n<p>El municipio <a href=\"https:\/\/www.sueddeutsche.de\/news\/politik\/kommunen---kirchanschoering-ziel-gemeinwohl-ort-in-oberbayern-wird-ausgezeichnet-dpa.urn-newsml-dpa-com-20090101-181119-99-878037\">Kirchansch\u00f6ring<\/a> en la Alta Baviera se convirti\u00f3 el a\u00f1o pasado en el primer municipio de Alemania con un balance de bienestar general auditado. \u00abEste tipo de responsabilidad para el futuro tambi\u00e9n establece el curso del progreso que ya no se centra \u00fanicamente en los criterios de mayor, m\u00e1s r\u00e1pido y m\u00e1s\u00bb, cita del peri\u00f3dico S\u00fcddeutsche Zeitung Alois Gl\u00fcck, ex presidente del parlamento estatal y ex presidente del Comit\u00e9 Central de Cat\u00f3licos Alemanes.<\/p>\n<p>Los municipios tambi\u00e9n est\u00e1n dando un buen ejemplo en Frisia del Norte. <a href=\"https:\/\/www.welt.de\/regionales\/hamburg\/article188358639\/Gemeinwohl-als-Bilanzziel-Drei-Orte-im-Norden-ausgezeichnet.html\">Bordelum, Breklum y Klixb\u00fcll<\/a> son los primeros municipios en el norte de Alemania en recibir un certificado de la iniciativa Gemeinwohl \u00d6konomie (GW\u00d6) por sus balances de inter\u00e9s p\u00fablico.<\/p>\n<p>En Austria, son <a href=\"https:\/\/www.ecogood.org\/de\/menu-header\/news\/die-ersten-gemeinwohl-gemeinden-osterreichs\/\">Nenzing y M\u00e4der<\/a> quienes, como municipios con visi\u00f3n de futuro, son pioneras y han completado el proceso de certificaci\u00f3n para el municipio del bien com\u00fan; otro paso importante en el camino hacia un futuro mejor.<\/p>\n<p><strong>El primer tema de GW\u00d6 en los ayuntamientos alemanes.<\/strong><\/p>\n<p>Ya es una peque\u00f1a sensaci\u00f3n que incluso ciudades enteras se ocupen ahora del tema de la econom\u00eda del Bien Com\u00fan. Por lo que el titular en el Stuttgarter Zeitung recientemente fue \u00abResultado sugiere sostenibilidad &#8211; por ahora\u00bb, dado que apenas falla en <a href=\"https:\/\/www.stuttgarter-zeitung.de\/inhalt.gemeinwohl-oekonomie-in-vaihingen-enz-profit-schlaegt-nachhaltigkeit-vorerst.f020c857-0624-4e06-95d8-115062fb3a73.html\">Vaihingen an der Enz<\/a> una aplicaci\u00f3n que habr\u00eda hecho la ciudad pionera en sostenibilidad. <a href=\"https:\/\/www.stuttgart.de\/item\/show\/273273\/1\/9\/614008\">Stuttgart<\/a> y <a href=\"https:\/\/www.mannheim.de\/de\/stadt-gestalten\/verwaltung\/aemter-fachbereiche-eigenbetriebe\/strategische-steuerung\/lebensqualitaet-und-gemeinwohl\">Mannheim<\/a> ahora tambi\u00e9n est\u00e1n involucrados con el concepto GW\u00d6.<\/p>\n<p>Y en Erlangen, el Ayuntamiento tambi\u00e9n vot\u00f3 sobre una posible introducci\u00f3n de la econom\u00eda del Bien Com\u00fan. Gunther Moll, coautor del libro \u00abEl precursor del para\u00edso para todos nosotros: por qu\u00e9 podemos llegar a ellos y c\u00f3mo podr\u00edan ser financiados\u00bb y simpatizantes apasionados de GW\u00d6, present\u00f3 la solicitud. Despu\u00e9s de este art\u00edculo, publicamos su discurso dedicado al Ayuntamiento de Erlangen.<\/p>\n<p><strong>Nada es tan fuerte como una idea cuyo momento ha llegado.<\/strong><\/p>\n<p>Dados los problemas de desigualdad social, degradaci\u00f3n ambiental y avaricia corporativa que enfrentamos hoy en nuestra sociedad, no hay raz\u00f3n para no considerar la econom\u00eda del bien com\u00fan como un modelo econ\u00f3mico alternativo y sostenible. Si los bancos, los seguros de salud, las empresas y las autoridades locales ya adoptan la idea y la implementan con \u00e9xito, entonces todos deber\u00edamos tratarla ampliamente, especialmente la pol\u00edtica. Y debemos apoyar a los j\u00f3venes en sus huelgas clim\u00e1ticas, porque para lograr los objetivos clim\u00e1ticos, no solo tenemos que aumentar la presi\u00f3n, sino tambi\u00e9n promover soluciones a mayor escala. La econom\u00eda del bien com\u00fan es sin duda uno de ellos.<\/p>\n<p>&#8211; \u00abNada es tan fuerte como una idea cuyo momento ha llegado\u00bb (Victor Hugo) \u2013<\/p>\n<p><img loading=\"lazy\" decoding=\"async\" class=\"wp-image-823403 size-full alignnone\" src=\"https:\/\/www.pressenza.com\/wp-content\/uploads\/2019\/03\/xwww.christian-felber.at_.png.pagespeed.ic.LXzqnoUC0I.png\" sizes=\"auto, (max-width: 337px) 100vw, 337px\" srcset=\"https:\/\/www.pressenza.com\/wp-content\/uploads\/2019\/03\/xwww.christian-felber.at_.png.pagespeed.ic.LXzqnoUC0I.png 337w, https:\/\/www.pressenza.com\/wp-content\/uploads\/2019\/03\/xwww.christian-felber.at_-300x206.png.pagespeed.ic.e3oV1TWlEg.png 300w\" alt=\"\" width=\"337\" height=\"231\" data-pagespeed-url-hash=\"2640988289\" \/><\/p>\n<p><strong>Discurso del Prof. Dr. Gunther Moll frente al ayuntamiento de Erlangen el 22.11.2018<\/strong><\/p>\n<p>Estimado se\u00f1or alcalde, se\u00f1oras y se\u00f1ores:<\/p>\n<p>La econom\u00eda del bien com\u00fan significa, las econom\u00edas en beneficio de todos. Este modelo econ\u00f3mico \u00e9tico es una br\u00fajula transparente de valores que documenta la implementaci\u00f3n de los valores de dignidad humana, solidaridad, sostenibilidad ambiental, justicia social, participaci\u00f3n democr\u00e1tica y transparencia en una comunidad o empresa en su propio balance p\u00fablico, adem\u00e1s del balance financiero. Aqu\u00ed, nuestra ciudad debe asumir un papel pionero tan pronto como sea posible, porque la econom\u00eda del bien com\u00fan ya se ha puesto realmente en movimiento. Aqu\u00ed hay algunos ejemplos:<\/p>\n<p>En 2015, la econom\u00eda del bien com\u00fan lleg\u00f3 al Parlamento Europeo cuando el Comit\u00e9 Econ\u00f3mico y Social Europeo aprob\u00f3 el siguiente dictamen: \u00abEl CESE considera que el modelo de la econom\u00eda del bien com\u00fan deber\u00eda integrarse en los marcos legales europeos y nacionales. El objetivo es avanzar en la realizaci\u00f3n del mercado interno a trav\u00e9s de una econom\u00eda m\u00e1s \u00e9tica basada en valores europeos y una responsabilidad social sin\u00e9rgica. \u00abEsto se reforzar\u00e1 en el nuevo Parlamento Europeo, en particular por el Grupo Verde; los y las representantes de GW\u00d6 son colocados en lugares prometedores de la lista.<\/p>\n<p>En 2016, la econom\u00eda del bien com\u00fan lleg\u00f3 a nivel estatal, ya que sus principios se basaron en el ACUERDO COALICIONAL ENTRE BU\u0308NDNIS 90\/DIE GRU\u0308NEN BADEN-WU\u0308RTTEMBERG y el CDU BADEN-WU\u0308RTTEMBERG 2016 \u2013 2021. Y en 2018 en Hesse, vea el programa estatal de elecciones ECOLOG\u00cdA Y ECONOM\u00cdA: LA POL\u00cdTICA ECON\u00d3MICA VERDE ES COM\u00daN Y SOSTENIBILIDAD. Una cita: \u00abLas formas econ\u00f3micas como los modelos cooperativos, la econom\u00eda para bienestar com\u00fan, las econom\u00edas solidarias o las redes aportan adem\u00e1s del valor agregado regional el aspecto ambiental en la acci\u00f3n empresarial y, por lo tanto, combinan la ecolog\u00eda y la econom\u00eda. Son motores de la innovaci\u00f3n y deber\u00edan reforzarse en Hessen. Por lo tanto, queremos que Hesse se convierta tambi\u00e9n en un pa\u00eds cooperativo\u201d.<\/p>\n<p>Estoy seguro de que, incluso en nuestra ciudad, no tendr\u00edamos ning\u00fan problema con las \u00abviviendas asequibles\u00bb si los inversores no asumieran cada vez m\u00e1s el mercado de la vivienda con sus \u00fanicos objetivos de maximizar los beneficios, sino como cooperativas, como uno de los principios b\u00e1sicos de la econom\u00eda del bien com\u00fan.<\/p>\n<p>Pero no son solo los greens. La CSU ya se encuentra en el asunto, un ejemplo actual, cita de S\u00fcddeutsche Zeitung del lunes de esta semana (19.11.2018): \u00abSocial, justa, solidaria y sostenible: como la primera iglesia en Alemania, Kirchansch\u00f6ring (distrito de Traunstein) tiene su propio balance completamente creado de acuerdo con los principios de la Iniciativa Gemeinwohl-\u00d6konomie (GW\u00d6). Por esto, el municipio de 3300 representantes ser\u00e1 certificado y honrado este martes. La contabilidad voluntaria de GW\u00d6 permite una descripci\u00f3n detallada de la acci\u00f3n basada en el valor y la actividad econ\u00f3mica en la comunidad, dice el alcalde de Kirchansch\u00f6ring Hans-J\u00f6rg Birner (CSU). De esta manera, su congregaci\u00f3n finalmente sigue la constituci\u00f3n b\u00e1vara, en la que la acci\u00f3n orientada hacia el bien com\u00fan es obligatoria. (\u2026)Seg\u00fan la Asociaci\u00f3n Internacional para la Promoci\u00f3n de la Econom\u00eda del Bien Com\u00fan, hasta ahora (&#8230;) unas 60 ciudades y municipios se han guiado por los principios del GW\u00d6. \u00abPara m\u00ed, este tipo de responsabilidad para el futuro tambi\u00e9n establece el escenario para el progreso que ya no se centra \u00fanicamente en los criterios de mayor, m\u00e1s r\u00e1pido y mejor\u00bb, dice Alois Gl\u00fcck, ex presidente del parlamento regional y ex presidente del Comit\u00e9 Central de Cat\u00f3licos Alemanes, quien se espera como orador de la ceremonia\u201d.<\/p>\n<p>Y tambi\u00e9n el SPD est\u00e1 con \u00e9l, como ejemplo la asociaci\u00f3n de distrito Mannheim. Una cita de su sitio web dice: \u00abLa creciente desigualdad social, la pobreza desenfrenada y un cambio clim\u00e1tico casi inestable y provocado por el hombre plantean cuestiones fundamentales sobre nuestra forma econ\u00f3mica y estilo de vida actuales. El movimiento Gemeinwohl-\u00d6konomie (GW\u00d6) encontr\u00f3 una respuesta a estas preguntas. Ofrece un enfoque para superar el problema b\u00e1sico del orden econ\u00f3mico actual: la confusi\u00f3n entre el objetivo (bien com\u00fan) y los medios (dinero). Este critica que el objetivo es aumentar las ganancias y perder de vista el bienestar de las personas. En consecuencia, exige que el bienestar del hombre y el medio ambiente se convierta en el objetivo m\u00e1s alto de la actividad econ\u00f3mica. Hoy, m\u00e1s de 2,000 compa\u00f1\u00edas, 160 organizaciones y 9,000 personas privadas apoyan a GW\u00d6 en todo el mundo. En el \u00e1rea de Rhine-Neckar, la buena econom\u00eda com\u00fan se ha convertido en un tema para empresas, consejos municipales y escuelas. Las empresas individuales prepararon un primer registro de bienestar general y, en el presupuesto actual de la ciudad de Mannheim, se aprob\u00f3 un presupuesto correspondiente para las empresas municipales. \u201cEsto convierte a Mannheim en la segunda gran ciudad de Baden-Wurtemberg despu\u00e9s de Stuttgart, que crea un balance de inter\u00e9s p\u00fablico para las empresas municipales adem\u00e1s del balance financiero.<\/p>\n<p>Por cierto, que, como se expres\u00f3 en la opini\u00f3n de la administraci\u00f3n, Erlangen ser\u00eda demasiado grande para un balance de bienestar p\u00fablico, no es un argumento, porque la Ciudad de M\u00fanich recientemente solicit\u00f3 al grupo The Green-Pink una lista de la aplicaci\u00f3n, el proceso de contabilidad del bienestar p\u00fablico como Iniciar un proyecto piloto en una empresa de propiedad municipal y proporcionar los fondos necesarios. Y los altos costos de personal para los presupuestos de bienestar p\u00fablico requeridos en la opini\u00f3n de la administraci\u00f3n no son un argumento en contra, porque, en primer lugar, la situaci\u00f3n presupuestaria de nuestra ciudad es muy buena, y en segundo lugar, una orientaci\u00f3n de inter\u00e9s general es m\u00e1s que sostenible.<\/p>\n<p>Hasta ahora, nuestra ciudad de Erlangen ha sido una comunidad de exhibici\u00f3n en Alemania en t\u00e9rminos de responsabilidad social, conciencia ambiental y sostenibilidad. Una orientaci\u00f3n de inter\u00e9s p\u00fablico sostenible, en la que todas las decisiones son responder a la pregunta \u00ab\u00bfSirve a la humanidad, sirve a la naturaleza y sirve a la paz?\u00bb, con el objetivo de crear un registro de bienestar p\u00fablico comunitario es la consecuencia l\u00f3gica para un futuro exitoso y continuo de nuestra ciudad.<\/p>\n<p>Debemos, para el beneficio de todos nuestros ciudadanos, convertirnos en una Comunidad de Bienestar que demuestre regularmente las actividades de Bienestar en un Balance de Bienestar auditado y publicitado (con el Informe de Econom\u00eda de Bienestar) a partir de 2019. Queremos estar a la vanguardia de uno de los proyectos futuros m\u00e1s importantes como \u00abmunicipio pionero\u00bb y \u00abmunicipio modelo\u00bb, como muchos otros.<\/p>\n<p>Gracias<\/p>\n<p><img loading=\"lazy\" decoding=\"async\" class=\"alignnone size-medium wp-image-823421\" src=\"https:\/\/www.pressenza.com\/wp-content\/uploads\/2019\/03\/Gunther-Moll-Rathaus_cropped_S-300x191.jpg\" sizes=\"auto, (max-width: 300px) 100vw, 300px\" srcset=\"https:\/\/www.pressenza.com\/wp-content\/uploads\/2019\/03\/Gunther-Moll-Rathaus_cropped_S-300x191.jpg 300w, https:\/\/www.pressenza.com\/wp-content\/uploads\/2019\/03\/xGunther-Moll-Rathaus_cropped_S.jpg.pagespeed.ic.qPrgBF1vJg.jpg 626w\" alt=\"\" width=\"300\" height=\"191\" data-pagespeed-url-hash=\"913172558\" \/><\/p>\n<p><em><a href=\"http:\/\/www.gunther-moll.de\/\">Profesor Gunther Moll<\/a> es el director del Departamento de Salud Mental de Ni\u00f1os y J\u00f3venes en el Hospital Universitario de Erlangen. Est\u00e1 comprometido con los derechos de los ni\u00f1os. Junto con su hijo Benjamin, public\u00f3 en 2012 el libro \u00abDieKinderwagenRevolution\u00bb y en 2016 \u00abEl Cambio Radical: C\u00f3mo los ni\u00f1os, los padres y los abuelos cambiaron nuestro pa\u00eds\u00bb. En 2018 public\u00f3 junto con Sarah Benecke y G\u00fcnter Grzega el libro \u00abEl precursor del para\u00edso para todos nosotros\u00bb. Gunther Moll est\u00e1 comprometido con la econom\u00eda del bien com\u00fan, para la Comunidad de Votantes Libres Erlangen Moll se encuentra en el consejo de la ciudad.<\/em><\/p>\n<p><em>\u00a0<\/em><\/p>\n<p><strong><em><a href=\"https:\/\/www.pressenza.com\/de\/tag\/gemeinwohl-oekonomie\/\">M\u00e1s art\u00edculos sobre la econom\u00eda del bien com\u00fan<\/a><\/em><\/strong><\/p>\n<hr \/>\n<p><em>Traducido del alem\u00e1n por Sof\u00eda Yunga<\/em><\/p>\n<p>&nbsp;<\/p>\n","protected":false},"excerpt":{"rendered":"<p>Las huelgas escolares de los j\u00f3venes por el clima est\u00e1n ahora en boca de todos y ahora tambi\u00e9n est\u00e1n respaldadas por 23,000 cient\u00edficos en Alemania, Austria y Suiza. Para tomar medidas verdaderamente efectivas contra el cambio clim\u00e1tico es necesario alejarse&hellip;<\/p>\n","protected":false},"author":1169,"featured_media":823434,"comment_status":"closed","ping_status":"closed","sticky":false,"template":"","format":"standard","meta":{"footnotes":""},"categories":[11389,78,81,66],"tags":[7702,40544,18627,54909,56491,56490,3075,56492,56489,1683,56488,25582,56428],"class_list":["post-825883","post","type-post","status-publish","format-standard","has-post-thumbnail","hentry","category-contenido-original","category-medio-ambiente-ecologia","category-economia-es","category-europa-es","tag-bien-comun","tag-bienes-comunes","tag-bienestar","tag-clima-es","tag-clima-neutral","tag-economia-etica","tag-futuro","tag-gwo","tag-idoneidad","tag-medio-ambiente-en-es","tag-modelos-economicos-alternativos","tag-protestas-estudiantiles","tag-sostenibilidad-es"],"yoast_head":"<!-- This site is optimized with the Yoast SEO plugin v27.1.1 - https:\/\/yoast.com\/product\/yoast-seo-wordpress\/ -->\n<title>La Econom\u00eda del Bien Com\u00fan: un modelo econ\u00f3mico para el beneficio de todos, incluido el medio ambiente<\/title>\n<meta name=\"description\" content=\"Las huelgas escolares de los j\u00f3venes por el clima est\u00e1n ahora en boca de todos y ahora tambi\u00e9n est\u00e1n respaldadas por 23,000 cient\u00edficos en Alemania,\" \/>\n<meta name=\"robots\" content=\"index, follow, max-snippet:-1, max-image-preview:large, max-video-preview:-1\" \/>\n<link rel=\"canonical\" href=\"https:\/\/www.pressenza.com\/es\/2019\/03\/la-economia-del-bien-comun-un-modelo-economico-para-el-beneficio-de-todos-incluido-el-medio-ambiente\/\" \/>\n<meta property=\"og:locale\" content=\"es_ES\" \/>\n<meta property=\"og:type\" content=\"article\" \/>\n<meta property=\"og:title\" content=\"La Econom\u00eda del Bien Com\u00fan: un modelo econ\u00f3mico para el beneficio de todos, incluido el medio ambiente\" \/>\n<meta property=\"og:description\" content=\"Las huelgas escolares de los j\u00f3venes por el clima est\u00e1n ahora en boca de todos y ahora tambi\u00e9n est\u00e1n respaldadas por 23,000 cient\u00edficos en Alemania,\" \/>\n<meta property=\"og:url\" content=\"https:\/\/www.pressenza.com\/es\/2019\/03\/la-economia-del-bien-comun-un-modelo-economico-para-el-beneficio-de-todos-incluido-el-medio-ambiente\/\" \/>\n<meta property=\"og:site_name\" content=\"Pressenza\" \/>\n<meta property=\"article:publisher\" content=\"https:\/\/www.facebook.com\/PressenzaItalia\" \/>\n<meta property=\"article:published_time\" content=\"2019-03-18T15:55:42+00:00\" \/>\n<meta property=\"og:image\" content=\"https:\/\/www.pressenza.com\/wp-content\/uploads\/2019\/03\/ecogood.org_-1.png\" \/>\n\t<meta property=\"og:image:width\" content=\"1440\" \/>\n\t<meta property=\"og:image:height\" content=\"930\" \/>\n\t<meta property=\"og:image:type\" content=\"image\/png\" \/>\n<meta name=\"author\" content=\"Evelyn Rottengatter\" \/>\n<meta name=\"twitter:card\" content=\"summary_large_image\" \/>\n<meta name=\"twitter:creator\" content=\"@PressenzaIPA\" \/>\n<meta name=\"twitter:site\" content=\"@PressenzaIPA\" \/>\n<meta name=\"twitter:label1\" content=\"Escrito por\" \/>\n\t<meta name=\"twitter:data1\" content=\"Evelyn Rottengatter\" \/>\n\t<meta name=\"twitter:label2\" content=\"Tiempo de lectura\" \/>\n\t<meta name=\"twitter:data2\" content=\"12 minutos\" \/>\n<script type=\"application\/ld+json\" class=\"yoast-schema-graph\">{\"@context\":\"https:\/\/schema.org\",\"@graph\":[{\"@type\":\"Article\",\"@id\":\"https:\/\/www.pressenza.com\/es\/2019\/03\/la-economia-del-bien-comun-un-modelo-economico-para-el-beneficio-de-todos-incluido-el-medio-ambiente\/#article\",\"isPartOf\":{\"@id\":\"https:\/\/www.pressenza.com\/es\/2019\/03\/la-economia-del-bien-comun-un-modelo-economico-para-el-beneficio-de-todos-incluido-el-medio-ambiente\/\"},\"author\":{\"name\":\"Evelyn Rottengatter\",\"@id\":\"https:\/\/www.pressenza.com\/es\/#\/schema\/person\/0fc92e8348796c95b261f25f4a3e6fc2\"},\"headline\":\"La Econom\u00eda del Bien Com\u00fan: un modelo econ\u00f3mico para el beneficio de todos, incluido el medio ambiente\",\"datePublished\":\"2019-03-18T15:55:42+00:00\",\"mainEntityOfPage\":{\"@id\":\"https:\/\/www.pressenza.com\/es\/2019\/03\/la-economia-del-bien-comun-un-modelo-economico-para-el-beneficio-de-todos-incluido-el-medio-ambiente\/\"},\"wordCount\":2493,\"publisher\":{\"@id\":\"https:\/\/www.pressenza.com\/es\/#organization\"},\"image\":{\"@id\":\"https:\/\/www.pressenza.com\/es\/2019\/03\/la-economia-del-bien-comun-un-modelo-economico-para-el-beneficio-de-todos-incluido-el-medio-ambiente\/#primaryimage\"},\"thumbnailUrl\":\"https:\/\/www.pressenza.com\/wp-content\/uploads\/2019\/03\/ecogood.org_-1.png\",\"keywords\":[\"bien com\u00fan\",\"bienes comunes\",\"bienestar\",\"clima\",\"Clima neutral\",\"Econom\u00eda \u00c9tica\",\"futuro\",\"GW\u00d6\",\"Idoneidad\",\"medio ambiente\",\"Modelos econ\u00f3micos alternativos\",\"protestas estudiantiles\",\"sostenibilidad\"],\"articleSection\":[\"Contenido Original\",\"Ecolog\u00eda y Medio Ambiente\",\"Econom\u00eda\",\"Europa\"],\"inLanguage\":\"es\"},{\"@type\":\"WebPage\",\"@id\":\"https:\/\/www.pressenza.com\/es\/2019\/03\/la-economia-del-bien-comun-un-modelo-economico-para-el-beneficio-de-todos-incluido-el-medio-ambiente\/\",\"url\":\"https:\/\/www.pressenza.com\/es\/2019\/03\/la-economia-del-bien-comun-un-modelo-economico-para-el-beneficio-de-todos-incluido-el-medio-ambiente\/\",\"name\":\"La Econom\u00eda del Bien Com\u00fan: un modelo econ\u00f3mico para el beneficio de todos, incluido el medio ambiente\",\"isPartOf\":{\"@id\":\"https:\/\/www.pressenza.com\/es\/#website\"},\"primaryImageOfPage\":{\"@id\":\"https:\/\/www.pressenza.com\/es\/2019\/03\/la-economia-del-bien-comun-un-modelo-economico-para-el-beneficio-de-todos-incluido-el-medio-ambiente\/#primaryimage\"},\"image\":{\"@id\":\"https:\/\/www.pressenza.com\/es\/2019\/03\/la-economia-del-bien-comun-un-modelo-economico-para-el-beneficio-de-todos-incluido-el-medio-ambiente\/#primaryimage\"},\"thumbnailUrl\":\"https:\/\/www.pressenza.com\/wp-content\/uploads\/2019\/03\/ecogood.org_-1.png\",\"datePublished\":\"2019-03-18T15:55:42+00:00\",\"description\":\"Las huelgas escolares de los j\u00f3venes por el clima est\u00e1n ahora en boca de todos y ahora tambi\u00e9n est\u00e1n respaldadas por 23,000 cient\u00edficos en Alemania,\",\"breadcrumb\":{\"@id\":\"https:\/\/www.pressenza.com\/es\/2019\/03\/la-economia-del-bien-comun-un-modelo-economico-para-el-beneficio-de-todos-incluido-el-medio-ambiente\/#breadcrumb\"},\"inLanguage\":\"es\",\"potentialAction\":[{\"@type\":\"ReadAction\",\"target\":[\"https:\/\/www.pressenza.com\/es\/2019\/03\/la-economia-del-bien-comun-un-modelo-economico-para-el-beneficio-de-todos-incluido-el-medio-ambiente\/\"]}]},{\"@type\":\"ImageObject\",\"inLanguage\":\"es\",\"@id\":\"https:\/\/www.pressenza.com\/es\/2019\/03\/la-economia-del-bien-comun-un-modelo-economico-para-el-beneficio-de-todos-incluido-el-medio-ambiente\/#primaryimage\",\"url\":\"https:\/\/www.pressenza.com\/wp-content\/uploads\/2019\/03\/ecogood.org_-1.png\",\"contentUrl\":\"https:\/\/www.pressenza.com\/wp-content\/uploads\/2019\/03\/ecogood.org_-1.png\",\"width\":1440,\"height\":930},{\"@type\":\"BreadcrumbList\",\"@id\":\"https:\/\/www.pressenza.com\/es\/2019\/03\/la-economia-del-bien-comun-un-modelo-economico-para-el-beneficio-de-todos-incluido-el-medio-ambiente\/#breadcrumb\",\"itemListElement\":[{\"@type\":\"ListItem\",\"position\":1,\"name\":\"Accueil\",\"item\":\"https:\/\/www.pressenza.com\/es\/\"},{\"@type\":\"ListItem\",\"position\":2,\"name\":\"La Econom\u00eda del Bien Com\u00fan: un modelo econ\u00f3mico para el beneficio de todos, incluido el medio ambiente\"}]},{\"@type\":\"WebSite\",\"@id\":\"https:\/\/www.pressenza.com\/es\/#website\",\"url\":\"https:\/\/www.pressenza.com\/es\/\",\"name\":\"Pressenza\",\"description\":\"International Press Agency\",\"publisher\":{\"@id\":\"https:\/\/www.pressenza.com\/es\/#organization\"},\"potentialAction\":[{\"@type\":\"SearchAction\",\"target\":{\"@type\":\"EntryPoint\",\"urlTemplate\":\"https:\/\/www.pressenza.com\/es\/?s={search_term_string}\"},\"query-input\":{\"@type\":\"PropertyValueSpecification\",\"valueRequired\":true,\"valueName\":\"search_term_string\"}}],\"inLanguage\":\"es\"},{\"@type\":\"Organization\",\"@id\":\"https:\/\/www.pressenza.com\/es\/#organization\",\"name\":\"Pressenza\",\"url\":\"https:\/\/www.pressenza.com\/es\/\",\"logo\":{\"@type\":\"ImageObject\",\"inLanguage\":\"es\",\"@id\":\"https:\/\/www.pressenza.com\/es\/#\/schema\/logo\/image\/\",\"url\":\"https:\/\/www.pressenza.com\/wp-content\/uploads\/2022\/10\/pressenza_logo_200x200.jpg\",\"contentUrl\":\"https:\/\/www.pressenza.com\/wp-content\/uploads\/2022\/10\/pressenza_logo_200x200.jpg\",\"width\":200,\"height\":200,\"caption\":\"Pressenza\"},\"image\":{\"@id\":\"https:\/\/www.pressenza.com\/es\/#\/schema\/logo\/image\/\"},\"sameAs\":[\"https:\/\/www.facebook.com\/PressenzaItalia\",\"https:\/\/x.com\/PressenzaIPA\"]},{\"@type\":\"Person\",\"@id\":\"https:\/\/www.pressenza.com\/es\/#\/schema\/person\/0fc92e8348796c95b261f25f4a3e6fc2\",\"name\":\"Evelyn Rottengatter\",\"description\":\"Born in 1971 and raised near Munich, Bavaria, she has a degree in languages (English, French, Italian) and went on to work in the media (cinema, television, print). Teaches languages to children and writes and translates for Pressenza.\",\"url\":\"https:\/\/www.pressenza.com\/es\/author\/evelyn-rottengatter\/\"}]}<\/script>\n<!-- \/ Yoast SEO plugin. -->","yoast_head_json":{"title":"La Econom\u00eda del Bien Com\u00fan: un modelo econ\u00f3mico para el beneficio de todos, incluido el medio ambiente","description":"Las huelgas escolares de los j\u00f3venes por el clima est\u00e1n ahora en boca de todos y ahora tambi\u00e9n est\u00e1n respaldadas por 23,000 cient\u00edficos en Alemania,","robots":{"index":"index","follow":"follow","max-snippet":"max-snippet:-1","max-image-preview":"max-image-preview:large","max-video-preview":"max-video-preview:-1"},"canonical":"https:\/\/www.pressenza.com\/es\/2019\/03\/la-economia-del-bien-comun-un-modelo-economico-para-el-beneficio-de-todos-incluido-el-medio-ambiente\/","og_locale":"es_ES","og_type":"article","og_title":"La Econom\u00eda del Bien Com\u00fan: un modelo econ\u00f3mico para el beneficio de todos, incluido el medio ambiente","og_description":"Las huelgas escolares de los j\u00f3venes por el clima est\u00e1n ahora en boca de todos y ahora tambi\u00e9n est\u00e1n respaldadas por 23,000 cient\u00edficos en Alemania,","og_url":"https:\/\/www.pressenza.com\/es\/2019\/03\/la-economia-del-bien-comun-un-modelo-economico-para-el-beneficio-de-todos-incluido-el-medio-ambiente\/","og_site_name":"Pressenza","article_publisher":"https:\/\/www.facebook.com\/PressenzaItalia","article_published_time":"2019-03-18T15:55:42+00:00","og_image":[{"width":1440,"height":930,"url":"https:\/\/www.pressenza.com\/wp-content\/uploads\/2019\/03\/ecogood.org_-1.png","type":"image\/png"}],"author":"Evelyn Rottengatter","twitter_card":"summary_large_image","twitter_creator":"@PressenzaIPA","twitter_site":"@PressenzaIPA","twitter_misc":{"Escrito por":"Evelyn Rottengatter","Tiempo de lectura":"12 minutos"},"schema":{"@context":"https:\/\/schema.org","@graph":[{"@type":"Article","@id":"https:\/\/www.pressenza.com\/es\/2019\/03\/la-economia-del-bien-comun-un-modelo-economico-para-el-beneficio-de-todos-incluido-el-medio-ambiente\/#article","isPartOf":{"@id":"https:\/\/www.pressenza.com\/es\/2019\/03\/la-economia-del-bien-comun-un-modelo-economico-para-el-beneficio-de-todos-incluido-el-medio-ambiente\/"},"author":{"name":"Evelyn Rottengatter","@id":"https:\/\/www.pressenza.com\/es\/#\/schema\/person\/0fc92e8348796c95b261f25f4a3e6fc2"},"headline":"La Econom\u00eda del Bien Com\u00fan: un modelo econ\u00f3mico para el beneficio de todos, incluido el medio ambiente","datePublished":"2019-03-18T15:55:42+00:00","mainEntityOfPage":{"@id":"https:\/\/www.pressenza.com\/es\/2019\/03\/la-economia-del-bien-comun-un-modelo-economico-para-el-beneficio-de-todos-incluido-el-medio-ambiente\/"},"wordCount":2493,"publisher":{"@id":"https:\/\/www.pressenza.com\/es\/#organization"},"image":{"@id":"https:\/\/www.pressenza.com\/es\/2019\/03\/la-economia-del-bien-comun-un-modelo-economico-para-el-beneficio-de-todos-incluido-el-medio-ambiente\/#primaryimage"},"thumbnailUrl":"https:\/\/www.pressenza.com\/wp-content\/uploads\/2019\/03\/ecogood.org_-1.png","keywords":["bien com\u00fan","bienes comunes","bienestar","clima","Clima neutral","Econom\u00eda \u00c9tica","futuro","GW\u00d6","Idoneidad","medio ambiente","Modelos econ\u00f3micos alternativos","protestas estudiantiles","sostenibilidad"],"articleSection":["Contenido Original","Ecolog\u00eda y Medio Ambiente","Econom\u00eda","Europa"],"inLanguage":"es"},{"@type":"WebPage","@id":"https:\/\/www.pressenza.com\/es\/2019\/03\/la-economia-del-bien-comun-un-modelo-economico-para-el-beneficio-de-todos-incluido-el-medio-ambiente\/","url":"https:\/\/www.pressenza.com\/es\/2019\/03\/la-economia-del-bien-comun-un-modelo-economico-para-el-beneficio-de-todos-incluido-el-medio-ambiente\/","name":"La Econom\u00eda del Bien Com\u00fan: un modelo econ\u00f3mico para el beneficio de todos, incluido el medio ambiente","isPartOf":{"@id":"https:\/\/www.pressenza.com\/es\/#website"},"primaryImageOfPage":{"@id":"https:\/\/www.pressenza.com\/es\/2019\/03\/la-economia-del-bien-comun-un-modelo-economico-para-el-beneficio-de-todos-incluido-el-medio-ambiente\/#primaryimage"},"image":{"@id":"https:\/\/www.pressenza.com\/es\/2019\/03\/la-economia-del-bien-comun-un-modelo-economico-para-el-beneficio-de-todos-incluido-el-medio-ambiente\/#primaryimage"},"thumbnailUrl":"https:\/\/www.pressenza.com\/wp-content\/uploads\/2019\/03\/ecogood.org_-1.png","datePublished":"2019-03-18T15:55:42+00:00","description":"Las huelgas escolares de los j\u00f3venes por el clima est\u00e1n ahora en boca de todos y ahora tambi\u00e9n est\u00e1n respaldadas por 23,000 cient\u00edficos en Alemania,","breadcrumb":{"@id":"https:\/\/www.pressenza.com\/es\/2019\/03\/la-economia-del-bien-comun-un-modelo-economico-para-el-beneficio-de-todos-incluido-el-medio-ambiente\/#breadcrumb"},"inLanguage":"es","potentialAction":[{"@type":"ReadAction","target":["https:\/\/www.pressenza.com\/es\/2019\/03\/la-economia-del-bien-comun-un-modelo-economico-para-el-beneficio-de-todos-incluido-el-medio-ambiente\/"]}]},{"@type":"ImageObject","inLanguage":"es","@id":"https:\/\/www.pressenza.com\/es\/2019\/03\/la-economia-del-bien-comun-un-modelo-economico-para-el-beneficio-de-todos-incluido-el-medio-ambiente\/#primaryimage","url":"https:\/\/www.pressenza.com\/wp-content\/uploads\/2019\/03\/ecogood.org_-1.png","contentUrl":"https:\/\/www.pressenza.com\/wp-content\/uploads\/2019\/03\/ecogood.org_-1.png","width":1440,"height":930},{"@type":"BreadcrumbList","@id":"https:\/\/www.pressenza.com\/es\/2019\/03\/la-economia-del-bien-comun-un-modelo-economico-para-el-beneficio-de-todos-incluido-el-medio-ambiente\/#breadcrumb","itemListElement":[{"@type":"ListItem","position":1,"name":"Accueil","item":"https:\/\/www.pressenza.com\/es\/"},{"@type":"ListItem","position":2,"name":"La Econom\u00eda del Bien Com\u00fan: un modelo econ\u00f3mico para el beneficio de todos, incluido el medio ambiente"}]},{"@type":"WebSite","@id":"https:\/\/www.pressenza.com\/es\/#website","url":"https:\/\/www.pressenza.com\/es\/","name":"Pressenza","description":"International Press Agency","publisher":{"@id":"https:\/\/www.pressenza.com\/es\/#organization"},"potentialAction":[{"@type":"SearchAction","target":{"@type":"EntryPoint","urlTemplate":"https:\/\/www.pressenza.com\/es\/?s={search_term_string}"},"query-input":{"@type":"PropertyValueSpecification","valueRequired":true,"valueName":"search_term_string"}}],"inLanguage":"es"},{"@type":"Organization","@id":"https:\/\/www.pressenza.com\/es\/#organization","name":"Pressenza","url":"https:\/\/www.pressenza.com\/es\/","logo":{"@type":"ImageObject","inLanguage":"es","@id":"https:\/\/www.pressenza.com\/es\/#\/schema\/logo\/image\/","url":"https:\/\/www.pressenza.com\/wp-content\/uploads\/2022\/10\/pressenza_logo_200x200.jpg","contentUrl":"https:\/\/www.pressenza.com\/wp-content\/uploads\/2022\/10\/pressenza_logo_200x200.jpg","width":200,"height":200,"caption":"Pressenza"},"image":{"@id":"https:\/\/www.pressenza.com\/es\/#\/schema\/logo\/image\/"},"sameAs":["https:\/\/www.facebook.com\/PressenzaItalia","https:\/\/x.com\/PressenzaIPA"]},{"@type":"Person","@id":"https:\/\/www.pressenza.com\/es\/#\/schema\/person\/0fc92e8348796c95b261f25f4a3e6fc2","name":"Evelyn Rottengatter","description":"Born in 1971 and raised near Munich, Bavaria, she has a degree in languages (English, French, Italian) and went on to work in the media (cinema, television, print). Teaches languages to children and writes and translates for Pressenza.","url":"https:\/\/www.pressenza.com\/es\/author\/evelyn-rottengatter\/"}]}},"place":"","original_article_url":"","_links":{"self":[{"href":"https:\/\/www.pressenza.com\/es\/wp-json\/wp\/v2\/posts\/825883","targetHints":{"allow":["GET"]}}],"collection":[{"href":"https:\/\/www.pressenza.com\/es\/wp-json\/wp\/v2\/posts"}],"about":[{"href":"https:\/\/www.pressenza.com\/es\/wp-json\/wp\/v2\/types\/post"}],"author":[{"embeddable":true,"href":"https:\/\/www.pressenza.com\/es\/wp-json\/wp\/v2\/users\/1169"}],"replies":[{"embeddable":true,"href":"https:\/\/www.pressenza.com\/es\/wp-json\/wp\/v2\/comments?post=825883"}],"version-history":[{"count":0,"href":"https:\/\/www.pressenza.com\/es\/wp-json\/wp\/v2\/posts\/825883\/revisions"}],"wp:featuredmedia":[{"embeddable":true,"href":"https:\/\/www.pressenza.com\/es\/wp-json\/wp\/v2\/media\/823434"}],"wp:attachment":[{"href":"https:\/\/www.pressenza.com\/es\/wp-json\/wp\/v2\/media?parent=825883"}],"wp:term":[{"taxonomy":"category","embeddable":true,"href":"https:\/\/www.pressenza.com\/es\/wp-json\/wp\/v2\/categories?post=825883"},{"taxonomy":"post_tag","embeddable":true,"href":"https:\/\/www.pressenza.com\/es\/wp-json\/wp\/v2\/tags?post=825883"}],"curies":[{"name":"wp","href":"https:\/\/api.w.org\/{rel}","templated":true}]}}