{"id":824939,"date":"2019-03-16T13:53:59","date_gmt":"2019-03-16T13:53:59","guid":{"rendered":"https:\/\/www.pressenza.com\/?p=824939"},"modified":"2019-03-16T13:53:59","modified_gmt":"2019-03-16T13:53:59","slug":"cecilia-ousset-acusada-de-homicidio-por-asistir-a-la-nina-tucumana","status":"publish","type":"post","link":"https:\/\/www.pressenza.com\/es\/2019\/03\/cecilia-ousset-acusada-de-homicidio-por-asistir-a-la-nina-tucumana\/","title":{"rendered":"Cecilia Ousset, acusada de homicidio por asistir a la ni\u00f1a tucumana"},"content":{"rendered":"<p><strong>La m\u00e9dica dialog\u00f3 con Fernando Tebele en el programa La Retaguardia y anunci\u00f3 que la nena fue dada de alta. Luc\u00eda hab\u00eda sido intervenida con una microces\u00e1rea por parte de los m\u00e9dicos Jos\u00e9 Gigena, Cecilia Ousset y Adriana Romano Mazzone. Luego de la muerte del feto nacido vivo, un grupo de abogados anti-derechos denunci\u00f3 por homicidio a los profesionales de la salud que le garantizaron terminar con el embarazo. Al frente de este grupo, est\u00e1 la abogada Mar\u00eda Teresa Mockevich. Ousset defini\u00f3 a la situaci\u00f3n como un \u00abdelirio jur\u00eddico\u00bb.\u00a0<\/strong><\/p>\n<h4>\u00abEn Tucum\u00e1n todo es posible porque es un lugar al margen de la ley\u00bb<\/h4>\n<p>Mar\u00eda Teresa Mockevich acus\u00f3 a los tres profesionales que intervinieron a Luc\u00eda por homicidio, desobediencia judicial e incumplimiento de los deberes de funcionario p\u00fablico. Sectores antiderechos cargan contra m\u00e9dicos y m\u00e9dicas que intentaron hacer valer el derecho de la ni\u00f1a.<\/p>\n<p>\u00abLos antiderechos son mayor\u00eda en el norte. Por las encuestas, han votado de esa manera nuestros diputados y senadores el a\u00f1o pasado cuando se estaba tratando la ley de interrupci\u00f3n voluntaria del embarazo. En este caso, se sigue en este punto, un par de m\u00e9dicos se atrevieron a hacer la interrupci\u00f3n legal del embarazo de esta nena violada con un cuerpo infantil. La han obligado a gestar hasta las 23 semanas, una fiscal impidi\u00f3 la interrupci\u00f3n y luego una jueza oblig\u00f3. Todo ese manoseo, esa situaci\u00f3n emocional y f\u00edsica por la que ha tenido que pasar esa nenita es lo importante. Despu\u00e9s de que nosotros hicimos la intervenci\u00f3n y nos denunciaron penalmente por homicidio calificado y con pedido de captura. Aunque parezca un delirio jur\u00eddico, en Tucum\u00e1n todo es posible. Es un lugar que vive al margen de la ley\u00bb, denunci\u00f3 Cecilia Ousset.<\/p>\n<h4>Luc\u00eda y el despu\u00e9s<\/h4>\n<p>\u00abLa ni\u00f1a est\u00e1 muy bien f\u00edsicamente. Hoy le dieron el alta despu\u00e9s de un mes y medio de estar en ese hospital del infierno. No nos olvidemos que tiene un cuadro especial, va a estar a resguardo de un familiar y con un horario de visita para su madre que ya no ten\u00eda la custodia\u00bb, explic\u00f3 Ousset.<\/p>\n<p>Adem\u00e1s, la m\u00e9dica se refiri\u00f3 a la controversia sintetizada en la frase &#8216;ces\u00e1rea no es ILE&#8217; que se multiplic\u00f3 en los espacios feministas a partir de este caso y, anteriormente, el de la ni\u00f1a de 12 a\u00f1os en Jujuy: \u00abLa interrupci\u00f3n legal del embarazo no tiene l\u00edmite de edad gestacional. Saquemos el caso de Luc\u00eda que fue por violaci\u00f3n y por ser menor de 13 a\u00f1os. Si hay que hacer una interrupci\u00f3n en una paciente de 23 o 32 semanas por alguna complicaci\u00f3n m\u00e9dica como diabetes, un tumor, un embarazo con malformaciones m\u00faltiples, el embarazo se interrumpe y la v\u00eda de interrupci\u00f3n depende de las condiciones obst\u00e9tricas. La ILE no es igual que la IVE (interrupci\u00f3n voluntaria del embarazo), el proyecto que se estaba tratando. Las ILE pueden ser por v\u00eda alta si la condici\u00f3n obst\u00e9trica de la paciente no da para una v\u00eda baja. Era el caso de Luc\u00eda. Las v\u00edas altas son las microces\u00e1reas. Ac\u00e1 hubo un reci\u00e9n nacido vivo, que es lo que objetan muchas chicas, pero naci\u00f3 vivo, no pod\u00edamos meterlo adentro de una bolsa, fue entregado a neonatolog\u00eda que hizo su trabajo. Nosotros \u00edbamos a practicar una interrupci\u00f3n legal del embarazo y la v\u00eda vaginal no era posible como los protocolos de la OMS. Por el estado f\u00edsico de la nena, el cuerpo infantil y por la situaci\u00f3n psicol\u00f3gica y emocional de la chiquita\u00bb, asegur\u00f3.<\/p>\n<h4>El objetivo es amedrentar<\/h4>\n<p>As\u00ed explic\u00f3 Ousset las razones de la denuncia contra ella y sus dos colegas: \u00abLa causa que nos hicieron es un delirio jur\u00eddico y tarde o temprano va a caer. Pero el objetivo es amedrentar a los m\u00e9dicos que se atrevan a hacer una interrupci\u00f3n legal y a las pacientes para que no se acerquen al hospital a pedir esto. Eso es lo que me duele y preocupa much\u00edsimo. Tucum\u00e1n vive al margen de la ley y del Estado de derecho, no est\u00e1 adherido a la ley de Salud Sexual y Reproductiva ni se dicta la ley de Educaci\u00f3n Sexual Integral como corresponde. Esto es un problema, no para mi marido y para m\u00ed que de \u00faltima vamos a tener apoyo legal y la posibilidad intelectual y econ\u00f3mica y podemos hablar con los medios. El problema son las personas que son invisibles, que pareciera que no est\u00e1n, no existen, que si no se ven no est\u00e1n. Son todas las Luc\u00edas, no s\u00f3lo en Tucum\u00e1n sino en todo el norte del pa\u00eds. Eso es lo que m\u00e1s nos preocupa y en lo que creemos que como actores de la medicina, el derecho y comunicadores deben hacer hincapi\u00e9\u00bb, insisti\u00f3. \u00abEn c\u00f3mo son las presiones y el poder del Estado mezclado con el poder eclesi\u00e1stico. Si volviera a suceder algo similar y me convocaran, de nuevo lo har\u00eda. Yo soy cat\u00f3lica practicante y objetora. Mi esposo, no. Yo lo hab\u00eda acompa\u00f1ado a \u00e9l para darle un apoyo a la nena, explicarle, estar del lado de la cabecera. Pero cuando ingresamos al quir\u00f3fano, todos se declararon objetores y se fueron, entonces yo instrument\u00e9 la ces\u00e1rea y form\u00e9 parte de este equipo armado porque tambi\u00e9n tuvimos que salir a buscar un anestesista. Han intentado obstaculizar hasta \u00faltimo momento. Eso me impacta y me conmociona. Nosotros trabajamos en el sector privado, no p\u00fablico. Hab\u00edamos sido convocados porque la jueza hab\u00eda dado un plazo de 72 horas y nadie lo quer\u00eda hacer. Fuimos convocados por el ministerio de Salud. Nos impacta que hasta \u00faltimo momento no han pensado en Luc\u00eda, hasta \u00faltimo momento intentando que la ni\u00f1a vuelva a su habitaci\u00f3n sin lograr lo que hab\u00eda solicitado\u00bb, asegur\u00f3 Ousset sobre el comportamiento del hospital y los dem\u00e1s profesionales.<\/p>\n<p>En este sentido, reflexion\u00f3 sobre c\u00f3mo se vincula con su marido en funci\u00f3n de las diferentes convicciones: \u00abMi creencia y la de mi marido son perfectamente compatibles y siempre lo fueron. Yo estoy a favor de la ley de interrupci\u00f3n voluntaria del embarazo, me parece que las interrupciones legales del embarazo deben hacerse pero no todo el mundo tiene mi misma religi\u00f3n, sensaci\u00f3n y creencia. La religi\u00f3n es personal\u00edsima, ni siquiera puedo obligar a mi esposo e hijos, por eso me parece un delirio total que el Estado u otras personas coaccionen a otras a pensar diferente, sentir diferente o actuar diferente a lo que cada persona siente. Nosotros convivimos perfectamente y dentro de nuestros cuatro hijos hay dos cat\u00f3licos y dos ateos. Es algo muy personal y no tiene que incidir en ninguna de nuestras decisiones. Ah\u00ed est\u00e1 la separaci\u00f3n que hay que hacer primero desde lo personal para que luego pueda ser lo general entre la religi\u00f3n y el Estado. Las leyes est\u00e1n para cumplirse independientemente de c\u00f3mo piense o me pronuncie\u00bb, sentenci\u00f3 Ousset.<\/p>\n<p><iframe loading=\"lazy\" src=\"\/\/ar.radiocut.fm\/audiocut\/embed\/mini\/la-medica-cecilia-ousset-comfirmo-el-alta-de-lucia-la-nina-tucumana-que-fue-violada\/\" width=\"100%\" height=\"65px\" frameborder=\"no\" scrolling=\"no\"><\/iframe><\/p>\n","protected":false},"excerpt":{"rendered":"<p>La m\u00e9dica dialog\u00f3 con Fernando Tebele en el programa La Retaguardia y anunci\u00f3 que la nena fue dada de alta. Luc\u00eda hab\u00eda sido intervenida con una microces\u00e1rea por parte de los m\u00e9dicos Jos\u00e9 Gigena, Cecilia Ousset y Adriana Romano Mazzone.&hellip;<\/p>\n","protected":false},"author":1497,"featured_media":814537,"comment_status":"closed","ping_status":"closed","sticky":false,"template":"","format":"standard","meta":{"footnotes":""},"categories":[155,54515,1239,67],"tags":[55779,44232,503,56396,48095,55780,31650,1025,14926],"class_list":["post-824939","post","type-post","status-publish","format-standard","has-post-thumbnail","hentry","category-entrevistas","category-genero-y-feminismos","category-salud","category-sudamerica","tag-cecilia-ousset","tag-feminismos","tag-genero","tag-ike","tag-ive","tag-jose-gijena","tag-lucia","tag-mujeres","tag-tucuman"],"yoast_head":"<!-- This site is optimized with the Yoast SEO plugin v27.1.1 - https:\/\/yoast.com\/product\/yoast-seo-wordpress\/ -->\n<title>Cecilia Ousset, acusada de homicidio por asistir a la ni\u00f1a tucumana<\/title>\n<meta name=\"description\" content=\"La m\u00e9dica dialog\u00f3 con Fernando Tebele en el programa La Retaguardia y anunci\u00f3 que la nena fue dada de alta. Luc\u00eda hab\u00eda sido intervenida con una\" \/>\n<meta name=\"robots\" content=\"index, follow, max-snippet:-1, max-image-preview:large, max-video-preview:-1\" \/>\n<link rel=\"canonical\" href=\"https:\/\/www.pressenza.com\/es\/2019\/03\/cecilia-ousset-acusada-de-homicidio-por-asistir-a-la-nina-tucumana\/\" \/>\n<meta property=\"og:locale\" content=\"es_ES\" \/>\n<meta property=\"og:type\" content=\"article\" \/>\n<meta property=\"og:title\" content=\"Cecilia Ousset, acusada de homicidio por asistir a la ni\u00f1a tucumana\" \/>\n<meta property=\"og:description\" content=\"La m\u00e9dica dialog\u00f3 con Fernando Tebele en el programa La Retaguardia y anunci\u00f3 que la nena fue dada de alta. Luc\u00eda hab\u00eda sido intervenida con una\" \/>\n<meta property=\"og:url\" content=\"https:\/\/www.pressenza.com\/es\/2019\/03\/cecilia-ousset-acusada-de-homicidio-por-asistir-a-la-nina-tucumana\/\" \/>\n<meta property=\"og:site_name\" content=\"Pressenza\" \/>\n<meta property=\"article:publisher\" content=\"https:\/\/www.facebook.com\/PressenzaItalia\" \/>\n<meta property=\"article:published_time\" content=\"2019-03-16T13:53:59+00:00\" \/>\n<meta property=\"og:image\" content=\"https:\/\/www.pressenza.com\/wp-content\/uploads\/2019\/03\/doctores-tucuma\u0301n-2-Nacho-Yuchark-720x480.jpg\" \/>\n\t<meta property=\"og:image:width\" content=\"720\" \/>\n\t<meta property=\"og:image:height\" content=\"480\" \/>\n\t<meta property=\"og:image:type\" content=\"image\/jpeg\" \/>\n<meta name=\"author\" content=\"La Retaguardia\" \/>\n<meta name=\"twitter:card\" content=\"summary_large_image\" \/>\n<meta name=\"twitter:creator\" content=\"@PressenzaIPA\" \/>\n<meta name=\"twitter:site\" content=\"@PressenzaIPA\" \/>\n<meta name=\"twitter:label1\" content=\"Escrito por\" \/>\n\t<meta name=\"twitter:data1\" content=\"La Retaguardia\" \/>\n\t<meta name=\"twitter:label2\" content=\"Tiempo de lectura\" \/>\n\t<meta name=\"twitter:data2\" content=\"6 minutos\" \/>\n<script type=\"application\/ld+json\" class=\"yoast-schema-graph\">{\"@context\":\"https:\/\/schema.org\",\"@graph\":[{\"@type\":\"Article\",\"@id\":\"https:\/\/www.pressenza.com\/es\/2019\/03\/cecilia-ousset-acusada-de-homicidio-por-asistir-a-la-nina-tucumana\/#article\",\"isPartOf\":{\"@id\":\"https:\/\/www.pressenza.com\/es\/2019\/03\/cecilia-ousset-acusada-de-homicidio-por-asistir-a-la-nina-tucumana\/\"},\"author\":{\"name\":\"La Retaguardia\",\"@id\":\"https:\/\/www.pressenza.com\/es\/#\/schema\/person\/98a38263ecdcc396a0f9c0adad4a5ce8\"},\"headline\":\"Cecilia Ousset, acusada de homicidio por asistir a la ni\u00f1a tucumana\",\"datePublished\":\"2019-03-16T13:53:59+00:00\",\"mainEntityOfPage\":{\"@id\":\"https:\/\/www.pressenza.com\/es\/2019\/03\/cecilia-ousset-acusada-de-homicidio-por-asistir-a-la-nina-tucumana\/\"},\"wordCount\":1244,\"publisher\":{\"@id\":\"https:\/\/www.pressenza.com\/es\/#organization\"},\"image\":{\"@id\":\"https:\/\/www.pressenza.com\/es\/2019\/03\/cecilia-ousset-acusada-de-homicidio-por-asistir-a-la-nina-tucumana\/#primaryimage\"},\"thumbnailUrl\":\"https:\/\/www.pressenza.com\/wp-content\/uploads\/2019\/03\/doctores-tucuma\u0301n-2-Nacho-Yuchark.jpg\",\"keywords\":[\"Cecilia Ousset\",\"feminismos\",\"G\u00e9nero\",\"IKE\",\"IVE\",\"Jos\u00e9 Gijena\",\"Luc\u00eda\",\"Mujeres\",\"Tucum\u00e1n\"],\"articleSection\":[\"Entrevistas\",\"G\u00e9nero y Feminismos\",\"Salud\",\"Sudam\u00e9rica\"],\"inLanguage\":\"es\"},{\"@type\":\"WebPage\",\"@id\":\"https:\/\/www.pressenza.com\/es\/2019\/03\/cecilia-ousset-acusada-de-homicidio-por-asistir-a-la-nina-tucumana\/\",\"url\":\"https:\/\/www.pressenza.com\/es\/2019\/03\/cecilia-ousset-acusada-de-homicidio-por-asistir-a-la-nina-tucumana\/\",\"name\":\"Cecilia Ousset, acusada de homicidio por asistir a la ni\u00f1a tucumana\",\"isPartOf\":{\"@id\":\"https:\/\/www.pressenza.com\/es\/#website\"},\"primaryImageOfPage\":{\"@id\":\"https:\/\/www.pressenza.com\/es\/2019\/03\/cecilia-ousset-acusada-de-homicidio-por-asistir-a-la-nina-tucumana\/#primaryimage\"},\"image\":{\"@id\":\"https:\/\/www.pressenza.com\/es\/2019\/03\/cecilia-ousset-acusada-de-homicidio-por-asistir-a-la-nina-tucumana\/#primaryimage\"},\"thumbnailUrl\":\"https:\/\/www.pressenza.com\/wp-content\/uploads\/2019\/03\/doctores-tucuma\u0301n-2-Nacho-Yuchark.jpg\",\"datePublished\":\"2019-03-16T13:53:59+00:00\",\"description\":\"La m\u00e9dica dialog\u00f3 con Fernando Tebele en el programa La Retaguardia y anunci\u00f3 que la nena fue dada de alta. Luc\u00eda hab\u00eda sido intervenida con una\",\"breadcrumb\":{\"@id\":\"https:\/\/www.pressenza.com\/es\/2019\/03\/cecilia-ousset-acusada-de-homicidio-por-asistir-a-la-nina-tucumana\/#breadcrumb\"},\"inLanguage\":\"es\",\"potentialAction\":[{\"@type\":\"ReadAction\",\"target\":[\"https:\/\/www.pressenza.com\/es\/2019\/03\/cecilia-ousset-acusada-de-homicidio-por-asistir-a-la-nina-tucumana\/\"]}]},{\"@type\":\"ImageObject\",\"inLanguage\":\"es\",\"@id\":\"https:\/\/www.pressenza.com\/es\/2019\/03\/cecilia-ousset-acusada-de-homicidio-por-asistir-a-la-nina-tucumana\/#primaryimage\",\"url\":\"https:\/\/www.pressenza.com\/wp-content\/uploads\/2019\/03\/doctores-tucuma\u0301n-2-Nacho-Yuchark.jpg\",\"contentUrl\":\"https:\/\/www.pressenza.com\/wp-content\/uploads\/2019\/03\/doctores-tucuma\u0301n-2-Nacho-Yuchark.jpg\",\"width\":2048,\"height\":1365,\"caption\":\"Foto de Nacho Yuchark\/La vaca\"},{\"@type\":\"BreadcrumbList\",\"@id\":\"https:\/\/www.pressenza.com\/es\/2019\/03\/cecilia-ousset-acusada-de-homicidio-por-asistir-a-la-nina-tucumana\/#breadcrumb\",\"itemListElement\":[{\"@type\":\"ListItem\",\"position\":1,\"name\":\"Accueil\",\"item\":\"https:\/\/www.pressenza.com\/es\/\"},{\"@type\":\"ListItem\",\"position\":2,\"name\":\"Cecilia Ousset, acusada de homicidio por asistir a la ni\u00f1a tucumana\"}]},{\"@type\":\"WebSite\",\"@id\":\"https:\/\/www.pressenza.com\/es\/#website\",\"url\":\"https:\/\/www.pressenza.com\/es\/\",\"name\":\"Pressenza\",\"description\":\"International Press Agency\",\"publisher\":{\"@id\":\"https:\/\/www.pressenza.com\/es\/#organization\"},\"potentialAction\":[{\"@type\":\"SearchAction\",\"target\":{\"@type\":\"EntryPoint\",\"urlTemplate\":\"https:\/\/www.pressenza.com\/es\/?s={search_term_string}\"},\"query-input\":{\"@type\":\"PropertyValueSpecification\",\"valueRequired\":true,\"valueName\":\"search_term_string\"}}],\"inLanguage\":\"es\"},{\"@type\":\"Organization\",\"@id\":\"https:\/\/www.pressenza.com\/es\/#organization\",\"name\":\"Pressenza\",\"url\":\"https:\/\/www.pressenza.com\/es\/\",\"logo\":{\"@type\":\"ImageObject\",\"inLanguage\":\"es\",\"@id\":\"https:\/\/www.pressenza.com\/es\/#\/schema\/logo\/image\/\",\"url\":\"https:\/\/www.pressenza.com\/wp-content\/uploads\/2022\/10\/pressenza_logo_200x200.jpg\",\"contentUrl\":\"https:\/\/www.pressenza.com\/wp-content\/uploads\/2022\/10\/pressenza_logo_200x200.jpg\",\"width\":200,\"height\":200,\"caption\":\"Pressenza\"},\"image\":{\"@id\":\"https:\/\/www.pressenza.com\/es\/#\/schema\/logo\/image\/\"},\"sameAs\":[\"https:\/\/www.facebook.com\/PressenzaItalia\",\"https:\/\/x.com\/PressenzaIPA\"]},{\"@type\":\"Person\",\"@id\":\"https:\/\/www.pressenza.com\/es\/#\/schema\/person\/98a38263ecdcc396a0f9c0adad4a5ce8\",\"name\":\"La Retaguardia\",\"description\":\"La Retaguardia es un colectivo de Periodismo Social con base en Argentina. Somos una radio online, un portal de noticias y tambi\u00e9n una revista de publicaci\u00f3n mensual en papel. Participamos del movimiento de medios comunitarios, alternativos y populares, integrando la Red Nacional de Medios Alternativos. Queremos cambiar el mundo y nuestra herramienta es la comunicaci\u00f3n popular. www.laretaguardia.com.ar\",\"sameAs\":[\"http:\/\/www.laretaguardia.com.ar\/\"],\"url\":\"https:\/\/www.pressenza.com\/es\/author\/la-retaguardia\/\"}]}<\/script>\n<!-- \/ Yoast SEO plugin. -->","yoast_head_json":{"title":"Cecilia Ousset, acusada de homicidio por asistir a la ni\u00f1a tucumana","description":"La m\u00e9dica dialog\u00f3 con Fernando Tebele en el programa La Retaguardia y anunci\u00f3 que la nena fue dada de alta. Luc\u00eda hab\u00eda sido intervenida con una","robots":{"index":"index","follow":"follow","max-snippet":"max-snippet:-1","max-image-preview":"max-image-preview:large","max-video-preview":"max-video-preview:-1"},"canonical":"https:\/\/www.pressenza.com\/es\/2019\/03\/cecilia-ousset-acusada-de-homicidio-por-asistir-a-la-nina-tucumana\/","og_locale":"es_ES","og_type":"article","og_title":"Cecilia Ousset, acusada de homicidio por asistir a la ni\u00f1a tucumana","og_description":"La m\u00e9dica dialog\u00f3 con Fernando Tebele en el programa La Retaguardia y anunci\u00f3 que la nena fue dada de alta. Luc\u00eda hab\u00eda sido intervenida con una","og_url":"https:\/\/www.pressenza.com\/es\/2019\/03\/cecilia-ousset-acusada-de-homicidio-por-asistir-a-la-nina-tucumana\/","og_site_name":"Pressenza","article_publisher":"https:\/\/www.facebook.com\/PressenzaItalia","article_published_time":"2019-03-16T13:53:59+00:00","og_image":[{"width":720,"height":480,"url":"https:\/\/www.pressenza.com\/wp-content\/uploads\/2019\/03\/doctores-tucuma\u0301n-2-Nacho-Yuchark-720x480.jpg","type":"image\/jpeg"}],"author":"La Retaguardia","twitter_card":"summary_large_image","twitter_creator":"@PressenzaIPA","twitter_site":"@PressenzaIPA","twitter_misc":{"Escrito por":"La Retaguardia","Tiempo de lectura":"6 minutos"},"schema":{"@context":"https:\/\/schema.org","@graph":[{"@type":"Article","@id":"https:\/\/www.pressenza.com\/es\/2019\/03\/cecilia-ousset-acusada-de-homicidio-por-asistir-a-la-nina-tucumana\/#article","isPartOf":{"@id":"https:\/\/www.pressenza.com\/es\/2019\/03\/cecilia-ousset-acusada-de-homicidio-por-asistir-a-la-nina-tucumana\/"},"author":{"name":"La Retaguardia","@id":"https:\/\/www.pressenza.com\/es\/#\/schema\/person\/98a38263ecdcc396a0f9c0adad4a5ce8"},"headline":"Cecilia Ousset, acusada de homicidio por asistir a la ni\u00f1a tucumana","datePublished":"2019-03-16T13:53:59+00:00","mainEntityOfPage":{"@id":"https:\/\/www.pressenza.com\/es\/2019\/03\/cecilia-ousset-acusada-de-homicidio-por-asistir-a-la-nina-tucumana\/"},"wordCount":1244,"publisher":{"@id":"https:\/\/www.pressenza.com\/es\/#organization"},"image":{"@id":"https:\/\/www.pressenza.com\/es\/2019\/03\/cecilia-ousset-acusada-de-homicidio-por-asistir-a-la-nina-tucumana\/#primaryimage"},"thumbnailUrl":"https:\/\/www.pressenza.com\/wp-content\/uploads\/2019\/03\/doctores-tucuma\u0301n-2-Nacho-Yuchark.jpg","keywords":["Cecilia Ousset","feminismos","G\u00e9nero","IKE","IVE","Jos\u00e9 Gijena","Luc\u00eda","Mujeres","Tucum\u00e1n"],"articleSection":["Entrevistas","G\u00e9nero y Feminismos","Salud","Sudam\u00e9rica"],"inLanguage":"es"},{"@type":"WebPage","@id":"https:\/\/www.pressenza.com\/es\/2019\/03\/cecilia-ousset-acusada-de-homicidio-por-asistir-a-la-nina-tucumana\/","url":"https:\/\/www.pressenza.com\/es\/2019\/03\/cecilia-ousset-acusada-de-homicidio-por-asistir-a-la-nina-tucumana\/","name":"Cecilia Ousset, acusada de homicidio por asistir a la ni\u00f1a tucumana","isPartOf":{"@id":"https:\/\/www.pressenza.com\/es\/#website"},"primaryImageOfPage":{"@id":"https:\/\/www.pressenza.com\/es\/2019\/03\/cecilia-ousset-acusada-de-homicidio-por-asistir-a-la-nina-tucumana\/#primaryimage"},"image":{"@id":"https:\/\/www.pressenza.com\/es\/2019\/03\/cecilia-ousset-acusada-de-homicidio-por-asistir-a-la-nina-tucumana\/#primaryimage"},"thumbnailUrl":"https:\/\/www.pressenza.com\/wp-content\/uploads\/2019\/03\/doctores-tucuma\u0301n-2-Nacho-Yuchark.jpg","datePublished":"2019-03-16T13:53:59+00:00","description":"La m\u00e9dica dialog\u00f3 con Fernando Tebele en el programa La Retaguardia y anunci\u00f3 que la nena fue dada de alta. Luc\u00eda hab\u00eda sido intervenida con una","breadcrumb":{"@id":"https:\/\/www.pressenza.com\/es\/2019\/03\/cecilia-ousset-acusada-de-homicidio-por-asistir-a-la-nina-tucumana\/#breadcrumb"},"inLanguage":"es","potentialAction":[{"@type":"ReadAction","target":["https:\/\/www.pressenza.com\/es\/2019\/03\/cecilia-ousset-acusada-de-homicidio-por-asistir-a-la-nina-tucumana\/"]}]},{"@type":"ImageObject","inLanguage":"es","@id":"https:\/\/www.pressenza.com\/es\/2019\/03\/cecilia-ousset-acusada-de-homicidio-por-asistir-a-la-nina-tucumana\/#primaryimage","url":"https:\/\/www.pressenza.com\/wp-content\/uploads\/2019\/03\/doctores-tucuma\u0301n-2-Nacho-Yuchark.jpg","contentUrl":"https:\/\/www.pressenza.com\/wp-content\/uploads\/2019\/03\/doctores-tucuma\u0301n-2-Nacho-Yuchark.jpg","width":2048,"height":1365,"caption":"Foto de Nacho Yuchark\/La vaca"},{"@type":"BreadcrumbList","@id":"https:\/\/www.pressenza.com\/es\/2019\/03\/cecilia-ousset-acusada-de-homicidio-por-asistir-a-la-nina-tucumana\/#breadcrumb","itemListElement":[{"@type":"ListItem","position":1,"name":"Accueil","item":"https:\/\/www.pressenza.com\/es\/"},{"@type":"ListItem","position":2,"name":"Cecilia Ousset, acusada de homicidio por asistir a la ni\u00f1a tucumana"}]},{"@type":"WebSite","@id":"https:\/\/www.pressenza.com\/es\/#website","url":"https:\/\/www.pressenza.com\/es\/","name":"Pressenza","description":"International Press Agency","publisher":{"@id":"https:\/\/www.pressenza.com\/es\/#organization"},"potentialAction":[{"@type":"SearchAction","target":{"@type":"EntryPoint","urlTemplate":"https:\/\/www.pressenza.com\/es\/?s={search_term_string}"},"query-input":{"@type":"PropertyValueSpecification","valueRequired":true,"valueName":"search_term_string"}}],"inLanguage":"es"},{"@type":"Organization","@id":"https:\/\/www.pressenza.com\/es\/#organization","name":"Pressenza","url":"https:\/\/www.pressenza.com\/es\/","logo":{"@type":"ImageObject","inLanguage":"es","@id":"https:\/\/www.pressenza.com\/es\/#\/schema\/logo\/image\/","url":"https:\/\/www.pressenza.com\/wp-content\/uploads\/2022\/10\/pressenza_logo_200x200.jpg","contentUrl":"https:\/\/www.pressenza.com\/wp-content\/uploads\/2022\/10\/pressenza_logo_200x200.jpg","width":200,"height":200,"caption":"Pressenza"},"image":{"@id":"https:\/\/www.pressenza.com\/es\/#\/schema\/logo\/image\/"},"sameAs":["https:\/\/www.facebook.com\/PressenzaItalia","https:\/\/x.com\/PressenzaIPA"]},{"@type":"Person","@id":"https:\/\/www.pressenza.com\/es\/#\/schema\/person\/98a38263ecdcc396a0f9c0adad4a5ce8","name":"La Retaguardia","description":"La Retaguardia es un colectivo de Periodismo Social con base en Argentina. Somos una radio online, un portal de noticias y tambi\u00e9n una revista de publicaci\u00f3n mensual en papel. Participamos del movimiento de medios comunitarios, alternativos y populares, integrando la Red Nacional de Medios Alternativos. Queremos cambiar el mundo y nuestra herramienta es la comunicaci\u00f3n popular. www.laretaguardia.com.ar","sameAs":["http:\/\/www.laretaguardia.com.ar\/"],"url":"https:\/\/www.pressenza.com\/es\/author\/la-retaguardia\/"}]}},"place":"Ciudad de Buenos Aires, Argentina","original_article_url":"http:\/\/www.laretaguardia.com.ar\/2019\/03\/la-nina-tucumana-la-que-le-negaron-el.html?fbclid=IwAR15T84kDSaVhzAwV9pFn5eu63n1UtKaWeJl2-Owe19mEg0PdWdMBiYSYYc","_links":{"self":[{"href":"https:\/\/www.pressenza.com\/es\/wp-json\/wp\/v2\/posts\/824939","targetHints":{"allow":["GET"]}}],"collection":[{"href":"https:\/\/www.pressenza.com\/es\/wp-json\/wp\/v2\/posts"}],"about":[{"href":"https:\/\/www.pressenza.com\/es\/wp-json\/wp\/v2\/types\/post"}],"author":[{"embeddable":true,"href":"https:\/\/www.pressenza.com\/es\/wp-json\/wp\/v2\/users\/1497"}],"replies":[{"embeddable":true,"href":"https:\/\/www.pressenza.com\/es\/wp-json\/wp\/v2\/comments?post=824939"}],"version-history":[{"count":0,"href":"https:\/\/www.pressenza.com\/es\/wp-json\/wp\/v2\/posts\/824939\/revisions"}],"wp:featuredmedia":[{"embeddable":true,"href":"https:\/\/www.pressenza.com\/es\/wp-json\/wp\/v2\/media\/814537"}],"wp:attachment":[{"href":"https:\/\/www.pressenza.com\/es\/wp-json\/wp\/v2\/media?parent=824939"}],"wp:term":[{"taxonomy":"category","embeddable":true,"href":"https:\/\/www.pressenza.com\/es\/wp-json\/wp\/v2\/categories?post=824939"},{"taxonomy":"post_tag","embeddable":true,"href":"https:\/\/www.pressenza.com\/es\/wp-json\/wp\/v2\/tags?post=824939"}],"curies":[{"name":"wp","href":"https:\/\/api.w.org\/{rel}","templated":true}]}}